{"id":3214,"date":"2023-09-12T21:18:00","date_gmt":"2023-09-13T00:18:00","guid":{"rendered":"https:\/\/apuntesdesanluis.com\/?p=3214"},"modified":"2023-09-12T21:21:14","modified_gmt":"2023-09-13T00:21:14","slug":"un-menor-de-17-apunalo-a-otro-de-15-en-san-luis-tras-discutir-en-la-via-publica","status":"publish","type":"post","link":"https:\/\/apuntesdesanluis.com\/index.php\/2023\/09\/12\/un-menor-de-17-apunalo-a-otro-de-15-en-san-luis-tras-discutir-en-la-via-publica\/","title":{"rendered":"UN MENOR DE 17 APU\u00d1AL\u00d3 A OTRO DE 15 EN SAN LUIS, TRAS DISCUTIR EN LA VIA P\u00daBLICA"},"content":{"rendered":"<h3 class=\"yiv7409174924ydp6329976emsonormal\" style=\"text-align: justify; background: white;\"><span style=\"font-family: 'Arial','sans-serif'; color: #1d2228;\">El hecho de sangre tuvo lugar en avenida Lafinur, casi en la intersecci\u00f3n con Avenida Ill\u00eda, cuando pasadas las 8 de la ma\u00f1ana se gener\u00f3 una discusi\u00f3n que termin\u00f3 con un adolescente apu\u00f1alado que debi\u00f3 ser hospitalizado, pero que se encontrar\u00eda fuera de peligro.<\/span><\/h3>\n<h3 class=\"yiv7409174924ydp6329976emsonormal\" style=\"text-align: justify; background: white;\"><span style=\"font-family: 'Arial','sans-serif'; color: #1d2228;\">El chico que result\u00f3 herido tiene 15 a\u00f1os y concurre a la Escuela T\u00e9cnica N\u00ba 8 \u201cMauricio Daract\u201d; mientras que el agresor, de 17, es alumno del Instituto San Pablo, ubicada cerca del lugar en donde ocurri\u00f3 la agresi\u00f3n. <\/span><\/h3>\n<h3 class=\"yiv7409174924ydp6329976emsonormal\" style=\"text-align: justify; background: white;\"><span style=\"font-family: 'Arial','sans-serif'; color: #1d2228;\">Alertada la polic\u00eda por un comerciante que observ\u00f3 los hechos, los agentes del DRIM que llegaron asistieron al menor de 15 a\u00f1os que habr\u00eda recibido un puntazo en la zona del t\u00f3rax y le brindaron los primeros auxilios, al tiempo que solicitaron la asistencia de una ambulancia.<\/span><\/h3>\n<h3 class=\"yiv7409174924ydp6329976emsonormal\" style=\"text-align: justify; background: white;\"><span style=\"font-family: 'Arial','sans-serif'; color: #1d2228;\">A los pocos minutos lleg\u00f3 una unidad con personal del Sempro, que asisti\u00f3 a la v\u00edctima y la traslad\u00f3 al hospital. La misma estar\u00eda fuera de peligro, seg\u00fan inform\u00f3 la Polic\u00eda.<\/span><\/h3>\n<p><img fetchpriority=\"high\" decoding=\"async\" class=\"wp-image-3216 aligncenter\" src=\"https:\/\/apuntesdesanluis.com\/wp-content\/uploads\/2023\/09\/AMBULANCIA-300x144.png\" alt=\"\" width=\"848\" height=\"407\" srcset=\"https:\/\/apuntesdesanluis.com\/wp-content\/uploads\/2023\/09\/AMBULANCIA-300x144.png 300w, https:\/\/apuntesdesanluis.com\/wp-content\/uploads\/2023\/09\/AMBULANCIA.png 679w\" sizes=\"(max-width: 848px) 100vw, 848px\" \/><\/p>\n<h3 class=\"yiv7409174924ydp6329976emsonormal\" style=\"text-align: justify; background: white;\"><span style=\"font-family: 'Arial','sans-serif'; color: #1d2228;\">Un testigo dio cuenta que el herido estaba consciente y antes de ser trasladado al nosocomio inform\u00f3 a los oficiales la identidad del agresor, con quien al parecer discuti\u00f3 por \u201cproblemas de vieja data\u201d.<\/span><\/h3>\n<h3 class=\"yiv7409174924ydp6329976emsonormal\" style=\"text-align: justify; background: white;\"><span style=\"font-family: 'Arial','sans-serif'; color: #1d2228;\">En el lugar la polic\u00eda encontr\u00f3 tambi\u00e9n dos prendas manchadas con sangre y durante algunos minutos debi\u00f3 interrumpirse la circulaci\u00f3n, por la gran cantidad de curiosos que se acercaron al lugar.<\/span><\/h3>\n<h3 class=\"yiv7409174924ydp6329976emsonormal\" style=\"text-align: justify; background: white;\"><span style=\"font-family: 'Arial','sans-serif'; color: #1d2228;\">Por lo que la polic\u00eda pudo reconstruir, el arma con la que caus\u00f3 las heridas fue descartada antes de ingresar al colegio. El agresor se hizo presente en la instituci\u00f3n y se integr\u00f3 a la formaci\u00f3n cerca de las 8:30, como si nada hubiera sucedido.<\/span><\/h3>\n<h3 class=\"yiv7409174924ydp6329976emsonormal\" style=\"text-align: justify; background: white;\"><span style=\"font-family: 'Arial','sans-serif'; color: #1d2228;\">Minutos m\u00e1s tarde los oficiales de la Comisaria del Menor concurrieron a la instituci\u00f3n para notificar a los directivos y solicitaron se citara a los padres del menor, quien se encontraba en el aula.<\/span><\/h3>\n<h3 class=\"yiv7409174924ydp6329976emsonormal\" style=\"text-align: justify; background: white;\"><span style=\"font-family: 'Arial','sans-serif'; color: #1d2228;\">El adolescente acusado, en compa\u00f1\u00eda de su tutor, fue retirado del establecimiento por oficiales de la Comisaria del Menor y fue demorado.<\/span><\/h3>\n<h3 class=\"yiv7409174924ydp6329976emsonormal\" style=\"text-align: justify; background: white;\"><span style=\"font-family: 'Arial','sans-serif'; color: #1d2228;\">Pudo saberse que la Comisar\u00eda de Atenci\u00f3n a la Ni\u00f1ez, Adolescencia y Familia (CANAF) trabaja en el caso, en tanto que se encuentra a cargo de la investigaci\u00f3n el fiscal de Instrucci\u00f3n N\u00b0 2, Ricardo Barbeito.<\/span><\/h3>\n","protected":false},"excerpt":{"rendered":"<p>El hecho de sangre tuvo lugar en avenida Lafinur, casi en la intersecci\u00f3n con Avenida&#8230;<\/p>\n","protected":false},"author":1,"featured_media":3215,"comment_status":"closed","ping_status":"closed","sticky":false,"template":"","format":"standard","meta":{"footnotes":""},"categories":[6],"tags":[],"class_list":["post-3214","post","type-post","status-publish","format-standard","has-post-thumbnail","hentry","category-ciudad-provincia"],"yoast_head":"<!-- This site is optimized with the Yoast SEO plugin v26.1.1 - https:\/\/yoast.com\/wordpress\/plugins\/seo\/ -->\n<title>UN MENOR DE 17 APU\u00d1AL\u00d3 A OTRO DE 15 EN SAN LUIS, TRAS DISCUTIR EN LA VIA P\u00daBLICA - Apuntes de San Luis<\/title>\n<meta name=\"robots\" content=\"index, follow, max-snippet:-1, max-image-preview:large, max-video-preview:-1\" \/>\n<link rel=\"canonical\" href=\"https:\/\/apuntesdesanluis.com\/index.php\/2023\/09\/12\/un-menor-de-17-apunalo-a-otro-de-15-en-san-luis-tras-discutir-en-la-via-publica\/\" \/>\n<meta property=\"og:locale\" content=\"es_ES\" \/>\n<meta property=\"og:type\" content=\"article\" \/>\n<meta property=\"og:title\" content=\"UN MENOR DE 17 APU\u00d1AL\u00d3 A OTRO DE 15 EN SAN LUIS, TRAS DISCUTIR EN LA VIA P\u00daBLICA - Apuntes de San Luis\" \/>\n<meta property=\"og:description\" content=\"El hecho de sangre tuvo lugar en avenida Lafinur, casi en la intersecci\u00f3n con Avenida...\" \/>\n<meta property=\"og:url\" content=\"https:\/\/apuntesdesanluis.com\/index.php\/2023\/09\/12\/un-menor-de-17-apunalo-a-otro-de-15-en-san-luis-tras-discutir-en-la-via-publica\/\" \/>\n<meta property=\"og:site_name\" content=\"Apuntes de San Luis\" \/>\n<meta property=\"article:published_time\" content=\"2023-09-13T00:18:00+00:00\" \/>\n<meta property=\"article:modified_time\" content=\"2023-09-13T00:21:14+00:00\" \/>\n<meta property=\"og:image\" content=\"https:\/\/apuntesdesanluis.com\/wp-content\/uploads\/2023\/09\/prendas.png\" \/>\n\t<meta property=\"og:image:width\" content=\"647\" \/>\n\t<meta property=\"og:image:height\" content=\"424\" \/>\n\t<meta property=\"og:image:type\" content=\"image\/png\" \/>\n<meta name=\"author\" content=\"apuntesdesanluis.com\" \/>\n<meta name=\"twitter:card\" content=\"summary_large_image\" \/>\n<meta name=\"twitter:label1\" content=\"Escrito por\" \/>\n\t<meta name=\"twitter:data1\" content=\"apuntesdesanluis.com\" \/>\n\t<meta name=\"twitter:label2\" content=\"Tiempo de lectura\" \/>\n\t<meta name=\"twitter:data2\" content=\"2 minutos\" \/>\n<script type=\"application\/ld+json\" class=\"yoast-schema-graph\">{\"@context\":\"https:\/\/schema.org\",\"@graph\":[{\"@type\":\"Article\",\"@id\":\"https:\/\/apuntesdesanluis.com\/index.php\/2023\/09\/12\/un-menor-de-17-apunalo-a-otro-de-15-en-san-luis-tras-discutir-en-la-via-publica\/#article\",\"isPartOf\":{\"@id\":\"https:\/\/apuntesdesanluis.com\/index.php\/2023\/09\/12\/un-menor-de-17-apunalo-a-otro-de-15-en-san-luis-tras-discutir-en-la-via-publica\/\"},\"author\":{\"name\":\"apuntesdesanluis.com\",\"@id\":\"https:\/\/apuntesdesanluis.com\/#\/schema\/person\/b55151d52296fcce64d1a72538a70b90\"},\"headline\":\"UN MENOR DE 17 APU\u00d1AL\u00d3 A OTRO DE 15 EN SAN LUIS, TRAS DISCUTIR EN LA VIA P\u00daBLICA\",\"datePublished\":\"2023-09-13T00:18:00+00:00\",\"dateModified\":\"2023-09-13T00:21:14+00:00\",\"mainEntityOfPage\":{\"@id\":\"https:\/\/apuntesdesanluis.com\/index.php\/2023\/09\/12\/un-menor-de-17-apunalo-a-otro-de-15-en-san-luis-tras-discutir-en-la-via-publica\/\"},\"wordCount\":405,\"publisher\":{\"@id\":\"https:\/\/apuntesdesanluis.com\/#\/schema\/person\/b55151d52296fcce64d1a72538a70b90\"},\"image\":{\"@id\":\"https:\/\/apuntesdesanluis.com\/index.php\/2023\/09\/12\/un-menor-de-17-apunalo-a-otro-de-15-en-san-luis-tras-discutir-en-la-via-publica\/#primaryimage\"},\"thumbnailUrl\":\"https:\/\/apuntesdesanluis.com\/wp-content\/uploads\/2023\/09\/prendas.png\",\"articleSection\":[\"Ciudad\/Provincia\"],\"inLanguage\":\"es-AR\"},{\"@type\":\"WebPage\",\"@id\":\"https:\/\/apuntesdesanluis.com\/index.php\/2023\/09\/12\/un-menor-de-17-apunalo-a-otro-de-15-en-san-luis-tras-discutir-en-la-via-publica\/\",\"url\":\"https:\/\/apuntesdesanluis.com\/index.php\/2023\/09\/12\/un-menor-de-17-apunalo-a-otro-de-15-en-san-luis-tras-discutir-en-la-via-publica\/\",\"name\":\"UN MENOR DE 17 APU\u00d1AL\u00d3 A OTRO DE 15 EN SAN LUIS, TRAS DISCUTIR EN LA VIA P\u00daBLICA - Apuntes de San Luis\",\"isPartOf\":{\"@id\":\"https:\/\/apuntesdesanluis.com\/#website\"},\"primaryImageOfPage\":{\"@id\":\"https:\/\/apuntesdesanluis.com\/index.php\/2023\/09\/12\/un-menor-de-17-apunalo-a-otro-de-15-en-san-luis-tras-discutir-en-la-via-publica\/#primaryimage\"},\"image\":{\"@id\":\"https:\/\/apuntesdesanluis.com\/index.php\/2023\/09\/12\/un-menor-de-17-apunalo-a-otro-de-15-en-san-luis-tras-discutir-en-la-via-publica\/#primaryimage\"},\"thumbnailUrl\":\"https:\/\/apuntesdesanluis.com\/wp-content\/uploads\/2023\/09\/prendas.png\",\"datePublished\":\"2023-09-13T00:18:00+00:00\",\"dateModified\":\"2023-09-13T00:21:14+00:00\",\"breadcrumb\":{\"@id\":\"https:\/\/apuntesdesanluis.com\/index.php\/2023\/09\/12\/un-menor-de-17-apunalo-a-otro-de-15-en-san-luis-tras-discutir-en-la-via-publica\/#breadcrumb\"},\"inLanguage\":\"es-AR\",\"potentialAction\":[{\"@type\":\"ReadAction\",\"target\":[\"https:\/\/apuntesdesanluis.com\/index.php\/2023\/09\/12\/un-menor-de-17-apunalo-a-otro-de-15-en-san-luis-tras-discutir-en-la-via-publica\/\"]}]},{\"@type\":\"ImageObject\",\"inLanguage\":\"es-AR\",\"@id\":\"https:\/\/apuntesdesanluis.com\/index.php\/2023\/09\/12\/un-menor-de-17-apunalo-a-otro-de-15-en-san-luis-tras-discutir-en-la-via-publica\/#primaryimage\",\"url\":\"https:\/\/apuntesdesanluis.com\/wp-content\/uploads\/2023\/09\/prendas.png\",\"contentUrl\":\"https:\/\/apuntesdesanluis.com\/wp-content\/uploads\/2023\/09\/prendas.png\",\"width\":647,\"height\":424},{\"@type\":\"BreadcrumbList\",\"@id\":\"https:\/\/apuntesdesanluis.com\/index.php\/2023\/09\/12\/un-menor-de-17-apunalo-a-otro-de-15-en-san-luis-tras-discutir-en-la-via-publica\/#breadcrumb\",\"itemListElement\":[{\"@type\":\"ListItem\",\"position\":1,\"name\":\"Inicio\",\"item\":\"https:\/\/apuntesdesanluis.com\/\"},{\"@type\":\"ListItem\",\"position\":2,\"name\":\"UN MENOR DE 17 APU\u00d1AL\u00d3 A OTRO DE 15 EN SAN LUIS, TRAS DISCUTIR EN LA VIA P\u00daBLICA\"}]},{\"@type\":\"WebSite\",\"@id\":\"https:\/\/apuntesdesanluis.com\/#website\",\"url\":\"https:\/\/apuntesdesanluis.com\/\",\"name\":\"Apuntes de San Luis\",\"description\":\"\",\"publisher\":{\"@id\":\"https:\/\/apuntesdesanluis.com\/#\/schema\/person\/b55151d52296fcce64d1a72538a70b90\"},\"potentialAction\":[{\"@type\":\"SearchAction\",\"target\":{\"@type\":\"EntryPoint\",\"urlTemplate\":\"https:\/\/apuntesdesanluis.com\/?s={search_term_string}\"},\"query-input\":{\"@type\":\"PropertyValueSpecification\",\"valueRequired\":true,\"valueName\":\"search_term_string\"}}],\"inLanguage\":\"es-AR\"},{\"@type\":[\"Person\",\"Organization\"],\"@id\":\"https:\/\/apuntesdesanluis.com\/#\/schema\/person\/b55151d52296fcce64d1a72538a70b90\",\"name\":\"apuntesdesanluis.com\",\"image\":{\"@type\":\"ImageObject\",\"inLanguage\":\"es-AR\",\"@id\":\"https:\/\/apuntesdesanluis.com\/#\/schema\/person\/image\/\",\"url\":\"https:\/\/apuntesdesanluis.com\/wp-content\/uploads\/2023\/07\/cropped-apuntesdesanluis.png\",\"contentUrl\":\"https:\/\/apuntesdesanluis.com\/wp-content\/uploads\/2023\/07\/cropped-apuntesdesanluis.png\",\"width\":450,\"height\":112,\"caption\":\"apuntesdesanluis.com\"},\"logo\":{\"@id\":\"https:\/\/apuntesdesanluis.com\/#\/schema\/person\/image\/\"},\"sameAs\":[\"https:\/\/apuntesdesanluis.com\"],\"url\":\"https:\/\/apuntesdesanluis.com\/index.php\/author\/apuntesdesanluis-com\/\"}]}<\/script>\n<!-- \/ Yoast SEO plugin. -->","yoast_head_json":{"title":"UN MENOR DE 17 APU\u00d1AL\u00d3 A OTRO DE 15 EN SAN LUIS, TRAS DISCUTIR EN LA VIA P\u00daBLICA - Apuntes de San Luis","robots":{"index":"index","follow":"follow","max-snippet":"max-snippet:-1","max-image-preview":"max-image-preview:large","max-video-preview":"max-video-preview:-1"},"canonical":"https:\/\/apuntesdesanluis.com\/index.php\/2023\/09\/12\/un-menor-de-17-apunalo-a-otro-de-15-en-san-luis-tras-discutir-en-la-via-publica\/","og_locale":"es_ES","og_type":"article","og_title":"UN MENOR DE 17 APU\u00d1AL\u00d3 A OTRO DE 15 EN SAN LUIS, TRAS DISCUTIR EN LA VIA P\u00daBLICA - Apuntes de San Luis","og_description":"El hecho de sangre tuvo lugar en avenida Lafinur, casi en la intersecci\u00f3n con Avenida...","og_url":"https:\/\/apuntesdesanluis.com\/index.php\/2023\/09\/12\/un-menor-de-17-apunalo-a-otro-de-15-en-san-luis-tras-discutir-en-la-via-publica\/","og_site_name":"Apuntes de San Luis","article_published_time":"2023-09-13T00:18:00+00:00","article_modified_time":"2023-09-13T00:21:14+00:00","og_image":[{"width":647,"height":424,"url":"https:\/\/apuntesdesanluis.com\/wp-content\/uploads\/2023\/09\/prendas.png","type":"image\/png"}],"author":"apuntesdesanluis.com","twitter_card":"summary_large_image","twitter_misc":{"Escrito por":"apuntesdesanluis.com","Tiempo de lectura":"2 minutos"},"schema":{"@context":"https:\/\/schema.org","@graph":[{"@type":"Article","@id":"https:\/\/apuntesdesanluis.com\/index.php\/2023\/09\/12\/un-menor-de-17-apunalo-a-otro-de-15-en-san-luis-tras-discutir-en-la-via-publica\/#article","isPartOf":{"@id":"https:\/\/apuntesdesanluis.com\/index.php\/2023\/09\/12\/un-menor-de-17-apunalo-a-otro-de-15-en-san-luis-tras-discutir-en-la-via-publica\/"},"author":{"name":"apuntesdesanluis.com","@id":"https:\/\/apuntesdesanluis.com\/#\/schema\/person\/b55151d52296fcce64d1a72538a70b90"},"headline":"UN MENOR DE 17 APU\u00d1AL\u00d3 A OTRO DE 15 EN SAN LUIS, TRAS DISCUTIR EN LA VIA P\u00daBLICA","datePublished":"2023-09-13T00:18:00+00:00","dateModified":"2023-09-13T00:21:14+00:00","mainEntityOfPage":{"@id":"https:\/\/apuntesdesanluis.com\/index.php\/2023\/09\/12\/un-menor-de-17-apunalo-a-otro-de-15-en-san-luis-tras-discutir-en-la-via-publica\/"},"wordCount":405,"publisher":{"@id":"https:\/\/apuntesdesanluis.com\/#\/schema\/person\/b55151d52296fcce64d1a72538a70b90"},"image":{"@id":"https:\/\/apuntesdesanluis.com\/index.php\/2023\/09\/12\/un-menor-de-17-apunalo-a-otro-de-15-en-san-luis-tras-discutir-en-la-via-publica\/#primaryimage"},"thumbnailUrl":"https:\/\/apuntesdesanluis.com\/wp-content\/uploads\/2023\/09\/prendas.png","articleSection":["Ciudad\/Provincia"],"inLanguage":"es-AR"},{"@type":"WebPage","@id":"https:\/\/apuntesdesanluis.com\/index.php\/2023\/09\/12\/un-menor-de-17-apunalo-a-otro-de-15-en-san-luis-tras-discutir-en-la-via-publica\/","url":"https:\/\/apuntesdesanluis.com\/index.php\/2023\/09\/12\/un-menor-de-17-apunalo-a-otro-de-15-en-san-luis-tras-discutir-en-la-via-publica\/","name":"UN MENOR DE 17 APU\u00d1AL\u00d3 A OTRO DE 15 EN SAN LUIS, TRAS DISCUTIR EN LA VIA P\u00daBLICA - Apuntes de San Luis","isPartOf":{"@id":"https:\/\/apuntesdesanluis.com\/#website"},"primaryImageOfPage":{"@id":"https:\/\/apuntesdesanluis.com\/index.php\/2023\/09\/12\/un-menor-de-17-apunalo-a-otro-de-15-en-san-luis-tras-discutir-en-la-via-publica\/#primaryimage"},"image":{"@id":"https:\/\/apuntesdesanluis.com\/index.php\/2023\/09\/12\/un-menor-de-17-apunalo-a-otro-de-15-en-san-luis-tras-discutir-en-la-via-publica\/#primaryimage"},"thumbnailUrl":"https:\/\/apuntesdesanluis.com\/wp-content\/uploads\/2023\/09\/prendas.png","datePublished":"2023-09-13T00:18:00+00:00","dateModified":"2023-09-13T00:21:14+00:00","breadcrumb":{"@id":"https:\/\/apuntesdesanluis.com\/index.php\/2023\/09\/12\/un-menor-de-17-apunalo-a-otro-de-15-en-san-luis-tras-discutir-en-la-via-publica\/#breadcrumb"},"inLanguage":"es-AR","potentialAction":[{"@type":"ReadAction","target":["https:\/\/apuntesdesanluis.com\/index.php\/2023\/09\/12\/un-menor-de-17-apunalo-a-otro-de-15-en-san-luis-tras-discutir-en-la-via-publica\/"]}]},{"@type":"ImageObject","inLanguage":"es-AR","@id":"https:\/\/apuntesdesanluis.com\/index.php\/2023\/09\/12\/un-menor-de-17-apunalo-a-otro-de-15-en-san-luis-tras-discutir-en-la-via-publica\/#primaryimage","url":"https:\/\/apuntesdesanluis.com\/wp-content\/uploads\/2023\/09\/prendas.png","contentUrl":"https:\/\/apuntesdesanluis.com\/wp-content\/uploads\/2023\/09\/prendas.png","width":647,"height":424},{"@type":"BreadcrumbList","@id":"https:\/\/apuntesdesanluis.com\/index.php\/2023\/09\/12\/un-menor-de-17-apunalo-a-otro-de-15-en-san-luis-tras-discutir-en-la-via-publica\/#breadcrumb","itemListElement":[{"@type":"ListItem","position":1,"name":"Inicio","item":"https:\/\/apuntesdesanluis.com\/"},{"@type":"ListItem","position":2,"name":"UN MENOR DE 17 APU\u00d1AL\u00d3 A OTRO DE 15 EN SAN LUIS, TRAS DISCUTIR EN LA VIA P\u00daBLICA"}]},{"@type":"WebSite","@id":"https:\/\/apuntesdesanluis.com\/#website","url":"https:\/\/apuntesdesanluis.com\/","name":"Apuntes de San Luis","description":"","publisher":{"@id":"https:\/\/apuntesdesanluis.com\/#\/schema\/person\/b55151d52296fcce64d1a72538a70b90"},"potentialAction":[{"@type":"SearchAction","target":{"@type":"EntryPoint","urlTemplate":"https:\/\/apuntesdesanluis.com\/?s={search_term_string}"},"query-input":{"@type":"PropertyValueSpecification","valueRequired":true,"valueName":"search_term_string"}}],"inLanguage":"es-AR"},{"@type":["Person","Organization"],"@id":"https:\/\/apuntesdesanluis.com\/#\/schema\/person\/b55151d52296fcce64d1a72538a70b90","name":"apuntesdesanluis.com","image":{"@type":"ImageObject","inLanguage":"es-AR","@id":"https:\/\/apuntesdesanluis.com\/#\/schema\/person\/image\/","url":"https:\/\/apuntesdesanluis.com\/wp-content\/uploads\/2023\/07\/cropped-apuntesdesanluis.png","contentUrl":"https:\/\/apuntesdesanluis.com\/wp-content\/uploads\/2023\/07\/cropped-apuntesdesanluis.png","width":450,"height":112,"caption":"apuntesdesanluis.com"},"logo":{"@id":"https:\/\/apuntesdesanluis.com\/#\/schema\/person\/image\/"},"sameAs":["https:\/\/apuntesdesanluis.com"],"url":"https:\/\/apuntesdesanluis.com\/index.php\/author\/apuntesdesanluis-com\/"}]}},"featured_image_urls":{"full":["https:\/\/apuntesdesanluis.com\/wp-content\/uploads\/2023\/09\/prendas.png",647,424,false],"thumbnail":["https:\/\/apuntesdesanluis.com\/wp-content\/uploads\/2023\/09\/prendas-150x150.png",150,150,true],"medium":["https:\/\/apuntesdesanluis.com\/wp-content\/uploads\/2023\/09\/prendas-300x197.png",300,197,true],"medium_large":["https:\/\/apuntesdesanluis.com\/wp-content\/uploads\/2023\/09\/prendas.png",640,419,false],"large":["https:\/\/apuntesdesanluis.com\/wp-content\/uploads\/2023\/09\/prendas.png",640,419,false],"1536x1536":["https:\/\/apuntesdesanluis.com\/wp-content\/uploads\/2023\/09\/prendas.png",647,424,false],"2048x2048":["https:\/\/apuntesdesanluis.com\/wp-content\/uploads\/2023\/09\/prendas.png",647,424,false],"newsever-slider-full":["https:\/\/apuntesdesanluis.com\/wp-content\/uploads\/2023\/09\/prendas.png",647,424,false],"newsever-featured":["https:\/\/apuntesdesanluis.com\/wp-content\/uploads\/2023\/09\/prendas.png",647,424,false],"newsever-medium":["https:\/\/apuntesdesanluis.com\/wp-content\/uploads\/2023\/09\/prendas.png",647,424,false]},"author_info":{"display_name":"apuntesdesanluis.com","author_link":"https:\/\/apuntesdesanluis.com\/index.php\/author\/apuntesdesanluis-com\/"},"category_info":"<a href=\"https:\/\/apuntesdesanluis.com\/index.php\/category\/ciudad-provincia\/\" rel=\"category tag\">Ciudad\/Provincia<\/a>","tag_info":"Ciudad\/Provincia","comment_count":"0","_links":{"self":[{"href":"https:\/\/apuntesdesanluis.com\/index.php\/wp-json\/wp\/v2\/posts\/3214","targetHints":{"allow":["GET"]}}],"collection":[{"href":"https:\/\/apuntesdesanluis.com\/index.php\/wp-json\/wp\/v2\/posts"}],"about":[{"href":"https:\/\/apuntesdesanluis.com\/index.php\/wp-json\/wp\/v2\/types\/post"}],"author":[{"embeddable":true,"href":"https:\/\/apuntesdesanluis.com\/index.php\/wp-json\/wp\/v2\/users\/1"}],"replies":[{"embeddable":true,"href":"https:\/\/apuntesdesanluis.com\/index.php\/wp-json\/wp\/v2\/comments?post=3214"}],"version-history":[{"count":3,"href":"https:\/\/apuntesdesanluis.com\/index.php\/wp-json\/wp\/v2\/posts\/3214\/revisions"}],"predecessor-version":[{"id":3219,"href":"https:\/\/apuntesdesanluis.com\/index.php\/wp-json\/wp\/v2\/posts\/3214\/revisions\/3219"}],"wp:featuredmedia":[{"embeddable":true,"href":"https:\/\/apuntesdesanluis.com\/index.php\/wp-json\/wp\/v2\/media\/3215"}],"wp:attachment":[{"href":"https:\/\/apuntesdesanluis.com\/index.php\/wp-json\/wp\/v2\/media?parent=3214"}],"wp:term":[{"taxonomy":"category","embeddable":true,"href":"https:\/\/apuntesdesanluis.com\/index.php\/wp-json\/wp\/v2\/categories?post=3214"},{"taxonomy":"post_tag","embeddable":true,"href":"https:\/\/apuntesdesanluis.com\/index.php\/wp-json\/wp\/v2\/tags?post=3214"}],"curies":[{"name":"wp","href":"https:\/\/api.w.org\/{rel}","templated":true}]}}