{"id":3221,"date":"2023-09-12T21:37:24","date_gmt":"2023-09-13T00:37:24","guid":{"rendered":"https:\/\/apuntesdesanluis.com\/?p=3221"},"modified":"2023-09-13T12:04:23","modified_gmt":"2023-09-13T15:04:23","slug":"el-operativo-la-muni-en-tu-barrio-se-instalara-este-miercoles-en-altos-del-oste","status":"publish","type":"post","link":"https:\/\/apuntesdesanluis.com\/index.php\/2023\/09\/12\/el-operativo-la-muni-en-tu-barrio-se-instalara-este-miercoles-en-altos-del-oste\/","title":{"rendered":"EL OPERATIVO LA MUNI EN TU BARRIO SE INSTALAR\u00c1 ESTE MIERCOLES EN ALTOS DEL OESTE"},"content":{"rendered":"<h3>Retomando la hoja de ruta de este operativo municipal que ya recorri\u00f3 gran parte de los barrios de Villa Mercedes, este mi\u00e9rcoles la municipalidad acercar\u00e1 distintos servicios a los vecinos de la zona oeste de la ciudad.<\/h3>\n<h3>El personal de distintas dependencias se trasladar\u00e1 hasta el barrio Altos del Oeste, haciendo base en la Plaza 25 de Mayo (3 de febrero y Juan Sa\u00e1), a partir de las 11:00 hs.<\/h3>\n<h3>Se inform\u00f3 que en la oportunidad est\u00e1n previstos distintos operativos en simult\u00e1neo para el mantenimiento de servicios, como limpieza, reparaci\u00f3n de luminarias y tambi\u00e9n juegos infantiles.<\/h3>\n<h3>Tambi\u00e9n se receptar\u00e1n reclamos vecinales y se brindar\u00e1 asesoramiento en diferentes temas.<\/h3>\n<h3>Por otro lado, se brindar\u00e1 el servicio de vacunaci\u00f3n antirr\u00e1bica y atenci\u00f3n veterinaria primaria gratuita para las mascotas (el puesto estar\u00e1 de 11 a 13 hs).<\/h3>\n","protected":false},"excerpt":{"rendered":"<p>Retomando la hoja de ruta de este operativo municipal que ya recorri\u00f3 gran parte de&#8230;<\/p>\n","protected":false},"author":1,"featured_media":3222,"comment_status":"closed","ping_status":"closed","sticky":false,"template":"","format":"standard","meta":{"footnotes":""},"categories":[6],"tags":[],"class_list":["post-3221","post","type-post","status-publish","format-standard","has-post-thumbnail","hentry","category-ciudad-provincia"],"yoast_head":"<!-- This site is optimized with the Yoast SEO plugin v26.1.1 - https:\/\/yoast.com\/wordpress\/plugins\/seo\/ -->\n<title>EL OPERATIVO LA MUNI EN TU BARRIO SE INSTALAR\u00c1 ESTE MIERCOLES EN ALTOS DEL OESTE - Apuntes de San Luis<\/title>\n<meta name=\"robots\" content=\"index, follow, max-snippet:-1, max-image-preview:large, max-video-preview:-1\" \/>\n<link rel=\"canonical\" href=\"https:\/\/apuntesdesanluis.com\/index.php\/2023\/09\/12\/el-operativo-la-muni-en-tu-barrio-se-instalara-este-miercoles-en-altos-del-oste\/\" \/>\n<meta property=\"og:locale\" content=\"es_ES\" \/>\n<meta property=\"og:type\" content=\"article\" \/>\n<meta property=\"og:title\" content=\"EL OPERATIVO LA MUNI EN TU BARRIO SE INSTALAR\u00c1 ESTE MIERCOLES EN ALTOS DEL OESTE - Apuntes de San Luis\" \/>\n<meta property=\"og:description\" content=\"Retomando la hoja de ruta de este operativo municipal que ya recorri\u00f3 gran parte de...\" \/>\n<meta property=\"og:url\" content=\"https:\/\/apuntesdesanluis.com\/index.php\/2023\/09\/12\/el-operativo-la-muni-en-tu-barrio-se-instalara-este-miercoles-en-altos-del-oste\/\" \/>\n<meta property=\"og:site_name\" content=\"Apuntes de San Luis\" \/>\n<meta property=\"article:published_time\" content=\"2023-09-13T00:37:24+00:00\" \/>\n<meta property=\"article:modified_time\" content=\"2023-09-13T15:04:23+00:00\" \/>\n<meta property=\"og:image\" content=\"https:\/\/apuntesdesanluis.com\/wp-content\/uploads\/2023\/09\/la-muni.png\" \/>\n\t<meta property=\"og:image:width\" content=\"671\" \/>\n\t<meta property=\"og:image:height\" content=\"373\" \/>\n\t<meta property=\"og:image:type\" content=\"image\/png\" \/>\n<meta name=\"author\" content=\"apuntesdesanluis.com\" \/>\n<meta name=\"twitter:card\" content=\"summary_large_image\" \/>\n<meta name=\"twitter:label1\" content=\"Escrito por\" \/>\n\t<meta name=\"twitter:data1\" content=\"apuntesdesanluis.com\" \/>\n\t<meta name=\"twitter:label2\" content=\"Tiempo de lectura\" \/>\n\t<meta name=\"twitter:data2\" content=\"1 minuto\" \/>\n<script type=\"application\/ld+json\" class=\"yoast-schema-graph\">{\"@context\":\"https:\/\/schema.org\",\"@graph\":[{\"@type\":\"Article\",\"@id\":\"https:\/\/apuntesdesanluis.com\/index.php\/2023\/09\/12\/el-operativo-la-muni-en-tu-barrio-se-instalara-este-miercoles-en-altos-del-oste\/#article\",\"isPartOf\":{\"@id\":\"https:\/\/apuntesdesanluis.com\/index.php\/2023\/09\/12\/el-operativo-la-muni-en-tu-barrio-se-instalara-este-miercoles-en-altos-del-oste\/\"},\"author\":{\"name\":\"apuntesdesanluis.com\",\"@id\":\"https:\/\/apuntesdesanluis.com\/#\/schema\/person\/b55151d52296fcce64d1a72538a70b90\"},\"headline\":\"EL OPERATIVO LA MUNI EN TU BARRIO SE INSTALAR\u00c1 ESTE MIERCOLES EN ALTOS DEL OESTE\",\"datePublished\":\"2023-09-13T00:37:24+00:00\",\"dateModified\":\"2023-09-13T15:04:23+00:00\",\"mainEntityOfPage\":{\"@id\":\"https:\/\/apuntesdesanluis.com\/index.php\/2023\/09\/12\/el-operativo-la-muni-en-tu-barrio-se-instalara-este-miercoles-en-altos-del-oste\/\"},\"wordCount\":154,\"publisher\":{\"@id\":\"https:\/\/apuntesdesanluis.com\/#\/schema\/person\/b55151d52296fcce64d1a72538a70b90\"},\"image\":{\"@id\":\"https:\/\/apuntesdesanluis.com\/index.php\/2023\/09\/12\/el-operativo-la-muni-en-tu-barrio-se-instalara-este-miercoles-en-altos-del-oste\/#primaryimage\"},\"thumbnailUrl\":\"https:\/\/apuntesdesanluis.com\/wp-content\/uploads\/2023\/09\/la-muni.png\",\"articleSection\":[\"Ciudad\/Provincia\"],\"inLanguage\":\"es-AR\"},{\"@type\":\"WebPage\",\"@id\":\"https:\/\/apuntesdesanluis.com\/index.php\/2023\/09\/12\/el-operativo-la-muni-en-tu-barrio-se-instalara-este-miercoles-en-altos-del-oste\/\",\"url\":\"https:\/\/apuntesdesanluis.com\/index.php\/2023\/09\/12\/el-operativo-la-muni-en-tu-barrio-se-instalara-este-miercoles-en-altos-del-oste\/\",\"name\":\"EL OPERATIVO LA MUNI EN TU BARRIO SE INSTALAR\u00c1 ESTE MIERCOLES EN ALTOS DEL OESTE - Apuntes de San Luis\",\"isPartOf\":{\"@id\":\"https:\/\/apuntesdesanluis.com\/#website\"},\"primaryImageOfPage\":{\"@id\":\"https:\/\/apuntesdesanluis.com\/index.php\/2023\/09\/12\/el-operativo-la-muni-en-tu-barrio-se-instalara-este-miercoles-en-altos-del-oste\/#primaryimage\"},\"image\":{\"@id\":\"https:\/\/apuntesdesanluis.com\/index.php\/2023\/09\/12\/el-operativo-la-muni-en-tu-barrio-se-instalara-este-miercoles-en-altos-del-oste\/#primaryimage\"},\"thumbnailUrl\":\"https:\/\/apuntesdesanluis.com\/wp-content\/uploads\/2023\/09\/la-muni.png\",\"datePublished\":\"2023-09-13T00:37:24+00:00\",\"dateModified\":\"2023-09-13T15:04:23+00:00\",\"breadcrumb\":{\"@id\":\"https:\/\/apuntesdesanluis.com\/index.php\/2023\/09\/12\/el-operativo-la-muni-en-tu-barrio-se-instalara-este-miercoles-en-altos-del-oste\/#breadcrumb\"},\"inLanguage\":\"es-AR\",\"potentialAction\":[{\"@type\":\"ReadAction\",\"target\":[\"https:\/\/apuntesdesanluis.com\/index.php\/2023\/09\/12\/el-operativo-la-muni-en-tu-barrio-se-instalara-este-miercoles-en-altos-del-oste\/\"]}]},{\"@type\":\"ImageObject\",\"inLanguage\":\"es-AR\",\"@id\":\"https:\/\/apuntesdesanluis.com\/index.php\/2023\/09\/12\/el-operativo-la-muni-en-tu-barrio-se-instalara-este-miercoles-en-altos-del-oste\/#primaryimage\",\"url\":\"https:\/\/apuntesdesanluis.com\/wp-content\/uploads\/2023\/09\/la-muni.png\",\"contentUrl\":\"https:\/\/apuntesdesanluis.com\/wp-content\/uploads\/2023\/09\/la-muni.png\",\"width\":671,\"height\":373},{\"@type\":\"BreadcrumbList\",\"@id\":\"https:\/\/apuntesdesanluis.com\/index.php\/2023\/09\/12\/el-operativo-la-muni-en-tu-barrio-se-instalara-este-miercoles-en-altos-del-oste\/#breadcrumb\",\"itemListElement\":[{\"@type\":\"ListItem\",\"position\":1,\"name\":\"Inicio\",\"item\":\"https:\/\/apuntesdesanluis.com\/\"},{\"@type\":\"ListItem\",\"position\":2,\"name\":\"EL OPERATIVO LA MUNI EN TU BARRIO SE INSTALAR\u00c1 ESTE MIERCOLES EN ALTOS DEL OESTE\"}]},{\"@type\":\"WebSite\",\"@id\":\"https:\/\/apuntesdesanluis.com\/#website\",\"url\":\"https:\/\/apuntesdesanluis.com\/\",\"name\":\"Apuntes de San Luis\",\"description\":\"\",\"publisher\":{\"@id\":\"https:\/\/apuntesdesanluis.com\/#\/schema\/person\/b55151d52296fcce64d1a72538a70b90\"},\"potentialAction\":[{\"@type\":\"SearchAction\",\"target\":{\"@type\":\"EntryPoint\",\"urlTemplate\":\"https:\/\/apuntesdesanluis.com\/?s={search_term_string}\"},\"query-input\":{\"@type\":\"PropertyValueSpecification\",\"valueRequired\":true,\"valueName\":\"search_term_string\"}}],\"inLanguage\":\"es-AR\"},{\"@type\":[\"Person\",\"Organization\"],\"@id\":\"https:\/\/apuntesdesanluis.com\/#\/schema\/person\/b55151d52296fcce64d1a72538a70b90\",\"name\":\"apuntesdesanluis.com\",\"image\":{\"@type\":\"ImageObject\",\"inLanguage\":\"es-AR\",\"@id\":\"https:\/\/apuntesdesanluis.com\/#\/schema\/person\/image\/\",\"url\":\"https:\/\/apuntesdesanluis.com\/wp-content\/uploads\/2023\/07\/cropped-apuntesdesanluis.png\",\"contentUrl\":\"https:\/\/apuntesdesanluis.com\/wp-content\/uploads\/2023\/07\/cropped-apuntesdesanluis.png\",\"width\":450,\"height\":112,\"caption\":\"apuntesdesanluis.com\"},\"logo\":{\"@id\":\"https:\/\/apuntesdesanluis.com\/#\/schema\/person\/image\/\"},\"sameAs\":[\"https:\/\/apuntesdesanluis.com\"],\"url\":\"https:\/\/apuntesdesanluis.com\/index.php\/author\/apuntesdesanluis-com\/\"}]}<\/script>\n<!-- \/ Yoast SEO plugin. -->","yoast_head_json":{"title":"EL OPERATIVO LA MUNI EN TU BARRIO SE INSTALAR\u00c1 ESTE MIERCOLES EN ALTOS DEL OESTE - Apuntes de San Luis","robots":{"index":"index","follow":"follow","max-snippet":"max-snippet:-1","max-image-preview":"max-image-preview:large","max-video-preview":"max-video-preview:-1"},"canonical":"https:\/\/apuntesdesanluis.com\/index.php\/2023\/09\/12\/el-operativo-la-muni-en-tu-barrio-se-instalara-este-miercoles-en-altos-del-oste\/","og_locale":"es_ES","og_type":"article","og_title":"EL OPERATIVO LA MUNI EN TU BARRIO SE INSTALAR\u00c1 ESTE MIERCOLES EN ALTOS DEL OESTE - Apuntes de San Luis","og_description":"Retomando la hoja de ruta de este operativo municipal que ya recorri\u00f3 gran parte de...","og_url":"https:\/\/apuntesdesanluis.com\/index.php\/2023\/09\/12\/el-operativo-la-muni-en-tu-barrio-se-instalara-este-miercoles-en-altos-del-oste\/","og_site_name":"Apuntes de San Luis","article_published_time":"2023-09-13T00:37:24+00:00","article_modified_time":"2023-09-13T15:04:23+00:00","og_image":[{"width":671,"height":373,"url":"https:\/\/apuntesdesanluis.com\/wp-content\/uploads\/2023\/09\/la-muni.png","type":"image\/png"}],"author":"apuntesdesanluis.com","twitter_card":"summary_large_image","twitter_misc":{"Escrito por":"apuntesdesanluis.com","Tiempo de lectura":"1 minuto"},"schema":{"@context":"https:\/\/schema.org","@graph":[{"@type":"Article","@id":"https:\/\/apuntesdesanluis.com\/index.php\/2023\/09\/12\/el-operativo-la-muni-en-tu-barrio-se-instalara-este-miercoles-en-altos-del-oste\/#article","isPartOf":{"@id":"https:\/\/apuntesdesanluis.com\/index.php\/2023\/09\/12\/el-operativo-la-muni-en-tu-barrio-se-instalara-este-miercoles-en-altos-del-oste\/"},"author":{"name":"apuntesdesanluis.com","@id":"https:\/\/apuntesdesanluis.com\/#\/schema\/person\/b55151d52296fcce64d1a72538a70b90"},"headline":"EL OPERATIVO LA MUNI EN TU BARRIO SE INSTALAR\u00c1 ESTE MIERCOLES EN ALTOS DEL OESTE","datePublished":"2023-09-13T00:37:24+00:00","dateModified":"2023-09-13T15:04:23+00:00","mainEntityOfPage":{"@id":"https:\/\/apuntesdesanluis.com\/index.php\/2023\/09\/12\/el-operativo-la-muni-en-tu-barrio-se-instalara-este-miercoles-en-altos-del-oste\/"},"wordCount":154,"publisher":{"@id":"https:\/\/apuntesdesanluis.com\/#\/schema\/person\/b55151d52296fcce64d1a72538a70b90"},"image":{"@id":"https:\/\/apuntesdesanluis.com\/index.php\/2023\/09\/12\/el-operativo-la-muni-en-tu-barrio-se-instalara-este-miercoles-en-altos-del-oste\/#primaryimage"},"thumbnailUrl":"https:\/\/apuntesdesanluis.com\/wp-content\/uploads\/2023\/09\/la-muni.png","articleSection":["Ciudad\/Provincia"],"inLanguage":"es-AR"},{"@type":"WebPage","@id":"https:\/\/apuntesdesanluis.com\/index.php\/2023\/09\/12\/el-operativo-la-muni-en-tu-barrio-se-instalara-este-miercoles-en-altos-del-oste\/","url":"https:\/\/apuntesdesanluis.com\/index.php\/2023\/09\/12\/el-operativo-la-muni-en-tu-barrio-se-instalara-este-miercoles-en-altos-del-oste\/","name":"EL OPERATIVO LA MUNI EN TU BARRIO SE INSTALAR\u00c1 ESTE MIERCOLES EN ALTOS DEL OESTE - Apuntes de San Luis","isPartOf":{"@id":"https:\/\/apuntesdesanluis.com\/#website"},"primaryImageOfPage":{"@id":"https:\/\/apuntesdesanluis.com\/index.php\/2023\/09\/12\/el-operativo-la-muni-en-tu-barrio-se-instalara-este-miercoles-en-altos-del-oste\/#primaryimage"},"image":{"@id":"https:\/\/apuntesdesanluis.com\/index.php\/2023\/09\/12\/el-operativo-la-muni-en-tu-barrio-se-instalara-este-miercoles-en-altos-del-oste\/#primaryimage"},"thumbnailUrl":"https:\/\/apuntesdesanluis.com\/wp-content\/uploads\/2023\/09\/la-muni.png","datePublished":"2023-09-13T00:37:24+00:00","dateModified":"2023-09-13T15:04:23+00:00","breadcrumb":{"@id":"https:\/\/apuntesdesanluis.com\/index.php\/2023\/09\/12\/el-operativo-la-muni-en-tu-barrio-se-instalara-este-miercoles-en-altos-del-oste\/#breadcrumb"},"inLanguage":"es-AR","potentialAction":[{"@type":"ReadAction","target":["https:\/\/apuntesdesanluis.com\/index.php\/2023\/09\/12\/el-operativo-la-muni-en-tu-barrio-se-instalara-este-miercoles-en-altos-del-oste\/"]}]},{"@type":"ImageObject","inLanguage":"es-AR","@id":"https:\/\/apuntesdesanluis.com\/index.php\/2023\/09\/12\/el-operativo-la-muni-en-tu-barrio-se-instalara-este-miercoles-en-altos-del-oste\/#primaryimage","url":"https:\/\/apuntesdesanluis.com\/wp-content\/uploads\/2023\/09\/la-muni.png","contentUrl":"https:\/\/apuntesdesanluis.com\/wp-content\/uploads\/2023\/09\/la-muni.png","width":671,"height":373},{"@type":"BreadcrumbList","@id":"https:\/\/apuntesdesanluis.com\/index.php\/2023\/09\/12\/el-operativo-la-muni-en-tu-barrio-se-instalara-este-miercoles-en-altos-del-oste\/#breadcrumb","itemListElement":[{"@type":"ListItem","position":1,"name":"Inicio","item":"https:\/\/apuntesdesanluis.com\/"},{"@type":"ListItem","position":2,"name":"EL OPERATIVO LA MUNI EN TU BARRIO SE INSTALAR\u00c1 ESTE MIERCOLES EN ALTOS DEL OESTE"}]},{"@type":"WebSite","@id":"https:\/\/apuntesdesanluis.com\/#website","url":"https:\/\/apuntesdesanluis.com\/","name":"Apuntes de San Luis","description":"","publisher":{"@id":"https:\/\/apuntesdesanluis.com\/#\/schema\/person\/b55151d52296fcce64d1a72538a70b90"},"potentialAction":[{"@type":"SearchAction","target":{"@type":"EntryPoint","urlTemplate":"https:\/\/apuntesdesanluis.com\/?s={search_term_string}"},"query-input":{"@type":"PropertyValueSpecification","valueRequired":true,"valueName":"search_term_string"}}],"inLanguage":"es-AR"},{"@type":["Person","Organization"],"@id":"https:\/\/apuntesdesanluis.com\/#\/schema\/person\/b55151d52296fcce64d1a72538a70b90","name":"apuntesdesanluis.com","image":{"@type":"ImageObject","inLanguage":"es-AR","@id":"https:\/\/apuntesdesanluis.com\/#\/schema\/person\/image\/","url":"https:\/\/apuntesdesanluis.com\/wp-content\/uploads\/2023\/07\/cropped-apuntesdesanluis.png","contentUrl":"https:\/\/apuntesdesanluis.com\/wp-content\/uploads\/2023\/07\/cropped-apuntesdesanluis.png","width":450,"height":112,"caption":"apuntesdesanluis.com"},"logo":{"@id":"https:\/\/apuntesdesanluis.com\/#\/schema\/person\/image\/"},"sameAs":["https:\/\/apuntesdesanluis.com"],"url":"https:\/\/apuntesdesanluis.com\/index.php\/author\/apuntesdesanluis-com\/"}]}},"featured_image_urls":{"full":["https:\/\/apuntesdesanluis.com\/wp-content\/uploads\/2023\/09\/la-muni.png",671,373,false],"thumbnail":["https:\/\/apuntesdesanluis.com\/wp-content\/uploads\/2023\/09\/la-muni-150x150.png",150,150,true],"medium":["https:\/\/apuntesdesanluis.com\/wp-content\/uploads\/2023\/09\/la-muni-300x167.png",300,167,true],"medium_large":["https:\/\/apuntesdesanluis.com\/wp-content\/uploads\/2023\/09\/la-muni.png",640,356,false],"large":["https:\/\/apuntesdesanluis.com\/wp-content\/uploads\/2023\/09\/la-muni.png",640,356,false],"1536x1536":["https:\/\/apuntesdesanluis.com\/wp-content\/uploads\/2023\/09\/la-muni.png",671,373,false],"2048x2048":["https:\/\/apuntesdesanluis.com\/wp-content\/uploads\/2023\/09\/la-muni.png",671,373,false],"newsever-slider-full":["https:\/\/apuntesdesanluis.com\/wp-content\/uploads\/2023\/09\/la-muni.png",671,373,false],"newsever-featured":["https:\/\/apuntesdesanluis.com\/wp-content\/uploads\/2023\/09\/la-muni.png",671,373,false],"newsever-medium":["https:\/\/apuntesdesanluis.com\/wp-content\/uploads\/2023\/09\/la-muni.png",671,373,false]},"author_info":{"display_name":"apuntesdesanluis.com","author_link":"https:\/\/apuntesdesanluis.com\/index.php\/author\/apuntesdesanluis-com\/"},"category_info":"<a href=\"https:\/\/apuntesdesanluis.com\/index.php\/category\/ciudad-provincia\/\" rel=\"category tag\">Ciudad\/Provincia<\/a>","tag_info":"Ciudad\/Provincia","comment_count":"0","_links":{"self":[{"href":"https:\/\/apuntesdesanluis.com\/index.php\/wp-json\/wp\/v2\/posts\/3221","targetHints":{"allow":["GET"]}}],"collection":[{"href":"https:\/\/apuntesdesanluis.com\/index.php\/wp-json\/wp\/v2\/posts"}],"about":[{"href":"https:\/\/apuntesdesanluis.com\/index.php\/wp-json\/wp\/v2\/types\/post"}],"author":[{"embeddable":true,"href":"https:\/\/apuntesdesanluis.com\/index.php\/wp-json\/wp\/v2\/users\/1"}],"replies":[{"embeddable":true,"href":"https:\/\/apuntesdesanluis.com\/index.php\/wp-json\/wp\/v2\/comments?post=3221"}],"version-history":[{"count":2,"href":"https:\/\/apuntesdesanluis.com\/index.php\/wp-json\/wp\/v2\/posts\/3221\/revisions"}],"predecessor-version":[{"id":3244,"href":"https:\/\/apuntesdesanluis.com\/index.php\/wp-json\/wp\/v2\/posts\/3221\/revisions\/3244"}],"wp:featuredmedia":[{"embeddable":true,"href":"https:\/\/apuntesdesanluis.com\/index.php\/wp-json\/wp\/v2\/media\/3222"}],"wp:attachment":[{"href":"https:\/\/apuntesdesanluis.com\/index.php\/wp-json\/wp\/v2\/media?parent=3221"}],"wp:term":[{"taxonomy":"category","embeddable":true,"href":"https:\/\/apuntesdesanluis.com\/index.php\/wp-json\/wp\/v2\/categories?post=3221"},{"taxonomy":"post_tag","embeddable":true,"href":"https:\/\/apuntesdesanluis.com\/index.php\/wp-json\/wp\/v2\/tags?post=3221"}],"curies":[{"name":"wp","href":"https:\/\/api.w.org\/{rel}","templated":true}]}}