{"id":3231,"date":"2023-09-12T22:06:18","date_gmt":"2023-09-13T01:06:18","guid":{"rendered":"https:\/\/apuntesdesanluis.com\/?p=3231"},"modified":"2023-09-12T22:06:18","modified_gmt":"2023-09-13T01:06:18","slug":"sergio-massa-dio-a-conocer-el-decreto-de-ganancias-necesitamos-que-sea-ley-ojala-los-diputados-cumplan","status":"publish","type":"post","link":"https:\/\/apuntesdesanluis.com\/index.php\/2023\/09\/12\/sergio-massa-dio-a-conocer-el-decreto-de-ganancias-necesitamos-que-sea-ley-ojala-los-diputados-cumplan\/","title":{"rendered":"SERGIO MASSA DIO A CONOCER EL DECRETO DE GANANCIAS: \u201cNECESITAMOS QUE SEA LEY, OJAL\u00c1 LOS DIPUTADOS CUMPLAN\u201d"},"content":{"rendered":"<h3 class=\"yiv7409174924ydp6329976emsonormal\" style=\"text-align: justify; background: white;\"><span style=\"font-family: 'Arial','sans-serif'; color: #1d2228;\">El ministro de Econom\u00eda difundi\u00f3 el texto que saldr\u00e1 publicado este mi\u00e9rcoles en el Bolet\u00edn Oficial y que eleva el m\u00ednimo no imponible a $1.770.000. As\u00ed, se eximir\u00e1 de pagar el impuesto a unos 800.000 trabajadores<\/span><\/h3>\n<h3 class=\"yiv7409174924ydp6329976emsonormal\" style=\"text-align: justify; background: white;\"><span style=\"font-family: 'Arial','sans-serif'; color: #1d2228;\">El decreto que elevar\u00e1 el m\u00ednimo no imponible del impuesto a las Ganancias ya tiene forma y fue dado a conocer por el ministro de Econom\u00eda, <strong>Sergio Massa<\/strong>, a trav\u00e9s de su cuenta de Twitter. <\/span><\/h3>\n<h3 class=\"yiv7409174924ydp6329976emsonormal\" style=\"text-align: justify; background: white;\"><span style=\"font-family: 'Arial','sans-serif'; color: #1d2228;\">El texto, como lo hab\u00eda anticipado el funcionario y candidato a presidente, establece que s\u00f3lo deber\u00e1n enfrentar la obligaci\u00f3n tributaria los trabajadores que perciben desde 15 salarios m\u00ednimos, vitales y m\u00f3viles, lo que hoy equivale a un total de $1.770.000.<\/span><\/h3>\n<h3 class=\"yiv7409174924ydp6329976emsonormal\" style=\"text-align: justify; background: white;\"><span style=\"font-family: 'Arial','sans-serif'; color: #1d2228;\">De esta manera, cerca de 800 mil trabajadores dejar\u00e1n de pagar el impuesto, por lo que Naci\u00f3n deber\u00e1 enfrentar un costo fiscal de $1 bill\u00f3n al a\u00f1o.<\/span><\/h3>\n<h3 class=\"yiv7409174924ydp6329976emsonormal\" style=\"text-align: justify; background: white;\"><span style=\"font-family: 'Arial','sans-serif'; color: #1d2228;\">\u201cDesde el 1\u00b0 de octubre ning\u00fan trabajador que gane hasta $1.770.000 pagar\u00e1 el impuesto a las Ganancias. Necesitamos que sea Ley. Ojal\u00e1 los diputados y diputadas cumplan con el compromiso de cuidar el salario de los trabajadores\u201d, declar\u00f3 Massa en su cuenta de Twitter, en una publicaci\u00f3n acompa\u00f1ada por el texto de la normativa.<\/span><\/h3>\n<h3 class=\"yiv7409174924ydp6329976emsonormal\" style=\"text-align: justify; background: white;\"><span style=\"font-family: 'Arial','sans-serif'; color: #1d2228;\">El DNU confirma que los cambios regir\u00e1n desde el 1\u00b0 de octubre y determina que, para quienes est\u00e9n por debajo de los 15 SMVM, la \u201cremuneraci\u00f3n computable ser\u00e1 igual a cero\u201d. La medida tambi\u00e9n aplicar\u00e1 para los jubilados, para quienes se aplicar\u00e1n los mismos par\u00e1metros.<\/span><\/h3>\n<h3 class=\"yiv7409174924ydp6329976emsonormal\" style=\"text-align: justify; background: white;\"><span style=\"font-family: 'Arial','sans-serif'; color: #1d2228;\">La actualizaci\u00f3n de los valores ser\u00e1 semestral. En esta oportunidad, el piso de 15 SMVM regir\u00e1 hasta el 31 de diciembre de este a\u00f1o.<\/span><\/h3>\n<h3 class=\"yiv7409174924ydp6329976emsonormal\" style=\"text-align: justify; background: white;\"><span style=\"font-family: 'Arial','sans-serif'; color: #1d2228;\">\u201cEncomi\u00e9ndase a la Administraci\u00f3n Federal de Ingresos P\u00fablicos, entidad aut\u00e1rquica en el \u00e1mbito del Ministerio de Econom\u00eda, a incrementar los importes de la escala progresiva del primer p\u00e1rrafo del art\u00edculo 94 de la Ley de Impuesto a las Ganancias, texto ordenado en 2019 y sus modificaciones -con efectos para el per\u00edodo comprendido desde la entrada en vigencia de este decreto y hasta los montos percibidos al 31 de diciembre de 2023, inclusive-\u201d, indica el decreto.<\/span><\/h3>\n<h3 class=\"yiv7409174924ydp6329976emsonormal\" style=\"text-align: justify; background: white;\"><span style=\"font-family: 'Arial','sans-serif'; color: #1d2228;\">En paralelo, el Poder Ejecutivo Nacional enviar\u00e1 al Congreso un Proyecto de Ley para llevar los cambios a otro nivel y establecerlos de manera definitiva. La iniciativa busca oficializar el m\u00ednimo no imponible de 15 SMVM, aunque mantiene la escala progresiva de al\u00edcuotas en valores que van del 27% al 35%, seg\u00fan la escala.<\/span><\/h3>\n<h3 class=\"yiv7409174924ydp6329976emsonormal\" style=\"text-align: justify; background: white;\"><span style=\"font-family: 'Arial','sans-serif'; color: #1d2228;\">QU\u00c9 PASAR\u00c1 CON EL AGUINALDO<\/span><\/h3>\n<h3 class=\"yiv7409174924ydp6329976emsonormal\" style=\"text-align: justify; background: white;\"><span style=\"font-family: 'Arial','sans-serif'; color: #1d2228;\">El decreto que ser\u00e1 publicado en el Bolet\u00edn Oficial no solo aumenta el valor del salario bruto a partir del cual se debe pagar Ganancias, sino que adem\u00e1s indica cu\u00e1l ser\u00e1 la base se aplicar\u00e1 para la deducci\u00f3n del impuesto sobre el Sueldo Anual Complementario de 2023 (aguinaldo).<\/span><\/h3>\n<h3 class=\"yiv7409174924ydp6329976emsonormal\" style=\"text-align: justify; background: white;\"><span style=\"font-family: 'Arial','sans-serif'; color: #1d2228;\">\u201cA los fines de lo dispuesto en el segundo p\u00e1rrafo del primer art\u00edculo sin n\u00famero a continuaci\u00f3n del art\u00edculo 176 de la reglamentaci\u00f3n de la Ley de Impuesto a las Ganancias, texto ordenado en 2019 y sus modificaciones, aprobada por el art\u00edculo 1\u00ba del Decreto N\u00b0 862 del 6 de diciembre de 2019 y sus modificaciones, en lo que hace a la segunda cuota del Sueldo Anual Complementario de 2023 deber\u00e1 considerarse el importe establecido en el p\u00e1rrafo anterior ($1.770.000) y el promedio del segundo semestre calendario de la remuneraci\u00f3n y\/o haber bruto\u201d, dicta la normativa.<\/span><\/h3>\n<h3 class=\"yiv7409174924ydp6329976emsonormal\" style=\"text-align: justify; background: white;\"><span style=\"font-family: 'Arial','sans-serif'; color: #1d2228;\">De todas formas, habr\u00e1 que esperar a que la AFIP incremente y actualice los importes de la escala progresiva para poder conocer las nuevas categor\u00edas de Ganancias. El mismo decreto encomienda a la AFIP que realice los cambios necesarios, a fin de reducir el monto de las retenciones de los jubilados y trabajadores que s\u00ed superen los 15 SMVM de ingreso, \u201ccon el objetivo de asegurar la progresividad del tributo, evitando de esta forma que su carga neutralice la pol\u00edtica salarial adoptada\u201d. En otras palabras, los trabajadores que seguir\u00e1n alcanzados por Ganancias pagar\u00e1n menos de lo que ven\u00edan tributando.<\/span><\/h3>\n","protected":false},"excerpt":{"rendered":"<p>El ministro de Econom\u00eda difundi\u00f3 el texto que saldr\u00e1 publicado este mi\u00e9rcoles en el Bolet\u00edn&#8230;<\/p>\n","protected":false},"author":1,"featured_media":3232,"comment_status":"closed","ping_status":"closed","sticky":false,"template":"","format":"standard","meta":{"footnotes":""},"categories":[5],"tags":[],"class_list":["post-3231","post","type-post","status-publish","format-standard","has-post-thumbnail","hentry","category-nacionales-internacionales"],"yoast_head":"<!-- This site is optimized with the Yoast SEO plugin v26.1.1 - https:\/\/yoast.com\/wordpress\/plugins\/seo\/ -->\n<title>SERGIO MASSA DIO A CONOCER EL DECRETO DE GANANCIAS: \u201cNECESITAMOS QUE SEA LEY, OJAL\u00c1 LOS DIPUTADOS CUMPLAN\u201d - Apuntes de San Luis<\/title>\n<meta name=\"robots\" content=\"index, follow, max-snippet:-1, max-image-preview:large, max-video-preview:-1\" \/>\n<link rel=\"canonical\" href=\"https:\/\/apuntesdesanluis.com\/index.php\/2023\/09\/12\/sergio-massa-dio-a-conocer-el-decreto-de-ganancias-necesitamos-que-sea-ley-ojala-los-diputados-cumplan\/\" \/>\n<meta property=\"og:locale\" content=\"es_ES\" \/>\n<meta property=\"og:type\" content=\"article\" \/>\n<meta property=\"og:title\" content=\"SERGIO MASSA DIO A CONOCER EL DECRETO DE GANANCIAS: \u201cNECESITAMOS QUE SEA LEY, OJAL\u00c1 LOS DIPUTADOS CUMPLAN\u201d - Apuntes de San Luis\" \/>\n<meta property=\"og:description\" content=\"El ministro de Econom\u00eda difundi\u00f3 el texto que saldr\u00e1 publicado este mi\u00e9rcoles en el Bolet\u00edn...\" \/>\n<meta property=\"og:url\" content=\"https:\/\/apuntesdesanluis.com\/index.php\/2023\/09\/12\/sergio-massa-dio-a-conocer-el-decreto-de-ganancias-necesitamos-que-sea-ley-ojala-los-diputados-cumplan\/\" \/>\n<meta property=\"og:site_name\" content=\"Apuntes de San Luis\" \/>\n<meta property=\"article:published_time\" content=\"2023-09-13T01:06:18+00:00\" \/>\n<meta property=\"og:image\" content=\"https:\/\/apuntesdesanluis.com\/wp-content\/uploads\/2023\/09\/massa-1.png\" \/>\n\t<meta property=\"og:image:width\" content=\"842\" \/>\n\t<meta property=\"og:image:height\" content=\"475\" \/>\n\t<meta property=\"og:image:type\" content=\"image\/png\" \/>\n<meta name=\"author\" content=\"apuntesdesanluis.com\" \/>\n<meta name=\"twitter:card\" content=\"summary_large_image\" \/>\n<meta name=\"twitter:label1\" content=\"Escrito por\" \/>\n\t<meta name=\"twitter:data1\" content=\"apuntesdesanluis.com\" \/>\n\t<meta name=\"twitter:label2\" content=\"Tiempo de lectura\" \/>\n\t<meta name=\"twitter:data2\" content=\"3 minutos\" \/>\n<script type=\"application\/ld+json\" class=\"yoast-schema-graph\">{\"@context\":\"https:\/\/schema.org\",\"@graph\":[{\"@type\":\"Article\",\"@id\":\"https:\/\/apuntesdesanluis.com\/index.php\/2023\/09\/12\/sergio-massa-dio-a-conocer-el-decreto-de-ganancias-necesitamos-que-sea-ley-ojala-los-diputados-cumplan\/#article\",\"isPartOf\":{\"@id\":\"https:\/\/apuntesdesanluis.com\/index.php\/2023\/09\/12\/sergio-massa-dio-a-conocer-el-decreto-de-ganancias-necesitamos-que-sea-ley-ojala-los-diputados-cumplan\/\"},\"author\":{\"name\":\"apuntesdesanluis.com\",\"@id\":\"https:\/\/apuntesdesanluis.com\/#\/schema\/person\/b55151d52296fcce64d1a72538a70b90\"},\"headline\":\"SERGIO MASSA DIO A CONOCER EL DECRETO DE GANANCIAS: \u201cNECESITAMOS QUE SEA LEY, OJAL\u00c1 LOS DIPUTADOS CUMPLAN\u201d\",\"datePublished\":\"2023-09-13T01:06:18+00:00\",\"mainEntityOfPage\":{\"@id\":\"https:\/\/apuntesdesanluis.com\/index.php\/2023\/09\/12\/sergio-massa-dio-a-conocer-el-decreto-de-ganancias-necesitamos-que-sea-ley-ojala-los-diputados-cumplan\/\"},\"wordCount\":684,\"publisher\":{\"@id\":\"https:\/\/apuntesdesanluis.com\/#\/schema\/person\/b55151d52296fcce64d1a72538a70b90\"},\"image\":{\"@id\":\"https:\/\/apuntesdesanluis.com\/index.php\/2023\/09\/12\/sergio-massa-dio-a-conocer-el-decreto-de-ganancias-necesitamos-que-sea-ley-ojala-los-diputados-cumplan\/#primaryimage\"},\"thumbnailUrl\":\"https:\/\/apuntesdesanluis.com\/wp-content\/uploads\/2023\/09\/massa-1.png\",\"articleSection\":[\"Nacionales\/Internacionales\"],\"inLanguage\":\"es-AR\"},{\"@type\":\"WebPage\",\"@id\":\"https:\/\/apuntesdesanluis.com\/index.php\/2023\/09\/12\/sergio-massa-dio-a-conocer-el-decreto-de-ganancias-necesitamos-que-sea-ley-ojala-los-diputados-cumplan\/\",\"url\":\"https:\/\/apuntesdesanluis.com\/index.php\/2023\/09\/12\/sergio-massa-dio-a-conocer-el-decreto-de-ganancias-necesitamos-que-sea-ley-ojala-los-diputados-cumplan\/\",\"name\":\"SERGIO MASSA DIO A CONOCER EL DECRETO DE GANANCIAS: \u201cNECESITAMOS QUE SEA LEY, OJAL\u00c1 LOS DIPUTADOS CUMPLAN\u201d - Apuntes de San Luis\",\"isPartOf\":{\"@id\":\"https:\/\/apuntesdesanluis.com\/#website\"},\"primaryImageOfPage\":{\"@id\":\"https:\/\/apuntesdesanluis.com\/index.php\/2023\/09\/12\/sergio-massa-dio-a-conocer-el-decreto-de-ganancias-necesitamos-que-sea-ley-ojala-los-diputados-cumplan\/#primaryimage\"},\"image\":{\"@id\":\"https:\/\/apuntesdesanluis.com\/index.php\/2023\/09\/12\/sergio-massa-dio-a-conocer-el-decreto-de-ganancias-necesitamos-que-sea-ley-ojala-los-diputados-cumplan\/#primaryimage\"},\"thumbnailUrl\":\"https:\/\/apuntesdesanluis.com\/wp-content\/uploads\/2023\/09\/massa-1.png\",\"datePublished\":\"2023-09-13T01:06:18+00:00\",\"breadcrumb\":{\"@id\":\"https:\/\/apuntesdesanluis.com\/index.php\/2023\/09\/12\/sergio-massa-dio-a-conocer-el-decreto-de-ganancias-necesitamos-que-sea-ley-ojala-los-diputados-cumplan\/#breadcrumb\"},\"inLanguage\":\"es-AR\",\"potentialAction\":[{\"@type\":\"ReadAction\",\"target\":[\"https:\/\/apuntesdesanluis.com\/index.php\/2023\/09\/12\/sergio-massa-dio-a-conocer-el-decreto-de-ganancias-necesitamos-que-sea-ley-ojala-los-diputados-cumplan\/\"]}]},{\"@type\":\"ImageObject\",\"inLanguage\":\"es-AR\",\"@id\":\"https:\/\/apuntesdesanluis.com\/index.php\/2023\/09\/12\/sergio-massa-dio-a-conocer-el-decreto-de-ganancias-necesitamos-que-sea-ley-ojala-los-diputados-cumplan\/#primaryimage\",\"url\":\"https:\/\/apuntesdesanluis.com\/wp-content\/uploads\/2023\/09\/massa-1.png\",\"contentUrl\":\"https:\/\/apuntesdesanluis.com\/wp-content\/uploads\/2023\/09\/massa-1.png\",\"width\":842,\"height\":475},{\"@type\":\"BreadcrumbList\",\"@id\":\"https:\/\/apuntesdesanluis.com\/index.php\/2023\/09\/12\/sergio-massa-dio-a-conocer-el-decreto-de-ganancias-necesitamos-que-sea-ley-ojala-los-diputados-cumplan\/#breadcrumb\",\"itemListElement\":[{\"@type\":\"ListItem\",\"position\":1,\"name\":\"Inicio\",\"item\":\"https:\/\/apuntesdesanluis.com\/\"},{\"@type\":\"ListItem\",\"position\":2,\"name\":\"SERGIO MASSA DIO A CONOCER EL DECRETO DE GANANCIAS: \u201cNECESITAMOS QUE SEA LEY, OJAL\u00c1 LOS DIPUTADOS CUMPLAN\u201d\"}]},{\"@type\":\"WebSite\",\"@id\":\"https:\/\/apuntesdesanluis.com\/#website\",\"url\":\"https:\/\/apuntesdesanluis.com\/\",\"name\":\"Apuntes de San Luis\",\"description\":\"\",\"publisher\":{\"@id\":\"https:\/\/apuntesdesanluis.com\/#\/schema\/person\/b55151d52296fcce64d1a72538a70b90\"},\"potentialAction\":[{\"@type\":\"SearchAction\",\"target\":{\"@type\":\"EntryPoint\",\"urlTemplate\":\"https:\/\/apuntesdesanluis.com\/?s={search_term_string}\"},\"query-input\":{\"@type\":\"PropertyValueSpecification\",\"valueRequired\":true,\"valueName\":\"search_term_string\"}}],\"inLanguage\":\"es-AR\"},{\"@type\":[\"Person\",\"Organization\"],\"@id\":\"https:\/\/apuntesdesanluis.com\/#\/schema\/person\/b55151d52296fcce64d1a72538a70b90\",\"name\":\"apuntesdesanluis.com\",\"image\":{\"@type\":\"ImageObject\",\"inLanguage\":\"es-AR\",\"@id\":\"https:\/\/apuntesdesanluis.com\/#\/schema\/person\/image\/\",\"url\":\"https:\/\/apuntesdesanluis.com\/wp-content\/uploads\/2023\/07\/cropped-apuntesdesanluis.png\",\"contentUrl\":\"https:\/\/apuntesdesanluis.com\/wp-content\/uploads\/2023\/07\/cropped-apuntesdesanluis.png\",\"width\":450,\"height\":112,\"caption\":\"apuntesdesanluis.com\"},\"logo\":{\"@id\":\"https:\/\/apuntesdesanluis.com\/#\/schema\/person\/image\/\"},\"sameAs\":[\"https:\/\/apuntesdesanluis.com\"],\"url\":\"https:\/\/apuntesdesanluis.com\/index.php\/author\/apuntesdesanluis-com\/\"}]}<\/script>\n<!-- \/ Yoast SEO plugin. -->","yoast_head_json":{"title":"SERGIO MASSA DIO A CONOCER EL DECRETO DE GANANCIAS: \u201cNECESITAMOS QUE SEA LEY, OJAL\u00c1 LOS DIPUTADOS CUMPLAN\u201d - Apuntes de San Luis","robots":{"index":"index","follow":"follow","max-snippet":"max-snippet:-1","max-image-preview":"max-image-preview:large","max-video-preview":"max-video-preview:-1"},"canonical":"https:\/\/apuntesdesanluis.com\/index.php\/2023\/09\/12\/sergio-massa-dio-a-conocer-el-decreto-de-ganancias-necesitamos-que-sea-ley-ojala-los-diputados-cumplan\/","og_locale":"es_ES","og_type":"article","og_title":"SERGIO MASSA DIO A CONOCER EL DECRETO DE GANANCIAS: \u201cNECESITAMOS QUE SEA LEY, OJAL\u00c1 LOS DIPUTADOS CUMPLAN\u201d - Apuntes de San Luis","og_description":"El ministro de Econom\u00eda difundi\u00f3 el texto que saldr\u00e1 publicado este mi\u00e9rcoles en el Bolet\u00edn...","og_url":"https:\/\/apuntesdesanluis.com\/index.php\/2023\/09\/12\/sergio-massa-dio-a-conocer-el-decreto-de-ganancias-necesitamos-que-sea-ley-ojala-los-diputados-cumplan\/","og_site_name":"Apuntes de San Luis","article_published_time":"2023-09-13T01:06:18+00:00","og_image":[{"width":842,"height":475,"url":"https:\/\/apuntesdesanluis.com\/wp-content\/uploads\/2023\/09\/massa-1.png","type":"image\/png"}],"author":"apuntesdesanluis.com","twitter_card":"summary_large_image","twitter_misc":{"Escrito por":"apuntesdesanluis.com","Tiempo de lectura":"3 minutos"},"schema":{"@context":"https:\/\/schema.org","@graph":[{"@type":"Article","@id":"https:\/\/apuntesdesanluis.com\/index.php\/2023\/09\/12\/sergio-massa-dio-a-conocer-el-decreto-de-ganancias-necesitamos-que-sea-ley-ojala-los-diputados-cumplan\/#article","isPartOf":{"@id":"https:\/\/apuntesdesanluis.com\/index.php\/2023\/09\/12\/sergio-massa-dio-a-conocer-el-decreto-de-ganancias-necesitamos-que-sea-ley-ojala-los-diputados-cumplan\/"},"author":{"name":"apuntesdesanluis.com","@id":"https:\/\/apuntesdesanluis.com\/#\/schema\/person\/b55151d52296fcce64d1a72538a70b90"},"headline":"SERGIO MASSA DIO A CONOCER EL DECRETO DE GANANCIAS: \u201cNECESITAMOS QUE SEA LEY, OJAL\u00c1 LOS DIPUTADOS CUMPLAN\u201d","datePublished":"2023-09-13T01:06:18+00:00","mainEntityOfPage":{"@id":"https:\/\/apuntesdesanluis.com\/index.php\/2023\/09\/12\/sergio-massa-dio-a-conocer-el-decreto-de-ganancias-necesitamos-que-sea-ley-ojala-los-diputados-cumplan\/"},"wordCount":684,"publisher":{"@id":"https:\/\/apuntesdesanluis.com\/#\/schema\/person\/b55151d52296fcce64d1a72538a70b90"},"image":{"@id":"https:\/\/apuntesdesanluis.com\/index.php\/2023\/09\/12\/sergio-massa-dio-a-conocer-el-decreto-de-ganancias-necesitamos-que-sea-ley-ojala-los-diputados-cumplan\/#primaryimage"},"thumbnailUrl":"https:\/\/apuntesdesanluis.com\/wp-content\/uploads\/2023\/09\/massa-1.png","articleSection":["Nacionales\/Internacionales"],"inLanguage":"es-AR"},{"@type":"WebPage","@id":"https:\/\/apuntesdesanluis.com\/index.php\/2023\/09\/12\/sergio-massa-dio-a-conocer-el-decreto-de-ganancias-necesitamos-que-sea-ley-ojala-los-diputados-cumplan\/","url":"https:\/\/apuntesdesanluis.com\/index.php\/2023\/09\/12\/sergio-massa-dio-a-conocer-el-decreto-de-ganancias-necesitamos-que-sea-ley-ojala-los-diputados-cumplan\/","name":"SERGIO MASSA DIO A CONOCER EL DECRETO DE GANANCIAS: \u201cNECESITAMOS QUE SEA LEY, OJAL\u00c1 LOS DIPUTADOS CUMPLAN\u201d - Apuntes de San Luis","isPartOf":{"@id":"https:\/\/apuntesdesanluis.com\/#website"},"primaryImageOfPage":{"@id":"https:\/\/apuntesdesanluis.com\/index.php\/2023\/09\/12\/sergio-massa-dio-a-conocer-el-decreto-de-ganancias-necesitamos-que-sea-ley-ojala-los-diputados-cumplan\/#primaryimage"},"image":{"@id":"https:\/\/apuntesdesanluis.com\/index.php\/2023\/09\/12\/sergio-massa-dio-a-conocer-el-decreto-de-ganancias-necesitamos-que-sea-ley-ojala-los-diputados-cumplan\/#primaryimage"},"thumbnailUrl":"https:\/\/apuntesdesanluis.com\/wp-content\/uploads\/2023\/09\/massa-1.png","datePublished":"2023-09-13T01:06:18+00:00","breadcrumb":{"@id":"https:\/\/apuntesdesanluis.com\/index.php\/2023\/09\/12\/sergio-massa-dio-a-conocer-el-decreto-de-ganancias-necesitamos-que-sea-ley-ojala-los-diputados-cumplan\/#breadcrumb"},"inLanguage":"es-AR","potentialAction":[{"@type":"ReadAction","target":["https:\/\/apuntesdesanluis.com\/index.php\/2023\/09\/12\/sergio-massa-dio-a-conocer-el-decreto-de-ganancias-necesitamos-que-sea-ley-ojala-los-diputados-cumplan\/"]}]},{"@type":"ImageObject","inLanguage":"es-AR","@id":"https:\/\/apuntesdesanluis.com\/index.php\/2023\/09\/12\/sergio-massa-dio-a-conocer-el-decreto-de-ganancias-necesitamos-que-sea-ley-ojala-los-diputados-cumplan\/#primaryimage","url":"https:\/\/apuntesdesanluis.com\/wp-content\/uploads\/2023\/09\/massa-1.png","contentUrl":"https:\/\/apuntesdesanluis.com\/wp-content\/uploads\/2023\/09\/massa-1.png","width":842,"height":475},{"@type":"BreadcrumbList","@id":"https:\/\/apuntesdesanluis.com\/index.php\/2023\/09\/12\/sergio-massa-dio-a-conocer-el-decreto-de-ganancias-necesitamos-que-sea-ley-ojala-los-diputados-cumplan\/#breadcrumb","itemListElement":[{"@type":"ListItem","position":1,"name":"Inicio","item":"https:\/\/apuntesdesanluis.com\/"},{"@type":"ListItem","position":2,"name":"SERGIO MASSA DIO A CONOCER EL DECRETO DE GANANCIAS: \u201cNECESITAMOS QUE SEA LEY, OJAL\u00c1 LOS DIPUTADOS CUMPLAN\u201d"}]},{"@type":"WebSite","@id":"https:\/\/apuntesdesanluis.com\/#website","url":"https:\/\/apuntesdesanluis.com\/","name":"Apuntes de San Luis","description":"","publisher":{"@id":"https:\/\/apuntesdesanluis.com\/#\/schema\/person\/b55151d52296fcce64d1a72538a70b90"},"potentialAction":[{"@type":"SearchAction","target":{"@type":"EntryPoint","urlTemplate":"https:\/\/apuntesdesanluis.com\/?s={search_term_string}"},"query-input":{"@type":"PropertyValueSpecification","valueRequired":true,"valueName":"search_term_string"}}],"inLanguage":"es-AR"},{"@type":["Person","Organization"],"@id":"https:\/\/apuntesdesanluis.com\/#\/schema\/person\/b55151d52296fcce64d1a72538a70b90","name":"apuntesdesanluis.com","image":{"@type":"ImageObject","inLanguage":"es-AR","@id":"https:\/\/apuntesdesanluis.com\/#\/schema\/person\/image\/","url":"https:\/\/apuntesdesanluis.com\/wp-content\/uploads\/2023\/07\/cropped-apuntesdesanluis.png","contentUrl":"https:\/\/apuntesdesanluis.com\/wp-content\/uploads\/2023\/07\/cropped-apuntesdesanluis.png","width":450,"height":112,"caption":"apuntesdesanluis.com"},"logo":{"@id":"https:\/\/apuntesdesanluis.com\/#\/schema\/person\/image\/"},"sameAs":["https:\/\/apuntesdesanluis.com"],"url":"https:\/\/apuntesdesanluis.com\/index.php\/author\/apuntesdesanluis-com\/"}]}},"featured_image_urls":{"full":["https:\/\/apuntesdesanluis.com\/wp-content\/uploads\/2023\/09\/massa-1.png",842,475,false],"thumbnail":["https:\/\/apuntesdesanluis.com\/wp-content\/uploads\/2023\/09\/massa-1-150x150.png",150,150,true],"medium":["https:\/\/apuntesdesanluis.com\/wp-content\/uploads\/2023\/09\/massa-1-300x169.png",300,169,true],"medium_large":["https:\/\/apuntesdesanluis.com\/wp-content\/uploads\/2023\/09\/massa-1-768x433.png",640,361,true],"large":["https:\/\/apuntesdesanluis.com\/wp-content\/uploads\/2023\/09\/massa-1.png",640,361,false],"1536x1536":["https:\/\/apuntesdesanluis.com\/wp-content\/uploads\/2023\/09\/massa-1.png",842,475,false],"2048x2048":["https:\/\/apuntesdesanluis.com\/wp-content\/uploads\/2023\/09\/massa-1.png",842,475,false],"newsever-slider-full":["https:\/\/apuntesdesanluis.com\/wp-content\/uploads\/2023\/09\/massa-1.png",842,475,false],"newsever-featured":["https:\/\/apuntesdesanluis.com\/wp-content\/uploads\/2023\/09\/massa-1.png",842,475,false],"newsever-medium":["https:\/\/apuntesdesanluis.com\/wp-content\/uploads\/2023\/09\/massa-1-720x475.png",720,475,true]},"author_info":{"display_name":"apuntesdesanluis.com","author_link":"https:\/\/apuntesdesanluis.com\/index.php\/author\/apuntesdesanluis-com\/"},"category_info":"<a href=\"https:\/\/apuntesdesanluis.com\/index.php\/category\/nacionales-internacionales\/\" rel=\"category tag\">Nacionales\/Internacionales<\/a>","tag_info":"Nacionales\/Internacionales","comment_count":"0","_links":{"self":[{"href":"https:\/\/apuntesdesanluis.com\/index.php\/wp-json\/wp\/v2\/posts\/3231","targetHints":{"allow":["GET"]}}],"collection":[{"href":"https:\/\/apuntesdesanluis.com\/index.php\/wp-json\/wp\/v2\/posts"}],"about":[{"href":"https:\/\/apuntesdesanluis.com\/index.php\/wp-json\/wp\/v2\/types\/post"}],"author":[{"embeddable":true,"href":"https:\/\/apuntesdesanluis.com\/index.php\/wp-json\/wp\/v2\/users\/1"}],"replies":[{"embeddable":true,"href":"https:\/\/apuntesdesanluis.com\/index.php\/wp-json\/wp\/v2\/comments?post=3231"}],"version-history":[{"count":1,"href":"https:\/\/apuntesdesanluis.com\/index.php\/wp-json\/wp\/v2\/posts\/3231\/revisions"}],"predecessor-version":[{"id":3233,"href":"https:\/\/apuntesdesanluis.com\/index.php\/wp-json\/wp\/v2\/posts\/3231\/revisions\/3233"}],"wp:featuredmedia":[{"embeddable":true,"href":"https:\/\/apuntesdesanluis.com\/index.php\/wp-json\/wp\/v2\/media\/3232"}],"wp:attachment":[{"href":"https:\/\/apuntesdesanluis.com\/index.php\/wp-json\/wp\/v2\/media?parent=3231"}],"wp:term":[{"taxonomy":"category","embeddable":true,"href":"https:\/\/apuntesdesanluis.com\/index.php\/wp-json\/wp\/v2\/categories?post=3231"},{"taxonomy":"post_tag","embeddable":true,"href":"https:\/\/apuntesdesanluis.com\/index.php\/wp-json\/wp\/v2\/tags?post=3231"}],"curies":[{"name":"wp","href":"https:\/\/api.w.org\/{rel}","templated":true}]}}