{"id":3237,"date":"2023-09-12T22:33:56","date_gmt":"2023-09-13T01:33:56","guid":{"rendered":"https:\/\/apuntesdesanluis.com\/?p=3237"},"modified":"2023-09-12T22:33:56","modified_gmt":"2023-09-13T01:33:56","slug":"suspendieron-a-un-juez-de-entre-rios-denunciado-por-su-hijo-por-abuso-sexual","status":"publish","type":"post","link":"https:\/\/apuntesdesanluis.com\/index.php\/2023\/09\/12\/suspendieron-a-un-juez-de-entre-rios-denunciado-por-su-hijo-por-abuso-sexual\/","title":{"rendered":"SUSPENDIERON A UN JUEZ DE ENTRE R\u00cdOS DENUNCIADO POR SU HIJO POR ABUSO SEXUAL"},"content":{"rendered":"<h3 class=\"yiv7409174924ydp6329976emsonormal\" style=\"text-align: justify; background: white;\"><span style=\"font-family: 'Arial','sans-serif'; color: #1d2228;\">El Superior Tribunal de Justicia (STJ) de Entre R\u00edos suspendi\u00f3 este martes en el cargo de manera transitoria a <strong>Marcelo Javier Barid\u00f3n<\/strong>, integrante de la C\u00e1mara en lo Contencioso Administrativo de la ciudad de Paran\u00e1, quien est\u00e1 siendo investigado por presunto abuso sexual de su hijo, quien lo denunci\u00f3 en la Justicia penal de la provincia.<\/span><\/h3>\n<h3 class=\"yiv7409174924ydp6329976emsonormal\" style=\"text-align: justify; background: white;\"><span style=\"font-family: 'Arial','sans-serif'; color: #1d2228;\">\u201cEncontr\u00e1ndose en tr\u00e1mite la Investigaci\u00f3n Penal Preparatoria, resulta incontestable que el magistrado denunciado no se encuentra en condiciones de disponer de la imprescindible paz espiritual necesaria para el correcto ejercicio de su delicada funci\u00f3n de impartir justicia, circunstancia que corresponde ser inmediatamente atendida por este Alto Cuerpo, asegurando a los justiciables y a la sociedad toda la m\u00e1s absoluta libertad, independencia y probidad con que los integrantes de la magistratura adopten las resoluciones de su competencia\u201d, resolvi\u00f3 el m\u00e1ximo tribunal entrerriano.<\/span><\/h3>\n<h3 class=\"yiv7409174924ydp6329976emsonormal\" style=\"text-align: justify; background: white;\"><span style=\"font-family: 'Arial','sans-serif'; color: #1d2228;\">La suspensi\u00f3n de Barid\u00f3n es precautoria, con goce de su sueldo y hasta tanto se resuelva la investigaci\u00f3n penal preparatoria que tiene a su cargo el fiscal Oscar Sobko, de la Unidad Fiscal de Violencia de G\u00e9nero y Abuso Sexual.<\/span><\/h3>\n<h3 class=\"yiv7409174924ydp6329976emsonormal\" style=\"text-align: justify; background: white;\"><span style=\"font-family: 'Arial','sans-serif'; color: #1d2228;\">La denuncia la present\u00f3 a principio de mes<strong> Agust\u00edn Barid\u00f3n<\/strong>, quien la hizo publica en sus redes sociales. \u201cHola gente! No suelo postear cuestiones en relaci\u00f3n a mi vida personal, pero creo que \u00e9sta situaci\u00f3n lo amerita\u201d, comenz\u00f3 su posteo en la red social Instagram donde publica sus trabajos como fot\u00f3grafo y realizador audiovisual.<\/span><\/h3>\n<h3 class=\"yiv7409174924ydp6329976emsonormal\" style=\"text-align: justify; background: white;\"><span style=\"font-family: 'Arial','sans-serif'; color: #1d2228;\">\u201cEstoy concluyendo un proceso de 5 a\u00f1os de terapia. Comenc\u00e9 a ir por qu\u00e9 me sent\u00eda muy mal por haber sufrido abuso sexual en mi infancia. Finalmente ayer me decid\u00ed e hice la denuncia a mi progenitor quien fue el que perpetuo los abusos entre la edad de 5 y 12 a\u00f1os. Fue un camino muy dif\u00edcil el de llegar hasta ac\u00e1, y probablemente lo siga siendo\u201d, cont\u00f3 Agust\u00edn. En ning\u00fan momento nombra a su padre con nombre y apellido, lo que s\u00ed hizo en la denuncia penal.<\/span><\/h3>\n<p><img fetchpriority=\"high\" decoding=\"async\" class=\"wp-image-3238 aligncenter\" src=\"https:\/\/apuntesdesanluis.com\/wp-content\/uploads\/2023\/09\/denuncia-300x195.png\" alt=\"\" width=\"828\" height=\"538\" srcset=\"https:\/\/apuntesdesanluis.com\/wp-content\/uploads\/2023\/09\/denuncia-300x195.png 300w, https:\/\/apuntesdesanluis.com\/wp-content\/uploads\/2023\/09\/denuncia.png 600w\" sizes=\"(max-width: 828px) 100vw, 828px\" \/><\/p>\n<h3 class=\"yiv7409174924ydp6329976emsonormal\" style=\"text-align: justify; background: white;\"><span style=\"font-family: 'Arial','sans-serif'; color: #1d2228;\">La causa penal se inici\u00f3 e intervino la semana pasada el STJ que le solicit\u00f3 informes a la Procuraci\u00f3n General del Ministerio P\u00fablico Fiscal sobre la existencia y estado de la denuncia penal. La procuradora adjunta interina M\u00f3nica Elizabeth Carmona, ratific\u00f3 la existencia de la denuncia.<\/span><\/h3>\n<h3 class=\"yiv7409174924ydp6329976emsonormal\" style=\"text-align: justify; background: white;\"><span style=\"font-family: 'Arial','sans-serif'; color: #1d2228;\">Con eso, el STJ suspendi\u00f3 hoy en el cargo a Barid\u00f3n en virtud de las facultades que tiene como tribunal de superintendencia sobre la administraci\u00f3n del Poder Judicial de la provincia.<\/span><\/h3>\n<h3 class=\"yiv7409174924ydp6329976emsonormal\" style=\"text-align: justify; background: white;\"><span style=\"font-family: 'Arial','sans-serif'; color: #1d2228;\">\u201cA fin de permitirle al nombrado la mayor posibilidad de dedicarse plenamente al ejercicio de todos los actos de su defensa material, as\u00ed como aventar toda sospecha de eventual interferencia en la investigaci\u00f3n que lleva a cabo el Ministerio P\u00fablico Fiscal, a\u00fan cuando -cabe destacar- no existe motivo para la adopci\u00f3n de una medida disciplinaria, corresponde en la especie la aplicaci\u00f3n anal\u00f3gica del dispositivo del art. 21 de la Ley Org\u00e1nica del Poder Judicial que establece que \u00b4los magistrados, funcionarios o empleados sometidos a jurado de enjuiciamiento, a proceso penal o sumario administrativo que puedan dar lugar a la cesant\u00eda o exoneraci\u00f3n, podr\u00e1n ser suspendidos mientras dure la tramitaci\u00f3n de la causa\u00b4\u201d, explic\u00f3 el m\u00e1ximo tribunal de Entre R\u00edos sobre por qu\u00e9 suspendi\u00f3 al juez Barid\u00f3n.<\/span><\/h3>\n<h3 class=\"yiv7409174924ydp6329976emsonormal\" style=\"text-align: justify; background: white;\"><span style=\"font-family: 'Arial','sans-serif'; color: #1d2228;\">Previo a la suspensi\u00f3n el magistrado hab\u00eda pedido una licencia. Sobre el punto, el STJ se\u00f1al\u00f3 que la decisi\u00f3n la tomaba \u201csin perjuicio de producir los informes y evaluaciones pertinentes a partir de la solicitud de licencia presentada por el magistrado, la que a\u00fan no ha sido concedida por el Superior Tribunal\u201d.<\/span><\/h3>\n<h3 class=\"yiv7409174924ydp6329976emsonormal\" style=\"text-align: justify; background: white;\"><span style=\"font-family: 'Arial','sans-serif'; color: #1d2228;\">Por \u00faltimo, la Corte provincia le dio intervenci\u00f3n a la Direcci\u00f3n de Gesti\u00f3n Humana y al \u00c1rea de Salud Ocupacional \u2014dos organismos del tribunal\u2014 para que elaboren y presenten los informes y evaluaciones de rigor de esos casos para lo que le dio un plazo de 72 horas.<\/span><\/h3>\n","protected":false},"excerpt":{"rendered":"<p>El Superior Tribunal de Justicia (STJ) de Entre R\u00edos suspendi\u00f3 este martes en el cargo&#8230;<\/p>\n","protected":false},"author":1,"featured_media":3239,"comment_status":"closed","ping_status":"closed","sticky":false,"template":"","format":"standard","meta":{"footnotes":""},"categories":[5],"tags":[],"class_list":["post-3237","post","type-post","status-publish","format-standard","has-post-thumbnail","hentry","category-nacionales-internacionales"],"yoast_head":"<!-- This site is optimized with the Yoast SEO plugin v26.1.1 - https:\/\/yoast.com\/wordpress\/plugins\/seo\/ -->\n<title>SUSPENDIERON A UN JUEZ DE ENTRE R\u00cdOS DENUNCIADO POR SU HIJO POR ABUSO SEXUAL - Apuntes de San Luis<\/title>\n<meta name=\"robots\" content=\"index, follow, max-snippet:-1, max-image-preview:large, max-video-preview:-1\" \/>\n<link rel=\"canonical\" href=\"https:\/\/apuntesdesanluis.com\/index.php\/2023\/09\/12\/suspendieron-a-un-juez-de-entre-rios-denunciado-por-su-hijo-por-abuso-sexual\/\" \/>\n<meta property=\"og:locale\" content=\"es_ES\" \/>\n<meta property=\"og:type\" content=\"article\" \/>\n<meta property=\"og:title\" content=\"SUSPENDIERON A UN JUEZ DE ENTRE R\u00cdOS DENUNCIADO POR SU HIJO POR ABUSO SEXUAL - Apuntes de San Luis\" \/>\n<meta property=\"og:description\" content=\"El Superior Tribunal de Justicia (STJ) de Entre R\u00edos suspendi\u00f3 este martes en el cargo...\" \/>\n<meta property=\"og:url\" content=\"https:\/\/apuntesdesanluis.com\/index.php\/2023\/09\/12\/suspendieron-a-un-juez-de-entre-rios-denunciado-por-su-hijo-por-abuso-sexual\/\" \/>\n<meta property=\"og:site_name\" content=\"Apuntes de San Luis\" \/>\n<meta property=\"article:published_time\" content=\"2023-09-13T01:33:56+00:00\" \/>\n<meta property=\"og:image\" content=\"https:\/\/apuntesdesanluis.com\/wp-content\/uploads\/2023\/09\/juez.png\" \/>\n\t<meta property=\"og:image:width\" content=\"843\" \/>\n\t<meta property=\"og:image:height\" content=\"526\" \/>\n\t<meta property=\"og:image:type\" content=\"image\/png\" \/>\n<meta name=\"author\" content=\"apuntesdesanluis.com\" \/>\n<meta name=\"twitter:card\" content=\"summary_large_image\" \/>\n<meta name=\"twitter:label1\" content=\"Escrito por\" \/>\n\t<meta name=\"twitter:data1\" content=\"apuntesdesanluis.com\" \/>\n\t<meta name=\"twitter:label2\" content=\"Tiempo de lectura\" \/>\n\t<meta name=\"twitter:data2\" content=\"4 minutos\" \/>\n<script type=\"application\/ld+json\" class=\"yoast-schema-graph\">{\"@context\":\"https:\/\/schema.org\",\"@graph\":[{\"@type\":\"Article\",\"@id\":\"https:\/\/apuntesdesanluis.com\/index.php\/2023\/09\/12\/suspendieron-a-un-juez-de-entre-rios-denunciado-por-su-hijo-por-abuso-sexual\/#article\",\"isPartOf\":{\"@id\":\"https:\/\/apuntesdesanluis.com\/index.php\/2023\/09\/12\/suspendieron-a-un-juez-de-entre-rios-denunciado-por-su-hijo-por-abuso-sexual\/\"},\"author\":{\"name\":\"apuntesdesanluis.com\",\"@id\":\"https:\/\/apuntesdesanluis.com\/#\/schema\/person\/b55151d52296fcce64d1a72538a70b90\"},\"headline\":\"SUSPENDIERON A UN JUEZ DE ENTRE R\u00cdOS DENUNCIADO POR SU HIJO POR ABUSO SEXUAL\",\"datePublished\":\"2023-09-13T01:33:56+00:00\",\"mainEntityOfPage\":{\"@id\":\"https:\/\/apuntesdesanluis.com\/index.php\/2023\/09\/12\/suspendieron-a-un-juez-de-entre-rios-denunciado-por-su-hijo-por-abuso-sexual\/\"},\"wordCount\":683,\"publisher\":{\"@id\":\"https:\/\/apuntesdesanluis.com\/#\/schema\/person\/b55151d52296fcce64d1a72538a70b90\"},\"image\":{\"@id\":\"https:\/\/apuntesdesanluis.com\/index.php\/2023\/09\/12\/suspendieron-a-un-juez-de-entre-rios-denunciado-por-su-hijo-por-abuso-sexual\/#primaryimage\"},\"thumbnailUrl\":\"https:\/\/apuntesdesanluis.com\/wp-content\/uploads\/2023\/09\/juez.png\",\"articleSection\":[\"Nacionales\/Internacionales\"],\"inLanguage\":\"es-AR\"},{\"@type\":\"WebPage\",\"@id\":\"https:\/\/apuntesdesanluis.com\/index.php\/2023\/09\/12\/suspendieron-a-un-juez-de-entre-rios-denunciado-por-su-hijo-por-abuso-sexual\/\",\"url\":\"https:\/\/apuntesdesanluis.com\/index.php\/2023\/09\/12\/suspendieron-a-un-juez-de-entre-rios-denunciado-por-su-hijo-por-abuso-sexual\/\",\"name\":\"SUSPENDIERON A UN JUEZ DE ENTRE R\u00cdOS DENUNCIADO POR SU HIJO POR ABUSO SEXUAL - Apuntes de San Luis\",\"isPartOf\":{\"@id\":\"https:\/\/apuntesdesanluis.com\/#website\"},\"primaryImageOfPage\":{\"@id\":\"https:\/\/apuntesdesanluis.com\/index.php\/2023\/09\/12\/suspendieron-a-un-juez-de-entre-rios-denunciado-por-su-hijo-por-abuso-sexual\/#primaryimage\"},\"image\":{\"@id\":\"https:\/\/apuntesdesanluis.com\/index.php\/2023\/09\/12\/suspendieron-a-un-juez-de-entre-rios-denunciado-por-su-hijo-por-abuso-sexual\/#primaryimage\"},\"thumbnailUrl\":\"https:\/\/apuntesdesanluis.com\/wp-content\/uploads\/2023\/09\/juez.png\",\"datePublished\":\"2023-09-13T01:33:56+00:00\",\"breadcrumb\":{\"@id\":\"https:\/\/apuntesdesanluis.com\/index.php\/2023\/09\/12\/suspendieron-a-un-juez-de-entre-rios-denunciado-por-su-hijo-por-abuso-sexual\/#breadcrumb\"},\"inLanguage\":\"es-AR\",\"potentialAction\":[{\"@type\":\"ReadAction\",\"target\":[\"https:\/\/apuntesdesanluis.com\/index.php\/2023\/09\/12\/suspendieron-a-un-juez-de-entre-rios-denunciado-por-su-hijo-por-abuso-sexual\/\"]}]},{\"@type\":\"ImageObject\",\"inLanguage\":\"es-AR\",\"@id\":\"https:\/\/apuntesdesanluis.com\/index.php\/2023\/09\/12\/suspendieron-a-un-juez-de-entre-rios-denunciado-por-su-hijo-por-abuso-sexual\/#primaryimage\",\"url\":\"https:\/\/apuntesdesanluis.com\/wp-content\/uploads\/2023\/09\/juez.png\",\"contentUrl\":\"https:\/\/apuntesdesanluis.com\/wp-content\/uploads\/2023\/09\/juez.png\",\"width\":843,\"height\":526},{\"@type\":\"BreadcrumbList\",\"@id\":\"https:\/\/apuntesdesanluis.com\/index.php\/2023\/09\/12\/suspendieron-a-un-juez-de-entre-rios-denunciado-por-su-hijo-por-abuso-sexual\/#breadcrumb\",\"itemListElement\":[{\"@type\":\"ListItem\",\"position\":1,\"name\":\"Inicio\",\"item\":\"https:\/\/apuntesdesanluis.com\/\"},{\"@type\":\"ListItem\",\"position\":2,\"name\":\"SUSPENDIERON A UN JUEZ DE ENTRE R\u00cdOS DENUNCIADO POR SU HIJO POR ABUSO SEXUAL\"}]},{\"@type\":\"WebSite\",\"@id\":\"https:\/\/apuntesdesanluis.com\/#website\",\"url\":\"https:\/\/apuntesdesanluis.com\/\",\"name\":\"Apuntes de San Luis\",\"description\":\"\",\"publisher\":{\"@id\":\"https:\/\/apuntesdesanluis.com\/#\/schema\/person\/b55151d52296fcce64d1a72538a70b90\"},\"potentialAction\":[{\"@type\":\"SearchAction\",\"target\":{\"@type\":\"EntryPoint\",\"urlTemplate\":\"https:\/\/apuntesdesanluis.com\/?s={search_term_string}\"},\"query-input\":{\"@type\":\"PropertyValueSpecification\",\"valueRequired\":true,\"valueName\":\"search_term_string\"}}],\"inLanguage\":\"es-AR\"},{\"@type\":[\"Person\",\"Organization\"],\"@id\":\"https:\/\/apuntesdesanluis.com\/#\/schema\/person\/b55151d52296fcce64d1a72538a70b90\",\"name\":\"apuntesdesanluis.com\",\"image\":{\"@type\":\"ImageObject\",\"inLanguage\":\"es-AR\",\"@id\":\"https:\/\/apuntesdesanluis.com\/#\/schema\/person\/image\/\",\"url\":\"https:\/\/apuntesdesanluis.com\/wp-content\/uploads\/2023\/07\/cropped-apuntesdesanluis.png\",\"contentUrl\":\"https:\/\/apuntesdesanluis.com\/wp-content\/uploads\/2023\/07\/cropped-apuntesdesanluis.png\",\"width\":450,\"height\":112,\"caption\":\"apuntesdesanluis.com\"},\"logo\":{\"@id\":\"https:\/\/apuntesdesanluis.com\/#\/schema\/person\/image\/\"},\"sameAs\":[\"https:\/\/apuntesdesanluis.com\"],\"url\":\"https:\/\/apuntesdesanluis.com\/index.php\/author\/apuntesdesanluis-com\/\"}]}<\/script>\n<!-- \/ Yoast SEO plugin. -->","yoast_head_json":{"title":"SUSPENDIERON A UN JUEZ DE ENTRE R\u00cdOS DENUNCIADO POR SU HIJO POR ABUSO SEXUAL - Apuntes de San Luis","robots":{"index":"index","follow":"follow","max-snippet":"max-snippet:-1","max-image-preview":"max-image-preview:large","max-video-preview":"max-video-preview:-1"},"canonical":"https:\/\/apuntesdesanluis.com\/index.php\/2023\/09\/12\/suspendieron-a-un-juez-de-entre-rios-denunciado-por-su-hijo-por-abuso-sexual\/","og_locale":"es_ES","og_type":"article","og_title":"SUSPENDIERON A UN JUEZ DE ENTRE R\u00cdOS DENUNCIADO POR SU HIJO POR ABUSO SEXUAL - Apuntes de San Luis","og_description":"El Superior Tribunal de Justicia (STJ) de Entre R\u00edos suspendi\u00f3 este martes en el cargo...","og_url":"https:\/\/apuntesdesanluis.com\/index.php\/2023\/09\/12\/suspendieron-a-un-juez-de-entre-rios-denunciado-por-su-hijo-por-abuso-sexual\/","og_site_name":"Apuntes de San Luis","article_published_time":"2023-09-13T01:33:56+00:00","og_image":[{"width":843,"height":526,"url":"https:\/\/apuntesdesanluis.com\/wp-content\/uploads\/2023\/09\/juez.png","type":"image\/png"}],"author":"apuntesdesanluis.com","twitter_card":"summary_large_image","twitter_misc":{"Escrito por":"apuntesdesanluis.com","Tiempo de lectura":"4 minutos"},"schema":{"@context":"https:\/\/schema.org","@graph":[{"@type":"Article","@id":"https:\/\/apuntesdesanluis.com\/index.php\/2023\/09\/12\/suspendieron-a-un-juez-de-entre-rios-denunciado-por-su-hijo-por-abuso-sexual\/#article","isPartOf":{"@id":"https:\/\/apuntesdesanluis.com\/index.php\/2023\/09\/12\/suspendieron-a-un-juez-de-entre-rios-denunciado-por-su-hijo-por-abuso-sexual\/"},"author":{"name":"apuntesdesanluis.com","@id":"https:\/\/apuntesdesanluis.com\/#\/schema\/person\/b55151d52296fcce64d1a72538a70b90"},"headline":"SUSPENDIERON A UN JUEZ DE ENTRE R\u00cdOS DENUNCIADO POR SU HIJO POR ABUSO SEXUAL","datePublished":"2023-09-13T01:33:56+00:00","mainEntityOfPage":{"@id":"https:\/\/apuntesdesanluis.com\/index.php\/2023\/09\/12\/suspendieron-a-un-juez-de-entre-rios-denunciado-por-su-hijo-por-abuso-sexual\/"},"wordCount":683,"publisher":{"@id":"https:\/\/apuntesdesanluis.com\/#\/schema\/person\/b55151d52296fcce64d1a72538a70b90"},"image":{"@id":"https:\/\/apuntesdesanluis.com\/index.php\/2023\/09\/12\/suspendieron-a-un-juez-de-entre-rios-denunciado-por-su-hijo-por-abuso-sexual\/#primaryimage"},"thumbnailUrl":"https:\/\/apuntesdesanluis.com\/wp-content\/uploads\/2023\/09\/juez.png","articleSection":["Nacionales\/Internacionales"],"inLanguage":"es-AR"},{"@type":"WebPage","@id":"https:\/\/apuntesdesanluis.com\/index.php\/2023\/09\/12\/suspendieron-a-un-juez-de-entre-rios-denunciado-por-su-hijo-por-abuso-sexual\/","url":"https:\/\/apuntesdesanluis.com\/index.php\/2023\/09\/12\/suspendieron-a-un-juez-de-entre-rios-denunciado-por-su-hijo-por-abuso-sexual\/","name":"SUSPENDIERON A UN JUEZ DE ENTRE R\u00cdOS DENUNCIADO POR SU HIJO POR ABUSO SEXUAL - Apuntes de San Luis","isPartOf":{"@id":"https:\/\/apuntesdesanluis.com\/#website"},"primaryImageOfPage":{"@id":"https:\/\/apuntesdesanluis.com\/index.php\/2023\/09\/12\/suspendieron-a-un-juez-de-entre-rios-denunciado-por-su-hijo-por-abuso-sexual\/#primaryimage"},"image":{"@id":"https:\/\/apuntesdesanluis.com\/index.php\/2023\/09\/12\/suspendieron-a-un-juez-de-entre-rios-denunciado-por-su-hijo-por-abuso-sexual\/#primaryimage"},"thumbnailUrl":"https:\/\/apuntesdesanluis.com\/wp-content\/uploads\/2023\/09\/juez.png","datePublished":"2023-09-13T01:33:56+00:00","breadcrumb":{"@id":"https:\/\/apuntesdesanluis.com\/index.php\/2023\/09\/12\/suspendieron-a-un-juez-de-entre-rios-denunciado-por-su-hijo-por-abuso-sexual\/#breadcrumb"},"inLanguage":"es-AR","potentialAction":[{"@type":"ReadAction","target":["https:\/\/apuntesdesanluis.com\/index.php\/2023\/09\/12\/suspendieron-a-un-juez-de-entre-rios-denunciado-por-su-hijo-por-abuso-sexual\/"]}]},{"@type":"ImageObject","inLanguage":"es-AR","@id":"https:\/\/apuntesdesanluis.com\/index.php\/2023\/09\/12\/suspendieron-a-un-juez-de-entre-rios-denunciado-por-su-hijo-por-abuso-sexual\/#primaryimage","url":"https:\/\/apuntesdesanluis.com\/wp-content\/uploads\/2023\/09\/juez.png","contentUrl":"https:\/\/apuntesdesanluis.com\/wp-content\/uploads\/2023\/09\/juez.png","width":843,"height":526},{"@type":"BreadcrumbList","@id":"https:\/\/apuntesdesanluis.com\/index.php\/2023\/09\/12\/suspendieron-a-un-juez-de-entre-rios-denunciado-por-su-hijo-por-abuso-sexual\/#breadcrumb","itemListElement":[{"@type":"ListItem","position":1,"name":"Inicio","item":"https:\/\/apuntesdesanluis.com\/"},{"@type":"ListItem","position":2,"name":"SUSPENDIERON A UN JUEZ DE ENTRE R\u00cdOS DENUNCIADO POR SU HIJO POR ABUSO SEXUAL"}]},{"@type":"WebSite","@id":"https:\/\/apuntesdesanluis.com\/#website","url":"https:\/\/apuntesdesanluis.com\/","name":"Apuntes de San Luis","description":"","publisher":{"@id":"https:\/\/apuntesdesanluis.com\/#\/schema\/person\/b55151d52296fcce64d1a72538a70b90"},"potentialAction":[{"@type":"SearchAction","target":{"@type":"EntryPoint","urlTemplate":"https:\/\/apuntesdesanluis.com\/?s={search_term_string}"},"query-input":{"@type":"PropertyValueSpecification","valueRequired":true,"valueName":"search_term_string"}}],"inLanguage":"es-AR"},{"@type":["Person","Organization"],"@id":"https:\/\/apuntesdesanluis.com\/#\/schema\/person\/b55151d52296fcce64d1a72538a70b90","name":"apuntesdesanluis.com","image":{"@type":"ImageObject","inLanguage":"es-AR","@id":"https:\/\/apuntesdesanluis.com\/#\/schema\/person\/image\/","url":"https:\/\/apuntesdesanluis.com\/wp-content\/uploads\/2023\/07\/cropped-apuntesdesanluis.png","contentUrl":"https:\/\/apuntesdesanluis.com\/wp-content\/uploads\/2023\/07\/cropped-apuntesdesanluis.png","width":450,"height":112,"caption":"apuntesdesanluis.com"},"logo":{"@id":"https:\/\/apuntesdesanluis.com\/#\/schema\/person\/image\/"},"sameAs":["https:\/\/apuntesdesanluis.com"],"url":"https:\/\/apuntesdesanluis.com\/index.php\/author\/apuntesdesanluis-com\/"}]}},"featured_image_urls":{"full":["https:\/\/apuntesdesanluis.com\/wp-content\/uploads\/2023\/09\/juez.png",843,526,false],"thumbnail":["https:\/\/apuntesdesanluis.com\/wp-content\/uploads\/2023\/09\/juez-150x150.png",150,150,true],"medium":["https:\/\/apuntesdesanluis.com\/wp-content\/uploads\/2023\/09\/juez-300x187.png",300,187,true],"medium_large":["https:\/\/apuntesdesanluis.com\/wp-content\/uploads\/2023\/09\/juez-768x479.png",640,399,true],"large":["https:\/\/apuntesdesanluis.com\/wp-content\/uploads\/2023\/09\/juez.png",640,399,false],"1536x1536":["https:\/\/apuntesdesanluis.com\/wp-content\/uploads\/2023\/09\/juez.png",843,526,false],"2048x2048":["https:\/\/apuntesdesanluis.com\/wp-content\/uploads\/2023\/09\/juez.png",843,526,false],"newsever-slider-full":["https:\/\/apuntesdesanluis.com\/wp-content\/uploads\/2023\/09\/juez.png",843,526,false],"newsever-featured":["https:\/\/apuntesdesanluis.com\/wp-content\/uploads\/2023\/09\/juez.png",843,526,false],"newsever-medium":["https:\/\/apuntesdesanluis.com\/wp-content\/uploads\/2023\/09\/juez-720x475.png",720,475,true]},"author_info":{"display_name":"apuntesdesanluis.com","author_link":"https:\/\/apuntesdesanluis.com\/index.php\/author\/apuntesdesanluis-com\/"},"category_info":"<a href=\"https:\/\/apuntesdesanluis.com\/index.php\/category\/nacionales-internacionales\/\" rel=\"category tag\">Nacionales\/Internacionales<\/a>","tag_info":"Nacionales\/Internacionales","comment_count":"0","_links":{"self":[{"href":"https:\/\/apuntesdesanluis.com\/index.php\/wp-json\/wp\/v2\/posts\/3237","targetHints":{"allow":["GET"]}}],"collection":[{"href":"https:\/\/apuntesdesanluis.com\/index.php\/wp-json\/wp\/v2\/posts"}],"about":[{"href":"https:\/\/apuntesdesanluis.com\/index.php\/wp-json\/wp\/v2\/types\/post"}],"author":[{"embeddable":true,"href":"https:\/\/apuntesdesanluis.com\/index.php\/wp-json\/wp\/v2\/users\/1"}],"replies":[{"embeddable":true,"href":"https:\/\/apuntesdesanluis.com\/index.php\/wp-json\/wp\/v2\/comments?post=3237"}],"version-history":[{"count":1,"href":"https:\/\/apuntesdesanluis.com\/index.php\/wp-json\/wp\/v2\/posts\/3237\/revisions"}],"predecessor-version":[{"id":3240,"href":"https:\/\/apuntesdesanluis.com\/index.php\/wp-json\/wp\/v2\/posts\/3237\/revisions\/3240"}],"wp:featuredmedia":[{"embeddable":true,"href":"https:\/\/apuntesdesanluis.com\/index.php\/wp-json\/wp\/v2\/media\/3239"}],"wp:attachment":[{"href":"https:\/\/apuntesdesanluis.com\/index.php\/wp-json\/wp\/v2\/media?parent=3237"}],"wp:term":[{"taxonomy":"category","embeddable":true,"href":"https:\/\/apuntesdesanluis.com\/index.php\/wp-json\/wp\/v2\/categories?post=3237"},{"taxonomy":"post_tag","embeddable":true,"href":"https:\/\/apuntesdesanluis.com\/index.php\/wp-json\/wp\/v2\/tags?post=3237"}],"curies":[{"name":"wp","href":"https:\/\/api.w.org\/{rel}","templated":true}]}}