{"id":3252,"date":"2023-09-13T20:18:44","date_gmt":"2023-09-13T23:18:44","guid":{"rendered":"https:\/\/apuntesdesanluis.com\/?p=3252"},"modified":"2023-09-13T20:22:26","modified_gmt":"2023-09-13T23:22:26","slug":"dia-de-furia-en-la-legislatura-en-medio-de-disturbios-los-diputados-estan-cercados","status":"publish","type":"post","link":"https:\/\/apuntesdesanluis.com\/index.php\/2023\/09\/13\/dia-de-furia-en-la-legislatura-en-medio-de-disturbios-los-diputados-estan-cercados\/","title":{"rendered":"D\u00cdA DE FURIA EN LA LEGISLATURA: EN MEDIO DE DISTURBIOS, LOS DIPUTADOS EST\u00c1N CERCADOS"},"content":{"rendered":"<h3>Apenas se conoci\u00f3 el rechazo de la iniciativa en la C\u00e1mara de Diputados, que propon\u00eda ampliar el presupuesto para pasar a planta contratada a los trabajadores del Plan de Inclusi\u00f3n, un gran n\u00famero de beneficiarios comenz\u00f3 a quemar cubiertas, elev\u00f3 los gritos y tras romper una valla logr\u00f3 ingresar hasta la explanada del edificio legislativo.<\/h3>\n<div style=\"width: 480px;\" class=\"wp-video\"><!--[if lt IE 9]><script>document.createElement('video');<\/script><![endif]-->\n<video class=\"wp-video-shortcode\" id=\"video-3252-1\" width=\"480\" height=\"864\" preload=\"metadata\" controls=\"controls\"><source type=\"video\/mp4\" src=\"https:\/\/apuntesdesanluis.com\/wp-content\/uploads\/2023\/09\/cubiertas.mp4?_=1\" \/><a href=\"https:\/\/apuntesdesanluis.com\/wp-content\/uploads\/2023\/09\/cubiertas.mp4\">https:\/\/apuntesdesanluis.com\/wp-content\/uploads\/2023\/09\/cubiertas.mp4<\/a><\/video><\/div>\n<h3>Los trabajadores bloquearon las salidas de ingreso e impidieron que se retiren los legisladores. Alguna piedra que se arroj\u00f3 rompi\u00f3 el vidrio de un despacho.<\/h3>\n<p><img fetchpriority=\"high\" decoding=\"async\" class=\"wp-image-3255 aligncenter\" src=\"https:\/\/apuntesdesanluis.com\/wp-content\/uploads\/2023\/09\/ventana-266x300.jpg\" alt=\"\" width=\"553\" height=\"624\" srcset=\"https:\/\/apuntesdesanluis.com\/wp-content\/uploads\/2023\/09\/ventana-266x300.jpg 266w, https:\/\/apuntesdesanluis.com\/wp-content\/uploads\/2023\/09\/ventana.jpg 587w\" sizes=\"(max-width: 553px) 100vw, 553px\" \/><\/p>\n<h3>Entre los manifestantes hubo algunos con su rostro tapado que promov\u00edan la quema del edificio o los autos de los diputados. Otros propon\u00edan no retirarse hasta tanto no se hiciera presente el propio gobernador Alberto Rodr\u00edguez Sa\u00e1, a quien le reprochaban haberles mentido cuando les hizo firmar los contratos sin contar con la autorizaci\u00f3n respectiva por la ley de presupuesto vigente.<\/h3>\n<h3>El c\u00e1ntico h.. de \u2026 p se repiti\u00f3 en la boca de una multitud enardecida que mantuvo de rehenes a los diputados, imposibilitados de salir y retirarse, ante el peligro para su integridad que representa enfrentar a los manifestantes.<\/h3>\n<div style=\"width: 480px;\" class=\"wp-video\"><video class=\"wp-video-shortcode\" id=\"video-3252-2\" width=\"480\" height=\"864\" preload=\"metadata\" controls=\"controls\"><source type=\"video\/mp4\" src=\"https:\/\/apuntesdesanluis.com\/wp-content\/uploads\/2023\/09\/valla-tirada.mp4?_=2\" \/><a href=\"https:\/\/apuntesdesanluis.com\/wp-content\/uploads\/2023\/09\/valla-tirada.mp4\">https:\/\/apuntesdesanluis.com\/wp-content\/uploads\/2023\/09\/valla-tirada.mp4<\/a><\/video><\/div>\n<h3>En medio de un tremendo griter\u00edo, salieron a intentar dialogar y pacificar los \u00e1nimos el vicegobernador <strong>Eduardo Mones Ruiz<\/strong> y la presidenta de la C\u00e1mara Baja, <strong>Silvia Sosa Araujo<\/strong>, quienes descargaron la responsabilidad en los legisladores opositores que votaron en contra del proyecto, pero recibieron una rechifla generalizada e insultos de los manifestantes, quienes los acusaron de haber usado a los beneficiarios con fines pol\u00edticos.<\/h3>\n<p><img decoding=\"async\" class=\"wp-image-3257 aligncenter\" src=\"https:\/\/apuntesdesanluis.com\/wp-content\/uploads\/2023\/09\/mones-ruiz-300x187.png\" alt=\"\" width=\"733\" height=\"457\" srcset=\"https:\/\/apuntesdesanluis.com\/wp-content\/uploads\/2023\/09\/mones-ruiz-300x187.png 300w, https:\/\/apuntesdesanluis.com\/wp-content\/uploads\/2023\/09\/mones-ruiz-1024x639.png 1024w, https:\/\/apuntesdesanluis.com\/wp-content\/uploads\/2023\/09\/mones-ruiz-768x479.png 768w, https:\/\/apuntesdesanluis.com\/wp-content\/uploads\/2023\/09\/mones-ruiz.png 1359w\" sizes=\"(max-width: 733px) 100vw, 733px\" \/><\/p>\n<h3>Con el paso de las horas siguieron llegando fuerzas policiales, que se ubicaron no s\u00f3lo en el interior del edificio sino tambi\u00e9n en los alrededores.<\/h3>\n<h3>Numerosas personas comenzaron a forcejear para intentar entrar en el edificio, por lo que la polic\u00eda opt\u00f3 por tirar gases lacrim\u00f3genos para dispersar a los manifestantes, que comenzaron a arrojar piedras.<\/h3>\n<h3>Cerca de las 20:00 y luego de m\u00e1s de diez horas de tensi\u00f3n algunos legisladores comenzaron a retirarse del edificio custodiados por fuerzas de seguridad.<\/h3>\n<h3>Entre la multitud se deliberaba si permanecer en el lugar, mudar la protesta a Terrazas del Portezuelo o dirigirse a cortar\u00a0 la autopista.<\/h3>\n<h3>Se debi\u00f3 convocar a una unidad de bomberos voluntarios para apagar los numerosos incendios que se iniciaron en el ingreso a la Legislatura.<\/h3>\n<h3>En las redes sociales se viralizaron videos dando cuenta de la tensi\u00f3n que se est\u00e1 viviendo en la ciudad de San Luis, un verdadero d\u00eda de furia, que amenaza con extender hacia otros lugares de la ciudad Capital.<\/h3>\n<h3>Trascendi\u00f3 que el gobernador <strong>Alberto Rodr\u00edguez Sa\u00e1<\/strong> est\u00e1 siguiendo minuto a minuto el desarrollo de los acontecimientos y no se descartaba que pudiera grabar un mensaje a la ciudadan\u00eda.<\/h3>\n<h3><strong><em>(Noticia en desarrollo)<\/em><\/strong><\/h3>\n<p>&nbsp;<\/p>\n<p>&nbsp;<\/p>\n<p>&nbsp;<\/p>\n","protected":false},"excerpt":{"rendered":"<p>Apenas se conoci\u00f3 el rechazo de la iniciativa en la C\u00e1mara de Diputados, que propon\u00eda&#8230;<\/p>\n","protected":false},"author":1,"featured_media":3253,"comment_status":"closed","ping_status":"closed","sticky":false,"template":"","format":"standard","meta":{"footnotes":""},"categories":[6],"tags":[],"class_list":["post-3252","post","type-post","status-publish","format-standard","has-post-thumbnail","hentry","category-ciudad-provincia"],"yoast_head":"<!-- This site is optimized with the Yoast SEO plugin v26.1.1 - https:\/\/yoast.com\/wordpress\/plugins\/seo\/ -->\n<title>D\u00cdA DE FURIA EN LA LEGISLATURA: EN MEDIO DE DISTURBIOS, LOS DIPUTADOS EST\u00c1N CERCADOS - Apuntes de San Luis<\/title>\n<meta name=\"robots\" content=\"index, follow, max-snippet:-1, max-image-preview:large, max-video-preview:-1\" \/>\n<link rel=\"canonical\" href=\"https:\/\/apuntesdesanluis.com\/index.php\/2023\/09\/13\/dia-de-furia-en-la-legislatura-en-medio-de-disturbios-los-diputados-estan-cercados\/\" \/>\n<meta property=\"og:locale\" content=\"es_ES\" \/>\n<meta property=\"og:type\" content=\"article\" \/>\n<meta property=\"og:title\" content=\"D\u00cdA DE FURIA EN LA LEGISLATURA: EN MEDIO DE DISTURBIOS, LOS DIPUTADOS EST\u00c1N CERCADOS - Apuntes de San Luis\" \/>\n<meta property=\"og:description\" content=\"Apenas se conoci\u00f3 el rechazo de la iniciativa en la C\u00e1mara de Diputados, que propon\u00eda...\" \/>\n<meta property=\"og:url\" content=\"https:\/\/apuntesdesanluis.com\/index.php\/2023\/09\/13\/dia-de-furia-en-la-legislatura-en-medio-de-disturbios-los-diputados-estan-cercados\/\" \/>\n<meta property=\"og:site_name\" content=\"Apuntes de San Luis\" \/>\n<meta property=\"article:published_time\" content=\"2023-09-13T23:18:44+00:00\" \/>\n<meta property=\"article:modified_time\" content=\"2023-09-13T23:22:26+00:00\" \/>\n<meta property=\"og:image\" content=\"https:\/\/apuntesdesanluis.com\/wp-content\/uploads\/2023\/09\/exterior-quema.png\" \/>\n\t<meta property=\"og:image:width\" content=\"428\" \/>\n\t<meta property=\"og:image:height\" content=\"266\" \/>\n\t<meta property=\"og:image:type\" content=\"image\/png\" \/>\n<meta name=\"author\" content=\"apuntesdesanluis.com\" \/>\n<meta name=\"twitter:card\" content=\"summary_large_image\" \/>\n<meta name=\"twitter:label1\" content=\"Escrito por\" \/>\n\t<meta name=\"twitter:data1\" content=\"apuntesdesanluis.com\" \/>\n\t<meta name=\"twitter:label2\" content=\"Tiempo de lectura\" \/>\n\t<meta name=\"twitter:data2\" content=\"3 minutos\" \/>\n<script type=\"application\/ld+json\" class=\"yoast-schema-graph\">{\"@context\":\"https:\/\/schema.org\",\"@graph\":[{\"@type\":\"Article\",\"@id\":\"https:\/\/apuntesdesanluis.com\/index.php\/2023\/09\/13\/dia-de-furia-en-la-legislatura-en-medio-de-disturbios-los-diputados-estan-cercados\/#article\",\"isPartOf\":{\"@id\":\"https:\/\/apuntesdesanluis.com\/index.php\/2023\/09\/13\/dia-de-furia-en-la-legislatura-en-medio-de-disturbios-los-diputados-estan-cercados\/\"},\"author\":{\"name\":\"apuntesdesanluis.com\",\"@id\":\"https:\/\/apuntesdesanluis.com\/#\/schema\/person\/b55151d52296fcce64d1a72538a70b90\"},\"headline\":\"D\u00cdA DE FURIA EN LA LEGISLATURA: EN MEDIO DE DISTURBIOS, LOS DIPUTADOS EST\u00c1N CERCADOS\",\"datePublished\":\"2023-09-13T23:18:44+00:00\",\"dateModified\":\"2023-09-13T23:22:26+00:00\",\"mainEntityOfPage\":{\"@id\":\"https:\/\/apuntesdesanluis.com\/index.php\/2023\/09\/13\/dia-de-furia-en-la-legislatura-en-medio-de-disturbios-los-diputados-estan-cercados\/\"},\"wordCount\":505,\"publisher\":{\"@id\":\"https:\/\/apuntesdesanluis.com\/#\/schema\/person\/b55151d52296fcce64d1a72538a70b90\"},\"image\":{\"@id\":\"https:\/\/apuntesdesanluis.com\/index.php\/2023\/09\/13\/dia-de-furia-en-la-legislatura-en-medio-de-disturbios-los-diputados-estan-cercados\/#primaryimage\"},\"thumbnailUrl\":\"https:\/\/apuntesdesanluis.com\/wp-content\/uploads\/2023\/09\/exterior-quema.png\",\"articleSection\":[\"Ciudad\/Provincia\"],\"inLanguage\":\"es-AR\"},{\"@type\":\"WebPage\",\"@id\":\"https:\/\/apuntesdesanluis.com\/index.php\/2023\/09\/13\/dia-de-furia-en-la-legislatura-en-medio-de-disturbios-los-diputados-estan-cercados\/\",\"url\":\"https:\/\/apuntesdesanluis.com\/index.php\/2023\/09\/13\/dia-de-furia-en-la-legislatura-en-medio-de-disturbios-los-diputados-estan-cercados\/\",\"name\":\"D\u00cdA DE FURIA EN LA LEGISLATURA: EN MEDIO DE DISTURBIOS, LOS DIPUTADOS EST\u00c1N CERCADOS - Apuntes de San Luis\",\"isPartOf\":{\"@id\":\"https:\/\/apuntesdesanluis.com\/#website\"},\"primaryImageOfPage\":{\"@id\":\"https:\/\/apuntesdesanluis.com\/index.php\/2023\/09\/13\/dia-de-furia-en-la-legislatura-en-medio-de-disturbios-los-diputados-estan-cercados\/#primaryimage\"},\"image\":{\"@id\":\"https:\/\/apuntesdesanluis.com\/index.php\/2023\/09\/13\/dia-de-furia-en-la-legislatura-en-medio-de-disturbios-los-diputados-estan-cercados\/#primaryimage\"},\"thumbnailUrl\":\"https:\/\/apuntesdesanluis.com\/wp-content\/uploads\/2023\/09\/exterior-quema.png\",\"datePublished\":\"2023-09-13T23:18:44+00:00\",\"dateModified\":\"2023-09-13T23:22:26+00:00\",\"breadcrumb\":{\"@id\":\"https:\/\/apuntesdesanluis.com\/index.php\/2023\/09\/13\/dia-de-furia-en-la-legislatura-en-medio-de-disturbios-los-diputados-estan-cercados\/#breadcrumb\"},\"inLanguage\":\"es-AR\",\"potentialAction\":[{\"@type\":\"ReadAction\",\"target\":[\"https:\/\/apuntesdesanluis.com\/index.php\/2023\/09\/13\/dia-de-furia-en-la-legislatura-en-medio-de-disturbios-los-diputados-estan-cercados\/\"]}]},{\"@type\":\"ImageObject\",\"inLanguage\":\"es-AR\",\"@id\":\"https:\/\/apuntesdesanluis.com\/index.php\/2023\/09\/13\/dia-de-furia-en-la-legislatura-en-medio-de-disturbios-los-diputados-estan-cercados\/#primaryimage\",\"url\":\"https:\/\/apuntesdesanluis.com\/wp-content\/uploads\/2023\/09\/exterior-quema.png\",\"contentUrl\":\"https:\/\/apuntesdesanluis.com\/wp-content\/uploads\/2023\/09\/exterior-quema.png\",\"width\":428,\"height\":266},{\"@type\":\"BreadcrumbList\",\"@id\":\"https:\/\/apuntesdesanluis.com\/index.php\/2023\/09\/13\/dia-de-furia-en-la-legislatura-en-medio-de-disturbios-los-diputados-estan-cercados\/#breadcrumb\",\"itemListElement\":[{\"@type\":\"ListItem\",\"position\":1,\"name\":\"Inicio\",\"item\":\"https:\/\/apuntesdesanluis.com\/\"},{\"@type\":\"ListItem\",\"position\":2,\"name\":\"D\u00cdA DE FURIA EN LA LEGISLATURA: EN MEDIO DE DISTURBIOS, LOS DIPUTADOS EST\u00c1N CERCADOS\"}]},{\"@type\":\"WebSite\",\"@id\":\"https:\/\/apuntesdesanluis.com\/#website\",\"url\":\"https:\/\/apuntesdesanluis.com\/\",\"name\":\"Apuntes de San Luis\",\"description\":\"\",\"publisher\":{\"@id\":\"https:\/\/apuntesdesanluis.com\/#\/schema\/person\/b55151d52296fcce64d1a72538a70b90\"},\"potentialAction\":[{\"@type\":\"SearchAction\",\"target\":{\"@type\":\"EntryPoint\",\"urlTemplate\":\"https:\/\/apuntesdesanluis.com\/?s={search_term_string}\"},\"query-input\":{\"@type\":\"PropertyValueSpecification\",\"valueRequired\":true,\"valueName\":\"search_term_string\"}}],\"inLanguage\":\"es-AR\"},{\"@type\":[\"Person\",\"Organization\"],\"@id\":\"https:\/\/apuntesdesanluis.com\/#\/schema\/person\/b55151d52296fcce64d1a72538a70b90\",\"name\":\"apuntesdesanluis.com\",\"image\":{\"@type\":\"ImageObject\",\"inLanguage\":\"es-AR\",\"@id\":\"https:\/\/apuntesdesanluis.com\/#\/schema\/person\/image\/\",\"url\":\"https:\/\/apuntesdesanluis.com\/wp-content\/uploads\/2023\/07\/cropped-apuntesdesanluis.png\",\"contentUrl\":\"https:\/\/apuntesdesanluis.com\/wp-content\/uploads\/2023\/07\/cropped-apuntesdesanluis.png\",\"width\":450,\"height\":112,\"caption\":\"apuntesdesanluis.com\"},\"logo\":{\"@id\":\"https:\/\/apuntesdesanluis.com\/#\/schema\/person\/image\/\"},\"sameAs\":[\"https:\/\/apuntesdesanluis.com\"],\"url\":\"https:\/\/apuntesdesanluis.com\/index.php\/author\/apuntesdesanluis-com\/\"}]}<\/script>\n<!-- \/ Yoast SEO plugin. -->","yoast_head_json":{"title":"D\u00cdA DE FURIA EN LA LEGISLATURA: EN MEDIO DE DISTURBIOS, LOS DIPUTADOS EST\u00c1N CERCADOS - Apuntes de San Luis","robots":{"index":"index","follow":"follow","max-snippet":"max-snippet:-1","max-image-preview":"max-image-preview:large","max-video-preview":"max-video-preview:-1"},"canonical":"https:\/\/apuntesdesanluis.com\/index.php\/2023\/09\/13\/dia-de-furia-en-la-legislatura-en-medio-de-disturbios-los-diputados-estan-cercados\/","og_locale":"es_ES","og_type":"article","og_title":"D\u00cdA DE FURIA EN LA LEGISLATURA: EN MEDIO DE DISTURBIOS, LOS DIPUTADOS EST\u00c1N CERCADOS - Apuntes de San Luis","og_description":"Apenas se conoci\u00f3 el rechazo de la iniciativa en la C\u00e1mara de Diputados, que propon\u00eda...","og_url":"https:\/\/apuntesdesanluis.com\/index.php\/2023\/09\/13\/dia-de-furia-en-la-legislatura-en-medio-de-disturbios-los-diputados-estan-cercados\/","og_site_name":"Apuntes de San Luis","article_published_time":"2023-09-13T23:18:44+00:00","article_modified_time":"2023-09-13T23:22:26+00:00","og_image":[{"width":428,"height":266,"url":"https:\/\/apuntesdesanluis.com\/wp-content\/uploads\/2023\/09\/exterior-quema.png","type":"image\/png"}],"author":"apuntesdesanluis.com","twitter_card":"summary_large_image","twitter_misc":{"Escrito por":"apuntesdesanluis.com","Tiempo de lectura":"3 minutos"},"schema":{"@context":"https:\/\/schema.org","@graph":[{"@type":"Article","@id":"https:\/\/apuntesdesanluis.com\/index.php\/2023\/09\/13\/dia-de-furia-en-la-legislatura-en-medio-de-disturbios-los-diputados-estan-cercados\/#article","isPartOf":{"@id":"https:\/\/apuntesdesanluis.com\/index.php\/2023\/09\/13\/dia-de-furia-en-la-legislatura-en-medio-de-disturbios-los-diputados-estan-cercados\/"},"author":{"name":"apuntesdesanluis.com","@id":"https:\/\/apuntesdesanluis.com\/#\/schema\/person\/b55151d52296fcce64d1a72538a70b90"},"headline":"D\u00cdA DE FURIA EN LA LEGISLATURA: EN MEDIO DE DISTURBIOS, LOS DIPUTADOS EST\u00c1N CERCADOS","datePublished":"2023-09-13T23:18:44+00:00","dateModified":"2023-09-13T23:22:26+00:00","mainEntityOfPage":{"@id":"https:\/\/apuntesdesanluis.com\/index.php\/2023\/09\/13\/dia-de-furia-en-la-legislatura-en-medio-de-disturbios-los-diputados-estan-cercados\/"},"wordCount":505,"publisher":{"@id":"https:\/\/apuntesdesanluis.com\/#\/schema\/person\/b55151d52296fcce64d1a72538a70b90"},"image":{"@id":"https:\/\/apuntesdesanluis.com\/index.php\/2023\/09\/13\/dia-de-furia-en-la-legislatura-en-medio-de-disturbios-los-diputados-estan-cercados\/#primaryimage"},"thumbnailUrl":"https:\/\/apuntesdesanluis.com\/wp-content\/uploads\/2023\/09\/exterior-quema.png","articleSection":["Ciudad\/Provincia"],"inLanguage":"es-AR"},{"@type":"WebPage","@id":"https:\/\/apuntesdesanluis.com\/index.php\/2023\/09\/13\/dia-de-furia-en-la-legislatura-en-medio-de-disturbios-los-diputados-estan-cercados\/","url":"https:\/\/apuntesdesanluis.com\/index.php\/2023\/09\/13\/dia-de-furia-en-la-legislatura-en-medio-de-disturbios-los-diputados-estan-cercados\/","name":"D\u00cdA DE FURIA EN LA LEGISLATURA: EN MEDIO DE DISTURBIOS, LOS DIPUTADOS EST\u00c1N CERCADOS - Apuntes de San Luis","isPartOf":{"@id":"https:\/\/apuntesdesanluis.com\/#website"},"primaryImageOfPage":{"@id":"https:\/\/apuntesdesanluis.com\/index.php\/2023\/09\/13\/dia-de-furia-en-la-legislatura-en-medio-de-disturbios-los-diputados-estan-cercados\/#primaryimage"},"image":{"@id":"https:\/\/apuntesdesanluis.com\/index.php\/2023\/09\/13\/dia-de-furia-en-la-legislatura-en-medio-de-disturbios-los-diputados-estan-cercados\/#primaryimage"},"thumbnailUrl":"https:\/\/apuntesdesanluis.com\/wp-content\/uploads\/2023\/09\/exterior-quema.png","datePublished":"2023-09-13T23:18:44+00:00","dateModified":"2023-09-13T23:22:26+00:00","breadcrumb":{"@id":"https:\/\/apuntesdesanluis.com\/index.php\/2023\/09\/13\/dia-de-furia-en-la-legislatura-en-medio-de-disturbios-los-diputados-estan-cercados\/#breadcrumb"},"inLanguage":"es-AR","potentialAction":[{"@type":"ReadAction","target":["https:\/\/apuntesdesanluis.com\/index.php\/2023\/09\/13\/dia-de-furia-en-la-legislatura-en-medio-de-disturbios-los-diputados-estan-cercados\/"]}]},{"@type":"ImageObject","inLanguage":"es-AR","@id":"https:\/\/apuntesdesanluis.com\/index.php\/2023\/09\/13\/dia-de-furia-en-la-legislatura-en-medio-de-disturbios-los-diputados-estan-cercados\/#primaryimage","url":"https:\/\/apuntesdesanluis.com\/wp-content\/uploads\/2023\/09\/exterior-quema.png","contentUrl":"https:\/\/apuntesdesanluis.com\/wp-content\/uploads\/2023\/09\/exterior-quema.png","width":428,"height":266},{"@type":"BreadcrumbList","@id":"https:\/\/apuntesdesanluis.com\/index.php\/2023\/09\/13\/dia-de-furia-en-la-legislatura-en-medio-de-disturbios-los-diputados-estan-cercados\/#breadcrumb","itemListElement":[{"@type":"ListItem","position":1,"name":"Inicio","item":"https:\/\/apuntesdesanluis.com\/"},{"@type":"ListItem","position":2,"name":"D\u00cdA DE FURIA EN LA LEGISLATURA: EN MEDIO DE DISTURBIOS, LOS DIPUTADOS EST\u00c1N CERCADOS"}]},{"@type":"WebSite","@id":"https:\/\/apuntesdesanluis.com\/#website","url":"https:\/\/apuntesdesanluis.com\/","name":"Apuntes de San Luis","description":"","publisher":{"@id":"https:\/\/apuntesdesanluis.com\/#\/schema\/person\/b55151d52296fcce64d1a72538a70b90"},"potentialAction":[{"@type":"SearchAction","target":{"@type":"EntryPoint","urlTemplate":"https:\/\/apuntesdesanluis.com\/?s={search_term_string}"},"query-input":{"@type":"PropertyValueSpecification","valueRequired":true,"valueName":"search_term_string"}}],"inLanguage":"es-AR"},{"@type":["Person","Organization"],"@id":"https:\/\/apuntesdesanluis.com\/#\/schema\/person\/b55151d52296fcce64d1a72538a70b90","name":"apuntesdesanluis.com","image":{"@type":"ImageObject","inLanguage":"es-AR","@id":"https:\/\/apuntesdesanluis.com\/#\/schema\/person\/image\/","url":"https:\/\/apuntesdesanluis.com\/wp-content\/uploads\/2023\/07\/cropped-apuntesdesanluis.png","contentUrl":"https:\/\/apuntesdesanluis.com\/wp-content\/uploads\/2023\/07\/cropped-apuntesdesanluis.png","width":450,"height":112,"caption":"apuntesdesanluis.com"},"logo":{"@id":"https:\/\/apuntesdesanluis.com\/#\/schema\/person\/image\/"},"sameAs":["https:\/\/apuntesdesanluis.com"],"url":"https:\/\/apuntesdesanluis.com\/index.php\/author\/apuntesdesanluis-com\/"}]}},"featured_image_urls":{"full":["https:\/\/apuntesdesanluis.com\/wp-content\/uploads\/2023\/09\/exterior-quema.png",428,266,false],"thumbnail":["https:\/\/apuntesdesanluis.com\/wp-content\/uploads\/2023\/09\/exterior-quema-150x150.png",150,150,true],"medium":["https:\/\/apuntesdesanluis.com\/wp-content\/uploads\/2023\/09\/exterior-quema-300x186.png",300,186,true],"medium_large":["https:\/\/apuntesdesanluis.com\/wp-content\/uploads\/2023\/09\/exterior-quema.png",428,266,false],"large":["https:\/\/apuntesdesanluis.com\/wp-content\/uploads\/2023\/09\/exterior-quema.png",428,266,false],"1536x1536":["https:\/\/apuntesdesanluis.com\/wp-content\/uploads\/2023\/09\/exterior-quema.png",428,266,false],"2048x2048":["https:\/\/apuntesdesanluis.com\/wp-content\/uploads\/2023\/09\/exterior-quema.png",428,266,false],"newsever-slider-full":["https:\/\/apuntesdesanluis.com\/wp-content\/uploads\/2023\/09\/exterior-quema.png",428,266,false],"newsever-featured":["https:\/\/apuntesdesanluis.com\/wp-content\/uploads\/2023\/09\/exterior-quema.png",428,266,false],"newsever-medium":["https:\/\/apuntesdesanluis.com\/wp-content\/uploads\/2023\/09\/exterior-quema.png",428,266,false]},"author_info":{"display_name":"apuntesdesanluis.com","author_link":"https:\/\/apuntesdesanluis.com\/index.php\/author\/apuntesdesanluis-com\/"},"category_info":"<a href=\"https:\/\/apuntesdesanluis.com\/index.php\/category\/ciudad-provincia\/\" rel=\"category tag\">Ciudad\/Provincia<\/a>","tag_info":"Ciudad\/Provincia","comment_count":"0","_links":{"self":[{"href":"https:\/\/apuntesdesanluis.com\/index.php\/wp-json\/wp\/v2\/posts\/3252","targetHints":{"allow":["GET"]}}],"collection":[{"href":"https:\/\/apuntesdesanluis.com\/index.php\/wp-json\/wp\/v2\/posts"}],"about":[{"href":"https:\/\/apuntesdesanluis.com\/index.php\/wp-json\/wp\/v2\/types\/post"}],"author":[{"embeddable":true,"href":"https:\/\/apuntesdesanluis.com\/index.php\/wp-json\/wp\/v2\/users\/1"}],"replies":[{"embeddable":true,"href":"https:\/\/apuntesdesanluis.com\/index.php\/wp-json\/wp\/v2\/comments?post=3252"}],"version-history":[{"count":5,"href":"https:\/\/apuntesdesanluis.com\/index.php\/wp-json\/wp\/v2\/posts\/3252\/revisions"}],"predecessor-version":[{"id":3262,"href":"https:\/\/apuntesdesanluis.com\/index.php\/wp-json\/wp\/v2\/posts\/3252\/revisions\/3262"}],"wp:featuredmedia":[{"embeddable":true,"href":"https:\/\/apuntesdesanluis.com\/index.php\/wp-json\/wp\/v2\/media\/3253"}],"wp:attachment":[{"href":"https:\/\/apuntesdesanluis.com\/index.php\/wp-json\/wp\/v2\/media?parent=3252"}],"wp:term":[{"taxonomy":"category","embeddable":true,"href":"https:\/\/apuntesdesanluis.com\/index.php\/wp-json\/wp\/v2\/categories?post=3252"},{"taxonomy":"post_tag","embeddable":true,"href":"https:\/\/apuntesdesanluis.com\/index.php\/wp-json\/wp\/v2\/tags?post=3252"}],"curies":[{"name":"wp","href":"https:\/\/api.w.org\/{rel}","templated":true}]}}