{"id":3263,"date":"2023-09-13T20:34:03","date_gmt":"2023-09-13T23:34:03","guid":{"rendered":"https:\/\/apuntesdesanluis.com\/?p=3263"},"modified":"2023-09-13T20:34:03","modified_gmt":"2023-09-13T23:34:03","slug":"la-inflacion-se-disparo-al-124-en-agosto-un-record-en-mas-de-32-anos","status":"publish","type":"post","link":"https:\/\/apuntesdesanluis.com\/index.php\/2023\/09\/13\/la-inflacion-se-disparo-al-124-en-agosto-un-record-en-mas-de-32-anos\/","title":{"rendered":"LA INFLACI\u00d3N SE DISPAR\u00d3 AL 12,4% EN AGOSTO, UN R\u00c9CORD EN M\u00c1S DE 32 A\u00d1OS"},"content":{"rendered":"<h3 class=\"yiv7409174924ydp6329976emsonormal\" style=\"text-align: justify; background: white;\"><span style=\"font-family: 'Arial','sans-serif'; color: #1d2228;\">Tras la devaluaci\u00f3n, el aumento del costo de vida es el m\u00e1s alto desde febrero de 1991, cuando hab\u00eda llegado al 27% dos meses antes de la convertibilidad. Fuerte suba en alimentos.<\/span><\/h3>\n<h3 class=\"yiv7409174924ydp6329976emsonormal\" style=\"text-align: justify; background: white;\"><span style=\"font-family: 'Arial','sans-serif'; color: #1d2228;\">La inflaci\u00f3n se dispar\u00f3 al 12,4% en agosto y acumula un alza del 124,4% interanual, inform\u00f3 el INDEC, lo que bati\u00f3 un r\u00e9cord que ya ten\u00eda m\u00e1s de 32 a\u00f1os.<\/span><\/h3>\n<p><img fetchpriority=\"high\" decoding=\"async\" class=\"wp-image-3265 aligncenter\" src=\"https:\/\/apuntesdesanluis.com\/wp-content\/uploads\/2023\/09\/cuadro-1-300x213.png\" alt=\"\" width=\"717\" height=\"509\" srcset=\"https:\/\/apuntesdesanluis.com\/wp-content\/uploads\/2023\/09\/cuadro-1-300x213.png 300w, https:\/\/apuntesdesanluis.com\/wp-content\/uploads\/2023\/09\/cuadro-1.png 743w\" sizes=\"(max-width: 717px) 100vw, 717px\" \/><\/p>\n<h3 class=\"yiv7409174924ydp6329976emsonormal\" style=\"text-align: justify; background: white;\"><span style=\"font-family: 'Arial','sans-serif'; color: #1d2228;\">S\u00f3lo en los primeros ocho meses del 2023 el IPC acumul\u00f3 un alza de 80,2 por ciento.<\/span><\/h3>\n<h3 class=\"yiv7409174924ydp6329976emsonormal\" style=\"text-align: justify; background: white;\"><span style=\"font-family: 'Arial','sans-serif'; color: #1d2228;\">Tras el dato de inflaci\u00f3n, el Gobierno buscar\u00e1 tomar deuda en el mercado con bonos indexados al IPC y al d\u00f3lar.<\/span><\/h3>\n<h3 class=\"yiv7409174924ydp6329976emsonormal\" style=\"text-align: justify; background: white;\"><span style=\"font-family: 'Arial','sans-serif'; color: #1d2228;\">Adem\u00e1s, se especula con una nueva suba de tasas de inter\u00e9s por parte del Banco Central.<\/span><\/h3>\n<h3 class=\"yiv7409174924ydp6329976emsonormal\" style=\"text-align: justify; background: white;\"><span style=\"font-family: 'Arial','sans-serif'; color: #1d2228;\">El Indec inform\u00f3 que el mes pasado \u201cla divisi\u00f3n de mayor aumento en el mes fue Alimentos y bebidas no alcoh\u00f3licas (15,6%), producto de la suba en Carnes y derivados y Verduras, tub\u00e9rculos y legumbres&#8221;.<\/span><\/h3>\n<h3 class=\"yiv7409174924ydp6329976emsonormal\" style=\"text-align: justify; background: white;\"><span style=\"font-family: 'Arial','sans-serif'; color: #1d2228;\">Le siguieron Salud (15,3%) -principalmente por los aumentos en medicamentos- y Equipamiento y mantenimiento del hogar (14,1%).<\/span><\/h3>\n<p><img decoding=\"async\" class=\"wp-image-3266 aligncenter\" src=\"https:\/\/apuntesdesanluis.com\/wp-content\/uploads\/2023\/09\/variacion-300x269.png\" alt=\"\" width=\"705\" height=\"632\" srcset=\"https:\/\/apuntesdesanluis.com\/wp-content\/uploads\/2023\/09\/variacion-300x269.png 300w, https:\/\/apuntesdesanluis.com\/wp-content\/uploads\/2023\/09\/variacion.png 764w\" sizes=\"(max-width: 705px) 100vw, 705px\" \/><\/p>\n<h3 class=\"yiv7409174924ydp6329976emsonormal\" style=\"text-align: justify; background: white;\"><span style=\"font-family: 'Arial','sans-serif'; color: #1d2228;\">Se trata del primer dato inflacionario luego del impacto de la devaluaci\u00f3n del tipo de cambio oficial, el d\u00eda despu\u00e9s de las PASO y que aceler\u00f3 el ritmo de inercia al que se mueven los precios de la econom\u00eda.<\/span><\/h3>\n<h3 class=\"yiv7409174924ydp6329976emsonormal\" style=\"text-align: justify; background: white;\"><span style=\"font-family: 'Arial','sans-serif'; color: #1d2228;\">Ese primer efecto, seg\u00fan estimaciones privadas, tambi\u00e9n dejar\u00eda a septiembre en el terreno de los dos d\u00edgitos mensuales.<\/span><\/h3>\n<h3 class=\"yiv7409174924ydp6329976emsonormal\" style=\"text-align: justify; background: white;\"><span style=\"font-family: 'Arial','sans-serif'; color: #1d2228;\">El Gobierno apur\u00f3 medidas de compensaci\u00f3n de ingresos para evitar que el fogonazo inflacionario del mes pasado y el corriente tengan un impacto pronunciado sobre el poder de compra de los salarios en las semanas previas a las elecciones y que eso provoque, por una suba marcada del precio de la canasta b\u00e1sica, un aumento de la incidencia de la pobreza en todo el pa\u00eds.<\/span><\/h3>\n<h3 class=\"yiv7409174924ydp6329976emsonormal\" style=\"text-align: justify; background: white;\"><span style=\"font-family: 'Arial','sans-serif'; color: #1d2228;\">Asimismo, el Ministerio de Econom\u00eda se involucr\u00f3 en negociaciones con empresas de consumo masivo y de otros rubros para buscar senderos de precios acordados para algunos bienes claves de la canasta b\u00e1sica.<\/span><\/h3>\n<h3 class=\"yiv7409174924ydp6329976emsonormal\" style=\"text-align: justify; background: white;\"><span style=\"font-family: 'Arial','sans-serif'; color: #1d2228;\">Seg\u00fan informaci\u00f3n de la Secretar\u00eda de Comercio, a\u00fan cuando esas negociaciones se iniciaron hace casi un mes, d\u00edas despu\u00e9s del salto del tipo de cambio oficial, de las 425 empresas con las que se iniciaron conversaciones, a\u00fan quedan fuera de la firma de esos convenios unas 145.<\/span><\/h3>\n<h3 class=\"yiv7409174924ydp6329976emsonormal\" style=\"text-align: justify; background: white;\"><span style=\"font-family: 'Arial','sans-serif'; color: #1d2228;\">La inflaci\u00f3n, hasta antes de la devaluaci\u00f3n, hab\u00eda encarado una tendencia -muy inicial y a\u00fan en niveles muy altos- en los \u00faltimos dos \u00edndices.<\/span><\/h3>\n<h3 class=\"yiv7409174924ydp6329976emsonormal\" style=\"text-align: justify; background: white;\"><span style=\"font-family: 'Arial','sans-serif'; color: #1d2228;\">El IPC hab\u00eda sido de 6,3% en julio, lo que representaba una suba de 0,3 puntos respecto a junio, cuando se ubic\u00f3 en 6 por ciento. El pico tuvo lugar en abril, con 7,4% tras una aceleraci\u00f3n de precios que sigui\u00f3 a la crisis cambiaria de la segunda quincena de ese mes.<\/span><\/h3>\n<h3 class=\"yiv7409174924ydp6329976emsonormal\" style=\"text-align: justify; background: white;\"><span style=\"font-family: 'Arial','sans-serif'; color: #1d2228;\">Con el \u00faltimo dato de julio, durante los primeros siete meses del a\u00f1o la inflaci\u00f3n minorista fue de 60,2% y de 113,4% en los \u00faltimos 12 meses.<\/span><\/h3>\n<h3 class=\"yiv7409174924ydp6329976emsonormal\" style=\"text-align: justify; background: white;\"><span style=\"font-family: 'Arial','sans-serif'; color: #1d2228;\">Algunos primeros datos oficiales provinciales dieron cuenta de que en agosto volvi\u00f3 a acelerar la inflaci\u00f3n, y que se movi\u00f3 a un ritmo que no registraba hace m\u00e1s de 20 a\u00f1os en la econom\u00eda argentina.<\/span><\/h3>\n<h3 class=\"yiv7409174924ydp6329976emsonormal\" style=\"text-align: justify; background: white;\"><span style=\"font-family: 'Arial','sans-serif'; color: #1d2228;\">La Direcci\u00f3n de Estad\u00edsticas de la Ciudad de Buenos Aires dio cuenta la semana pasada que la inflaci\u00f3n en el distrito porte\u00f1o fue durante agosto de 10,8%, por encima del 7,3% registrado en julio.<\/span><\/h3>\n<h3 class=\"yiv7409174924ydp6329976emsonormal\" style=\"text-align: justify; background: white;\"><span style=\"font-family: 'Arial','sans-serif'; color: #1d2228;\">As\u00ed, el \u00edndice de precios porte\u00f1o acumul\u00f3 una suba del 79,8% en los primeros ocho meses del a\u00f1o y una variaci\u00f3n interanual del 127,3 por ciento.<\/span><\/h3>\n","protected":false},"excerpt":{"rendered":"<p>Tras la devaluaci\u00f3n, el aumento del costo de vida es el m\u00e1s alto desde febrero&#8230;<\/p>\n","protected":false},"author":1,"featured_media":3264,"comment_status":"closed","ping_status":"closed","sticky":false,"template":"","format":"standard","meta":{"footnotes":""},"categories":[5],"tags":[],"class_list":["post-3263","post","type-post","status-publish","format-standard","has-post-thumbnail","hentry","category-nacionales-internacionales"],"yoast_head":"<!-- This site is optimized with the Yoast SEO plugin v26.1.1 - https:\/\/yoast.com\/wordpress\/plugins\/seo\/ -->\n<title>LA INFLACI\u00d3N SE DISPAR\u00d3 AL 12,4% EN AGOSTO, UN R\u00c9CORD EN M\u00c1S DE 32 A\u00d1OS - Apuntes de San Luis<\/title>\n<meta name=\"robots\" content=\"index, follow, max-snippet:-1, max-image-preview:large, max-video-preview:-1\" \/>\n<link rel=\"canonical\" href=\"https:\/\/apuntesdesanluis.com\/index.php\/2023\/09\/13\/la-inflacion-se-disparo-al-124-en-agosto-un-record-en-mas-de-32-anos\/\" \/>\n<meta property=\"og:locale\" content=\"es_ES\" \/>\n<meta property=\"og:type\" content=\"article\" \/>\n<meta property=\"og:title\" content=\"LA INFLACI\u00d3N SE DISPAR\u00d3 AL 12,4% EN AGOSTO, UN R\u00c9CORD EN M\u00c1S DE 32 A\u00d1OS - Apuntes de San Luis\" \/>\n<meta property=\"og:description\" content=\"Tras la devaluaci\u00f3n, el aumento del costo de vida es el m\u00e1s alto desde febrero...\" \/>\n<meta property=\"og:url\" content=\"https:\/\/apuntesdesanluis.com\/index.php\/2023\/09\/13\/la-inflacion-se-disparo-al-124-en-agosto-un-record-en-mas-de-32-anos\/\" \/>\n<meta property=\"og:site_name\" content=\"Apuntes de San Luis\" \/>\n<meta property=\"article:published_time\" content=\"2023-09-13T23:34:03+00:00\" \/>\n<meta property=\"og:image\" content=\"https:\/\/apuntesdesanluis.com\/wp-content\/uploads\/2023\/09\/inflacion.png\" \/>\n\t<meta property=\"og:image:width\" content=\"881\" \/>\n\t<meta property=\"og:image:height\" content=\"533\" \/>\n\t<meta property=\"og:image:type\" content=\"image\/png\" \/>\n<meta name=\"author\" content=\"apuntesdesanluis.com\" \/>\n<meta name=\"twitter:card\" content=\"summary_large_image\" \/>\n<meta name=\"twitter:label1\" content=\"Escrito por\" \/>\n\t<meta name=\"twitter:data1\" content=\"apuntesdesanluis.com\" \/>\n\t<meta name=\"twitter:label2\" content=\"Tiempo de lectura\" \/>\n\t<meta name=\"twitter:data2\" content=\"4 minutos\" \/>\n<script type=\"application\/ld+json\" class=\"yoast-schema-graph\">{\"@context\":\"https:\/\/schema.org\",\"@graph\":[{\"@type\":\"Article\",\"@id\":\"https:\/\/apuntesdesanluis.com\/index.php\/2023\/09\/13\/la-inflacion-se-disparo-al-124-en-agosto-un-record-en-mas-de-32-anos\/#article\",\"isPartOf\":{\"@id\":\"https:\/\/apuntesdesanluis.com\/index.php\/2023\/09\/13\/la-inflacion-se-disparo-al-124-en-agosto-un-record-en-mas-de-32-anos\/\"},\"author\":{\"name\":\"apuntesdesanluis.com\",\"@id\":\"https:\/\/apuntesdesanluis.com\/#\/schema\/person\/b55151d52296fcce64d1a72538a70b90\"},\"headline\":\"LA INFLACI\u00d3N SE DISPAR\u00d3 AL 12,4% EN AGOSTO, UN R\u00c9CORD EN M\u00c1S DE 32 A\u00d1OS\",\"datePublished\":\"2023-09-13T23:34:03+00:00\",\"mainEntityOfPage\":{\"@id\":\"https:\/\/apuntesdesanluis.com\/index.php\/2023\/09\/13\/la-inflacion-se-disparo-al-124-en-agosto-un-record-en-mas-de-32-anos\/\"},\"wordCount\":615,\"publisher\":{\"@id\":\"https:\/\/apuntesdesanluis.com\/#\/schema\/person\/b55151d52296fcce64d1a72538a70b90\"},\"image\":{\"@id\":\"https:\/\/apuntesdesanluis.com\/index.php\/2023\/09\/13\/la-inflacion-se-disparo-al-124-en-agosto-un-record-en-mas-de-32-anos\/#primaryimage\"},\"thumbnailUrl\":\"https:\/\/apuntesdesanluis.com\/wp-content\/uploads\/2023\/09\/inflacion.png\",\"articleSection\":[\"Nacionales\/Internacionales\"],\"inLanguage\":\"es-AR\"},{\"@type\":\"WebPage\",\"@id\":\"https:\/\/apuntesdesanluis.com\/index.php\/2023\/09\/13\/la-inflacion-se-disparo-al-124-en-agosto-un-record-en-mas-de-32-anos\/\",\"url\":\"https:\/\/apuntesdesanluis.com\/index.php\/2023\/09\/13\/la-inflacion-se-disparo-al-124-en-agosto-un-record-en-mas-de-32-anos\/\",\"name\":\"LA INFLACI\u00d3N SE DISPAR\u00d3 AL 12,4% EN AGOSTO, UN R\u00c9CORD EN M\u00c1S DE 32 A\u00d1OS - Apuntes de San Luis\",\"isPartOf\":{\"@id\":\"https:\/\/apuntesdesanluis.com\/#website\"},\"primaryImageOfPage\":{\"@id\":\"https:\/\/apuntesdesanluis.com\/index.php\/2023\/09\/13\/la-inflacion-se-disparo-al-124-en-agosto-un-record-en-mas-de-32-anos\/#primaryimage\"},\"image\":{\"@id\":\"https:\/\/apuntesdesanluis.com\/index.php\/2023\/09\/13\/la-inflacion-se-disparo-al-124-en-agosto-un-record-en-mas-de-32-anos\/#primaryimage\"},\"thumbnailUrl\":\"https:\/\/apuntesdesanluis.com\/wp-content\/uploads\/2023\/09\/inflacion.png\",\"datePublished\":\"2023-09-13T23:34:03+00:00\",\"breadcrumb\":{\"@id\":\"https:\/\/apuntesdesanluis.com\/index.php\/2023\/09\/13\/la-inflacion-se-disparo-al-124-en-agosto-un-record-en-mas-de-32-anos\/#breadcrumb\"},\"inLanguage\":\"es-AR\",\"potentialAction\":[{\"@type\":\"ReadAction\",\"target\":[\"https:\/\/apuntesdesanluis.com\/index.php\/2023\/09\/13\/la-inflacion-se-disparo-al-124-en-agosto-un-record-en-mas-de-32-anos\/\"]}]},{\"@type\":\"ImageObject\",\"inLanguage\":\"es-AR\",\"@id\":\"https:\/\/apuntesdesanluis.com\/index.php\/2023\/09\/13\/la-inflacion-se-disparo-al-124-en-agosto-un-record-en-mas-de-32-anos\/#primaryimage\",\"url\":\"https:\/\/apuntesdesanluis.com\/wp-content\/uploads\/2023\/09\/inflacion.png\",\"contentUrl\":\"https:\/\/apuntesdesanluis.com\/wp-content\/uploads\/2023\/09\/inflacion.png\",\"width\":881,\"height\":533},{\"@type\":\"BreadcrumbList\",\"@id\":\"https:\/\/apuntesdesanluis.com\/index.php\/2023\/09\/13\/la-inflacion-se-disparo-al-124-en-agosto-un-record-en-mas-de-32-anos\/#breadcrumb\",\"itemListElement\":[{\"@type\":\"ListItem\",\"position\":1,\"name\":\"Inicio\",\"item\":\"https:\/\/apuntesdesanluis.com\/\"},{\"@type\":\"ListItem\",\"position\":2,\"name\":\"LA INFLACI\u00d3N SE DISPAR\u00d3 AL 12,4% EN AGOSTO, UN R\u00c9CORD EN M\u00c1S DE 32 A\u00d1OS\"}]},{\"@type\":\"WebSite\",\"@id\":\"https:\/\/apuntesdesanluis.com\/#website\",\"url\":\"https:\/\/apuntesdesanluis.com\/\",\"name\":\"Apuntes de San Luis\",\"description\":\"\",\"publisher\":{\"@id\":\"https:\/\/apuntesdesanluis.com\/#\/schema\/person\/b55151d52296fcce64d1a72538a70b90\"},\"potentialAction\":[{\"@type\":\"SearchAction\",\"target\":{\"@type\":\"EntryPoint\",\"urlTemplate\":\"https:\/\/apuntesdesanluis.com\/?s={search_term_string}\"},\"query-input\":{\"@type\":\"PropertyValueSpecification\",\"valueRequired\":true,\"valueName\":\"search_term_string\"}}],\"inLanguage\":\"es-AR\"},{\"@type\":[\"Person\",\"Organization\"],\"@id\":\"https:\/\/apuntesdesanluis.com\/#\/schema\/person\/b55151d52296fcce64d1a72538a70b90\",\"name\":\"apuntesdesanluis.com\",\"image\":{\"@type\":\"ImageObject\",\"inLanguage\":\"es-AR\",\"@id\":\"https:\/\/apuntesdesanluis.com\/#\/schema\/person\/image\/\",\"url\":\"https:\/\/apuntesdesanluis.com\/wp-content\/uploads\/2023\/07\/cropped-apuntesdesanluis.png\",\"contentUrl\":\"https:\/\/apuntesdesanluis.com\/wp-content\/uploads\/2023\/07\/cropped-apuntesdesanluis.png\",\"width\":450,\"height\":112,\"caption\":\"apuntesdesanluis.com\"},\"logo\":{\"@id\":\"https:\/\/apuntesdesanluis.com\/#\/schema\/person\/image\/\"},\"sameAs\":[\"https:\/\/apuntesdesanluis.com\"],\"url\":\"https:\/\/apuntesdesanluis.com\/index.php\/author\/apuntesdesanluis-com\/\"}]}<\/script>\n<!-- \/ Yoast SEO plugin. -->","yoast_head_json":{"title":"LA INFLACI\u00d3N SE DISPAR\u00d3 AL 12,4% EN AGOSTO, UN R\u00c9CORD EN M\u00c1S DE 32 A\u00d1OS - Apuntes de San Luis","robots":{"index":"index","follow":"follow","max-snippet":"max-snippet:-1","max-image-preview":"max-image-preview:large","max-video-preview":"max-video-preview:-1"},"canonical":"https:\/\/apuntesdesanluis.com\/index.php\/2023\/09\/13\/la-inflacion-se-disparo-al-124-en-agosto-un-record-en-mas-de-32-anos\/","og_locale":"es_ES","og_type":"article","og_title":"LA INFLACI\u00d3N SE DISPAR\u00d3 AL 12,4% EN AGOSTO, UN R\u00c9CORD EN M\u00c1S DE 32 A\u00d1OS - Apuntes de San Luis","og_description":"Tras la devaluaci\u00f3n, el aumento del costo de vida es el m\u00e1s alto desde febrero...","og_url":"https:\/\/apuntesdesanluis.com\/index.php\/2023\/09\/13\/la-inflacion-se-disparo-al-124-en-agosto-un-record-en-mas-de-32-anos\/","og_site_name":"Apuntes de San Luis","article_published_time":"2023-09-13T23:34:03+00:00","og_image":[{"width":881,"height":533,"url":"https:\/\/apuntesdesanluis.com\/wp-content\/uploads\/2023\/09\/inflacion.png","type":"image\/png"}],"author":"apuntesdesanluis.com","twitter_card":"summary_large_image","twitter_misc":{"Escrito por":"apuntesdesanluis.com","Tiempo de lectura":"4 minutos"},"schema":{"@context":"https:\/\/schema.org","@graph":[{"@type":"Article","@id":"https:\/\/apuntesdesanluis.com\/index.php\/2023\/09\/13\/la-inflacion-se-disparo-al-124-en-agosto-un-record-en-mas-de-32-anos\/#article","isPartOf":{"@id":"https:\/\/apuntesdesanluis.com\/index.php\/2023\/09\/13\/la-inflacion-se-disparo-al-124-en-agosto-un-record-en-mas-de-32-anos\/"},"author":{"name":"apuntesdesanluis.com","@id":"https:\/\/apuntesdesanluis.com\/#\/schema\/person\/b55151d52296fcce64d1a72538a70b90"},"headline":"LA INFLACI\u00d3N SE DISPAR\u00d3 AL 12,4% EN AGOSTO, UN R\u00c9CORD EN M\u00c1S DE 32 A\u00d1OS","datePublished":"2023-09-13T23:34:03+00:00","mainEntityOfPage":{"@id":"https:\/\/apuntesdesanluis.com\/index.php\/2023\/09\/13\/la-inflacion-se-disparo-al-124-en-agosto-un-record-en-mas-de-32-anos\/"},"wordCount":615,"publisher":{"@id":"https:\/\/apuntesdesanluis.com\/#\/schema\/person\/b55151d52296fcce64d1a72538a70b90"},"image":{"@id":"https:\/\/apuntesdesanluis.com\/index.php\/2023\/09\/13\/la-inflacion-se-disparo-al-124-en-agosto-un-record-en-mas-de-32-anos\/#primaryimage"},"thumbnailUrl":"https:\/\/apuntesdesanluis.com\/wp-content\/uploads\/2023\/09\/inflacion.png","articleSection":["Nacionales\/Internacionales"],"inLanguage":"es-AR"},{"@type":"WebPage","@id":"https:\/\/apuntesdesanluis.com\/index.php\/2023\/09\/13\/la-inflacion-se-disparo-al-124-en-agosto-un-record-en-mas-de-32-anos\/","url":"https:\/\/apuntesdesanluis.com\/index.php\/2023\/09\/13\/la-inflacion-se-disparo-al-124-en-agosto-un-record-en-mas-de-32-anos\/","name":"LA INFLACI\u00d3N SE DISPAR\u00d3 AL 12,4% EN AGOSTO, UN R\u00c9CORD EN M\u00c1S DE 32 A\u00d1OS - Apuntes de San Luis","isPartOf":{"@id":"https:\/\/apuntesdesanluis.com\/#website"},"primaryImageOfPage":{"@id":"https:\/\/apuntesdesanluis.com\/index.php\/2023\/09\/13\/la-inflacion-se-disparo-al-124-en-agosto-un-record-en-mas-de-32-anos\/#primaryimage"},"image":{"@id":"https:\/\/apuntesdesanluis.com\/index.php\/2023\/09\/13\/la-inflacion-se-disparo-al-124-en-agosto-un-record-en-mas-de-32-anos\/#primaryimage"},"thumbnailUrl":"https:\/\/apuntesdesanluis.com\/wp-content\/uploads\/2023\/09\/inflacion.png","datePublished":"2023-09-13T23:34:03+00:00","breadcrumb":{"@id":"https:\/\/apuntesdesanluis.com\/index.php\/2023\/09\/13\/la-inflacion-se-disparo-al-124-en-agosto-un-record-en-mas-de-32-anos\/#breadcrumb"},"inLanguage":"es-AR","potentialAction":[{"@type":"ReadAction","target":["https:\/\/apuntesdesanluis.com\/index.php\/2023\/09\/13\/la-inflacion-se-disparo-al-124-en-agosto-un-record-en-mas-de-32-anos\/"]}]},{"@type":"ImageObject","inLanguage":"es-AR","@id":"https:\/\/apuntesdesanluis.com\/index.php\/2023\/09\/13\/la-inflacion-se-disparo-al-124-en-agosto-un-record-en-mas-de-32-anos\/#primaryimage","url":"https:\/\/apuntesdesanluis.com\/wp-content\/uploads\/2023\/09\/inflacion.png","contentUrl":"https:\/\/apuntesdesanluis.com\/wp-content\/uploads\/2023\/09\/inflacion.png","width":881,"height":533},{"@type":"BreadcrumbList","@id":"https:\/\/apuntesdesanluis.com\/index.php\/2023\/09\/13\/la-inflacion-se-disparo-al-124-en-agosto-un-record-en-mas-de-32-anos\/#breadcrumb","itemListElement":[{"@type":"ListItem","position":1,"name":"Inicio","item":"https:\/\/apuntesdesanluis.com\/"},{"@type":"ListItem","position":2,"name":"LA INFLACI\u00d3N SE DISPAR\u00d3 AL 12,4% EN AGOSTO, UN R\u00c9CORD EN M\u00c1S DE 32 A\u00d1OS"}]},{"@type":"WebSite","@id":"https:\/\/apuntesdesanluis.com\/#website","url":"https:\/\/apuntesdesanluis.com\/","name":"Apuntes de San Luis","description":"","publisher":{"@id":"https:\/\/apuntesdesanluis.com\/#\/schema\/person\/b55151d52296fcce64d1a72538a70b90"},"potentialAction":[{"@type":"SearchAction","target":{"@type":"EntryPoint","urlTemplate":"https:\/\/apuntesdesanluis.com\/?s={search_term_string}"},"query-input":{"@type":"PropertyValueSpecification","valueRequired":true,"valueName":"search_term_string"}}],"inLanguage":"es-AR"},{"@type":["Person","Organization"],"@id":"https:\/\/apuntesdesanluis.com\/#\/schema\/person\/b55151d52296fcce64d1a72538a70b90","name":"apuntesdesanluis.com","image":{"@type":"ImageObject","inLanguage":"es-AR","@id":"https:\/\/apuntesdesanluis.com\/#\/schema\/person\/image\/","url":"https:\/\/apuntesdesanluis.com\/wp-content\/uploads\/2023\/07\/cropped-apuntesdesanluis.png","contentUrl":"https:\/\/apuntesdesanluis.com\/wp-content\/uploads\/2023\/07\/cropped-apuntesdesanluis.png","width":450,"height":112,"caption":"apuntesdesanluis.com"},"logo":{"@id":"https:\/\/apuntesdesanluis.com\/#\/schema\/person\/image\/"},"sameAs":["https:\/\/apuntesdesanluis.com"],"url":"https:\/\/apuntesdesanluis.com\/index.php\/author\/apuntesdesanluis-com\/"}]}},"featured_image_urls":{"full":["https:\/\/apuntesdesanluis.com\/wp-content\/uploads\/2023\/09\/inflacion.png",881,533,false],"thumbnail":["https:\/\/apuntesdesanluis.com\/wp-content\/uploads\/2023\/09\/inflacion-150x150.png",150,150,true],"medium":["https:\/\/apuntesdesanluis.com\/wp-content\/uploads\/2023\/09\/inflacion-300x181.png",300,181,true],"medium_large":["https:\/\/apuntesdesanluis.com\/wp-content\/uploads\/2023\/09\/inflacion-768x465.png",640,388,true],"large":["https:\/\/apuntesdesanluis.com\/wp-content\/uploads\/2023\/09\/inflacion.png",640,387,false],"1536x1536":["https:\/\/apuntesdesanluis.com\/wp-content\/uploads\/2023\/09\/inflacion.png",881,533,false],"2048x2048":["https:\/\/apuntesdesanluis.com\/wp-content\/uploads\/2023\/09\/inflacion.png",881,533,false],"newsever-slider-full":["https:\/\/apuntesdesanluis.com\/wp-content\/uploads\/2023\/09\/inflacion.png",881,533,false],"newsever-featured":["https:\/\/apuntesdesanluis.com\/wp-content\/uploads\/2023\/09\/inflacion.png",881,533,false],"newsever-medium":["https:\/\/apuntesdesanluis.com\/wp-content\/uploads\/2023\/09\/inflacion-720x475.png",720,475,true]},"author_info":{"display_name":"apuntesdesanluis.com","author_link":"https:\/\/apuntesdesanluis.com\/index.php\/author\/apuntesdesanluis-com\/"},"category_info":"<a href=\"https:\/\/apuntesdesanluis.com\/index.php\/category\/nacionales-internacionales\/\" rel=\"category tag\">Nacionales\/Internacionales<\/a>","tag_info":"Nacionales\/Internacionales","comment_count":"0","_links":{"self":[{"href":"https:\/\/apuntesdesanluis.com\/index.php\/wp-json\/wp\/v2\/posts\/3263","targetHints":{"allow":["GET"]}}],"collection":[{"href":"https:\/\/apuntesdesanluis.com\/index.php\/wp-json\/wp\/v2\/posts"}],"about":[{"href":"https:\/\/apuntesdesanluis.com\/index.php\/wp-json\/wp\/v2\/types\/post"}],"author":[{"embeddable":true,"href":"https:\/\/apuntesdesanluis.com\/index.php\/wp-json\/wp\/v2\/users\/1"}],"replies":[{"embeddable":true,"href":"https:\/\/apuntesdesanluis.com\/index.php\/wp-json\/wp\/v2\/comments?post=3263"}],"version-history":[{"count":1,"href":"https:\/\/apuntesdesanluis.com\/index.php\/wp-json\/wp\/v2\/posts\/3263\/revisions"}],"predecessor-version":[{"id":3267,"href":"https:\/\/apuntesdesanluis.com\/index.php\/wp-json\/wp\/v2\/posts\/3263\/revisions\/3267"}],"wp:featuredmedia":[{"embeddable":true,"href":"https:\/\/apuntesdesanluis.com\/index.php\/wp-json\/wp\/v2\/media\/3264"}],"wp:attachment":[{"href":"https:\/\/apuntesdesanluis.com\/index.php\/wp-json\/wp\/v2\/media?parent=3263"}],"wp:term":[{"taxonomy":"category","embeddable":true,"href":"https:\/\/apuntesdesanluis.com\/index.php\/wp-json\/wp\/v2\/categories?post=3263"},{"taxonomy":"post_tag","embeddable":true,"href":"https:\/\/apuntesdesanluis.com\/index.php\/wp-json\/wp\/v2\/tags?post=3263"}],"curies":[{"name":"wp","href":"https:\/\/api.w.org\/{rel}","templated":true}]}}