{"id":3268,"date":"2023-09-13T20:37:23","date_gmt":"2023-09-13T23:37:23","guid":{"rendered":"https:\/\/apuntesdesanluis.com\/?p=3268"},"modified":"2023-09-13T20:37:23","modified_gmt":"2023-09-13T23:37:23","slug":"la-oposicion-cruzo-al-gobierno-por-la-inflacion-es-el-numero-que-resume-la-tragedia-que-nos-dejan","status":"publish","type":"post","link":"https:\/\/apuntesdesanluis.com\/index.php\/2023\/09\/13\/la-oposicion-cruzo-al-gobierno-por-la-inflacion-es-el-numero-que-resume-la-tragedia-que-nos-dejan\/","title":{"rendered":"LA OPOSICI\u00d3N CRUZ\u00d3 AL GOBIERNO POR LA INFLACI\u00d3N: &#8220;ES EL N\u00daMERO QUE RESUME LA TRAGEDIA QUE NOS DEJAN&#8221;"},"content":{"rendered":"<h3 class=\"yiv7409174924ydp6329976emsonormal\" style=\"text-align: justify; background: white;\"><span style=\"font-family: 'Arial','sans-serif'; color: #1d2228;\">La inflaci\u00f3n de agosto fue del 12,4% en agosto, seg\u00fan inform\u00f3 el Instituto Nacional de Estad\u00edsticas y Censos (INDEC), y la oposici\u00f3n cruz\u00f3 en &#8220;X&#8221; al Gobierno y al ministro de Econom\u00eda y candidato presidencial oficialista, Sergio Massa. <\/span><\/h3>\n<h3 class=\"yiv7409174924ydp6329976emsonormal\" style=\"text-align: justify; background: white;\"><span style=\"font-family: 'Arial','sans-serif'; color: #1d2228;\">La candidata presidencial de Juntos por el Cambio, Patricia Bullrich, asegur\u00f3 que el dato inflacionario es una &#8220;verg\u00fcenza&#8221; y agreg\u00f3: &#8220;No es solo inflaci\u00f3n, es el n\u00famero que resume la tragedia que nos dejan Massa y el kirchnerismo&#8221;.<\/span><\/h3>\n<h3 class=\"yiv7409174924ydp6329976emsonormal\" style=\"text-align: justify; background: white;\"><span style=\"font-family: 'Arial','sans-serif'; color: #1d2228;\">Por su parte, el gobernador de C\u00f3rdoba y aspirante a la Presidencia por Hacemos por Nuestro Pa\u00eds, Juan Schiaretti, se\u00f1al\u00f3: &#8220;Esto es producto de las err\u00e1ticas pol\u00edticas macroecon\u00f3micas de los \u00faltimos gobiernos y la expresi\u00f3n del fracaso total del kirchnerismo&#8221;.<\/span><\/h3>\n<h3 class=\"yiv7409174924ydp6329976emsonormal\" style=\"text-align: justify; background: white;\"><span style=\"font-family: 'Arial','sans-serif'; color: #1d2228;\">&#8220;Es necesario impulsar un plan de estabilizaci\u00f3n de la econom\u00eda, terminar con el d\u00e9ficit fiscal y apostar a la producci\u00f3n y el trabajo para hacer un pa\u00eds normal&#8221;, agreg\u00f3 el mandatario cordob\u00e9s. <\/span><\/h3>\n<h3 class=\"yiv7409174924ydp6329976emsonormal\" style=\"text-align: justify; background: white;\"><span style=\"font-family: 'Arial','sans-serif'; color: #1d2228;\">La candidata del PTS y el Frente de Izquierda, Myriam Bregman, replic\u00f3 un art\u00edculo period\u00edstico que se titula &#8220;Massazo al bolsillo&#8221;, en clara referencia al apellido del titular del Palacio de Hacienda. <\/span><\/h3>\n<h3 class=\"yiv7409174924ydp6329976emsonormal\" style=\"text-align: justify; background: white;\"><span style=\"font-family: 'Arial','sans-serif'; color: #1d2228;\">En otro tuit, la diputada continu\u00f3: &#8220;Se publica el \u00edndice de inflaci\u00f3n y la realidad de las medidas econ\u00f3micas de Massa se muestra tal cual es: un golpe al bolsillo popular. La inflaci\u00f3n en alimentos es obscena&#8221;. <\/span><\/h3>\n<h3 class=\"yiv7409174924ydp6329976emsonormal\" style=\"text-align: justify; background: white;\"><span style=\"font-family: 'Arial','sans-serif'; color: #1d2228;\">El jefe de Gobierno porte\u00f1o, Horacio Rodr\u00edguez Larreta, subray\u00f3: &#8220;El dolor de los argentinos es la prueba m\u00e1s concreta del fracaso y enga\u00f1o del kirchnerismo. Con todo el equipo de Juntos por el Cambio vamos a devolverles la tranquilidad a las familias para que puedan volver a vivir bien y en paz&#8221;.<\/span><\/h3>\n<h3 class=\"yiv7409174924ydp6329976emsonormal\" style=\"text-align: justify; background: white;\"><span style=\"font-family: 'Arial','sans-serif'; color: #1d2228;\">Mientras que el candidato a la Jefatura de Gobierno por La Libertad Avanza, Ramiro Marra, dispar\u00f3: &#8220;Los kirchneristas se encargaron de llevar el pa\u00eds a la pobreza, NUNCA M\u00c1S pueden volver a gobernar&#8221;.<\/span><\/h3>\n","protected":false},"excerpt":{"rendered":"<p>La inflaci\u00f3n de agosto fue del 12,4% en agosto, seg\u00fan inform\u00f3 el Instituto Nacional de&#8230;<\/p>\n","protected":false},"author":1,"featured_media":981,"comment_status":"closed","ping_status":"closed","sticky":false,"template":"","format":"standard","meta":{"footnotes":""},"categories":[5],"tags":[],"class_list":["post-3268","post","type-post","status-publish","format-standard","has-post-thumbnail","hentry","category-nacionales-internacionales"],"yoast_head":"<!-- This site is optimized with the Yoast SEO plugin v26.1.1 - https:\/\/yoast.com\/wordpress\/plugins\/seo\/ -->\n<title>LA OPOSICI\u00d3N CRUZ\u00d3 AL GOBIERNO POR LA INFLACI\u00d3N: &quot;ES EL N\u00daMERO QUE RESUME LA TRAGEDIA QUE NOS DEJAN&quot; - Apuntes de San Luis<\/title>\n<meta name=\"robots\" content=\"index, follow, max-snippet:-1, max-image-preview:large, max-video-preview:-1\" \/>\n<link rel=\"canonical\" href=\"https:\/\/apuntesdesanluis.com\/index.php\/2023\/09\/13\/la-oposicion-cruzo-al-gobierno-por-la-inflacion-es-el-numero-que-resume-la-tragedia-que-nos-dejan\/\" \/>\n<meta property=\"og:locale\" content=\"es_ES\" \/>\n<meta property=\"og:type\" content=\"article\" \/>\n<meta property=\"og:title\" content=\"LA OPOSICI\u00d3N CRUZ\u00d3 AL GOBIERNO POR LA INFLACI\u00d3N: &quot;ES EL N\u00daMERO QUE RESUME LA TRAGEDIA QUE NOS DEJAN&quot; - Apuntes de San Luis\" \/>\n<meta property=\"og:description\" content=\"La inflaci\u00f3n de agosto fue del 12,4% en agosto, seg\u00fan inform\u00f3 el Instituto Nacional de...\" \/>\n<meta property=\"og:url\" content=\"https:\/\/apuntesdesanluis.com\/index.php\/2023\/09\/13\/la-oposicion-cruzo-al-gobierno-por-la-inflacion-es-el-numero-que-resume-la-tragedia-que-nos-dejan\/\" \/>\n<meta property=\"og:site_name\" content=\"Apuntes de San Luis\" \/>\n<meta property=\"article:published_time\" content=\"2023-09-13T23:37:23+00:00\" \/>\n<meta property=\"og:image\" content=\"https:\/\/apuntesdesanluis.com\/wp-content\/uploads\/2023\/08\/bullrich-1.png\" \/>\n\t<meta property=\"og:image:width\" content=\"720\" \/>\n\t<meta property=\"og:image:height\" content=\"504\" \/>\n\t<meta property=\"og:image:type\" content=\"image\/png\" \/>\n<meta name=\"author\" content=\"apuntesdesanluis.com\" \/>\n<meta name=\"twitter:card\" content=\"summary_large_image\" \/>\n<meta name=\"twitter:label1\" content=\"Escrito por\" \/>\n\t<meta name=\"twitter:data1\" content=\"apuntesdesanluis.com\" \/>\n\t<meta name=\"twitter:label2\" content=\"Tiempo de lectura\" \/>\n\t<meta name=\"twitter:data2\" content=\"2 minutos\" \/>\n<script type=\"application\/ld+json\" class=\"yoast-schema-graph\">{\"@context\":\"https:\/\/schema.org\",\"@graph\":[{\"@type\":\"Article\",\"@id\":\"https:\/\/apuntesdesanluis.com\/index.php\/2023\/09\/13\/la-oposicion-cruzo-al-gobierno-por-la-inflacion-es-el-numero-que-resume-la-tragedia-que-nos-dejan\/#article\",\"isPartOf\":{\"@id\":\"https:\/\/apuntesdesanluis.com\/index.php\/2023\/09\/13\/la-oposicion-cruzo-al-gobierno-por-la-inflacion-es-el-numero-que-resume-la-tragedia-que-nos-dejan\/\"},\"author\":{\"name\":\"apuntesdesanluis.com\",\"@id\":\"https:\/\/apuntesdesanluis.com\/#\/schema\/person\/b55151d52296fcce64d1a72538a70b90\"},\"headline\":\"LA OPOSICI\u00d3N CRUZ\u00d3 AL GOBIERNO POR LA INFLACI\u00d3N: &#8220;ES EL N\u00daMERO QUE RESUME LA TRAGEDIA QUE NOS DEJAN&#8221;\",\"datePublished\":\"2023-09-13T23:37:23+00:00\",\"mainEntityOfPage\":{\"@id\":\"https:\/\/apuntesdesanluis.com\/index.php\/2023\/09\/13\/la-oposicion-cruzo-al-gobierno-por-la-inflacion-es-el-numero-que-resume-la-tragedia-que-nos-dejan\/\"},\"wordCount\":354,\"publisher\":{\"@id\":\"https:\/\/apuntesdesanluis.com\/#\/schema\/person\/b55151d52296fcce64d1a72538a70b90\"},\"image\":{\"@id\":\"https:\/\/apuntesdesanluis.com\/index.php\/2023\/09\/13\/la-oposicion-cruzo-al-gobierno-por-la-inflacion-es-el-numero-que-resume-la-tragedia-que-nos-dejan\/#primaryimage\"},\"thumbnailUrl\":\"https:\/\/apuntesdesanluis.com\/wp-content\/uploads\/2023\/08\/bullrich-1.png\",\"articleSection\":[\"Nacionales\/Internacionales\"],\"inLanguage\":\"es-AR\"},{\"@type\":\"WebPage\",\"@id\":\"https:\/\/apuntesdesanluis.com\/index.php\/2023\/09\/13\/la-oposicion-cruzo-al-gobierno-por-la-inflacion-es-el-numero-que-resume-la-tragedia-que-nos-dejan\/\",\"url\":\"https:\/\/apuntesdesanluis.com\/index.php\/2023\/09\/13\/la-oposicion-cruzo-al-gobierno-por-la-inflacion-es-el-numero-que-resume-la-tragedia-que-nos-dejan\/\",\"name\":\"LA OPOSICI\u00d3N CRUZ\u00d3 AL GOBIERNO POR LA INFLACI\u00d3N: \\\"ES EL N\u00daMERO QUE RESUME LA TRAGEDIA QUE NOS DEJAN\\\" - Apuntes de San Luis\",\"isPartOf\":{\"@id\":\"https:\/\/apuntesdesanluis.com\/#website\"},\"primaryImageOfPage\":{\"@id\":\"https:\/\/apuntesdesanluis.com\/index.php\/2023\/09\/13\/la-oposicion-cruzo-al-gobierno-por-la-inflacion-es-el-numero-que-resume-la-tragedia-que-nos-dejan\/#primaryimage\"},\"image\":{\"@id\":\"https:\/\/apuntesdesanluis.com\/index.php\/2023\/09\/13\/la-oposicion-cruzo-al-gobierno-por-la-inflacion-es-el-numero-que-resume-la-tragedia-que-nos-dejan\/#primaryimage\"},\"thumbnailUrl\":\"https:\/\/apuntesdesanluis.com\/wp-content\/uploads\/2023\/08\/bullrich-1.png\",\"datePublished\":\"2023-09-13T23:37:23+00:00\",\"breadcrumb\":{\"@id\":\"https:\/\/apuntesdesanluis.com\/index.php\/2023\/09\/13\/la-oposicion-cruzo-al-gobierno-por-la-inflacion-es-el-numero-que-resume-la-tragedia-que-nos-dejan\/#breadcrumb\"},\"inLanguage\":\"es-AR\",\"potentialAction\":[{\"@type\":\"ReadAction\",\"target\":[\"https:\/\/apuntesdesanluis.com\/index.php\/2023\/09\/13\/la-oposicion-cruzo-al-gobierno-por-la-inflacion-es-el-numero-que-resume-la-tragedia-que-nos-dejan\/\"]}]},{\"@type\":\"ImageObject\",\"inLanguage\":\"es-AR\",\"@id\":\"https:\/\/apuntesdesanluis.com\/index.php\/2023\/09\/13\/la-oposicion-cruzo-al-gobierno-por-la-inflacion-es-el-numero-que-resume-la-tragedia-que-nos-dejan\/#primaryimage\",\"url\":\"https:\/\/apuntesdesanluis.com\/wp-content\/uploads\/2023\/08\/bullrich-1.png\",\"contentUrl\":\"https:\/\/apuntesdesanluis.com\/wp-content\/uploads\/2023\/08\/bullrich-1.png\",\"width\":720,\"height\":504},{\"@type\":\"BreadcrumbList\",\"@id\":\"https:\/\/apuntesdesanluis.com\/index.php\/2023\/09\/13\/la-oposicion-cruzo-al-gobierno-por-la-inflacion-es-el-numero-que-resume-la-tragedia-que-nos-dejan\/#breadcrumb\",\"itemListElement\":[{\"@type\":\"ListItem\",\"position\":1,\"name\":\"Inicio\",\"item\":\"https:\/\/apuntesdesanluis.com\/\"},{\"@type\":\"ListItem\",\"position\":2,\"name\":\"LA OPOSICI\u00d3N CRUZ\u00d3 AL GOBIERNO POR LA INFLACI\u00d3N: &#8220;ES EL N\u00daMERO QUE RESUME LA TRAGEDIA QUE NOS DEJAN&#8221;\"}]},{\"@type\":\"WebSite\",\"@id\":\"https:\/\/apuntesdesanluis.com\/#website\",\"url\":\"https:\/\/apuntesdesanluis.com\/\",\"name\":\"Apuntes de San Luis\",\"description\":\"\",\"publisher\":{\"@id\":\"https:\/\/apuntesdesanluis.com\/#\/schema\/person\/b55151d52296fcce64d1a72538a70b90\"},\"potentialAction\":[{\"@type\":\"SearchAction\",\"target\":{\"@type\":\"EntryPoint\",\"urlTemplate\":\"https:\/\/apuntesdesanluis.com\/?s={search_term_string}\"},\"query-input\":{\"@type\":\"PropertyValueSpecification\",\"valueRequired\":true,\"valueName\":\"search_term_string\"}}],\"inLanguage\":\"es-AR\"},{\"@type\":[\"Person\",\"Organization\"],\"@id\":\"https:\/\/apuntesdesanluis.com\/#\/schema\/person\/b55151d52296fcce64d1a72538a70b90\",\"name\":\"apuntesdesanluis.com\",\"image\":{\"@type\":\"ImageObject\",\"inLanguage\":\"es-AR\",\"@id\":\"https:\/\/apuntesdesanluis.com\/#\/schema\/person\/image\/\",\"url\":\"https:\/\/apuntesdesanluis.com\/wp-content\/uploads\/2023\/07\/cropped-apuntesdesanluis.png\",\"contentUrl\":\"https:\/\/apuntesdesanluis.com\/wp-content\/uploads\/2023\/07\/cropped-apuntesdesanluis.png\",\"width\":450,\"height\":112,\"caption\":\"apuntesdesanluis.com\"},\"logo\":{\"@id\":\"https:\/\/apuntesdesanluis.com\/#\/schema\/person\/image\/\"},\"sameAs\":[\"https:\/\/apuntesdesanluis.com\"],\"url\":\"https:\/\/apuntesdesanluis.com\/index.php\/author\/apuntesdesanluis-com\/\"}]}<\/script>\n<!-- \/ Yoast SEO plugin. -->","yoast_head_json":{"title":"LA OPOSICI\u00d3N CRUZ\u00d3 AL GOBIERNO POR LA INFLACI\u00d3N: \"ES EL N\u00daMERO QUE RESUME LA TRAGEDIA QUE NOS DEJAN\" - Apuntes de San Luis","robots":{"index":"index","follow":"follow","max-snippet":"max-snippet:-1","max-image-preview":"max-image-preview:large","max-video-preview":"max-video-preview:-1"},"canonical":"https:\/\/apuntesdesanluis.com\/index.php\/2023\/09\/13\/la-oposicion-cruzo-al-gobierno-por-la-inflacion-es-el-numero-que-resume-la-tragedia-que-nos-dejan\/","og_locale":"es_ES","og_type":"article","og_title":"LA OPOSICI\u00d3N CRUZ\u00d3 AL GOBIERNO POR LA INFLACI\u00d3N: \"ES EL N\u00daMERO QUE RESUME LA TRAGEDIA QUE NOS DEJAN\" - Apuntes de San Luis","og_description":"La inflaci\u00f3n de agosto fue del 12,4% en agosto, seg\u00fan inform\u00f3 el Instituto Nacional de...","og_url":"https:\/\/apuntesdesanluis.com\/index.php\/2023\/09\/13\/la-oposicion-cruzo-al-gobierno-por-la-inflacion-es-el-numero-que-resume-la-tragedia-que-nos-dejan\/","og_site_name":"Apuntes de San Luis","article_published_time":"2023-09-13T23:37:23+00:00","og_image":[{"width":720,"height":504,"url":"https:\/\/apuntesdesanluis.com\/wp-content\/uploads\/2023\/08\/bullrich-1.png","type":"image\/png"}],"author":"apuntesdesanluis.com","twitter_card":"summary_large_image","twitter_misc":{"Escrito por":"apuntesdesanluis.com","Tiempo de lectura":"2 minutos"},"schema":{"@context":"https:\/\/schema.org","@graph":[{"@type":"Article","@id":"https:\/\/apuntesdesanluis.com\/index.php\/2023\/09\/13\/la-oposicion-cruzo-al-gobierno-por-la-inflacion-es-el-numero-que-resume-la-tragedia-que-nos-dejan\/#article","isPartOf":{"@id":"https:\/\/apuntesdesanluis.com\/index.php\/2023\/09\/13\/la-oposicion-cruzo-al-gobierno-por-la-inflacion-es-el-numero-que-resume-la-tragedia-que-nos-dejan\/"},"author":{"name":"apuntesdesanluis.com","@id":"https:\/\/apuntesdesanluis.com\/#\/schema\/person\/b55151d52296fcce64d1a72538a70b90"},"headline":"LA OPOSICI\u00d3N CRUZ\u00d3 AL GOBIERNO POR LA INFLACI\u00d3N: &#8220;ES EL N\u00daMERO QUE RESUME LA TRAGEDIA QUE NOS DEJAN&#8221;","datePublished":"2023-09-13T23:37:23+00:00","mainEntityOfPage":{"@id":"https:\/\/apuntesdesanluis.com\/index.php\/2023\/09\/13\/la-oposicion-cruzo-al-gobierno-por-la-inflacion-es-el-numero-que-resume-la-tragedia-que-nos-dejan\/"},"wordCount":354,"publisher":{"@id":"https:\/\/apuntesdesanluis.com\/#\/schema\/person\/b55151d52296fcce64d1a72538a70b90"},"image":{"@id":"https:\/\/apuntesdesanluis.com\/index.php\/2023\/09\/13\/la-oposicion-cruzo-al-gobierno-por-la-inflacion-es-el-numero-que-resume-la-tragedia-que-nos-dejan\/#primaryimage"},"thumbnailUrl":"https:\/\/apuntesdesanluis.com\/wp-content\/uploads\/2023\/08\/bullrich-1.png","articleSection":["Nacionales\/Internacionales"],"inLanguage":"es-AR"},{"@type":"WebPage","@id":"https:\/\/apuntesdesanluis.com\/index.php\/2023\/09\/13\/la-oposicion-cruzo-al-gobierno-por-la-inflacion-es-el-numero-que-resume-la-tragedia-que-nos-dejan\/","url":"https:\/\/apuntesdesanluis.com\/index.php\/2023\/09\/13\/la-oposicion-cruzo-al-gobierno-por-la-inflacion-es-el-numero-que-resume-la-tragedia-que-nos-dejan\/","name":"LA OPOSICI\u00d3N CRUZ\u00d3 AL GOBIERNO POR LA INFLACI\u00d3N: \"ES EL N\u00daMERO QUE RESUME LA TRAGEDIA QUE NOS DEJAN\" - Apuntes de San Luis","isPartOf":{"@id":"https:\/\/apuntesdesanluis.com\/#website"},"primaryImageOfPage":{"@id":"https:\/\/apuntesdesanluis.com\/index.php\/2023\/09\/13\/la-oposicion-cruzo-al-gobierno-por-la-inflacion-es-el-numero-que-resume-la-tragedia-que-nos-dejan\/#primaryimage"},"image":{"@id":"https:\/\/apuntesdesanluis.com\/index.php\/2023\/09\/13\/la-oposicion-cruzo-al-gobierno-por-la-inflacion-es-el-numero-que-resume-la-tragedia-que-nos-dejan\/#primaryimage"},"thumbnailUrl":"https:\/\/apuntesdesanluis.com\/wp-content\/uploads\/2023\/08\/bullrich-1.png","datePublished":"2023-09-13T23:37:23+00:00","breadcrumb":{"@id":"https:\/\/apuntesdesanluis.com\/index.php\/2023\/09\/13\/la-oposicion-cruzo-al-gobierno-por-la-inflacion-es-el-numero-que-resume-la-tragedia-que-nos-dejan\/#breadcrumb"},"inLanguage":"es-AR","potentialAction":[{"@type":"ReadAction","target":["https:\/\/apuntesdesanluis.com\/index.php\/2023\/09\/13\/la-oposicion-cruzo-al-gobierno-por-la-inflacion-es-el-numero-que-resume-la-tragedia-que-nos-dejan\/"]}]},{"@type":"ImageObject","inLanguage":"es-AR","@id":"https:\/\/apuntesdesanluis.com\/index.php\/2023\/09\/13\/la-oposicion-cruzo-al-gobierno-por-la-inflacion-es-el-numero-que-resume-la-tragedia-que-nos-dejan\/#primaryimage","url":"https:\/\/apuntesdesanluis.com\/wp-content\/uploads\/2023\/08\/bullrich-1.png","contentUrl":"https:\/\/apuntesdesanluis.com\/wp-content\/uploads\/2023\/08\/bullrich-1.png","width":720,"height":504},{"@type":"BreadcrumbList","@id":"https:\/\/apuntesdesanluis.com\/index.php\/2023\/09\/13\/la-oposicion-cruzo-al-gobierno-por-la-inflacion-es-el-numero-que-resume-la-tragedia-que-nos-dejan\/#breadcrumb","itemListElement":[{"@type":"ListItem","position":1,"name":"Inicio","item":"https:\/\/apuntesdesanluis.com\/"},{"@type":"ListItem","position":2,"name":"LA OPOSICI\u00d3N CRUZ\u00d3 AL GOBIERNO POR LA INFLACI\u00d3N: &#8220;ES EL N\u00daMERO QUE RESUME LA TRAGEDIA QUE NOS DEJAN&#8221;"}]},{"@type":"WebSite","@id":"https:\/\/apuntesdesanluis.com\/#website","url":"https:\/\/apuntesdesanluis.com\/","name":"Apuntes de San Luis","description":"","publisher":{"@id":"https:\/\/apuntesdesanluis.com\/#\/schema\/person\/b55151d52296fcce64d1a72538a70b90"},"potentialAction":[{"@type":"SearchAction","target":{"@type":"EntryPoint","urlTemplate":"https:\/\/apuntesdesanluis.com\/?s={search_term_string}"},"query-input":{"@type":"PropertyValueSpecification","valueRequired":true,"valueName":"search_term_string"}}],"inLanguage":"es-AR"},{"@type":["Person","Organization"],"@id":"https:\/\/apuntesdesanluis.com\/#\/schema\/person\/b55151d52296fcce64d1a72538a70b90","name":"apuntesdesanluis.com","image":{"@type":"ImageObject","inLanguage":"es-AR","@id":"https:\/\/apuntesdesanluis.com\/#\/schema\/person\/image\/","url":"https:\/\/apuntesdesanluis.com\/wp-content\/uploads\/2023\/07\/cropped-apuntesdesanluis.png","contentUrl":"https:\/\/apuntesdesanluis.com\/wp-content\/uploads\/2023\/07\/cropped-apuntesdesanluis.png","width":450,"height":112,"caption":"apuntesdesanluis.com"},"logo":{"@id":"https:\/\/apuntesdesanluis.com\/#\/schema\/person\/image\/"},"sameAs":["https:\/\/apuntesdesanluis.com"],"url":"https:\/\/apuntesdesanluis.com\/index.php\/author\/apuntesdesanluis-com\/"}]}},"featured_image_urls":{"full":["https:\/\/apuntesdesanluis.com\/wp-content\/uploads\/2023\/08\/bullrich-1.png",720,504,false],"thumbnail":["https:\/\/apuntesdesanluis.com\/wp-content\/uploads\/2023\/08\/bullrich-1-150x150.png",150,150,true],"medium":["https:\/\/apuntesdesanluis.com\/wp-content\/uploads\/2023\/08\/bullrich-1-300x210.png",300,210,true],"medium_large":["https:\/\/apuntesdesanluis.com\/wp-content\/uploads\/2023\/08\/bullrich-1.png",640,448,false],"large":["https:\/\/apuntesdesanluis.com\/wp-content\/uploads\/2023\/08\/bullrich-1.png",640,448,false],"1536x1536":["https:\/\/apuntesdesanluis.com\/wp-content\/uploads\/2023\/08\/bullrich-1.png",720,504,false],"2048x2048":["https:\/\/apuntesdesanluis.com\/wp-content\/uploads\/2023\/08\/bullrich-1.png",720,504,false],"newsever-slider-full":["https:\/\/apuntesdesanluis.com\/wp-content\/uploads\/2023\/08\/bullrich-1.png",720,504,false],"newsever-featured":["https:\/\/apuntesdesanluis.com\/wp-content\/uploads\/2023\/08\/bullrich-1.png",720,504,false],"newsever-medium":["https:\/\/apuntesdesanluis.com\/wp-content\/uploads\/2023\/08\/bullrich-1-720x475.png",720,475,true]},"author_info":{"display_name":"apuntesdesanluis.com","author_link":"https:\/\/apuntesdesanluis.com\/index.php\/author\/apuntesdesanluis-com\/"},"category_info":"<a href=\"https:\/\/apuntesdesanluis.com\/index.php\/category\/nacionales-internacionales\/\" rel=\"category tag\">Nacionales\/Internacionales<\/a>","tag_info":"Nacionales\/Internacionales","comment_count":"0","_links":{"self":[{"href":"https:\/\/apuntesdesanluis.com\/index.php\/wp-json\/wp\/v2\/posts\/3268","targetHints":{"allow":["GET"]}}],"collection":[{"href":"https:\/\/apuntesdesanluis.com\/index.php\/wp-json\/wp\/v2\/posts"}],"about":[{"href":"https:\/\/apuntesdesanluis.com\/index.php\/wp-json\/wp\/v2\/types\/post"}],"author":[{"embeddable":true,"href":"https:\/\/apuntesdesanluis.com\/index.php\/wp-json\/wp\/v2\/users\/1"}],"replies":[{"embeddable":true,"href":"https:\/\/apuntesdesanluis.com\/index.php\/wp-json\/wp\/v2\/comments?post=3268"}],"version-history":[{"count":1,"href":"https:\/\/apuntesdesanluis.com\/index.php\/wp-json\/wp\/v2\/posts\/3268\/revisions"}],"predecessor-version":[{"id":3269,"href":"https:\/\/apuntesdesanluis.com\/index.php\/wp-json\/wp\/v2\/posts\/3268\/revisions\/3269"}],"wp:featuredmedia":[{"embeddable":true,"href":"https:\/\/apuntesdesanluis.com\/index.php\/wp-json\/wp\/v2\/media\/981"}],"wp:attachment":[{"href":"https:\/\/apuntesdesanluis.com\/index.php\/wp-json\/wp\/v2\/media?parent=3268"}],"wp:term":[{"taxonomy":"category","embeddable":true,"href":"https:\/\/apuntesdesanluis.com\/index.php\/wp-json\/wp\/v2\/categories?post=3268"},{"taxonomy":"post_tag","embeddable":true,"href":"https:\/\/apuntesdesanluis.com\/index.php\/wp-json\/wp\/v2\/tags?post=3268"}],"curies":[{"name":"wp","href":"https:\/\/api.w.org\/{rel}","templated":true}]}}