{"id":3276,"date":"2023-09-13T20:53:45","date_gmt":"2023-09-13T23:53:45","guid":{"rendered":"https:\/\/apuntesdesanluis.com\/?p=3276"},"modified":"2023-09-13T20:53:45","modified_gmt":"2023-09-13T23:53:45","slug":"comienza-el-juicio-a-un-ex-director-del-sanatorio-de-la-trinidad-por-la-muerte-de-perez-volpin","status":"publish","type":"post","link":"https:\/\/apuntesdesanluis.com\/index.php\/2023\/09\/13\/comienza-el-juicio-a-un-ex-director-del-sanatorio-de-la-trinidad-por-la-muerte-de-perez-volpin\/","title":{"rendered":"COMIENZA EL JUICIO A UN EX DIRECTOR DEL SANATORIO DE LA TRINIDAD POR LA MUERTE DE P\u00c9REZ VOLPIN"},"content":{"rendered":"<h3 class=\"yiv7409174924ydp6329976emsonormal\" style=\"background: white;\"><span style=\"font-family: 'Arial','sans-serif'; color: #1d2228;\">El ex director del Sanatorio de la Trinidad y una instrumentadora quir\u00fargica comenzar\u00e1n a ser juzgados desde este viernes en una segunda causa por la muerte de la periodista <strong>D\u00e9bora P\u00e9rez Volpin<\/strong> en esa cl\u00ednica durante una endoscop\u00eda realizada en 2018.<\/span><\/h3>\n<h3 class=\"yiv7409174924ydp6329976emsonormal\" style=\"background: white;\"><span style=\"font-family: 'Arial','sans-serif'; color: #1d2228;\">Se trata de Roberto Martingano, quien est\u00e1 acusado por encubrimiento, y de la instrumentadora, Eliana Fr\u00edas, imputada por falso testimonio.<\/span><\/h3>\n<h3 class=\"yiv7409174924ydp6329976emsonormal\" style=\"background: white;\"><span style=\"font-family: 'Arial','sans-serif'; color: #1d2228;\">En la primera causa, la sala III de la C\u00e1mara Nacional de Casaci\u00f3n en lo Criminal y Correccional confirm\u00f3 -en marzo de este a\u00f1o- la condena a tres a\u00f1os de prisi\u00f3n para el endoscopista Diego Ariel Bialolenkier, y consider\u00f3 que deb\u00eda confirmarse la absoluci\u00f3n de la anestesista N\u00e9lida Puente.<\/span><\/h3>\n<h3 class=\"yiv7409174924ydp6329976emsonormal\" style=\"background: white;\"><span style=\"font-family: 'Arial','sans-serif'; color: #1d2228;\">En agosto de 2019, el Tribunal Oral en lo Criminal y Correccional 8, a cargo del juez Javier Anzo\u00e1tegui, consider\u00f3 a Bialolenkier responsable del homicidio culposo de la periodista.<\/span><\/h3>\n<h3 class=\"yiv7409174924ydp6329976emsonormal\" style=\"background: white;\"><span style=\"font-family: 'Arial','sans-serif'; color: #1d2228;\">La medida fue adoptada por la sala integrada por los jueces H\u00e9ctor Magari\u00f1os, Alberto Huarte Petite y Pablo Jantus, quienes rechazaron los recursos de casaci\u00f3n interpuestos por la defensa y la querella al confirmar el fallo del 2 de agosto de 2019.<\/span><\/h3>\n<h3 class=\"yiv7409174924ydp6329976emsonormal\" style=\"background: white;\"><span style=\"font-family: 'Arial','sans-serif'; color: #1d2228;\">De acuerdo al fallo, el 6 de febrero de 2018, entre las 17.20 y las 17.30 dentro de uno de los quir\u00f3fanos del Sanatorio La Trinidad Palermo, y durante un procedimiento de videoendoscopia digestiva alta, Bialolenkier le caus\u00f3 la muerte a P\u00e9rez Volpin por llevar adelante \u201cuna conducta imprudente y negligente\u201d.<\/span><\/h3>\n<h3 class=\"yiv7409174924ydp6329976emsonormal\" style=\"background: white;\"><span style=\"font-family: 'Arial','sans-serif'; color: #1d2228;\">Adem\u00e1s, descart\u00f3 la postura de la defensa al respecto de que el consentimiento firmado por la v\u00edctima significaba que P\u00e9rez Volpin aceptaba la posibilidad de morir durante el procedimiento.<\/span><\/h3>\n","protected":false},"excerpt":{"rendered":"<p>El ex director del Sanatorio de la Trinidad y una instrumentadora quir\u00fargica comenzar\u00e1n a ser&#8230;<\/p>\n","protected":false},"author":1,"featured_media":3277,"comment_status":"closed","ping_status":"closed","sticky":false,"template":"","format":"standard","meta":{"footnotes":""},"categories":[5],"tags":[],"class_list":["post-3276","post","type-post","status-publish","format-standard","has-post-thumbnail","hentry","category-nacionales-internacionales"],"yoast_head":"<!-- This site is optimized with the Yoast SEO plugin v26.1.1 - https:\/\/yoast.com\/wordpress\/plugins\/seo\/ -->\n<title>COMIENZA EL JUICIO A UN EX DIRECTOR DEL SANATORIO DE LA TRINIDAD POR LA MUERTE DE P\u00c9REZ VOLPIN - Apuntes de San Luis<\/title>\n<meta name=\"robots\" content=\"index, follow, max-snippet:-1, max-image-preview:large, max-video-preview:-1\" \/>\n<link rel=\"canonical\" href=\"https:\/\/apuntesdesanluis.com\/index.php\/2023\/09\/13\/comienza-el-juicio-a-un-ex-director-del-sanatorio-de-la-trinidad-por-la-muerte-de-perez-volpin\/\" \/>\n<meta property=\"og:locale\" content=\"es_ES\" \/>\n<meta property=\"og:type\" content=\"article\" \/>\n<meta property=\"og:title\" content=\"COMIENZA EL JUICIO A UN EX DIRECTOR DEL SANATORIO DE LA TRINIDAD POR LA MUERTE DE P\u00c9REZ VOLPIN - Apuntes de San Luis\" \/>\n<meta property=\"og:description\" content=\"El ex director del Sanatorio de la Trinidad y una instrumentadora quir\u00fargica comenzar\u00e1n a ser...\" \/>\n<meta property=\"og:url\" content=\"https:\/\/apuntesdesanluis.com\/index.php\/2023\/09\/13\/comienza-el-juicio-a-un-ex-director-del-sanatorio-de-la-trinidad-por-la-muerte-de-perez-volpin\/\" \/>\n<meta property=\"og:site_name\" content=\"Apuntes de San Luis\" \/>\n<meta property=\"article:published_time\" content=\"2023-09-13T23:53:45+00:00\" \/>\n<meta property=\"og:image\" content=\"https:\/\/apuntesdesanluis.com\/wp-content\/uploads\/2023\/09\/perez-volpin.png\" \/>\n\t<meta property=\"og:image:width\" content=\"1167\" \/>\n\t<meta property=\"og:image:height\" content=\"670\" \/>\n\t<meta property=\"og:image:type\" content=\"image\/png\" \/>\n<meta name=\"author\" content=\"apuntesdesanluis.com\" \/>\n<meta name=\"twitter:card\" content=\"summary_large_image\" \/>\n<meta name=\"twitter:label1\" content=\"Escrito por\" \/>\n\t<meta name=\"twitter:data1\" content=\"apuntesdesanluis.com\" \/>\n\t<meta name=\"twitter:label2\" content=\"Tiempo de lectura\" \/>\n\t<meta name=\"twitter:data2\" content=\"2 minutos\" \/>\n<script type=\"application\/ld+json\" class=\"yoast-schema-graph\">{\"@context\":\"https:\/\/schema.org\",\"@graph\":[{\"@type\":\"Article\",\"@id\":\"https:\/\/apuntesdesanluis.com\/index.php\/2023\/09\/13\/comienza-el-juicio-a-un-ex-director-del-sanatorio-de-la-trinidad-por-la-muerte-de-perez-volpin\/#article\",\"isPartOf\":{\"@id\":\"https:\/\/apuntesdesanluis.com\/index.php\/2023\/09\/13\/comienza-el-juicio-a-un-ex-director-del-sanatorio-de-la-trinidad-por-la-muerte-de-perez-volpin\/\"},\"author\":{\"name\":\"apuntesdesanluis.com\",\"@id\":\"https:\/\/apuntesdesanluis.com\/#\/schema\/person\/b55151d52296fcce64d1a72538a70b90\"},\"headline\":\"COMIENZA EL JUICIO A UN EX DIRECTOR DEL SANATORIO DE LA TRINIDAD POR LA MUERTE DE P\u00c9REZ VOLPIN\",\"datePublished\":\"2023-09-13T23:53:45+00:00\",\"mainEntityOfPage\":{\"@id\":\"https:\/\/apuntesdesanluis.com\/index.php\/2023\/09\/13\/comienza-el-juicio-a-un-ex-director-del-sanatorio-de-la-trinidad-por-la-muerte-de-perez-volpin\/\"},\"wordCount\":295,\"publisher\":{\"@id\":\"https:\/\/apuntesdesanluis.com\/#\/schema\/person\/b55151d52296fcce64d1a72538a70b90\"},\"image\":{\"@id\":\"https:\/\/apuntesdesanluis.com\/index.php\/2023\/09\/13\/comienza-el-juicio-a-un-ex-director-del-sanatorio-de-la-trinidad-por-la-muerte-de-perez-volpin\/#primaryimage\"},\"thumbnailUrl\":\"https:\/\/apuntesdesanluis.com\/wp-content\/uploads\/2023\/09\/perez-volpin.png\",\"articleSection\":[\"Nacionales\/Internacionales\"],\"inLanguage\":\"es-AR\"},{\"@type\":\"WebPage\",\"@id\":\"https:\/\/apuntesdesanluis.com\/index.php\/2023\/09\/13\/comienza-el-juicio-a-un-ex-director-del-sanatorio-de-la-trinidad-por-la-muerte-de-perez-volpin\/\",\"url\":\"https:\/\/apuntesdesanluis.com\/index.php\/2023\/09\/13\/comienza-el-juicio-a-un-ex-director-del-sanatorio-de-la-trinidad-por-la-muerte-de-perez-volpin\/\",\"name\":\"COMIENZA EL JUICIO A UN EX DIRECTOR DEL SANATORIO DE LA TRINIDAD POR LA MUERTE DE P\u00c9REZ VOLPIN - Apuntes de San Luis\",\"isPartOf\":{\"@id\":\"https:\/\/apuntesdesanluis.com\/#website\"},\"primaryImageOfPage\":{\"@id\":\"https:\/\/apuntesdesanluis.com\/index.php\/2023\/09\/13\/comienza-el-juicio-a-un-ex-director-del-sanatorio-de-la-trinidad-por-la-muerte-de-perez-volpin\/#primaryimage\"},\"image\":{\"@id\":\"https:\/\/apuntesdesanluis.com\/index.php\/2023\/09\/13\/comienza-el-juicio-a-un-ex-director-del-sanatorio-de-la-trinidad-por-la-muerte-de-perez-volpin\/#primaryimage\"},\"thumbnailUrl\":\"https:\/\/apuntesdesanluis.com\/wp-content\/uploads\/2023\/09\/perez-volpin.png\",\"datePublished\":\"2023-09-13T23:53:45+00:00\",\"breadcrumb\":{\"@id\":\"https:\/\/apuntesdesanluis.com\/index.php\/2023\/09\/13\/comienza-el-juicio-a-un-ex-director-del-sanatorio-de-la-trinidad-por-la-muerte-de-perez-volpin\/#breadcrumb\"},\"inLanguage\":\"es-AR\",\"potentialAction\":[{\"@type\":\"ReadAction\",\"target\":[\"https:\/\/apuntesdesanluis.com\/index.php\/2023\/09\/13\/comienza-el-juicio-a-un-ex-director-del-sanatorio-de-la-trinidad-por-la-muerte-de-perez-volpin\/\"]}]},{\"@type\":\"ImageObject\",\"inLanguage\":\"es-AR\",\"@id\":\"https:\/\/apuntesdesanluis.com\/index.php\/2023\/09\/13\/comienza-el-juicio-a-un-ex-director-del-sanatorio-de-la-trinidad-por-la-muerte-de-perez-volpin\/#primaryimage\",\"url\":\"https:\/\/apuntesdesanluis.com\/wp-content\/uploads\/2023\/09\/perez-volpin.png\",\"contentUrl\":\"https:\/\/apuntesdesanluis.com\/wp-content\/uploads\/2023\/09\/perez-volpin.png\",\"width\":1167,\"height\":670},{\"@type\":\"BreadcrumbList\",\"@id\":\"https:\/\/apuntesdesanluis.com\/index.php\/2023\/09\/13\/comienza-el-juicio-a-un-ex-director-del-sanatorio-de-la-trinidad-por-la-muerte-de-perez-volpin\/#breadcrumb\",\"itemListElement\":[{\"@type\":\"ListItem\",\"position\":1,\"name\":\"Inicio\",\"item\":\"https:\/\/apuntesdesanluis.com\/\"},{\"@type\":\"ListItem\",\"position\":2,\"name\":\"COMIENZA EL JUICIO A UN EX DIRECTOR DEL SANATORIO DE LA TRINIDAD POR LA MUERTE DE P\u00c9REZ VOLPIN\"}]},{\"@type\":\"WebSite\",\"@id\":\"https:\/\/apuntesdesanluis.com\/#website\",\"url\":\"https:\/\/apuntesdesanluis.com\/\",\"name\":\"Apuntes de San Luis\",\"description\":\"\",\"publisher\":{\"@id\":\"https:\/\/apuntesdesanluis.com\/#\/schema\/person\/b55151d52296fcce64d1a72538a70b90\"},\"potentialAction\":[{\"@type\":\"SearchAction\",\"target\":{\"@type\":\"EntryPoint\",\"urlTemplate\":\"https:\/\/apuntesdesanluis.com\/?s={search_term_string}\"},\"query-input\":{\"@type\":\"PropertyValueSpecification\",\"valueRequired\":true,\"valueName\":\"search_term_string\"}}],\"inLanguage\":\"es-AR\"},{\"@type\":[\"Person\",\"Organization\"],\"@id\":\"https:\/\/apuntesdesanluis.com\/#\/schema\/person\/b55151d52296fcce64d1a72538a70b90\",\"name\":\"apuntesdesanluis.com\",\"image\":{\"@type\":\"ImageObject\",\"inLanguage\":\"es-AR\",\"@id\":\"https:\/\/apuntesdesanluis.com\/#\/schema\/person\/image\/\",\"url\":\"https:\/\/apuntesdesanluis.com\/wp-content\/uploads\/2023\/07\/cropped-apuntesdesanluis.png\",\"contentUrl\":\"https:\/\/apuntesdesanluis.com\/wp-content\/uploads\/2023\/07\/cropped-apuntesdesanluis.png\",\"width\":450,\"height\":112,\"caption\":\"apuntesdesanluis.com\"},\"logo\":{\"@id\":\"https:\/\/apuntesdesanluis.com\/#\/schema\/person\/image\/\"},\"sameAs\":[\"https:\/\/apuntesdesanluis.com\"],\"url\":\"https:\/\/apuntesdesanluis.com\/index.php\/author\/apuntesdesanluis-com\/\"}]}<\/script>\n<!-- \/ Yoast SEO plugin. -->","yoast_head_json":{"title":"COMIENZA EL JUICIO A UN EX DIRECTOR DEL SANATORIO DE LA TRINIDAD POR LA MUERTE DE P\u00c9REZ VOLPIN - Apuntes de San Luis","robots":{"index":"index","follow":"follow","max-snippet":"max-snippet:-1","max-image-preview":"max-image-preview:large","max-video-preview":"max-video-preview:-1"},"canonical":"https:\/\/apuntesdesanluis.com\/index.php\/2023\/09\/13\/comienza-el-juicio-a-un-ex-director-del-sanatorio-de-la-trinidad-por-la-muerte-de-perez-volpin\/","og_locale":"es_ES","og_type":"article","og_title":"COMIENZA EL JUICIO A UN EX DIRECTOR DEL SANATORIO DE LA TRINIDAD POR LA MUERTE DE P\u00c9REZ VOLPIN - Apuntes de San Luis","og_description":"El ex director del Sanatorio de la Trinidad y una instrumentadora quir\u00fargica comenzar\u00e1n a ser...","og_url":"https:\/\/apuntesdesanluis.com\/index.php\/2023\/09\/13\/comienza-el-juicio-a-un-ex-director-del-sanatorio-de-la-trinidad-por-la-muerte-de-perez-volpin\/","og_site_name":"Apuntes de San Luis","article_published_time":"2023-09-13T23:53:45+00:00","og_image":[{"width":1167,"height":670,"url":"https:\/\/apuntesdesanluis.com\/wp-content\/uploads\/2023\/09\/perez-volpin.png","type":"image\/png"}],"author":"apuntesdesanluis.com","twitter_card":"summary_large_image","twitter_misc":{"Escrito por":"apuntesdesanluis.com","Tiempo de lectura":"2 minutos"},"schema":{"@context":"https:\/\/schema.org","@graph":[{"@type":"Article","@id":"https:\/\/apuntesdesanluis.com\/index.php\/2023\/09\/13\/comienza-el-juicio-a-un-ex-director-del-sanatorio-de-la-trinidad-por-la-muerte-de-perez-volpin\/#article","isPartOf":{"@id":"https:\/\/apuntesdesanluis.com\/index.php\/2023\/09\/13\/comienza-el-juicio-a-un-ex-director-del-sanatorio-de-la-trinidad-por-la-muerte-de-perez-volpin\/"},"author":{"name":"apuntesdesanluis.com","@id":"https:\/\/apuntesdesanluis.com\/#\/schema\/person\/b55151d52296fcce64d1a72538a70b90"},"headline":"COMIENZA EL JUICIO A UN EX DIRECTOR DEL SANATORIO DE LA TRINIDAD POR LA MUERTE DE P\u00c9REZ VOLPIN","datePublished":"2023-09-13T23:53:45+00:00","mainEntityOfPage":{"@id":"https:\/\/apuntesdesanluis.com\/index.php\/2023\/09\/13\/comienza-el-juicio-a-un-ex-director-del-sanatorio-de-la-trinidad-por-la-muerte-de-perez-volpin\/"},"wordCount":295,"publisher":{"@id":"https:\/\/apuntesdesanluis.com\/#\/schema\/person\/b55151d52296fcce64d1a72538a70b90"},"image":{"@id":"https:\/\/apuntesdesanluis.com\/index.php\/2023\/09\/13\/comienza-el-juicio-a-un-ex-director-del-sanatorio-de-la-trinidad-por-la-muerte-de-perez-volpin\/#primaryimage"},"thumbnailUrl":"https:\/\/apuntesdesanluis.com\/wp-content\/uploads\/2023\/09\/perez-volpin.png","articleSection":["Nacionales\/Internacionales"],"inLanguage":"es-AR"},{"@type":"WebPage","@id":"https:\/\/apuntesdesanluis.com\/index.php\/2023\/09\/13\/comienza-el-juicio-a-un-ex-director-del-sanatorio-de-la-trinidad-por-la-muerte-de-perez-volpin\/","url":"https:\/\/apuntesdesanluis.com\/index.php\/2023\/09\/13\/comienza-el-juicio-a-un-ex-director-del-sanatorio-de-la-trinidad-por-la-muerte-de-perez-volpin\/","name":"COMIENZA EL JUICIO A UN EX DIRECTOR DEL SANATORIO DE LA TRINIDAD POR LA MUERTE DE P\u00c9REZ VOLPIN - Apuntes de San Luis","isPartOf":{"@id":"https:\/\/apuntesdesanluis.com\/#website"},"primaryImageOfPage":{"@id":"https:\/\/apuntesdesanluis.com\/index.php\/2023\/09\/13\/comienza-el-juicio-a-un-ex-director-del-sanatorio-de-la-trinidad-por-la-muerte-de-perez-volpin\/#primaryimage"},"image":{"@id":"https:\/\/apuntesdesanluis.com\/index.php\/2023\/09\/13\/comienza-el-juicio-a-un-ex-director-del-sanatorio-de-la-trinidad-por-la-muerte-de-perez-volpin\/#primaryimage"},"thumbnailUrl":"https:\/\/apuntesdesanluis.com\/wp-content\/uploads\/2023\/09\/perez-volpin.png","datePublished":"2023-09-13T23:53:45+00:00","breadcrumb":{"@id":"https:\/\/apuntesdesanluis.com\/index.php\/2023\/09\/13\/comienza-el-juicio-a-un-ex-director-del-sanatorio-de-la-trinidad-por-la-muerte-de-perez-volpin\/#breadcrumb"},"inLanguage":"es-AR","potentialAction":[{"@type":"ReadAction","target":["https:\/\/apuntesdesanluis.com\/index.php\/2023\/09\/13\/comienza-el-juicio-a-un-ex-director-del-sanatorio-de-la-trinidad-por-la-muerte-de-perez-volpin\/"]}]},{"@type":"ImageObject","inLanguage":"es-AR","@id":"https:\/\/apuntesdesanluis.com\/index.php\/2023\/09\/13\/comienza-el-juicio-a-un-ex-director-del-sanatorio-de-la-trinidad-por-la-muerte-de-perez-volpin\/#primaryimage","url":"https:\/\/apuntesdesanluis.com\/wp-content\/uploads\/2023\/09\/perez-volpin.png","contentUrl":"https:\/\/apuntesdesanluis.com\/wp-content\/uploads\/2023\/09\/perez-volpin.png","width":1167,"height":670},{"@type":"BreadcrumbList","@id":"https:\/\/apuntesdesanluis.com\/index.php\/2023\/09\/13\/comienza-el-juicio-a-un-ex-director-del-sanatorio-de-la-trinidad-por-la-muerte-de-perez-volpin\/#breadcrumb","itemListElement":[{"@type":"ListItem","position":1,"name":"Inicio","item":"https:\/\/apuntesdesanluis.com\/"},{"@type":"ListItem","position":2,"name":"COMIENZA EL JUICIO A UN EX DIRECTOR DEL SANATORIO DE LA TRINIDAD POR LA MUERTE DE P\u00c9REZ VOLPIN"}]},{"@type":"WebSite","@id":"https:\/\/apuntesdesanluis.com\/#website","url":"https:\/\/apuntesdesanluis.com\/","name":"Apuntes de San Luis","description":"","publisher":{"@id":"https:\/\/apuntesdesanluis.com\/#\/schema\/person\/b55151d52296fcce64d1a72538a70b90"},"potentialAction":[{"@type":"SearchAction","target":{"@type":"EntryPoint","urlTemplate":"https:\/\/apuntesdesanluis.com\/?s={search_term_string}"},"query-input":{"@type":"PropertyValueSpecification","valueRequired":true,"valueName":"search_term_string"}}],"inLanguage":"es-AR"},{"@type":["Person","Organization"],"@id":"https:\/\/apuntesdesanluis.com\/#\/schema\/person\/b55151d52296fcce64d1a72538a70b90","name":"apuntesdesanluis.com","image":{"@type":"ImageObject","inLanguage":"es-AR","@id":"https:\/\/apuntesdesanluis.com\/#\/schema\/person\/image\/","url":"https:\/\/apuntesdesanluis.com\/wp-content\/uploads\/2023\/07\/cropped-apuntesdesanluis.png","contentUrl":"https:\/\/apuntesdesanluis.com\/wp-content\/uploads\/2023\/07\/cropped-apuntesdesanluis.png","width":450,"height":112,"caption":"apuntesdesanluis.com"},"logo":{"@id":"https:\/\/apuntesdesanluis.com\/#\/schema\/person\/image\/"},"sameAs":["https:\/\/apuntesdesanluis.com"],"url":"https:\/\/apuntesdesanluis.com\/index.php\/author\/apuntesdesanluis-com\/"}]}},"featured_image_urls":{"full":["https:\/\/apuntesdesanluis.com\/wp-content\/uploads\/2023\/09\/perez-volpin.png",1167,670,false],"thumbnail":["https:\/\/apuntesdesanluis.com\/wp-content\/uploads\/2023\/09\/perez-volpin-150x150.png",150,150,true],"medium":["https:\/\/apuntesdesanluis.com\/wp-content\/uploads\/2023\/09\/perez-volpin-300x172.png",300,172,true],"medium_large":["https:\/\/apuntesdesanluis.com\/wp-content\/uploads\/2023\/09\/perez-volpin-768x441.png",640,368,true],"large":["https:\/\/apuntesdesanluis.com\/wp-content\/uploads\/2023\/09\/perez-volpin-1024x588.png",640,368,true],"1536x1536":["https:\/\/apuntesdesanluis.com\/wp-content\/uploads\/2023\/09\/perez-volpin.png",1167,670,false],"2048x2048":["https:\/\/apuntesdesanluis.com\/wp-content\/uploads\/2023\/09\/perez-volpin.png",1167,670,false],"newsever-slider-full":["https:\/\/apuntesdesanluis.com\/wp-content\/uploads\/2023\/09\/perez-volpin.png",1167,670,false],"newsever-featured":["https:\/\/apuntesdesanluis.com\/wp-content\/uploads\/2023\/09\/perez-volpin-1024x588.png",1024,588,true],"newsever-medium":["https:\/\/apuntesdesanluis.com\/wp-content\/uploads\/2023\/09\/perez-volpin-720x475.png",720,475,true]},"author_info":{"display_name":"apuntesdesanluis.com","author_link":"https:\/\/apuntesdesanluis.com\/index.php\/author\/apuntesdesanluis-com\/"},"category_info":"<a href=\"https:\/\/apuntesdesanluis.com\/index.php\/category\/nacionales-internacionales\/\" rel=\"category tag\">Nacionales\/Internacionales<\/a>","tag_info":"Nacionales\/Internacionales","comment_count":"0","_links":{"self":[{"href":"https:\/\/apuntesdesanluis.com\/index.php\/wp-json\/wp\/v2\/posts\/3276","targetHints":{"allow":["GET"]}}],"collection":[{"href":"https:\/\/apuntesdesanluis.com\/index.php\/wp-json\/wp\/v2\/posts"}],"about":[{"href":"https:\/\/apuntesdesanluis.com\/index.php\/wp-json\/wp\/v2\/types\/post"}],"author":[{"embeddable":true,"href":"https:\/\/apuntesdesanluis.com\/index.php\/wp-json\/wp\/v2\/users\/1"}],"replies":[{"embeddable":true,"href":"https:\/\/apuntesdesanluis.com\/index.php\/wp-json\/wp\/v2\/comments?post=3276"}],"version-history":[{"count":1,"href":"https:\/\/apuntesdesanluis.com\/index.php\/wp-json\/wp\/v2\/posts\/3276\/revisions"}],"predecessor-version":[{"id":3278,"href":"https:\/\/apuntesdesanluis.com\/index.php\/wp-json\/wp\/v2\/posts\/3276\/revisions\/3278"}],"wp:featuredmedia":[{"embeddable":true,"href":"https:\/\/apuntesdesanluis.com\/index.php\/wp-json\/wp\/v2\/media\/3277"}],"wp:attachment":[{"href":"https:\/\/apuntesdesanluis.com\/index.php\/wp-json\/wp\/v2\/media?parent=3276"}],"wp:term":[{"taxonomy":"category","embeddable":true,"href":"https:\/\/apuntesdesanluis.com\/index.php\/wp-json\/wp\/v2\/categories?post=3276"},{"taxonomy":"post_tag","embeddable":true,"href":"https:\/\/apuntesdesanluis.com\/index.php\/wp-json\/wp\/v2\/tags?post=3276"}],"curies":[{"name":"wp","href":"https:\/\/api.w.org\/{rel}","templated":true}]}}