{"id":3279,"date":"2023-09-13T10:55:36","date_gmt":"2023-09-13T13:55:36","guid":{"rendered":"https:\/\/apuntesdesanluis.com\/?p=3279"},"modified":"2023-09-13T21:00:07","modified_gmt":"2023-09-14T00:00:07","slug":"elevan-a-juicio-la-causa-contra-acusado-de-dispararle-a-dos-personas-en-una-cochera","status":"publish","type":"post","link":"https:\/\/apuntesdesanluis.com\/index.php\/2023\/09\/13\/elevan-a-juicio-la-causa-contra-acusado-de-dispararle-a-dos-personas-en-una-cochera\/","title":{"rendered":"ELEVAN A JUICIO LA CAUSA CONTRA ACUSADO DE DISPARARLE A DOS PERSONAS EN UNA COCHERA"},"content":{"rendered":"<h3 class=\"yiv7409174924ydp6329976emsonormal\" style=\"background: white;\"><span style=\"font-family: 'Arial','sans-serif'; color: #1d2228;\">El Juzgado de Garant\u00edas N\u00b0 3 orden\u00f3 la elevaci\u00f3n a juicio de la causa contra Jorge Omar Leyes, acusado de dispararle con un rev\u00f3lver a dos j\u00f3venes, sin herir a ninguno ya que los proyectiles impactaron en un muro. El hecho que se investiga ocurri\u00f3 el 7 de julio de 2022 en una playa de estacionamiento ubicada sobre la calle General Paz, en el micro centro de la ciudad de San Luis.<\/span><\/h3>\n<h3 class=\"yiv7409174924ydp6329976emsonormal\" style=\"background: white;\"><span style=\"font-family: 'Arial','sans-serif'; color: #1d2228;\">Al hombre de 59 a\u00f1os se le imputaron los delitos de portaci\u00f3n ilegal de arma civil, abuso de armas y lesiones leves en concurso real (tres hechos) en perjuicio de Dardo y Rodrigo Otero, y la Fiscal\u00eda de Instrucci\u00f3n solicit\u00f3 una condena de 4 a\u00f1os y 6 meses de prisi\u00f3n.<\/span><\/h3>\n<h3 class=\"yiv7409174924ydp6329976emsonormal\" style=\"background: white;\"><span style=\"font-family: 'Arial','sans-serif'; color: #1d2228;\">Leyes hab\u00eda llegado al estacionamiento, donde funciona tambi\u00e9n un lavadero de autos, a cobrarles una deuda que manten\u00edan las v\u00edctimas. De acuerdo a la acusaci\u00f3n fiscal, luego de una breve discusi\u00f3n el imputado sac\u00f3 de su Volkswagen Sur\u00e1n un rev\u00f3lver calibre 22 marca Jaguar y efectu\u00f3 los disparos. Luego forceje\u00f3 con Rodrigo Otero.<\/span><\/h3>\n<h3 class=\"yiv7409174924ydp6329976emsonormal\" style=\"background: white;\"><span style=\"font-family: 'Arial','sans-serif'; color: #1d2228;\">Este martes, se realiz\u00f3 la audiencia de control de acusaci\u00f3n y luego el juez Marcos Flores Leyes orden\u00f3 que se eleve a debate la causa. El paso que se sigue es la remisi\u00f3n del expediente a la Fiscal\u00eda de Juicio para que soliciten fecha de debate oral y p\u00fablico.<\/span><\/h3>\n<h3 class=\"yiv7409174924ydp6329976emsonormal\" style=\"background: white;\"><span style=\"font-family: 'Arial','sans-serif'; color: #1d2228;\">En agosto del a\u00f1o pasado, el Colegio de Jueces de la ciudad de San Luis, integrado de forma unipersonal, por ese entonces por Mar\u00eda Eugenia Zabala Chacur, rechaz\u00f3 un pedido de juicio abreviado para que Leyes sea condenado a tres a\u00f1os de prisi\u00f3n en suspenso por ser autor de los delitos de portaci\u00f3n de arma civil, abuso de armas y lesiones leves.<\/span><\/h3>\n","protected":false},"excerpt":{"rendered":"<p>El Juzgado de Garant\u00edas N\u00b0 3 orden\u00f3 la elevaci\u00f3n a juicio de la causa contra&#8230;<\/p>\n","protected":false},"author":1,"featured_media":3280,"comment_status":"closed","ping_status":"closed","sticky":false,"template":"","format":"standard","meta":{"footnotes":""},"categories":[6],"tags":[],"class_list":["post-3279","post","type-post","status-publish","format-standard","has-post-thumbnail","hentry","category-ciudad-provincia"],"yoast_head":"<!-- This site is optimized with the Yoast SEO plugin v26.1.1 - https:\/\/yoast.com\/wordpress\/plugins\/seo\/ -->\n<title>ELEVAN A JUICIO LA CAUSA CONTRA ACUSADO DE DISPARARLE A DOS PERSONAS EN UNA COCHERA - Apuntes de San Luis<\/title>\n<meta name=\"robots\" content=\"index, follow, max-snippet:-1, max-image-preview:large, max-video-preview:-1\" \/>\n<link rel=\"canonical\" href=\"https:\/\/apuntesdesanluis.com\/index.php\/2023\/09\/13\/elevan-a-juicio-la-causa-contra-acusado-de-dispararle-a-dos-personas-en-una-cochera\/\" \/>\n<meta property=\"og:locale\" content=\"es_ES\" \/>\n<meta property=\"og:type\" content=\"article\" \/>\n<meta property=\"og:title\" content=\"ELEVAN A JUICIO LA CAUSA CONTRA ACUSADO DE DISPARARLE A DOS PERSONAS EN UNA COCHERA - Apuntes de San Luis\" \/>\n<meta property=\"og:description\" content=\"El Juzgado de Garant\u00edas N\u00b0 3 orden\u00f3 la elevaci\u00f3n a juicio de la causa contra...\" \/>\n<meta property=\"og:url\" content=\"https:\/\/apuntesdesanluis.com\/index.php\/2023\/09\/13\/elevan-a-juicio-la-causa-contra-acusado-de-dispararle-a-dos-personas-en-una-cochera\/\" \/>\n<meta property=\"og:site_name\" content=\"Apuntes de San Luis\" \/>\n<meta property=\"article:published_time\" content=\"2023-09-13T13:55:36+00:00\" \/>\n<meta property=\"article:modified_time\" content=\"2023-09-14T00:00:07+00:00\" \/>\n<meta property=\"og:image\" content=\"https:\/\/apuntesdesanluis.com\/wp-content\/uploads\/2023\/09\/revolver.png\" \/>\n\t<meta property=\"og:image:width\" content=\"600\" \/>\n\t<meta property=\"og:image:height\" content=\"371\" \/>\n\t<meta property=\"og:image:type\" content=\"image\/png\" \/>\n<meta name=\"author\" content=\"apuntesdesanluis.com\" \/>\n<meta name=\"twitter:card\" content=\"summary_large_image\" \/>\n<meta name=\"twitter:label1\" content=\"Escrito por\" \/>\n\t<meta name=\"twitter:data1\" content=\"apuntesdesanluis.com\" \/>\n\t<meta name=\"twitter:label2\" content=\"Tiempo de lectura\" \/>\n\t<meta name=\"twitter:data2\" content=\"2 minutos\" \/>\n<script type=\"application\/ld+json\" class=\"yoast-schema-graph\">{\"@context\":\"https:\/\/schema.org\",\"@graph\":[{\"@type\":\"Article\",\"@id\":\"https:\/\/apuntesdesanluis.com\/index.php\/2023\/09\/13\/elevan-a-juicio-la-causa-contra-acusado-de-dispararle-a-dos-personas-en-una-cochera\/#article\",\"isPartOf\":{\"@id\":\"https:\/\/apuntesdesanluis.com\/index.php\/2023\/09\/13\/elevan-a-juicio-la-causa-contra-acusado-de-dispararle-a-dos-personas-en-una-cochera\/\"},\"author\":{\"name\":\"apuntesdesanluis.com\",\"@id\":\"https:\/\/apuntesdesanluis.com\/#\/schema\/person\/b55151d52296fcce64d1a72538a70b90\"},\"headline\":\"ELEVAN A JUICIO LA CAUSA CONTRA ACUSADO DE DISPARARLE A DOS PERSONAS EN UNA COCHERA\",\"datePublished\":\"2023-09-13T13:55:36+00:00\",\"dateModified\":\"2023-09-14T00:00:07+00:00\",\"mainEntityOfPage\":{\"@id\":\"https:\/\/apuntesdesanluis.com\/index.php\/2023\/09\/13\/elevan-a-juicio-la-causa-contra-acusado-de-dispararle-a-dos-personas-en-una-cochera\/\"},\"wordCount\":321,\"publisher\":{\"@id\":\"https:\/\/apuntesdesanluis.com\/#\/schema\/person\/b55151d52296fcce64d1a72538a70b90\"},\"image\":{\"@id\":\"https:\/\/apuntesdesanluis.com\/index.php\/2023\/09\/13\/elevan-a-juicio-la-causa-contra-acusado-de-dispararle-a-dos-personas-en-una-cochera\/#primaryimage\"},\"thumbnailUrl\":\"https:\/\/apuntesdesanluis.com\/wp-content\/uploads\/2023\/09\/revolver.png\",\"articleSection\":[\"Ciudad\/Provincia\"],\"inLanguage\":\"es-AR\"},{\"@type\":\"WebPage\",\"@id\":\"https:\/\/apuntesdesanluis.com\/index.php\/2023\/09\/13\/elevan-a-juicio-la-causa-contra-acusado-de-dispararle-a-dos-personas-en-una-cochera\/\",\"url\":\"https:\/\/apuntesdesanluis.com\/index.php\/2023\/09\/13\/elevan-a-juicio-la-causa-contra-acusado-de-dispararle-a-dos-personas-en-una-cochera\/\",\"name\":\"ELEVAN A JUICIO LA CAUSA CONTRA ACUSADO DE DISPARARLE A DOS PERSONAS EN UNA COCHERA - Apuntes de San Luis\",\"isPartOf\":{\"@id\":\"https:\/\/apuntesdesanluis.com\/#website\"},\"primaryImageOfPage\":{\"@id\":\"https:\/\/apuntesdesanluis.com\/index.php\/2023\/09\/13\/elevan-a-juicio-la-causa-contra-acusado-de-dispararle-a-dos-personas-en-una-cochera\/#primaryimage\"},\"image\":{\"@id\":\"https:\/\/apuntesdesanluis.com\/index.php\/2023\/09\/13\/elevan-a-juicio-la-causa-contra-acusado-de-dispararle-a-dos-personas-en-una-cochera\/#primaryimage\"},\"thumbnailUrl\":\"https:\/\/apuntesdesanluis.com\/wp-content\/uploads\/2023\/09\/revolver.png\",\"datePublished\":\"2023-09-13T13:55:36+00:00\",\"dateModified\":\"2023-09-14T00:00:07+00:00\",\"breadcrumb\":{\"@id\":\"https:\/\/apuntesdesanluis.com\/index.php\/2023\/09\/13\/elevan-a-juicio-la-causa-contra-acusado-de-dispararle-a-dos-personas-en-una-cochera\/#breadcrumb\"},\"inLanguage\":\"es-AR\",\"potentialAction\":[{\"@type\":\"ReadAction\",\"target\":[\"https:\/\/apuntesdesanluis.com\/index.php\/2023\/09\/13\/elevan-a-juicio-la-causa-contra-acusado-de-dispararle-a-dos-personas-en-una-cochera\/\"]}]},{\"@type\":\"ImageObject\",\"inLanguage\":\"es-AR\",\"@id\":\"https:\/\/apuntesdesanluis.com\/index.php\/2023\/09\/13\/elevan-a-juicio-la-causa-contra-acusado-de-dispararle-a-dos-personas-en-una-cochera\/#primaryimage\",\"url\":\"https:\/\/apuntesdesanluis.com\/wp-content\/uploads\/2023\/09\/revolver.png\",\"contentUrl\":\"https:\/\/apuntesdesanluis.com\/wp-content\/uploads\/2023\/09\/revolver.png\",\"width\":600,\"height\":371},{\"@type\":\"BreadcrumbList\",\"@id\":\"https:\/\/apuntesdesanluis.com\/index.php\/2023\/09\/13\/elevan-a-juicio-la-causa-contra-acusado-de-dispararle-a-dos-personas-en-una-cochera\/#breadcrumb\",\"itemListElement\":[{\"@type\":\"ListItem\",\"position\":1,\"name\":\"Inicio\",\"item\":\"https:\/\/apuntesdesanluis.com\/\"},{\"@type\":\"ListItem\",\"position\":2,\"name\":\"ELEVAN A JUICIO LA CAUSA CONTRA ACUSADO DE DISPARARLE A DOS PERSONAS EN UNA COCHERA\"}]},{\"@type\":\"WebSite\",\"@id\":\"https:\/\/apuntesdesanluis.com\/#website\",\"url\":\"https:\/\/apuntesdesanluis.com\/\",\"name\":\"Apuntes de San Luis\",\"description\":\"\",\"publisher\":{\"@id\":\"https:\/\/apuntesdesanluis.com\/#\/schema\/person\/b55151d52296fcce64d1a72538a70b90\"},\"potentialAction\":[{\"@type\":\"SearchAction\",\"target\":{\"@type\":\"EntryPoint\",\"urlTemplate\":\"https:\/\/apuntesdesanluis.com\/?s={search_term_string}\"},\"query-input\":{\"@type\":\"PropertyValueSpecification\",\"valueRequired\":true,\"valueName\":\"search_term_string\"}}],\"inLanguage\":\"es-AR\"},{\"@type\":[\"Person\",\"Organization\"],\"@id\":\"https:\/\/apuntesdesanluis.com\/#\/schema\/person\/b55151d52296fcce64d1a72538a70b90\",\"name\":\"apuntesdesanluis.com\",\"image\":{\"@type\":\"ImageObject\",\"inLanguage\":\"es-AR\",\"@id\":\"https:\/\/apuntesdesanluis.com\/#\/schema\/person\/image\/\",\"url\":\"https:\/\/apuntesdesanluis.com\/wp-content\/uploads\/2023\/07\/cropped-apuntesdesanluis.png\",\"contentUrl\":\"https:\/\/apuntesdesanluis.com\/wp-content\/uploads\/2023\/07\/cropped-apuntesdesanluis.png\",\"width\":450,\"height\":112,\"caption\":\"apuntesdesanluis.com\"},\"logo\":{\"@id\":\"https:\/\/apuntesdesanluis.com\/#\/schema\/person\/image\/\"},\"sameAs\":[\"https:\/\/apuntesdesanluis.com\"],\"url\":\"https:\/\/apuntesdesanluis.com\/index.php\/author\/apuntesdesanluis-com\/\"}]}<\/script>\n<!-- \/ Yoast SEO plugin. -->","yoast_head_json":{"title":"ELEVAN A JUICIO LA CAUSA CONTRA ACUSADO DE DISPARARLE A DOS PERSONAS EN UNA COCHERA - Apuntes de San Luis","robots":{"index":"index","follow":"follow","max-snippet":"max-snippet:-1","max-image-preview":"max-image-preview:large","max-video-preview":"max-video-preview:-1"},"canonical":"https:\/\/apuntesdesanluis.com\/index.php\/2023\/09\/13\/elevan-a-juicio-la-causa-contra-acusado-de-dispararle-a-dos-personas-en-una-cochera\/","og_locale":"es_ES","og_type":"article","og_title":"ELEVAN A JUICIO LA CAUSA CONTRA ACUSADO DE DISPARARLE A DOS PERSONAS EN UNA COCHERA - Apuntes de San Luis","og_description":"El Juzgado de Garant\u00edas N\u00b0 3 orden\u00f3 la elevaci\u00f3n a juicio de la causa contra...","og_url":"https:\/\/apuntesdesanluis.com\/index.php\/2023\/09\/13\/elevan-a-juicio-la-causa-contra-acusado-de-dispararle-a-dos-personas-en-una-cochera\/","og_site_name":"Apuntes de San Luis","article_published_time":"2023-09-13T13:55:36+00:00","article_modified_time":"2023-09-14T00:00:07+00:00","og_image":[{"width":600,"height":371,"url":"https:\/\/apuntesdesanluis.com\/wp-content\/uploads\/2023\/09\/revolver.png","type":"image\/png"}],"author":"apuntesdesanluis.com","twitter_card":"summary_large_image","twitter_misc":{"Escrito por":"apuntesdesanluis.com","Tiempo de lectura":"2 minutos"},"schema":{"@context":"https:\/\/schema.org","@graph":[{"@type":"Article","@id":"https:\/\/apuntesdesanluis.com\/index.php\/2023\/09\/13\/elevan-a-juicio-la-causa-contra-acusado-de-dispararle-a-dos-personas-en-una-cochera\/#article","isPartOf":{"@id":"https:\/\/apuntesdesanluis.com\/index.php\/2023\/09\/13\/elevan-a-juicio-la-causa-contra-acusado-de-dispararle-a-dos-personas-en-una-cochera\/"},"author":{"name":"apuntesdesanluis.com","@id":"https:\/\/apuntesdesanluis.com\/#\/schema\/person\/b55151d52296fcce64d1a72538a70b90"},"headline":"ELEVAN A JUICIO LA CAUSA CONTRA ACUSADO DE DISPARARLE A DOS PERSONAS EN UNA COCHERA","datePublished":"2023-09-13T13:55:36+00:00","dateModified":"2023-09-14T00:00:07+00:00","mainEntityOfPage":{"@id":"https:\/\/apuntesdesanluis.com\/index.php\/2023\/09\/13\/elevan-a-juicio-la-causa-contra-acusado-de-dispararle-a-dos-personas-en-una-cochera\/"},"wordCount":321,"publisher":{"@id":"https:\/\/apuntesdesanluis.com\/#\/schema\/person\/b55151d52296fcce64d1a72538a70b90"},"image":{"@id":"https:\/\/apuntesdesanluis.com\/index.php\/2023\/09\/13\/elevan-a-juicio-la-causa-contra-acusado-de-dispararle-a-dos-personas-en-una-cochera\/#primaryimage"},"thumbnailUrl":"https:\/\/apuntesdesanluis.com\/wp-content\/uploads\/2023\/09\/revolver.png","articleSection":["Ciudad\/Provincia"],"inLanguage":"es-AR"},{"@type":"WebPage","@id":"https:\/\/apuntesdesanluis.com\/index.php\/2023\/09\/13\/elevan-a-juicio-la-causa-contra-acusado-de-dispararle-a-dos-personas-en-una-cochera\/","url":"https:\/\/apuntesdesanluis.com\/index.php\/2023\/09\/13\/elevan-a-juicio-la-causa-contra-acusado-de-dispararle-a-dos-personas-en-una-cochera\/","name":"ELEVAN A JUICIO LA CAUSA CONTRA ACUSADO DE DISPARARLE A DOS PERSONAS EN UNA COCHERA - Apuntes de San Luis","isPartOf":{"@id":"https:\/\/apuntesdesanluis.com\/#website"},"primaryImageOfPage":{"@id":"https:\/\/apuntesdesanluis.com\/index.php\/2023\/09\/13\/elevan-a-juicio-la-causa-contra-acusado-de-dispararle-a-dos-personas-en-una-cochera\/#primaryimage"},"image":{"@id":"https:\/\/apuntesdesanluis.com\/index.php\/2023\/09\/13\/elevan-a-juicio-la-causa-contra-acusado-de-dispararle-a-dos-personas-en-una-cochera\/#primaryimage"},"thumbnailUrl":"https:\/\/apuntesdesanluis.com\/wp-content\/uploads\/2023\/09\/revolver.png","datePublished":"2023-09-13T13:55:36+00:00","dateModified":"2023-09-14T00:00:07+00:00","breadcrumb":{"@id":"https:\/\/apuntesdesanluis.com\/index.php\/2023\/09\/13\/elevan-a-juicio-la-causa-contra-acusado-de-dispararle-a-dos-personas-en-una-cochera\/#breadcrumb"},"inLanguage":"es-AR","potentialAction":[{"@type":"ReadAction","target":["https:\/\/apuntesdesanluis.com\/index.php\/2023\/09\/13\/elevan-a-juicio-la-causa-contra-acusado-de-dispararle-a-dos-personas-en-una-cochera\/"]}]},{"@type":"ImageObject","inLanguage":"es-AR","@id":"https:\/\/apuntesdesanluis.com\/index.php\/2023\/09\/13\/elevan-a-juicio-la-causa-contra-acusado-de-dispararle-a-dos-personas-en-una-cochera\/#primaryimage","url":"https:\/\/apuntesdesanluis.com\/wp-content\/uploads\/2023\/09\/revolver.png","contentUrl":"https:\/\/apuntesdesanluis.com\/wp-content\/uploads\/2023\/09\/revolver.png","width":600,"height":371},{"@type":"BreadcrumbList","@id":"https:\/\/apuntesdesanluis.com\/index.php\/2023\/09\/13\/elevan-a-juicio-la-causa-contra-acusado-de-dispararle-a-dos-personas-en-una-cochera\/#breadcrumb","itemListElement":[{"@type":"ListItem","position":1,"name":"Inicio","item":"https:\/\/apuntesdesanluis.com\/"},{"@type":"ListItem","position":2,"name":"ELEVAN A JUICIO LA CAUSA CONTRA ACUSADO DE DISPARARLE A DOS PERSONAS EN UNA COCHERA"}]},{"@type":"WebSite","@id":"https:\/\/apuntesdesanluis.com\/#website","url":"https:\/\/apuntesdesanluis.com\/","name":"Apuntes de San Luis","description":"","publisher":{"@id":"https:\/\/apuntesdesanluis.com\/#\/schema\/person\/b55151d52296fcce64d1a72538a70b90"},"potentialAction":[{"@type":"SearchAction","target":{"@type":"EntryPoint","urlTemplate":"https:\/\/apuntesdesanluis.com\/?s={search_term_string}"},"query-input":{"@type":"PropertyValueSpecification","valueRequired":true,"valueName":"search_term_string"}}],"inLanguage":"es-AR"},{"@type":["Person","Organization"],"@id":"https:\/\/apuntesdesanluis.com\/#\/schema\/person\/b55151d52296fcce64d1a72538a70b90","name":"apuntesdesanluis.com","image":{"@type":"ImageObject","inLanguage":"es-AR","@id":"https:\/\/apuntesdesanluis.com\/#\/schema\/person\/image\/","url":"https:\/\/apuntesdesanluis.com\/wp-content\/uploads\/2023\/07\/cropped-apuntesdesanluis.png","contentUrl":"https:\/\/apuntesdesanluis.com\/wp-content\/uploads\/2023\/07\/cropped-apuntesdesanluis.png","width":450,"height":112,"caption":"apuntesdesanluis.com"},"logo":{"@id":"https:\/\/apuntesdesanluis.com\/#\/schema\/person\/image\/"},"sameAs":["https:\/\/apuntesdesanluis.com"],"url":"https:\/\/apuntesdesanluis.com\/index.php\/author\/apuntesdesanluis-com\/"}]}},"featured_image_urls":{"full":["https:\/\/apuntesdesanluis.com\/wp-content\/uploads\/2023\/09\/revolver.png",600,371,false],"thumbnail":["https:\/\/apuntesdesanluis.com\/wp-content\/uploads\/2023\/09\/revolver-150x150.png",150,150,true],"medium":["https:\/\/apuntesdesanluis.com\/wp-content\/uploads\/2023\/09\/revolver-300x186.png",300,186,true],"medium_large":["https:\/\/apuntesdesanluis.com\/wp-content\/uploads\/2023\/09\/revolver.png",600,371,false],"large":["https:\/\/apuntesdesanluis.com\/wp-content\/uploads\/2023\/09\/revolver.png",600,371,false],"1536x1536":["https:\/\/apuntesdesanluis.com\/wp-content\/uploads\/2023\/09\/revolver.png",600,371,false],"2048x2048":["https:\/\/apuntesdesanluis.com\/wp-content\/uploads\/2023\/09\/revolver.png",600,371,false],"newsever-slider-full":["https:\/\/apuntesdesanluis.com\/wp-content\/uploads\/2023\/09\/revolver.png",600,371,false],"newsever-featured":["https:\/\/apuntesdesanluis.com\/wp-content\/uploads\/2023\/09\/revolver.png",600,371,false],"newsever-medium":["https:\/\/apuntesdesanluis.com\/wp-content\/uploads\/2023\/09\/revolver.png",600,371,false]},"author_info":{"display_name":"apuntesdesanluis.com","author_link":"https:\/\/apuntesdesanluis.com\/index.php\/author\/apuntesdesanluis-com\/"},"category_info":"<a href=\"https:\/\/apuntesdesanluis.com\/index.php\/category\/ciudad-provincia\/\" rel=\"category tag\">Ciudad\/Provincia<\/a>","tag_info":"Ciudad\/Provincia","comment_count":"0","_links":{"self":[{"href":"https:\/\/apuntesdesanluis.com\/index.php\/wp-json\/wp\/v2\/posts\/3279","targetHints":{"allow":["GET"]}}],"collection":[{"href":"https:\/\/apuntesdesanluis.com\/index.php\/wp-json\/wp\/v2\/posts"}],"about":[{"href":"https:\/\/apuntesdesanluis.com\/index.php\/wp-json\/wp\/v2\/types\/post"}],"author":[{"embeddable":true,"href":"https:\/\/apuntesdesanluis.com\/index.php\/wp-json\/wp\/v2\/users\/1"}],"replies":[{"embeddable":true,"href":"https:\/\/apuntesdesanluis.com\/index.php\/wp-json\/wp\/v2\/comments?post=3279"}],"version-history":[{"count":1,"href":"https:\/\/apuntesdesanluis.com\/index.php\/wp-json\/wp\/v2\/posts\/3279\/revisions"}],"predecessor-version":[{"id":3281,"href":"https:\/\/apuntesdesanluis.com\/index.php\/wp-json\/wp\/v2\/posts\/3279\/revisions\/3281"}],"wp:featuredmedia":[{"embeddable":true,"href":"https:\/\/apuntesdesanluis.com\/index.php\/wp-json\/wp\/v2\/media\/3280"}],"wp:attachment":[{"href":"https:\/\/apuntesdesanluis.com\/index.php\/wp-json\/wp\/v2\/media?parent=3279"}],"wp:term":[{"taxonomy":"category","embeddable":true,"href":"https:\/\/apuntesdesanluis.com\/index.php\/wp-json\/wp\/v2\/categories?post=3279"},{"taxonomy":"post_tag","embeddable":true,"href":"https:\/\/apuntesdesanluis.com\/index.php\/wp-json\/wp\/v2\/tags?post=3279"}],"curies":[{"name":"wp","href":"https:\/\/api.w.org\/{rel}","templated":true}]}}