{"id":3285,"date":"2023-09-13T12:08:26","date_gmt":"2023-09-13T15:08:26","guid":{"rendered":"https:\/\/apuntesdesanluis.com\/?p=3285"},"modified":"2023-09-13T21:09:21","modified_gmt":"2023-09-14T00:09:21","slug":"merlo-condenaron-a-un-hombre-acusado-de-amenazar-y-lesionar-a-su-pareja","status":"publish","type":"post","link":"https:\/\/apuntesdesanluis.com\/index.php\/2023\/09\/13\/merlo-condenaron-a-un-hombre-acusado-de-amenazar-y-lesionar-a-su-pareja\/","title":{"rendered":"MERLO: CONDENARON A UN HOMBRE ACUSADO DE AMENAZAR Y LESIONAR A SU PAREJA"},"content":{"rendered":"<h3 class=\"yiv7409174924ydp6329976emsonormal\" style=\"background: white;\"><span style=\"font-family: 'Arial','sans-serif'; color: #1d2228;\">Este mi\u00e9rcoles, mediante un juicio abreviado, se resolvi\u00f3 la situaci\u00f3n procesal de K.N.U., un hombre de 31 a\u00f1os acusado de amenazar y lesionar a su entonces pareja y madre de su hijo.<\/span><\/h3>\n<h3 class=\"yiv7409174924ydp6329976emsonormal\" style=\"background: white;\"><span style=\"font-family: 'Arial','sans-serif'; color: #1d2228;\">EL CASO<\/span><\/h3>\n<h3 class=\"yiv7409174924ydp6329976emsonormal\" style=\"background: white;\"><span style=\"font-family: 'Arial','sans-serif'; color: #1d2228;\">Los hechos ocurrieron el 22 de enero de 2023 en la vivienda que compart\u00edan en la Villa de Merlo. El primer episodio tuvo lugar en horas de la siesta cuando, en medio de una discusi\u00f3n, K.N.U. arremeti\u00f3 contra su pareja, propin\u00e1ndole golpes de pu\u00f1o y patadas en distintas partes del cuerpo.<\/span><\/h3>\n<h3 class=\"yiv7409174924ydp6329976emsonormal\" style=\"background: white;\"><span style=\"font-family: 'Arial','sans-serif'; color: #1d2228;\">La mujer logr\u00f3 escapar, retir\u00f3 a su hijo de la casa de su suegra, y se refugi\u00f3 en el domicilio de una amiga.<\/span><\/h3>\n<h3 class=\"yiv7409174924ydp6329976emsonormal\" style=\"background: white;\"><span style=\"font-family: 'Arial','sans-serif'; color: #1d2228;\">Alrededor de las 10 de la noche, K.N.U. sali\u00f3 de trabajar y, al no encontrar a su pareja en la casa, comenz\u00f3 a enviarle mensajes a su celular amenazando con matarla. Tambi\u00e9n la busc\u00f3 por los domicilios de familiares y amigos.<\/span><\/h3>\n<h3 class=\"yiv7409174924ydp6329976emsonormal\" style=\"background: white;\"><span style=\"font-family: 'Arial','sans-serif'; color: #1d2228;\">Al d\u00eda siguiente, la v\u00edctima realiz\u00f3 la denuncia en la fiscal\u00eda. All\u00ed, comunic\u00f3 a las autoridades que la relaci\u00f3n con el padre de su hijo siempre fue violenta, que no era la primera vez que la agred\u00eda, y que por ese motivo hab\u00eda decidido terminar el v\u00ednculo.<\/span><\/h3>\n<h3 class=\"yiv7409174924ydp6329976emsonormal\" style=\"background: white;\"><span style=\"font-family: 'Arial','sans-serif'; color: #1d2228;\">JUICIO ABREVIADO<\/span><\/h3>\n<h3 class=\"yiv7409174924ydp6329976emsonormal\" style=\"background: white;\"><span style=\"font-family: 'Arial','sans-serif'; color: #1d2228;\">El magistrado asignado para dirigir el debate como juez unipersonal, fue el Dr. Gustavo Daniel Sanchi\u00f1o; asistido por la Secretaria Subrogante, Dra. Romina Quatroque.<\/span><\/h3>\n<h3 class=\"yiv7409174924ydp6329976emsonormal\" style=\"background: white;\"><span style=\"font-family: 'Arial','sans-serif'; color: #1d2228;\">En representaci\u00f3n del Ministerio Fiscal, intervino la Dra. D\u00e9bora Antonella Roy Gitto; mientras que el acusado fue representado por los Defensores Oficiales en lo Penal, Dr. Jos\u00e9 Francisco P\u00e9rez y Dra. Mar\u00eda Luz V\u00edlchez.<\/span><\/h3>\n<h3 class=\"yiv7409174924ydp6329976emsonormal\" style=\"background: white;\"><span style=\"font-family: 'Arial','sans-serif'; color: #1d2228;\">Al iniciar el debate, la fiscal relat\u00f3 los hechos que motivaron la causa y enumer\u00f3 las evidencias que fundamentaron la acusaci\u00f3n. Entre ellas, la pericia realizada por el Departamento de Delitos Complejos al celular del acusado, donde obran las amenazas proferidas a su entonces pareja; los informes m\u00e9dicos del Hospital y del Cuerpo Profesional Forense, que dan cuenta de las lesiones provocadas a la v\u00edctima; y los relatos de personas del entorno cercano de la mujer, quienes expusieron sucesos anteriores de violencia en el marco de dicha relaci\u00f3n.<\/span><\/h3>\n<h3 class=\"yiv7409174924ydp6329976emsonormal\" style=\"background: white;\"><span style=\"font-family: 'Arial','sans-serif'; color: #1d2228;\">Acto seguido, inform\u00f3 al magistrado sobre el acuerdo de juicio abreviado que present\u00f3 la defensa, a trav\u00e9s del cual, el acusado reconoci\u00f3 su autor\u00eda en los hechos atribuidos y prest\u00f3 conformidad para la imposici\u00f3n de una pena de 3 a\u00f1os de prisi\u00f3n en suspenso. Tambi\u00e9n se comprometi\u00f3 a realizar tratamiento psicol\u00f3gico por el t\u00e9rmino de un a\u00f1o.<\/span><\/h3>\n<h3 class=\"yiv7409174924ydp6329976emsonormal\" style=\"background: white;\"><span style=\"font-family: 'Arial','sans-serif'; color: #1d2228;\">El juez explic\u00f3 a las partes los alcances del acuerdo presentado, aclar\u00e1ndoles que, para que fuera v\u00e1lido, deb\u00eda ser ratificado por el acusado.<\/span><\/h3>\n<h3 class=\"yiv7409174924ydp6329976emsonormal\" style=\"background: white;\"><span style=\"font-family: 'Arial','sans-serif'; color: #1d2228;\">K.N.U. aval\u00f3 verbalmente la propuesta de la defensa, mostr\u00e1ndose arrepentido por su accionar. Asimismo, manifest\u00f3 que, tiempo atr\u00e1s, tuvo posibilidad de hablar con la madre de su hijo y pedirle disculpas por lo ocurrido.<\/span><\/h3>\n<h3 class=\"yiv7409174924ydp6329976emsonormal\" style=\"background: white;\"><span style=\"font-family: 'Arial','sans-serif'; color: #1d2228;\">La v\u00edctima tambi\u00e9n presenci\u00f3 la audiencia y refiri\u00f3 que en la actualidad tiene una buena relaci\u00f3n con su ex, que lo hace por su hijo, y que no hubo nuevos hechos de violencia.<\/span><\/h3>\n<h3 class=\"yiv7409174924ydp6329976emsonormal\" style=\"background: white;\"><span style=\"font-family: 'Arial','sans-serif'; color: #1d2228;\">Al contar con la conformidad de todas las partes, el magistrado resolvi\u00f3 homologar el acuerdo de juicio abreviado, declarando a K.N.U. culpable como autor material y penalmente responsable de los delitos de amenazas y lesiones leves, en concurso real, agravados por la convivencia preexistente y por ser cometidos en contexto de g\u00e9nero, conden\u00e1ndolo a sufrir la pena de 3 a\u00f1os de prisi\u00f3n en suspenso, accesorias de ley y costas procesales.<\/span><\/h3>\n<h3 class=\"yiv7409174924ydp6329976emsonormal\" style=\"background: white;\"><span style=\"font-family: 'Arial','sans-serif'; color: #1d2228;\">Finalmente, le advirti\u00f3 que, para mantener la suspensi\u00f3n condicional del juicio, deber\u00e1 cumplir y acreditar las pautas de conducta que se le impongan en la sentencia. Caso contrario, dicho beneficio ser\u00e1 revocado y tendr\u00e1 que cumplir la totalidad de la pena de manera efectiva.<\/span><\/h3>\n","protected":false},"excerpt":{"rendered":"<p>Este mi\u00e9rcoles, mediante un juicio abreviado, se resolvi\u00f3 la situaci\u00f3n procesal de K.N.U., un hombre&#8230;<\/p>\n","protected":false},"author":1,"featured_media":3286,"comment_status":"closed","ping_status":"closed","sticky":false,"template":"","format":"standard","meta":{"footnotes":""},"categories":[6],"tags":[],"class_list":["post-3285","post","type-post","status-publish","format-standard","has-post-thumbnail","hentry","category-ciudad-provincia"],"yoast_head":"<!-- This site is optimized with the Yoast SEO plugin v26.1.1 - https:\/\/yoast.com\/wordpress\/plugins\/seo\/ -->\n<title>MERLO: CONDENARON A UN HOMBRE ACUSADO DE AMENAZAR Y LESIONAR A SU PAREJA - Apuntes de San Luis<\/title>\n<meta name=\"robots\" content=\"index, follow, max-snippet:-1, max-image-preview:large, max-video-preview:-1\" \/>\n<link rel=\"canonical\" href=\"https:\/\/apuntesdesanluis.com\/index.php\/2023\/09\/13\/merlo-condenaron-a-un-hombre-acusado-de-amenazar-y-lesionar-a-su-pareja\/\" \/>\n<meta property=\"og:locale\" content=\"es_ES\" \/>\n<meta property=\"og:type\" content=\"article\" \/>\n<meta property=\"og:title\" content=\"MERLO: CONDENARON A UN HOMBRE ACUSADO DE AMENAZAR Y LESIONAR A SU PAREJA - Apuntes de San Luis\" \/>\n<meta property=\"og:description\" content=\"Este mi\u00e9rcoles, mediante un juicio abreviado, se resolvi\u00f3 la situaci\u00f3n procesal de K.N.U., un hombre...\" \/>\n<meta property=\"og:url\" content=\"https:\/\/apuntesdesanluis.com\/index.php\/2023\/09\/13\/merlo-condenaron-a-un-hombre-acusado-de-amenazar-y-lesionar-a-su-pareja\/\" \/>\n<meta property=\"og:site_name\" content=\"Apuntes de San Luis\" \/>\n<meta property=\"article:published_time\" content=\"2023-09-13T15:08:26+00:00\" \/>\n<meta property=\"article:modified_time\" content=\"2023-09-14T00:09:21+00:00\" \/>\n<meta property=\"og:image\" content=\"https:\/\/apuntesdesanluis.com\/wp-content\/uploads\/2023\/09\/JUICIO-1.png\" \/>\n\t<meta property=\"og:image:width\" content=\"700\" \/>\n\t<meta property=\"og:image:height\" content=\"385\" \/>\n\t<meta property=\"og:image:type\" content=\"image\/png\" \/>\n<meta name=\"author\" content=\"apuntesdesanluis.com\" \/>\n<meta name=\"twitter:card\" content=\"summary_large_image\" \/>\n<meta name=\"twitter:label1\" content=\"Escrito por\" \/>\n\t<meta name=\"twitter:data1\" content=\"apuntesdesanluis.com\" \/>\n\t<meta name=\"twitter:label2\" content=\"Tiempo de lectura\" \/>\n\t<meta name=\"twitter:data2\" content=\"3 minutos\" \/>\n<script type=\"application\/ld+json\" class=\"yoast-schema-graph\">{\"@context\":\"https:\/\/schema.org\",\"@graph\":[{\"@type\":\"Article\",\"@id\":\"https:\/\/apuntesdesanluis.com\/index.php\/2023\/09\/13\/merlo-condenaron-a-un-hombre-acusado-de-amenazar-y-lesionar-a-su-pareja\/#article\",\"isPartOf\":{\"@id\":\"https:\/\/apuntesdesanluis.com\/index.php\/2023\/09\/13\/merlo-condenaron-a-un-hombre-acusado-de-amenazar-y-lesionar-a-su-pareja\/\"},\"author\":{\"name\":\"apuntesdesanluis.com\",\"@id\":\"https:\/\/apuntesdesanluis.com\/#\/schema\/person\/b55151d52296fcce64d1a72538a70b90\"},\"headline\":\"MERLO: CONDENARON A UN HOMBRE ACUSADO DE AMENAZAR Y LESIONAR A SU PAREJA\",\"datePublished\":\"2023-09-13T15:08:26+00:00\",\"dateModified\":\"2023-09-14T00:09:21+00:00\",\"mainEntityOfPage\":{\"@id\":\"https:\/\/apuntesdesanluis.com\/index.php\/2023\/09\/13\/merlo-condenaron-a-un-hombre-acusado-de-amenazar-y-lesionar-a-su-pareja\/\"},\"wordCount\":669,\"publisher\":{\"@id\":\"https:\/\/apuntesdesanluis.com\/#\/schema\/person\/b55151d52296fcce64d1a72538a70b90\"},\"image\":{\"@id\":\"https:\/\/apuntesdesanluis.com\/index.php\/2023\/09\/13\/merlo-condenaron-a-un-hombre-acusado-de-amenazar-y-lesionar-a-su-pareja\/#primaryimage\"},\"thumbnailUrl\":\"https:\/\/apuntesdesanluis.com\/wp-content\/uploads\/2023\/09\/JUICIO-1.png\",\"articleSection\":[\"Ciudad\/Provincia\"],\"inLanguage\":\"es-AR\"},{\"@type\":\"WebPage\",\"@id\":\"https:\/\/apuntesdesanluis.com\/index.php\/2023\/09\/13\/merlo-condenaron-a-un-hombre-acusado-de-amenazar-y-lesionar-a-su-pareja\/\",\"url\":\"https:\/\/apuntesdesanluis.com\/index.php\/2023\/09\/13\/merlo-condenaron-a-un-hombre-acusado-de-amenazar-y-lesionar-a-su-pareja\/\",\"name\":\"MERLO: CONDENARON A UN HOMBRE ACUSADO DE AMENAZAR Y LESIONAR A SU PAREJA - Apuntes de San Luis\",\"isPartOf\":{\"@id\":\"https:\/\/apuntesdesanluis.com\/#website\"},\"primaryImageOfPage\":{\"@id\":\"https:\/\/apuntesdesanluis.com\/index.php\/2023\/09\/13\/merlo-condenaron-a-un-hombre-acusado-de-amenazar-y-lesionar-a-su-pareja\/#primaryimage\"},\"image\":{\"@id\":\"https:\/\/apuntesdesanluis.com\/index.php\/2023\/09\/13\/merlo-condenaron-a-un-hombre-acusado-de-amenazar-y-lesionar-a-su-pareja\/#primaryimage\"},\"thumbnailUrl\":\"https:\/\/apuntesdesanluis.com\/wp-content\/uploads\/2023\/09\/JUICIO-1.png\",\"datePublished\":\"2023-09-13T15:08:26+00:00\",\"dateModified\":\"2023-09-14T00:09:21+00:00\",\"breadcrumb\":{\"@id\":\"https:\/\/apuntesdesanluis.com\/index.php\/2023\/09\/13\/merlo-condenaron-a-un-hombre-acusado-de-amenazar-y-lesionar-a-su-pareja\/#breadcrumb\"},\"inLanguage\":\"es-AR\",\"potentialAction\":[{\"@type\":\"ReadAction\",\"target\":[\"https:\/\/apuntesdesanluis.com\/index.php\/2023\/09\/13\/merlo-condenaron-a-un-hombre-acusado-de-amenazar-y-lesionar-a-su-pareja\/\"]}]},{\"@type\":\"ImageObject\",\"inLanguage\":\"es-AR\",\"@id\":\"https:\/\/apuntesdesanluis.com\/index.php\/2023\/09\/13\/merlo-condenaron-a-un-hombre-acusado-de-amenazar-y-lesionar-a-su-pareja\/#primaryimage\",\"url\":\"https:\/\/apuntesdesanluis.com\/wp-content\/uploads\/2023\/09\/JUICIO-1.png\",\"contentUrl\":\"https:\/\/apuntesdesanluis.com\/wp-content\/uploads\/2023\/09\/JUICIO-1.png\",\"width\":700,\"height\":385},{\"@type\":\"BreadcrumbList\",\"@id\":\"https:\/\/apuntesdesanluis.com\/index.php\/2023\/09\/13\/merlo-condenaron-a-un-hombre-acusado-de-amenazar-y-lesionar-a-su-pareja\/#breadcrumb\",\"itemListElement\":[{\"@type\":\"ListItem\",\"position\":1,\"name\":\"Inicio\",\"item\":\"https:\/\/apuntesdesanluis.com\/\"},{\"@type\":\"ListItem\",\"position\":2,\"name\":\"MERLO: CONDENARON A UN HOMBRE ACUSADO DE AMENAZAR Y LESIONAR A SU PAREJA\"}]},{\"@type\":\"WebSite\",\"@id\":\"https:\/\/apuntesdesanluis.com\/#website\",\"url\":\"https:\/\/apuntesdesanluis.com\/\",\"name\":\"Apuntes de San Luis\",\"description\":\"\",\"publisher\":{\"@id\":\"https:\/\/apuntesdesanluis.com\/#\/schema\/person\/b55151d52296fcce64d1a72538a70b90\"},\"potentialAction\":[{\"@type\":\"SearchAction\",\"target\":{\"@type\":\"EntryPoint\",\"urlTemplate\":\"https:\/\/apuntesdesanluis.com\/?s={search_term_string}\"},\"query-input\":{\"@type\":\"PropertyValueSpecification\",\"valueRequired\":true,\"valueName\":\"search_term_string\"}}],\"inLanguage\":\"es-AR\"},{\"@type\":[\"Person\",\"Organization\"],\"@id\":\"https:\/\/apuntesdesanluis.com\/#\/schema\/person\/b55151d52296fcce64d1a72538a70b90\",\"name\":\"apuntesdesanluis.com\",\"image\":{\"@type\":\"ImageObject\",\"inLanguage\":\"es-AR\",\"@id\":\"https:\/\/apuntesdesanluis.com\/#\/schema\/person\/image\/\",\"url\":\"https:\/\/apuntesdesanluis.com\/wp-content\/uploads\/2023\/07\/cropped-apuntesdesanluis.png\",\"contentUrl\":\"https:\/\/apuntesdesanluis.com\/wp-content\/uploads\/2023\/07\/cropped-apuntesdesanluis.png\",\"width\":450,\"height\":112,\"caption\":\"apuntesdesanluis.com\"},\"logo\":{\"@id\":\"https:\/\/apuntesdesanluis.com\/#\/schema\/person\/image\/\"},\"sameAs\":[\"https:\/\/apuntesdesanluis.com\"],\"url\":\"https:\/\/apuntesdesanluis.com\/index.php\/author\/apuntesdesanluis-com\/\"}]}<\/script>\n<!-- \/ Yoast SEO plugin. -->","yoast_head_json":{"title":"MERLO: CONDENARON A UN HOMBRE ACUSADO DE AMENAZAR Y LESIONAR A SU PAREJA - Apuntes de San Luis","robots":{"index":"index","follow":"follow","max-snippet":"max-snippet:-1","max-image-preview":"max-image-preview:large","max-video-preview":"max-video-preview:-1"},"canonical":"https:\/\/apuntesdesanluis.com\/index.php\/2023\/09\/13\/merlo-condenaron-a-un-hombre-acusado-de-amenazar-y-lesionar-a-su-pareja\/","og_locale":"es_ES","og_type":"article","og_title":"MERLO: CONDENARON A UN HOMBRE ACUSADO DE AMENAZAR Y LESIONAR A SU PAREJA - Apuntes de San Luis","og_description":"Este mi\u00e9rcoles, mediante un juicio abreviado, se resolvi\u00f3 la situaci\u00f3n procesal de K.N.U., un hombre...","og_url":"https:\/\/apuntesdesanluis.com\/index.php\/2023\/09\/13\/merlo-condenaron-a-un-hombre-acusado-de-amenazar-y-lesionar-a-su-pareja\/","og_site_name":"Apuntes de San Luis","article_published_time":"2023-09-13T15:08:26+00:00","article_modified_time":"2023-09-14T00:09:21+00:00","og_image":[{"width":700,"height":385,"url":"https:\/\/apuntesdesanluis.com\/wp-content\/uploads\/2023\/09\/JUICIO-1.png","type":"image\/png"}],"author":"apuntesdesanluis.com","twitter_card":"summary_large_image","twitter_misc":{"Escrito por":"apuntesdesanluis.com","Tiempo de lectura":"3 minutos"},"schema":{"@context":"https:\/\/schema.org","@graph":[{"@type":"Article","@id":"https:\/\/apuntesdesanluis.com\/index.php\/2023\/09\/13\/merlo-condenaron-a-un-hombre-acusado-de-amenazar-y-lesionar-a-su-pareja\/#article","isPartOf":{"@id":"https:\/\/apuntesdesanluis.com\/index.php\/2023\/09\/13\/merlo-condenaron-a-un-hombre-acusado-de-amenazar-y-lesionar-a-su-pareja\/"},"author":{"name":"apuntesdesanluis.com","@id":"https:\/\/apuntesdesanluis.com\/#\/schema\/person\/b55151d52296fcce64d1a72538a70b90"},"headline":"MERLO: CONDENARON A UN HOMBRE ACUSADO DE AMENAZAR Y LESIONAR A SU PAREJA","datePublished":"2023-09-13T15:08:26+00:00","dateModified":"2023-09-14T00:09:21+00:00","mainEntityOfPage":{"@id":"https:\/\/apuntesdesanluis.com\/index.php\/2023\/09\/13\/merlo-condenaron-a-un-hombre-acusado-de-amenazar-y-lesionar-a-su-pareja\/"},"wordCount":669,"publisher":{"@id":"https:\/\/apuntesdesanluis.com\/#\/schema\/person\/b55151d52296fcce64d1a72538a70b90"},"image":{"@id":"https:\/\/apuntesdesanluis.com\/index.php\/2023\/09\/13\/merlo-condenaron-a-un-hombre-acusado-de-amenazar-y-lesionar-a-su-pareja\/#primaryimage"},"thumbnailUrl":"https:\/\/apuntesdesanluis.com\/wp-content\/uploads\/2023\/09\/JUICIO-1.png","articleSection":["Ciudad\/Provincia"],"inLanguage":"es-AR"},{"@type":"WebPage","@id":"https:\/\/apuntesdesanluis.com\/index.php\/2023\/09\/13\/merlo-condenaron-a-un-hombre-acusado-de-amenazar-y-lesionar-a-su-pareja\/","url":"https:\/\/apuntesdesanluis.com\/index.php\/2023\/09\/13\/merlo-condenaron-a-un-hombre-acusado-de-amenazar-y-lesionar-a-su-pareja\/","name":"MERLO: CONDENARON A UN HOMBRE ACUSADO DE AMENAZAR Y LESIONAR A SU PAREJA - Apuntes de San Luis","isPartOf":{"@id":"https:\/\/apuntesdesanluis.com\/#website"},"primaryImageOfPage":{"@id":"https:\/\/apuntesdesanluis.com\/index.php\/2023\/09\/13\/merlo-condenaron-a-un-hombre-acusado-de-amenazar-y-lesionar-a-su-pareja\/#primaryimage"},"image":{"@id":"https:\/\/apuntesdesanluis.com\/index.php\/2023\/09\/13\/merlo-condenaron-a-un-hombre-acusado-de-amenazar-y-lesionar-a-su-pareja\/#primaryimage"},"thumbnailUrl":"https:\/\/apuntesdesanluis.com\/wp-content\/uploads\/2023\/09\/JUICIO-1.png","datePublished":"2023-09-13T15:08:26+00:00","dateModified":"2023-09-14T00:09:21+00:00","breadcrumb":{"@id":"https:\/\/apuntesdesanluis.com\/index.php\/2023\/09\/13\/merlo-condenaron-a-un-hombre-acusado-de-amenazar-y-lesionar-a-su-pareja\/#breadcrumb"},"inLanguage":"es-AR","potentialAction":[{"@type":"ReadAction","target":["https:\/\/apuntesdesanluis.com\/index.php\/2023\/09\/13\/merlo-condenaron-a-un-hombre-acusado-de-amenazar-y-lesionar-a-su-pareja\/"]}]},{"@type":"ImageObject","inLanguage":"es-AR","@id":"https:\/\/apuntesdesanluis.com\/index.php\/2023\/09\/13\/merlo-condenaron-a-un-hombre-acusado-de-amenazar-y-lesionar-a-su-pareja\/#primaryimage","url":"https:\/\/apuntesdesanluis.com\/wp-content\/uploads\/2023\/09\/JUICIO-1.png","contentUrl":"https:\/\/apuntesdesanluis.com\/wp-content\/uploads\/2023\/09\/JUICIO-1.png","width":700,"height":385},{"@type":"BreadcrumbList","@id":"https:\/\/apuntesdesanluis.com\/index.php\/2023\/09\/13\/merlo-condenaron-a-un-hombre-acusado-de-amenazar-y-lesionar-a-su-pareja\/#breadcrumb","itemListElement":[{"@type":"ListItem","position":1,"name":"Inicio","item":"https:\/\/apuntesdesanluis.com\/"},{"@type":"ListItem","position":2,"name":"MERLO: CONDENARON A UN HOMBRE ACUSADO DE AMENAZAR Y LESIONAR A SU PAREJA"}]},{"@type":"WebSite","@id":"https:\/\/apuntesdesanluis.com\/#website","url":"https:\/\/apuntesdesanluis.com\/","name":"Apuntes de San Luis","description":"","publisher":{"@id":"https:\/\/apuntesdesanluis.com\/#\/schema\/person\/b55151d52296fcce64d1a72538a70b90"},"potentialAction":[{"@type":"SearchAction","target":{"@type":"EntryPoint","urlTemplate":"https:\/\/apuntesdesanluis.com\/?s={search_term_string}"},"query-input":{"@type":"PropertyValueSpecification","valueRequired":true,"valueName":"search_term_string"}}],"inLanguage":"es-AR"},{"@type":["Person","Organization"],"@id":"https:\/\/apuntesdesanluis.com\/#\/schema\/person\/b55151d52296fcce64d1a72538a70b90","name":"apuntesdesanluis.com","image":{"@type":"ImageObject","inLanguage":"es-AR","@id":"https:\/\/apuntesdesanluis.com\/#\/schema\/person\/image\/","url":"https:\/\/apuntesdesanluis.com\/wp-content\/uploads\/2023\/07\/cropped-apuntesdesanluis.png","contentUrl":"https:\/\/apuntesdesanluis.com\/wp-content\/uploads\/2023\/07\/cropped-apuntesdesanluis.png","width":450,"height":112,"caption":"apuntesdesanluis.com"},"logo":{"@id":"https:\/\/apuntesdesanluis.com\/#\/schema\/person\/image\/"},"sameAs":["https:\/\/apuntesdesanluis.com"],"url":"https:\/\/apuntesdesanluis.com\/index.php\/author\/apuntesdesanluis-com\/"}]}},"featured_image_urls":{"full":["https:\/\/apuntesdesanluis.com\/wp-content\/uploads\/2023\/09\/JUICIO-1.png",700,385,false],"thumbnail":["https:\/\/apuntesdesanluis.com\/wp-content\/uploads\/2023\/09\/JUICIO-1-150x150.png",150,150,true],"medium":["https:\/\/apuntesdesanluis.com\/wp-content\/uploads\/2023\/09\/JUICIO-1-300x165.png",300,165,true],"medium_large":["https:\/\/apuntesdesanluis.com\/wp-content\/uploads\/2023\/09\/JUICIO-1.png",640,352,false],"large":["https:\/\/apuntesdesanluis.com\/wp-content\/uploads\/2023\/09\/JUICIO-1.png",640,352,false],"1536x1536":["https:\/\/apuntesdesanluis.com\/wp-content\/uploads\/2023\/09\/JUICIO-1.png",700,385,false],"2048x2048":["https:\/\/apuntesdesanluis.com\/wp-content\/uploads\/2023\/09\/JUICIO-1.png",700,385,false],"newsever-slider-full":["https:\/\/apuntesdesanluis.com\/wp-content\/uploads\/2023\/09\/JUICIO-1.png",700,385,false],"newsever-featured":["https:\/\/apuntesdesanluis.com\/wp-content\/uploads\/2023\/09\/JUICIO-1.png",700,385,false],"newsever-medium":["https:\/\/apuntesdesanluis.com\/wp-content\/uploads\/2023\/09\/JUICIO-1.png",700,385,false]},"author_info":{"display_name":"apuntesdesanluis.com","author_link":"https:\/\/apuntesdesanluis.com\/index.php\/author\/apuntesdesanluis-com\/"},"category_info":"<a href=\"https:\/\/apuntesdesanluis.com\/index.php\/category\/ciudad-provincia\/\" rel=\"category tag\">Ciudad\/Provincia<\/a>","tag_info":"Ciudad\/Provincia","comment_count":"0","_links":{"self":[{"href":"https:\/\/apuntesdesanluis.com\/index.php\/wp-json\/wp\/v2\/posts\/3285","targetHints":{"allow":["GET"]}}],"collection":[{"href":"https:\/\/apuntesdesanluis.com\/index.php\/wp-json\/wp\/v2\/posts"}],"about":[{"href":"https:\/\/apuntesdesanluis.com\/index.php\/wp-json\/wp\/v2\/types\/post"}],"author":[{"embeddable":true,"href":"https:\/\/apuntesdesanluis.com\/index.php\/wp-json\/wp\/v2\/users\/1"}],"replies":[{"embeddable":true,"href":"https:\/\/apuntesdesanluis.com\/index.php\/wp-json\/wp\/v2\/comments?post=3285"}],"version-history":[{"count":1,"href":"https:\/\/apuntesdesanluis.com\/index.php\/wp-json\/wp\/v2\/posts\/3285\/revisions"}],"predecessor-version":[{"id":3287,"href":"https:\/\/apuntesdesanluis.com\/index.php\/wp-json\/wp\/v2\/posts\/3285\/revisions\/3287"}],"wp:featuredmedia":[{"embeddable":true,"href":"https:\/\/apuntesdesanluis.com\/index.php\/wp-json\/wp\/v2\/media\/3286"}],"wp:attachment":[{"href":"https:\/\/apuntesdesanluis.com\/index.php\/wp-json\/wp\/v2\/media?parent=3285"}],"wp:term":[{"taxonomy":"category","embeddable":true,"href":"https:\/\/apuntesdesanluis.com\/index.php\/wp-json\/wp\/v2\/categories?post=3285"},{"taxonomy":"post_tag","embeddable":true,"href":"https:\/\/apuntesdesanluis.com\/index.php\/wp-json\/wp\/v2\/tags?post=3285"}],"curies":[{"name":"wp","href":"https:\/\/api.w.org\/{rel}","templated":true}]}}