{"id":3289,"date":"2023-09-13T11:13:17","date_gmt":"2023-09-13T14:13:17","guid":{"rendered":"https:\/\/apuntesdesanluis.com\/?p=3289"},"modified":"2023-09-13T21:14:05","modified_gmt":"2023-09-14T00:14:05","slug":"juzgan-a-un-hombre-por-homicidio-culposo-y-conduccion-imprudente-de-un-automotor","status":"publish","type":"post","link":"https:\/\/apuntesdesanluis.com\/index.php\/2023\/09\/13\/juzgan-a-un-hombre-por-homicidio-culposo-y-conduccion-imprudente-de-un-automotor\/","title":{"rendered":"JUZGAN A UN HOMBRE POR HOMICIDIO CULPOSO Y CONDUCCI\u00d3N IMPRUDENTE DE UN AUTOMOTOR"},"content":{"rendered":"<h3>Es por un hecho que sucedi\u00f3 en noviembre de 2018 y tuvo como resultado la muerte de tres personas.<\/h3>\n<h3>El pasado martes 12 \u00a0se inici\u00f3 un debate oral en la C\u00e1mara Penal N\u00ba 2 (residual) en el marco de una causa donde se juzga a un hombre\u00a0 del delito de homicidio culposo agravado por conducci\u00f3n imprudente y antirreglamentaria del automotor y por ser m\u00e1s de una las v\u00edctimas fatales (art. 84 bis \u2013segundo p\u00e1rrafo del C\u00f3digo Penal).<\/h3>\n<h3>El hecho ocurri\u00f3 el 4 de noviembre de 2018, momento en que el imputado conduc\u00eda un autom\u00f3vil -acompa\u00f1ado por dos personas en la parte delantera y tres en la parte trasera- por autopista N\u00ba 55 en sentido sur-oeste entre las localidades de Naschel y La Toma.<\/h3>\n<h3>En ese entonces saliendo de la curva conocida como \u201cLa Onaquera\u201d a la altura del kil\u00f3metro 840 el conductor perdi\u00f3 el control del veh\u00edculo e ingres\u00f3 al cantero central \u2013banquina este- para luego regresar a la calzada, derrapando hacia la banquina oeste donde se produjeron los vuelcos que expulsaron a uno de los acompa\u00f1antes y provocaron que el rodado atraviese el cerco perimetral y se instale en el campo colindante a la autopista con las ruedas hacia arriba, como consecuencia de estas maniobras fallecieron tres personas.<\/h3>\n<h3>En la primera audiencia se hizo lectura a la acusaci\u00f3n fiscal y las partes no plantearon cuestiones preliminares. Este mi\u00e9rcoles comenz\u00f3 la etapa probatoria con la declaraci\u00f3n de testigos.<\/h3>\n<h3>El tribunal est\u00e1 integrado por las Dras. Daniela Estrada y Virna Eguinoa y el Dr. Mauro Germ\u00e1n D\u00b4Agata Henr\u00edquez. Como Fiscal de Juicio interviene el Dr. Ernesto Lutens, en representaci\u00f3n del particular damnificado los Dres. Pascual Celdr\u00e1n y Miguel \u00c1ngel Mart\u00ednez Mangini. Como defensores del acusado act\u00faan los Dres. Germ\u00e1n Anabitarte y Martin Francisco Quiroga.<\/h3>\n","protected":false},"excerpt":{"rendered":"<p>Es por un hecho que sucedi\u00f3 en noviembre de 2018 y tuvo como resultado la&#8230;<\/p>\n","protected":false},"author":1,"featured_media":764,"comment_status":"closed","ping_status":"closed","sticky":false,"template":"","format":"standard","meta":{"footnotes":""},"categories":[6],"tags":[],"class_list":["post-3289","post","type-post","status-publish","format-standard","has-post-thumbnail","hentry","category-ciudad-provincia"],"yoast_head":"<!-- This site is optimized with the Yoast SEO plugin v26.1.1 - https:\/\/yoast.com\/wordpress\/plugins\/seo\/ -->\n<title>JUZGAN A UN HOMBRE POR HOMICIDIO CULPOSO Y CONDUCCI\u00d3N IMPRUDENTE DE UN AUTOMOTOR - Apuntes de San Luis<\/title>\n<meta name=\"robots\" content=\"index, follow, max-snippet:-1, max-image-preview:large, max-video-preview:-1\" \/>\n<link rel=\"canonical\" href=\"https:\/\/apuntesdesanluis.com\/index.php\/2023\/09\/13\/juzgan-a-un-hombre-por-homicidio-culposo-y-conduccion-imprudente-de-un-automotor\/\" \/>\n<meta property=\"og:locale\" content=\"es_ES\" \/>\n<meta property=\"og:type\" content=\"article\" \/>\n<meta property=\"og:title\" content=\"JUZGAN A UN HOMBRE POR HOMICIDIO CULPOSO Y CONDUCCI\u00d3N IMPRUDENTE DE UN AUTOMOTOR - Apuntes de San Luis\" \/>\n<meta property=\"og:description\" content=\"Es por un hecho que sucedi\u00f3 en noviembre de 2018 y tuvo como resultado la...\" \/>\n<meta property=\"og:url\" content=\"https:\/\/apuntesdesanluis.com\/index.php\/2023\/09\/13\/juzgan-a-un-hombre-por-homicidio-culposo-y-conduccion-imprudente-de-un-automotor\/\" \/>\n<meta property=\"og:site_name\" content=\"Apuntes de San Luis\" \/>\n<meta property=\"article:published_time\" content=\"2023-09-13T14:13:17+00:00\" \/>\n<meta property=\"article:modified_time\" content=\"2023-09-14T00:14:05+00:00\" \/>\n<meta property=\"og:image\" content=\"https:\/\/apuntesdesanluis.com\/wp-content\/uploads\/2023\/07\/tribunales-de-villa-mercedes.png\" \/>\n\t<meta property=\"og:image:width\" content=\"739\" \/>\n\t<meta property=\"og:image:height\" content=\"443\" \/>\n\t<meta property=\"og:image:type\" content=\"image\/png\" \/>\n<meta name=\"author\" content=\"apuntesdesanluis.com\" \/>\n<meta name=\"twitter:card\" content=\"summary_large_image\" \/>\n<meta name=\"twitter:label1\" content=\"Escrito por\" \/>\n\t<meta name=\"twitter:data1\" content=\"apuntesdesanluis.com\" \/>\n\t<meta name=\"twitter:label2\" content=\"Tiempo de lectura\" \/>\n\t<meta name=\"twitter:data2\" content=\"2 minutos\" \/>\n<script type=\"application\/ld+json\" class=\"yoast-schema-graph\">{\"@context\":\"https:\/\/schema.org\",\"@graph\":[{\"@type\":\"Article\",\"@id\":\"https:\/\/apuntesdesanluis.com\/index.php\/2023\/09\/13\/juzgan-a-un-hombre-por-homicidio-culposo-y-conduccion-imprudente-de-un-automotor\/#article\",\"isPartOf\":{\"@id\":\"https:\/\/apuntesdesanluis.com\/index.php\/2023\/09\/13\/juzgan-a-un-hombre-por-homicidio-culposo-y-conduccion-imprudente-de-un-automotor\/\"},\"author\":{\"name\":\"apuntesdesanluis.com\",\"@id\":\"https:\/\/apuntesdesanluis.com\/#\/schema\/person\/b55151d52296fcce64d1a72538a70b90\"},\"headline\":\"JUZGAN A UN HOMBRE POR HOMICIDIO CULPOSO Y CONDUCCI\u00d3N IMPRUDENTE DE UN AUTOMOTOR\",\"datePublished\":\"2023-09-13T14:13:17+00:00\",\"dateModified\":\"2023-09-14T00:14:05+00:00\",\"mainEntityOfPage\":{\"@id\":\"https:\/\/apuntesdesanluis.com\/index.php\/2023\/09\/13\/juzgan-a-un-hombre-por-homicidio-culposo-y-conduccion-imprudente-de-un-automotor\/\"},\"wordCount\":322,\"publisher\":{\"@id\":\"https:\/\/apuntesdesanluis.com\/#\/schema\/person\/b55151d52296fcce64d1a72538a70b90\"},\"image\":{\"@id\":\"https:\/\/apuntesdesanluis.com\/index.php\/2023\/09\/13\/juzgan-a-un-hombre-por-homicidio-culposo-y-conduccion-imprudente-de-un-automotor\/#primaryimage\"},\"thumbnailUrl\":\"https:\/\/apuntesdesanluis.com\/wp-content\/uploads\/2023\/07\/tribunales-de-villa-mercedes.png\",\"articleSection\":[\"Ciudad\/Provincia\"],\"inLanguage\":\"es-AR\"},{\"@type\":\"WebPage\",\"@id\":\"https:\/\/apuntesdesanluis.com\/index.php\/2023\/09\/13\/juzgan-a-un-hombre-por-homicidio-culposo-y-conduccion-imprudente-de-un-automotor\/\",\"url\":\"https:\/\/apuntesdesanluis.com\/index.php\/2023\/09\/13\/juzgan-a-un-hombre-por-homicidio-culposo-y-conduccion-imprudente-de-un-automotor\/\",\"name\":\"JUZGAN A UN HOMBRE POR HOMICIDIO CULPOSO Y CONDUCCI\u00d3N IMPRUDENTE DE UN AUTOMOTOR - Apuntes de San Luis\",\"isPartOf\":{\"@id\":\"https:\/\/apuntesdesanluis.com\/#website\"},\"primaryImageOfPage\":{\"@id\":\"https:\/\/apuntesdesanluis.com\/index.php\/2023\/09\/13\/juzgan-a-un-hombre-por-homicidio-culposo-y-conduccion-imprudente-de-un-automotor\/#primaryimage\"},\"image\":{\"@id\":\"https:\/\/apuntesdesanluis.com\/index.php\/2023\/09\/13\/juzgan-a-un-hombre-por-homicidio-culposo-y-conduccion-imprudente-de-un-automotor\/#primaryimage\"},\"thumbnailUrl\":\"https:\/\/apuntesdesanluis.com\/wp-content\/uploads\/2023\/07\/tribunales-de-villa-mercedes.png\",\"datePublished\":\"2023-09-13T14:13:17+00:00\",\"dateModified\":\"2023-09-14T00:14:05+00:00\",\"breadcrumb\":{\"@id\":\"https:\/\/apuntesdesanluis.com\/index.php\/2023\/09\/13\/juzgan-a-un-hombre-por-homicidio-culposo-y-conduccion-imprudente-de-un-automotor\/#breadcrumb\"},\"inLanguage\":\"es-AR\",\"potentialAction\":[{\"@type\":\"ReadAction\",\"target\":[\"https:\/\/apuntesdesanluis.com\/index.php\/2023\/09\/13\/juzgan-a-un-hombre-por-homicidio-culposo-y-conduccion-imprudente-de-un-automotor\/\"]}]},{\"@type\":\"ImageObject\",\"inLanguage\":\"es-AR\",\"@id\":\"https:\/\/apuntesdesanluis.com\/index.php\/2023\/09\/13\/juzgan-a-un-hombre-por-homicidio-culposo-y-conduccion-imprudente-de-un-automotor\/#primaryimage\",\"url\":\"https:\/\/apuntesdesanluis.com\/wp-content\/uploads\/2023\/07\/tribunales-de-villa-mercedes.png\",\"contentUrl\":\"https:\/\/apuntesdesanluis.com\/wp-content\/uploads\/2023\/07\/tribunales-de-villa-mercedes.png\",\"width\":739,\"height\":443},{\"@type\":\"BreadcrumbList\",\"@id\":\"https:\/\/apuntesdesanluis.com\/index.php\/2023\/09\/13\/juzgan-a-un-hombre-por-homicidio-culposo-y-conduccion-imprudente-de-un-automotor\/#breadcrumb\",\"itemListElement\":[{\"@type\":\"ListItem\",\"position\":1,\"name\":\"Inicio\",\"item\":\"https:\/\/apuntesdesanluis.com\/\"},{\"@type\":\"ListItem\",\"position\":2,\"name\":\"JUZGAN A UN HOMBRE POR HOMICIDIO CULPOSO Y CONDUCCI\u00d3N IMPRUDENTE DE UN AUTOMOTOR\"}]},{\"@type\":\"WebSite\",\"@id\":\"https:\/\/apuntesdesanluis.com\/#website\",\"url\":\"https:\/\/apuntesdesanluis.com\/\",\"name\":\"Apuntes de San Luis\",\"description\":\"\",\"publisher\":{\"@id\":\"https:\/\/apuntesdesanluis.com\/#\/schema\/person\/b55151d52296fcce64d1a72538a70b90\"},\"potentialAction\":[{\"@type\":\"SearchAction\",\"target\":{\"@type\":\"EntryPoint\",\"urlTemplate\":\"https:\/\/apuntesdesanluis.com\/?s={search_term_string}\"},\"query-input\":{\"@type\":\"PropertyValueSpecification\",\"valueRequired\":true,\"valueName\":\"search_term_string\"}}],\"inLanguage\":\"es-AR\"},{\"@type\":[\"Person\",\"Organization\"],\"@id\":\"https:\/\/apuntesdesanluis.com\/#\/schema\/person\/b55151d52296fcce64d1a72538a70b90\",\"name\":\"apuntesdesanluis.com\",\"image\":{\"@type\":\"ImageObject\",\"inLanguage\":\"es-AR\",\"@id\":\"https:\/\/apuntesdesanluis.com\/#\/schema\/person\/image\/\",\"url\":\"https:\/\/apuntesdesanluis.com\/wp-content\/uploads\/2023\/07\/cropped-apuntesdesanluis.png\",\"contentUrl\":\"https:\/\/apuntesdesanluis.com\/wp-content\/uploads\/2023\/07\/cropped-apuntesdesanluis.png\",\"width\":450,\"height\":112,\"caption\":\"apuntesdesanluis.com\"},\"logo\":{\"@id\":\"https:\/\/apuntesdesanluis.com\/#\/schema\/person\/image\/\"},\"sameAs\":[\"https:\/\/apuntesdesanluis.com\"],\"url\":\"https:\/\/apuntesdesanluis.com\/index.php\/author\/apuntesdesanluis-com\/\"}]}<\/script>\n<!-- \/ Yoast SEO plugin. -->","yoast_head_json":{"title":"JUZGAN A UN HOMBRE POR HOMICIDIO CULPOSO Y CONDUCCI\u00d3N IMPRUDENTE DE UN AUTOMOTOR - Apuntes de San Luis","robots":{"index":"index","follow":"follow","max-snippet":"max-snippet:-1","max-image-preview":"max-image-preview:large","max-video-preview":"max-video-preview:-1"},"canonical":"https:\/\/apuntesdesanluis.com\/index.php\/2023\/09\/13\/juzgan-a-un-hombre-por-homicidio-culposo-y-conduccion-imprudente-de-un-automotor\/","og_locale":"es_ES","og_type":"article","og_title":"JUZGAN A UN HOMBRE POR HOMICIDIO CULPOSO Y CONDUCCI\u00d3N IMPRUDENTE DE UN AUTOMOTOR - Apuntes de San Luis","og_description":"Es por un hecho que sucedi\u00f3 en noviembre de 2018 y tuvo como resultado la...","og_url":"https:\/\/apuntesdesanluis.com\/index.php\/2023\/09\/13\/juzgan-a-un-hombre-por-homicidio-culposo-y-conduccion-imprudente-de-un-automotor\/","og_site_name":"Apuntes de San Luis","article_published_time":"2023-09-13T14:13:17+00:00","article_modified_time":"2023-09-14T00:14:05+00:00","og_image":[{"width":739,"height":443,"url":"https:\/\/apuntesdesanluis.com\/wp-content\/uploads\/2023\/07\/tribunales-de-villa-mercedes.png","type":"image\/png"}],"author":"apuntesdesanluis.com","twitter_card":"summary_large_image","twitter_misc":{"Escrito por":"apuntesdesanluis.com","Tiempo de lectura":"2 minutos"},"schema":{"@context":"https:\/\/schema.org","@graph":[{"@type":"Article","@id":"https:\/\/apuntesdesanluis.com\/index.php\/2023\/09\/13\/juzgan-a-un-hombre-por-homicidio-culposo-y-conduccion-imprudente-de-un-automotor\/#article","isPartOf":{"@id":"https:\/\/apuntesdesanluis.com\/index.php\/2023\/09\/13\/juzgan-a-un-hombre-por-homicidio-culposo-y-conduccion-imprudente-de-un-automotor\/"},"author":{"name":"apuntesdesanluis.com","@id":"https:\/\/apuntesdesanluis.com\/#\/schema\/person\/b55151d52296fcce64d1a72538a70b90"},"headline":"JUZGAN A UN HOMBRE POR HOMICIDIO CULPOSO Y CONDUCCI\u00d3N IMPRUDENTE DE UN AUTOMOTOR","datePublished":"2023-09-13T14:13:17+00:00","dateModified":"2023-09-14T00:14:05+00:00","mainEntityOfPage":{"@id":"https:\/\/apuntesdesanluis.com\/index.php\/2023\/09\/13\/juzgan-a-un-hombre-por-homicidio-culposo-y-conduccion-imprudente-de-un-automotor\/"},"wordCount":322,"publisher":{"@id":"https:\/\/apuntesdesanluis.com\/#\/schema\/person\/b55151d52296fcce64d1a72538a70b90"},"image":{"@id":"https:\/\/apuntesdesanluis.com\/index.php\/2023\/09\/13\/juzgan-a-un-hombre-por-homicidio-culposo-y-conduccion-imprudente-de-un-automotor\/#primaryimage"},"thumbnailUrl":"https:\/\/apuntesdesanluis.com\/wp-content\/uploads\/2023\/07\/tribunales-de-villa-mercedes.png","articleSection":["Ciudad\/Provincia"],"inLanguage":"es-AR"},{"@type":"WebPage","@id":"https:\/\/apuntesdesanluis.com\/index.php\/2023\/09\/13\/juzgan-a-un-hombre-por-homicidio-culposo-y-conduccion-imprudente-de-un-automotor\/","url":"https:\/\/apuntesdesanluis.com\/index.php\/2023\/09\/13\/juzgan-a-un-hombre-por-homicidio-culposo-y-conduccion-imprudente-de-un-automotor\/","name":"JUZGAN A UN HOMBRE POR HOMICIDIO CULPOSO Y CONDUCCI\u00d3N IMPRUDENTE DE UN AUTOMOTOR - Apuntes de San Luis","isPartOf":{"@id":"https:\/\/apuntesdesanluis.com\/#website"},"primaryImageOfPage":{"@id":"https:\/\/apuntesdesanluis.com\/index.php\/2023\/09\/13\/juzgan-a-un-hombre-por-homicidio-culposo-y-conduccion-imprudente-de-un-automotor\/#primaryimage"},"image":{"@id":"https:\/\/apuntesdesanluis.com\/index.php\/2023\/09\/13\/juzgan-a-un-hombre-por-homicidio-culposo-y-conduccion-imprudente-de-un-automotor\/#primaryimage"},"thumbnailUrl":"https:\/\/apuntesdesanluis.com\/wp-content\/uploads\/2023\/07\/tribunales-de-villa-mercedes.png","datePublished":"2023-09-13T14:13:17+00:00","dateModified":"2023-09-14T00:14:05+00:00","breadcrumb":{"@id":"https:\/\/apuntesdesanluis.com\/index.php\/2023\/09\/13\/juzgan-a-un-hombre-por-homicidio-culposo-y-conduccion-imprudente-de-un-automotor\/#breadcrumb"},"inLanguage":"es-AR","potentialAction":[{"@type":"ReadAction","target":["https:\/\/apuntesdesanluis.com\/index.php\/2023\/09\/13\/juzgan-a-un-hombre-por-homicidio-culposo-y-conduccion-imprudente-de-un-automotor\/"]}]},{"@type":"ImageObject","inLanguage":"es-AR","@id":"https:\/\/apuntesdesanluis.com\/index.php\/2023\/09\/13\/juzgan-a-un-hombre-por-homicidio-culposo-y-conduccion-imprudente-de-un-automotor\/#primaryimage","url":"https:\/\/apuntesdesanluis.com\/wp-content\/uploads\/2023\/07\/tribunales-de-villa-mercedes.png","contentUrl":"https:\/\/apuntesdesanluis.com\/wp-content\/uploads\/2023\/07\/tribunales-de-villa-mercedes.png","width":739,"height":443},{"@type":"BreadcrumbList","@id":"https:\/\/apuntesdesanluis.com\/index.php\/2023\/09\/13\/juzgan-a-un-hombre-por-homicidio-culposo-y-conduccion-imprudente-de-un-automotor\/#breadcrumb","itemListElement":[{"@type":"ListItem","position":1,"name":"Inicio","item":"https:\/\/apuntesdesanluis.com\/"},{"@type":"ListItem","position":2,"name":"JUZGAN A UN HOMBRE POR HOMICIDIO CULPOSO Y CONDUCCI\u00d3N IMPRUDENTE DE UN AUTOMOTOR"}]},{"@type":"WebSite","@id":"https:\/\/apuntesdesanluis.com\/#website","url":"https:\/\/apuntesdesanluis.com\/","name":"Apuntes de San Luis","description":"","publisher":{"@id":"https:\/\/apuntesdesanluis.com\/#\/schema\/person\/b55151d52296fcce64d1a72538a70b90"},"potentialAction":[{"@type":"SearchAction","target":{"@type":"EntryPoint","urlTemplate":"https:\/\/apuntesdesanluis.com\/?s={search_term_string}"},"query-input":{"@type":"PropertyValueSpecification","valueRequired":true,"valueName":"search_term_string"}}],"inLanguage":"es-AR"},{"@type":["Person","Organization"],"@id":"https:\/\/apuntesdesanluis.com\/#\/schema\/person\/b55151d52296fcce64d1a72538a70b90","name":"apuntesdesanluis.com","image":{"@type":"ImageObject","inLanguage":"es-AR","@id":"https:\/\/apuntesdesanluis.com\/#\/schema\/person\/image\/","url":"https:\/\/apuntesdesanluis.com\/wp-content\/uploads\/2023\/07\/cropped-apuntesdesanluis.png","contentUrl":"https:\/\/apuntesdesanluis.com\/wp-content\/uploads\/2023\/07\/cropped-apuntesdesanluis.png","width":450,"height":112,"caption":"apuntesdesanluis.com"},"logo":{"@id":"https:\/\/apuntesdesanluis.com\/#\/schema\/person\/image\/"},"sameAs":["https:\/\/apuntesdesanluis.com"],"url":"https:\/\/apuntesdesanluis.com\/index.php\/author\/apuntesdesanluis-com\/"}]}},"featured_image_urls":{"full":["https:\/\/apuntesdesanluis.com\/wp-content\/uploads\/2023\/07\/tribunales-de-villa-mercedes.png",739,443,false],"thumbnail":["https:\/\/apuntesdesanluis.com\/wp-content\/uploads\/2023\/07\/tribunales-de-villa-mercedes-150x150.png",150,150,true],"medium":["https:\/\/apuntesdesanluis.com\/wp-content\/uploads\/2023\/07\/tribunales-de-villa-mercedes-300x180.png",300,180,true],"medium_large":["https:\/\/apuntesdesanluis.com\/wp-content\/uploads\/2023\/07\/tribunales-de-villa-mercedes.png",640,384,false],"large":["https:\/\/apuntesdesanluis.com\/wp-content\/uploads\/2023\/07\/tribunales-de-villa-mercedes.png",640,384,false],"1536x1536":["https:\/\/apuntesdesanluis.com\/wp-content\/uploads\/2023\/07\/tribunales-de-villa-mercedes.png",739,443,false],"2048x2048":["https:\/\/apuntesdesanluis.com\/wp-content\/uploads\/2023\/07\/tribunales-de-villa-mercedes.png",739,443,false],"newsever-slider-full":["https:\/\/apuntesdesanluis.com\/wp-content\/uploads\/2023\/07\/tribunales-de-villa-mercedes.png",739,443,false],"newsever-featured":["https:\/\/apuntesdesanluis.com\/wp-content\/uploads\/2023\/07\/tribunales-de-villa-mercedes.png",739,443,false],"newsever-medium":["https:\/\/apuntesdesanluis.com\/wp-content\/uploads\/2023\/07\/tribunales-de-villa-mercedes-720x443.png",720,443,true]},"author_info":{"display_name":"apuntesdesanluis.com","author_link":"https:\/\/apuntesdesanluis.com\/index.php\/author\/apuntesdesanluis-com\/"},"category_info":"<a href=\"https:\/\/apuntesdesanluis.com\/index.php\/category\/ciudad-provincia\/\" rel=\"category tag\">Ciudad\/Provincia<\/a>","tag_info":"Ciudad\/Provincia","comment_count":"0","_links":{"self":[{"href":"https:\/\/apuntesdesanluis.com\/index.php\/wp-json\/wp\/v2\/posts\/3289","targetHints":{"allow":["GET"]}}],"collection":[{"href":"https:\/\/apuntesdesanluis.com\/index.php\/wp-json\/wp\/v2\/posts"}],"about":[{"href":"https:\/\/apuntesdesanluis.com\/index.php\/wp-json\/wp\/v2\/types\/post"}],"author":[{"embeddable":true,"href":"https:\/\/apuntesdesanluis.com\/index.php\/wp-json\/wp\/v2\/users\/1"}],"replies":[{"embeddable":true,"href":"https:\/\/apuntesdesanluis.com\/index.php\/wp-json\/wp\/v2\/comments?post=3289"}],"version-history":[{"count":1,"href":"https:\/\/apuntesdesanluis.com\/index.php\/wp-json\/wp\/v2\/posts\/3289\/revisions"}],"predecessor-version":[{"id":3290,"href":"https:\/\/apuntesdesanluis.com\/index.php\/wp-json\/wp\/v2\/posts\/3289\/revisions\/3290"}],"wp:featuredmedia":[{"embeddable":true,"href":"https:\/\/apuntesdesanluis.com\/index.php\/wp-json\/wp\/v2\/media\/764"}],"wp:attachment":[{"href":"https:\/\/apuntesdesanluis.com\/index.php\/wp-json\/wp\/v2\/media?parent=3289"}],"wp:term":[{"taxonomy":"category","embeddable":true,"href":"https:\/\/apuntesdesanluis.com\/index.php\/wp-json\/wp\/v2\/categories?post=3289"},{"taxonomy":"post_tag","embeddable":true,"href":"https:\/\/apuntesdesanluis.com\/index.php\/wp-json\/wp\/v2\/tags?post=3289"}],"curies":[{"name":"wp","href":"https:\/\/api.w.org\/{rel}","templated":true}]}}