{"id":3291,"date":"2023-09-14T00:06:45","date_gmt":"2023-09-14T03:06:45","guid":{"rendered":"https:\/\/apuntesdesanluis.com\/?p=3291"},"modified":"2023-09-14T00:08:21","modified_gmt":"2023-09-14T03:08:21","slug":"comienza-la-expo-al-futuro-2023-en-el-parque-la-pedrera","status":"publish","type":"post","link":"https:\/\/apuntesdesanluis.com\/index.php\/2023\/09\/14\/comienza-la-expo-al-futuro-2023-en-el-parque-la-pedrera\/","title":{"rendered":"COMIENZA LA EXPO AL FUTURO 2023 EN EL PARQUE LA PEDRERA"},"content":{"rendered":"<h3 class=\"yiv7409174924ydp6329976emsonormal\" style=\"background: white;\"><span style=\"font-family: 'Arial','sans-serif'; color: #1d2228;\">Este jueves se inicia la tercera edici\u00f3n de esta exposici\u00f3n que impulsa la Municipalidad de Villa Mercedes, y que hasta ma\u00f1ana viernes contar\u00e1 con la participaci\u00f3n de 15 instituciones educativas de educaci\u00f3n superior, que mostrar\u00e1n en el Parque Recreativo La Pedrera la oferta acad\u00e9mica para el ciclo lectivo 2024.<\/span><\/h3>\n<h3 class=\"yiv7409174924ydp6329976emsonormal\" style=\"background: white;\"><span style=\"font-family: 'Arial','sans-serif'; color: #1d2228;\">La iniciativa est\u00e1 destinada a estudiantes del \u00faltimo a\u00f1o de la secundaria y a la comunidad en general que quiera emprender el desaf\u00edo de cursar una nueva carrera.<\/span><\/h3>\n<h3 class=\"yiv7409174924ydp6329976emsonormal\" style=\"background: white;\"><span style=\"font-family: 'Arial','sans-serif'; color: #1d2228;\">Las actividades se desarrollar\u00e1n en el \u00e1rea &#8220;Movimentum&#8221;, bajo el estadio de La Pedrera (donde suelen funcionar los juegos interactivos). La apertura est\u00e1 prevista este jueves a la hora 10:00, con una puesta folcl\u00f3rica a cargo de la Universidad Nacional de las Artes. <\/span><\/h3>\n<h3 class=\"yiv7409174924ydp6329976emsonormal\" style=\"background: white;\"><span style=\"font-family: 'Arial','sans-serif'; color: #1d2228;\">La Coordinaci\u00f3n de la Expo al Futuro es responsabilidad de Secretar\u00eda General y de Cultura de la Municipalidad, a trav\u00e9s de los Programas Juventud y J\u00f3venes Profesionales, con la organizaci\u00f3n conjunta de todas las instituciones de educaci\u00f3n superior que participan.<\/span><\/h3>\n<h3 class=\"yiv7409174924ydp6329976emsonormal\" style=\"background: white;\"><span style=\"font-family: 'Arial','sans-serif'; color: #1d2228;\">\u201cEn esta oportunidad se sumar\u00e1n los institutos de formaci\u00f3n de la Fuerza A\u00e9rea, la Universidad Nacional de las Artes (UNA) y el Instituto Superior de Lengua Inglesa, que hacen su debut en esta tercera edici\u00f3n de la Expo Al Futuro\u201d, inform\u00f3 Mart\u00edn P\u00e9rez Ranieri, del Programa J\u00f3venes Profesionales.<\/span><\/h3>\n<h3 class=\"yiv7409174924ydp6329976emsonormal\" style=\"background: white;\"><span style=\"font-family: 'Arial','sans-serif'; color: #1d2228;\">Agreg\u00f3 que la muestra se har\u00e1 durante los dos d\u00edas en las instalaciones cubiertas de La Pedrera, entre las 10:00 y las 16:00 h, y habr\u00e1 un total de 120 stands.<\/span><\/h3>\n<p><img fetchpriority=\"high\" decoding=\"async\" class=\"wp-image-3293 aligncenter\" src=\"https:\/\/apuntesdesanluis.com\/wp-content\/uploads\/2023\/09\/expo-al-futuro-300x173.png\" alt=\"\" width=\"687\" height=\"396\" srcset=\"https:\/\/apuntesdesanluis.com\/wp-content\/uploads\/2023\/09\/expo-al-futuro-300x173.png 300w, https:\/\/apuntesdesanluis.com\/wp-content\/uploads\/2023\/09\/expo-al-futuro.png 600w\" sizes=\"(max-width: 687px) 100vw, 687px\" \/><\/p>\n<h3 class=\"yiv7409174924ydp6329976emsonormal\" style=\"background: white;\"><span style=\"font-family: 'Arial','sans-serif'; color: #1d2228;\">Para este a\u00f1o se han definido tres ejes fundamentales que atraviesan y forman parte de este encuentro, buscando que esta tercera edici\u00f3n sea:<\/span><\/h3>\n<h3 class=\"yiv7409174924ydp6329976emsonormal\" style=\"background: white;\"><span style=\"font-family: 'Arial','sans-serif'; color: #1d2228;\">Sustentable: se propone crear espacios y experiencias para aprender a cuidar el medioambiente, conocer herramientas que ofrecen las instituciones locales en este sentido y las carreras orientadas a tal fin.<\/span><\/h3>\n<h3 class=\"yiv7409174924ydp6329976emsonormal\" style=\"background: white;\"><span style=\"font-family: 'Arial','sans-serif'; color: #1d2228;\">Interactiva: con el objetivo de brindar una experiencia \u00fanica en la que los visitantes puedan interactuar con la oferta educativa, el entretenimiento, la cultura y el conocimiento.<\/span><\/h3>\n<h3 class=\"yiv7409174924ydp6329976emsonormal\" style=\"background: white;\"><span style=\"font-family: 'Arial','sans-serif'; color: #1d2228;\">Accesible: tratando de eliminar las barreras que impiden a toda la comunidad, acceder y participar, apostando a la diversidad y la pluralidad.<\/span><\/h3>\n<h3 class=\"yiv7409174924ydp6329976emsonormal\" style=\"background: white;\"><span style=\"font-family: 'Arial','sans-serif'; color: #1d2228;\">La muestra contar\u00e1 con servicio gastron\u00f3mico, a partir de la participaci\u00f3n de stands de emprendedores.<\/span><\/h3>\n<h3 class=\"yiv7409174924ydp6329976emsonormal\" style=\"background: white;\"><span style=\"font-family: 'Arial','sans-serif'; color: #1d2228;\">Radio UNViMe 93.7 MHz entrevist\u00f3 a <strong>Mart\u00edn P\u00e9rez Ranieri<\/strong>, Jefe del Programa J\u00f3venes Profesionales de la Municipalidad de Villa Mercedes.<\/span><\/h3>\n<p><img decoding=\"async\" class=\"wp-image-3295 aligncenter\" src=\"https:\/\/apuntesdesanluis.com\/wp-content\/uploads\/2023\/09\/martin.png\" alt=\"\" width=\"489\" height=\"472\" \/><\/p>\n<!--[if lt IE 9]><script>document.createElement('audio');<\/script><![endif]-->\n<audio class=\"wp-audio-shortcode\" id=\"audio-3291-1\" preload=\"none\" style=\"width: 100%;\" controls=\"controls\"><source type=\"audio\/mpeg\" src=\"https:\/\/apuntesdesanluis.com\/wp-content\/uploads\/2023\/09\/RANIERI.mp3?_=1\" \/><a href=\"https:\/\/apuntesdesanluis.com\/wp-content\/uploads\/2023\/09\/RANIERI.mp3\">https:\/\/apuntesdesanluis.com\/wp-content\/uploads\/2023\/09\/RANIERI.mp3<\/a><\/audio>\n<p>&nbsp;<\/p>\n<p>&nbsp;<\/p>\n<p>&nbsp;<\/p>\n","protected":false},"excerpt":{"rendered":"<p>Este jueves se inicia la tercera edici\u00f3n de esta exposici\u00f3n que impulsa la Municipalidad de&#8230;<\/p>\n","protected":false},"author":1,"featured_media":3292,"comment_status":"closed","ping_status":"closed","sticky":false,"template":"","format":"standard","meta":{"footnotes":""},"categories":[6],"tags":[],"class_list":["post-3291","post","type-post","status-publish","format-standard","has-post-thumbnail","hentry","category-ciudad-provincia"],"yoast_head":"<!-- This site is optimized with the Yoast SEO plugin v26.1.1 - https:\/\/yoast.com\/wordpress\/plugins\/seo\/ -->\n<title>COMIENZA LA EXPO AL FUTURO 2023 EN EL PARQUE LA PEDRERA - Apuntes de San Luis<\/title>\n<meta name=\"robots\" content=\"index, follow, max-snippet:-1, max-image-preview:large, max-video-preview:-1\" \/>\n<link rel=\"canonical\" href=\"https:\/\/apuntesdesanluis.com\/index.php\/2023\/09\/14\/comienza-la-expo-al-futuro-2023-en-el-parque-la-pedrera\/\" \/>\n<meta property=\"og:locale\" content=\"es_ES\" \/>\n<meta property=\"og:type\" content=\"article\" \/>\n<meta property=\"og:title\" content=\"COMIENZA LA EXPO AL FUTURO 2023 EN EL PARQUE LA PEDRERA - Apuntes de San Luis\" \/>\n<meta property=\"og:description\" content=\"Este jueves se inicia la tercera edici\u00f3n de esta exposici\u00f3n que impulsa la Municipalidad de...\" \/>\n<meta property=\"og:url\" content=\"https:\/\/apuntesdesanluis.com\/index.php\/2023\/09\/14\/comienza-la-expo-al-futuro-2023-en-el-parque-la-pedrera\/\" \/>\n<meta property=\"og:site_name\" content=\"Apuntes de San Luis\" \/>\n<meta property=\"article:published_time\" content=\"2023-09-14T03:06:45+00:00\" \/>\n<meta property=\"article:modified_time\" content=\"2023-09-14T03:08:21+00:00\" \/>\n<meta property=\"og:image\" content=\"https:\/\/apuntesdesanluis.com\/wp-content\/uploads\/2023\/09\/la-pedrera.jpg\" \/>\n\t<meta property=\"og:image:width\" content=\"700\" \/>\n\t<meta property=\"og:image:height\" content=\"435\" \/>\n\t<meta property=\"og:image:type\" content=\"image\/jpeg\" \/>\n<meta name=\"author\" content=\"apuntesdesanluis.com\" \/>\n<meta name=\"twitter:card\" content=\"summary_large_image\" \/>\n<meta name=\"twitter:label1\" content=\"Escrito por\" \/>\n\t<meta name=\"twitter:data1\" content=\"apuntesdesanluis.com\" \/>\n\t<meta name=\"twitter:label2\" content=\"Tiempo de lectura\" \/>\n\t<meta name=\"twitter:data2\" content=\"3 minutos\" \/>\n<script type=\"application\/ld+json\" class=\"yoast-schema-graph\">{\"@context\":\"https:\/\/schema.org\",\"@graph\":[{\"@type\":\"Article\",\"@id\":\"https:\/\/apuntesdesanluis.com\/index.php\/2023\/09\/14\/comienza-la-expo-al-futuro-2023-en-el-parque-la-pedrera\/#article\",\"isPartOf\":{\"@id\":\"https:\/\/apuntesdesanluis.com\/index.php\/2023\/09\/14\/comienza-la-expo-al-futuro-2023-en-el-parque-la-pedrera\/\"},\"author\":{\"name\":\"apuntesdesanluis.com\",\"@id\":\"https:\/\/apuntesdesanluis.com\/#\/schema\/person\/b55151d52296fcce64d1a72538a70b90\"},\"headline\":\"COMIENZA LA EXPO AL FUTURO 2023 EN EL PARQUE LA PEDRERA\",\"datePublished\":\"2023-09-14T03:06:45+00:00\",\"dateModified\":\"2023-09-14T03:08:21+00:00\",\"mainEntityOfPage\":{\"@id\":\"https:\/\/apuntesdesanluis.com\/index.php\/2023\/09\/14\/comienza-la-expo-al-futuro-2023-en-el-parque-la-pedrera\/\"},\"wordCount\":424,\"publisher\":{\"@id\":\"https:\/\/apuntesdesanluis.com\/#\/schema\/person\/b55151d52296fcce64d1a72538a70b90\"},\"image\":{\"@id\":\"https:\/\/apuntesdesanluis.com\/index.php\/2023\/09\/14\/comienza-la-expo-al-futuro-2023-en-el-parque-la-pedrera\/#primaryimage\"},\"thumbnailUrl\":\"https:\/\/apuntesdesanluis.com\/wp-content\/uploads\/2023\/09\/la-pedrera.jpg\",\"articleSection\":[\"Ciudad\/Provincia\"],\"inLanguage\":\"es-AR\"},{\"@type\":\"WebPage\",\"@id\":\"https:\/\/apuntesdesanluis.com\/index.php\/2023\/09\/14\/comienza-la-expo-al-futuro-2023-en-el-parque-la-pedrera\/\",\"url\":\"https:\/\/apuntesdesanluis.com\/index.php\/2023\/09\/14\/comienza-la-expo-al-futuro-2023-en-el-parque-la-pedrera\/\",\"name\":\"COMIENZA LA EXPO AL FUTURO 2023 EN EL PARQUE LA PEDRERA - Apuntes de San Luis\",\"isPartOf\":{\"@id\":\"https:\/\/apuntesdesanluis.com\/#website\"},\"primaryImageOfPage\":{\"@id\":\"https:\/\/apuntesdesanluis.com\/index.php\/2023\/09\/14\/comienza-la-expo-al-futuro-2023-en-el-parque-la-pedrera\/#primaryimage\"},\"image\":{\"@id\":\"https:\/\/apuntesdesanluis.com\/index.php\/2023\/09\/14\/comienza-la-expo-al-futuro-2023-en-el-parque-la-pedrera\/#primaryimage\"},\"thumbnailUrl\":\"https:\/\/apuntesdesanluis.com\/wp-content\/uploads\/2023\/09\/la-pedrera.jpg\",\"datePublished\":\"2023-09-14T03:06:45+00:00\",\"dateModified\":\"2023-09-14T03:08:21+00:00\",\"breadcrumb\":{\"@id\":\"https:\/\/apuntesdesanluis.com\/index.php\/2023\/09\/14\/comienza-la-expo-al-futuro-2023-en-el-parque-la-pedrera\/#breadcrumb\"},\"inLanguage\":\"es-AR\",\"potentialAction\":[{\"@type\":\"ReadAction\",\"target\":[\"https:\/\/apuntesdesanluis.com\/index.php\/2023\/09\/14\/comienza-la-expo-al-futuro-2023-en-el-parque-la-pedrera\/\"]}]},{\"@type\":\"ImageObject\",\"inLanguage\":\"es-AR\",\"@id\":\"https:\/\/apuntesdesanluis.com\/index.php\/2023\/09\/14\/comienza-la-expo-al-futuro-2023-en-el-parque-la-pedrera\/#primaryimage\",\"url\":\"https:\/\/apuntesdesanluis.com\/wp-content\/uploads\/2023\/09\/la-pedrera.jpg\",\"contentUrl\":\"https:\/\/apuntesdesanluis.com\/wp-content\/uploads\/2023\/09\/la-pedrera.jpg\",\"width\":700,\"height\":435},{\"@type\":\"BreadcrumbList\",\"@id\":\"https:\/\/apuntesdesanluis.com\/index.php\/2023\/09\/14\/comienza-la-expo-al-futuro-2023-en-el-parque-la-pedrera\/#breadcrumb\",\"itemListElement\":[{\"@type\":\"ListItem\",\"position\":1,\"name\":\"Inicio\",\"item\":\"https:\/\/apuntesdesanluis.com\/\"},{\"@type\":\"ListItem\",\"position\":2,\"name\":\"COMIENZA LA EXPO AL FUTURO 2023 EN EL PARQUE LA PEDRERA\"}]},{\"@type\":\"WebSite\",\"@id\":\"https:\/\/apuntesdesanluis.com\/#website\",\"url\":\"https:\/\/apuntesdesanluis.com\/\",\"name\":\"Apuntes de San Luis\",\"description\":\"\",\"publisher\":{\"@id\":\"https:\/\/apuntesdesanluis.com\/#\/schema\/person\/b55151d52296fcce64d1a72538a70b90\"},\"potentialAction\":[{\"@type\":\"SearchAction\",\"target\":{\"@type\":\"EntryPoint\",\"urlTemplate\":\"https:\/\/apuntesdesanluis.com\/?s={search_term_string}\"},\"query-input\":{\"@type\":\"PropertyValueSpecification\",\"valueRequired\":true,\"valueName\":\"search_term_string\"}}],\"inLanguage\":\"es-AR\"},{\"@type\":[\"Person\",\"Organization\"],\"@id\":\"https:\/\/apuntesdesanluis.com\/#\/schema\/person\/b55151d52296fcce64d1a72538a70b90\",\"name\":\"apuntesdesanluis.com\",\"image\":{\"@type\":\"ImageObject\",\"inLanguage\":\"es-AR\",\"@id\":\"https:\/\/apuntesdesanluis.com\/#\/schema\/person\/image\/\",\"url\":\"https:\/\/apuntesdesanluis.com\/wp-content\/uploads\/2023\/07\/cropped-apuntesdesanluis.png\",\"contentUrl\":\"https:\/\/apuntesdesanluis.com\/wp-content\/uploads\/2023\/07\/cropped-apuntesdesanluis.png\",\"width\":450,\"height\":112,\"caption\":\"apuntesdesanluis.com\"},\"logo\":{\"@id\":\"https:\/\/apuntesdesanluis.com\/#\/schema\/person\/image\/\"},\"sameAs\":[\"https:\/\/apuntesdesanluis.com\"],\"url\":\"https:\/\/apuntesdesanluis.com\/index.php\/author\/apuntesdesanluis-com\/\"}]}<\/script>\n<!-- \/ Yoast SEO plugin. -->","yoast_head_json":{"title":"COMIENZA LA EXPO AL FUTURO 2023 EN EL PARQUE LA PEDRERA - Apuntes de San Luis","robots":{"index":"index","follow":"follow","max-snippet":"max-snippet:-1","max-image-preview":"max-image-preview:large","max-video-preview":"max-video-preview:-1"},"canonical":"https:\/\/apuntesdesanluis.com\/index.php\/2023\/09\/14\/comienza-la-expo-al-futuro-2023-en-el-parque-la-pedrera\/","og_locale":"es_ES","og_type":"article","og_title":"COMIENZA LA EXPO AL FUTURO 2023 EN EL PARQUE LA PEDRERA - Apuntes de San Luis","og_description":"Este jueves se inicia la tercera edici\u00f3n de esta exposici\u00f3n que impulsa la Municipalidad de...","og_url":"https:\/\/apuntesdesanluis.com\/index.php\/2023\/09\/14\/comienza-la-expo-al-futuro-2023-en-el-parque-la-pedrera\/","og_site_name":"Apuntes de San Luis","article_published_time":"2023-09-14T03:06:45+00:00","article_modified_time":"2023-09-14T03:08:21+00:00","og_image":[{"width":700,"height":435,"url":"https:\/\/apuntesdesanluis.com\/wp-content\/uploads\/2023\/09\/la-pedrera.jpg","type":"image\/jpeg"}],"author":"apuntesdesanluis.com","twitter_card":"summary_large_image","twitter_misc":{"Escrito por":"apuntesdesanluis.com","Tiempo de lectura":"3 minutos"},"schema":{"@context":"https:\/\/schema.org","@graph":[{"@type":"Article","@id":"https:\/\/apuntesdesanluis.com\/index.php\/2023\/09\/14\/comienza-la-expo-al-futuro-2023-en-el-parque-la-pedrera\/#article","isPartOf":{"@id":"https:\/\/apuntesdesanluis.com\/index.php\/2023\/09\/14\/comienza-la-expo-al-futuro-2023-en-el-parque-la-pedrera\/"},"author":{"name":"apuntesdesanluis.com","@id":"https:\/\/apuntesdesanluis.com\/#\/schema\/person\/b55151d52296fcce64d1a72538a70b90"},"headline":"COMIENZA LA EXPO AL FUTURO 2023 EN EL PARQUE LA PEDRERA","datePublished":"2023-09-14T03:06:45+00:00","dateModified":"2023-09-14T03:08:21+00:00","mainEntityOfPage":{"@id":"https:\/\/apuntesdesanluis.com\/index.php\/2023\/09\/14\/comienza-la-expo-al-futuro-2023-en-el-parque-la-pedrera\/"},"wordCount":424,"publisher":{"@id":"https:\/\/apuntesdesanluis.com\/#\/schema\/person\/b55151d52296fcce64d1a72538a70b90"},"image":{"@id":"https:\/\/apuntesdesanluis.com\/index.php\/2023\/09\/14\/comienza-la-expo-al-futuro-2023-en-el-parque-la-pedrera\/#primaryimage"},"thumbnailUrl":"https:\/\/apuntesdesanluis.com\/wp-content\/uploads\/2023\/09\/la-pedrera.jpg","articleSection":["Ciudad\/Provincia"],"inLanguage":"es-AR"},{"@type":"WebPage","@id":"https:\/\/apuntesdesanluis.com\/index.php\/2023\/09\/14\/comienza-la-expo-al-futuro-2023-en-el-parque-la-pedrera\/","url":"https:\/\/apuntesdesanluis.com\/index.php\/2023\/09\/14\/comienza-la-expo-al-futuro-2023-en-el-parque-la-pedrera\/","name":"COMIENZA LA EXPO AL FUTURO 2023 EN EL PARQUE LA PEDRERA - Apuntes de San Luis","isPartOf":{"@id":"https:\/\/apuntesdesanluis.com\/#website"},"primaryImageOfPage":{"@id":"https:\/\/apuntesdesanluis.com\/index.php\/2023\/09\/14\/comienza-la-expo-al-futuro-2023-en-el-parque-la-pedrera\/#primaryimage"},"image":{"@id":"https:\/\/apuntesdesanluis.com\/index.php\/2023\/09\/14\/comienza-la-expo-al-futuro-2023-en-el-parque-la-pedrera\/#primaryimage"},"thumbnailUrl":"https:\/\/apuntesdesanluis.com\/wp-content\/uploads\/2023\/09\/la-pedrera.jpg","datePublished":"2023-09-14T03:06:45+00:00","dateModified":"2023-09-14T03:08:21+00:00","breadcrumb":{"@id":"https:\/\/apuntesdesanluis.com\/index.php\/2023\/09\/14\/comienza-la-expo-al-futuro-2023-en-el-parque-la-pedrera\/#breadcrumb"},"inLanguage":"es-AR","potentialAction":[{"@type":"ReadAction","target":["https:\/\/apuntesdesanluis.com\/index.php\/2023\/09\/14\/comienza-la-expo-al-futuro-2023-en-el-parque-la-pedrera\/"]}]},{"@type":"ImageObject","inLanguage":"es-AR","@id":"https:\/\/apuntesdesanluis.com\/index.php\/2023\/09\/14\/comienza-la-expo-al-futuro-2023-en-el-parque-la-pedrera\/#primaryimage","url":"https:\/\/apuntesdesanluis.com\/wp-content\/uploads\/2023\/09\/la-pedrera.jpg","contentUrl":"https:\/\/apuntesdesanluis.com\/wp-content\/uploads\/2023\/09\/la-pedrera.jpg","width":700,"height":435},{"@type":"BreadcrumbList","@id":"https:\/\/apuntesdesanluis.com\/index.php\/2023\/09\/14\/comienza-la-expo-al-futuro-2023-en-el-parque-la-pedrera\/#breadcrumb","itemListElement":[{"@type":"ListItem","position":1,"name":"Inicio","item":"https:\/\/apuntesdesanluis.com\/"},{"@type":"ListItem","position":2,"name":"COMIENZA LA EXPO AL FUTURO 2023 EN EL PARQUE LA PEDRERA"}]},{"@type":"WebSite","@id":"https:\/\/apuntesdesanluis.com\/#website","url":"https:\/\/apuntesdesanluis.com\/","name":"Apuntes de San Luis","description":"","publisher":{"@id":"https:\/\/apuntesdesanluis.com\/#\/schema\/person\/b55151d52296fcce64d1a72538a70b90"},"potentialAction":[{"@type":"SearchAction","target":{"@type":"EntryPoint","urlTemplate":"https:\/\/apuntesdesanluis.com\/?s={search_term_string}"},"query-input":{"@type":"PropertyValueSpecification","valueRequired":true,"valueName":"search_term_string"}}],"inLanguage":"es-AR"},{"@type":["Person","Organization"],"@id":"https:\/\/apuntesdesanluis.com\/#\/schema\/person\/b55151d52296fcce64d1a72538a70b90","name":"apuntesdesanluis.com","image":{"@type":"ImageObject","inLanguage":"es-AR","@id":"https:\/\/apuntesdesanluis.com\/#\/schema\/person\/image\/","url":"https:\/\/apuntesdesanluis.com\/wp-content\/uploads\/2023\/07\/cropped-apuntesdesanluis.png","contentUrl":"https:\/\/apuntesdesanluis.com\/wp-content\/uploads\/2023\/07\/cropped-apuntesdesanluis.png","width":450,"height":112,"caption":"apuntesdesanluis.com"},"logo":{"@id":"https:\/\/apuntesdesanluis.com\/#\/schema\/person\/image\/"},"sameAs":["https:\/\/apuntesdesanluis.com"],"url":"https:\/\/apuntesdesanluis.com\/index.php\/author\/apuntesdesanluis-com\/"}]}},"featured_image_urls":{"full":["https:\/\/apuntesdesanluis.com\/wp-content\/uploads\/2023\/09\/la-pedrera.jpg",700,435,false],"thumbnail":["https:\/\/apuntesdesanluis.com\/wp-content\/uploads\/2023\/09\/la-pedrera-150x150.jpg",150,150,true],"medium":["https:\/\/apuntesdesanluis.com\/wp-content\/uploads\/2023\/09\/la-pedrera-300x186.jpg",300,186,true],"medium_large":["https:\/\/apuntesdesanluis.com\/wp-content\/uploads\/2023\/09\/la-pedrera.jpg",640,398,false],"large":["https:\/\/apuntesdesanluis.com\/wp-content\/uploads\/2023\/09\/la-pedrera.jpg",640,398,false],"1536x1536":["https:\/\/apuntesdesanluis.com\/wp-content\/uploads\/2023\/09\/la-pedrera.jpg",700,435,false],"2048x2048":["https:\/\/apuntesdesanluis.com\/wp-content\/uploads\/2023\/09\/la-pedrera.jpg",700,435,false],"newsever-slider-full":["https:\/\/apuntesdesanluis.com\/wp-content\/uploads\/2023\/09\/la-pedrera.jpg",700,435,false],"newsever-featured":["https:\/\/apuntesdesanluis.com\/wp-content\/uploads\/2023\/09\/la-pedrera.jpg",700,435,false],"newsever-medium":["https:\/\/apuntesdesanluis.com\/wp-content\/uploads\/2023\/09\/la-pedrera.jpg",700,435,false]},"author_info":{"display_name":"apuntesdesanluis.com","author_link":"https:\/\/apuntesdesanluis.com\/index.php\/author\/apuntesdesanluis-com\/"},"category_info":"<a href=\"https:\/\/apuntesdesanluis.com\/index.php\/category\/ciudad-provincia\/\" rel=\"category tag\">Ciudad\/Provincia<\/a>","tag_info":"Ciudad\/Provincia","comment_count":"0","_links":{"self":[{"href":"https:\/\/apuntesdesanluis.com\/index.php\/wp-json\/wp\/v2\/posts\/3291","targetHints":{"allow":["GET"]}}],"collection":[{"href":"https:\/\/apuntesdesanluis.com\/index.php\/wp-json\/wp\/v2\/posts"}],"about":[{"href":"https:\/\/apuntesdesanluis.com\/index.php\/wp-json\/wp\/v2\/types\/post"}],"author":[{"embeddable":true,"href":"https:\/\/apuntesdesanluis.com\/index.php\/wp-json\/wp\/v2\/users\/1"}],"replies":[{"embeddable":true,"href":"https:\/\/apuntesdesanluis.com\/index.php\/wp-json\/wp\/v2\/comments?post=3291"}],"version-history":[{"count":4,"href":"https:\/\/apuntesdesanluis.com\/index.php\/wp-json\/wp\/v2\/posts\/3291\/revisions"}],"predecessor-version":[{"id":3299,"href":"https:\/\/apuntesdesanluis.com\/index.php\/wp-json\/wp\/v2\/posts\/3291\/revisions\/3299"}],"wp:featuredmedia":[{"embeddable":true,"href":"https:\/\/apuntesdesanluis.com\/index.php\/wp-json\/wp\/v2\/media\/3292"}],"wp:attachment":[{"href":"https:\/\/apuntesdesanluis.com\/index.php\/wp-json\/wp\/v2\/media?parent=3291"}],"wp:term":[{"taxonomy":"category","embeddable":true,"href":"https:\/\/apuntesdesanluis.com\/index.php\/wp-json\/wp\/v2\/categories?post=3291"},{"taxonomy":"post_tag","embeddable":true,"href":"https:\/\/apuntesdesanluis.com\/index.php\/wp-json\/wp\/v2\/tags?post=3291"}],"curies":[{"name":"wp","href":"https:\/\/api.w.org\/{rel}","templated":true}]}}