{"id":3300,"date":"2023-09-14T16:31:12","date_gmt":"2023-09-14T19:31:12","guid":{"rendered":"https:\/\/apuntesdesanluis.com\/?p=3300"},"modified":"2023-09-14T16:31:12","modified_gmt":"2023-09-14T19:31:12","slug":"aviador-origone-inauguro-su-cancha-de-cesped-sintetico","status":"publish","type":"post","link":"https:\/\/apuntesdesanluis.com\/index.php\/2023\/09\/14\/aviador-origone-inauguro-su-cancha-de-cesped-sintetico\/","title":{"rendered":"AVIADOR ORIGONE INAUGUR\u00d3 SU CANCHA DE C\u00c9SPED SINT\u00c9TICO"},"content":{"rendered":"<h3 class=\"yiv7409174924ydp6329976emsonormal\" style=\"text-align: justify; background: white;\"><span style=\"font-family: 'Arial','sans-serif'; color: #1d2228;\">En un emotivo acto, Aviador Origone de Villa Mercedes inaugur\u00f3 su cancha de f\u00fatbol 11 de c\u00e9sped sint\u00e9tico. Gracias al Plan Integran de Obras impulsado por el Gobierno de la provincia, las chicas y chicos de \u201cla franja\u201d suman a partir de ahora un nuevo espacio de entrenamiento en el hist\u00f3rico club.<\/span><\/h3>\n<h3 class=\"yiv7409174924ydp6329976emsonormal\" style=\"text-align: justify; background: white;\"><span style=\"font-family: 'Arial','sans-serif'; color: #1d2228;\">Fueron mucho los cambios que Aviador Origone ha vivido a lo largo de su extensa historia. Con 115 a\u00f1os de vida, una de las instituciones m\u00e1s longevas de la provincia, inaugur\u00f3 este mi\u00e9rcoles su cancha de f\u00fatbol 11 de c\u00e9sped sint\u00e9tico. El nuevo espacio deportivo se suma a una cancha de f\u00fatbol 11 de c\u00e9sped natural, dos canchas de f\u00fatbol cinco de c\u00e9sped sint\u00e9tico, y la moderna construcci\u00f3n de tribunas, vestuario y secretar\u00eda.<\/span><\/h3>\n<p><img fetchpriority=\"high\" decoding=\"async\" class=\"wp-image-3302 aligncenter\" src=\"https:\/\/apuntesdesanluis.com\/wp-content\/uploads\/2023\/09\/chicos-300x164.png\" alt=\"\" width=\"644\" height=\"352\" srcset=\"https:\/\/apuntesdesanluis.com\/wp-content\/uploads\/2023\/09\/chicos-300x164.png 300w, https:\/\/apuntesdesanluis.com\/wp-content\/uploads\/2023\/09\/chicos.png 600w\" sizes=\"(max-width: 644px) 100vw, 644px\" \/><\/p>\n<h3 class=\"yiv7409174924ydp6329976emsonormal\" style=\"text-align: justify; background: white;\"><span style=\"font-family: 'Arial','sans-serif'; color: #1d2228;\">El Plan consiste de 35 obras y 4 cesiones de terrenos para los 23 clubes que forman parte de la Liga de F\u00fatbol de Villa Mercedes. Esta obra forma parte del Plan Integral de Obras para Clubes de F\u00fatbol ejecutado por el Gobierno provincial, a trav\u00e9s de un convenio de colaboraci\u00f3n firmado entre la Secretar\u00eda de Deportes y la Universidad Provincial de Oficios.<\/span><\/h3>\n<h3 class=\"yiv7409174924ydp6329976emsonormal\" style=\"text-align: justify; background: white;\"><span style=\"font-family: 'Arial','sans-serif'; color: #1d2228;\">Con los juveniles de \u201cla franja\u201d presentes, el club, actualmente ubicado por Ruta 2B frente al barrio La Ribera y a tan solo algunos metros del flamante barrio Uni\u00f3n sigue creciendo, buscando revivir los a\u00f1os de gloria en los \u00b490 cuando Aviador supo ser un club modelo en la regi\u00f3n.<\/span><\/h3>\n<h3 class=\"yiv7409174924ydp6329976emsonormal\" style=\"text-align: justify; background: white;\"><span style=\"font-family: 'Arial','sans-serif'; color: #1d2228;\">En las pr\u00f3ximas semanas, m\u00e1s clubes de Villa Mercedes estar\u00e1n listos para presentar en sociedad las mejor\u00edas en su infraestructura y los avances para que las formativas de cada instituci\u00f3n tengan lugares adecuados para sus entrenamientos deportivos.<\/span><\/h3>\n","protected":false},"excerpt":{"rendered":"<p>En un emotivo acto, Aviador Origone de Villa Mercedes inaugur\u00f3 su cancha de f\u00fatbol 11&#8230;<\/p>\n","protected":false},"author":1,"featured_media":3301,"comment_status":"closed","ping_status":"closed","sticky":false,"template":"","format":"standard","meta":{"footnotes":""},"categories":[6,8],"tags":[],"class_list":["post-3300","post","type-post","status-publish","format-standard","has-post-thumbnail","hentry","category-ciudad-provincia","category-deportes"],"yoast_head":"<!-- This site is optimized with the Yoast SEO plugin v26.1.1 - https:\/\/yoast.com\/wordpress\/plugins\/seo\/ -->\n<title>AVIADOR ORIGONE INAUGUR\u00d3 SU CANCHA DE C\u00c9SPED SINT\u00c9TICO - Apuntes de San Luis<\/title>\n<meta name=\"robots\" content=\"index, follow, max-snippet:-1, max-image-preview:large, max-video-preview:-1\" \/>\n<link rel=\"canonical\" href=\"https:\/\/apuntesdesanluis.com\/index.php\/2023\/09\/14\/aviador-origone-inauguro-su-cancha-de-cesped-sintetico\/\" \/>\n<meta property=\"og:locale\" content=\"es_ES\" \/>\n<meta property=\"og:type\" content=\"article\" \/>\n<meta property=\"og:title\" content=\"AVIADOR ORIGONE INAUGUR\u00d3 SU CANCHA DE C\u00c9SPED SINT\u00c9TICO - Apuntes de San Luis\" \/>\n<meta property=\"og:description\" content=\"En un emotivo acto, Aviador Origone de Villa Mercedes inaugur\u00f3 su cancha de f\u00fatbol 11...\" \/>\n<meta property=\"og:url\" content=\"https:\/\/apuntesdesanluis.com\/index.php\/2023\/09\/14\/aviador-origone-inauguro-su-cancha-de-cesped-sintetico\/\" \/>\n<meta property=\"og:site_name\" content=\"Apuntes de San Luis\" \/>\n<meta property=\"article:published_time\" content=\"2023-09-14T19:31:12+00:00\" \/>\n<meta property=\"og:image\" content=\"https:\/\/apuntesdesanluis.com\/wp-content\/uploads\/2023\/09\/acto-1.png\" \/>\n\t<meta property=\"og:image:width\" content=\"600\" \/>\n\t<meta property=\"og:image:height\" content=\"381\" \/>\n\t<meta property=\"og:image:type\" content=\"image\/png\" \/>\n<meta name=\"author\" content=\"apuntesdesanluis.com\" \/>\n<meta name=\"twitter:card\" content=\"summary_large_image\" \/>\n<meta name=\"twitter:label1\" content=\"Escrito por\" \/>\n\t<meta name=\"twitter:data1\" content=\"apuntesdesanluis.com\" \/>\n\t<meta name=\"twitter:label2\" content=\"Tiempo de lectura\" \/>\n\t<meta name=\"twitter:data2\" content=\"2 minutos\" \/>\n<script type=\"application\/ld+json\" class=\"yoast-schema-graph\">{\"@context\":\"https:\/\/schema.org\",\"@graph\":[{\"@type\":\"Article\",\"@id\":\"https:\/\/apuntesdesanluis.com\/index.php\/2023\/09\/14\/aviador-origone-inauguro-su-cancha-de-cesped-sintetico\/#article\",\"isPartOf\":{\"@id\":\"https:\/\/apuntesdesanluis.com\/index.php\/2023\/09\/14\/aviador-origone-inauguro-su-cancha-de-cesped-sintetico\/\"},\"author\":{\"name\":\"apuntesdesanluis.com\",\"@id\":\"https:\/\/apuntesdesanluis.com\/#\/schema\/person\/b55151d52296fcce64d1a72538a70b90\"},\"headline\":\"AVIADOR ORIGONE INAUGUR\u00d3 SU CANCHA DE C\u00c9SPED SINT\u00c9TICO\",\"datePublished\":\"2023-09-14T19:31:12+00:00\",\"mainEntityOfPage\":{\"@id\":\"https:\/\/apuntesdesanluis.com\/index.php\/2023\/09\/14\/aviador-origone-inauguro-su-cancha-de-cesped-sintetico\/\"},\"wordCount\":307,\"publisher\":{\"@id\":\"https:\/\/apuntesdesanluis.com\/#\/schema\/person\/b55151d52296fcce64d1a72538a70b90\"},\"image\":{\"@id\":\"https:\/\/apuntesdesanluis.com\/index.php\/2023\/09\/14\/aviador-origone-inauguro-su-cancha-de-cesped-sintetico\/#primaryimage\"},\"thumbnailUrl\":\"https:\/\/apuntesdesanluis.com\/wp-content\/uploads\/2023\/09\/acto-1.png\",\"articleSection\":[\"Ciudad\/Provincia\",\"Deportes\"],\"inLanguage\":\"es-AR\"},{\"@type\":\"WebPage\",\"@id\":\"https:\/\/apuntesdesanluis.com\/index.php\/2023\/09\/14\/aviador-origone-inauguro-su-cancha-de-cesped-sintetico\/\",\"url\":\"https:\/\/apuntesdesanluis.com\/index.php\/2023\/09\/14\/aviador-origone-inauguro-su-cancha-de-cesped-sintetico\/\",\"name\":\"AVIADOR ORIGONE INAUGUR\u00d3 SU CANCHA DE C\u00c9SPED SINT\u00c9TICO - Apuntes de San Luis\",\"isPartOf\":{\"@id\":\"https:\/\/apuntesdesanluis.com\/#website\"},\"primaryImageOfPage\":{\"@id\":\"https:\/\/apuntesdesanluis.com\/index.php\/2023\/09\/14\/aviador-origone-inauguro-su-cancha-de-cesped-sintetico\/#primaryimage\"},\"image\":{\"@id\":\"https:\/\/apuntesdesanluis.com\/index.php\/2023\/09\/14\/aviador-origone-inauguro-su-cancha-de-cesped-sintetico\/#primaryimage\"},\"thumbnailUrl\":\"https:\/\/apuntesdesanluis.com\/wp-content\/uploads\/2023\/09\/acto-1.png\",\"datePublished\":\"2023-09-14T19:31:12+00:00\",\"breadcrumb\":{\"@id\":\"https:\/\/apuntesdesanluis.com\/index.php\/2023\/09\/14\/aviador-origone-inauguro-su-cancha-de-cesped-sintetico\/#breadcrumb\"},\"inLanguage\":\"es-AR\",\"potentialAction\":[{\"@type\":\"ReadAction\",\"target\":[\"https:\/\/apuntesdesanluis.com\/index.php\/2023\/09\/14\/aviador-origone-inauguro-su-cancha-de-cesped-sintetico\/\"]}]},{\"@type\":\"ImageObject\",\"inLanguage\":\"es-AR\",\"@id\":\"https:\/\/apuntesdesanluis.com\/index.php\/2023\/09\/14\/aviador-origone-inauguro-su-cancha-de-cesped-sintetico\/#primaryimage\",\"url\":\"https:\/\/apuntesdesanluis.com\/wp-content\/uploads\/2023\/09\/acto-1.png\",\"contentUrl\":\"https:\/\/apuntesdesanluis.com\/wp-content\/uploads\/2023\/09\/acto-1.png\",\"width\":600,\"height\":381},{\"@type\":\"BreadcrumbList\",\"@id\":\"https:\/\/apuntesdesanluis.com\/index.php\/2023\/09\/14\/aviador-origone-inauguro-su-cancha-de-cesped-sintetico\/#breadcrumb\",\"itemListElement\":[{\"@type\":\"ListItem\",\"position\":1,\"name\":\"Inicio\",\"item\":\"https:\/\/apuntesdesanluis.com\/\"},{\"@type\":\"ListItem\",\"position\":2,\"name\":\"AVIADOR ORIGONE INAUGUR\u00d3 SU CANCHA DE C\u00c9SPED SINT\u00c9TICO\"}]},{\"@type\":\"WebSite\",\"@id\":\"https:\/\/apuntesdesanluis.com\/#website\",\"url\":\"https:\/\/apuntesdesanluis.com\/\",\"name\":\"Apuntes de San Luis\",\"description\":\"\",\"publisher\":{\"@id\":\"https:\/\/apuntesdesanluis.com\/#\/schema\/person\/b55151d52296fcce64d1a72538a70b90\"},\"potentialAction\":[{\"@type\":\"SearchAction\",\"target\":{\"@type\":\"EntryPoint\",\"urlTemplate\":\"https:\/\/apuntesdesanluis.com\/?s={search_term_string}\"},\"query-input\":{\"@type\":\"PropertyValueSpecification\",\"valueRequired\":true,\"valueName\":\"search_term_string\"}}],\"inLanguage\":\"es-AR\"},{\"@type\":[\"Person\",\"Organization\"],\"@id\":\"https:\/\/apuntesdesanluis.com\/#\/schema\/person\/b55151d52296fcce64d1a72538a70b90\",\"name\":\"apuntesdesanluis.com\",\"image\":{\"@type\":\"ImageObject\",\"inLanguage\":\"es-AR\",\"@id\":\"https:\/\/apuntesdesanluis.com\/#\/schema\/person\/image\/\",\"url\":\"https:\/\/apuntesdesanluis.com\/wp-content\/uploads\/2023\/07\/cropped-apuntesdesanluis.png\",\"contentUrl\":\"https:\/\/apuntesdesanluis.com\/wp-content\/uploads\/2023\/07\/cropped-apuntesdesanluis.png\",\"width\":450,\"height\":112,\"caption\":\"apuntesdesanluis.com\"},\"logo\":{\"@id\":\"https:\/\/apuntesdesanluis.com\/#\/schema\/person\/image\/\"},\"sameAs\":[\"https:\/\/apuntesdesanluis.com\"],\"url\":\"https:\/\/apuntesdesanluis.com\/index.php\/author\/apuntesdesanluis-com\/\"}]}<\/script>\n<!-- \/ Yoast SEO plugin. -->","yoast_head_json":{"title":"AVIADOR ORIGONE INAUGUR\u00d3 SU CANCHA DE C\u00c9SPED SINT\u00c9TICO - Apuntes de San Luis","robots":{"index":"index","follow":"follow","max-snippet":"max-snippet:-1","max-image-preview":"max-image-preview:large","max-video-preview":"max-video-preview:-1"},"canonical":"https:\/\/apuntesdesanluis.com\/index.php\/2023\/09\/14\/aviador-origone-inauguro-su-cancha-de-cesped-sintetico\/","og_locale":"es_ES","og_type":"article","og_title":"AVIADOR ORIGONE INAUGUR\u00d3 SU CANCHA DE C\u00c9SPED SINT\u00c9TICO - Apuntes de San Luis","og_description":"En un emotivo acto, Aviador Origone de Villa Mercedes inaugur\u00f3 su cancha de f\u00fatbol 11...","og_url":"https:\/\/apuntesdesanluis.com\/index.php\/2023\/09\/14\/aviador-origone-inauguro-su-cancha-de-cesped-sintetico\/","og_site_name":"Apuntes de San Luis","article_published_time":"2023-09-14T19:31:12+00:00","og_image":[{"width":600,"height":381,"url":"https:\/\/apuntesdesanluis.com\/wp-content\/uploads\/2023\/09\/acto-1.png","type":"image\/png"}],"author":"apuntesdesanluis.com","twitter_card":"summary_large_image","twitter_misc":{"Escrito por":"apuntesdesanluis.com","Tiempo de lectura":"2 minutos"},"schema":{"@context":"https:\/\/schema.org","@graph":[{"@type":"Article","@id":"https:\/\/apuntesdesanluis.com\/index.php\/2023\/09\/14\/aviador-origone-inauguro-su-cancha-de-cesped-sintetico\/#article","isPartOf":{"@id":"https:\/\/apuntesdesanluis.com\/index.php\/2023\/09\/14\/aviador-origone-inauguro-su-cancha-de-cesped-sintetico\/"},"author":{"name":"apuntesdesanluis.com","@id":"https:\/\/apuntesdesanluis.com\/#\/schema\/person\/b55151d52296fcce64d1a72538a70b90"},"headline":"AVIADOR ORIGONE INAUGUR\u00d3 SU CANCHA DE C\u00c9SPED SINT\u00c9TICO","datePublished":"2023-09-14T19:31:12+00:00","mainEntityOfPage":{"@id":"https:\/\/apuntesdesanluis.com\/index.php\/2023\/09\/14\/aviador-origone-inauguro-su-cancha-de-cesped-sintetico\/"},"wordCount":307,"publisher":{"@id":"https:\/\/apuntesdesanluis.com\/#\/schema\/person\/b55151d52296fcce64d1a72538a70b90"},"image":{"@id":"https:\/\/apuntesdesanluis.com\/index.php\/2023\/09\/14\/aviador-origone-inauguro-su-cancha-de-cesped-sintetico\/#primaryimage"},"thumbnailUrl":"https:\/\/apuntesdesanluis.com\/wp-content\/uploads\/2023\/09\/acto-1.png","articleSection":["Ciudad\/Provincia","Deportes"],"inLanguage":"es-AR"},{"@type":"WebPage","@id":"https:\/\/apuntesdesanluis.com\/index.php\/2023\/09\/14\/aviador-origone-inauguro-su-cancha-de-cesped-sintetico\/","url":"https:\/\/apuntesdesanluis.com\/index.php\/2023\/09\/14\/aviador-origone-inauguro-su-cancha-de-cesped-sintetico\/","name":"AVIADOR ORIGONE INAUGUR\u00d3 SU CANCHA DE C\u00c9SPED SINT\u00c9TICO - Apuntes de San Luis","isPartOf":{"@id":"https:\/\/apuntesdesanluis.com\/#website"},"primaryImageOfPage":{"@id":"https:\/\/apuntesdesanluis.com\/index.php\/2023\/09\/14\/aviador-origone-inauguro-su-cancha-de-cesped-sintetico\/#primaryimage"},"image":{"@id":"https:\/\/apuntesdesanluis.com\/index.php\/2023\/09\/14\/aviador-origone-inauguro-su-cancha-de-cesped-sintetico\/#primaryimage"},"thumbnailUrl":"https:\/\/apuntesdesanluis.com\/wp-content\/uploads\/2023\/09\/acto-1.png","datePublished":"2023-09-14T19:31:12+00:00","breadcrumb":{"@id":"https:\/\/apuntesdesanluis.com\/index.php\/2023\/09\/14\/aviador-origone-inauguro-su-cancha-de-cesped-sintetico\/#breadcrumb"},"inLanguage":"es-AR","potentialAction":[{"@type":"ReadAction","target":["https:\/\/apuntesdesanluis.com\/index.php\/2023\/09\/14\/aviador-origone-inauguro-su-cancha-de-cesped-sintetico\/"]}]},{"@type":"ImageObject","inLanguage":"es-AR","@id":"https:\/\/apuntesdesanluis.com\/index.php\/2023\/09\/14\/aviador-origone-inauguro-su-cancha-de-cesped-sintetico\/#primaryimage","url":"https:\/\/apuntesdesanluis.com\/wp-content\/uploads\/2023\/09\/acto-1.png","contentUrl":"https:\/\/apuntesdesanluis.com\/wp-content\/uploads\/2023\/09\/acto-1.png","width":600,"height":381},{"@type":"BreadcrumbList","@id":"https:\/\/apuntesdesanluis.com\/index.php\/2023\/09\/14\/aviador-origone-inauguro-su-cancha-de-cesped-sintetico\/#breadcrumb","itemListElement":[{"@type":"ListItem","position":1,"name":"Inicio","item":"https:\/\/apuntesdesanluis.com\/"},{"@type":"ListItem","position":2,"name":"AVIADOR ORIGONE INAUGUR\u00d3 SU CANCHA DE C\u00c9SPED SINT\u00c9TICO"}]},{"@type":"WebSite","@id":"https:\/\/apuntesdesanluis.com\/#website","url":"https:\/\/apuntesdesanluis.com\/","name":"Apuntes de San Luis","description":"","publisher":{"@id":"https:\/\/apuntesdesanluis.com\/#\/schema\/person\/b55151d52296fcce64d1a72538a70b90"},"potentialAction":[{"@type":"SearchAction","target":{"@type":"EntryPoint","urlTemplate":"https:\/\/apuntesdesanluis.com\/?s={search_term_string}"},"query-input":{"@type":"PropertyValueSpecification","valueRequired":true,"valueName":"search_term_string"}}],"inLanguage":"es-AR"},{"@type":["Person","Organization"],"@id":"https:\/\/apuntesdesanluis.com\/#\/schema\/person\/b55151d52296fcce64d1a72538a70b90","name":"apuntesdesanluis.com","image":{"@type":"ImageObject","inLanguage":"es-AR","@id":"https:\/\/apuntesdesanluis.com\/#\/schema\/person\/image\/","url":"https:\/\/apuntesdesanluis.com\/wp-content\/uploads\/2023\/07\/cropped-apuntesdesanluis.png","contentUrl":"https:\/\/apuntesdesanluis.com\/wp-content\/uploads\/2023\/07\/cropped-apuntesdesanluis.png","width":450,"height":112,"caption":"apuntesdesanluis.com"},"logo":{"@id":"https:\/\/apuntesdesanluis.com\/#\/schema\/person\/image\/"},"sameAs":["https:\/\/apuntesdesanluis.com"],"url":"https:\/\/apuntesdesanluis.com\/index.php\/author\/apuntesdesanluis-com\/"}]}},"featured_image_urls":{"full":["https:\/\/apuntesdesanluis.com\/wp-content\/uploads\/2023\/09\/acto-1.png",600,381,false],"thumbnail":["https:\/\/apuntesdesanluis.com\/wp-content\/uploads\/2023\/09\/acto-1-150x150.png",150,150,true],"medium":["https:\/\/apuntesdesanluis.com\/wp-content\/uploads\/2023\/09\/acto-1-300x191.png",300,191,true],"medium_large":["https:\/\/apuntesdesanluis.com\/wp-content\/uploads\/2023\/09\/acto-1.png",600,381,false],"large":["https:\/\/apuntesdesanluis.com\/wp-content\/uploads\/2023\/09\/acto-1.png",600,381,false],"1536x1536":["https:\/\/apuntesdesanluis.com\/wp-content\/uploads\/2023\/09\/acto-1.png",600,381,false],"2048x2048":["https:\/\/apuntesdesanluis.com\/wp-content\/uploads\/2023\/09\/acto-1.png",600,381,false],"newsever-slider-full":["https:\/\/apuntesdesanluis.com\/wp-content\/uploads\/2023\/09\/acto-1.png",600,381,false],"newsever-featured":["https:\/\/apuntesdesanluis.com\/wp-content\/uploads\/2023\/09\/acto-1.png",600,381,false],"newsever-medium":["https:\/\/apuntesdesanluis.com\/wp-content\/uploads\/2023\/09\/acto-1.png",600,381,false]},"author_info":{"display_name":"apuntesdesanluis.com","author_link":"https:\/\/apuntesdesanluis.com\/index.php\/author\/apuntesdesanluis-com\/"},"category_info":"<a href=\"https:\/\/apuntesdesanluis.com\/index.php\/category\/ciudad-provincia\/\" rel=\"category tag\">Ciudad\/Provincia<\/a> <a href=\"https:\/\/apuntesdesanluis.com\/index.php\/category\/deportes\/\" rel=\"category tag\">Deportes<\/a>","tag_info":"Deportes","comment_count":"0","_links":{"self":[{"href":"https:\/\/apuntesdesanluis.com\/index.php\/wp-json\/wp\/v2\/posts\/3300","targetHints":{"allow":["GET"]}}],"collection":[{"href":"https:\/\/apuntesdesanluis.com\/index.php\/wp-json\/wp\/v2\/posts"}],"about":[{"href":"https:\/\/apuntesdesanluis.com\/index.php\/wp-json\/wp\/v2\/types\/post"}],"author":[{"embeddable":true,"href":"https:\/\/apuntesdesanluis.com\/index.php\/wp-json\/wp\/v2\/users\/1"}],"replies":[{"embeddable":true,"href":"https:\/\/apuntesdesanluis.com\/index.php\/wp-json\/wp\/v2\/comments?post=3300"}],"version-history":[{"count":1,"href":"https:\/\/apuntesdesanluis.com\/index.php\/wp-json\/wp\/v2\/posts\/3300\/revisions"}],"predecessor-version":[{"id":3303,"href":"https:\/\/apuntesdesanluis.com\/index.php\/wp-json\/wp\/v2\/posts\/3300\/revisions\/3303"}],"wp:featuredmedia":[{"embeddable":true,"href":"https:\/\/apuntesdesanluis.com\/index.php\/wp-json\/wp\/v2\/media\/3301"}],"wp:attachment":[{"href":"https:\/\/apuntesdesanluis.com\/index.php\/wp-json\/wp\/v2\/media?parent=3300"}],"wp:term":[{"taxonomy":"category","embeddable":true,"href":"https:\/\/apuntesdesanluis.com\/index.php\/wp-json\/wp\/v2\/categories?post=3300"},{"taxonomy":"post_tag","embeddable":true,"href":"https:\/\/apuntesdesanluis.com\/index.php\/wp-json\/wp\/v2\/tags?post=3300"}],"curies":[{"name":"wp","href":"https:\/\/api.w.org\/{rel}","templated":true}]}}