{"id":3311,"date":"2023-09-14T17:55:47","date_gmt":"2023-09-14T20:55:47","guid":{"rendered":"https:\/\/apuntesdesanluis.com\/?p=3311"},"modified":"2023-09-14T17:55:47","modified_gmt":"2023-09-14T20:55:47","slug":"el-banco-central-no-sube-la-tasa-de-plazos-fijos-pese-a-la-disparada-de-la-inflacion","status":"publish","type":"post","link":"https:\/\/apuntesdesanluis.com\/index.php\/2023\/09\/14\/el-banco-central-no-sube-la-tasa-de-plazos-fijos-pese-a-la-disparada-de-la-inflacion\/","title":{"rendered":"EL BANCO CENTRAL NO SUBE LA TASA DE PLAZOS FIJOS PESE A LA DISPARADA DE LA INFLACI\u00d3N"},"content":{"rendered":"<h3 class=\"yiv7409174924ydp6329976emsonormal\" style=\"text-align: justify; background: white;\"><span style=\"font-family: 'Arial','sans-serif'; color: #1d2228;\">El Banco Central (BCRA) decidi\u00f3 mantener sin cambios la tasa de pol\u00edtica monetaria en 118% anual, a pesar de la disparada de la inflaci\u00f3n, que subi\u00f3 12,4% en agosto.<\/span><\/h3>\n<h3 class=\"yiv7409174924ydp6329976emsonormal\" style=\"text-align: justify; background: white;\"><span style=\"font-family: 'Arial','sans-serif'; color: #1d2228;\">Seg\u00fan la autoridad monetaria, &#8220;indicadores de alta frecuencia reflejan una desaceleraci\u00f3n del ritmo de incremento del nivel general de precios desde el pico de la tercera semana de agosto, que se habr\u00eda profundizado en lo que va de septiembre&#8221;.<\/span><\/h3>\n<h3 class=\"yiv7409174924ydp6329976emsonormal\" style=\"text-align: justify; background: white;\"><span style=\"font-family: 'Arial','sans-serif'; color: #1d2228;\">Por eso resolvi\u00f3 mantener las tasas de plazos fijos, con las cuales los ahorristas buscan resguardar el poder adquisitivo de sus tenencias.<\/span><\/h3>\n<h3 class=\"yiv7409174924ydp6329976emsonormal\" style=\"text-align: justify; background: white;\"><span style=\"font-family: 'Arial','sans-serif'; color: #1d2228;\">El BCRA dijo que la inflaci\u00f3n del 12,4% estuvo &#8220;impulsada por el traslado a precios de la mayor volatilidad financiera registrada en la segunda mitad del mes y la recalibraci\u00f3n del nivel del tipo de cambio oficial&#8221;, es decir, la devaluaci\u00f3n.<\/span><\/h3>\n<h3 class=\"yiv7409174924ydp6329976emsonormal\" style=\"text-align: justify; background: white;\"><span style=\"font-family: 'Arial','sans-serif'; color: #1d2228;\">Seg\u00fan pudo saber Noticias Argentinas, el directorio del Central se inclin\u00f3 por esa decisi\u00f3n para tratar de no seguir incrementando la descomunal deuda de la autoridad monetaria, que esta semana super\u00f3 los 20 billones de pesos y crece a un ritmo cercano a los dos billones mensuales.<\/span><\/h3>\n<h3 class=\"yiv7409174924ydp6329976emsonormal\" style=\"text-align: justify; background: white;\"><span style=\"font-family: 'Arial','sans-serif'; color: #1d2228;\">Es que al subir la tasa de inter\u00e9s se incrementa la velocidad a la que crecen los pasivos del BCRA, lo que alimenta la expectativa de inflaci\u00f3n hacia el futuro y empeora el balance de la entidad.<\/span><\/h3>\n<h3 class=\"yiv7409174924ydp6329976emsonormal\" style=\"text-align: justify; background: white;\"><span style=\"font-family: 'Arial','sans-serif'; color: #1d2228;\">Las Leliq devengan intereses de casi $2 billones por mes, aproximadamente un 20% de la base monetaria.<\/span><\/h3>\n<h3 class=\"yiv7409174924ydp6329976emsonormal\" style=\"text-align: justify; background: white;\"><span style=\"font-family: 'Arial','sans-serif'; color: #1d2228;\">Esa &#8220;bola de Leliq&#8221; es considerada por la oposici\u00f3n como el principal desaf\u00edo econ\u00f3mico de cara al gobierno que asumir\u00e1 el 10 de diciembre pr\u00f3ximo.<\/span><\/h3>\n<h3 class=\"yiv7409174924ydp6329976emsonormal\" style=\"text-align: justify; background: white;\"><span style=\"font-family: 'Arial','sans-serif'; color: #1d2228;\">LAS RAZONES DEL BCRA<\/span><\/h3>\n<h3 class=\"yiv7409174924ydp6329976emsonormal\" style=\"text-align: justify; background: white;\"><span style=\"font-family: 'Arial','sans-serif'; color: #1d2228;\">Para justificar su decisi\u00f3n, el BCRA explic\u00f3 que adopta sus decisiones mirando las expectativas, la inflaci\u00f3n futura. Y adem\u00e1s, fundamentan que la tasa efectiva anual de 209% es positiva frente a la inflaci\u00f3n anual.<\/span><\/h3>\n<h3 class=\"yiv7409174924ydp6329976emsonormal\" style=\"text-align: justify; background: white;\"><span style=\"font-family: 'Arial','sans-serif'; color: #1d2228;\">Seg\u00fan la autoridad monetaria, &#8220;indicadores de alta frecuencia reflejan una desaceleraci\u00f3n del ritmo de incremento del nivel general de precios desde el pico de la tercera semana de agosto, que se habr\u00eda profundizado en lo que va de septiembre&#8221;.<\/span><\/h3>\n<h3 class=\"yiv7409174924ydp6329976emsonormal\" style=\"text-align: justify; background: white;\"><span style=\"font-family: 'Arial','sans-serif'; color: #1d2228;\">Por eso resolvi\u00f3 mantener las tasas de plazos fijos, con las cuales los ahorristas buscan resguardar el poder adquisitivo de sus tenencias.<\/span><\/h3>\n<h3 class=\"yiv7409174924ydp6329976emsonormal\" style=\"text-align: justify; background: white;\"><span style=\"font-family: 'Arial','sans-serif'; color: #1d2228;\">Una de las preguntas que se hacen ahora especialistas es si algunos ahorristas podr\u00edan desarmar posiciones en pesos para volcarlas a adquirir &#8220;d\u00f3lar MEP&#8221; o divisas en las numerosas &#8220;cuevas&#8221;.<\/span><\/h3>\n<h3 class=\"yiv7409174924ydp6329976emsonormal\" style=\"text-align: justify; background: white;\"><span style=\"font-family: 'Arial','sans-serif'; color: #1d2228;\">El BCRA dijo que la inflaci\u00f3n del 12,4% estuvo &#8220;impulsada por el traslado a precios de la mayor volatilidad financiera registrada en la segunda mitad del mes y la recalibraci\u00f3n del nivel del tipo de cambio oficial&#8221;, es decir, la devaluaci\u00f3n.<\/span><\/h3>\n<h3 class=\"yiv7409174924ydp6329976emsonormal\" style=\"text-align: justify; background: white;\"><span style=\"font-family: 'Arial','sans-serif'; color: #1d2228;\">Se\u00f1al\u00f3 que continuar\u00e1 monitoreando la evoluci\u00f3n del nivel general de precios, la din\u00e1mica del mercado de cambios y de los agregados monetarios a los efectos de calibrar su pol\u00edtica de tasas de inter\u00e9s y de gesti\u00f3n de la liquidez.<\/span><\/h3>\n<h3 class=\"yiv7409174924ydp6329976emsonormal\" style=\"text-align: justify; background: white;\"><span style=\"font-family: 'Arial','sans-serif'; color: #1d2228;\">En el Gobierno afirman que &#8220;aunque la inflaci\u00f3n de agosto lleg\u00f3 a dos d\u00edgitos, la de septiembre viene m\u00e1s planchada&#8221; y atribuyen el costo de vida del mes pasado al impacto puntual de la devaluaci\u00f3n.<\/span><\/h3>\n<h3 class=\"yiv7409174924ydp6329976emsonormal\" style=\"text-align: justify; background: white;\"><span style=\"font-family: 'Arial','sans-serif'; color: #1d2228;\">Pero las proyecciones de las principales consultoras del mercado, que env\u00edan sus datos al propio BCRA, estiman un costo de vida del 12% para septiembre, un nivel que sigue siendo muy alto.<\/span><\/h3>\n<h3 class=\"yiv7409174924ydp6329976emsonormal\" style=\"text-align: justify; background: white;\"><span style=\"font-family: 'Arial','sans-serif'; color: #1d2228;\">Los especialistas admiten que en la recta final rumbo a las elecciones no es una decisi\u00f3n f\u00e1cil subir la tasa por el costo que implica esa medida en t\u00e9rminos de encarecimiento del cr\u00e9dito, el impacto sobre la actividad econ\u00f3mica, y el deterioro del d\u00e9ficit cuasifiscal del Banco Central.<\/span><\/h3>\n","protected":false},"excerpt":{"rendered":"<p>El Banco Central (BCRA) decidi\u00f3 mantener sin cambios la tasa de pol\u00edtica monetaria en 118%&#8230;<\/p>\n","protected":false},"author":1,"featured_media":628,"comment_status":"closed","ping_status":"closed","sticky":false,"template":"","format":"standard","meta":{"footnotes":""},"categories":[5],"tags":[],"class_list":["post-3311","post","type-post","status-publish","format-standard","has-post-thumbnail","hentry","category-nacionales-internacionales"],"yoast_head":"<!-- This site is optimized with the Yoast SEO plugin v26.1.1 - https:\/\/yoast.com\/wordpress\/plugins\/seo\/ -->\n<title>EL BANCO CENTRAL NO SUBE LA TASA DE PLAZOS FIJOS PESE A LA DISPARADA DE LA INFLACI\u00d3N - Apuntes de San Luis<\/title>\n<meta name=\"robots\" content=\"index, follow, max-snippet:-1, max-image-preview:large, max-video-preview:-1\" \/>\n<link rel=\"canonical\" href=\"https:\/\/apuntesdesanluis.com\/index.php\/2023\/09\/14\/el-banco-central-no-sube-la-tasa-de-plazos-fijos-pese-a-la-disparada-de-la-inflacion\/\" \/>\n<meta property=\"og:locale\" content=\"es_ES\" \/>\n<meta property=\"og:type\" content=\"article\" \/>\n<meta property=\"og:title\" content=\"EL BANCO CENTRAL NO SUBE LA TASA DE PLAZOS FIJOS PESE A LA DISPARADA DE LA INFLACI\u00d3N - Apuntes de San Luis\" \/>\n<meta property=\"og:description\" content=\"El Banco Central (BCRA) decidi\u00f3 mantener sin cambios la tasa de pol\u00edtica monetaria en 118%...\" \/>\n<meta property=\"og:url\" content=\"https:\/\/apuntesdesanluis.com\/index.php\/2023\/09\/14\/el-banco-central-no-sube-la-tasa-de-plazos-fijos-pese-a-la-disparada-de-la-inflacion\/\" \/>\n<meta property=\"og:site_name\" content=\"Apuntes de San Luis\" \/>\n<meta property=\"article:published_time\" content=\"2023-09-14T20:55:47+00:00\" \/>\n<meta property=\"og:image\" content=\"https:\/\/apuntesdesanluis.com\/wp-content\/uploads\/2023\/07\/banco-central.png\" \/>\n\t<meta property=\"og:image:width\" content=\"600\" \/>\n\t<meta property=\"og:image:height\" content=\"418\" \/>\n\t<meta property=\"og:image:type\" content=\"image\/png\" \/>\n<meta name=\"author\" content=\"apuntesdesanluis.com\" \/>\n<meta name=\"twitter:card\" content=\"summary_large_image\" \/>\n<meta name=\"twitter:label1\" content=\"Escrito por\" \/>\n\t<meta name=\"twitter:data1\" content=\"apuntesdesanluis.com\" \/>\n\t<meta name=\"twitter:label2\" content=\"Tiempo de lectura\" \/>\n\t<meta name=\"twitter:data2\" content=\"3 minutos\" \/>\n<script type=\"application\/ld+json\" class=\"yoast-schema-graph\">{\"@context\":\"https:\/\/schema.org\",\"@graph\":[{\"@type\":\"Article\",\"@id\":\"https:\/\/apuntesdesanluis.com\/index.php\/2023\/09\/14\/el-banco-central-no-sube-la-tasa-de-plazos-fijos-pese-a-la-disparada-de-la-inflacion\/#article\",\"isPartOf\":{\"@id\":\"https:\/\/apuntesdesanluis.com\/index.php\/2023\/09\/14\/el-banco-central-no-sube-la-tasa-de-plazos-fijos-pese-a-la-disparada-de-la-inflacion\/\"},\"author\":{\"name\":\"apuntesdesanluis.com\",\"@id\":\"https:\/\/apuntesdesanluis.com\/#\/schema\/person\/b55151d52296fcce64d1a72538a70b90\"},\"headline\":\"EL BANCO CENTRAL NO SUBE LA TASA DE PLAZOS FIJOS PESE A LA DISPARADA DE LA INFLACI\u00d3N\",\"datePublished\":\"2023-09-14T20:55:47+00:00\",\"mainEntityOfPage\":{\"@id\":\"https:\/\/apuntesdesanluis.com\/index.php\/2023\/09\/14\/el-banco-central-no-sube-la-tasa-de-plazos-fijos-pese-a-la-disparada-de-la-inflacion\/\"},\"wordCount\":634,\"publisher\":{\"@id\":\"https:\/\/apuntesdesanluis.com\/#\/schema\/person\/b55151d52296fcce64d1a72538a70b90\"},\"image\":{\"@id\":\"https:\/\/apuntesdesanluis.com\/index.php\/2023\/09\/14\/el-banco-central-no-sube-la-tasa-de-plazos-fijos-pese-a-la-disparada-de-la-inflacion\/#primaryimage\"},\"thumbnailUrl\":\"https:\/\/apuntesdesanluis.com\/wp-content\/uploads\/2023\/07\/banco-central.png\",\"articleSection\":[\"Nacionales\/Internacionales\"],\"inLanguage\":\"es-AR\"},{\"@type\":\"WebPage\",\"@id\":\"https:\/\/apuntesdesanluis.com\/index.php\/2023\/09\/14\/el-banco-central-no-sube-la-tasa-de-plazos-fijos-pese-a-la-disparada-de-la-inflacion\/\",\"url\":\"https:\/\/apuntesdesanluis.com\/index.php\/2023\/09\/14\/el-banco-central-no-sube-la-tasa-de-plazos-fijos-pese-a-la-disparada-de-la-inflacion\/\",\"name\":\"EL BANCO CENTRAL NO SUBE LA TASA DE PLAZOS FIJOS PESE A LA DISPARADA DE LA INFLACI\u00d3N - Apuntes de San Luis\",\"isPartOf\":{\"@id\":\"https:\/\/apuntesdesanluis.com\/#website\"},\"primaryImageOfPage\":{\"@id\":\"https:\/\/apuntesdesanluis.com\/index.php\/2023\/09\/14\/el-banco-central-no-sube-la-tasa-de-plazos-fijos-pese-a-la-disparada-de-la-inflacion\/#primaryimage\"},\"image\":{\"@id\":\"https:\/\/apuntesdesanluis.com\/index.php\/2023\/09\/14\/el-banco-central-no-sube-la-tasa-de-plazos-fijos-pese-a-la-disparada-de-la-inflacion\/#primaryimage\"},\"thumbnailUrl\":\"https:\/\/apuntesdesanluis.com\/wp-content\/uploads\/2023\/07\/banco-central.png\",\"datePublished\":\"2023-09-14T20:55:47+00:00\",\"breadcrumb\":{\"@id\":\"https:\/\/apuntesdesanluis.com\/index.php\/2023\/09\/14\/el-banco-central-no-sube-la-tasa-de-plazos-fijos-pese-a-la-disparada-de-la-inflacion\/#breadcrumb\"},\"inLanguage\":\"es-AR\",\"potentialAction\":[{\"@type\":\"ReadAction\",\"target\":[\"https:\/\/apuntesdesanluis.com\/index.php\/2023\/09\/14\/el-banco-central-no-sube-la-tasa-de-plazos-fijos-pese-a-la-disparada-de-la-inflacion\/\"]}]},{\"@type\":\"ImageObject\",\"inLanguage\":\"es-AR\",\"@id\":\"https:\/\/apuntesdesanluis.com\/index.php\/2023\/09\/14\/el-banco-central-no-sube-la-tasa-de-plazos-fijos-pese-a-la-disparada-de-la-inflacion\/#primaryimage\",\"url\":\"https:\/\/apuntesdesanluis.com\/wp-content\/uploads\/2023\/07\/banco-central.png\",\"contentUrl\":\"https:\/\/apuntesdesanluis.com\/wp-content\/uploads\/2023\/07\/banco-central.png\",\"width\":600,\"height\":418},{\"@type\":\"BreadcrumbList\",\"@id\":\"https:\/\/apuntesdesanluis.com\/index.php\/2023\/09\/14\/el-banco-central-no-sube-la-tasa-de-plazos-fijos-pese-a-la-disparada-de-la-inflacion\/#breadcrumb\",\"itemListElement\":[{\"@type\":\"ListItem\",\"position\":1,\"name\":\"Inicio\",\"item\":\"https:\/\/apuntesdesanluis.com\/\"},{\"@type\":\"ListItem\",\"position\":2,\"name\":\"EL BANCO CENTRAL NO SUBE LA TASA DE PLAZOS FIJOS PESE A LA DISPARADA DE LA INFLACI\u00d3N\"}]},{\"@type\":\"WebSite\",\"@id\":\"https:\/\/apuntesdesanluis.com\/#website\",\"url\":\"https:\/\/apuntesdesanluis.com\/\",\"name\":\"Apuntes de San Luis\",\"description\":\"\",\"publisher\":{\"@id\":\"https:\/\/apuntesdesanluis.com\/#\/schema\/person\/b55151d52296fcce64d1a72538a70b90\"},\"potentialAction\":[{\"@type\":\"SearchAction\",\"target\":{\"@type\":\"EntryPoint\",\"urlTemplate\":\"https:\/\/apuntesdesanluis.com\/?s={search_term_string}\"},\"query-input\":{\"@type\":\"PropertyValueSpecification\",\"valueRequired\":true,\"valueName\":\"search_term_string\"}}],\"inLanguage\":\"es-AR\"},{\"@type\":[\"Person\",\"Organization\"],\"@id\":\"https:\/\/apuntesdesanluis.com\/#\/schema\/person\/b55151d52296fcce64d1a72538a70b90\",\"name\":\"apuntesdesanluis.com\",\"image\":{\"@type\":\"ImageObject\",\"inLanguage\":\"es-AR\",\"@id\":\"https:\/\/apuntesdesanluis.com\/#\/schema\/person\/image\/\",\"url\":\"https:\/\/apuntesdesanluis.com\/wp-content\/uploads\/2023\/07\/cropped-apuntesdesanluis.png\",\"contentUrl\":\"https:\/\/apuntesdesanluis.com\/wp-content\/uploads\/2023\/07\/cropped-apuntesdesanluis.png\",\"width\":450,\"height\":112,\"caption\":\"apuntesdesanluis.com\"},\"logo\":{\"@id\":\"https:\/\/apuntesdesanluis.com\/#\/schema\/person\/image\/\"},\"sameAs\":[\"https:\/\/apuntesdesanluis.com\"],\"url\":\"https:\/\/apuntesdesanluis.com\/index.php\/author\/apuntesdesanluis-com\/\"}]}<\/script>\n<!-- \/ Yoast SEO plugin. -->","yoast_head_json":{"title":"EL BANCO CENTRAL NO SUBE LA TASA DE PLAZOS FIJOS PESE A LA DISPARADA DE LA INFLACI\u00d3N - Apuntes de San Luis","robots":{"index":"index","follow":"follow","max-snippet":"max-snippet:-1","max-image-preview":"max-image-preview:large","max-video-preview":"max-video-preview:-1"},"canonical":"https:\/\/apuntesdesanluis.com\/index.php\/2023\/09\/14\/el-banco-central-no-sube-la-tasa-de-plazos-fijos-pese-a-la-disparada-de-la-inflacion\/","og_locale":"es_ES","og_type":"article","og_title":"EL BANCO CENTRAL NO SUBE LA TASA DE PLAZOS FIJOS PESE A LA DISPARADA DE LA INFLACI\u00d3N - Apuntes de San Luis","og_description":"El Banco Central (BCRA) decidi\u00f3 mantener sin cambios la tasa de pol\u00edtica monetaria en 118%...","og_url":"https:\/\/apuntesdesanluis.com\/index.php\/2023\/09\/14\/el-banco-central-no-sube-la-tasa-de-plazos-fijos-pese-a-la-disparada-de-la-inflacion\/","og_site_name":"Apuntes de San Luis","article_published_time":"2023-09-14T20:55:47+00:00","og_image":[{"width":600,"height":418,"url":"https:\/\/apuntesdesanluis.com\/wp-content\/uploads\/2023\/07\/banco-central.png","type":"image\/png"}],"author":"apuntesdesanluis.com","twitter_card":"summary_large_image","twitter_misc":{"Escrito por":"apuntesdesanluis.com","Tiempo de lectura":"3 minutos"},"schema":{"@context":"https:\/\/schema.org","@graph":[{"@type":"Article","@id":"https:\/\/apuntesdesanluis.com\/index.php\/2023\/09\/14\/el-banco-central-no-sube-la-tasa-de-plazos-fijos-pese-a-la-disparada-de-la-inflacion\/#article","isPartOf":{"@id":"https:\/\/apuntesdesanluis.com\/index.php\/2023\/09\/14\/el-banco-central-no-sube-la-tasa-de-plazos-fijos-pese-a-la-disparada-de-la-inflacion\/"},"author":{"name":"apuntesdesanluis.com","@id":"https:\/\/apuntesdesanluis.com\/#\/schema\/person\/b55151d52296fcce64d1a72538a70b90"},"headline":"EL BANCO CENTRAL NO SUBE LA TASA DE PLAZOS FIJOS PESE A LA DISPARADA DE LA INFLACI\u00d3N","datePublished":"2023-09-14T20:55:47+00:00","mainEntityOfPage":{"@id":"https:\/\/apuntesdesanluis.com\/index.php\/2023\/09\/14\/el-banco-central-no-sube-la-tasa-de-plazos-fijos-pese-a-la-disparada-de-la-inflacion\/"},"wordCount":634,"publisher":{"@id":"https:\/\/apuntesdesanluis.com\/#\/schema\/person\/b55151d52296fcce64d1a72538a70b90"},"image":{"@id":"https:\/\/apuntesdesanluis.com\/index.php\/2023\/09\/14\/el-banco-central-no-sube-la-tasa-de-plazos-fijos-pese-a-la-disparada-de-la-inflacion\/#primaryimage"},"thumbnailUrl":"https:\/\/apuntesdesanluis.com\/wp-content\/uploads\/2023\/07\/banco-central.png","articleSection":["Nacionales\/Internacionales"],"inLanguage":"es-AR"},{"@type":"WebPage","@id":"https:\/\/apuntesdesanluis.com\/index.php\/2023\/09\/14\/el-banco-central-no-sube-la-tasa-de-plazos-fijos-pese-a-la-disparada-de-la-inflacion\/","url":"https:\/\/apuntesdesanluis.com\/index.php\/2023\/09\/14\/el-banco-central-no-sube-la-tasa-de-plazos-fijos-pese-a-la-disparada-de-la-inflacion\/","name":"EL BANCO CENTRAL NO SUBE LA TASA DE PLAZOS FIJOS PESE A LA DISPARADA DE LA INFLACI\u00d3N - Apuntes de San Luis","isPartOf":{"@id":"https:\/\/apuntesdesanluis.com\/#website"},"primaryImageOfPage":{"@id":"https:\/\/apuntesdesanluis.com\/index.php\/2023\/09\/14\/el-banco-central-no-sube-la-tasa-de-plazos-fijos-pese-a-la-disparada-de-la-inflacion\/#primaryimage"},"image":{"@id":"https:\/\/apuntesdesanluis.com\/index.php\/2023\/09\/14\/el-banco-central-no-sube-la-tasa-de-plazos-fijos-pese-a-la-disparada-de-la-inflacion\/#primaryimage"},"thumbnailUrl":"https:\/\/apuntesdesanluis.com\/wp-content\/uploads\/2023\/07\/banco-central.png","datePublished":"2023-09-14T20:55:47+00:00","breadcrumb":{"@id":"https:\/\/apuntesdesanluis.com\/index.php\/2023\/09\/14\/el-banco-central-no-sube-la-tasa-de-plazos-fijos-pese-a-la-disparada-de-la-inflacion\/#breadcrumb"},"inLanguage":"es-AR","potentialAction":[{"@type":"ReadAction","target":["https:\/\/apuntesdesanluis.com\/index.php\/2023\/09\/14\/el-banco-central-no-sube-la-tasa-de-plazos-fijos-pese-a-la-disparada-de-la-inflacion\/"]}]},{"@type":"ImageObject","inLanguage":"es-AR","@id":"https:\/\/apuntesdesanluis.com\/index.php\/2023\/09\/14\/el-banco-central-no-sube-la-tasa-de-plazos-fijos-pese-a-la-disparada-de-la-inflacion\/#primaryimage","url":"https:\/\/apuntesdesanluis.com\/wp-content\/uploads\/2023\/07\/banco-central.png","contentUrl":"https:\/\/apuntesdesanluis.com\/wp-content\/uploads\/2023\/07\/banco-central.png","width":600,"height":418},{"@type":"BreadcrumbList","@id":"https:\/\/apuntesdesanluis.com\/index.php\/2023\/09\/14\/el-banco-central-no-sube-la-tasa-de-plazos-fijos-pese-a-la-disparada-de-la-inflacion\/#breadcrumb","itemListElement":[{"@type":"ListItem","position":1,"name":"Inicio","item":"https:\/\/apuntesdesanluis.com\/"},{"@type":"ListItem","position":2,"name":"EL BANCO CENTRAL NO SUBE LA TASA DE PLAZOS FIJOS PESE A LA DISPARADA DE LA INFLACI\u00d3N"}]},{"@type":"WebSite","@id":"https:\/\/apuntesdesanluis.com\/#website","url":"https:\/\/apuntesdesanluis.com\/","name":"Apuntes de San Luis","description":"","publisher":{"@id":"https:\/\/apuntesdesanluis.com\/#\/schema\/person\/b55151d52296fcce64d1a72538a70b90"},"potentialAction":[{"@type":"SearchAction","target":{"@type":"EntryPoint","urlTemplate":"https:\/\/apuntesdesanluis.com\/?s={search_term_string}"},"query-input":{"@type":"PropertyValueSpecification","valueRequired":true,"valueName":"search_term_string"}}],"inLanguage":"es-AR"},{"@type":["Person","Organization"],"@id":"https:\/\/apuntesdesanluis.com\/#\/schema\/person\/b55151d52296fcce64d1a72538a70b90","name":"apuntesdesanluis.com","image":{"@type":"ImageObject","inLanguage":"es-AR","@id":"https:\/\/apuntesdesanluis.com\/#\/schema\/person\/image\/","url":"https:\/\/apuntesdesanluis.com\/wp-content\/uploads\/2023\/07\/cropped-apuntesdesanluis.png","contentUrl":"https:\/\/apuntesdesanluis.com\/wp-content\/uploads\/2023\/07\/cropped-apuntesdesanluis.png","width":450,"height":112,"caption":"apuntesdesanluis.com"},"logo":{"@id":"https:\/\/apuntesdesanluis.com\/#\/schema\/person\/image\/"},"sameAs":["https:\/\/apuntesdesanluis.com"],"url":"https:\/\/apuntesdesanluis.com\/index.php\/author\/apuntesdesanluis-com\/"}]}},"featured_image_urls":{"full":["https:\/\/apuntesdesanluis.com\/wp-content\/uploads\/2023\/07\/banco-central.png",600,418,false],"thumbnail":["https:\/\/apuntesdesanluis.com\/wp-content\/uploads\/2023\/07\/banco-central-150x150.png",150,150,true],"medium":["https:\/\/apuntesdesanluis.com\/wp-content\/uploads\/2023\/07\/banco-central-300x209.png",300,209,true],"medium_large":["https:\/\/apuntesdesanluis.com\/wp-content\/uploads\/2023\/07\/banco-central.png",600,418,false],"large":["https:\/\/apuntesdesanluis.com\/wp-content\/uploads\/2023\/07\/banco-central.png",600,418,false],"1536x1536":["https:\/\/apuntesdesanluis.com\/wp-content\/uploads\/2023\/07\/banco-central.png",600,418,false],"2048x2048":["https:\/\/apuntesdesanluis.com\/wp-content\/uploads\/2023\/07\/banco-central.png",600,418,false],"newsever-slider-full":["https:\/\/apuntesdesanluis.com\/wp-content\/uploads\/2023\/07\/banco-central.png",600,418,false],"newsever-featured":["https:\/\/apuntesdesanluis.com\/wp-content\/uploads\/2023\/07\/banco-central.png",600,418,false],"newsever-medium":["https:\/\/apuntesdesanluis.com\/wp-content\/uploads\/2023\/07\/banco-central.png",600,418,false]},"author_info":{"display_name":"apuntesdesanluis.com","author_link":"https:\/\/apuntesdesanluis.com\/index.php\/author\/apuntesdesanluis-com\/"},"category_info":"<a href=\"https:\/\/apuntesdesanluis.com\/index.php\/category\/nacionales-internacionales\/\" rel=\"category tag\">Nacionales\/Internacionales<\/a>","tag_info":"Nacionales\/Internacionales","comment_count":"0","_links":{"self":[{"href":"https:\/\/apuntesdesanluis.com\/index.php\/wp-json\/wp\/v2\/posts\/3311","targetHints":{"allow":["GET"]}}],"collection":[{"href":"https:\/\/apuntesdesanluis.com\/index.php\/wp-json\/wp\/v2\/posts"}],"about":[{"href":"https:\/\/apuntesdesanluis.com\/index.php\/wp-json\/wp\/v2\/types\/post"}],"author":[{"embeddable":true,"href":"https:\/\/apuntesdesanluis.com\/index.php\/wp-json\/wp\/v2\/users\/1"}],"replies":[{"embeddable":true,"href":"https:\/\/apuntesdesanluis.com\/index.php\/wp-json\/wp\/v2\/comments?post=3311"}],"version-history":[{"count":1,"href":"https:\/\/apuntesdesanluis.com\/index.php\/wp-json\/wp\/v2\/posts\/3311\/revisions"}],"predecessor-version":[{"id":3312,"href":"https:\/\/apuntesdesanluis.com\/index.php\/wp-json\/wp\/v2\/posts\/3311\/revisions\/3312"}],"wp:featuredmedia":[{"embeddable":true,"href":"https:\/\/apuntesdesanluis.com\/index.php\/wp-json\/wp\/v2\/media\/628"}],"wp:attachment":[{"href":"https:\/\/apuntesdesanluis.com\/index.php\/wp-json\/wp\/v2\/media?parent=3311"}],"wp:term":[{"taxonomy":"category","embeddable":true,"href":"https:\/\/apuntesdesanluis.com\/index.php\/wp-json\/wp\/v2\/categories?post=3311"},{"taxonomy":"post_tag","embeddable":true,"href":"https:\/\/apuntesdesanluis.com\/index.php\/wp-json\/wp\/v2\/tags?post=3311"}],"curies":[{"name":"wp","href":"https:\/\/api.w.org\/{rel}","templated":true}]}}