{"id":3320,"date":"2023-09-14T20:24:39","date_gmt":"2023-09-14T23:24:39","guid":{"rendered":"https:\/\/apuntesdesanluis.com\/?p=3320"},"modified":"2023-09-14T20:24:39","modified_gmt":"2023-09-14T23:24:39","slug":"la-saco-barata-2-anos-y-6-meses-de-prision-en-suspenso-a-francis-freixes-por-homicidio-culposo","status":"publish","type":"post","link":"https:\/\/apuntesdesanluis.com\/index.php\/2023\/09\/14\/la-saco-barata-2-anos-y-6-meses-de-prision-en-suspenso-a-francis-freixes-por-homicidio-culposo\/","title":{"rendered":"LA SAC\u00d3 BARATA: 2 A\u00d1OS Y 6 MESES DE PRISI\u00d3N EN SUSPENSO A FRANCIS FREIXES, POR HOMICIDIO CULPOSO"},"content":{"rendered":"<h3>El tribunal integrado por las Dras. Sandra Ehrlich y Virna Eguinoa y por el Dr. Sebasti\u00e1n Cadelago Filippi dio a conocer este jueves el veredicto en la causa donde se investig\u00f3 el accidente de tr\u00e1nsito en el que perdi\u00f3 la vida <strong>Domingo Hugo Barroso<\/strong>. <strong>Francis Emmanuel Freixes<\/strong> fue declarado autor penalmente responsable del delito de homicidio culposo en los t\u00e9rminos del Art. 84 bis, primer p\u00e1rrafo y 45 del C\u00f3digo Penal Argentino.<\/h3>\n<h3>Este jueves al mediod\u00eda el Dr. Jos\u00e9 Dom\u00ednguez Molto, secretario en la Oficina Judicial del Colegio de Jueces en lo Penal de la Segunda Circunscripci\u00f3n Judicial ley\u00f3 el veredicto N\u00ba 22, firmado por las Dras. Ehrlich y Eguinoa y por el Dr. Cadelago Filippi, con el cual se resolvi\u00f3:<\/h3>\n<h3>Declarar a Francis Emmanuel Freixes autor penalmente responsable del delito de homicidio culposo previsto y penado por el Art. 84 bis, primer p\u00e1rrafo, en relaci\u00f3n al Art. 45 del C\u00f3digo Penal Argentino en perjuicio de quien en vida se llamara Domingo Hugo Barroso y condenarlo a sufrir la pena de dos a\u00f1os y seis meses de prisi\u00f3n en suspenso y cinco a\u00f1os de inhabilitaci\u00f3n especial para conducir veh\u00edculos automotores, accesorias legales y costas procesales.<\/h3>\n<h3>Durante el tiempo de condena, Freixes deber\u00e1 cumplir las siguientes normas de conducta: fijar residencia y dar aviso en un lapso no mayor a 5 d\u00edas, hacer entrega del carnet de conducir, todo esto ante el Juzgado de Ejecuci\u00f3n en lo Penal; someterse a cursos o talleres de capacitaci\u00f3n y\/o concientizaci\u00f3n de reglas de conducci\u00f3n de veh\u00edculos automotores a cargo del\u00a0 imputado en las condiciones que establezca el Juzgado de Ejecuci\u00f3n en lo Penal.<\/h3>\n<h3>Con la lectura del veredicto, se advirti\u00f3 al condenado que, si no cumpliera con alguna de las reglas fijadas, el tribunal podr\u00e1 disponer que no se compute como plazo de cumplimiento todo o parte\u00a0 del tiempo transcurrido hasta ese momento. Si el condenado persistiera o reiterase el incumplimiento o si cometiera un nuevo delito, el tribunal podr\u00e1 revocar la condicionalidad de la condena.<\/h3>\n<h3>Cabe recordar que en esta causa Francis Emmanuel Freixes fue juzgado por un hecho ocurrido el 24 de octubre del 2019 en la ruta nacional N\u00ba 188, donde se produjo un accidente de tr\u00e1nsito que\u00a0 caus\u00f3 la muerte del se\u00f1or Domingo Hugo Barroso.<\/h3>\n<h3>Seg\u00fan la acusaci\u00f3n fiscal oportunamente efectuada,\u00a0 Freixes y la v\u00edctima circulaban en el mismo sentido por la ruta N\u00ba 188. El acusado lo hac\u00eda a bordo de una camioneta Toyota Hilux, mientras que Barroso se dirig\u00eda a su lugar de trabajo en una motocicleta. De acuerdo a lo relatado por la fiscal de primera instancia, Barroso fue embestido por el acusado y falleci\u00f3 por el impacto, como consecuencia de las lesiones recibidas tras el siniestro.<\/h3>\n<h3><strong>ETAPA DE ALEGATOS<\/strong><\/h3>\n<h3>Durante la ma\u00f1ana de este jueves, se desarroll\u00f3 la etapa de alegatos.<\/h3>\n<h3>En primer lugar, los Dres. Ricardo Bazla y Lucio Pereira en representaci\u00f3n del particular damnificado, recordaron las circunstancias en las que se produjo el hecho, ratificaron la acusaci\u00f3n fiscal oportunamente realizada\u00a0 y solicitaron como pena cinco a\u00f1os de prisi\u00f3n y ocho a\u00f1os de inhabilitaci\u00f3n especial para conducir.<\/h3>\n<h3>El Dr. Bazla destac\u00f3 la conducta negligente e imprudente del acusado, quien conduc\u00eda sin estar descansado despu\u00e9s de haber estado de caza con amigos, explic\u00f3.\u00a0 Mencion\u00f3 el estado opaco de las \u00f3pticas de la camioneta que conduc\u00eda Freixes. Explic\u00f3 que, desde la hora en que se produjo el impacto hasta el deceso de Barroso existi\u00f3 una \u201cventana de tiempo\u201d y pidi\u00f3 que se investigue la conducta desplegada por los acompa\u00f1antes del conductor.<\/h3>\n<h3>A continuaci\u00f3n el Dr.\u00a0 Lucero explic\u00f3 que, desde su punto de vista, no se produjo abandono de persona. Solicit\u00f3 se encuadre al hecho como un homicidio culposo en los t\u00e9rminos del Art. 84 del C\u00f3digo Penal Argentino, p\u00e1rrafo primero, y pidi\u00f3 se lo condene a la pena de 5 a\u00f1os de prisi\u00f3n y ocho a\u00f1os de inhabilitaci\u00f3n especial para conducir. Mencion\u00f3 como atenuantes la falta de antecedentes condenatorios y como agravantes el da\u00f1o causado y la conducta asumida con posterioridad al hecho.<\/h3>\n<h3>Por su parte, los Dres. Pascual Celdr\u00e1n y Hugo Scarso pidieron la absoluci\u00f3n de su defendido. Aseguraron que la v\u00edctima asumi\u00f3 una conducta riesgosa al conducir un ciclomotor por una ruta. \u201cNo ten\u00eda que circular por ah\u00ed\u201d, dijo el Dr. Celdr\u00e1n. Aseguraron que Freixes circulaba en perfecto estado y a una velocidad permitida y que una vez ocurrido el hecho, se puso a disposici\u00f3n de la autoridad policial.<\/h3>\n<h3>Por \u00faltimo, cedida la palabra al acusado, se declar\u00f3 inocente.<\/h3>\n<p><strong>\u00a0<\/strong><\/p>\n<p><strong>\u00a0<\/strong><\/p>\n<p>&nbsp;<\/p>\n<p>&nbsp;<\/p>\n<p>&nbsp;<\/p>\n","protected":false},"excerpt":{"rendered":"<p>El tribunal integrado por las Dras. Sandra Ehrlich y Virna Eguinoa y por el Dr&#8230;.<\/p>\n","protected":false},"author":1,"featured_media":3321,"comment_status":"closed","ping_status":"closed","sticky":false,"template":"","format":"standard","meta":{"footnotes":""},"categories":[6],"tags":[],"class_list":["post-3320","post","type-post","status-publish","format-standard","has-post-thumbnail","hentry","category-ciudad-provincia"],"yoast_head":"<!-- This site is optimized with the Yoast SEO plugin v26.1.1 - https:\/\/yoast.com\/wordpress\/plugins\/seo\/ -->\n<title>LA SAC\u00d3 BARATA: 2 A\u00d1OS Y 6 MESES DE PRISI\u00d3N EN SUSPENSO A FRANCIS FREIXES, POR HOMICIDIO CULPOSO - Apuntes de San Luis<\/title>\n<meta name=\"robots\" content=\"index, follow, max-snippet:-1, max-image-preview:large, max-video-preview:-1\" \/>\n<link rel=\"canonical\" href=\"https:\/\/apuntesdesanluis.com\/index.php\/2023\/09\/14\/la-saco-barata-2-anos-y-6-meses-de-prision-en-suspenso-a-francis-freixes-por-homicidio-culposo\/\" \/>\n<meta property=\"og:locale\" content=\"es_ES\" \/>\n<meta property=\"og:type\" content=\"article\" \/>\n<meta property=\"og:title\" content=\"LA SAC\u00d3 BARATA: 2 A\u00d1OS Y 6 MESES DE PRISI\u00d3N EN SUSPENSO A FRANCIS FREIXES, POR HOMICIDIO CULPOSO - Apuntes de San Luis\" \/>\n<meta property=\"og:description\" content=\"El tribunal integrado por las Dras. Sandra Ehrlich y Virna Eguinoa y por el Dr....\" \/>\n<meta property=\"og:url\" content=\"https:\/\/apuntesdesanluis.com\/index.php\/2023\/09\/14\/la-saco-barata-2-anos-y-6-meses-de-prision-en-suspenso-a-francis-freixes-por-homicidio-culposo\/\" \/>\n<meta property=\"og:site_name\" content=\"Apuntes de San Luis\" \/>\n<meta property=\"article:published_time\" content=\"2023-09-14T23:24:39+00:00\" \/>\n<meta property=\"og:image\" content=\"https:\/\/apuntesdesanluis.com\/wp-content\/uploads\/2023\/09\/homicidio-freixes.png\" \/>\n\t<meta property=\"og:image:width\" content=\"600\" \/>\n\t<meta property=\"og:image:height\" content=\"317\" \/>\n\t<meta property=\"og:image:type\" content=\"image\/png\" \/>\n<meta name=\"author\" content=\"apuntesdesanluis.com\" \/>\n<meta name=\"twitter:card\" content=\"summary_large_image\" \/>\n<meta name=\"twitter:label1\" content=\"Escrito por\" \/>\n\t<meta name=\"twitter:data1\" content=\"apuntesdesanluis.com\" \/>\n\t<meta name=\"twitter:label2\" content=\"Tiempo de lectura\" \/>\n\t<meta name=\"twitter:data2\" content=\"4 minutos\" \/>\n<script type=\"application\/ld+json\" class=\"yoast-schema-graph\">{\"@context\":\"https:\/\/schema.org\",\"@graph\":[{\"@type\":\"Article\",\"@id\":\"https:\/\/apuntesdesanluis.com\/index.php\/2023\/09\/14\/la-saco-barata-2-anos-y-6-meses-de-prision-en-suspenso-a-francis-freixes-por-homicidio-culposo\/#article\",\"isPartOf\":{\"@id\":\"https:\/\/apuntesdesanluis.com\/index.php\/2023\/09\/14\/la-saco-barata-2-anos-y-6-meses-de-prision-en-suspenso-a-francis-freixes-por-homicidio-culposo\/\"},\"author\":{\"name\":\"apuntesdesanluis.com\",\"@id\":\"https:\/\/apuntesdesanluis.com\/#\/schema\/person\/b55151d52296fcce64d1a72538a70b90\"},\"headline\":\"LA SAC\u00d3 BARATA: 2 A\u00d1OS Y 6 MESES DE PRISI\u00d3N EN SUSPENSO A FRANCIS FREIXES, POR HOMICIDIO CULPOSO\",\"datePublished\":\"2023-09-14T23:24:39+00:00\",\"mainEntityOfPage\":{\"@id\":\"https:\/\/apuntesdesanluis.com\/index.php\/2023\/09\/14\/la-saco-barata-2-anos-y-6-meses-de-prision-en-suspenso-a-francis-freixes-por-homicidio-culposo\/\"},\"wordCount\":810,\"publisher\":{\"@id\":\"https:\/\/apuntesdesanluis.com\/#\/schema\/person\/b55151d52296fcce64d1a72538a70b90\"},\"image\":{\"@id\":\"https:\/\/apuntesdesanluis.com\/index.php\/2023\/09\/14\/la-saco-barata-2-anos-y-6-meses-de-prision-en-suspenso-a-francis-freixes-por-homicidio-culposo\/#primaryimage\"},\"thumbnailUrl\":\"https:\/\/apuntesdesanluis.com\/wp-content\/uploads\/2023\/09\/homicidio-freixes.png\",\"articleSection\":[\"Ciudad\/Provincia\"],\"inLanguage\":\"es-AR\"},{\"@type\":\"WebPage\",\"@id\":\"https:\/\/apuntesdesanluis.com\/index.php\/2023\/09\/14\/la-saco-barata-2-anos-y-6-meses-de-prision-en-suspenso-a-francis-freixes-por-homicidio-culposo\/\",\"url\":\"https:\/\/apuntesdesanluis.com\/index.php\/2023\/09\/14\/la-saco-barata-2-anos-y-6-meses-de-prision-en-suspenso-a-francis-freixes-por-homicidio-culposo\/\",\"name\":\"LA SAC\u00d3 BARATA: 2 A\u00d1OS Y 6 MESES DE PRISI\u00d3N EN SUSPENSO A FRANCIS FREIXES, POR HOMICIDIO CULPOSO - Apuntes de San Luis\",\"isPartOf\":{\"@id\":\"https:\/\/apuntesdesanluis.com\/#website\"},\"primaryImageOfPage\":{\"@id\":\"https:\/\/apuntesdesanluis.com\/index.php\/2023\/09\/14\/la-saco-barata-2-anos-y-6-meses-de-prision-en-suspenso-a-francis-freixes-por-homicidio-culposo\/#primaryimage\"},\"image\":{\"@id\":\"https:\/\/apuntesdesanluis.com\/index.php\/2023\/09\/14\/la-saco-barata-2-anos-y-6-meses-de-prision-en-suspenso-a-francis-freixes-por-homicidio-culposo\/#primaryimage\"},\"thumbnailUrl\":\"https:\/\/apuntesdesanluis.com\/wp-content\/uploads\/2023\/09\/homicidio-freixes.png\",\"datePublished\":\"2023-09-14T23:24:39+00:00\",\"breadcrumb\":{\"@id\":\"https:\/\/apuntesdesanluis.com\/index.php\/2023\/09\/14\/la-saco-barata-2-anos-y-6-meses-de-prision-en-suspenso-a-francis-freixes-por-homicidio-culposo\/#breadcrumb\"},\"inLanguage\":\"es-AR\",\"potentialAction\":[{\"@type\":\"ReadAction\",\"target\":[\"https:\/\/apuntesdesanluis.com\/index.php\/2023\/09\/14\/la-saco-barata-2-anos-y-6-meses-de-prision-en-suspenso-a-francis-freixes-por-homicidio-culposo\/\"]}]},{\"@type\":\"ImageObject\",\"inLanguage\":\"es-AR\",\"@id\":\"https:\/\/apuntesdesanluis.com\/index.php\/2023\/09\/14\/la-saco-barata-2-anos-y-6-meses-de-prision-en-suspenso-a-francis-freixes-por-homicidio-culposo\/#primaryimage\",\"url\":\"https:\/\/apuntesdesanluis.com\/wp-content\/uploads\/2023\/09\/homicidio-freixes.png\",\"contentUrl\":\"https:\/\/apuntesdesanluis.com\/wp-content\/uploads\/2023\/09\/homicidio-freixes.png\",\"width\":600,\"height\":317},{\"@type\":\"BreadcrumbList\",\"@id\":\"https:\/\/apuntesdesanluis.com\/index.php\/2023\/09\/14\/la-saco-barata-2-anos-y-6-meses-de-prision-en-suspenso-a-francis-freixes-por-homicidio-culposo\/#breadcrumb\",\"itemListElement\":[{\"@type\":\"ListItem\",\"position\":1,\"name\":\"Inicio\",\"item\":\"https:\/\/apuntesdesanluis.com\/\"},{\"@type\":\"ListItem\",\"position\":2,\"name\":\"LA SAC\u00d3 BARATA: 2 A\u00d1OS Y 6 MESES DE PRISI\u00d3N EN SUSPENSO A FRANCIS FREIXES, POR HOMICIDIO CULPOSO\"}]},{\"@type\":\"WebSite\",\"@id\":\"https:\/\/apuntesdesanluis.com\/#website\",\"url\":\"https:\/\/apuntesdesanluis.com\/\",\"name\":\"Apuntes de San Luis\",\"description\":\"\",\"publisher\":{\"@id\":\"https:\/\/apuntesdesanluis.com\/#\/schema\/person\/b55151d52296fcce64d1a72538a70b90\"},\"potentialAction\":[{\"@type\":\"SearchAction\",\"target\":{\"@type\":\"EntryPoint\",\"urlTemplate\":\"https:\/\/apuntesdesanluis.com\/?s={search_term_string}\"},\"query-input\":{\"@type\":\"PropertyValueSpecification\",\"valueRequired\":true,\"valueName\":\"search_term_string\"}}],\"inLanguage\":\"es-AR\"},{\"@type\":[\"Person\",\"Organization\"],\"@id\":\"https:\/\/apuntesdesanluis.com\/#\/schema\/person\/b55151d52296fcce64d1a72538a70b90\",\"name\":\"apuntesdesanluis.com\",\"image\":{\"@type\":\"ImageObject\",\"inLanguage\":\"es-AR\",\"@id\":\"https:\/\/apuntesdesanluis.com\/#\/schema\/person\/image\/\",\"url\":\"https:\/\/apuntesdesanluis.com\/wp-content\/uploads\/2023\/07\/cropped-apuntesdesanluis.png\",\"contentUrl\":\"https:\/\/apuntesdesanluis.com\/wp-content\/uploads\/2023\/07\/cropped-apuntesdesanluis.png\",\"width\":450,\"height\":112,\"caption\":\"apuntesdesanluis.com\"},\"logo\":{\"@id\":\"https:\/\/apuntesdesanluis.com\/#\/schema\/person\/image\/\"},\"sameAs\":[\"https:\/\/apuntesdesanluis.com\"],\"url\":\"https:\/\/apuntesdesanluis.com\/index.php\/author\/apuntesdesanluis-com\/\"}]}<\/script>\n<!-- \/ Yoast SEO plugin. -->","yoast_head_json":{"title":"LA SAC\u00d3 BARATA: 2 A\u00d1OS Y 6 MESES DE PRISI\u00d3N EN SUSPENSO A FRANCIS FREIXES, POR HOMICIDIO CULPOSO - Apuntes de San Luis","robots":{"index":"index","follow":"follow","max-snippet":"max-snippet:-1","max-image-preview":"max-image-preview:large","max-video-preview":"max-video-preview:-1"},"canonical":"https:\/\/apuntesdesanluis.com\/index.php\/2023\/09\/14\/la-saco-barata-2-anos-y-6-meses-de-prision-en-suspenso-a-francis-freixes-por-homicidio-culposo\/","og_locale":"es_ES","og_type":"article","og_title":"LA SAC\u00d3 BARATA: 2 A\u00d1OS Y 6 MESES DE PRISI\u00d3N EN SUSPENSO A FRANCIS FREIXES, POR HOMICIDIO CULPOSO - Apuntes de San Luis","og_description":"El tribunal integrado por las Dras. Sandra Ehrlich y Virna Eguinoa y por el Dr....","og_url":"https:\/\/apuntesdesanluis.com\/index.php\/2023\/09\/14\/la-saco-barata-2-anos-y-6-meses-de-prision-en-suspenso-a-francis-freixes-por-homicidio-culposo\/","og_site_name":"Apuntes de San Luis","article_published_time":"2023-09-14T23:24:39+00:00","og_image":[{"width":600,"height":317,"url":"https:\/\/apuntesdesanluis.com\/wp-content\/uploads\/2023\/09\/homicidio-freixes.png","type":"image\/png"}],"author":"apuntesdesanluis.com","twitter_card":"summary_large_image","twitter_misc":{"Escrito por":"apuntesdesanluis.com","Tiempo de lectura":"4 minutos"},"schema":{"@context":"https:\/\/schema.org","@graph":[{"@type":"Article","@id":"https:\/\/apuntesdesanluis.com\/index.php\/2023\/09\/14\/la-saco-barata-2-anos-y-6-meses-de-prision-en-suspenso-a-francis-freixes-por-homicidio-culposo\/#article","isPartOf":{"@id":"https:\/\/apuntesdesanluis.com\/index.php\/2023\/09\/14\/la-saco-barata-2-anos-y-6-meses-de-prision-en-suspenso-a-francis-freixes-por-homicidio-culposo\/"},"author":{"name":"apuntesdesanluis.com","@id":"https:\/\/apuntesdesanluis.com\/#\/schema\/person\/b55151d52296fcce64d1a72538a70b90"},"headline":"LA SAC\u00d3 BARATA: 2 A\u00d1OS Y 6 MESES DE PRISI\u00d3N EN SUSPENSO A FRANCIS FREIXES, POR HOMICIDIO CULPOSO","datePublished":"2023-09-14T23:24:39+00:00","mainEntityOfPage":{"@id":"https:\/\/apuntesdesanluis.com\/index.php\/2023\/09\/14\/la-saco-barata-2-anos-y-6-meses-de-prision-en-suspenso-a-francis-freixes-por-homicidio-culposo\/"},"wordCount":810,"publisher":{"@id":"https:\/\/apuntesdesanluis.com\/#\/schema\/person\/b55151d52296fcce64d1a72538a70b90"},"image":{"@id":"https:\/\/apuntesdesanluis.com\/index.php\/2023\/09\/14\/la-saco-barata-2-anos-y-6-meses-de-prision-en-suspenso-a-francis-freixes-por-homicidio-culposo\/#primaryimage"},"thumbnailUrl":"https:\/\/apuntesdesanluis.com\/wp-content\/uploads\/2023\/09\/homicidio-freixes.png","articleSection":["Ciudad\/Provincia"],"inLanguage":"es-AR"},{"@type":"WebPage","@id":"https:\/\/apuntesdesanluis.com\/index.php\/2023\/09\/14\/la-saco-barata-2-anos-y-6-meses-de-prision-en-suspenso-a-francis-freixes-por-homicidio-culposo\/","url":"https:\/\/apuntesdesanluis.com\/index.php\/2023\/09\/14\/la-saco-barata-2-anos-y-6-meses-de-prision-en-suspenso-a-francis-freixes-por-homicidio-culposo\/","name":"LA SAC\u00d3 BARATA: 2 A\u00d1OS Y 6 MESES DE PRISI\u00d3N EN SUSPENSO A FRANCIS FREIXES, POR HOMICIDIO CULPOSO - Apuntes de San Luis","isPartOf":{"@id":"https:\/\/apuntesdesanluis.com\/#website"},"primaryImageOfPage":{"@id":"https:\/\/apuntesdesanluis.com\/index.php\/2023\/09\/14\/la-saco-barata-2-anos-y-6-meses-de-prision-en-suspenso-a-francis-freixes-por-homicidio-culposo\/#primaryimage"},"image":{"@id":"https:\/\/apuntesdesanluis.com\/index.php\/2023\/09\/14\/la-saco-barata-2-anos-y-6-meses-de-prision-en-suspenso-a-francis-freixes-por-homicidio-culposo\/#primaryimage"},"thumbnailUrl":"https:\/\/apuntesdesanluis.com\/wp-content\/uploads\/2023\/09\/homicidio-freixes.png","datePublished":"2023-09-14T23:24:39+00:00","breadcrumb":{"@id":"https:\/\/apuntesdesanluis.com\/index.php\/2023\/09\/14\/la-saco-barata-2-anos-y-6-meses-de-prision-en-suspenso-a-francis-freixes-por-homicidio-culposo\/#breadcrumb"},"inLanguage":"es-AR","potentialAction":[{"@type":"ReadAction","target":["https:\/\/apuntesdesanluis.com\/index.php\/2023\/09\/14\/la-saco-barata-2-anos-y-6-meses-de-prision-en-suspenso-a-francis-freixes-por-homicidio-culposo\/"]}]},{"@type":"ImageObject","inLanguage":"es-AR","@id":"https:\/\/apuntesdesanluis.com\/index.php\/2023\/09\/14\/la-saco-barata-2-anos-y-6-meses-de-prision-en-suspenso-a-francis-freixes-por-homicidio-culposo\/#primaryimage","url":"https:\/\/apuntesdesanluis.com\/wp-content\/uploads\/2023\/09\/homicidio-freixes.png","contentUrl":"https:\/\/apuntesdesanluis.com\/wp-content\/uploads\/2023\/09\/homicidio-freixes.png","width":600,"height":317},{"@type":"BreadcrumbList","@id":"https:\/\/apuntesdesanluis.com\/index.php\/2023\/09\/14\/la-saco-barata-2-anos-y-6-meses-de-prision-en-suspenso-a-francis-freixes-por-homicidio-culposo\/#breadcrumb","itemListElement":[{"@type":"ListItem","position":1,"name":"Inicio","item":"https:\/\/apuntesdesanluis.com\/"},{"@type":"ListItem","position":2,"name":"LA SAC\u00d3 BARATA: 2 A\u00d1OS Y 6 MESES DE PRISI\u00d3N EN SUSPENSO A FRANCIS FREIXES, POR HOMICIDIO CULPOSO"}]},{"@type":"WebSite","@id":"https:\/\/apuntesdesanluis.com\/#website","url":"https:\/\/apuntesdesanluis.com\/","name":"Apuntes de San Luis","description":"","publisher":{"@id":"https:\/\/apuntesdesanluis.com\/#\/schema\/person\/b55151d52296fcce64d1a72538a70b90"},"potentialAction":[{"@type":"SearchAction","target":{"@type":"EntryPoint","urlTemplate":"https:\/\/apuntesdesanluis.com\/?s={search_term_string}"},"query-input":{"@type":"PropertyValueSpecification","valueRequired":true,"valueName":"search_term_string"}}],"inLanguage":"es-AR"},{"@type":["Person","Organization"],"@id":"https:\/\/apuntesdesanluis.com\/#\/schema\/person\/b55151d52296fcce64d1a72538a70b90","name":"apuntesdesanluis.com","image":{"@type":"ImageObject","inLanguage":"es-AR","@id":"https:\/\/apuntesdesanluis.com\/#\/schema\/person\/image\/","url":"https:\/\/apuntesdesanluis.com\/wp-content\/uploads\/2023\/07\/cropped-apuntesdesanluis.png","contentUrl":"https:\/\/apuntesdesanluis.com\/wp-content\/uploads\/2023\/07\/cropped-apuntesdesanluis.png","width":450,"height":112,"caption":"apuntesdesanluis.com"},"logo":{"@id":"https:\/\/apuntesdesanluis.com\/#\/schema\/person\/image\/"},"sameAs":["https:\/\/apuntesdesanluis.com"],"url":"https:\/\/apuntesdesanluis.com\/index.php\/author\/apuntesdesanluis-com\/"}]}},"featured_image_urls":{"full":["https:\/\/apuntesdesanluis.com\/wp-content\/uploads\/2023\/09\/homicidio-freixes.png",600,317,false],"thumbnail":["https:\/\/apuntesdesanluis.com\/wp-content\/uploads\/2023\/09\/homicidio-freixes-150x150.png",150,150,true],"medium":["https:\/\/apuntesdesanluis.com\/wp-content\/uploads\/2023\/09\/homicidio-freixes-300x159.png",300,159,true],"medium_large":["https:\/\/apuntesdesanluis.com\/wp-content\/uploads\/2023\/09\/homicidio-freixes.png",600,317,false],"large":["https:\/\/apuntesdesanluis.com\/wp-content\/uploads\/2023\/09\/homicidio-freixes.png",600,317,false],"1536x1536":["https:\/\/apuntesdesanluis.com\/wp-content\/uploads\/2023\/09\/homicidio-freixes.png",600,317,false],"2048x2048":["https:\/\/apuntesdesanluis.com\/wp-content\/uploads\/2023\/09\/homicidio-freixes.png",600,317,false],"newsever-slider-full":["https:\/\/apuntesdesanluis.com\/wp-content\/uploads\/2023\/09\/homicidio-freixes.png",600,317,false],"newsever-featured":["https:\/\/apuntesdesanluis.com\/wp-content\/uploads\/2023\/09\/homicidio-freixes.png",600,317,false],"newsever-medium":["https:\/\/apuntesdesanluis.com\/wp-content\/uploads\/2023\/09\/homicidio-freixes.png",600,317,false]},"author_info":{"display_name":"apuntesdesanluis.com","author_link":"https:\/\/apuntesdesanluis.com\/index.php\/author\/apuntesdesanluis-com\/"},"category_info":"<a href=\"https:\/\/apuntesdesanluis.com\/index.php\/category\/ciudad-provincia\/\" rel=\"category tag\">Ciudad\/Provincia<\/a>","tag_info":"Ciudad\/Provincia","comment_count":"0","_links":{"self":[{"href":"https:\/\/apuntesdesanluis.com\/index.php\/wp-json\/wp\/v2\/posts\/3320","targetHints":{"allow":["GET"]}}],"collection":[{"href":"https:\/\/apuntesdesanluis.com\/index.php\/wp-json\/wp\/v2\/posts"}],"about":[{"href":"https:\/\/apuntesdesanluis.com\/index.php\/wp-json\/wp\/v2\/types\/post"}],"author":[{"embeddable":true,"href":"https:\/\/apuntesdesanluis.com\/index.php\/wp-json\/wp\/v2\/users\/1"}],"replies":[{"embeddable":true,"href":"https:\/\/apuntesdesanluis.com\/index.php\/wp-json\/wp\/v2\/comments?post=3320"}],"version-history":[{"count":1,"href":"https:\/\/apuntesdesanluis.com\/index.php\/wp-json\/wp\/v2\/posts\/3320\/revisions"}],"predecessor-version":[{"id":3322,"href":"https:\/\/apuntesdesanluis.com\/index.php\/wp-json\/wp\/v2\/posts\/3320\/revisions\/3322"}],"wp:featuredmedia":[{"embeddable":true,"href":"https:\/\/apuntesdesanluis.com\/index.php\/wp-json\/wp\/v2\/media\/3321"}],"wp:attachment":[{"href":"https:\/\/apuntesdesanluis.com\/index.php\/wp-json\/wp\/v2\/media?parent=3320"}],"wp:term":[{"taxonomy":"category","embeddable":true,"href":"https:\/\/apuntesdesanluis.com\/index.php\/wp-json\/wp\/v2\/categories?post=3320"},{"taxonomy":"post_tag","embeddable":true,"href":"https:\/\/apuntesdesanluis.com\/index.php\/wp-json\/wp\/v2\/tags?post=3320"}],"curies":[{"name":"wp","href":"https:\/\/api.w.org\/{rel}","templated":true}]}}