{"id":3323,"date":"2023-09-14T21:14:34","date_gmt":"2023-09-15T00:14:34","guid":{"rendered":"https:\/\/apuntesdesanluis.com\/?p=3323"},"modified":"2023-09-14T21:14:34","modified_gmt":"2023-09-15T00:14:34","slug":"caso-mafalda-sanchez-prision-preventiva-para-uno-de-los-imputados-y-liberacion-de-rivarola","status":"publish","type":"post","link":"https:\/\/apuntesdesanluis.com\/index.php\/2023\/09\/14\/caso-mafalda-sanchez-prision-preventiva-para-uno-de-los-imputados-y-liberacion-de-rivarola\/","title":{"rendered":"CASO MAFALDA SANCHEZ: PRISI\u00d3N PREVENTIVA PARA UNO DE LOS IMPUTADOS Y LIBERACI\u00d3N DE RIVAROLA"},"content":{"rendered":"<h3>La audiencia se desarroll\u00f3 en el Juzgado de Garant\u00eda N\u00ba 4 de la Segunda Circunscripci\u00f3n Judicial. Ambos quedaron imputados por homicidio en ocasi\u00f3n de robo.<\/h3>\n<h3>Este jueves se venci\u00f3 la pr\u00f3rroga de detenci\u00f3n para los dos imputados por el homicidio de <strong>Mafalda S\u00e1nchez<\/strong> ocurrido el pasado 4 de septiembre en el Barrio La Rioja de Villa Mercedes. En esta ocasi\u00f3n ambos prestaron declaraci\u00f3n, relataron lo realizado el d\u00eda del hecho y respondieron preguntas de las partes.<\/h3>\n<h3>Seg\u00fan el relato de Fiscal\u00eda, el pasado 4 de septiembre entre las 12:15 y 12:30, aproximadamente, dos personas ingresaron \u2013por calle Chacabuco-\u00a0 al primer m\u00f3dulo del complejo habitacional del B\u00ba La Rioja. Una vez all\u00ed procedieron a cortar un cable de un tablero el\u00e9ctrico y dejaron sin luz el departamento de la v\u00edctima. Posteriormente uno de ellos ingres\u00f3 al inmueble sin forzar la puerta, recorri\u00f3 todos los ambientes y procedi\u00f3 a violentar a la se\u00f1ora mientras que el otro hombre se qued\u00f3 esperando en el hall. Luego se retiraron del lugar con un elemento que funcionaba como alcanc\u00eda. Ambos aparentaban ser personal de la empresa el\u00e9ctrica, dijo.<\/h3>\n<h3>Cabe mencionar que el mi\u00e9rcoles 6 de septiembre pasado se allanaron las viviendas de dos hombres, lo cuales fueron imputados por homicidio en ocasi\u00f3n de robo (previsto y penado en el art. 165 del C\u00f3digo Penal) en calidad de co-autores (art. 45 C.P).<\/h3>\n<h3>La audiencia se desarroll\u00f3 en el Juzgado de Garant\u00eda N\u00ba 4 de la Segunda Circunscripci\u00f3n Judicial a cargo del Dr. Santiago Ortiz, como secretarias intervinieron las Dras. Nadia Segura y Daniela L\u00f3pez Martin.<\/h3>\n<h3>En representaci\u00f3n de la defensa intervinieron el Dr. Hern\u00e1n Herrera y la Dra. Ximena Bertoldi. En esta oportunidad, la defensa \u2013en su extenso alegato- solicit\u00f3 que no se tengan por formulados los cargos a sus asistidos ya que no existen elementos para acreditar la intervenci\u00f3n activa de ambos en el hecho, que no han sido secuestrados elementos de inter\u00e9s para la causa, asimismo argumentaron, en relaci\u00f3n a la calificaci\u00f3n legal, que no est\u00e1 demostrado el extremo para aplicar dicha figura.<\/h3>\n<h3>Adem\u00e1s expusieron, entre otras cuestiones, que no existi\u00f3 una conexi\u00f3n entre las lesiones que constan en el informe m\u00e9dico legal y la causa de la muerte.<\/h3>\n<h3>Por otro lado, los representantes del Ministerio P\u00fablico Fiscal \u2013Dres. Maximiliano Bazla, Gast\u00f3n Yllera y Gisela Milstein- ratificaron la formulaci\u00f3n de cargos por considerar que existen elementos de convicci\u00f3n suficientes para sostener la calificaci\u00f3n legal.<\/h3>\n<p><img fetchpriority=\"high\" decoding=\"async\" class=\"wp-image-3325 aligncenter\" src=\"https:\/\/apuntesdesanluis.com\/wp-content\/uploads\/2023\/09\/fiscales-1-300x159.png\" alt=\"\" width=\"700\" height=\"371\" srcset=\"https:\/\/apuntesdesanluis.com\/wp-content\/uploads\/2023\/09\/fiscales-1-300x159.png 300w, https:\/\/apuntesdesanluis.com\/wp-content\/uploads\/2023\/09\/fiscales-1.png 600w\" sizes=\"(max-width: 700px) 100vw, 700px\" \/><\/p>\n<h3>En relaci\u00f3n a uno de los imputados, el Dr. Bazla dijo que no iba a solicitar ninguna medida de coerci\u00f3n personal ya que no se ha llegado a la certeza para sustentar la participaci\u00f3n pero que si se deb\u00eda sostener la calificaci\u00f3n legal porque es un sujeto de inter\u00e9s para la investigaci\u00f3n del hecho.<\/h3>\n<h3>Con respecto al otro imputado, tambi\u00e9n ratific\u00f3 la calificaci\u00f3n legal y solicit\u00f3 la prisi\u00f3n preventiva por el t\u00e9rmino de cuatro meses. Describi\u00f3 el hecho y expres\u00f3 que de acuerdo al an\u00e1lisis de las declaraciones y otras evidencias, hubo una co participaci\u00f3n para consumar el hecho.<\/h3>\n<h3>Por su parte, el representante del particular damnificado, Dr. Emiliano Vera adhiri\u00f3 a lo solicitado por el Ministerio P\u00fablico Fiscal y consider\u00f3 que es una medida adecuada. que existe riesgo procesal, obstaculizaci\u00f3n de la investigaci\u00f3n, antecedentes, etc. Y dijo que el t\u00e9rmino de cuatro meses es razonable ya que resta incorporar evidencia, entre ellas, reproducci\u00f3n de material f\u00edlmico, examen patol\u00f3gico, informe de delitos complejos, etc.<\/h3>\n<h3>Luego de un cuarto intermedio, el Dr. Santiago Ortiz resolvi\u00f3:<\/h3>\n<h3>Atento a la provisoriedad de la imputaci\u00f3n endilgada y conforme a los elementos vertidos en ambas audiencias y la existencia de indicios para sostener la calificaci\u00f3n penal, ratificar los cargos \u2013de manera provisoria- para ambos hombres por el delito de homicidio en ocasi\u00f3n de robo (previsto y penado en el art. 165 del C\u00f3digo Penal) en calidad de co-autores (art. 45 C.P).<\/h3>\n<h3>Ordenar la prisi\u00f3n preventiva por el t\u00e9rmino de cuatro meses para G.A.P y el traslado al Servicio Penitenciario Provincial.<\/h3>\n<h3>Ordenar la inmediata libertad de Jorge Daniel Rivarola, sin perjuicio de quedar sujeto al proceso.<\/h3>\n<h3>En el siguiente video podr\u00e1 acceder a la resoluci\u00f3n del Dr. Santiago Ortiz.<\/h3>\n<p><iframe title=\"Caso Mafalda S\u00e1nchez\" width=\"640\" height=\"360\" src=\"https:\/\/www.youtube.com\/embed\/L1mxWCOncjg?feature=oembed\" frameborder=\"0\" allow=\"accelerometer; autoplay; clipboard-write; encrypted-media; gyroscope; picture-in-picture; web-share\" referrerpolicy=\"strict-origin-when-cross-origin\" allowfullscreen><\/iframe><\/p>\n<p style=\"text-align: center;\">&#8230;&#8230;&#8230;&#8230;&#8230;&#8230;&#8230;&#8230;&#8230;&#8230;&#8230;&#8230;&#8230;&#8230;<\/p>\n<h3>Para mayor informaci\u00f3n ingresar al siguiente enlace:<\/h3>\n<h3><span style=\"color: #3366ff;\"><a style=\"color: #3366ff;\" href=\"https:\/\/www.periodicojudicial.gov.ar\/homicidio-de-mafalda-sanchez-los-imputados-continuaran-detenidos\/\">https:\/\/www.periodicojudicial.gov.ar\/homicidio-de-mafalda-sanchez-los-imputados-continuaran-detenidos\/<\/a><\/span><\/h3>\n<p>&nbsp;<\/p>\n","protected":false},"excerpt":{"rendered":"<p>La audiencia se desarroll\u00f3 en el Juzgado de Garant\u00eda N\u00ba 4 de la Segunda Circunscripci\u00f3n&#8230;<\/p>\n","protected":false},"author":1,"featured_media":3324,"comment_status":"closed","ping_status":"closed","sticky":false,"template":"","format":"standard","meta":{"footnotes":""},"categories":[6],"tags":[],"class_list":["post-3323","post","type-post","status-publish","format-standard","has-post-thumbnail","hentry","category-ciudad-provincia"],"yoast_head":"<!-- This site is optimized with the Yoast SEO plugin v26.1.1 - https:\/\/yoast.com\/wordpress\/plugins\/seo\/ -->\n<title>CASO MAFALDA SANCHEZ: PRISI\u00d3N PREVENTIVA PARA UNO DE LOS IMPUTADOS Y LIBERACI\u00d3N DE RIVAROLA - Apuntes de San Luis<\/title>\n<meta name=\"robots\" content=\"index, follow, max-snippet:-1, max-image-preview:large, max-video-preview:-1\" \/>\n<link rel=\"canonical\" href=\"https:\/\/apuntesdesanluis.com\/index.php\/2023\/09\/14\/caso-mafalda-sanchez-prision-preventiva-para-uno-de-los-imputados-y-liberacion-de-rivarola\/\" \/>\n<meta property=\"og:locale\" content=\"es_ES\" \/>\n<meta property=\"og:type\" content=\"article\" \/>\n<meta property=\"og:title\" content=\"CASO MAFALDA SANCHEZ: PRISI\u00d3N PREVENTIVA PARA UNO DE LOS IMPUTADOS Y LIBERACI\u00d3N DE RIVAROLA - Apuntes de San Luis\" \/>\n<meta property=\"og:description\" content=\"La audiencia se desarroll\u00f3 en el Juzgado de Garant\u00eda N\u00ba 4 de la Segunda Circunscripci\u00f3n...\" \/>\n<meta property=\"og:url\" content=\"https:\/\/apuntesdesanluis.com\/index.php\/2023\/09\/14\/caso-mafalda-sanchez-prision-preventiva-para-uno-de-los-imputados-y-liberacion-de-rivarola\/\" \/>\n<meta property=\"og:site_name\" content=\"Apuntes de San Luis\" \/>\n<meta property=\"article:published_time\" content=\"2023-09-15T00:14:34+00:00\" \/>\n<meta property=\"og:image\" content=\"https:\/\/apuntesdesanluis.com\/wp-content\/uploads\/2023\/09\/audiencia-mafalda-sanchez.png\" \/>\n\t<meta property=\"og:image:width\" content=\"600\" \/>\n\t<meta property=\"og:image:height\" content=\"400\" \/>\n\t<meta property=\"og:image:type\" content=\"image\/png\" \/>\n<meta name=\"author\" content=\"apuntesdesanluis.com\" \/>\n<meta name=\"twitter:card\" content=\"summary_large_image\" \/>\n<meta name=\"twitter:label1\" content=\"Escrito por\" \/>\n\t<meta name=\"twitter:data1\" content=\"apuntesdesanluis.com\" \/>\n\t<meta name=\"twitter:label2\" content=\"Tiempo de lectura\" \/>\n\t<meta name=\"twitter:data2\" content=\"4 minutos\" \/>\n<script type=\"application\/ld+json\" class=\"yoast-schema-graph\">{\"@context\":\"https:\/\/schema.org\",\"@graph\":[{\"@type\":\"Article\",\"@id\":\"https:\/\/apuntesdesanluis.com\/index.php\/2023\/09\/14\/caso-mafalda-sanchez-prision-preventiva-para-uno-de-los-imputados-y-liberacion-de-rivarola\/#article\",\"isPartOf\":{\"@id\":\"https:\/\/apuntesdesanluis.com\/index.php\/2023\/09\/14\/caso-mafalda-sanchez-prision-preventiva-para-uno-de-los-imputados-y-liberacion-de-rivarola\/\"},\"author\":{\"name\":\"apuntesdesanluis.com\",\"@id\":\"https:\/\/apuntesdesanluis.com\/#\/schema\/person\/b55151d52296fcce64d1a72538a70b90\"},\"headline\":\"CASO MAFALDA SANCHEZ: PRISI\u00d3N PREVENTIVA PARA UNO DE LOS IMPUTADOS Y LIBERACI\u00d3N DE RIVAROLA\",\"datePublished\":\"2023-09-15T00:14:34+00:00\",\"mainEntityOfPage\":{\"@id\":\"https:\/\/apuntesdesanluis.com\/index.php\/2023\/09\/14\/caso-mafalda-sanchez-prision-preventiva-para-uno-de-los-imputados-y-liberacion-de-rivarola\/\"},\"wordCount\":778,\"publisher\":{\"@id\":\"https:\/\/apuntesdesanluis.com\/#\/schema\/person\/b55151d52296fcce64d1a72538a70b90\"},\"image\":{\"@id\":\"https:\/\/apuntesdesanluis.com\/index.php\/2023\/09\/14\/caso-mafalda-sanchez-prision-preventiva-para-uno-de-los-imputados-y-liberacion-de-rivarola\/#primaryimage\"},\"thumbnailUrl\":\"https:\/\/apuntesdesanluis.com\/wp-content\/uploads\/2023\/09\/audiencia-mafalda-sanchez.png\",\"articleSection\":[\"Ciudad\/Provincia\"],\"inLanguage\":\"es-AR\"},{\"@type\":\"WebPage\",\"@id\":\"https:\/\/apuntesdesanluis.com\/index.php\/2023\/09\/14\/caso-mafalda-sanchez-prision-preventiva-para-uno-de-los-imputados-y-liberacion-de-rivarola\/\",\"url\":\"https:\/\/apuntesdesanluis.com\/index.php\/2023\/09\/14\/caso-mafalda-sanchez-prision-preventiva-para-uno-de-los-imputados-y-liberacion-de-rivarola\/\",\"name\":\"CASO MAFALDA SANCHEZ: PRISI\u00d3N PREVENTIVA PARA UNO DE LOS IMPUTADOS Y LIBERACI\u00d3N DE RIVAROLA - Apuntes de San Luis\",\"isPartOf\":{\"@id\":\"https:\/\/apuntesdesanluis.com\/#website\"},\"primaryImageOfPage\":{\"@id\":\"https:\/\/apuntesdesanluis.com\/index.php\/2023\/09\/14\/caso-mafalda-sanchez-prision-preventiva-para-uno-de-los-imputados-y-liberacion-de-rivarola\/#primaryimage\"},\"image\":{\"@id\":\"https:\/\/apuntesdesanluis.com\/index.php\/2023\/09\/14\/caso-mafalda-sanchez-prision-preventiva-para-uno-de-los-imputados-y-liberacion-de-rivarola\/#primaryimage\"},\"thumbnailUrl\":\"https:\/\/apuntesdesanluis.com\/wp-content\/uploads\/2023\/09\/audiencia-mafalda-sanchez.png\",\"datePublished\":\"2023-09-15T00:14:34+00:00\",\"breadcrumb\":{\"@id\":\"https:\/\/apuntesdesanluis.com\/index.php\/2023\/09\/14\/caso-mafalda-sanchez-prision-preventiva-para-uno-de-los-imputados-y-liberacion-de-rivarola\/#breadcrumb\"},\"inLanguage\":\"es-AR\",\"potentialAction\":[{\"@type\":\"ReadAction\",\"target\":[\"https:\/\/apuntesdesanluis.com\/index.php\/2023\/09\/14\/caso-mafalda-sanchez-prision-preventiva-para-uno-de-los-imputados-y-liberacion-de-rivarola\/\"]}]},{\"@type\":\"ImageObject\",\"inLanguage\":\"es-AR\",\"@id\":\"https:\/\/apuntesdesanluis.com\/index.php\/2023\/09\/14\/caso-mafalda-sanchez-prision-preventiva-para-uno-de-los-imputados-y-liberacion-de-rivarola\/#primaryimage\",\"url\":\"https:\/\/apuntesdesanluis.com\/wp-content\/uploads\/2023\/09\/audiencia-mafalda-sanchez.png\",\"contentUrl\":\"https:\/\/apuntesdesanluis.com\/wp-content\/uploads\/2023\/09\/audiencia-mafalda-sanchez.png\",\"width\":600,\"height\":400},{\"@type\":\"BreadcrumbList\",\"@id\":\"https:\/\/apuntesdesanluis.com\/index.php\/2023\/09\/14\/caso-mafalda-sanchez-prision-preventiva-para-uno-de-los-imputados-y-liberacion-de-rivarola\/#breadcrumb\",\"itemListElement\":[{\"@type\":\"ListItem\",\"position\":1,\"name\":\"Inicio\",\"item\":\"https:\/\/apuntesdesanluis.com\/\"},{\"@type\":\"ListItem\",\"position\":2,\"name\":\"CASO MAFALDA SANCHEZ: PRISI\u00d3N PREVENTIVA PARA UNO DE LOS IMPUTADOS Y LIBERACI\u00d3N DE RIVAROLA\"}]},{\"@type\":\"WebSite\",\"@id\":\"https:\/\/apuntesdesanluis.com\/#website\",\"url\":\"https:\/\/apuntesdesanluis.com\/\",\"name\":\"Apuntes de San Luis\",\"description\":\"\",\"publisher\":{\"@id\":\"https:\/\/apuntesdesanluis.com\/#\/schema\/person\/b55151d52296fcce64d1a72538a70b90\"},\"potentialAction\":[{\"@type\":\"SearchAction\",\"target\":{\"@type\":\"EntryPoint\",\"urlTemplate\":\"https:\/\/apuntesdesanluis.com\/?s={search_term_string}\"},\"query-input\":{\"@type\":\"PropertyValueSpecification\",\"valueRequired\":true,\"valueName\":\"search_term_string\"}}],\"inLanguage\":\"es-AR\"},{\"@type\":[\"Person\",\"Organization\"],\"@id\":\"https:\/\/apuntesdesanluis.com\/#\/schema\/person\/b55151d52296fcce64d1a72538a70b90\",\"name\":\"apuntesdesanluis.com\",\"image\":{\"@type\":\"ImageObject\",\"inLanguage\":\"es-AR\",\"@id\":\"https:\/\/apuntesdesanluis.com\/#\/schema\/person\/image\/\",\"url\":\"https:\/\/apuntesdesanluis.com\/wp-content\/uploads\/2023\/07\/cropped-apuntesdesanluis.png\",\"contentUrl\":\"https:\/\/apuntesdesanluis.com\/wp-content\/uploads\/2023\/07\/cropped-apuntesdesanluis.png\",\"width\":450,\"height\":112,\"caption\":\"apuntesdesanluis.com\"},\"logo\":{\"@id\":\"https:\/\/apuntesdesanluis.com\/#\/schema\/person\/image\/\"},\"sameAs\":[\"https:\/\/apuntesdesanluis.com\"],\"url\":\"https:\/\/apuntesdesanluis.com\/index.php\/author\/apuntesdesanluis-com\/\"}]}<\/script>\n<!-- \/ Yoast SEO plugin. -->","yoast_head_json":{"title":"CASO MAFALDA SANCHEZ: PRISI\u00d3N PREVENTIVA PARA UNO DE LOS IMPUTADOS Y LIBERACI\u00d3N DE RIVAROLA - Apuntes de San Luis","robots":{"index":"index","follow":"follow","max-snippet":"max-snippet:-1","max-image-preview":"max-image-preview:large","max-video-preview":"max-video-preview:-1"},"canonical":"https:\/\/apuntesdesanluis.com\/index.php\/2023\/09\/14\/caso-mafalda-sanchez-prision-preventiva-para-uno-de-los-imputados-y-liberacion-de-rivarola\/","og_locale":"es_ES","og_type":"article","og_title":"CASO MAFALDA SANCHEZ: PRISI\u00d3N PREVENTIVA PARA UNO DE LOS IMPUTADOS Y LIBERACI\u00d3N DE RIVAROLA - Apuntes de San Luis","og_description":"La audiencia se desarroll\u00f3 en el Juzgado de Garant\u00eda N\u00ba 4 de la Segunda Circunscripci\u00f3n...","og_url":"https:\/\/apuntesdesanluis.com\/index.php\/2023\/09\/14\/caso-mafalda-sanchez-prision-preventiva-para-uno-de-los-imputados-y-liberacion-de-rivarola\/","og_site_name":"Apuntes de San Luis","article_published_time":"2023-09-15T00:14:34+00:00","og_image":[{"width":600,"height":400,"url":"https:\/\/apuntesdesanluis.com\/wp-content\/uploads\/2023\/09\/audiencia-mafalda-sanchez.png","type":"image\/png"}],"author":"apuntesdesanluis.com","twitter_card":"summary_large_image","twitter_misc":{"Escrito por":"apuntesdesanluis.com","Tiempo de lectura":"4 minutos"},"schema":{"@context":"https:\/\/schema.org","@graph":[{"@type":"Article","@id":"https:\/\/apuntesdesanluis.com\/index.php\/2023\/09\/14\/caso-mafalda-sanchez-prision-preventiva-para-uno-de-los-imputados-y-liberacion-de-rivarola\/#article","isPartOf":{"@id":"https:\/\/apuntesdesanluis.com\/index.php\/2023\/09\/14\/caso-mafalda-sanchez-prision-preventiva-para-uno-de-los-imputados-y-liberacion-de-rivarola\/"},"author":{"name":"apuntesdesanluis.com","@id":"https:\/\/apuntesdesanluis.com\/#\/schema\/person\/b55151d52296fcce64d1a72538a70b90"},"headline":"CASO MAFALDA SANCHEZ: PRISI\u00d3N PREVENTIVA PARA UNO DE LOS IMPUTADOS Y LIBERACI\u00d3N DE RIVAROLA","datePublished":"2023-09-15T00:14:34+00:00","mainEntityOfPage":{"@id":"https:\/\/apuntesdesanluis.com\/index.php\/2023\/09\/14\/caso-mafalda-sanchez-prision-preventiva-para-uno-de-los-imputados-y-liberacion-de-rivarola\/"},"wordCount":778,"publisher":{"@id":"https:\/\/apuntesdesanluis.com\/#\/schema\/person\/b55151d52296fcce64d1a72538a70b90"},"image":{"@id":"https:\/\/apuntesdesanluis.com\/index.php\/2023\/09\/14\/caso-mafalda-sanchez-prision-preventiva-para-uno-de-los-imputados-y-liberacion-de-rivarola\/#primaryimage"},"thumbnailUrl":"https:\/\/apuntesdesanluis.com\/wp-content\/uploads\/2023\/09\/audiencia-mafalda-sanchez.png","articleSection":["Ciudad\/Provincia"],"inLanguage":"es-AR"},{"@type":"WebPage","@id":"https:\/\/apuntesdesanluis.com\/index.php\/2023\/09\/14\/caso-mafalda-sanchez-prision-preventiva-para-uno-de-los-imputados-y-liberacion-de-rivarola\/","url":"https:\/\/apuntesdesanluis.com\/index.php\/2023\/09\/14\/caso-mafalda-sanchez-prision-preventiva-para-uno-de-los-imputados-y-liberacion-de-rivarola\/","name":"CASO MAFALDA SANCHEZ: PRISI\u00d3N PREVENTIVA PARA UNO DE LOS IMPUTADOS Y LIBERACI\u00d3N DE RIVAROLA - Apuntes de San Luis","isPartOf":{"@id":"https:\/\/apuntesdesanluis.com\/#website"},"primaryImageOfPage":{"@id":"https:\/\/apuntesdesanluis.com\/index.php\/2023\/09\/14\/caso-mafalda-sanchez-prision-preventiva-para-uno-de-los-imputados-y-liberacion-de-rivarola\/#primaryimage"},"image":{"@id":"https:\/\/apuntesdesanluis.com\/index.php\/2023\/09\/14\/caso-mafalda-sanchez-prision-preventiva-para-uno-de-los-imputados-y-liberacion-de-rivarola\/#primaryimage"},"thumbnailUrl":"https:\/\/apuntesdesanluis.com\/wp-content\/uploads\/2023\/09\/audiencia-mafalda-sanchez.png","datePublished":"2023-09-15T00:14:34+00:00","breadcrumb":{"@id":"https:\/\/apuntesdesanluis.com\/index.php\/2023\/09\/14\/caso-mafalda-sanchez-prision-preventiva-para-uno-de-los-imputados-y-liberacion-de-rivarola\/#breadcrumb"},"inLanguage":"es-AR","potentialAction":[{"@type":"ReadAction","target":["https:\/\/apuntesdesanluis.com\/index.php\/2023\/09\/14\/caso-mafalda-sanchez-prision-preventiva-para-uno-de-los-imputados-y-liberacion-de-rivarola\/"]}]},{"@type":"ImageObject","inLanguage":"es-AR","@id":"https:\/\/apuntesdesanluis.com\/index.php\/2023\/09\/14\/caso-mafalda-sanchez-prision-preventiva-para-uno-de-los-imputados-y-liberacion-de-rivarola\/#primaryimage","url":"https:\/\/apuntesdesanluis.com\/wp-content\/uploads\/2023\/09\/audiencia-mafalda-sanchez.png","contentUrl":"https:\/\/apuntesdesanluis.com\/wp-content\/uploads\/2023\/09\/audiencia-mafalda-sanchez.png","width":600,"height":400},{"@type":"BreadcrumbList","@id":"https:\/\/apuntesdesanluis.com\/index.php\/2023\/09\/14\/caso-mafalda-sanchez-prision-preventiva-para-uno-de-los-imputados-y-liberacion-de-rivarola\/#breadcrumb","itemListElement":[{"@type":"ListItem","position":1,"name":"Inicio","item":"https:\/\/apuntesdesanluis.com\/"},{"@type":"ListItem","position":2,"name":"CASO MAFALDA SANCHEZ: PRISI\u00d3N PREVENTIVA PARA UNO DE LOS IMPUTADOS Y LIBERACI\u00d3N DE RIVAROLA"}]},{"@type":"WebSite","@id":"https:\/\/apuntesdesanluis.com\/#website","url":"https:\/\/apuntesdesanluis.com\/","name":"Apuntes de San Luis","description":"","publisher":{"@id":"https:\/\/apuntesdesanluis.com\/#\/schema\/person\/b55151d52296fcce64d1a72538a70b90"},"potentialAction":[{"@type":"SearchAction","target":{"@type":"EntryPoint","urlTemplate":"https:\/\/apuntesdesanluis.com\/?s={search_term_string}"},"query-input":{"@type":"PropertyValueSpecification","valueRequired":true,"valueName":"search_term_string"}}],"inLanguage":"es-AR"},{"@type":["Person","Organization"],"@id":"https:\/\/apuntesdesanluis.com\/#\/schema\/person\/b55151d52296fcce64d1a72538a70b90","name":"apuntesdesanluis.com","image":{"@type":"ImageObject","inLanguage":"es-AR","@id":"https:\/\/apuntesdesanluis.com\/#\/schema\/person\/image\/","url":"https:\/\/apuntesdesanluis.com\/wp-content\/uploads\/2023\/07\/cropped-apuntesdesanluis.png","contentUrl":"https:\/\/apuntesdesanluis.com\/wp-content\/uploads\/2023\/07\/cropped-apuntesdesanluis.png","width":450,"height":112,"caption":"apuntesdesanluis.com"},"logo":{"@id":"https:\/\/apuntesdesanluis.com\/#\/schema\/person\/image\/"},"sameAs":["https:\/\/apuntesdesanluis.com"],"url":"https:\/\/apuntesdesanluis.com\/index.php\/author\/apuntesdesanluis-com\/"}]}},"featured_image_urls":{"full":["https:\/\/apuntesdesanluis.com\/wp-content\/uploads\/2023\/09\/audiencia-mafalda-sanchez.png",600,400,false],"thumbnail":["https:\/\/apuntesdesanluis.com\/wp-content\/uploads\/2023\/09\/audiencia-mafalda-sanchez-150x150.png",150,150,true],"medium":["https:\/\/apuntesdesanluis.com\/wp-content\/uploads\/2023\/09\/audiencia-mafalda-sanchez-300x200.png",300,200,true],"medium_large":["https:\/\/apuntesdesanluis.com\/wp-content\/uploads\/2023\/09\/audiencia-mafalda-sanchez.png",600,400,false],"large":["https:\/\/apuntesdesanluis.com\/wp-content\/uploads\/2023\/09\/audiencia-mafalda-sanchez.png",600,400,false],"1536x1536":["https:\/\/apuntesdesanluis.com\/wp-content\/uploads\/2023\/09\/audiencia-mafalda-sanchez.png",600,400,false],"2048x2048":["https:\/\/apuntesdesanluis.com\/wp-content\/uploads\/2023\/09\/audiencia-mafalda-sanchez.png",600,400,false],"newsever-slider-full":["https:\/\/apuntesdesanluis.com\/wp-content\/uploads\/2023\/09\/audiencia-mafalda-sanchez.png",600,400,false],"newsever-featured":["https:\/\/apuntesdesanluis.com\/wp-content\/uploads\/2023\/09\/audiencia-mafalda-sanchez.png",600,400,false],"newsever-medium":["https:\/\/apuntesdesanluis.com\/wp-content\/uploads\/2023\/09\/audiencia-mafalda-sanchez.png",600,400,false]},"author_info":{"display_name":"apuntesdesanluis.com","author_link":"https:\/\/apuntesdesanluis.com\/index.php\/author\/apuntesdesanluis-com\/"},"category_info":"<a href=\"https:\/\/apuntesdesanluis.com\/index.php\/category\/ciudad-provincia\/\" rel=\"category tag\">Ciudad\/Provincia<\/a>","tag_info":"Ciudad\/Provincia","comment_count":"0","_links":{"self":[{"href":"https:\/\/apuntesdesanluis.com\/index.php\/wp-json\/wp\/v2\/posts\/3323","targetHints":{"allow":["GET"]}}],"collection":[{"href":"https:\/\/apuntesdesanluis.com\/index.php\/wp-json\/wp\/v2\/posts"}],"about":[{"href":"https:\/\/apuntesdesanluis.com\/index.php\/wp-json\/wp\/v2\/types\/post"}],"author":[{"embeddable":true,"href":"https:\/\/apuntesdesanluis.com\/index.php\/wp-json\/wp\/v2\/users\/1"}],"replies":[{"embeddable":true,"href":"https:\/\/apuntesdesanluis.com\/index.php\/wp-json\/wp\/v2\/comments?post=3323"}],"version-history":[{"count":1,"href":"https:\/\/apuntesdesanluis.com\/index.php\/wp-json\/wp\/v2\/posts\/3323\/revisions"}],"predecessor-version":[{"id":3326,"href":"https:\/\/apuntesdesanluis.com\/index.php\/wp-json\/wp\/v2\/posts\/3323\/revisions\/3326"}],"wp:featuredmedia":[{"embeddable":true,"href":"https:\/\/apuntesdesanluis.com\/index.php\/wp-json\/wp\/v2\/media\/3324"}],"wp:attachment":[{"href":"https:\/\/apuntesdesanluis.com\/index.php\/wp-json\/wp\/v2\/media?parent=3323"}],"wp:term":[{"taxonomy":"category","embeddable":true,"href":"https:\/\/apuntesdesanluis.com\/index.php\/wp-json\/wp\/v2\/categories?post=3323"},{"taxonomy":"post_tag","embeddable":true,"href":"https:\/\/apuntesdesanluis.com\/index.php\/wp-json\/wp\/v2\/tags?post=3323"}],"curies":[{"name":"wp","href":"https:\/\/api.w.org\/{rel}","templated":true}]}}