{"id":3327,"date":"2023-09-14T22:07:54","date_gmt":"2023-09-15T01:07:54","guid":{"rendered":"https:\/\/apuntesdesanluis.com\/?p=3327"},"modified":"2023-09-14T22:11:42","modified_gmt":"2023-09-15T01:11:42","slug":"el-diputado-francisco-irusta-denuncio-ante-la-justicia-posible-atentado-en-su-contra","status":"publish","type":"post","link":"https:\/\/apuntesdesanluis.com\/index.php\/2023\/09\/14\/el-diputado-francisco-irusta-denuncio-ante-la-justicia-posible-atentado-en-su-contra\/","title":{"rendered":"\u201c\u00bfA VER QUI\u00c9N SE PRENDE MA\u00d1ANA PARA REVENTARLE LA CASA AL TENGO IRUSTA?\u201d"},"content":{"rendered":"<h3 class=\"yiv7409174924ydp6329976emsonormal\" style=\"background: white;\"><span style=\"font-family: 'Arial','sans-serif'; color: #1d2228;\">La grave amenaza se verti\u00f3 a trav\u00e9s de un mensaje de whatsapp y fue una derivaci\u00f3n de lo ocurrido en la C\u00e1mara de Diputados, cuando se rechaz\u00f3 el proyecto oficialista de pasar a planta contratada a los trabajadores del Plan de Inclusi\u00f3n Social. <\/span><\/h3>\n<h3 class=\"yiv7409174924ydp6329976emsonormal\" style=\"text-align: justify; background: white;\"><span style=\"font-family: 'Arial','sans-serif'; color: #1d2228;\">Luego de la sesi\u00f3n del pasado mi\u00e9rcoles, en la que el bloque Fuerza Independiente que integra el diputado provincial <strong>Francisco \u201cTengo\u201d Irusta<\/strong> (Pedernera) votara en contra de la iniciativa del gobierno, el legislador tom\u00f3 conocimiento que a trav\u00e9s una convocatoria p\u00fablica se estaba instigando a cometer un atentado en su vivienda particular, a modo de amedrentamiento.<\/span><\/h3>\n<h3 class=\"yiv7409174924ydp6329976emsonormal\" style=\"text-align: justify; background: white;\"><span style=\"font-family: 'Arial','sans-serif'; color: #1d2228;\">El audio se viraliz\u00f3 entre integrantes del Plan de Inclusi\u00f3n Social, invit\u00e1ndolos a sumarse a la decisi\u00f3n de \u201creventarle la casa\u201d (SIC) al legislador, luego que no acompa\u00f1ara con su voto la decisi\u00f3n de nombrar en planta a los beneficiarios, tal como se hab\u00eda aprobado en el Senado provincial. <\/span><\/h3>\n<h3 class=\"yiv7409174924ydp6329976emsonormal\" style=\"text-align: justify; background: white;\"><span style=\"font-family: 'Arial','sans-serif'; color: #1d2228;\"><em>\u201cYo le reviento la casa al Tengo Irusta y despu\u00e9s voy por la casa de <strong>Merlo<\/strong>, porque tengo los h\u2026 bien puestos\u2026\u201d<\/em>, afirma el autor de la amenaza, involucrando tambi\u00e9n al ex intendente de Villa Mercedes, de la bancada Todos Unidos, que vot\u00f3 tambi\u00e9n por girar a archivo la media sanci\u00f3n del Senado.<\/span><\/h3>\n<p>&nbsp;<\/p>\n<!--[if lt IE 9]><script>document.createElement('audio');<\/script><![endif]-->\n<audio class=\"wp-audio-shortcode\" id=\"audio-3327-1\" preload=\"none\" style=\"width: 100%;\" controls=\"controls\"><source type=\"audio\/ogg\" src=\"https:\/\/apuntesdesanluis.com\/wp-content\/uploads\/2023\/09\/AMENAZA.ogg?_=1\" \/><a href=\"https:\/\/apuntesdesanluis.com\/wp-content\/uploads\/2023\/09\/AMENAZA.ogg\">https:\/\/apuntesdesanluis.com\/wp-content\/uploads\/2023\/09\/AMENAZA.ogg<\/a><\/audio>\n<p>&nbsp;<\/p>\n<h3 class=\"yiv7409174924ydp6329976emsonormal\" style=\"text-align: justify; background: white;\"><span style=\"font-family: 'Arial','sans-serif'; color: #1d2228;\">El agresivo mensaje se conoci\u00f3 este jueves, luego del esc\u00e1ndalo suscitado el mi\u00e9rcoles en la Legislatura, cuando miles de trabajadores de Inclusi\u00f3n Social se movilizaron para presionar por la aprobaci\u00f3n del proyecto y exigir al gobierno que cumpla con el compromiso que les hiciera d\u00edas antes de las elecciones del 11 de junio, de otorgarles estabilidad.<\/span><\/h3>\n<h3 class=\"yiv7409174924ydp6329976emsonormal\" style=\"text-align: justify; background: white;\"><span style=\"font-family: 'Arial','sans-serif'; color: #1d2228;\">Los manifestantes bloquearon las salidas del palacio legislativo, iniciaron varias quemas de cubiertas, derribaron una valla, arrojaron piedras e ingresaron hasta la entrada vidriada, debiendo ser dispersados con gases lacrim\u00f3genos por los efectivos policiales.<\/span><\/h3>\n<p><img fetchpriority=\"high\" decoding=\"async\" class=\"wp-image-3331 aligncenter\" src=\"https:\/\/apuntesdesanluis.com\/wp-content\/uploads\/2023\/09\/incidentes-300x173.png\" alt=\"\" width=\"713\" height=\"411\" srcset=\"https:\/\/apuntesdesanluis.com\/wp-content\/uploads\/2023\/09\/incidentes-300x173.png 300w, https:\/\/apuntesdesanluis.com\/wp-content\/uploads\/2023\/09\/incidentes.png 579w\" sizes=\"(max-width: 713px) 100vw, 713px\" \/><\/p>\n<h3 class=\"yiv7409174924ydp6329976emsonormal\" style=\"text-align: justify; background: white;\"><span style=\"font-family: 'Arial','sans-serif'; color: #1d2228;\">Consultado por <strong>Apuntes de San Luis<\/strong>, el diputado Francisco Irusta repudi\u00f3 los incidentes y manifest\u00f3 su preocupaci\u00f3n \u201cpor el cariz violento que han tomado los acontecimientos\u201d.<\/span><\/h3>\n<h3 class=\"yiv7409174924ydp6329976emsonormal\" style=\"text-align: justify; background: white;\"><span style=\"font-family: 'Arial','sans-serif'; color: #1d2228;\">\u201cNosotros hemos actuado con responsabilidad. El proyecto no establec\u00eda el n\u00famero de trabajadores del Plan de Inclusi\u00f3n que se pod\u00edan pasar a categor\u00eda de contratados. Hasta donde conocemos, son aproximadamente 24 mil. Si eso se hiciera, la provincia quiebra, es algo grave, por eso debemos ser cuidadosos en nuestras acciones\u201d, justific\u00f3.<\/span><\/h3>\n<h3 class=\"yiv7409174924ydp6329976emsonormal\" style=\"text-align: justify; background: white;\"><span style=\"font-family: 'Arial','sans-serif'; color: #1d2228;\">\u201cYo puedo entender el enojo de los compa\u00f1eros, que se sienten usados, despu\u00e9s que se les prometi\u00f3 pasarlos a planta. Nosotros estamos analizando el tema, viendo los n\u00fameros y posiblemente presentemos un proyecto alternativo, pero primero debemos estudiar muy bien el tema. Imaginate si en un acto de demagogia aprob\u00e1bamos el proyecto como nos lleg\u00f3 y despu\u00e9s el pr\u00f3ximo gobernador no puede pagar los sueldos\u2026\u201d, explic\u00f3.<\/span><\/h3>\n<h3 class=\"yiv7409174924ydp6329976emsonormal\" style=\"text-align: justify; background: white;\"><span style=\"font-family: 'Arial','sans-serif'; color: #1d2228;\">Por otro lado, al tomar conocimiento del audio que estaba circulando convocando a atentar contra su propiedad, Irusta se dirigi\u00f3 a tribunales, se reuni\u00f3 con el fiscal <strong>Leandro Estrada<\/strong> y asent\u00f3 una denuncia, a los fines de que la justicia act\u00fae y garantice su seguridad personal y de su familia.<\/span><\/h3>\n<h3 class=\"yiv7409174924ydp6329976emsonormal\" style=\"text-align: justify; background: white;\"><span style=\"font-family: 'Arial','sans-serif'; color: #1d2228;\">Trascendi\u00f3 que inmediatamente se dio intervenci\u00f3n a la polic\u00eda de la provincia. En el marco de la investigaci\u00f3n, se supo que comenz\u00f3 a trabajar la Divisi\u00f3n de Delitos Inform\u00e1ticos, para rastrear el origen del mensaje y tratar de identificar el autor, que podr\u00eda ser denunciado por \u201cinstigaci\u00f3n a a violencia\u201d.<\/span><\/h3>\n<p class=\"yiv7409174924ydp6329976emsonormal\" style=\"text-align: justify; background: white;\"><span style=\"font-family: 'Arial','sans-serif'; color: #1d2228;\">\u00a0<\/span><\/p>\n","protected":false},"excerpt":{"rendered":"<p>La grave amenaza se verti\u00f3 a trav\u00e9s de un mensaje de whatsapp y fue una&#8230;<\/p>\n","protected":false},"author":1,"featured_media":3328,"comment_status":"closed","ping_status":"closed","sticky":false,"template":"","format":"standard","meta":{"footnotes":""},"categories":[6],"tags":[],"class_list":["post-3327","post","type-post","status-publish","format-standard","has-post-thumbnail","hentry","category-ciudad-provincia"],"yoast_head":"<!-- This site is optimized with the Yoast SEO plugin v26.1.1 - https:\/\/yoast.com\/wordpress\/plugins\/seo\/ -->\n<title>\u201c\u00bfA VER QUI\u00c9N SE PRENDE MA\u00d1ANA PARA REVENTARLE LA CASA AL TENGO IRUSTA?\u201d - Apuntes de San Luis<\/title>\n<meta name=\"robots\" content=\"index, follow, max-snippet:-1, max-image-preview:large, max-video-preview:-1\" \/>\n<link rel=\"canonical\" href=\"https:\/\/apuntesdesanluis.com\/index.php\/2023\/09\/14\/el-diputado-francisco-irusta-denuncio-ante-la-justicia-posible-atentado-en-su-contra\/\" \/>\n<meta property=\"og:locale\" content=\"es_ES\" \/>\n<meta property=\"og:type\" content=\"article\" \/>\n<meta property=\"og:title\" content=\"\u201c\u00bfA VER QUI\u00c9N SE PRENDE MA\u00d1ANA PARA REVENTARLE LA CASA AL TENGO IRUSTA?\u201d - Apuntes de San Luis\" \/>\n<meta property=\"og:description\" content=\"La grave amenaza se verti\u00f3 a trav\u00e9s de un mensaje de whatsapp y fue una...\" \/>\n<meta property=\"og:url\" content=\"https:\/\/apuntesdesanluis.com\/index.php\/2023\/09\/14\/el-diputado-francisco-irusta-denuncio-ante-la-justicia-posible-atentado-en-su-contra\/\" \/>\n<meta property=\"og:site_name\" content=\"Apuntes de San Luis\" \/>\n<meta property=\"article:published_time\" content=\"2023-09-15T01:07:54+00:00\" \/>\n<meta property=\"article:modified_time\" content=\"2023-09-15T01:11:42+00:00\" \/>\n<meta property=\"og:image\" content=\"https:\/\/apuntesdesanluis.com\/wp-content\/uploads\/2023\/09\/tengo-irusta.png\" \/>\n\t<meta property=\"og:image:width\" content=\"627\" \/>\n\t<meta property=\"og:image:height\" content=\"407\" \/>\n\t<meta property=\"og:image:type\" content=\"image\/png\" \/>\n<meta name=\"author\" content=\"apuntesdesanluis.com\" \/>\n<meta name=\"twitter:card\" content=\"summary_large_image\" \/>\n<meta name=\"twitter:label1\" content=\"Escrito por\" \/>\n\t<meta name=\"twitter:data1\" content=\"apuntesdesanluis.com\" \/>\n\t<meta name=\"twitter:label2\" content=\"Tiempo de lectura\" \/>\n\t<meta name=\"twitter:data2\" content=\"3 minutos\" \/>\n<script type=\"application\/ld+json\" class=\"yoast-schema-graph\">{\"@context\":\"https:\/\/schema.org\",\"@graph\":[{\"@type\":\"Article\",\"@id\":\"https:\/\/apuntesdesanluis.com\/index.php\/2023\/09\/14\/el-diputado-francisco-irusta-denuncio-ante-la-justicia-posible-atentado-en-su-contra\/#article\",\"isPartOf\":{\"@id\":\"https:\/\/apuntesdesanluis.com\/index.php\/2023\/09\/14\/el-diputado-francisco-irusta-denuncio-ante-la-justicia-posible-atentado-en-su-contra\/\"},\"author\":{\"name\":\"apuntesdesanluis.com\",\"@id\":\"https:\/\/apuntesdesanluis.com\/#\/schema\/person\/b55151d52296fcce64d1a72538a70b90\"},\"headline\":\"\u201c\u00bfA VER QUI\u00c9N SE PRENDE MA\u00d1ANA PARA REVENTARLE LA CASA AL TENGO IRUSTA?\u201d\",\"datePublished\":\"2023-09-15T01:07:54+00:00\",\"dateModified\":\"2023-09-15T01:11:42+00:00\",\"mainEntityOfPage\":{\"@id\":\"https:\/\/apuntesdesanluis.com\/index.php\/2023\/09\/14\/el-diputado-francisco-irusta-denuncio-ante-la-justicia-posible-atentado-en-su-contra\/\"},\"wordCount\":603,\"publisher\":{\"@id\":\"https:\/\/apuntesdesanluis.com\/#\/schema\/person\/b55151d52296fcce64d1a72538a70b90\"},\"image\":{\"@id\":\"https:\/\/apuntesdesanluis.com\/index.php\/2023\/09\/14\/el-diputado-francisco-irusta-denuncio-ante-la-justicia-posible-atentado-en-su-contra\/#primaryimage\"},\"thumbnailUrl\":\"https:\/\/apuntesdesanluis.com\/wp-content\/uploads\/2023\/09\/tengo-irusta.png\",\"articleSection\":[\"Ciudad\/Provincia\"],\"inLanguage\":\"es-AR\"},{\"@type\":\"WebPage\",\"@id\":\"https:\/\/apuntesdesanluis.com\/index.php\/2023\/09\/14\/el-diputado-francisco-irusta-denuncio-ante-la-justicia-posible-atentado-en-su-contra\/\",\"url\":\"https:\/\/apuntesdesanluis.com\/index.php\/2023\/09\/14\/el-diputado-francisco-irusta-denuncio-ante-la-justicia-posible-atentado-en-su-contra\/\",\"name\":\"\u201c\u00bfA VER QUI\u00c9N SE PRENDE MA\u00d1ANA PARA REVENTARLE LA CASA AL TENGO IRUSTA?\u201d - Apuntes de San Luis\",\"isPartOf\":{\"@id\":\"https:\/\/apuntesdesanluis.com\/#website\"},\"primaryImageOfPage\":{\"@id\":\"https:\/\/apuntesdesanluis.com\/index.php\/2023\/09\/14\/el-diputado-francisco-irusta-denuncio-ante-la-justicia-posible-atentado-en-su-contra\/#primaryimage\"},\"image\":{\"@id\":\"https:\/\/apuntesdesanluis.com\/index.php\/2023\/09\/14\/el-diputado-francisco-irusta-denuncio-ante-la-justicia-posible-atentado-en-su-contra\/#primaryimage\"},\"thumbnailUrl\":\"https:\/\/apuntesdesanluis.com\/wp-content\/uploads\/2023\/09\/tengo-irusta.png\",\"datePublished\":\"2023-09-15T01:07:54+00:00\",\"dateModified\":\"2023-09-15T01:11:42+00:00\",\"breadcrumb\":{\"@id\":\"https:\/\/apuntesdesanluis.com\/index.php\/2023\/09\/14\/el-diputado-francisco-irusta-denuncio-ante-la-justicia-posible-atentado-en-su-contra\/#breadcrumb\"},\"inLanguage\":\"es-AR\",\"potentialAction\":[{\"@type\":\"ReadAction\",\"target\":[\"https:\/\/apuntesdesanluis.com\/index.php\/2023\/09\/14\/el-diputado-francisco-irusta-denuncio-ante-la-justicia-posible-atentado-en-su-contra\/\"]}]},{\"@type\":\"ImageObject\",\"inLanguage\":\"es-AR\",\"@id\":\"https:\/\/apuntesdesanluis.com\/index.php\/2023\/09\/14\/el-diputado-francisco-irusta-denuncio-ante-la-justicia-posible-atentado-en-su-contra\/#primaryimage\",\"url\":\"https:\/\/apuntesdesanluis.com\/wp-content\/uploads\/2023\/09\/tengo-irusta.png\",\"contentUrl\":\"https:\/\/apuntesdesanluis.com\/wp-content\/uploads\/2023\/09\/tengo-irusta.png\",\"width\":627,\"height\":407},{\"@type\":\"BreadcrumbList\",\"@id\":\"https:\/\/apuntesdesanluis.com\/index.php\/2023\/09\/14\/el-diputado-francisco-irusta-denuncio-ante-la-justicia-posible-atentado-en-su-contra\/#breadcrumb\",\"itemListElement\":[{\"@type\":\"ListItem\",\"position\":1,\"name\":\"Inicio\",\"item\":\"https:\/\/apuntesdesanluis.com\/\"},{\"@type\":\"ListItem\",\"position\":2,\"name\":\"\u201c\u00bfA VER QUI\u00c9N SE PRENDE MA\u00d1ANA PARA REVENTARLE LA CASA AL TENGO IRUSTA?\u201d\"}]},{\"@type\":\"WebSite\",\"@id\":\"https:\/\/apuntesdesanluis.com\/#website\",\"url\":\"https:\/\/apuntesdesanluis.com\/\",\"name\":\"Apuntes de San Luis\",\"description\":\"\",\"publisher\":{\"@id\":\"https:\/\/apuntesdesanluis.com\/#\/schema\/person\/b55151d52296fcce64d1a72538a70b90\"},\"potentialAction\":[{\"@type\":\"SearchAction\",\"target\":{\"@type\":\"EntryPoint\",\"urlTemplate\":\"https:\/\/apuntesdesanluis.com\/?s={search_term_string}\"},\"query-input\":{\"@type\":\"PropertyValueSpecification\",\"valueRequired\":true,\"valueName\":\"search_term_string\"}}],\"inLanguage\":\"es-AR\"},{\"@type\":[\"Person\",\"Organization\"],\"@id\":\"https:\/\/apuntesdesanluis.com\/#\/schema\/person\/b55151d52296fcce64d1a72538a70b90\",\"name\":\"apuntesdesanluis.com\",\"image\":{\"@type\":\"ImageObject\",\"inLanguage\":\"es-AR\",\"@id\":\"https:\/\/apuntesdesanluis.com\/#\/schema\/person\/image\/\",\"url\":\"https:\/\/apuntesdesanluis.com\/wp-content\/uploads\/2023\/07\/cropped-apuntesdesanluis.png\",\"contentUrl\":\"https:\/\/apuntesdesanluis.com\/wp-content\/uploads\/2023\/07\/cropped-apuntesdesanluis.png\",\"width\":450,\"height\":112,\"caption\":\"apuntesdesanluis.com\"},\"logo\":{\"@id\":\"https:\/\/apuntesdesanluis.com\/#\/schema\/person\/image\/\"},\"sameAs\":[\"https:\/\/apuntesdesanluis.com\"],\"url\":\"https:\/\/apuntesdesanluis.com\/index.php\/author\/apuntesdesanluis-com\/\"}]}<\/script>\n<!-- \/ Yoast SEO plugin. -->","yoast_head_json":{"title":"\u201c\u00bfA VER QUI\u00c9N SE PRENDE MA\u00d1ANA PARA REVENTARLE LA CASA AL TENGO IRUSTA?\u201d - Apuntes de San Luis","robots":{"index":"index","follow":"follow","max-snippet":"max-snippet:-1","max-image-preview":"max-image-preview:large","max-video-preview":"max-video-preview:-1"},"canonical":"https:\/\/apuntesdesanluis.com\/index.php\/2023\/09\/14\/el-diputado-francisco-irusta-denuncio-ante-la-justicia-posible-atentado-en-su-contra\/","og_locale":"es_ES","og_type":"article","og_title":"\u201c\u00bfA VER QUI\u00c9N SE PRENDE MA\u00d1ANA PARA REVENTARLE LA CASA AL TENGO IRUSTA?\u201d - Apuntes de San Luis","og_description":"La grave amenaza se verti\u00f3 a trav\u00e9s de un mensaje de whatsapp y fue una...","og_url":"https:\/\/apuntesdesanluis.com\/index.php\/2023\/09\/14\/el-diputado-francisco-irusta-denuncio-ante-la-justicia-posible-atentado-en-su-contra\/","og_site_name":"Apuntes de San Luis","article_published_time":"2023-09-15T01:07:54+00:00","article_modified_time":"2023-09-15T01:11:42+00:00","og_image":[{"width":627,"height":407,"url":"https:\/\/apuntesdesanluis.com\/wp-content\/uploads\/2023\/09\/tengo-irusta.png","type":"image\/png"}],"author":"apuntesdesanluis.com","twitter_card":"summary_large_image","twitter_misc":{"Escrito por":"apuntesdesanluis.com","Tiempo de lectura":"3 minutos"},"schema":{"@context":"https:\/\/schema.org","@graph":[{"@type":"Article","@id":"https:\/\/apuntesdesanluis.com\/index.php\/2023\/09\/14\/el-diputado-francisco-irusta-denuncio-ante-la-justicia-posible-atentado-en-su-contra\/#article","isPartOf":{"@id":"https:\/\/apuntesdesanluis.com\/index.php\/2023\/09\/14\/el-diputado-francisco-irusta-denuncio-ante-la-justicia-posible-atentado-en-su-contra\/"},"author":{"name":"apuntesdesanluis.com","@id":"https:\/\/apuntesdesanluis.com\/#\/schema\/person\/b55151d52296fcce64d1a72538a70b90"},"headline":"\u201c\u00bfA VER QUI\u00c9N SE PRENDE MA\u00d1ANA PARA REVENTARLE LA CASA AL TENGO IRUSTA?\u201d","datePublished":"2023-09-15T01:07:54+00:00","dateModified":"2023-09-15T01:11:42+00:00","mainEntityOfPage":{"@id":"https:\/\/apuntesdesanluis.com\/index.php\/2023\/09\/14\/el-diputado-francisco-irusta-denuncio-ante-la-justicia-posible-atentado-en-su-contra\/"},"wordCount":603,"publisher":{"@id":"https:\/\/apuntesdesanluis.com\/#\/schema\/person\/b55151d52296fcce64d1a72538a70b90"},"image":{"@id":"https:\/\/apuntesdesanluis.com\/index.php\/2023\/09\/14\/el-diputado-francisco-irusta-denuncio-ante-la-justicia-posible-atentado-en-su-contra\/#primaryimage"},"thumbnailUrl":"https:\/\/apuntesdesanluis.com\/wp-content\/uploads\/2023\/09\/tengo-irusta.png","articleSection":["Ciudad\/Provincia"],"inLanguage":"es-AR"},{"@type":"WebPage","@id":"https:\/\/apuntesdesanluis.com\/index.php\/2023\/09\/14\/el-diputado-francisco-irusta-denuncio-ante-la-justicia-posible-atentado-en-su-contra\/","url":"https:\/\/apuntesdesanluis.com\/index.php\/2023\/09\/14\/el-diputado-francisco-irusta-denuncio-ante-la-justicia-posible-atentado-en-su-contra\/","name":"\u201c\u00bfA VER QUI\u00c9N SE PRENDE MA\u00d1ANA PARA REVENTARLE LA CASA AL TENGO IRUSTA?\u201d - Apuntes de San Luis","isPartOf":{"@id":"https:\/\/apuntesdesanluis.com\/#website"},"primaryImageOfPage":{"@id":"https:\/\/apuntesdesanluis.com\/index.php\/2023\/09\/14\/el-diputado-francisco-irusta-denuncio-ante-la-justicia-posible-atentado-en-su-contra\/#primaryimage"},"image":{"@id":"https:\/\/apuntesdesanluis.com\/index.php\/2023\/09\/14\/el-diputado-francisco-irusta-denuncio-ante-la-justicia-posible-atentado-en-su-contra\/#primaryimage"},"thumbnailUrl":"https:\/\/apuntesdesanluis.com\/wp-content\/uploads\/2023\/09\/tengo-irusta.png","datePublished":"2023-09-15T01:07:54+00:00","dateModified":"2023-09-15T01:11:42+00:00","breadcrumb":{"@id":"https:\/\/apuntesdesanluis.com\/index.php\/2023\/09\/14\/el-diputado-francisco-irusta-denuncio-ante-la-justicia-posible-atentado-en-su-contra\/#breadcrumb"},"inLanguage":"es-AR","potentialAction":[{"@type":"ReadAction","target":["https:\/\/apuntesdesanluis.com\/index.php\/2023\/09\/14\/el-diputado-francisco-irusta-denuncio-ante-la-justicia-posible-atentado-en-su-contra\/"]}]},{"@type":"ImageObject","inLanguage":"es-AR","@id":"https:\/\/apuntesdesanluis.com\/index.php\/2023\/09\/14\/el-diputado-francisco-irusta-denuncio-ante-la-justicia-posible-atentado-en-su-contra\/#primaryimage","url":"https:\/\/apuntesdesanluis.com\/wp-content\/uploads\/2023\/09\/tengo-irusta.png","contentUrl":"https:\/\/apuntesdesanluis.com\/wp-content\/uploads\/2023\/09\/tengo-irusta.png","width":627,"height":407},{"@type":"BreadcrumbList","@id":"https:\/\/apuntesdesanluis.com\/index.php\/2023\/09\/14\/el-diputado-francisco-irusta-denuncio-ante-la-justicia-posible-atentado-en-su-contra\/#breadcrumb","itemListElement":[{"@type":"ListItem","position":1,"name":"Inicio","item":"https:\/\/apuntesdesanluis.com\/"},{"@type":"ListItem","position":2,"name":"\u201c\u00bfA VER QUI\u00c9N SE PRENDE MA\u00d1ANA PARA REVENTARLE LA CASA AL TENGO IRUSTA?\u201d"}]},{"@type":"WebSite","@id":"https:\/\/apuntesdesanluis.com\/#website","url":"https:\/\/apuntesdesanluis.com\/","name":"Apuntes de San Luis","description":"","publisher":{"@id":"https:\/\/apuntesdesanluis.com\/#\/schema\/person\/b55151d52296fcce64d1a72538a70b90"},"potentialAction":[{"@type":"SearchAction","target":{"@type":"EntryPoint","urlTemplate":"https:\/\/apuntesdesanluis.com\/?s={search_term_string}"},"query-input":{"@type":"PropertyValueSpecification","valueRequired":true,"valueName":"search_term_string"}}],"inLanguage":"es-AR"},{"@type":["Person","Organization"],"@id":"https:\/\/apuntesdesanluis.com\/#\/schema\/person\/b55151d52296fcce64d1a72538a70b90","name":"apuntesdesanluis.com","image":{"@type":"ImageObject","inLanguage":"es-AR","@id":"https:\/\/apuntesdesanluis.com\/#\/schema\/person\/image\/","url":"https:\/\/apuntesdesanluis.com\/wp-content\/uploads\/2023\/07\/cropped-apuntesdesanluis.png","contentUrl":"https:\/\/apuntesdesanluis.com\/wp-content\/uploads\/2023\/07\/cropped-apuntesdesanluis.png","width":450,"height":112,"caption":"apuntesdesanluis.com"},"logo":{"@id":"https:\/\/apuntesdesanluis.com\/#\/schema\/person\/image\/"},"sameAs":["https:\/\/apuntesdesanluis.com"],"url":"https:\/\/apuntesdesanluis.com\/index.php\/author\/apuntesdesanluis-com\/"}]}},"featured_image_urls":{"full":["https:\/\/apuntesdesanluis.com\/wp-content\/uploads\/2023\/09\/tengo-irusta.png",627,407,false],"thumbnail":["https:\/\/apuntesdesanluis.com\/wp-content\/uploads\/2023\/09\/tengo-irusta-150x150.png",150,150,true],"medium":["https:\/\/apuntesdesanluis.com\/wp-content\/uploads\/2023\/09\/tengo-irusta-300x195.png",300,195,true],"medium_large":["https:\/\/apuntesdesanluis.com\/wp-content\/uploads\/2023\/09\/tengo-irusta.png",627,407,false],"large":["https:\/\/apuntesdesanluis.com\/wp-content\/uploads\/2023\/09\/tengo-irusta.png",627,407,false],"1536x1536":["https:\/\/apuntesdesanluis.com\/wp-content\/uploads\/2023\/09\/tengo-irusta.png",627,407,false],"2048x2048":["https:\/\/apuntesdesanluis.com\/wp-content\/uploads\/2023\/09\/tengo-irusta.png",627,407,false],"newsever-slider-full":["https:\/\/apuntesdesanluis.com\/wp-content\/uploads\/2023\/09\/tengo-irusta.png",627,407,false],"newsever-featured":["https:\/\/apuntesdesanluis.com\/wp-content\/uploads\/2023\/09\/tengo-irusta.png",627,407,false],"newsever-medium":["https:\/\/apuntesdesanluis.com\/wp-content\/uploads\/2023\/09\/tengo-irusta.png",627,407,false]},"author_info":{"display_name":"apuntesdesanluis.com","author_link":"https:\/\/apuntesdesanluis.com\/index.php\/author\/apuntesdesanluis-com\/"},"category_info":"<a href=\"https:\/\/apuntesdesanluis.com\/index.php\/category\/ciudad-provincia\/\" rel=\"category tag\">Ciudad\/Provincia<\/a>","tag_info":"Ciudad\/Provincia","comment_count":"0","_links":{"self":[{"href":"https:\/\/apuntesdesanluis.com\/index.php\/wp-json\/wp\/v2\/posts\/3327","targetHints":{"allow":["GET"]}}],"collection":[{"href":"https:\/\/apuntesdesanluis.com\/index.php\/wp-json\/wp\/v2\/posts"}],"about":[{"href":"https:\/\/apuntesdesanluis.com\/index.php\/wp-json\/wp\/v2\/types\/post"}],"author":[{"embeddable":true,"href":"https:\/\/apuntesdesanluis.com\/index.php\/wp-json\/wp\/v2\/users\/1"}],"replies":[{"embeddable":true,"href":"https:\/\/apuntesdesanluis.com\/index.php\/wp-json\/wp\/v2\/comments?post=3327"}],"version-history":[{"count":5,"href":"https:\/\/apuntesdesanluis.com\/index.php\/wp-json\/wp\/v2\/posts\/3327\/revisions"}],"predecessor-version":[{"id":3336,"href":"https:\/\/apuntesdesanluis.com\/index.php\/wp-json\/wp\/v2\/posts\/3327\/revisions\/3336"}],"wp:featuredmedia":[{"embeddable":true,"href":"https:\/\/apuntesdesanluis.com\/index.php\/wp-json\/wp\/v2\/media\/3328"}],"wp:attachment":[{"href":"https:\/\/apuntesdesanluis.com\/index.php\/wp-json\/wp\/v2\/media?parent=3327"}],"wp:term":[{"taxonomy":"category","embeddable":true,"href":"https:\/\/apuntesdesanluis.com\/index.php\/wp-json\/wp\/v2\/categories?post=3327"},{"taxonomy":"post_tag","embeddable":true,"href":"https:\/\/apuntesdesanluis.com\/index.php\/wp-json\/wp\/v2\/tags?post=3327"}],"curies":[{"name":"wp","href":"https:\/\/api.w.org\/{rel}","templated":true}]}}