{"id":3337,"date":"2023-09-14T22:17:28","date_gmt":"2023-09-15T01:17:28","guid":{"rendered":"https:\/\/apuntesdesanluis.com\/?p=3337"},"modified":"2023-09-14T22:17:28","modified_gmt":"2023-09-15T01:17:28","slug":"milei-dijo-que-el-aborto-es-un-asesinato-agravado-por-el-vinculo","status":"publish","type":"post","link":"https:\/\/apuntesdesanluis.com\/index.php\/2023\/09\/14\/milei-dijo-que-el-aborto-es-un-asesinato-agravado-por-el-vinculo\/","title":{"rendered":"MILEI DIJO QUE EL ABORTO ES UN &#8220;ASESINATO AGRAVADO POR EL V\u00cdNCULO&#8221;"},"content":{"rendered":"<h3>El candidato libertario cuestion\u00f3 tambi\u00e9n el Ministerio de las Mujeres y dijo que hizo &#8220;m\u00e1s da\u00f1o&#8221; y no ha &#8220;logrado ning\u00fan resultado&#8221;.<\/h3>\n<h3>El candidato presidencial de La Libertad Avanza (LLA), Javier Milei, asegur\u00f3 que &#8220;el aborto es un asesinato agravado por el v\u00ednculo&#8221;, al tiempo que lanz\u00f3 duras cr\u00edticas al Ministerio de la Mujer y se pregunt\u00f3 &#8220;por qu\u00e9 no hay Ministerio del Hombre&#8221;.<\/h3>\n<h3>&#8220;Nosotros creemos que el liberalismo es el respeto irrestricto de la vida del pr\u00f3jimo basado en la no agresi\u00f3n y en la defensa al derecho a la vida y a la libertad. Una de las ideas fundamentales es defender el derecho a la vida. Tambi\u00e9n hay una explicaci\u00f3n desde el plano de la ciencia: la vida comienza con la fecundaci\u00f3n&#8221;, inici\u00f3 Milei al ser consultado sobre el tema por el periodista estadounidense Tuckson Carlson.<\/h3>\n<h3>&#8220;Se genera un nuevo ser en evoluci\u00f3n con un ADN distinto. Es cierto que la mujer tiene derechos sobre su cuerpo, pero ese ni\u00f1o no es su cuerpo. El ni\u00f1o no es su cuerpo. Por lo tanto el aborto es un asesinato agravado por el v\u00ednculo y por el diferencial de fuerzas&#8221;, subray\u00f3 el libertario.<\/h3>\n<h3>En tanto, se refiri\u00f3 al Ministerio de las Mujeres, que eliminar\u00e1 en caso de llegar a la Casa Rosada, y sostuvo: &#8220;Supuestamente se dedica a ocuparse de los temas vinculados a las mujeres. Cuando uno mira los resultados, no han logrado ning\u00fan resultado. Las mujeres no son m\u00e1s felices&#8221;.<\/h3>\n<h3>&#8220;Pintar un banco de plaza de un color rojo o hacer una canci\u00f3n no modifica los problemas que pueden estar padeciendo las mujeres. Uno de los mayores logros del liberalismo es la igualdad ante la ley. \u00bfPor qu\u00e9 no hay un Ministerio de Hombres? No solo eso, sino que adem\u00e1s, si tenemos igualdad ante la ley, necesitamos que la ley se cumpla, no que haya un Ministerio de la Mujer. Dicen \u2018el techo de cristal y que ganan menos\u2019 y al mismo tiempo sostienen que los empresarios son unos cerdos malditos que solo les importa ganar plata&#8221;, recalc\u00f3 Milei.<\/h3>\n<h3>Y agreg\u00f3: &#8220;Cada vez que interviene el Estado, como es una acci\u00f3n violenta que termina perjudicando el derecho de propiedad y a la libertad, el resultado final es mucho peor de lo que ten\u00edamos originalmente. El Ministerio de la Mujer era obvio que iba a causar m\u00e1s da\u00f1o a las mujeres, salvo a las que son empleadas p\u00fablicas&#8221;.<\/h3>\n","protected":false},"excerpt":{"rendered":"<p>El candidato libertario cuestion\u00f3 tambi\u00e9n el Ministerio de las Mujeres y dijo que hizo &#8220;m\u00e1s&#8230;<\/p>\n","protected":false},"author":1,"featured_media":3338,"comment_status":"closed","ping_status":"closed","sticky":false,"template":"","format":"standard","meta":{"footnotes":""},"categories":[5],"tags":[],"class_list":["post-3337","post","type-post","status-publish","format-standard","has-post-thumbnail","hentry","category-nacionales-internacionales"],"yoast_head":"<!-- This site is optimized with the Yoast SEO plugin v26.1.1 - https:\/\/yoast.com\/wordpress\/plugins\/seo\/ -->\n<title>MILEI DIJO QUE EL ABORTO ES UN &quot;ASESINATO AGRAVADO POR EL V\u00cdNCULO&quot; - Apuntes de San Luis<\/title>\n<meta name=\"robots\" content=\"index, follow, max-snippet:-1, max-image-preview:large, max-video-preview:-1\" \/>\n<link rel=\"canonical\" href=\"https:\/\/apuntesdesanluis.com\/index.php\/2023\/09\/14\/milei-dijo-que-el-aborto-es-un-asesinato-agravado-por-el-vinculo\/\" \/>\n<meta property=\"og:locale\" content=\"es_ES\" \/>\n<meta property=\"og:type\" content=\"article\" \/>\n<meta property=\"og:title\" content=\"MILEI DIJO QUE EL ABORTO ES UN &quot;ASESINATO AGRAVADO POR EL V\u00cdNCULO&quot; - Apuntes de San Luis\" \/>\n<meta property=\"og:description\" content=\"El candidato libertario cuestion\u00f3 tambi\u00e9n el Ministerio de las Mujeres y dijo que hizo &#8220;m\u00e1s...\" \/>\n<meta property=\"og:url\" content=\"https:\/\/apuntesdesanluis.com\/index.php\/2023\/09\/14\/milei-dijo-que-el-aborto-es-un-asesinato-agravado-por-el-vinculo\/\" \/>\n<meta property=\"og:site_name\" content=\"Apuntes de San Luis\" \/>\n<meta property=\"article:published_time\" content=\"2023-09-15T01:17:28+00:00\" \/>\n<meta property=\"og:image\" content=\"https:\/\/apuntesdesanluis.com\/wp-content\/uploads\/2023\/09\/milei-3.png\" \/>\n\t<meta property=\"og:image:width\" content=\"781\" \/>\n\t<meta property=\"og:image:height\" content=\"479\" \/>\n\t<meta property=\"og:image:type\" content=\"image\/png\" \/>\n<meta name=\"author\" content=\"apuntesdesanluis.com\" \/>\n<meta name=\"twitter:card\" content=\"summary_large_image\" \/>\n<meta name=\"twitter:label1\" content=\"Escrito por\" \/>\n\t<meta name=\"twitter:data1\" content=\"apuntesdesanluis.com\" \/>\n\t<meta name=\"twitter:label2\" content=\"Tiempo de lectura\" \/>\n\t<meta name=\"twitter:data2\" content=\"2 minutos\" \/>\n<script type=\"application\/ld+json\" class=\"yoast-schema-graph\">{\"@context\":\"https:\/\/schema.org\",\"@graph\":[{\"@type\":\"Article\",\"@id\":\"https:\/\/apuntesdesanluis.com\/index.php\/2023\/09\/14\/milei-dijo-que-el-aborto-es-un-asesinato-agravado-por-el-vinculo\/#article\",\"isPartOf\":{\"@id\":\"https:\/\/apuntesdesanluis.com\/index.php\/2023\/09\/14\/milei-dijo-que-el-aborto-es-un-asesinato-agravado-por-el-vinculo\/\"},\"author\":{\"name\":\"apuntesdesanluis.com\",\"@id\":\"https:\/\/apuntesdesanluis.com\/#\/schema\/person\/b55151d52296fcce64d1a72538a70b90\"},\"headline\":\"MILEI DIJO QUE EL ABORTO ES UN &#8220;ASESINATO AGRAVADO POR EL V\u00cdNCULO&#8221;\",\"datePublished\":\"2023-09-15T01:17:28+00:00\",\"mainEntityOfPage\":{\"@id\":\"https:\/\/apuntesdesanluis.com\/index.php\/2023\/09\/14\/milei-dijo-que-el-aborto-es-un-asesinato-agravado-por-el-vinculo\/\"},\"wordCount\":436,\"publisher\":{\"@id\":\"https:\/\/apuntesdesanluis.com\/#\/schema\/person\/b55151d52296fcce64d1a72538a70b90\"},\"image\":{\"@id\":\"https:\/\/apuntesdesanluis.com\/index.php\/2023\/09\/14\/milei-dijo-que-el-aborto-es-un-asesinato-agravado-por-el-vinculo\/#primaryimage\"},\"thumbnailUrl\":\"https:\/\/apuntesdesanluis.com\/wp-content\/uploads\/2023\/09\/milei-3.png\",\"articleSection\":[\"Nacionales\/Internacionales\"],\"inLanguage\":\"es-AR\"},{\"@type\":\"WebPage\",\"@id\":\"https:\/\/apuntesdesanluis.com\/index.php\/2023\/09\/14\/milei-dijo-que-el-aborto-es-un-asesinato-agravado-por-el-vinculo\/\",\"url\":\"https:\/\/apuntesdesanluis.com\/index.php\/2023\/09\/14\/milei-dijo-que-el-aborto-es-un-asesinato-agravado-por-el-vinculo\/\",\"name\":\"MILEI DIJO QUE EL ABORTO ES UN \\\"ASESINATO AGRAVADO POR EL V\u00cdNCULO\\\" - Apuntes de San Luis\",\"isPartOf\":{\"@id\":\"https:\/\/apuntesdesanluis.com\/#website\"},\"primaryImageOfPage\":{\"@id\":\"https:\/\/apuntesdesanluis.com\/index.php\/2023\/09\/14\/milei-dijo-que-el-aborto-es-un-asesinato-agravado-por-el-vinculo\/#primaryimage\"},\"image\":{\"@id\":\"https:\/\/apuntesdesanluis.com\/index.php\/2023\/09\/14\/milei-dijo-que-el-aborto-es-un-asesinato-agravado-por-el-vinculo\/#primaryimage\"},\"thumbnailUrl\":\"https:\/\/apuntesdesanluis.com\/wp-content\/uploads\/2023\/09\/milei-3.png\",\"datePublished\":\"2023-09-15T01:17:28+00:00\",\"breadcrumb\":{\"@id\":\"https:\/\/apuntesdesanluis.com\/index.php\/2023\/09\/14\/milei-dijo-que-el-aborto-es-un-asesinato-agravado-por-el-vinculo\/#breadcrumb\"},\"inLanguage\":\"es-AR\",\"potentialAction\":[{\"@type\":\"ReadAction\",\"target\":[\"https:\/\/apuntesdesanluis.com\/index.php\/2023\/09\/14\/milei-dijo-que-el-aborto-es-un-asesinato-agravado-por-el-vinculo\/\"]}]},{\"@type\":\"ImageObject\",\"inLanguage\":\"es-AR\",\"@id\":\"https:\/\/apuntesdesanluis.com\/index.php\/2023\/09\/14\/milei-dijo-que-el-aborto-es-un-asesinato-agravado-por-el-vinculo\/#primaryimage\",\"url\":\"https:\/\/apuntesdesanluis.com\/wp-content\/uploads\/2023\/09\/milei-3.png\",\"contentUrl\":\"https:\/\/apuntesdesanluis.com\/wp-content\/uploads\/2023\/09\/milei-3.png\",\"width\":781,\"height\":479},{\"@type\":\"BreadcrumbList\",\"@id\":\"https:\/\/apuntesdesanluis.com\/index.php\/2023\/09\/14\/milei-dijo-que-el-aborto-es-un-asesinato-agravado-por-el-vinculo\/#breadcrumb\",\"itemListElement\":[{\"@type\":\"ListItem\",\"position\":1,\"name\":\"Inicio\",\"item\":\"https:\/\/apuntesdesanluis.com\/\"},{\"@type\":\"ListItem\",\"position\":2,\"name\":\"MILEI DIJO QUE EL ABORTO ES UN &#8220;ASESINATO AGRAVADO POR EL V\u00cdNCULO&#8221;\"}]},{\"@type\":\"WebSite\",\"@id\":\"https:\/\/apuntesdesanluis.com\/#website\",\"url\":\"https:\/\/apuntesdesanluis.com\/\",\"name\":\"Apuntes de San Luis\",\"description\":\"\",\"publisher\":{\"@id\":\"https:\/\/apuntesdesanluis.com\/#\/schema\/person\/b55151d52296fcce64d1a72538a70b90\"},\"potentialAction\":[{\"@type\":\"SearchAction\",\"target\":{\"@type\":\"EntryPoint\",\"urlTemplate\":\"https:\/\/apuntesdesanluis.com\/?s={search_term_string}\"},\"query-input\":{\"@type\":\"PropertyValueSpecification\",\"valueRequired\":true,\"valueName\":\"search_term_string\"}}],\"inLanguage\":\"es-AR\"},{\"@type\":[\"Person\",\"Organization\"],\"@id\":\"https:\/\/apuntesdesanluis.com\/#\/schema\/person\/b55151d52296fcce64d1a72538a70b90\",\"name\":\"apuntesdesanluis.com\",\"image\":{\"@type\":\"ImageObject\",\"inLanguage\":\"es-AR\",\"@id\":\"https:\/\/apuntesdesanluis.com\/#\/schema\/person\/image\/\",\"url\":\"https:\/\/apuntesdesanluis.com\/wp-content\/uploads\/2023\/07\/cropped-apuntesdesanluis.png\",\"contentUrl\":\"https:\/\/apuntesdesanluis.com\/wp-content\/uploads\/2023\/07\/cropped-apuntesdesanluis.png\",\"width\":450,\"height\":112,\"caption\":\"apuntesdesanluis.com\"},\"logo\":{\"@id\":\"https:\/\/apuntesdesanluis.com\/#\/schema\/person\/image\/\"},\"sameAs\":[\"https:\/\/apuntesdesanluis.com\"],\"url\":\"https:\/\/apuntesdesanluis.com\/index.php\/author\/apuntesdesanluis-com\/\"}]}<\/script>\n<!-- \/ Yoast SEO plugin. -->","yoast_head_json":{"title":"MILEI DIJO QUE EL ABORTO ES UN \"ASESINATO AGRAVADO POR EL V\u00cdNCULO\" - Apuntes de San Luis","robots":{"index":"index","follow":"follow","max-snippet":"max-snippet:-1","max-image-preview":"max-image-preview:large","max-video-preview":"max-video-preview:-1"},"canonical":"https:\/\/apuntesdesanluis.com\/index.php\/2023\/09\/14\/milei-dijo-que-el-aborto-es-un-asesinato-agravado-por-el-vinculo\/","og_locale":"es_ES","og_type":"article","og_title":"MILEI DIJO QUE EL ABORTO ES UN \"ASESINATO AGRAVADO POR EL V\u00cdNCULO\" - Apuntes de San Luis","og_description":"El candidato libertario cuestion\u00f3 tambi\u00e9n el Ministerio de las Mujeres y dijo que hizo &#8220;m\u00e1s...","og_url":"https:\/\/apuntesdesanluis.com\/index.php\/2023\/09\/14\/milei-dijo-que-el-aborto-es-un-asesinato-agravado-por-el-vinculo\/","og_site_name":"Apuntes de San Luis","article_published_time":"2023-09-15T01:17:28+00:00","og_image":[{"width":781,"height":479,"url":"https:\/\/apuntesdesanluis.com\/wp-content\/uploads\/2023\/09\/milei-3.png","type":"image\/png"}],"author":"apuntesdesanluis.com","twitter_card":"summary_large_image","twitter_misc":{"Escrito por":"apuntesdesanluis.com","Tiempo de lectura":"2 minutos"},"schema":{"@context":"https:\/\/schema.org","@graph":[{"@type":"Article","@id":"https:\/\/apuntesdesanluis.com\/index.php\/2023\/09\/14\/milei-dijo-que-el-aborto-es-un-asesinato-agravado-por-el-vinculo\/#article","isPartOf":{"@id":"https:\/\/apuntesdesanluis.com\/index.php\/2023\/09\/14\/milei-dijo-que-el-aborto-es-un-asesinato-agravado-por-el-vinculo\/"},"author":{"name":"apuntesdesanluis.com","@id":"https:\/\/apuntesdesanluis.com\/#\/schema\/person\/b55151d52296fcce64d1a72538a70b90"},"headline":"MILEI DIJO QUE EL ABORTO ES UN &#8220;ASESINATO AGRAVADO POR EL V\u00cdNCULO&#8221;","datePublished":"2023-09-15T01:17:28+00:00","mainEntityOfPage":{"@id":"https:\/\/apuntesdesanluis.com\/index.php\/2023\/09\/14\/milei-dijo-que-el-aborto-es-un-asesinato-agravado-por-el-vinculo\/"},"wordCount":436,"publisher":{"@id":"https:\/\/apuntesdesanluis.com\/#\/schema\/person\/b55151d52296fcce64d1a72538a70b90"},"image":{"@id":"https:\/\/apuntesdesanluis.com\/index.php\/2023\/09\/14\/milei-dijo-que-el-aborto-es-un-asesinato-agravado-por-el-vinculo\/#primaryimage"},"thumbnailUrl":"https:\/\/apuntesdesanluis.com\/wp-content\/uploads\/2023\/09\/milei-3.png","articleSection":["Nacionales\/Internacionales"],"inLanguage":"es-AR"},{"@type":"WebPage","@id":"https:\/\/apuntesdesanluis.com\/index.php\/2023\/09\/14\/milei-dijo-que-el-aborto-es-un-asesinato-agravado-por-el-vinculo\/","url":"https:\/\/apuntesdesanluis.com\/index.php\/2023\/09\/14\/milei-dijo-que-el-aborto-es-un-asesinato-agravado-por-el-vinculo\/","name":"MILEI DIJO QUE EL ABORTO ES UN \"ASESINATO AGRAVADO POR EL V\u00cdNCULO\" - Apuntes de San Luis","isPartOf":{"@id":"https:\/\/apuntesdesanluis.com\/#website"},"primaryImageOfPage":{"@id":"https:\/\/apuntesdesanluis.com\/index.php\/2023\/09\/14\/milei-dijo-que-el-aborto-es-un-asesinato-agravado-por-el-vinculo\/#primaryimage"},"image":{"@id":"https:\/\/apuntesdesanluis.com\/index.php\/2023\/09\/14\/milei-dijo-que-el-aborto-es-un-asesinato-agravado-por-el-vinculo\/#primaryimage"},"thumbnailUrl":"https:\/\/apuntesdesanluis.com\/wp-content\/uploads\/2023\/09\/milei-3.png","datePublished":"2023-09-15T01:17:28+00:00","breadcrumb":{"@id":"https:\/\/apuntesdesanluis.com\/index.php\/2023\/09\/14\/milei-dijo-que-el-aborto-es-un-asesinato-agravado-por-el-vinculo\/#breadcrumb"},"inLanguage":"es-AR","potentialAction":[{"@type":"ReadAction","target":["https:\/\/apuntesdesanluis.com\/index.php\/2023\/09\/14\/milei-dijo-que-el-aborto-es-un-asesinato-agravado-por-el-vinculo\/"]}]},{"@type":"ImageObject","inLanguage":"es-AR","@id":"https:\/\/apuntesdesanluis.com\/index.php\/2023\/09\/14\/milei-dijo-que-el-aborto-es-un-asesinato-agravado-por-el-vinculo\/#primaryimage","url":"https:\/\/apuntesdesanluis.com\/wp-content\/uploads\/2023\/09\/milei-3.png","contentUrl":"https:\/\/apuntesdesanluis.com\/wp-content\/uploads\/2023\/09\/milei-3.png","width":781,"height":479},{"@type":"BreadcrumbList","@id":"https:\/\/apuntesdesanluis.com\/index.php\/2023\/09\/14\/milei-dijo-que-el-aborto-es-un-asesinato-agravado-por-el-vinculo\/#breadcrumb","itemListElement":[{"@type":"ListItem","position":1,"name":"Inicio","item":"https:\/\/apuntesdesanluis.com\/"},{"@type":"ListItem","position":2,"name":"MILEI DIJO QUE EL ABORTO ES UN &#8220;ASESINATO AGRAVADO POR EL V\u00cdNCULO&#8221;"}]},{"@type":"WebSite","@id":"https:\/\/apuntesdesanluis.com\/#website","url":"https:\/\/apuntesdesanluis.com\/","name":"Apuntes de San Luis","description":"","publisher":{"@id":"https:\/\/apuntesdesanluis.com\/#\/schema\/person\/b55151d52296fcce64d1a72538a70b90"},"potentialAction":[{"@type":"SearchAction","target":{"@type":"EntryPoint","urlTemplate":"https:\/\/apuntesdesanluis.com\/?s={search_term_string}"},"query-input":{"@type":"PropertyValueSpecification","valueRequired":true,"valueName":"search_term_string"}}],"inLanguage":"es-AR"},{"@type":["Person","Organization"],"@id":"https:\/\/apuntesdesanluis.com\/#\/schema\/person\/b55151d52296fcce64d1a72538a70b90","name":"apuntesdesanluis.com","image":{"@type":"ImageObject","inLanguage":"es-AR","@id":"https:\/\/apuntesdesanluis.com\/#\/schema\/person\/image\/","url":"https:\/\/apuntesdesanluis.com\/wp-content\/uploads\/2023\/07\/cropped-apuntesdesanluis.png","contentUrl":"https:\/\/apuntesdesanluis.com\/wp-content\/uploads\/2023\/07\/cropped-apuntesdesanluis.png","width":450,"height":112,"caption":"apuntesdesanluis.com"},"logo":{"@id":"https:\/\/apuntesdesanluis.com\/#\/schema\/person\/image\/"},"sameAs":["https:\/\/apuntesdesanluis.com"],"url":"https:\/\/apuntesdesanluis.com\/index.php\/author\/apuntesdesanluis-com\/"}]}},"featured_image_urls":{"full":["https:\/\/apuntesdesanluis.com\/wp-content\/uploads\/2023\/09\/milei-3.png",781,479,false],"thumbnail":["https:\/\/apuntesdesanluis.com\/wp-content\/uploads\/2023\/09\/milei-3-150x150.png",150,150,true],"medium":["https:\/\/apuntesdesanluis.com\/wp-content\/uploads\/2023\/09\/milei-3-300x184.png",300,184,true],"medium_large":["https:\/\/apuntesdesanluis.com\/wp-content\/uploads\/2023\/09\/milei-3-768x471.png",640,393,true],"large":["https:\/\/apuntesdesanluis.com\/wp-content\/uploads\/2023\/09\/milei-3.png",640,393,false],"1536x1536":["https:\/\/apuntesdesanluis.com\/wp-content\/uploads\/2023\/09\/milei-3.png",781,479,false],"2048x2048":["https:\/\/apuntesdesanluis.com\/wp-content\/uploads\/2023\/09\/milei-3.png",781,479,false],"newsever-slider-full":["https:\/\/apuntesdesanluis.com\/wp-content\/uploads\/2023\/09\/milei-3.png",781,479,false],"newsever-featured":["https:\/\/apuntesdesanluis.com\/wp-content\/uploads\/2023\/09\/milei-3.png",781,479,false],"newsever-medium":["https:\/\/apuntesdesanluis.com\/wp-content\/uploads\/2023\/09\/milei-3-720x475.png",720,475,true]},"author_info":{"display_name":"apuntesdesanluis.com","author_link":"https:\/\/apuntesdesanluis.com\/index.php\/author\/apuntesdesanluis-com\/"},"category_info":"<a href=\"https:\/\/apuntesdesanluis.com\/index.php\/category\/nacionales-internacionales\/\" rel=\"category tag\">Nacionales\/Internacionales<\/a>","tag_info":"Nacionales\/Internacionales","comment_count":"0","_links":{"self":[{"href":"https:\/\/apuntesdesanluis.com\/index.php\/wp-json\/wp\/v2\/posts\/3337","targetHints":{"allow":["GET"]}}],"collection":[{"href":"https:\/\/apuntesdesanluis.com\/index.php\/wp-json\/wp\/v2\/posts"}],"about":[{"href":"https:\/\/apuntesdesanluis.com\/index.php\/wp-json\/wp\/v2\/types\/post"}],"author":[{"embeddable":true,"href":"https:\/\/apuntesdesanluis.com\/index.php\/wp-json\/wp\/v2\/users\/1"}],"replies":[{"embeddable":true,"href":"https:\/\/apuntesdesanluis.com\/index.php\/wp-json\/wp\/v2\/comments?post=3337"}],"version-history":[{"count":1,"href":"https:\/\/apuntesdesanluis.com\/index.php\/wp-json\/wp\/v2\/posts\/3337\/revisions"}],"predecessor-version":[{"id":3339,"href":"https:\/\/apuntesdesanluis.com\/index.php\/wp-json\/wp\/v2\/posts\/3337\/revisions\/3339"}],"wp:featuredmedia":[{"embeddable":true,"href":"https:\/\/apuntesdesanluis.com\/index.php\/wp-json\/wp\/v2\/media\/3338"}],"wp:attachment":[{"href":"https:\/\/apuntesdesanluis.com\/index.php\/wp-json\/wp\/v2\/media?parent=3337"}],"wp:term":[{"taxonomy":"category","embeddable":true,"href":"https:\/\/apuntesdesanluis.com\/index.php\/wp-json\/wp\/v2\/categories?post=3337"},{"taxonomy":"post_tag","embeddable":true,"href":"https:\/\/apuntesdesanluis.com\/index.php\/wp-json\/wp\/v2\/tags?post=3337"}],"curies":[{"name":"wp","href":"https:\/\/api.w.org\/{rel}","templated":true}]}}