{"id":3340,"date":"2023-09-14T22:22:42","date_gmt":"2023-09-15T01:22:42","guid":{"rendered":"https:\/\/apuntesdesanluis.com\/?p=3340"},"modified":"2023-09-14T22:22:42","modified_gmt":"2023-09-15T01:22:42","slug":"entre-promesas-de-terminar-con-el-kirchnerismo-patricia-bullrich-presento-su-nuevo-libro-con-macri-y-larreta","status":"publish","type":"post","link":"https:\/\/apuntesdesanluis.com\/index.php\/2023\/09\/14\/entre-promesas-de-terminar-con-el-kirchnerismo-patricia-bullrich-presento-su-nuevo-libro-con-macri-y-larreta\/","title":{"rendered":"ENTRE PROMESAS DE TERMINAR CON EL KIRCHNERISMO, PATRICIA BULLRICH PRESENT\u00d3 SU NUEVO LIBRO CON MACRI Y LARRETA"},"content":{"rendered":"<h3 class=\"yiv7409174924ydp6329976emsonormal\" style=\"background: white;\"><span style=\"font-family: 'Arial','sans-serif'; color: #1d2228;\">En un acto de campa\u00f1a con el formato de la presentaci\u00f3n de su nuevo libro, <strong>Patricia Bullrich<\/strong> llen\u00f3 el Aula Magna de Facultad de Derecho de la UBA con la plana mayor de Juntos por el Cambio, invitados de todo tipo y p\u00fablico com\u00fan. No hubo foto de unidad, como algunos esperaban, pero s\u00ed la presencia de Mauricio Macri y Horacio Rodr\u00edguez Larreta en primera fila y una menci\u00f3n elogiosa a ambos.<\/span><\/h3>\n<h3 class=\"yiv7409174924ydp6329976emsonormal\" style=\"background: white;\"><span style=\"font-family: 'Arial','sans-serif'; color: #1d2228;\">Fue, sobre todo, una oportunidad de la candidata presidencial para ratificar el mensaje de que el profundo cambio que propone si gana las elecciones permitir\u00e1 \u201cgenerar un pa\u00eds ordenado\u201d y \u201cterminar con el kirchnerismo\u201d, con una promesa final, de tono m\u00e1s humano, que \u201ccomo madre y abuela\u201d, pondr\u00e1 \u201clo que hay que poner para mejorar la situaci\u00f3n de los chicos y de los abuelos\u201d.<\/span><\/h3>\n<h3 class=\"yiv7409174924ydp6329976emsonormal\" style=\"background: white;\"><span style=\"font-family: 'Arial','sans-serif'; color: #1d2228;\">\u201cFuimos y somos nosotros la \u00fanica fuerza que puso y pone el cuerpo para terminar con este modelo de destrucci\u00f3n y hambre; fue un largo camino y esta es la batalla final\u201d, resalt\u00f3 Bullrich en el discurso con el que concluy\u00f3 el acto, con ella sola sobre el escenario tras el di\u00e1logo que entabl\u00f3 con Luis Petri, su compa\u00f1ero de f\u00f3rmula, y la abogada Silvina Mart\u00ednez, para presentar distintas partes de su nuevo libro \u201cDe un d\u00eda para otro. Medidas para cambiar de verdad en las primeras 24 horas de gobierno\u201d.<\/span><\/h3>\n<h3 class=\"yiv7409174924ydp6329976emsonormal\" style=\"background: white;\"><span style=\"font-family: 'Arial','sans-serif'; color: #1d2228;\">El acto, organizado hasta en sus m\u00e1s m\u00ednimos detalles por Hern\u00e1n Lombardi y el equipo de Gabriela Ricardes, los mismos que se encargaron de las presentaciones de los libros de Macri, tuvo un clima triunfalista, en el que los asistentes se encargaron de recordar el esp\u00edritu de \u201clas plazas del s\u00ed\u201d, gracias a la cuales el ex presidente logr\u00f3 el 41% de los votos en 2019: \u201cS\u00ed, se puede\u201d, repitieron desde el enorme sal\u00f3n de la Facultad de Derecho, en el que el estribillo repetido fue \u201cPatricia presidente\u201d.<\/span><\/h3>\n<h3 class=\"yiv7409174924ydp6329976emsonormal\" style=\"background: white;\"><span style=\"font-family: 'Arial','sans-serif'; color: #1d2228;\">El p\u00fablico y los militantes esperaron pacientemente para entrar y colmaron el Aula Magna, pero la expectativa de todos estaba puesta, adem\u00e1s de Bullrich, en las figuras de JxC que fueron mostr\u00e1ndose a cuentagotas en el lugar. El primero fue Miguel Angel Pichetto. A las 18.01 lleg\u00f3 Macri y fue ovacionado: se sent\u00f3 al lado del radical Ernesto Sanz y se prest\u00f3 a interminables selfies. Ocho minutos m\u00e1s tarde apareci\u00f3 Larreta: su saludo con Macri fue g\u00e9lido y se acomod\u00f3 a tres asientos de distancia, entre Cristian Ritondo y Mario Negri. Otro dirigente que despert\u00f3 ovaciones fue Petri.<\/span><\/h3>\n<h3 class=\"yiv7409174924ydp6329976emsonormal\" style=\"background: white;\"><span style=\"font-family: 'Arial','sans-serif'; color: #1d2228;\">Entre los presentes estuvieron obviamente todos los bullrichistas: Juan Pablo Arenaza, Dami\u00e1n Arabia (que se gan\u00f3 otro fuerte aplauso como presentador del evento), Federico Pinedo, Maximiliano Abad, Humberto Schiavoni, Laura Alonso, Manuel Passaglia, Silvina Giudici, Lalo Creus y Paula Bertol, entre otros; dirigentes larretistas como Diego Santilli, Soledad Acu\u00f1a, Silvia Lospennato, Julio Garro y Hern\u00e1n Lacunza; radicales como Karina Banfi y Mart\u00edn Tetaz, y referentes de la Coalici\u00f3n C\u00edvica como Maximiliano Ferraro, su presidente, y Hern\u00e1n Reyes. Tambi\u00e9n asisti\u00f3 el gobernador electo de San Luis, Claudio Poggi; Jorge Macri, Fernando Iglesias, Daniel Sabsay y Juan Carlos Blumberg.<\/span><\/h3>\n<h3 class=\"yiv7409174924ydp6329976emsonormal\" style=\"background: white;\"><span style=\"font-family: 'Arial','sans-serif'; color: #1d2228;\">Bullrich apareci\u00f3 con aire triunfal a las 18.17, acompa\u00f1ada por Guillermo Yanco, su marido, y la sala se llen\u00f3 de ovaciones. Luego baj\u00f3 del escenario para saludar a cada uno de los dirigentes que estaban en la primera fila (Larreta incluido) y se sent\u00f3 al lado de Macri. Desde all\u00ed escuch\u00f3 las palabras sobre su libro a cargo del abogado y escritor Carlos Manfroni. Y luego Bullrich se instal\u00f3 en una suerte de living con tres sillones y una mesa ratona junto con Petri y Mart\u00ednez, quienes le hicieron preguntas sobre distintos temas que aborda en el libro y que le permitieron dar su mensaje pol\u00edtico-electoral.<\/span><\/h3>\n<h3 class=\"yiv7409174924ydp6329976emsonormal\" style=\"background: white;\"><span style=\"font-family: 'Arial','sans-serif'; color: #1d2228;\">Destac\u00f3 que las 24 primeras horas de su gobierno van a ser \u201ccruciales para sentar las bases que muestran un camino, que muestran algo que va a generar un shock de confianza\u201d, y enseguida lanz\u00f3 una de sus medidas iniciales en caso de llegar a la Casa Rosada, como \u201cen la Argentina no se emite m\u00e1s\u201d, \u201cun Banco Central independiente\u201d y \u201cnunca m\u00e1s un Estado que le complica la vida a la gente\u201d. \u201cEn las primeras 24 horas el poder sale del Estado y vuelve al ciudadano\u201d, enfatiz\u00f3.<\/span><\/h3>\n<h3 class=\"yiv7409174924ydp6329976emsonormal\" style=\"background: white;\"><span style=\"font-family: 'Arial','sans-serif'; color: #1d2228;\">Bullrich destac\u00f3 luego que \u201cel caos es total\u201d y prometi\u00f3 \u201cgenerar un pa\u00eds ordenado\u201d, tras lo cual detall\u00f3 que salir del caos es terminar con los piquetes, los bloqueos sindicales a las empresas, la inflaci\u00f3n \u201cque te mata\u201d y \u201cministros como Massa que con el plan platita est\u00e1n destruyendo la vida\u201d: al caracterizar a su rival de Uni\u00f3n por la Patria, dijo que \u201cte dice que va a solucionar lo que est\u00e1 destruyendo\u201d.<\/span><\/h3>\n<h3 class=\"yiv7409174924ydp6329976emsonormal\" style=\"background: white;\"><span style=\"font-family: 'Arial','sans-serif'; color: #1d2228;\">La candidata repas\u00f3 los ejes de su propuesta sobre educaci\u00f3n (tramo en el que advirti\u00f3, entre fuertes aplausos, que \u201cel ministro que no se anime a hacer lo que hay que hacer, se raja\u201d) y seguridad: en este \u00faltimo punto, luego de que Petri enumer\u00f3 sus logros como ministra de Seguridad, Bullrich destac\u00f3 que tambi\u00e9n hab\u00eda sido m\u00e9rito de un equipo que integraron Macri, Santilli y Larreta, entre otros.<\/span><\/h3>\n<h3 class=\"yiv7409174924ydp6329976emsonormal\" style=\"background: white;\"><span style=\"font-family: 'Arial','sans-serif'; color: #1d2228;\">Sobre el flagelo de los narcos, consider\u00f3 que \u201cla lucha contra el narcotr\u00e1fico es decisi\u00f3n politica, lo hac\u00e9s, hay que animarse, tener coraje y que sepan que no les tenemos miedo\u201d. Y cuando la consultaron acerca de c\u00f3mo imaginaba su primer d\u00eda en el gobierno, se\u00f1al\u00f3: \u201cImagino el primero de 1.460 d\u00edas donde tendremos el desaf\u00edo de erradicar el kirchnerismo de la Argentina\u201d. Y enseguida insisti\u00f3: \u201cTenemos la oportunidad hist\u00f3rica, con apoyo de los argentinos, de terminar con el kirchnerismo para siempre\u201d. La concurrencia no dej\u00f3 de aplaudir con energ\u00eda ninguna de estas afirmaciones.<\/span><\/h3>\n<p>&nbsp;<\/p>\n<p>&nbsp;<\/p>\n<p>&nbsp;<\/p>\n","protected":false},"excerpt":{"rendered":"<p>En un acto de campa\u00f1a con el formato de la presentaci\u00f3n de su nuevo libro,&#8230;<\/p>\n","protected":false},"author":1,"featured_media":3341,"comment_status":"closed","ping_status":"closed","sticky":false,"template":"","format":"standard","meta":{"footnotes":""},"categories":[5],"tags":[],"class_list":["post-3340","post","type-post","status-publish","format-standard","has-post-thumbnail","hentry","category-nacionales-internacionales"],"yoast_head":"<!-- This site is optimized with the Yoast SEO plugin v26.1.1 - https:\/\/yoast.com\/wordpress\/plugins\/seo\/ -->\n<title>ENTRE PROMESAS DE TERMINAR CON EL KIRCHNERISMO, PATRICIA BULLRICH PRESENT\u00d3 SU NUEVO LIBRO CON MACRI Y LARRETA - Apuntes de San Luis<\/title>\n<meta name=\"robots\" content=\"index, follow, max-snippet:-1, max-image-preview:large, max-video-preview:-1\" \/>\n<link rel=\"canonical\" href=\"https:\/\/apuntesdesanluis.com\/index.php\/2023\/09\/14\/entre-promesas-de-terminar-con-el-kirchnerismo-patricia-bullrich-presento-su-nuevo-libro-con-macri-y-larreta\/\" \/>\n<meta property=\"og:locale\" content=\"es_ES\" \/>\n<meta property=\"og:type\" content=\"article\" \/>\n<meta property=\"og:title\" content=\"ENTRE PROMESAS DE TERMINAR CON EL KIRCHNERISMO, PATRICIA BULLRICH PRESENT\u00d3 SU NUEVO LIBRO CON MACRI Y LARRETA - Apuntes de San Luis\" \/>\n<meta property=\"og:description\" content=\"En un acto de campa\u00f1a con el formato de la presentaci\u00f3n de su nuevo libro,...\" \/>\n<meta property=\"og:url\" content=\"https:\/\/apuntesdesanluis.com\/index.php\/2023\/09\/14\/entre-promesas-de-terminar-con-el-kirchnerismo-patricia-bullrich-presento-su-nuevo-libro-con-macri-y-larreta\/\" \/>\n<meta property=\"og:site_name\" content=\"Apuntes de San Luis\" \/>\n<meta property=\"article:published_time\" content=\"2023-09-15T01:22:42+00:00\" \/>\n<meta property=\"og:image\" content=\"https:\/\/apuntesdesanluis.com\/wp-content\/uploads\/2023\/09\/libro-de-bullrich.png\" \/>\n\t<meta property=\"og:image:width\" content=\"832\" \/>\n\t<meta property=\"og:image:height\" content=\"516\" \/>\n\t<meta property=\"og:image:type\" content=\"image\/png\" \/>\n<meta name=\"author\" content=\"apuntesdesanluis.com\" \/>\n<meta name=\"twitter:card\" content=\"summary_large_image\" \/>\n<meta name=\"twitter:label1\" content=\"Escrito por\" \/>\n\t<meta name=\"twitter:data1\" content=\"apuntesdesanluis.com\" \/>\n\t<meta name=\"twitter:label2\" content=\"Tiempo de lectura\" \/>\n\t<meta name=\"twitter:data2\" content=\"5 minutos\" \/>\n<script type=\"application\/ld+json\" class=\"yoast-schema-graph\">{\"@context\":\"https:\/\/schema.org\",\"@graph\":[{\"@type\":\"Article\",\"@id\":\"https:\/\/apuntesdesanluis.com\/index.php\/2023\/09\/14\/entre-promesas-de-terminar-con-el-kirchnerismo-patricia-bullrich-presento-su-nuevo-libro-con-macri-y-larreta\/#article\",\"isPartOf\":{\"@id\":\"https:\/\/apuntesdesanluis.com\/index.php\/2023\/09\/14\/entre-promesas-de-terminar-con-el-kirchnerismo-patricia-bullrich-presento-su-nuevo-libro-con-macri-y-larreta\/\"},\"author\":{\"name\":\"apuntesdesanluis.com\",\"@id\":\"https:\/\/apuntesdesanluis.com\/#\/schema\/person\/b55151d52296fcce64d1a72538a70b90\"},\"headline\":\"ENTRE PROMESAS DE TERMINAR CON EL KIRCHNERISMO, PATRICIA BULLRICH PRESENT\u00d3 SU NUEVO LIBRO CON MACRI Y LARRETA\",\"datePublished\":\"2023-09-15T01:22:42+00:00\",\"mainEntityOfPage\":{\"@id\":\"https:\/\/apuntesdesanluis.com\/index.php\/2023\/09\/14\/entre-promesas-de-terminar-con-el-kirchnerismo-patricia-bullrich-presento-su-nuevo-libro-con-macri-y-larreta\/\"},\"wordCount\":1008,\"publisher\":{\"@id\":\"https:\/\/apuntesdesanluis.com\/#\/schema\/person\/b55151d52296fcce64d1a72538a70b90\"},\"image\":{\"@id\":\"https:\/\/apuntesdesanluis.com\/index.php\/2023\/09\/14\/entre-promesas-de-terminar-con-el-kirchnerismo-patricia-bullrich-presento-su-nuevo-libro-con-macri-y-larreta\/#primaryimage\"},\"thumbnailUrl\":\"https:\/\/apuntesdesanluis.com\/wp-content\/uploads\/2023\/09\/libro-de-bullrich.png\",\"articleSection\":[\"Nacionales\/Internacionales\"],\"inLanguage\":\"es-AR\"},{\"@type\":\"WebPage\",\"@id\":\"https:\/\/apuntesdesanluis.com\/index.php\/2023\/09\/14\/entre-promesas-de-terminar-con-el-kirchnerismo-patricia-bullrich-presento-su-nuevo-libro-con-macri-y-larreta\/\",\"url\":\"https:\/\/apuntesdesanluis.com\/index.php\/2023\/09\/14\/entre-promesas-de-terminar-con-el-kirchnerismo-patricia-bullrich-presento-su-nuevo-libro-con-macri-y-larreta\/\",\"name\":\"ENTRE PROMESAS DE TERMINAR CON EL KIRCHNERISMO, PATRICIA BULLRICH PRESENT\u00d3 SU NUEVO LIBRO CON MACRI Y LARRETA - Apuntes de San Luis\",\"isPartOf\":{\"@id\":\"https:\/\/apuntesdesanluis.com\/#website\"},\"primaryImageOfPage\":{\"@id\":\"https:\/\/apuntesdesanluis.com\/index.php\/2023\/09\/14\/entre-promesas-de-terminar-con-el-kirchnerismo-patricia-bullrich-presento-su-nuevo-libro-con-macri-y-larreta\/#primaryimage\"},\"image\":{\"@id\":\"https:\/\/apuntesdesanluis.com\/index.php\/2023\/09\/14\/entre-promesas-de-terminar-con-el-kirchnerismo-patricia-bullrich-presento-su-nuevo-libro-con-macri-y-larreta\/#primaryimage\"},\"thumbnailUrl\":\"https:\/\/apuntesdesanluis.com\/wp-content\/uploads\/2023\/09\/libro-de-bullrich.png\",\"datePublished\":\"2023-09-15T01:22:42+00:00\",\"breadcrumb\":{\"@id\":\"https:\/\/apuntesdesanluis.com\/index.php\/2023\/09\/14\/entre-promesas-de-terminar-con-el-kirchnerismo-patricia-bullrich-presento-su-nuevo-libro-con-macri-y-larreta\/#breadcrumb\"},\"inLanguage\":\"es-AR\",\"potentialAction\":[{\"@type\":\"ReadAction\",\"target\":[\"https:\/\/apuntesdesanluis.com\/index.php\/2023\/09\/14\/entre-promesas-de-terminar-con-el-kirchnerismo-patricia-bullrich-presento-su-nuevo-libro-con-macri-y-larreta\/\"]}]},{\"@type\":\"ImageObject\",\"inLanguage\":\"es-AR\",\"@id\":\"https:\/\/apuntesdesanluis.com\/index.php\/2023\/09\/14\/entre-promesas-de-terminar-con-el-kirchnerismo-patricia-bullrich-presento-su-nuevo-libro-con-macri-y-larreta\/#primaryimage\",\"url\":\"https:\/\/apuntesdesanluis.com\/wp-content\/uploads\/2023\/09\/libro-de-bullrich.png\",\"contentUrl\":\"https:\/\/apuntesdesanluis.com\/wp-content\/uploads\/2023\/09\/libro-de-bullrich.png\",\"width\":832,\"height\":516},{\"@type\":\"BreadcrumbList\",\"@id\":\"https:\/\/apuntesdesanluis.com\/index.php\/2023\/09\/14\/entre-promesas-de-terminar-con-el-kirchnerismo-patricia-bullrich-presento-su-nuevo-libro-con-macri-y-larreta\/#breadcrumb\",\"itemListElement\":[{\"@type\":\"ListItem\",\"position\":1,\"name\":\"Inicio\",\"item\":\"https:\/\/apuntesdesanluis.com\/\"},{\"@type\":\"ListItem\",\"position\":2,\"name\":\"ENTRE PROMESAS DE TERMINAR CON EL KIRCHNERISMO, PATRICIA BULLRICH PRESENT\u00d3 SU NUEVO LIBRO CON MACRI Y LARRETA\"}]},{\"@type\":\"WebSite\",\"@id\":\"https:\/\/apuntesdesanluis.com\/#website\",\"url\":\"https:\/\/apuntesdesanluis.com\/\",\"name\":\"Apuntes de San Luis\",\"description\":\"\",\"publisher\":{\"@id\":\"https:\/\/apuntesdesanluis.com\/#\/schema\/person\/b55151d52296fcce64d1a72538a70b90\"},\"potentialAction\":[{\"@type\":\"SearchAction\",\"target\":{\"@type\":\"EntryPoint\",\"urlTemplate\":\"https:\/\/apuntesdesanluis.com\/?s={search_term_string}\"},\"query-input\":{\"@type\":\"PropertyValueSpecification\",\"valueRequired\":true,\"valueName\":\"search_term_string\"}}],\"inLanguage\":\"es-AR\"},{\"@type\":[\"Person\",\"Organization\"],\"@id\":\"https:\/\/apuntesdesanluis.com\/#\/schema\/person\/b55151d52296fcce64d1a72538a70b90\",\"name\":\"apuntesdesanluis.com\",\"image\":{\"@type\":\"ImageObject\",\"inLanguage\":\"es-AR\",\"@id\":\"https:\/\/apuntesdesanluis.com\/#\/schema\/person\/image\/\",\"url\":\"https:\/\/apuntesdesanluis.com\/wp-content\/uploads\/2023\/07\/cropped-apuntesdesanluis.png\",\"contentUrl\":\"https:\/\/apuntesdesanluis.com\/wp-content\/uploads\/2023\/07\/cropped-apuntesdesanluis.png\",\"width\":450,\"height\":112,\"caption\":\"apuntesdesanluis.com\"},\"logo\":{\"@id\":\"https:\/\/apuntesdesanluis.com\/#\/schema\/person\/image\/\"},\"sameAs\":[\"https:\/\/apuntesdesanluis.com\"],\"url\":\"https:\/\/apuntesdesanluis.com\/index.php\/author\/apuntesdesanluis-com\/\"}]}<\/script>\n<!-- \/ Yoast SEO plugin. -->","yoast_head_json":{"title":"ENTRE PROMESAS DE TERMINAR CON EL KIRCHNERISMO, PATRICIA BULLRICH PRESENT\u00d3 SU NUEVO LIBRO CON MACRI Y LARRETA - Apuntes de San Luis","robots":{"index":"index","follow":"follow","max-snippet":"max-snippet:-1","max-image-preview":"max-image-preview:large","max-video-preview":"max-video-preview:-1"},"canonical":"https:\/\/apuntesdesanluis.com\/index.php\/2023\/09\/14\/entre-promesas-de-terminar-con-el-kirchnerismo-patricia-bullrich-presento-su-nuevo-libro-con-macri-y-larreta\/","og_locale":"es_ES","og_type":"article","og_title":"ENTRE PROMESAS DE TERMINAR CON EL KIRCHNERISMO, PATRICIA BULLRICH PRESENT\u00d3 SU NUEVO LIBRO CON MACRI Y LARRETA - Apuntes de San Luis","og_description":"En un acto de campa\u00f1a con el formato de la presentaci\u00f3n de su nuevo libro,...","og_url":"https:\/\/apuntesdesanluis.com\/index.php\/2023\/09\/14\/entre-promesas-de-terminar-con-el-kirchnerismo-patricia-bullrich-presento-su-nuevo-libro-con-macri-y-larreta\/","og_site_name":"Apuntes de San Luis","article_published_time":"2023-09-15T01:22:42+00:00","og_image":[{"width":832,"height":516,"url":"https:\/\/apuntesdesanluis.com\/wp-content\/uploads\/2023\/09\/libro-de-bullrich.png","type":"image\/png"}],"author":"apuntesdesanluis.com","twitter_card":"summary_large_image","twitter_misc":{"Escrito por":"apuntesdesanluis.com","Tiempo de lectura":"5 minutos"},"schema":{"@context":"https:\/\/schema.org","@graph":[{"@type":"Article","@id":"https:\/\/apuntesdesanluis.com\/index.php\/2023\/09\/14\/entre-promesas-de-terminar-con-el-kirchnerismo-patricia-bullrich-presento-su-nuevo-libro-con-macri-y-larreta\/#article","isPartOf":{"@id":"https:\/\/apuntesdesanluis.com\/index.php\/2023\/09\/14\/entre-promesas-de-terminar-con-el-kirchnerismo-patricia-bullrich-presento-su-nuevo-libro-con-macri-y-larreta\/"},"author":{"name":"apuntesdesanluis.com","@id":"https:\/\/apuntesdesanluis.com\/#\/schema\/person\/b55151d52296fcce64d1a72538a70b90"},"headline":"ENTRE PROMESAS DE TERMINAR CON EL KIRCHNERISMO, PATRICIA BULLRICH PRESENT\u00d3 SU NUEVO LIBRO CON MACRI Y LARRETA","datePublished":"2023-09-15T01:22:42+00:00","mainEntityOfPage":{"@id":"https:\/\/apuntesdesanluis.com\/index.php\/2023\/09\/14\/entre-promesas-de-terminar-con-el-kirchnerismo-patricia-bullrich-presento-su-nuevo-libro-con-macri-y-larreta\/"},"wordCount":1008,"publisher":{"@id":"https:\/\/apuntesdesanluis.com\/#\/schema\/person\/b55151d52296fcce64d1a72538a70b90"},"image":{"@id":"https:\/\/apuntesdesanluis.com\/index.php\/2023\/09\/14\/entre-promesas-de-terminar-con-el-kirchnerismo-patricia-bullrich-presento-su-nuevo-libro-con-macri-y-larreta\/#primaryimage"},"thumbnailUrl":"https:\/\/apuntesdesanluis.com\/wp-content\/uploads\/2023\/09\/libro-de-bullrich.png","articleSection":["Nacionales\/Internacionales"],"inLanguage":"es-AR"},{"@type":"WebPage","@id":"https:\/\/apuntesdesanluis.com\/index.php\/2023\/09\/14\/entre-promesas-de-terminar-con-el-kirchnerismo-patricia-bullrich-presento-su-nuevo-libro-con-macri-y-larreta\/","url":"https:\/\/apuntesdesanluis.com\/index.php\/2023\/09\/14\/entre-promesas-de-terminar-con-el-kirchnerismo-patricia-bullrich-presento-su-nuevo-libro-con-macri-y-larreta\/","name":"ENTRE PROMESAS DE TERMINAR CON EL KIRCHNERISMO, PATRICIA BULLRICH PRESENT\u00d3 SU NUEVO LIBRO CON MACRI Y LARRETA - Apuntes de San Luis","isPartOf":{"@id":"https:\/\/apuntesdesanluis.com\/#website"},"primaryImageOfPage":{"@id":"https:\/\/apuntesdesanluis.com\/index.php\/2023\/09\/14\/entre-promesas-de-terminar-con-el-kirchnerismo-patricia-bullrich-presento-su-nuevo-libro-con-macri-y-larreta\/#primaryimage"},"image":{"@id":"https:\/\/apuntesdesanluis.com\/index.php\/2023\/09\/14\/entre-promesas-de-terminar-con-el-kirchnerismo-patricia-bullrich-presento-su-nuevo-libro-con-macri-y-larreta\/#primaryimage"},"thumbnailUrl":"https:\/\/apuntesdesanluis.com\/wp-content\/uploads\/2023\/09\/libro-de-bullrich.png","datePublished":"2023-09-15T01:22:42+00:00","breadcrumb":{"@id":"https:\/\/apuntesdesanluis.com\/index.php\/2023\/09\/14\/entre-promesas-de-terminar-con-el-kirchnerismo-patricia-bullrich-presento-su-nuevo-libro-con-macri-y-larreta\/#breadcrumb"},"inLanguage":"es-AR","potentialAction":[{"@type":"ReadAction","target":["https:\/\/apuntesdesanluis.com\/index.php\/2023\/09\/14\/entre-promesas-de-terminar-con-el-kirchnerismo-patricia-bullrich-presento-su-nuevo-libro-con-macri-y-larreta\/"]}]},{"@type":"ImageObject","inLanguage":"es-AR","@id":"https:\/\/apuntesdesanluis.com\/index.php\/2023\/09\/14\/entre-promesas-de-terminar-con-el-kirchnerismo-patricia-bullrich-presento-su-nuevo-libro-con-macri-y-larreta\/#primaryimage","url":"https:\/\/apuntesdesanluis.com\/wp-content\/uploads\/2023\/09\/libro-de-bullrich.png","contentUrl":"https:\/\/apuntesdesanluis.com\/wp-content\/uploads\/2023\/09\/libro-de-bullrich.png","width":832,"height":516},{"@type":"BreadcrumbList","@id":"https:\/\/apuntesdesanluis.com\/index.php\/2023\/09\/14\/entre-promesas-de-terminar-con-el-kirchnerismo-patricia-bullrich-presento-su-nuevo-libro-con-macri-y-larreta\/#breadcrumb","itemListElement":[{"@type":"ListItem","position":1,"name":"Inicio","item":"https:\/\/apuntesdesanluis.com\/"},{"@type":"ListItem","position":2,"name":"ENTRE PROMESAS DE TERMINAR CON EL KIRCHNERISMO, PATRICIA BULLRICH PRESENT\u00d3 SU NUEVO LIBRO CON MACRI Y LARRETA"}]},{"@type":"WebSite","@id":"https:\/\/apuntesdesanluis.com\/#website","url":"https:\/\/apuntesdesanluis.com\/","name":"Apuntes de San Luis","description":"","publisher":{"@id":"https:\/\/apuntesdesanluis.com\/#\/schema\/person\/b55151d52296fcce64d1a72538a70b90"},"potentialAction":[{"@type":"SearchAction","target":{"@type":"EntryPoint","urlTemplate":"https:\/\/apuntesdesanluis.com\/?s={search_term_string}"},"query-input":{"@type":"PropertyValueSpecification","valueRequired":true,"valueName":"search_term_string"}}],"inLanguage":"es-AR"},{"@type":["Person","Organization"],"@id":"https:\/\/apuntesdesanluis.com\/#\/schema\/person\/b55151d52296fcce64d1a72538a70b90","name":"apuntesdesanluis.com","image":{"@type":"ImageObject","inLanguage":"es-AR","@id":"https:\/\/apuntesdesanluis.com\/#\/schema\/person\/image\/","url":"https:\/\/apuntesdesanluis.com\/wp-content\/uploads\/2023\/07\/cropped-apuntesdesanluis.png","contentUrl":"https:\/\/apuntesdesanluis.com\/wp-content\/uploads\/2023\/07\/cropped-apuntesdesanluis.png","width":450,"height":112,"caption":"apuntesdesanluis.com"},"logo":{"@id":"https:\/\/apuntesdesanluis.com\/#\/schema\/person\/image\/"},"sameAs":["https:\/\/apuntesdesanluis.com"],"url":"https:\/\/apuntesdesanluis.com\/index.php\/author\/apuntesdesanluis-com\/"}]}},"featured_image_urls":{"full":["https:\/\/apuntesdesanluis.com\/wp-content\/uploads\/2023\/09\/libro-de-bullrich.png",832,516,false],"thumbnail":["https:\/\/apuntesdesanluis.com\/wp-content\/uploads\/2023\/09\/libro-de-bullrich-150x150.png",150,150,true],"medium":["https:\/\/apuntesdesanluis.com\/wp-content\/uploads\/2023\/09\/libro-de-bullrich-300x186.png",300,186,true],"medium_large":["https:\/\/apuntesdesanluis.com\/wp-content\/uploads\/2023\/09\/libro-de-bullrich-768x476.png",640,397,true],"large":["https:\/\/apuntesdesanluis.com\/wp-content\/uploads\/2023\/09\/libro-de-bullrich.png",640,397,false],"1536x1536":["https:\/\/apuntesdesanluis.com\/wp-content\/uploads\/2023\/09\/libro-de-bullrich.png",832,516,false],"2048x2048":["https:\/\/apuntesdesanluis.com\/wp-content\/uploads\/2023\/09\/libro-de-bullrich.png",832,516,false],"newsever-slider-full":["https:\/\/apuntesdesanluis.com\/wp-content\/uploads\/2023\/09\/libro-de-bullrich.png",832,516,false],"newsever-featured":["https:\/\/apuntesdesanluis.com\/wp-content\/uploads\/2023\/09\/libro-de-bullrich.png",832,516,false],"newsever-medium":["https:\/\/apuntesdesanluis.com\/wp-content\/uploads\/2023\/09\/libro-de-bullrich-720x475.png",720,475,true]},"author_info":{"display_name":"apuntesdesanluis.com","author_link":"https:\/\/apuntesdesanluis.com\/index.php\/author\/apuntesdesanluis-com\/"},"category_info":"<a href=\"https:\/\/apuntesdesanluis.com\/index.php\/category\/nacionales-internacionales\/\" rel=\"category tag\">Nacionales\/Internacionales<\/a>","tag_info":"Nacionales\/Internacionales","comment_count":"0","_links":{"self":[{"href":"https:\/\/apuntesdesanluis.com\/index.php\/wp-json\/wp\/v2\/posts\/3340","targetHints":{"allow":["GET"]}}],"collection":[{"href":"https:\/\/apuntesdesanluis.com\/index.php\/wp-json\/wp\/v2\/posts"}],"about":[{"href":"https:\/\/apuntesdesanluis.com\/index.php\/wp-json\/wp\/v2\/types\/post"}],"author":[{"embeddable":true,"href":"https:\/\/apuntesdesanluis.com\/index.php\/wp-json\/wp\/v2\/users\/1"}],"replies":[{"embeddable":true,"href":"https:\/\/apuntesdesanluis.com\/index.php\/wp-json\/wp\/v2\/comments?post=3340"}],"version-history":[{"count":1,"href":"https:\/\/apuntesdesanluis.com\/index.php\/wp-json\/wp\/v2\/posts\/3340\/revisions"}],"predecessor-version":[{"id":3342,"href":"https:\/\/apuntesdesanluis.com\/index.php\/wp-json\/wp\/v2\/posts\/3340\/revisions\/3342"}],"wp:featuredmedia":[{"embeddable":true,"href":"https:\/\/apuntesdesanluis.com\/index.php\/wp-json\/wp\/v2\/media\/3341"}],"wp:attachment":[{"href":"https:\/\/apuntesdesanluis.com\/index.php\/wp-json\/wp\/v2\/media?parent=3340"}],"wp:term":[{"taxonomy":"category","embeddable":true,"href":"https:\/\/apuntesdesanluis.com\/index.php\/wp-json\/wp\/v2\/categories?post=3340"},{"taxonomy":"post_tag","embeddable":true,"href":"https:\/\/apuntesdesanluis.com\/index.php\/wp-json\/wp\/v2\/tags?post=3340"}],"curies":[{"name":"wp","href":"https:\/\/api.w.org\/{rel}","templated":true}]}}