{"id":3358,"date":"2023-09-15T19:36:26","date_gmt":"2023-09-15T22:36:26","guid":{"rendered":"https:\/\/apuntesdesanluis.com\/?p=3358"},"modified":"2023-09-15T19:36:59","modified_gmt":"2023-09-15T22:36:59","slug":"tristeza-por-la-muerte-fernando-botero-el-artista-colombiano-que-alcanzo-la-fama-mundial","status":"publish","type":"post","link":"https:\/\/apuntesdesanluis.com\/index.php\/2023\/09\/15\/tristeza-por-la-muerte-fernando-botero-el-artista-colombiano-que-alcanzo-la-fama-mundial\/","title":{"rendered":"TRISTEZA POR LA MUERTE DE FERNANDO BOTERO, EL ARTISTA COLOMBIANO QUE ALCANZ\u00d3 FAMA MUNDIAL"},"content":{"rendered":"<h3>La noticia conmueve a Am\u00e9rica latina por la relevancia del personaje y el peso espec\u00edfico de su obra.<\/h3>\n<h3>El mundo del arte y la cultura est\u00e1 de luto por la muerte del artista colombiano Fernando Botero, quien falleci\u00f3 a los 91 a\u00f1os en su residencia en el principado de M\u00f3naco. La noticia inicialmente reportada por W Radio de Colombia fue confirmada por fuentes cercanas al artista. El pintor nacido en Medell\u00edn el 19 de abril de 1932 sufr\u00eda complicaciones de salud desde hace varios d\u00edas, y aunque fue internado en un centro m\u00e9dico por una neumon\u00eda, \u00e9l mismo pidi\u00f3 luego ser trasladado a su hogar para afrontar las dolencias.<\/h3>\n<h3>El deceso del maestro antioque\u00f1o (naci\u00f3 en Medell\u00edn, capital de Antioquia, en 1932), se dio tan solo cuatro meses despu\u00e9s de que su esposa, la artista griega Sophia Vari, falleciera por complicaciones asociadas al c\u00e1ncer, el pasado 5 de mayo. La hija del artista colombiano asegur\u00f3 que la partida de su amada Sof\u00eda fue uno de los desencadenantes del deterioro de su estado de salud. \u201cLa partida de Sophia deterior\u00f3 mucho su salud. Mi pap\u00e1 ya llevaba muchos a\u00f1os con un parkinson terrible, pero hasta el \u00faltimo d\u00eda de su vida continu\u00f3 pintando\u201d, afirm\u00f3 Botero Zea a W Radio. La tambi\u00e9n curadora adelant\u00f3 que los restos de su padre descansar\u00e1n junto a los de su esposa.<\/h3>\n<p><img fetchpriority=\"high\" decoding=\"async\" class=\"wp-image-3360 aligncenter\" src=\"https:\/\/apuntesdesanluis.com\/wp-content\/uploads\/2023\/09\/botero-tapa-300x193.png\" alt=\"\" width=\"717\" height=\"461\" srcset=\"https:\/\/apuntesdesanluis.com\/wp-content\/uploads\/2023\/09\/botero-tapa-300x193.png 300w, https:\/\/apuntesdesanluis.com\/wp-content\/uploads\/2023\/09\/botero-tapa.png 600w\" sizes=\"(max-width: 717px) 100vw, 717px\" \/><\/p>\n<h3>QUI\u00c9N ERA FERNANDO BOTERO<\/h3>\n<h3>Fernando Botero es uno de los artistas m\u00e1s influyentes y admirados de Am\u00e9rica Latina desde hace varias d\u00e9cadas y tambi\u00e9n una de las figuras que llev\u00f3 el arte del continente a la gran escena art\u00edstica internacional. Sus pinturas y sus monumentales esculturas se exhiben en importantes capitales de todo el mundo, ya sea en museos o en el espacio p\u00fablico, como su Torso masculino emplazado a metros de la avenida Libertador en Buenos Aires, su ic\u00f3nica Gertrudis que atrae la mirada de los turistas en el casco hist\u00f3rico de Cartagena o sus estatuas de Ad\u00e1n y Eva que engalanan una tienda de Nueva York.<\/h3>\n<h3>El artista colombiano ha abordado en muchos de sus trabajos la cotidianidad y la cultura latinoamericana, con s\u00e1tiras de la sociedad y la pol\u00edtica. El impacto de su muerte ha conmovido a su pa\u00eds y tambi\u00e9n dej\u00f3 repercusiones en las esferas de poder. El presidente Gustavo Petro manifest\u00f3 en sus redes sociales: \u201cHa muerto Fernando Botero, el pintor de nuestras tradiciones y defectos, el pintor de nuestras virtudes. El pintor de nuestra violencia y de la paz. De la paloma mil veces desechada y mil veces puesta en su trono\u201d, en alusi\u00f3n a la paloma que se exhibe en la Casa Nari\u00f1o (sede presidencial) y que el artista regal\u00f3 para conmemorar el acuerdo con las FARC de 2016.<\/h3>\n<h3>El expresidente Juan Manuel Santos, quien hab\u00eda encabezado el acuerdo de paz, tambi\u00e9n lo despidi\u00f3 con estas palabras: \u201cLamentamos profundamente la partida de Fernando Botero, uno de los m\u00e1s grandes artistas de Colombia y del mundo. Siempre generoso con su pa\u00eds, un gran amigo, y apasionado constructor de paz. Nuestras m\u00e1s sinceras condolencias a toda su familia\u201d. En tanto que el tambi\u00e9n antioque\u00f1o \u00c1lvaro Uribe lo record\u00f3 este viernes en sus redes como \u201cun grande\u201d, que \u201cdio buen nombre a la patria, enalteci\u00f3 la cultura. Gracias Maestro Botero\u201d.<\/h3>\n<h3>A lo largo de su carrera, Botero forj\u00f3 un estilo \u00fanico que se caracterizaba por representar figuras y objetos de manera exageradamente redondeada y voluminosa, lo que le confer\u00eda a su obra una identidad art\u00edstica inconfundible. El antioque\u00f1o atrajo multitudes a los museos con exposiciones que han sido visitadas por cientos de miles de personas, tanto en Am\u00e9rica Latina como en Europa. Muchas de sus piezas fueron adquiridas por coleccionistas a precios millonarios, como su escultura Hombre a caballo, que se vendi\u00f3 el a\u00f1o pasado por 4.3 millones de d\u00f3lares en una subasta de la casa Christie\u2019s en Nueva York.<\/h3>\n<h3>El legado de Botero seguramente siga siendo una fuente de inspiraci\u00f3n y admiraci\u00f3n en el mundo del arte. Su contribuci\u00f3n al arte contempor\u00e1neo y su habilidad para capturar la esencia humana se han capitalizado de diversos modos. En su ciudad natal, un parque enorme con sus esculturas inmortaliza el genio creativo del artista, en tanto que en Bogot\u00e1 el Museo Botero exhibe su colecci\u00f3n de obras de arte, tanto propias como ajenas.<\/h3>\n<h3>Comenz\u00f3 a desarrollar sus habilidades art\u00edsticas desde muy joven cuando estudiaba en un colegio jesuita y luego se traslad\u00f3 a Bogot\u00e1, donde se impregn\u00f3 de los debates est\u00e9ticos y pol\u00edticos de la \u00e9poca, junt\u00e1ndose con artistas e intelectuales de la vanguardia colombiana. Tiempo despu\u00e9s viaj\u00f3 a Europa para continuar su formaci\u00f3n art\u00edstica en Madrid, aunque luego pas\u00f3 por M\u00e9xico y por Nueva York. En la d\u00e9cada de los 60 empez\u00f3 a mostrar su caracter\u00edstico estilo figurativo en los Estados Unidos, donde despert\u00f3 su fama. En cada lugar donde vivi\u00f3, aprendi\u00f3 algo distinto que termin\u00f3 aplicando a sus obras.<\/h3>\n","protected":false},"excerpt":{"rendered":"<p>La noticia conmueve a Am\u00e9rica latina por la relevancia del personaje y el peso espec\u00edfico&#8230;<\/p>\n","protected":false},"author":1,"featured_media":3359,"comment_status":"closed","ping_status":"closed","sticky":false,"template":"","format":"standard","meta":{"footnotes":""},"categories":[5],"tags":[],"class_list":["post-3358","post","type-post","status-publish","format-standard","has-post-thumbnail","hentry","category-nacionales-internacionales"],"yoast_head":"<!-- This site is optimized with the Yoast SEO plugin v26.1.1 - https:\/\/yoast.com\/wordpress\/plugins\/seo\/ -->\n<title>TRISTEZA POR LA MUERTE DE FERNANDO BOTERO, EL ARTISTA COLOMBIANO QUE ALCANZ\u00d3 FAMA MUNDIAL - Apuntes de San Luis<\/title>\n<meta name=\"robots\" content=\"index, follow, max-snippet:-1, max-image-preview:large, max-video-preview:-1\" \/>\n<link rel=\"canonical\" href=\"https:\/\/apuntesdesanluis.com\/index.php\/2023\/09\/15\/tristeza-por-la-muerte-fernando-botero-el-artista-colombiano-que-alcanzo-la-fama-mundial\/\" \/>\n<meta property=\"og:locale\" content=\"es_ES\" \/>\n<meta property=\"og:type\" content=\"article\" \/>\n<meta property=\"og:title\" content=\"TRISTEZA POR LA MUERTE DE FERNANDO BOTERO, EL ARTISTA COLOMBIANO QUE ALCANZ\u00d3 FAMA MUNDIAL - Apuntes de San Luis\" \/>\n<meta property=\"og:description\" content=\"La noticia conmueve a Am\u00e9rica latina por la relevancia del personaje y el peso espec\u00edfico...\" \/>\n<meta property=\"og:url\" content=\"https:\/\/apuntesdesanluis.com\/index.php\/2023\/09\/15\/tristeza-por-la-muerte-fernando-botero-el-artista-colombiano-que-alcanzo-la-fama-mundial\/\" \/>\n<meta property=\"og:site_name\" content=\"Apuntes de San Luis\" \/>\n<meta property=\"article:published_time\" content=\"2023-09-15T22:36:26+00:00\" \/>\n<meta property=\"article:modified_time\" content=\"2023-09-15T22:36:59+00:00\" \/>\n<meta property=\"og:image\" content=\"https:\/\/apuntesdesanluis.com\/wp-content\/uploads\/2023\/09\/fernando.jpg\" \/>\n\t<meta property=\"og:image:width\" content=\"600\" \/>\n\t<meta property=\"og:image:height\" content=\"337\" \/>\n\t<meta property=\"og:image:type\" content=\"image\/jpeg\" \/>\n<meta name=\"author\" content=\"apuntesdesanluis.com\" \/>\n<meta name=\"twitter:card\" content=\"summary_large_image\" \/>\n<meta name=\"twitter:label1\" content=\"Escrito por\" \/>\n\t<meta name=\"twitter:data1\" content=\"apuntesdesanluis.com\" \/>\n\t<meta name=\"twitter:label2\" content=\"Tiempo de lectura\" \/>\n\t<meta name=\"twitter:data2\" content=\"4 minutos\" \/>\n<script type=\"application\/ld+json\" class=\"yoast-schema-graph\">{\"@context\":\"https:\/\/schema.org\",\"@graph\":[{\"@type\":\"Article\",\"@id\":\"https:\/\/apuntesdesanluis.com\/index.php\/2023\/09\/15\/tristeza-por-la-muerte-fernando-botero-el-artista-colombiano-que-alcanzo-la-fama-mundial\/#article\",\"isPartOf\":{\"@id\":\"https:\/\/apuntesdesanluis.com\/index.php\/2023\/09\/15\/tristeza-por-la-muerte-fernando-botero-el-artista-colombiano-que-alcanzo-la-fama-mundial\/\"},\"author\":{\"name\":\"apuntesdesanluis.com\",\"@id\":\"https:\/\/apuntesdesanluis.com\/#\/schema\/person\/b55151d52296fcce64d1a72538a70b90\"},\"headline\":\"TRISTEZA POR LA MUERTE DE FERNANDO BOTERO, EL ARTISTA COLOMBIANO QUE ALCANZ\u00d3 FAMA MUNDIAL\",\"datePublished\":\"2023-09-15T22:36:26+00:00\",\"dateModified\":\"2023-09-15T22:36:59+00:00\",\"mainEntityOfPage\":{\"@id\":\"https:\/\/apuntesdesanluis.com\/index.php\/2023\/09\/15\/tristeza-por-la-muerte-fernando-botero-el-artista-colombiano-que-alcanzo-la-fama-mundial\/\"},\"wordCount\":878,\"publisher\":{\"@id\":\"https:\/\/apuntesdesanluis.com\/#\/schema\/person\/b55151d52296fcce64d1a72538a70b90\"},\"image\":{\"@id\":\"https:\/\/apuntesdesanluis.com\/index.php\/2023\/09\/15\/tristeza-por-la-muerte-fernando-botero-el-artista-colombiano-que-alcanzo-la-fama-mundial\/#primaryimage\"},\"thumbnailUrl\":\"https:\/\/apuntesdesanluis.com\/wp-content\/uploads\/2023\/09\/fernando.jpg\",\"articleSection\":[\"Nacionales\/Internacionales\"],\"inLanguage\":\"es-AR\"},{\"@type\":\"WebPage\",\"@id\":\"https:\/\/apuntesdesanluis.com\/index.php\/2023\/09\/15\/tristeza-por-la-muerte-fernando-botero-el-artista-colombiano-que-alcanzo-la-fama-mundial\/\",\"url\":\"https:\/\/apuntesdesanluis.com\/index.php\/2023\/09\/15\/tristeza-por-la-muerte-fernando-botero-el-artista-colombiano-que-alcanzo-la-fama-mundial\/\",\"name\":\"TRISTEZA POR LA MUERTE DE FERNANDO BOTERO, EL ARTISTA COLOMBIANO QUE ALCANZ\u00d3 FAMA MUNDIAL - Apuntes de San Luis\",\"isPartOf\":{\"@id\":\"https:\/\/apuntesdesanluis.com\/#website\"},\"primaryImageOfPage\":{\"@id\":\"https:\/\/apuntesdesanluis.com\/index.php\/2023\/09\/15\/tristeza-por-la-muerte-fernando-botero-el-artista-colombiano-que-alcanzo-la-fama-mundial\/#primaryimage\"},\"image\":{\"@id\":\"https:\/\/apuntesdesanluis.com\/index.php\/2023\/09\/15\/tristeza-por-la-muerte-fernando-botero-el-artista-colombiano-que-alcanzo-la-fama-mundial\/#primaryimage\"},\"thumbnailUrl\":\"https:\/\/apuntesdesanluis.com\/wp-content\/uploads\/2023\/09\/fernando.jpg\",\"datePublished\":\"2023-09-15T22:36:26+00:00\",\"dateModified\":\"2023-09-15T22:36:59+00:00\",\"breadcrumb\":{\"@id\":\"https:\/\/apuntesdesanluis.com\/index.php\/2023\/09\/15\/tristeza-por-la-muerte-fernando-botero-el-artista-colombiano-que-alcanzo-la-fama-mundial\/#breadcrumb\"},\"inLanguage\":\"es-AR\",\"potentialAction\":[{\"@type\":\"ReadAction\",\"target\":[\"https:\/\/apuntesdesanluis.com\/index.php\/2023\/09\/15\/tristeza-por-la-muerte-fernando-botero-el-artista-colombiano-que-alcanzo-la-fama-mundial\/\"]}]},{\"@type\":\"ImageObject\",\"inLanguage\":\"es-AR\",\"@id\":\"https:\/\/apuntesdesanluis.com\/index.php\/2023\/09\/15\/tristeza-por-la-muerte-fernando-botero-el-artista-colombiano-que-alcanzo-la-fama-mundial\/#primaryimage\",\"url\":\"https:\/\/apuntesdesanluis.com\/wp-content\/uploads\/2023\/09\/fernando.jpg\",\"contentUrl\":\"https:\/\/apuntesdesanluis.com\/wp-content\/uploads\/2023\/09\/fernando.jpg\",\"width\":600,\"height\":337},{\"@type\":\"BreadcrumbList\",\"@id\":\"https:\/\/apuntesdesanluis.com\/index.php\/2023\/09\/15\/tristeza-por-la-muerte-fernando-botero-el-artista-colombiano-que-alcanzo-la-fama-mundial\/#breadcrumb\",\"itemListElement\":[{\"@type\":\"ListItem\",\"position\":1,\"name\":\"Inicio\",\"item\":\"https:\/\/apuntesdesanluis.com\/\"},{\"@type\":\"ListItem\",\"position\":2,\"name\":\"TRISTEZA POR LA MUERTE DE FERNANDO BOTERO, EL ARTISTA COLOMBIANO QUE ALCANZ\u00d3 FAMA MUNDIAL\"}]},{\"@type\":\"WebSite\",\"@id\":\"https:\/\/apuntesdesanluis.com\/#website\",\"url\":\"https:\/\/apuntesdesanluis.com\/\",\"name\":\"Apuntes de San Luis\",\"description\":\"\",\"publisher\":{\"@id\":\"https:\/\/apuntesdesanluis.com\/#\/schema\/person\/b55151d52296fcce64d1a72538a70b90\"},\"potentialAction\":[{\"@type\":\"SearchAction\",\"target\":{\"@type\":\"EntryPoint\",\"urlTemplate\":\"https:\/\/apuntesdesanluis.com\/?s={search_term_string}\"},\"query-input\":{\"@type\":\"PropertyValueSpecification\",\"valueRequired\":true,\"valueName\":\"search_term_string\"}}],\"inLanguage\":\"es-AR\"},{\"@type\":[\"Person\",\"Organization\"],\"@id\":\"https:\/\/apuntesdesanluis.com\/#\/schema\/person\/b55151d52296fcce64d1a72538a70b90\",\"name\":\"apuntesdesanluis.com\",\"image\":{\"@type\":\"ImageObject\",\"inLanguage\":\"es-AR\",\"@id\":\"https:\/\/apuntesdesanluis.com\/#\/schema\/person\/image\/\",\"url\":\"https:\/\/apuntesdesanluis.com\/wp-content\/uploads\/2023\/07\/cropped-apuntesdesanluis.png\",\"contentUrl\":\"https:\/\/apuntesdesanluis.com\/wp-content\/uploads\/2023\/07\/cropped-apuntesdesanluis.png\",\"width\":450,\"height\":112,\"caption\":\"apuntesdesanluis.com\"},\"logo\":{\"@id\":\"https:\/\/apuntesdesanluis.com\/#\/schema\/person\/image\/\"},\"sameAs\":[\"https:\/\/apuntesdesanluis.com\"],\"url\":\"https:\/\/apuntesdesanluis.com\/index.php\/author\/apuntesdesanluis-com\/\"}]}<\/script>\n<!-- \/ Yoast SEO plugin. -->","yoast_head_json":{"title":"TRISTEZA POR LA MUERTE DE FERNANDO BOTERO, EL ARTISTA COLOMBIANO QUE ALCANZ\u00d3 FAMA MUNDIAL - Apuntes de San Luis","robots":{"index":"index","follow":"follow","max-snippet":"max-snippet:-1","max-image-preview":"max-image-preview:large","max-video-preview":"max-video-preview:-1"},"canonical":"https:\/\/apuntesdesanluis.com\/index.php\/2023\/09\/15\/tristeza-por-la-muerte-fernando-botero-el-artista-colombiano-que-alcanzo-la-fama-mundial\/","og_locale":"es_ES","og_type":"article","og_title":"TRISTEZA POR LA MUERTE DE FERNANDO BOTERO, EL ARTISTA COLOMBIANO QUE ALCANZ\u00d3 FAMA MUNDIAL - Apuntes de San Luis","og_description":"La noticia conmueve a Am\u00e9rica latina por la relevancia del personaje y el peso espec\u00edfico...","og_url":"https:\/\/apuntesdesanluis.com\/index.php\/2023\/09\/15\/tristeza-por-la-muerte-fernando-botero-el-artista-colombiano-que-alcanzo-la-fama-mundial\/","og_site_name":"Apuntes de San Luis","article_published_time":"2023-09-15T22:36:26+00:00","article_modified_time":"2023-09-15T22:36:59+00:00","og_image":[{"width":600,"height":337,"url":"https:\/\/apuntesdesanluis.com\/wp-content\/uploads\/2023\/09\/fernando.jpg","type":"image\/jpeg"}],"author":"apuntesdesanluis.com","twitter_card":"summary_large_image","twitter_misc":{"Escrito por":"apuntesdesanluis.com","Tiempo de lectura":"4 minutos"},"schema":{"@context":"https:\/\/schema.org","@graph":[{"@type":"Article","@id":"https:\/\/apuntesdesanluis.com\/index.php\/2023\/09\/15\/tristeza-por-la-muerte-fernando-botero-el-artista-colombiano-que-alcanzo-la-fama-mundial\/#article","isPartOf":{"@id":"https:\/\/apuntesdesanluis.com\/index.php\/2023\/09\/15\/tristeza-por-la-muerte-fernando-botero-el-artista-colombiano-que-alcanzo-la-fama-mundial\/"},"author":{"name":"apuntesdesanluis.com","@id":"https:\/\/apuntesdesanluis.com\/#\/schema\/person\/b55151d52296fcce64d1a72538a70b90"},"headline":"TRISTEZA POR LA MUERTE DE FERNANDO BOTERO, EL ARTISTA COLOMBIANO QUE ALCANZ\u00d3 FAMA MUNDIAL","datePublished":"2023-09-15T22:36:26+00:00","dateModified":"2023-09-15T22:36:59+00:00","mainEntityOfPage":{"@id":"https:\/\/apuntesdesanluis.com\/index.php\/2023\/09\/15\/tristeza-por-la-muerte-fernando-botero-el-artista-colombiano-que-alcanzo-la-fama-mundial\/"},"wordCount":878,"publisher":{"@id":"https:\/\/apuntesdesanluis.com\/#\/schema\/person\/b55151d52296fcce64d1a72538a70b90"},"image":{"@id":"https:\/\/apuntesdesanluis.com\/index.php\/2023\/09\/15\/tristeza-por-la-muerte-fernando-botero-el-artista-colombiano-que-alcanzo-la-fama-mundial\/#primaryimage"},"thumbnailUrl":"https:\/\/apuntesdesanluis.com\/wp-content\/uploads\/2023\/09\/fernando.jpg","articleSection":["Nacionales\/Internacionales"],"inLanguage":"es-AR"},{"@type":"WebPage","@id":"https:\/\/apuntesdesanluis.com\/index.php\/2023\/09\/15\/tristeza-por-la-muerte-fernando-botero-el-artista-colombiano-que-alcanzo-la-fama-mundial\/","url":"https:\/\/apuntesdesanluis.com\/index.php\/2023\/09\/15\/tristeza-por-la-muerte-fernando-botero-el-artista-colombiano-que-alcanzo-la-fama-mundial\/","name":"TRISTEZA POR LA MUERTE DE FERNANDO BOTERO, EL ARTISTA COLOMBIANO QUE ALCANZ\u00d3 FAMA MUNDIAL - Apuntes de San Luis","isPartOf":{"@id":"https:\/\/apuntesdesanluis.com\/#website"},"primaryImageOfPage":{"@id":"https:\/\/apuntesdesanluis.com\/index.php\/2023\/09\/15\/tristeza-por-la-muerte-fernando-botero-el-artista-colombiano-que-alcanzo-la-fama-mundial\/#primaryimage"},"image":{"@id":"https:\/\/apuntesdesanluis.com\/index.php\/2023\/09\/15\/tristeza-por-la-muerte-fernando-botero-el-artista-colombiano-que-alcanzo-la-fama-mundial\/#primaryimage"},"thumbnailUrl":"https:\/\/apuntesdesanluis.com\/wp-content\/uploads\/2023\/09\/fernando.jpg","datePublished":"2023-09-15T22:36:26+00:00","dateModified":"2023-09-15T22:36:59+00:00","breadcrumb":{"@id":"https:\/\/apuntesdesanluis.com\/index.php\/2023\/09\/15\/tristeza-por-la-muerte-fernando-botero-el-artista-colombiano-que-alcanzo-la-fama-mundial\/#breadcrumb"},"inLanguage":"es-AR","potentialAction":[{"@type":"ReadAction","target":["https:\/\/apuntesdesanluis.com\/index.php\/2023\/09\/15\/tristeza-por-la-muerte-fernando-botero-el-artista-colombiano-que-alcanzo-la-fama-mundial\/"]}]},{"@type":"ImageObject","inLanguage":"es-AR","@id":"https:\/\/apuntesdesanluis.com\/index.php\/2023\/09\/15\/tristeza-por-la-muerte-fernando-botero-el-artista-colombiano-que-alcanzo-la-fama-mundial\/#primaryimage","url":"https:\/\/apuntesdesanluis.com\/wp-content\/uploads\/2023\/09\/fernando.jpg","contentUrl":"https:\/\/apuntesdesanluis.com\/wp-content\/uploads\/2023\/09\/fernando.jpg","width":600,"height":337},{"@type":"BreadcrumbList","@id":"https:\/\/apuntesdesanluis.com\/index.php\/2023\/09\/15\/tristeza-por-la-muerte-fernando-botero-el-artista-colombiano-que-alcanzo-la-fama-mundial\/#breadcrumb","itemListElement":[{"@type":"ListItem","position":1,"name":"Inicio","item":"https:\/\/apuntesdesanluis.com\/"},{"@type":"ListItem","position":2,"name":"TRISTEZA POR LA MUERTE DE FERNANDO BOTERO, EL ARTISTA COLOMBIANO QUE ALCANZ\u00d3 FAMA MUNDIAL"}]},{"@type":"WebSite","@id":"https:\/\/apuntesdesanluis.com\/#website","url":"https:\/\/apuntesdesanluis.com\/","name":"Apuntes de San Luis","description":"","publisher":{"@id":"https:\/\/apuntesdesanluis.com\/#\/schema\/person\/b55151d52296fcce64d1a72538a70b90"},"potentialAction":[{"@type":"SearchAction","target":{"@type":"EntryPoint","urlTemplate":"https:\/\/apuntesdesanluis.com\/?s={search_term_string}"},"query-input":{"@type":"PropertyValueSpecification","valueRequired":true,"valueName":"search_term_string"}}],"inLanguage":"es-AR"},{"@type":["Person","Organization"],"@id":"https:\/\/apuntesdesanluis.com\/#\/schema\/person\/b55151d52296fcce64d1a72538a70b90","name":"apuntesdesanluis.com","image":{"@type":"ImageObject","inLanguage":"es-AR","@id":"https:\/\/apuntesdesanluis.com\/#\/schema\/person\/image\/","url":"https:\/\/apuntesdesanluis.com\/wp-content\/uploads\/2023\/07\/cropped-apuntesdesanluis.png","contentUrl":"https:\/\/apuntesdesanluis.com\/wp-content\/uploads\/2023\/07\/cropped-apuntesdesanluis.png","width":450,"height":112,"caption":"apuntesdesanluis.com"},"logo":{"@id":"https:\/\/apuntesdesanluis.com\/#\/schema\/person\/image\/"},"sameAs":["https:\/\/apuntesdesanluis.com"],"url":"https:\/\/apuntesdesanluis.com\/index.php\/author\/apuntesdesanluis-com\/"}]}},"featured_image_urls":{"full":["https:\/\/apuntesdesanluis.com\/wp-content\/uploads\/2023\/09\/fernando.jpg",600,337,false],"thumbnail":["https:\/\/apuntesdesanluis.com\/wp-content\/uploads\/2023\/09\/fernando-150x150.jpg",150,150,true],"medium":["https:\/\/apuntesdesanluis.com\/wp-content\/uploads\/2023\/09\/fernando-300x169.jpg",300,169,true],"medium_large":["https:\/\/apuntesdesanluis.com\/wp-content\/uploads\/2023\/09\/fernando.jpg",600,337,false],"large":["https:\/\/apuntesdesanluis.com\/wp-content\/uploads\/2023\/09\/fernando.jpg",600,337,false],"1536x1536":["https:\/\/apuntesdesanluis.com\/wp-content\/uploads\/2023\/09\/fernando.jpg",600,337,false],"2048x2048":["https:\/\/apuntesdesanluis.com\/wp-content\/uploads\/2023\/09\/fernando.jpg",600,337,false],"newsever-slider-full":["https:\/\/apuntesdesanluis.com\/wp-content\/uploads\/2023\/09\/fernando.jpg",600,337,false],"newsever-featured":["https:\/\/apuntesdesanluis.com\/wp-content\/uploads\/2023\/09\/fernando.jpg",600,337,false],"newsever-medium":["https:\/\/apuntesdesanluis.com\/wp-content\/uploads\/2023\/09\/fernando.jpg",600,337,false]},"author_info":{"display_name":"apuntesdesanluis.com","author_link":"https:\/\/apuntesdesanluis.com\/index.php\/author\/apuntesdesanluis-com\/"},"category_info":"<a href=\"https:\/\/apuntesdesanluis.com\/index.php\/category\/nacionales-internacionales\/\" rel=\"category tag\">Nacionales\/Internacionales<\/a>","tag_info":"Nacionales\/Internacionales","comment_count":"0","_links":{"self":[{"href":"https:\/\/apuntesdesanluis.com\/index.php\/wp-json\/wp\/v2\/posts\/3358","targetHints":{"allow":["GET"]}}],"collection":[{"href":"https:\/\/apuntesdesanluis.com\/index.php\/wp-json\/wp\/v2\/posts"}],"about":[{"href":"https:\/\/apuntesdesanluis.com\/index.php\/wp-json\/wp\/v2\/types\/post"}],"author":[{"embeddable":true,"href":"https:\/\/apuntesdesanluis.com\/index.php\/wp-json\/wp\/v2\/users\/1"}],"replies":[{"embeddable":true,"href":"https:\/\/apuntesdesanluis.com\/index.php\/wp-json\/wp\/v2\/comments?post=3358"}],"version-history":[{"count":2,"href":"https:\/\/apuntesdesanluis.com\/index.php\/wp-json\/wp\/v2\/posts\/3358\/revisions"}],"predecessor-version":[{"id":3362,"href":"https:\/\/apuntesdesanluis.com\/index.php\/wp-json\/wp\/v2\/posts\/3358\/revisions\/3362"}],"wp:featuredmedia":[{"embeddable":true,"href":"https:\/\/apuntesdesanluis.com\/index.php\/wp-json\/wp\/v2\/media\/3359"}],"wp:attachment":[{"href":"https:\/\/apuntesdesanluis.com\/index.php\/wp-json\/wp\/v2\/media?parent=3358"}],"wp:term":[{"taxonomy":"category","embeddable":true,"href":"https:\/\/apuntesdesanluis.com\/index.php\/wp-json\/wp\/v2\/categories?post=3358"},{"taxonomy":"post_tag","embeddable":true,"href":"https:\/\/apuntesdesanluis.com\/index.php\/wp-json\/wp\/v2\/tags?post=3358"}],"curies":[{"name":"wp","href":"https:\/\/api.w.org\/{rel}","templated":true}]}}