{"id":3366,"date":"2023-09-16T00:18:25","date_gmt":"2023-09-16T03:18:25","guid":{"rendered":"https:\/\/apuntesdesanluis.com\/?p=3366"},"modified":"2023-09-16T00:21:47","modified_gmt":"2023-09-16T03:21:47","slug":"si-hay-miseria-que-no-se-note-rodriguez-saa-anuncio-un-importante-aumento-salarial","status":"publish","type":"post","link":"https:\/\/apuntesdesanluis.com\/index.php\/2023\/09\/16\/si-hay-miseria-que-no-se-note-rodriguez-saa-anuncio-un-importante-aumento-salarial\/","title":{"rendered":"SI HAY MISERIA, QUE NO SE NOTE: RODR\u00cdGUEZ SAA ANUNCI\u00d3 UN IMPORTANTE AUMENTO SALARIAL"},"content":{"rendered":"<h3 class=\"yiv7409174924ydp6329976emsonormal\" style=\"text-align: justify; background: white;\"><span style=\"font-family: 'Arial','sans-serif'; color: #1d2228;\">Ning\u00fan empleado p\u00fablico cobrar\u00e1 menos de $300.000. Los trabajadores de Inclusi\u00f3n Social cobrar\u00e1n un m\u00ednimo de 150.000, otros $300.000 y aquellos que cumplen tareas especializadas, igual que lo que perciba el empleado de su sector. Asegur\u00f3 a la oposici\u00f3n que entregar\u00e1 una provincia con las cuentas ordenadas y sin deuda. Tambi\u00e9n que en octubre y noviembre se continuar\u00e1 analizando la evoluci\u00f3n de las variables econ\u00f3micas y podr\u00edan otorgarse nuevos aumentos.<\/span><\/h3>\n<h3 class=\"yiv7409174924ydp6329976emsonormal\" style=\"text-align: justify; background: white;\"><span style=\"font-family: 'Arial','sans-serif'; color: #1d2228;\">Este viernes por la tarde, en el Sal\u00f3n Blanco de Terrazas del Portezuelo, el primer mandatario <strong>Alberto Rodr\u00edguez Sa\u00e1<\/strong> dio a conocer los nuevos aumentos salariales para la administraci\u00f3n p\u00fablica provincial, oportunidad en que tambi\u00e9n se refiri\u00f3 a los incidentes del mi\u00e9rcoles, cuando la C\u00e1mara de Diputados rechaz\u00f3 la media sanci\u00f3n del Senado, que establec\u00eda el pase a planta contratada de los trabajadores del Plan de Inclusi\u00f3n Social.<\/span><\/h3>\n<h3 class=\"yiv7409174924ydp6329976emsonormal\" style=\"text-align: justify; background: white;\"><span style=\"font-family: 'Arial','sans-serif'; color: #1d2228;\">Omitiendo hacerse cargo de la promesa efectuada a los trabajadores de darles estabilidad, formulada d\u00edas antes de las pasadas elecciones del 11 de junio, descarg\u00f3 culpas en los cuatro legisladores que se escindieron del bloque oficialista, nombrando a cada uno de ellos, y tambi\u00e9n al quinto, Far\u00edas, que falt\u00f3 a la sesi\u00f3n por enfermedad.<\/span><\/h3>\n<p><iframe title=\"El gobernador anunci\u00f3 importantes incrementos salariales\" width=\"640\" height=\"360\" src=\"https:\/\/www.youtube.com\/embed\/DFJ5T8pqGA0?feature=oembed\" frameborder=\"0\" allow=\"accelerometer; autoplay; clipboard-write; encrypted-media; gyroscope; picture-in-picture; web-share\" referrerpolicy=\"strict-origin-when-cross-origin\" allowfullscreen><\/iframe><\/p>\n<h3 class=\"yiv7409174924ydp6329976emsonormal\" style=\"text-align: justify; background: white;\"><span style=\"font-family: 'Arial','sans-serif'; color: #1d2228;\">El incremento abarca al personal administrativo del escalaf\u00f3n general, docentes, fuerzas de seguridad y de la salud, quedando exceptuados los funcionarios del Poder Ejecutivo provincial. <\/span><\/h3>\n<h3 class=\"yiv7409174924ydp6329976emsonormal\" style=\"text-align: justify; background: white;\"><span style=\"font-family: 'Arial','sans-serif'; color: #1d2228;\">Las y los beneficiarios de Inclusi\u00f3n Social, que realizan tareas o prestan servicios en diversas dependencias de la administraci\u00f3n p\u00fablica, y que no pudieron ingresar a la misma, van a percibir a partir del mes de septiembre un beneficio equivalente al salario de la categor\u00eda F, es decir, $300.000. Con respecto al resto, su beneficio, a partir de septiembre, tambi\u00e9n se incrementar\u00e1 a $150.000. Cubriendo, de esta manera, la Canasta B\u00e1sica de Alimentos que public\u00f3 el INDEC para este mes.<\/span><\/h3>\n<h3 class=\"yiv7409174924ydp6329976emsonormal\" style=\"text-align: justify; background: white;\"><strong><span style=\"font-family: 'Arial','sans-serif'; color: #1d2228;\">EMPLEADOS P\u00daBLICOS<\/span><\/strong><\/h3>\n<h3 class=\"yiv7409174924ydp6329976emsonormal\" style=\"text-align: justify; background: white;\"><span style=\"font-family: 'Arial','sans-serif'; color: #1d2228;\">El primer mandatario provincial explic\u00f3 que las medidas tomadas surgen de una necesidad popular en un contexto nacional inflacionario debido al que se intenta tomar una medida econ\u00f3mica a favor de los trabajadores. Con este nuevo piso salarial de $300 mil para los trabajadores de la administraci\u00f3n p\u00fablica para el mes de septiembre, ning\u00fan trabajador del Estado provincial tendr\u00e1 un sueldo por debajo de la l\u00ednea de pobreza.<\/span><\/h3>\n<h3 class=\"yiv7409174924ydp6329976emsonormal\" style=\"text-align: justify; background: white;\"><span style=\"font-family: 'Arial','sans-serif'; color: #1d2228;\">\u201cNadie puede ganar menos de 300 mil pesos en la administraci\u00f3n p\u00fablica provincial para este mes de septiembre\u201d, expres\u00f3 Alberto Rodr\u00edguez Sa\u00e1 y continu\u00f3: \u201cA efectos de no generar achatamiento en las diversas categor\u00edas. Entre cada categor\u00eda habr\u00e1 una diferencia no menor de 30 mil pesos, es decir un 10 %\u201d, explic\u00f3. <\/span><\/h3>\n<h3 class=\"yiv7409174924ydp6329976emsonormal\" style=\"text-align: justify; background: white;\"><span style=\"font-family: 'Arial','sans-serif'; color: #1d2228;\">A partir de los haberes de este mes por ejemplo, quienes se encuentran en la categor\u00eda F pasan a ganar de $162 mil a $300 mil. <\/span><\/h3>\n<h3 class=\"yiv7409174924ydp6329976emsonormal\" style=\"text-align: justify; background: white;\"><span style=\"font-family: 'Arial','sans-serif'; color: #1d2228;\">Por su parte, los docentes, polic\u00edas, personal de la salud, personal de entes de Gobierno, entre otros, percibir\u00e1n un aumento del 30% en su salario, con un piso m\u00ednimo de $300 mil.<\/span><\/h3>\n<h3 class=\"yiv7409174924ydp6329976emsonormal\" style=\"text-align: justify; background: white;\"><span style=\"font-family: 'Arial','sans-serif'; color: #1d2228;\">El aumento del 30% se hace tambi\u00e9n extensivo a becarios 22 AG y j\u00f3venes l\u00edderes de la Secretar\u00eda de las Juventudes. <\/span><\/h3>\n<h3 class=\"yiv7409174924ydp6329976emsonormal\" style=\"text-align: justify; background: white;\"><strong><span style=\"font-family: 'Arial','sans-serif'; color: #1d2228;\">INCLUSI\u00d3N SOCIAL<\/span><\/strong><\/h3>\n<h3 class=\"yiv7409174924ydp6329976emsonormal\" style=\"text-align: justify; background: white;\"><span style=\"font-family: 'Arial','sans-serif'; color: #1d2228;\">Otra de las medidas m\u00e1s importantes de la jornada fueron los aumentos otorgados en reconocimiento al trabajo de los beneficiarios de Inclusi\u00f3n Social. \u201cQuisimos que fuera por ley la incorporaci\u00f3n de todos los que est\u00e1n trabajando y que tuvieran las mismas condiciones de cualquiera que est\u00e9 en la administraci\u00f3n\u201d, explic\u00f3 Rodr\u00edguez Sa\u00e1, en relaci\u00f3n al proyecto rechazado por los bloques opositores en la Legislatura provincial esta semana.<\/span><\/h3>\n<h3 class=\"yiv7409174924ydp6329976emsonormal\" style=\"text-align: justify; background: white;\"><span style=\"font-family: 'Arial','sans-serif'; color: #1d2228;\">De esta forma, el primer mandatario anunci\u00f3 medidas hist\u00f3ricas para los trabajadores de Inclusi\u00f3n Social. Aquellos que se desempe\u00f1an en alguna dependencia de la administraci\u00f3n p\u00fablica, como hospitales, complejos culturales, escuelas, espacios deportivos, entre otros, pasar\u00e1n a percibir un beneficio de $300 mil a partir de septiembre, lo que implica un aumento de m\u00e1s del 300%.<\/span><\/h3>\n<h3 class=\"yiv7409174924ydp6329976emsonormal\" style=\"text-align: justify; background: white;\"><span style=\"font-family: 'Arial','sans-serif'; color: #1d2228;\">Por otra parte, aquellos trabajadores de Inclusi\u00f3n, que no prestan servicios en alguna dependencia p\u00fablica, percibir\u00e1n un beneficio de $150 mil a partir de septiembre, lo que implica un 111% de incremento en relaci\u00f3n al salario que percib\u00edan anteriormente.<\/span><\/h3>\n<h3 class=\"yiv7409174924ydp6329976emsonormal\" style=\"text-align: justify; background: white;\"><span style=\"font-family: 'Arial','sans-serif'; color: #1d2228;\">\u201cSi no hici\u00e9ramos este tipo de cuidado de nuestra plata, no podr\u00edamos tener la provincia que tenemos, ni pagar los sueldos que pagamos\u201d, agreg\u00f3 Alberto Rodr\u00edguez Sa\u00e1 y remarc\u00f3 la importancia de tomar las medidas en el momento que los trabajadores m\u00e1s lo necesitan. \u201cLes dije que \u00edbamos a volver a ver en septiembre, y ac\u00e1 estamos. Ahora les digo que si sigue la cosa, nos vamos a volver a reunir en octubre y en noviembre\u201d, asegur\u00f3.<\/span><\/h3>\n","protected":false},"excerpt":{"rendered":"<p>Ning\u00fan empleado p\u00fablico cobrar\u00e1 menos de $300.000. Los trabajadores de Inclusi\u00f3n Social cobrar\u00e1n un m\u00ednimo&#8230;<\/p>\n","protected":false},"author":1,"featured_media":3367,"comment_status":"closed","ping_status":"closed","sticky":false,"template":"","format":"standard","meta":{"footnotes":""},"categories":[6],"tags":[],"class_list":["post-3366","post","type-post","status-publish","format-standard","has-post-thumbnail","hentry","category-ciudad-provincia"],"yoast_head":"<!-- This site is optimized with the Yoast SEO plugin v26.1.1 - https:\/\/yoast.com\/wordpress\/plugins\/seo\/ -->\n<title>SI HAY MISERIA, QUE NO SE NOTE: RODR\u00cdGUEZ SAA ANUNCI\u00d3 UN IMPORTANTE AUMENTO SALARIAL - Apuntes de San Luis<\/title>\n<meta name=\"robots\" content=\"index, follow, max-snippet:-1, max-image-preview:large, max-video-preview:-1\" \/>\n<link rel=\"canonical\" href=\"https:\/\/apuntesdesanluis.com\/index.php\/2023\/09\/16\/si-hay-miseria-que-no-se-note-rodriguez-saa-anuncio-un-importante-aumento-salarial\/\" \/>\n<meta property=\"og:locale\" content=\"es_ES\" \/>\n<meta property=\"og:type\" content=\"article\" \/>\n<meta property=\"og:title\" content=\"SI HAY MISERIA, QUE NO SE NOTE: RODR\u00cdGUEZ SAA ANUNCI\u00d3 UN IMPORTANTE AUMENTO SALARIAL - Apuntes de San Luis\" \/>\n<meta property=\"og:description\" content=\"Ning\u00fan empleado p\u00fablico cobrar\u00e1 menos de $300.000. Los trabajadores de Inclusi\u00f3n Social cobrar\u00e1n un m\u00ednimo...\" \/>\n<meta property=\"og:url\" content=\"https:\/\/apuntesdesanluis.com\/index.php\/2023\/09\/16\/si-hay-miseria-que-no-se-note-rodriguez-saa-anuncio-un-importante-aumento-salarial\/\" \/>\n<meta property=\"og:site_name\" content=\"Apuntes de San Luis\" \/>\n<meta property=\"article:published_time\" content=\"2023-09-16T03:18:25+00:00\" \/>\n<meta property=\"article:modified_time\" content=\"2023-09-16T03:21:47+00:00\" \/>\n<meta property=\"og:image\" content=\"https:\/\/apuntesdesanluis.com\/wp-content\/uploads\/2023\/09\/ALBERTO-1.png\" \/>\n\t<meta property=\"og:image:width\" content=\"600\" \/>\n\t<meta property=\"og:image:height\" content=\"365\" \/>\n\t<meta property=\"og:image:type\" content=\"image\/png\" \/>\n<meta name=\"author\" content=\"apuntesdesanluis.com\" \/>\n<meta name=\"twitter:card\" content=\"summary_large_image\" \/>\n<meta name=\"twitter:label1\" content=\"Escrito por\" \/>\n\t<meta name=\"twitter:data1\" content=\"apuntesdesanluis.com\" \/>\n\t<meta name=\"twitter:label2\" content=\"Tiempo de lectura\" \/>\n\t<meta name=\"twitter:data2\" content=\"4 minutos\" \/>\n<script type=\"application\/ld+json\" class=\"yoast-schema-graph\">{\"@context\":\"https:\/\/schema.org\",\"@graph\":[{\"@type\":\"Article\",\"@id\":\"https:\/\/apuntesdesanluis.com\/index.php\/2023\/09\/16\/si-hay-miseria-que-no-se-note-rodriguez-saa-anuncio-un-importante-aumento-salarial\/#article\",\"isPartOf\":{\"@id\":\"https:\/\/apuntesdesanluis.com\/index.php\/2023\/09\/16\/si-hay-miseria-que-no-se-note-rodriguez-saa-anuncio-un-importante-aumento-salarial\/\"},\"author\":{\"name\":\"apuntesdesanluis.com\",\"@id\":\"https:\/\/apuntesdesanluis.com\/#\/schema\/person\/b55151d52296fcce64d1a72538a70b90\"},\"headline\":\"SI HAY MISERIA, QUE NO SE NOTE: RODR\u00cdGUEZ SAA ANUNCI\u00d3 UN IMPORTANTE AUMENTO SALARIAL\",\"datePublished\":\"2023-09-16T03:18:25+00:00\",\"dateModified\":\"2023-09-16T03:21:47+00:00\",\"mainEntityOfPage\":{\"@id\":\"https:\/\/apuntesdesanluis.com\/index.php\/2023\/09\/16\/si-hay-miseria-que-no-se-note-rodriguez-saa-anuncio-un-importante-aumento-salarial\/\"},\"wordCount\":815,\"publisher\":{\"@id\":\"https:\/\/apuntesdesanluis.com\/#\/schema\/person\/b55151d52296fcce64d1a72538a70b90\"},\"image\":{\"@id\":\"https:\/\/apuntesdesanluis.com\/index.php\/2023\/09\/16\/si-hay-miseria-que-no-se-note-rodriguez-saa-anuncio-un-importante-aumento-salarial\/#primaryimage\"},\"thumbnailUrl\":\"https:\/\/apuntesdesanluis.com\/wp-content\/uploads\/2023\/09\/ALBERTO-1.png\",\"articleSection\":[\"Ciudad\/Provincia\"],\"inLanguage\":\"es-AR\"},{\"@type\":\"WebPage\",\"@id\":\"https:\/\/apuntesdesanluis.com\/index.php\/2023\/09\/16\/si-hay-miseria-que-no-se-note-rodriguez-saa-anuncio-un-importante-aumento-salarial\/\",\"url\":\"https:\/\/apuntesdesanluis.com\/index.php\/2023\/09\/16\/si-hay-miseria-que-no-se-note-rodriguez-saa-anuncio-un-importante-aumento-salarial\/\",\"name\":\"SI HAY MISERIA, QUE NO SE NOTE: RODR\u00cdGUEZ SAA ANUNCI\u00d3 UN IMPORTANTE AUMENTO SALARIAL - Apuntes de San Luis\",\"isPartOf\":{\"@id\":\"https:\/\/apuntesdesanluis.com\/#website\"},\"primaryImageOfPage\":{\"@id\":\"https:\/\/apuntesdesanluis.com\/index.php\/2023\/09\/16\/si-hay-miseria-que-no-se-note-rodriguez-saa-anuncio-un-importante-aumento-salarial\/#primaryimage\"},\"image\":{\"@id\":\"https:\/\/apuntesdesanluis.com\/index.php\/2023\/09\/16\/si-hay-miseria-que-no-se-note-rodriguez-saa-anuncio-un-importante-aumento-salarial\/#primaryimage\"},\"thumbnailUrl\":\"https:\/\/apuntesdesanluis.com\/wp-content\/uploads\/2023\/09\/ALBERTO-1.png\",\"datePublished\":\"2023-09-16T03:18:25+00:00\",\"dateModified\":\"2023-09-16T03:21:47+00:00\",\"breadcrumb\":{\"@id\":\"https:\/\/apuntesdesanluis.com\/index.php\/2023\/09\/16\/si-hay-miseria-que-no-se-note-rodriguez-saa-anuncio-un-importante-aumento-salarial\/#breadcrumb\"},\"inLanguage\":\"es-AR\",\"potentialAction\":[{\"@type\":\"ReadAction\",\"target\":[\"https:\/\/apuntesdesanluis.com\/index.php\/2023\/09\/16\/si-hay-miseria-que-no-se-note-rodriguez-saa-anuncio-un-importante-aumento-salarial\/\"]}]},{\"@type\":\"ImageObject\",\"inLanguage\":\"es-AR\",\"@id\":\"https:\/\/apuntesdesanluis.com\/index.php\/2023\/09\/16\/si-hay-miseria-que-no-se-note-rodriguez-saa-anuncio-un-importante-aumento-salarial\/#primaryimage\",\"url\":\"https:\/\/apuntesdesanluis.com\/wp-content\/uploads\/2023\/09\/ALBERTO-1.png\",\"contentUrl\":\"https:\/\/apuntesdesanluis.com\/wp-content\/uploads\/2023\/09\/ALBERTO-1.png\",\"width\":600,\"height\":365},{\"@type\":\"BreadcrumbList\",\"@id\":\"https:\/\/apuntesdesanluis.com\/index.php\/2023\/09\/16\/si-hay-miseria-que-no-se-note-rodriguez-saa-anuncio-un-importante-aumento-salarial\/#breadcrumb\",\"itemListElement\":[{\"@type\":\"ListItem\",\"position\":1,\"name\":\"Inicio\",\"item\":\"https:\/\/apuntesdesanluis.com\/\"},{\"@type\":\"ListItem\",\"position\":2,\"name\":\"SI HAY MISERIA, QUE NO SE NOTE: RODR\u00cdGUEZ SAA ANUNCI\u00d3 UN IMPORTANTE AUMENTO SALARIAL\"}]},{\"@type\":\"WebSite\",\"@id\":\"https:\/\/apuntesdesanluis.com\/#website\",\"url\":\"https:\/\/apuntesdesanluis.com\/\",\"name\":\"Apuntes de San Luis\",\"description\":\"\",\"publisher\":{\"@id\":\"https:\/\/apuntesdesanluis.com\/#\/schema\/person\/b55151d52296fcce64d1a72538a70b90\"},\"potentialAction\":[{\"@type\":\"SearchAction\",\"target\":{\"@type\":\"EntryPoint\",\"urlTemplate\":\"https:\/\/apuntesdesanluis.com\/?s={search_term_string}\"},\"query-input\":{\"@type\":\"PropertyValueSpecification\",\"valueRequired\":true,\"valueName\":\"search_term_string\"}}],\"inLanguage\":\"es-AR\"},{\"@type\":[\"Person\",\"Organization\"],\"@id\":\"https:\/\/apuntesdesanluis.com\/#\/schema\/person\/b55151d52296fcce64d1a72538a70b90\",\"name\":\"apuntesdesanluis.com\",\"image\":{\"@type\":\"ImageObject\",\"inLanguage\":\"es-AR\",\"@id\":\"https:\/\/apuntesdesanluis.com\/#\/schema\/person\/image\/\",\"url\":\"https:\/\/apuntesdesanluis.com\/wp-content\/uploads\/2023\/07\/cropped-apuntesdesanluis.png\",\"contentUrl\":\"https:\/\/apuntesdesanluis.com\/wp-content\/uploads\/2023\/07\/cropped-apuntesdesanluis.png\",\"width\":450,\"height\":112,\"caption\":\"apuntesdesanluis.com\"},\"logo\":{\"@id\":\"https:\/\/apuntesdesanluis.com\/#\/schema\/person\/image\/\"},\"sameAs\":[\"https:\/\/apuntesdesanluis.com\"],\"url\":\"https:\/\/apuntesdesanluis.com\/index.php\/author\/apuntesdesanluis-com\/\"}]}<\/script>\n<!-- \/ Yoast SEO plugin. -->","yoast_head_json":{"title":"SI HAY MISERIA, QUE NO SE NOTE: RODR\u00cdGUEZ SAA ANUNCI\u00d3 UN IMPORTANTE AUMENTO SALARIAL - Apuntes de San Luis","robots":{"index":"index","follow":"follow","max-snippet":"max-snippet:-1","max-image-preview":"max-image-preview:large","max-video-preview":"max-video-preview:-1"},"canonical":"https:\/\/apuntesdesanluis.com\/index.php\/2023\/09\/16\/si-hay-miseria-que-no-se-note-rodriguez-saa-anuncio-un-importante-aumento-salarial\/","og_locale":"es_ES","og_type":"article","og_title":"SI HAY MISERIA, QUE NO SE NOTE: RODR\u00cdGUEZ SAA ANUNCI\u00d3 UN IMPORTANTE AUMENTO SALARIAL - Apuntes de San Luis","og_description":"Ning\u00fan empleado p\u00fablico cobrar\u00e1 menos de $300.000. Los trabajadores de Inclusi\u00f3n Social cobrar\u00e1n un m\u00ednimo...","og_url":"https:\/\/apuntesdesanluis.com\/index.php\/2023\/09\/16\/si-hay-miseria-que-no-se-note-rodriguez-saa-anuncio-un-importante-aumento-salarial\/","og_site_name":"Apuntes de San Luis","article_published_time":"2023-09-16T03:18:25+00:00","article_modified_time":"2023-09-16T03:21:47+00:00","og_image":[{"width":600,"height":365,"url":"https:\/\/apuntesdesanluis.com\/wp-content\/uploads\/2023\/09\/ALBERTO-1.png","type":"image\/png"}],"author":"apuntesdesanluis.com","twitter_card":"summary_large_image","twitter_misc":{"Escrito por":"apuntesdesanluis.com","Tiempo de lectura":"4 minutos"},"schema":{"@context":"https:\/\/schema.org","@graph":[{"@type":"Article","@id":"https:\/\/apuntesdesanluis.com\/index.php\/2023\/09\/16\/si-hay-miseria-que-no-se-note-rodriguez-saa-anuncio-un-importante-aumento-salarial\/#article","isPartOf":{"@id":"https:\/\/apuntesdesanluis.com\/index.php\/2023\/09\/16\/si-hay-miseria-que-no-se-note-rodriguez-saa-anuncio-un-importante-aumento-salarial\/"},"author":{"name":"apuntesdesanluis.com","@id":"https:\/\/apuntesdesanluis.com\/#\/schema\/person\/b55151d52296fcce64d1a72538a70b90"},"headline":"SI HAY MISERIA, QUE NO SE NOTE: RODR\u00cdGUEZ SAA ANUNCI\u00d3 UN IMPORTANTE AUMENTO SALARIAL","datePublished":"2023-09-16T03:18:25+00:00","dateModified":"2023-09-16T03:21:47+00:00","mainEntityOfPage":{"@id":"https:\/\/apuntesdesanluis.com\/index.php\/2023\/09\/16\/si-hay-miseria-que-no-se-note-rodriguez-saa-anuncio-un-importante-aumento-salarial\/"},"wordCount":815,"publisher":{"@id":"https:\/\/apuntesdesanluis.com\/#\/schema\/person\/b55151d52296fcce64d1a72538a70b90"},"image":{"@id":"https:\/\/apuntesdesanluis.com\/index.php\/2023\/09\/16\/si-hay-miseria-que-no-se-note-rodriguez-saa-anuncio-un-importante-aumento-salarial\/#primaryimage"},"thumbnailUrl":"https:\/\/apuntesdesanluis.com\/wp-content\/uploads\/2023\/09\/ALBERTO-1.png","articleSection":["Ciudad\/Provincia"],"inLanguage":"es-AR"},{"@type":"WebPage","@id":"https:\/\/apuntesdesanluis.com\/index.php\/2023\/09\/16\/si-hay-miseria-que-no-se-note-rodriguez-saa-anuncio-un-importante-aumento-salarial\/","url":"https:\/\/apuntesdesanluis.com\/index.php\/2023\/09\/16\/si-hay-miseria-que-no-se-note-rodriguez-saa-anuncio-un-importante-aumento-salarial\/","name":"SI HAY MISERIA, QUE NO SE NOTE: RODR\u00cdGUEZ SAA ANUNCI\u00d3 UN IMPORTANTE AUMENTO SALARIAL - Apuntes de San Luis","isPartOf":{"@id":"https:\/\/apuntesdesanluis.com\/#website"},"primaryImageOfPage":{"@id":"https:\/\/apuntesdesanluis.com\/index.php\/2023\/09\/16\/si-hay-miseria-que-no-se-note-rodriguez-saa-anuncio-un-importante-aumento-salarial\/#primaryimage"},"image":{"@id":"https:\/\/apuntesdesanluis.com\/index.php\/2023\/09\/16\/si-hay-miseria-que-no-se-note-rodriguez-saa-anuncio-un-importante-aumento-salarial\/#primaryimage"},"thumbnailUrl":"https:\/\/apuntesdesanluis.com\/wp-content\/uploads\/2023\/09\/ALBERTO-1.png","datePublished":"2023-09-16T03:18:25+00:00","dateModified":"2023-09-16T03:21:47+00:00","breadcrumb":{"@id":"https:\/\/apuntesdesanluis.com\/index.php\/2023\/09\/16\/si-hay-miseria-que-no-se-note-rodriguez-saa-anuncio-un-importante-aumento-salarial\/#breadcrumb"},"inLanguage":"es-AR","potentialAction":[{"@type":"ReadAction","target":["https:\/\/apuntesdesanluis.com\/index.php\/2023\/09\/16\/si-hay-miseria-que-no-se-note-rodriguez-saa-anuncio-un-importante-aumento-salarial\/"]}]},{"@type":"ImageObject","inLanguage":"es-AR","@id":"https:\/\/apuntesdesanluis.com\/index.php\/2023\/09\/16\/si-hay-miseria-que-no-se-note-rodriguez-saa-anuncio-un-importante-aumento-salarial\/#primaryimage","url":"https:\/\/apuntesdesanluis.com\/wp-content\/uploads\/2023\/09\/ALBERTO-1.png","contentUrl":"https:\/\/apuntesdesanluis.com\/wp-content\/uploads\/2023\/09\/ALBERTO-1.png","width":600,"height":365},{"@type":"BreadcrumbList","@id":"https:\/\/apuntesdesanluis.com\/index.php\/2023\/09\/16\/si-hay-miseria-que-no-se-note-rodriguez-saa-anuncio-un-importante-aumento-salarial\/#breadcrumb","itemListElement":[{"@type":"ListItem","position":1,"name":"Inicio","item":"https:\/\/apuntesdesanluis.com\/"},{"@type":"ListItem","position":2,"name":"SI HAY MISERIA, QUE NO SE NOTE: RODR\u00cdGUEZ SAA ANUNCI\u00d3 UN IMPORTANTE AUMENTO SALARIAL"}]},{"@type":"WebSite","@id":"https:\/\/apuntesdesanluis.com\/#website","url":"https:\/\/apuntesdesanluis.com\/","name":"Apuntes de San Luis","description":"","publisher":{"@id":"https:\/\/apuntesdesanluis.com\/#\/schema\/person\/b55151d52296fcce64d1a72538a70b90"},"potentialAction":[{"@type":"SearchAction","target":{"@type":"EntryPoint","urlTemplate":"https:\/\/apuntesdesanluis.com\/?s={search_term_string}"},"query-input":{"@type":"PropertyValueSpecification","valueRequired":true,"valueName":"search_term_string"}}],"inLanguage":"es-AR"},{"@type":["Person","Organization"],"@id":"https:\/\/apuntesdesanluis.com\/#\/schema\/person\/b55151d52296fcce64d1a72538a70b90","name":"apuntesdesanluis.com","image":{"@type":"ImageObject","inLanguage":"es-AR","@id":"https:\/\/apuntesdesanluis.com\/#\/schema\/person\/image\/","url":"https:\/\/apuntesdesanluis.com\/wp-content\/uploads\/2023\/07\/cropped-apuntesdesanluis.png","contentUrl":"https:\/\/apuntesdesanluis.com\/wp-content\/uploads\/2023\/07\/cropped-apuntesdesanluis.png","width":450,"height":112,"caption":"apuntesdesanluis.com"},"logo":{"@id":"https:\/\/apuntesdesanluis.com\/#\/schema\/person\/image\/"},"sameAs":["https:\/\/apuntesdesanluis.com"],"url":"https:\/\/apuntesdesanluis.com\/index.php\/author\/apuntesdesanluis-com\/"}]}},"featured_image_urls":{"full":["https:\/\/apuntesdesanluis.com\/wp-content\/uploads\/2023\/09\/ALBERTO-1.png",600,365,false],"thumbnail":["https:\/\/apuntesdesanluis.com\/wp-content\/uploads\/2023\/09\/ALBERTO-1-150x150.png",150,150,true],"medium":["https:\/\/apuntesdesanluis.com\/wp-content\/uploads\/2023\/09\/ALBERTO-1-300x183.png",300,183,true],"medium_large":["https:\/\/apuntesdesanluis.com\/wp-content\/uploads\/2023\/09\/ALBERTO-1.png",600,365,false],"large":["https:\/\/apuntesdesanluis.com\/wp-content\/uploads\/2023\/09\/ALBERTO-1.png",600,365,false],"1536x1536":["https:\/\/apuntesdesanluis.com\/wp-content\/uploads\/2023\/09\/ALBERTO-1.png",600,365,false],"2048x2048":["https:\/\/apuntesdesanluis.com\/wp-content\/uploads\/2023\/09\/ALBERTO-1.png",600,365,false],"newsever-slider-full":["https:\/\/apuntesdesanluis.com\/wp-content\/uploads\/2023\/09\/ALBERTO-1.png",600,365,false],"newsever-featured":["https:\/\/apuntesdesanluis.com\/wp-content\/uploads\/2023\/09\/ALBERTO-1.png",600,365,false],"newsever-medium":["https:\/\/apuntesdesanluis.com\/wp-content\/uploads\/2023\/09\/ALBERTO-1.png",600,365,false]},"author_info":{"display_name":"apuntesdesanluis.com","author_link":"https:\/\/apuntesdesanluis.com\/index.php\/author\/apuntesdesanluis-com\/"},"category_info":"<a href=\"https:\/\/apuntesdesanluis.com\/index.php\/category\/ciudad-provincia\/\" rel=\"category tag\">Ciudad\/Provincia<\/a>","tag_info":"Ciudad\/Provincia","comment_count":"0","_links":{"self":[{"href":"https:\/\/apuntesdesanluis.com\/index.php\/wp-json\/wp\/v2\/posts\/3366","targetHints":{"allow":["GET"]}}],"collection":[{"href":"https:\/\/apuntesdesanluis.com\/index.php\/wp-json\/wp\/v2\/posts"}],"about":[{"href":"https:\/\/apuntesdesanluis.com\/index.php\/wp-json\/wp\/v2\/types\/post"}],"author":[{"embeddable":true,"href":"https:\/\/apuntesdesanluis.com\/index.php\/wp-json\/wp\/v2\/users\/1"}],"replies":[{"embeddable":true,"href":"https:\/\/apuntesdesanluis.com\/index.php\/wp-json\/wp\/v2\/comments?post=3366"}],"version-history":[{"count":4,"href":"https:\/\/apuntesdesanluis.com\/index.php\/wp-json\/wp\/v2\/posts\/3366\/revisions"}],"predecessor-version":[{"id":3371,"href":"https:\/\/apuntesdesanluis.com\/index.php\/wp-json\/wp\/v2\/posts\/3366\/revisions\/3371"}],"wp:featuredmedia":[{"embeddable":true,"href":"https:\/\/apuntesdesanluis.com\/index.php\/wp-json\/wp\/v2\/media\/3367"}],"wp:attachment":[{"href":"https:\/\/apuntesdesanluis.com\/index.php\/wp-json\/wp\/v2\/media?parent=3366"}],"wp:term":[{"taxonomy":"category","embeddable":true,"href":"https:\/\/apuntesdesanluis.com\/index.php\/wp-json\/wp\/v2\/categories?post=3366"},{"taxonomy":"post_tag","embeddable":true,"href":"https:\/\/apuntesdesanluis.com\/index.php\/wp-json\/wp\/v2\/tags?post=3366"}],"curies":[{"name":"wp","href":"https:\/\/api.w.org\/{rel}","templated":true}]}}