{"id":3372,"date":"2023-09-16T00:29:47","date_gmt":"2023-09-16T03:29:47","guid":{"rendered":"https:\/\/apuntesdesanluis.com\/?p=3372"},"modified":"2023-09-16T00:29:47","modified_gmt":"2023-09-16T03:29:47","slug":"javier-milei-comienza-en-san-luis-su-tour-por-las-provincias-en-donde-no-estuvo-antes-de-las-paso","status":"publish","type":"post","link":"https:\/\/apuntesdesanluis.com\/index.php\/2023\/09\/16\/javier-milei-comienza-en-san-luis-su-tour-por-las-provincias-en-donde-no-estuvo-antes-de-las-paso\/","title":{"rendered":"JAVIER MILEI COMIENZA EN SAN LUIS SU TOUR POR LAS PROVINCIAS EN DONDE NO ESTUVO ANTES DE LAS PASO"},"content":{"rendered":"<h3 class=\"yiv7409174924ydp6329976emsonormal\" style=\"text-align: justify; background: white;\"><span style=\"font-family: 'Arial','sans-serif'; color: #1d2228;\">El candidato presidencial de La Libertad Avanza ser\u00e1 recibido este s\u00e1bado por los dirigentes locales que encabezan la lista de su espacio a diputado, senador nacional y parlamentario del Mercosur. Esta semana, su equipo de campa\u00f1a reuni\u00f3 en Buenos Aires a los principales aspirantes al Congreso<\/span><\/h3>\n<h3 class=\"yiv7409174924ydp6329976emsonormal\" style=\"text-align: justify; background: white;\"><span style=\"font-family: 'Arial','sans-serif'; color: #1d2228;\">El candidato a presidente por La Libertad Avanza, <strong>Javier Milei<\/strong>, comenzar\u00e1 este s\u00e1bado con su nueva gira por el interior del pa\u00eds, en la que visitar\u00e1 provincias en las que no estuvo nunca hasta el momento, empezando por San Luis, donde realizar\u00e1 una recorrida junto a los referentes locales de su partido.<\/span><\/h3>\n<h3 class=\"yiv7409174924ydp6329976emsonormal\" style=\"text-align: justify; background: white;\"><span style=\"font-family: 'Arial','sans-serif'; color: #1d2228;\">A m\u00e1s de un mes de las elecciones primarias, el dirigente opositor llegar\u00e1 por la ma\u00f1ana al distrito en el que, seg\u00fan los datos oficiales, sac\u00f3 casi el 50% -siendo uno de sus mejores desempe\u00f1os-, con el objetivo de retener ese apoyo de cara a las generales de octubre.<\/span><\/h3>\n<h3 class=\"yiv7409174924ydp6329976emsonormal\" style=\"text-align: justify; background: white;\"><span style=\"font-family: 'Arial','sans-serif'; color: #1d2228;\">En el marco de su aspiraci\u00f3n de ganar en primera vuelta, el economista recorrer\u00e1 este y otros lugares que no visit\u00f3 previo a las PASO, donde buscar\u00e1 recrear las fotos rodeado de multitudes, como las que difund\u00edan en su anterior gira, como una forma de mostrar apoyo popular.<\/span><\/h3>\n<h3 class=\"yiv7409174924ydp6329976emsonormal\" style=\"text-align: justify; background: white;\"><span style=\"font-family: 'Arial','sans-serif'; color: #1d2228;\">Seg\u00fan precisaron fuentes del partido, Milei partir\u00e1 en un vuelo de l\u00ednea este s\u00e1bado por la ma\u00f1ana rumbo a la capital de San Luis, donde ser\u00e1 recibido por Bartolom\u00e9 Abdala y Carlos D\u2019alessandro, quienes encabezan la lista local del espacio a senador y diputado nacional, respectivamente.<\/span><\/h3>\n<h3 class=\"yiv7409174924ydp6329976emsonormal\" style=\"text-align: justify; background: white;\"><span style=\"font-family: 'Arial','sans-serif'; color: #1d2228;\">Junto a \u00e9l viajar\u00e1n, como de costumbre, su hermana Karina y sus armadores nacionales, Carlos \u201cChino\u201d Kikuchi y Julio Serna, con quienes se hospedar\u00e1 en el hotel Potrero de los Funes, ubicado en la localidad hom\u00f3nima, situada a unos kil\u00f3metros de la ciudad de San Luis.<\/span><\/h3>\n<h3 class=\"yiv7409174924ydp6329976emsonormal\" style=\"text-align: justify; background: white;\"><span style=\"font-family: 'Arial','sans-serif'; color: #1d2228;\">Por la tarde, desde las 18:00, el candidato presidencial bajar\u00e1 en la plaza Pringles, en la intersecci\u00f3n de las calles Pringles y Rivadavia, para recorrer desde all\u00ed unos metros saludando a los vecinos y militantes que espera que se junten all\u00ed para verlo.<\/span><\/h3>\n<h3 class=\"yiv7409174924ydp6329976emsonormal\" style=\"text-align: justify; background: white;\"><span style=\"font-family: 'Arial','sans-serif'; color: #1d2228;\">Al igual que sucedi\u00f3 con sus \u00faltimas caravanas por el conurbano bonaerense, dependiendo de la cantidad de gente que se concentre en el lugar, el aspirante a la Casa Rosada har\u00e1 el trayecto a pie o a bordo de una camioneta con doble cabina. Su equipo se prepar\u00f3 para ambos escenarios.<\/span><\/h3>\n<h3 class=\"yiv7409174924ydp6329976emsonormal\" style=\"text-align: justify; background: white;\"><span style=\"font-family: 'Arial','sans-serif'; color: #1d2228;\">De esta manera, el dirigente opositor retomar\u00e1 su gira por la Argentina, que tambi\u00e9n lo llevar\u00e1, seg\u00fan est\u00e1 planeado hasta el momento, por Corrientes y Salta, donde no estuvo antes de las PASO, y nuevamente por C\u00f3rdoba, una de las provincias donde el liberalismo es fuerte.<\/span><\/h3>\n<h3 class=\"yiv7409174924ydp6329976emsonormal\" style=\"text-align: justify; background: white;\"><span style=\"font-family: 'Arial','sans-serif'; color: #1d2228;\">En su tour de cara a las Primarias, Milei recorri\u00f3 Paran\u00e1, Entre R\u00edos; Villa La Angostura y San Mart\u00edn de los Andes, en Neuqu\u00e9n; Bariloche, R\u00edo Negro; Ushuaia, capital de Tierra del Fuego, y Comodoro Rivadavia y Puerto Madryn, en Chubut.<\/span><\/h3>\n","protected":false},"excerpt":{"rendered":"<p>El candidato presidencial de La Libertad Avanza ser\u00e1 recibido este s\u00e1bado por los dirigentes locales&#8230;<\/p>\n","protected":false},"author":1,"featured_media":3373,"comment_status":"closed","ping_status":"closed","sticky":false,"template":"","format":"standard","meta":{"footnotes":""},"categories":[6],"tags":[],"class_list":["post-3372","post","type-post","status-publish","format-standard","has-post-thumbnail","hentry","category-ciudad-provincia"],"yoast_head":"<!-- This site is optimized with the Yoast SEO plugin v26.1.1 - https:\/\/yoast.com\/wordpress\/plugins\/seo\/ -->\n<title>JAVIER MILEI COMIENZA EN SAN LUIS SU TOUR POR LAS PROVINCIAS EN DONDE NO ESTUVO ANTES DE LAS PASO - Apuntes de San Luis<\/title>\n<meta name=\"robots\" content=\"index, follow, max-snippet:-1, max-image-preview:large, max-video-preview:-1\" \/>\n<link rel=\"canonical\" href=\"https:\/\/apuntesdesanluis.com\/index.php\/2023\/09\/16\/javier-milei-comienza-en-san-luis-su-tour-por-las-provincias-en-donde-no-estuvo-antes-de-las-paso\/\" \/>\n<meta property=\"og:locale\" content=\"es_ES\" \/>\n<meta property=\"og:type\" content=\"article\" \/>\n<meta property=\"og:title\" content=\"JAVIER MILEI COMIENZA EN SAN LUIS SU TOUR POR LAS PROVINCIAS EN DONDE NO ESTUVO ANTES DE LAS PASO - Apuntes de San Luis\" \/>\n<meta property=\"og:description\" content=\"El candidato presidencial de La Libertad Avanza ser\u00e1 recibido este s\u00e1bado por los dirigentes locales...\" \/>\n<meta property=\"og:url\" content=\"https:\/\/apuntesdesanluis.com\/index.php\/2023\/09\/16\/javier-milei-comienza-en-san-luis-su-tour-por-las-provincias-en-donde-no-estuvo-antes-de-las-paso\/\" \/>\n<meta property=\"og:site_name\" content=\"Apuntes de San Luis\" \/>\n<meta property=\"article:published_time\" content=\"2023-09-16T03:29:47+00:00\" \/>\n<meta property=\"og:image\" content=\"https:\/\/apuntesdesanluis.com\/wp-content\/uploads\/2023\/09\/milei-4.png\" \/>\n\t<meta property=\"og:image:width\" content=\"731\" \/>\n\t<meta property=\"og:image:height\" content=\"407\" \/>\n\t<meta property=\"og:image:type\" content=\"image\/png\" \/>\n<meta name=\"author\" content=\"apuntesdesanluis.com\" \/>\n<meta name=\"twitter:card\" content=\"summary_large_image\" \/>\n<meta name=\"twitter:label1\" content=\"Escrito por\" \/>\n\t<meta name=\"twitter:data1\" content=\"apuntesdesanluis.com\" \/>\n\t<meta name=\"twitter:label2\" content=\"Tiempo de lectura\" \/>\n\t<meta name=\"twitter:data2\" content=\"3 minutos\" \/>\n<script type=\"application\/ld+json\" class=\"yoast-schema-graph\">{\"@context\":\"https:\/\/schema.org\",\"@graph\":[{\"@type\":\"Article\",\"@id\":\"https:\/\/apuntesdesanluis.com\/index.php\/2023\/09\/16\/javier-milei-comienza-en-san-luis-su-tour-por-las-provincias-en-donde-no-estuvo-antes-de-las-paso\/#article\",\"isPartOf\":{\"@id\":\"https:\/\/apuntesdesanluis.com\/index.php\/2023\/09\/16\/javier-milei-comienza-en-san-luis-su-tour-por-las-provincias-en-donde-no-estuvo-antes-de-las-paso\/\"},\"author\":{\"name\":\"apuntesdesanluis.com\",\"@id\":\"https:\/\/apuntesdesanluis.com\/#\/schema\/person\/b55151d52296fcce64d1a72538a70b90\"},\"headline\":\"JAVIER MILEI COMIENZA EN SAN LUIS SU TOUR POR LAS PROVINCIAS EN DONDE NO ESTUVO ANTES DE LAS PASO\",\"datePublished\":\"2023-09-16T03:29:47+00:00\",\"mainEntityOfPage\":{\"@id\":\"https:\/\/apuntesdesanluis.com\/index.php\/2023\/09\/16\/javier-milei-comienza-en-san-luis-su-tour-por-las-provincias-en-donde-no-estuvo-antes-de-las-paso\/\"},\"wordCount\":511,\"publisher\":{\"@id\":\"https:\/\/apuntesdesanluis.com\/#\/schema\/person\/b55151d52296fcce64d1a72538a70b90\"},\"image\":{\"@id\":\"https:\/\/apuntesdesanluis.com\/index.php\/2023\/09\/16\/javier-milei-comienza-en-san-luis-su-tour-por-las-provincias-en-donde-no-estuvo-antes-de-las-paso\/#primaryimage\"},\"thumbnailUrl\":\"https:\/\/apuntesdesanluis.com\/wp-content\/uploads\/2023\/09\/milei-4.png\",\"articleSection\":[\"Ciudad\/Provincia\"],\"inLanguage\":\"es-AR\"},{\"@type\":\"WebPage\",\"@id\":\"https:\/\/apuntesdesanluis.com\/index.php\/2023\/09\/16\/javier-milei-comienza-en-san-luis-su-tour-por-las-provincias-en-donde-no-estuvo-antes-de-las-paso\/\",\"url\":\"https:\/\/apuntesdesanluis.com\/index.php\/2023\/09\/16\/javier-milei-comienza-en-san-luis-su-tour-por-las-provincias-en-donde-no-estuvo-antes-de-las-paso\/\",\"name\":\"JAVIER MILEI COMIENZA EN SAN LUIS SU TOUR POR LAS PROVINCIAS EN DONDE NO ESTUVO ANTES DE LAS PASO - Apuntes de San Luis\",\"isPartOf\":{\"@id\":\"https:\/\/apuntesdesanluis.com\/#website\"},\"primaryImageOfPage\":{\"@id\":\"https:\/\/apuntesdesanluis.com\/index.php\/2023\/09\/16\/javier-milei-comienza-en-san-luis-su-tour-por-las-provincias-en-donde-no-estuvo-antes-de-las-paso\/#primaryimage\"},\"image\":{\"@id\":\"https:\/\/apuntesdesanluis.com\/index.php\/2023\/09\/16\/javier-milei-comienza-en-san-luis-su-tour-por-las-provincias-en-donde-no-estuvo-antes-de-las-paso\/#primaryimage\"},\"thumbnailUrl\":\"https:\/\/apuntesdesanluis.com\/wp-content\/uploads\/2023\/09\/milei-4.png\",\"datePublished\":\"2023-09-16T03:29:47+00:00\",\"breadcrumb\":{\"@id\":\"https:\/\/apuntesdesanluis.com\/index.php\/2023\/09\/16\/javier-milei-comienza-en-san-luis-su-tour-por-las-provincias-en-donde-no-estuvo-antes-de-las-paso\/#breadcrumb\"},\"inLanguage\":\"es-AR\",\"potentialAction\":[{\"@type\":\"ReadAction\",\"target\":[\"https:\/\/apuntesdesanluis.com\/index.php\/2023\/09\/16\/javier-milei-comienza-en-san-luis-su-tour-por-las-provincias-en-donde-no-estuvo-antes-de-las-paso\/\"]}]},{\"@type\":\"ImageObject\",\"inLanguage\":\"es-AR\",\"@id\":\"https:\/\/apuntesdesanluis.com\/index.php\/2023\/09\/16\/javier-milei-comienza-en-san-luis-su-tour-por-las-provincias-en-donde-no-estuvo-antes-de-las-paso\/#primaryimage\",\"url\":\"https:\/\/apuntesdesanluis.com\/wp-content\/uploads\/2023\/09\/milei-4.png\",\"contentUrl\":\"https:\/\/apuntesdesanluis.com\/wp-content\/uploads\/2023\/09\/milei-4.png\",\"width\":731,\"height\":407},{\"@type\":\"BreadcrumbList\",\"@id\":\"https:\/\/apuntesdesanluis.com\/index.php\/2023\/09\/16\/javier-milei-comienza-en-san-luis-su-tour-por-las-provincias-en-donde-no-estuvo-antes-de-las-paso\/#breadcrumb\",\"itemListElement\":[{\"@type\":\"ListItem\",\"position\":1,\"name\":\"Inicio\",\"item\":\"https:\/\/apuntesdesanluis.com\/\"},{\"@type\":\"ListItem\",\"position\":2,\"name\":\"JAVIER MILEI COMIENZA EN SAN LUIS SU TOUR POR LAS PROVINCIAS EN DONDE NO ESTUVO ANTES DE LAS PASO\"}]},{\"@type\":\"WebSite\",\"@id\":\"https:\/\/apuntesdesanluis.com\/#website\",\"url\":\"https:\/\/apuntesdesanluis.com\/\",\"name\":\"Apuntes de San Luis\",\"description\":\"\",\"publisher\":{\"@id\":\"https:\/\/apuntesdesanluis.com\/#\/schema\/person\/b55151d52296fcce64d1a72538a70b90\"},\"potentialAction\":[{\"@type\":\"SearchAction\",\"target\":{\"@type\":\"EntryPoint\",\"urlTemplate\":\"https:\/\/apuntesdesanluis.com\/?s={search_term_string}\"},\"query-input\":{\"@type\":\"PropertyValueSpecification\",\"valueRequired\":true,\"valueName\":\"search_term_string\"}}],\"inLanguage\":\"es-AR\"},{\"@type\":[\"Person\",\"Organization\"],\"@id\":\"https:\/\/apuntesdesanluis.com\/#\/schema\/person\/b55151d52296fcce64d1a72538a70b90\",\"name\":\"apuntesdesanluis.com\",\"image\":{\"@type\":\"ImageObject\",\"inLanguage\":\"es-AR\",\"@id\":\"https:\/\/apuntesdesanluis.com\/#\/schema\/person\/image\/\",\"url\":\"https:\/\/apuntesdesanluis.com\/wp-content\/uploads\/2023\/07\/cropped-apuntesdesanluis.png\",\"contentUrl\":\"https:\/\/apuntesdesanluis.com\/wp-content\/uploads\/2023\/07\/cropped-apuntesdesanluis.png\",\"width\":450,\"height\":112,\"caption\":\"apuntesdesanluis.com\"},\"logo\":{\"@id\":\"https:\/\/apuntesdesanluis.com\/#\/schema\/person\/image\/\"},\"sameAs\":[\"https:\/\/apuntesdesanluis.com\"],\"url\":\"https:\/\/apuntesdesanluis.com\/index.php\/author\/apuntesdesanluis-com\/\"}]}<\/script>\n<!-- \/ Yoast SEO plugin. -->","yoast_head_json":{"title":"JAVIER MILEI COMIENZA EN SAN LUIS SU TOUR POR LAS PROVINCIAS EN DONDE NO ESTUVO ANTES DE LAS PASO - Apuntes de San Luis","robots":{"index":"index","follow":"follow","max-snippet":"max-snippet:-1","max-image-preview":"max-image-preview:large","max-video-preview":"max-video-preview:-1"},"canonical":"https:\/\/apuntesdesanluis.com\/index.php\/2023\/09\/16\/javier-milei-comienza-en-san-luis-su-tour-por-las-provincias-en-donde-no-estuvo-antes-de-las-paso\/","og_locale":"es_ES","og_type":"article","og_title":"JAVIER MILEI COMIENZA EN SAN LUIS SU TOUR POR LAS PROVINCIAS EN DONDE NO ESTUVO ANTES DE LAS PASO - Apuntes de San Luis","og_description":"El candidato presidencial de La Libertad Avanza ser\u00e1 recibido este s\u00e1bado por los dirigentes locales...","og_url":"https:\/\/apuntesdesanluis.com\/index.php\/2023\/09\/16\/javier-milei-comienza-en-san-luis-su-tour-por-las-provincias-en-donde-no-estuvo-antes-de-las-paso\/","og_site_name":"Apuntes de San Luis","article_published_time":"2023-09-16T03:29:47+00:00","og_image":[{"width":731,"height":407,"url":"https:\/\/apuntesdesanluis.com\/wp-content\/uploads\/2023\/09\/milei-4.png","type":"image\/png"}],"author":"apuntesdesanluis.com","twitter_card":"summary_large_image","twitter_misc":{"Escrito por":"apuntesdesanluis.com","Tiempo de lectura":"3 minutos"},"schema":{"@context":"https:\/\/schema.org","@graph":[{"@type":"Article","@id":"https:\/\/apuntesdesanluis.com\/index.php\/2023\/09\/16\/javier-milei-comienza-en-san-luis-su-tour-por-las-provincias-en-donde-no-estuvo-antes-de-las-paso\/#article","isPartOf":{"@id":"https:\/\/apuntesdesanluis.com\/index.php\/2023\/09\/16\/javier-milei-comienza-en-san-luis-su-tour-por-las-provincias-en-donde-no-estuvo-antes-de-las-paso\/"},"author":{"name":"apuntesdesanluis.com","@id":"https:\/\/apuntesdesanluis.com\/#\/schema\/person\/b55151d52296fcce64d1a72538a70b90"},"headline":"JAVIER MILEI COMIENZA EN SAN LUIS SU TOUR POR LAS PROVINCIAS EN DONDE NO ESTUVO ANTES DE LAS PASO","datePublished":"2023-09-16T03:29:47+00:00","mainEntityOfPage":{"@id":"https:\/\/apuntesdesanluis.com\/index.php\/2023\/09\/16\/javier-milei-comienza-en-san-luis-su-tour-por-las-provincias-en-donde-no-estuvo-antes-de-las-paso\/"},"wordCount":511,"publisher":{"@id":"https:\/\/apuntesdesanluis.com\/#\/schema\/person\/b55151d52296fcce64d1a72538a70b90"},"image":{"@id":"https:\/\/apuntesdesanluis.com\/index.php\/2023\/09\/16\/javier-milei-comienza-en-san-luis-su-tour-por-las-provincias-en-donde-no-estuvo-antes-de-las-paso\/#primaryimage"},"thumbnailUrl":"https:\/\/apuntesdesanluis.com\/wp-content\/uploads\/2023\/09\/milei-4.png","articleSection":["Ciudad\/Provincia"],"inLanguage":"es-AR"},{"@type":"WebPage","@id":"https:\/\/apuntesdesanluis.com\/index.php\/2023\/09\/16\/javier-milei-comienza-en-san-luis-su-tour-por-las-provincias-en-donde-no-estuvo-antes-de-las-paso\/","url":"https:\/\/apuntesdesanluis.com\/index.php\/2023\/09\/16\/javier-milei-comienza-en-san-luis-su-tour-por-las-provincias-en-donde-no-estuvo-antes-de-las-paso\/","name":"JAVIER MILEI COMIENZA EN SAN LUIS SU TOUR POR LAS PROVINCIAS EN DONDE NO ESTUVO ANTES DE LAS PASO - Apuntes de San Luis","isPartOf":{"@id":"https:\/\/apuntesdesanluis.com\/#website"},"primaryImageOfPage":{"@id":"https:\/\/apuntesdesanluis.com\/index.php\/2023\/09\/16\/javier-milei-comienza-en-san-luis-su-tour-por-las-provincias-en-donde-no-estuvo-antes-de-las-paso\/#primaryimage"},"image":{"@id":"https:\/\/apuntesdesanluis.com\/index.php\/2023\/09\/16\/javier-milei-comienza-en-san-luis-su-tour-por-las-provincias-en-donde-no-estuvo-antes-de-las-paso\/#primaryimage"},"thumbnailUrl":"https:\/\/apuntesdesanluis.com\/wp-content\/uploads\/2023\/09\/milei-4.png","datePublished":"2023-09-16T03:29:47+00:00","breadcrumb":{"@id":"https:\/\/apuntesdesanluis.com\/index.php\/2023\/09\/16\/javier-milei-comienza-en-san-luis-su-tour-por-las-provincias-en-donde-no-estuvo-antes-de-las-paso\/#breadcrumb"},"inLanguage":"es-AR","potentialAction":[{"@type":"ReadAction","target":["https:\/\/apuntesdesanluis.com\/index.php\/2023\/09\/16\/javier-milei-comienza-en-san-luis-su-tour-por-las-provincias-en-donde-no-estuvo-antes-de-las-paso\/"]}]},{"@type":"ImageObject","inLanguage":"es-AR","@id":"https:\/\/apuntesdesanluis.com\/index.php\/2023\/09\/16\/javier-milei-comienza-en-san-luis-su-tour-por-las-provincias-en-donde-no-estuvo-antes-de-las-paso\/#primaryimage","url":"https:\/\/apuntesdesanluis.com\/wp-content\/uploads\/2023\/09\/milei-4.png","contentUrl":"https:\/\/apuntesdesanluis.com\/wp-content\/uploads\/2023\/09\/milei-4.png","width":731,"height":407},{"@type":"BreadcrumbList","@id":"https:\/\/apuntesdesanluis.com\/index.php\/2023\/09\/16\/javier-milei-comienza-en-san-luis-su-tour-por-las-provincias-en-donde-no-estuvo-antes-de-las-paso\/#breadcrumb","itemListElement":[{"@type":"ListItem","position":1,"name":"Inicio","item":"https:\/\/apuntesdesanluis.com\/"},{"@type":"ListItem","position":2,"name":"JAVIER MILEI COMIENZA EN SAN LUIS SU TOUR POR LAS PROVINCIAS EN DONDE NO ESTUVO ANTES DE LAS PASO"}]},{"@type":"WebSite","@id":"https:\/\/apuntesdesanluis.com\/#website","url":"https:\/\/apuntesdesanluis.com\/","name":"Apuntes de San Luis","description":"","publisher":{"@id":"https:\/\/apuntesdesanluis.com\/#\/schema\/person\/b55151d52296fcce64d1a72538a70b90"},"potentialAction":[{"@type":"SearchAction","target":{"@type":"EntryPoint","urlTemplate":"https:\/\/apuntesdesanluis.com\/?s={search_term_string}"},"query-input":{"@type":"PropertyValueSpecification","valueRequired":true,"valueName":"search_term_string"}}],"inLanguage":"es-AR"},{"@type":["Person","Organization"],"@id":"https:\/\/apuntesdesanluis.com\/#\/schema\/person\/b55151d52296fcce64d1a72538a70b90","name":"apuntesdesanluis.com","image":{"@type":"ImageObject","inLanguage":"es-AR","@id":"https:\/\/apuntesdesanluis.com\/#\/schema\/person\/image\/","url":"https:\/\/apuntesdesanluis.com\/wp-content\/uploads\/2023\/07\/cropped-apuntesdesanluis.png","contentUrl":"https:\/\/apuntesdesanluis.com\/wp-content\/uploads\/2023\/07\/cropped-apuntesdesanluis.png","width":450,"height":112,"caption":"apuntesdesanluis.com"},"logo":{"@id":"https:\/\/apuntesdesanluis.com\/#\/schema\/person\/image\/"},"sameAs":["https:\/\/apuntesdesanluis.com"],"url":"https:\/\/apuntesdesanluis.com\/index.php\/author\/apuntesdesanluis-com\/"}]}},"featured_image_urls":{"full":["https:\/\/apuntesdesanluis.com\/wp-content\/uploads\/2023\/09\/milei-4.png",731,407,false],"thumbnail":["https:\/\/apuntesdesanluis.com\/wp-content\/uploads\/2023\/09\/milei-4-150x150.png",150,150,true],"medium":["https:\/\/apuntesdesanluis.com\/wp-content\/uploads\/2023\/09\/milei-4-300x167.png",300,167,true],"medium_large":["https:\/\/apuntesdesanluis.com\/wp-content\/uploads\/2023\/09\/milei-4.png",640,356,false],"large":["https:\/\/apuntesdesanluis.com\/wp-content\/uploads\/2023\/09\/milei-4.png",640,356,false],"1536x1536":["https:\/\/apuntesdesanluis.com\/wp-content\/uploads\/2023\/09\/milei-4.png",731,407,false],"2048x2048":["https:\/\/apuntesdesanluis.com\/wp-content\/uploads\/2023\/09\/milei-4.png",731,407,false],"newsever-slider-full":["https:\/\/apuntesdesanluis.com\/wp-content\/uploads\/2023\/09\/milei-4.png",731,407,false],"newsever-featured":["https:\/\/apuntesdesanluis.com\/wp-content\/uploads\/2023\/09\/milei-4.png",731,407,false],"newsever-medium":["https:\/\/apuntesdesanluis.com\/wp-content\/uploads\/2023\/09\/milei-4-720x407.png",720,407,true]},"author_info":{"display_name":"apuntesdesanluis.com","author_link":"https:\/\/apuntesdesanluis.com\/index.php\/author\/apuntesdesanluis-com\/"},"category_info":"<a href=\"https:\/\/apuntesdesanluis.com\/index.php\/category\/ciudad-provincia\/\" rel=\"category tag\">Ciudad\/Provincia<\/a>","tag_info":"Ciudad\/Provincia","comment_count":"0","_links":{"self":[{"href":"https:\/\/apuntesdesanluis.com\/index.php\/wp-json\/wp\/v2\/posts\/3372","targetHints":{"allow":["GET"]}}],"collection":[{"href":"https:\/\/apuntesdesanluis.com\/index.php\/wp-json\/wp\/v2\/posts"}],"about":[{"href":"https:\/\/apuntesdesanluis.com\/index.php\/wp-json\/wp\/v2\/types\/post"}],"author":[{"embeddable":true,"href":"https:\/\/apuntesdesanluis.com\/index.php\/wp-json\/wp\/v2\/users\/1"}],"replies":[{"embeddable":true,"href":"https:\/\/apuntesdesanluis.com\/index.php\/wp-json\/wp\/v2\/comments?post=3372"}],"version-history":[{"count":1,"href":"https:\/\/apuntesdesanluis.com\/index.php\/wp-json\/wp\/v2\/posts\/3372\/revisions"}],"predecessor-version":[{"id":3374,"href":"https:\/\/apuntesdesanluis.com\/index.php\/wp-json\/wp\/v2\/posts\/3372\/revisions\/3374"}],"wp:featuredmedia":[{"embeddable":true,"href":"https:\/\/apuntesdesanluis.com\/index.php\/wp-json\/wp\/v2\/media\/3373"}],"wp:attachment":[{"href":"https:\/\/apuntesdesanluis.com\/index.php\/wp-json\/wp\/v2\/media?parent=3372"}],"wp:term":[{"taxonomy":"category","embeddable":true,"href":"https:\/\/apuntesdesanluis.com\/index.php\/wp-json\/wp\/v2\/categories?post=3372"},{"taxonomy":"post_tag","embeddable":true,"href":"https:\/\/apuntesdesanluis.com\/index.php\/wp-json\/wp\/v2\/tags?post=3372"}],"curies":[{"name":"wp","href":"https:\/\/api.w.org\/{rel}","templated":true}]}}