{"id":3385,"date":"2023-09-16T01:21:25","date_gmt":"2023-09-16T04:21:25","guid":{"rendered":"https:\/\/apuntesdesanluis.com\/?p=3385"},"modified":"2023-09-16T01:26:00","modified_gmt":"2023-09-16T04:26:00","slug":"el-neurocientifico-argentino-adolfo-garcia-y-su-equipo-ganaron-el-premio-mas-innovador-que-se-entrega-en-la-universidad-de-harvard","status":"publish","type":"post","link":"https:\/\/apuntesdesanluis.com\/index.php\/2023\/09\/16\/el-neurocientifico-argentino-adolfo-garcia-y-su-equipo-ganaron-el-premio-mas-innovador-que-se-entrega-en-la-universidad-de-harvard\/","title":{"rendered":"EL NEUROCIENT\u00cdFICO ARGENTINO ADOLFO GARC\u00cdA Y SU EQUIPO GANARON EL PREMIO M\u00c1S INNOVADOR QUE SE ENTREGA EN LA UNIVERSIDAD DE HARVARD"},"content":{"rendered":"<h3>El Ig Nobel 2023 distingui\u00f3 a una investigaci\u00f3n que revel\u00f3 las particularidades del cerebro de quienes tienen la habilidad de hablar de forma inversa. El estudio fue realizado por expertos de Argentina y Espa\u00f1a. El galard\u00f3n, que se entrega a los trabajos llamativos, pero con justificaci\u00f3n cient\u00edfica<\/h3>\n<h3>Investigadores liderados por el neurocient\u00edfico argentino <strong>Adolfo Garc\u00eda<\/strong> fueron galardonados por el estudio de las actividades mentales de personas que son expertas en hablar al rev\u00e9s. Junto a otros 9 trabajos, el grupo de cient\u00edficos de Argentina y Espa\u00f1a obtuvo el Premios Ig Nobel, que tienen el auspicio de la Universidad de Harvard, en los Estados Unidos, y reconoce los logros que \u201cprimero hacen re\u00edr y luego pensar\u201d.<\/h3>\n<h3>Los argentinos Garc\u00eda, Sol Fittipaldi, Lucas Sede\u00f1o, Agust\u00edn Ib\u00e1\u00f1ez, Marcelo Berthier y Mar\u00eda Jos\u00e9 Torres-Prioris y las espa\u00f1olas Diana L\u00f3pez-Barroso y Estela C\u00e1mara obtuvieron el premio en una ceremonia en l\u00ednea realizada ayer. El estudio ganador fue publicado en la revista Scientific Reports.<\/h3>\n<h3>Adolfo Garc\u00eda es especialista en neurociencias del lenguaje. Actualmente dirige el Centro de Neurociencias Cognitivas de la Universidad de San Andr\u00e9s, en la provincia de Buenos Aires, senior Atlantic Fellow del Global Brain Health Institute (Universidad de California, San Francisco), investigador asociado de la Universidad de Santiago de Chile y Presidente de la red de investigaci\u00f3n en traducci\u00f3n TREC.<\/h3>\n<h3>Garc\u00eda dijo que, \u201csi bien sab\u00edamos que hab\u00eda algo de absurdo en este estudio, y que ese tipo de elementos se alinean con el premio Ig Nobel, no imaginamos que pudiera captar este inter\u00e9s. Ha sido una muy grata sorpresa\u201d.<\/h3>\n<h3>En la categor\u00eda Comunicaci\u00f3n, consiguieron estudiar las actividades mentales de personas que son expertas en hablar al rev\u00e9s.<\/h3>\n<h3>\u201cEstudiamos el cerebro de gente que dedica buenas horas de su vida a hablar al rev\u00e9s. Gracias a ellos, caracterizamos algunos mecanismos biol\u00f3gicos implicados en la capacidad de secuenciar fonemas . De este modo, convertimos un fen\u00f3meno ling\u00fc\u00edstico muy at\u00edpico en una v\u00eda para entender un mecanismo fundamental del lenguaje cotidiano\u201d, resalt\u00f3.<\/h3>\n<h3>El Premio Ig Nobel destaca investigaciones inusuales pero relevantes que, de otro modo, podr\u00edan pasar desapercibidas. Estas investigaciones abordan preguntas curiosas, como por ejemplo, por qu\u00e9 los excrementos de wombat son cuadrados o cu\u00e1nta saliva produce una persona al d\u00eda. Desde 1991, aquellos que se dedican a estos temas son honrados en una ceremonia que, aunque solemne, es decididamente no tradicional.<\/h3>\n<p><img fetchpriority=\"high\" decoding=\"async\" class=\"wp-image-3386 aligncenter\" src=\"https:\/\/apuntesdesanluis.com\/wp-content\/uploads\/2023\/09\/cientificos-300x164.png\" alt=\"\" width=\"1054\" height=\"576\" srcset=\"https:\/\/apuntesdesanluis.com\/wp-content\/uploads\/2023\/09\/cientificos-300x164.png 300w, https:\/\/apuntesdesanluis.com\/wp-content\/uploads\/2023\/09\/cientificos-768x419.png 768w, https:\/\/apuntesdesanluis.com\/wp-content\/uploads\/2023\/09\/cientificos.png 856w\" sizes=\"(max-width: 1054px) 100vw, 1054px\" \/><\/p>\n<h4 style=\"text-align: center;\"><em>El equipo de cient\u00edficos que gan\u00f3 el IgNobel en Comunicaci\u00f3n: Mar\u00eda Jos\u00e9 Torres-Prioris, Diana L\u00f3pez-Barroso, Estela C\u00e0mara, Sol Fittipaldi, Lucas Sede\u00f1o, Agust\u00edn Ib\u00e1\u00f1ez, Marcelo Berthier, y Adolfo Garc\u00eda<\/em><\/h4>\n<h3>La ceremonia se caracteriza por momentos humor\u00edsticos, como aviones de papel lanzados al p\u00fablico y discursos de aceptaci\u00f3n interrumpidos por una ni\u00f1a despu\u00e9s de exactamente 60 segundos. Sin embargo, detr\u00e1s de toda la diversi\u00f3n, el objetivo del premio es serio, ya que busca dar una perspectiva alternativa sobre la ciencia y destacar la importancia de investigaciones que a primera vista pueden parecer extra\u00f1as. El humor y la simplificaci\u00f3n de los temas son herramientas clave para hacer que la ciencia sea accesible y memorable para el p\u00fablico general.<\/h3>\n<h3>Durante la entrega del premio IgNobel, el doctor Garc\u00eda cont\u00f3 c\u00f3mo se inici\u00f3 la investigaci\u00f3n. \u201cMe enter\u00e9 de que el fot\u00f3grafo principal de una revista de la far\u00e1ndula ten\u00eda el h\u00e1bito de hablar al rev\u00e9s\u201d, dijo. Por ejemplo, en vez de decir \u201cviva el tango\u201d, el fot\u00f3grafo dir\u00eda \u201cognat le aviv\u201d.<\/h3>\n<h3>Durante largas sesiones fotogr\u00e1ficas con modelos, les hablaba al rev\u00e9s, grababa su pronunciaci\u00f3n y luego daba vuelta el audio para pasar el rato. El cient\u00edfico Garc\u00eda lo entrevist\u00f3 y confirm\u00f3 que su habilidad para hablar al rev\u00e9s era excepcional.<\/h3>\n<h3>Luego descubri\u00f3 que exist\u00eda una asociaci\u00f3n de hablantes inversos, que se re\u00fanen para conversar mediante frases al rev\u00e9s. De all\u00ed surgi\u00f3 un dise\u00f1o experimental para explorar esta peculiar habilidad.<\/h3>\n<h3>\u00a0\u201cTerminamos convocando a varios hablantes inversos y construimos los est\u00edmulos m\u00e1s raros de nuestras carreras para que tanto ellos como personas comunes produjeran diversas palabras, frases y oraciones al derecho y al rev\u00e9s\u201d, relat\u00f3.<\/h3>\n<h3>El estudio puede resultar llamativo, pero tiene su justificaci\u00f3n cient\u00edfica. El habla inversa es \u201cun excelente modelo para estudiar un aspecto esencial del habla humana: la habilidad de secuenciar fonemas (las categor\u00edas de sonidos de una lengua)\u201d.<\/h3>\n<h3>Esa habilidad humana permite diferenciar palabras tales como \u201ccaso\u201d, \u201csaco\u201d y \u201ccosa\u201d, una de los principios b\u00e1sicos de la comunicaci\u00f3n verbal. \u201cB\u00e1sicamente, el habla inversa implica cambiar el orden de los fonemas mientras se mantiene su identidad, por lo que las personas que lo practican constantemente deber\u00edan tener patrones cerebrales espec\u00edficos para manejar sus habilidades elevadas de secuenciaci\u00f3n de fonemas\u201d, a\u00f1adi\u00f3.<\/h3>\n<h3>El grupo de investigadores de Espa\u00f1a y Argentina encontr\u00f3 que los hablantes inversos, comparados con los controles, eran mejores al invertir enunciados, pero no presentaban ventajas en el habla normal.<\/h3>\n<h3>Adem\u00e1s, mostraban configuraciones estructurales y funcionales particulares a lo largo de las v\u00edas dorsal y central, que sustentan m\u00faltiples procesos fonol\u00f3gicos con apoyo de \u00e1reas asociativo-visuales y de dominio general. Esos resultados revelan que las habilidades elevadas de secuenciaci\u00f3n de fonemas dependen de grandes redes cerebrales que se extienden m\u00e1s all\u00e1 de los cl\u00e1sicos circuitos fon\u00e9micos.<\/h3>\n<h3>Tambi\u00e9n respaldan la visi\u00f3n de que el cerebro humano puede desarrollar v\u00edas espec\u00edficas seg\u00fan las exigencias ling\u00fc\u00edsticas que se le imponen en la vida cotidiana.<\/h3>\n<p>&nbsp;<\/p>\n<p>&nbsp;<\/p>\n<p>&nbsp;<\/p>\n","protected":false},"excerpt":{"rendered":"<p>El Ig Nobel 2023 distingui\u00f3 a una investigaci\u00f3n que revel\u00f3 las particularidades del cerebro de&#8230;<\/p>\n","protected":false},"author":1,"featured_media":3387,"comment_status":"closed","ping_status":"closed","sticky":false,"template":"","format":"standard","meta":{"footnotes":""},"categories":[5],"tags":[],"class_list":["post-3385","post","type-post","status-publish","format-standard","has-post-thumbnail","hentry","category-nacionales-internacionales"],"yoast_head":"<!-- This site is optimized with the Yoast SEO plugin v26.1.1 - https:\/\/yoast.com\/wordpress\/plugins\/seo\/ -->\n<title>EL NEUROCIENT\u00cdFICO ARGENTINO ADOLFO GARC\u00cdA Y SU EQUIPO GANARON EL PREMIO M\u00c1S INNOVADOR QUE SE ENTREGA EN LA UNIVERSIDAD DE HARVARD - Apuntes de San Luis<\/title>\n<meta name=\"robots\" content=\"index, follow, max-snippet:-1, max-image-preview:large, max-video-preview:-1\" \/>\n<link rel=\"canonical\" href=\"https:\/\/apuntesdesanluis.com\/index.php\/2023\/09\/16\/el-neurocientifico-argentino-adolfo-garcia-y-su-equipo-ganaron-el-premio-mas-innovador-que-se-entrega-en-la-universidad-de-harvard\/\" \/>\n<meta property=\"og:locale\" content=\"es_ES\" \/>\n<meta property=\"og:type\" content=\"article\" \/>\n<meta property=\"og:title\" content=\"EL NEUROCIENT\u00cdFICO ARGENTINO ADOLFO GARC\u00cdA Y SU EQUIPO GANARON EL PREMIO M\u00c1S INNOVADOR QUE SE ENTREGA EN LA UNIVERSIDAD DE HARVARD - Apuntes de San Luis\" \/>\n<meta property=\"og:description\" content=\"El Ig Nobel 2023 distingui\u00f3 a una investigaci\u00f3n que revel\u00f3 las particularidades del cerebro de...\" \/>\n<meta property=\"og:url\" content=\"https:\/\/apuntesdesanluis.com\/index.php\/2023\/09\/16\/el-neurocientifico-argentino-adolfo-garcia-y-su-equipo-ganaron-el-premio-mas-innovador-que-se-entrega-en-la-universidad-de-harvard\/\" \/>\n<meta property=\"og:site_name\" content=\"Apuntes de San Luis\" \/>\n<meta property=\"article:published_time\" content=\"2023-09-16T04:21:25+00:00\" \/>\n<meta property=\"article:modified_time\" content=\"2023-09-16T04:26:00+00:00\" \/>\n<meta property=\"og:image\" content=\"https:\/\/apuntesdesanluis.com\/wp-content\/uploads\/2023\/09\/cientificos-tapa.png\" \/>\n\t<meta property=\"og:image:width\" content=\"840\" \/>\n\t<meta property=\"og:image:height\" content=\"479\" \/>\n\t<meta property=\"og:image:type\" content=\"image\/png\" \/>\n<meta name=\"author\" content=\"apuntesdesanluis.com\" \/>\n<meta name=\"twitter:card\" content=\"summary_large_image\" \/>\n<meta name=\"twitter:label1\" content=\"Escrito por\" \/>\n\t<meta name=\"twitter:data1\" content=\"apuntesdesanluis.com\" \/>\n\t<meta name=\"twitter:label2\" content=\"Tiempo de lectura\" \/>\n\t<meta name=\"twitter:data2\" content=\"5 minutos\" \/>\n<script type=\"application\/ld+json\" class=\"yoast-schema-graph\">{\"@context\":\"https:\/\/schema.org\",\"@graph\":[{\"@type\":\"Article\",\"@id\":\"https:\/\/apuntesdesanluis.com\/index.php\/2023\/09\/16\/el-neurocientifico-argentino-adolfo-garcia-y-su-equipo-ganaron-el-premio-mas-innovador-que-se-entrega-en-la-universidad-de-harvard\/#article\",\"isPartOf\":{\"@id\":\"https:\/\/apuntesdesanluis.com\/index.php\/2023\/09\/16\/el-neurocientifico-argentino-adolfo-garcia-y-su-equipo-ganaron-el-premio-mas-innovador-que-se-entrega-en-la-universidad-de-harvard\/\"},\"author\":{\"name\":\"apuntesdesanluis.com\",\"@id\":\"https:\/\/apuntesdesanluis.com\/#\/schema\/person\/b55151d52296fcce64d1a72538a70b90\"},\"headline\":\"EL NEUROCIENT\u00cdFICO ARGENTINO ADOLFO GARC\u00cdA Y SU EQUIPO GANARON EL PREMIO M\u00c1S INNOVADOR QUE SE ENTREGA EN LA UNIVERSIDAD DE HARVARD\",\"datePublished\":\"2023-09-16T04:21:25+00:00\",\"dateModified\":\"2023-09-16T04:26:00+00:00\",\"mainEntityOfPage\":{\"@id\":\"https:\/\/apuntesdesanluis.com\/index.php\/2023\/09\/16\/el-neurocientifico-argentino-adolfo-garcia-y-su-equipo-ganaron-el-premio-mas-innovador-que-se-entrega-en-la-universidad-de-harvard\/\"},\"wordCount\":995,\"publisher\":{\"@id\":\"https:\/\/apuntesdesanluis.com\/#\/schema\/person\/b55151d52296fcce64d1a72538a70b90\"},\"image\":{\"@id\":\"https:\/\/apuntesdesanluis.com\/index.php\/2023\/09\/16\/el-neurocientifico-argentino-adolfo-garcia-y-su-equipo-ganaron-el-premio-mas-innovador-que-se-entrega-en-la-universidad-de-harvard\/#primaryimage\"},\"thumbnailUrl\":\"https:\/\/apuntesdesanluis.com\/wp-content\/uploads\/2023\/09\/cientificos-tapa.png\",\"articleSection\":[\"Nacionales\/Internacionales\"],\"inLanguage\":\"es-AR\"},{\"@type\":\"WebPage\",\"@id\":\"https:\/\/apuntesdesanluis.com\/index.php\/2023\/09\/16\/el-neurocientifico-argentino-adolfo-garcia-y-su-equipo-ganaron-el-premio-mas-innovador-que-se-entrega-en-la-universidad-de-harvard\/\",\"url\":\"https:\/\/apuntesdesanluis.com\/index.php\/2023\/09\/16\/el-neurocientifico-argentino-adolfo-garcia-y-su-equipo-ganaron-el-premio-mas-innovador-que-se-entrega-en-la-universidad-de-harvard\/\",\"name\":\"EL NEUROCIENT\u00cdFICO ARGENTINO ADOLFO GARC\u00cdA Y SU EQUIPO GANARON EL PREMIO M\u00c1S INNOVADOR QUE SE ENTREGA EN LA UNIVERSIDAD DE HARVARD - Apuntes de San Luis\",\"isPartOf\":{\"@id\":\"https:\/\/apuntesdesanluis.com\/#website\"},\"primaryImageOfPage\":{\"@id\":\"https:\/\/apuntesdesanluis.com\/index.php\/2023\/09\/16\/el-neurocientifico-argentino-adolfo-garcia-y-su-equipo-ganaron-el-premio-mas-innovador-que-se-entrega-en-la-universidad-de-harvard\/#primaryimage\"},\"image\":{\"@id\":\"https:\/\/apuntesdesanluis.com\/index.php\/2023\/09\/16\/el-neurocientifico-argentino-adolfo-garcia-y-su-equipo-ganaron-el-premio-mas-innovador-que-se-entrega-en-la-universidad-de-harvard\/#primaryimage\"},\"thumbnailUrl\":\"https:\/\/apuntesdesanluis.com\/wp-content\/uploads\/2023\/09\/cientificos-tapa.png\",\"datePublished\":\"2023-09-16T04:21:25+00:00\",\"dateModified\":\"2023-09-16T04:26:00+00:00\",\"breadcrumb\":{\"@id\":\"https:\/\/apuntesdesanluis.com\/index.php\/2023\/09\/16\/el-neurocientifico-argentino-adolfo-garcia-y-su-equipo-ganaron-el-premio-mas-innovador-que-se-entrega-en-la-universidad-de-harvard\/#breadcrumb\"},\"inLanguage\":\"es-AR\",\"potentialAction\":[{\"@type\":\"ReadAction\",\"target\":[\"https:\/\/apuntesdesanluis.com\/index.php\/2023\/09\/16\/el-neurocientifico-argentino-adolfo-garcia-y-su-equipo-ganaron-el-premio-mas-innovador-que-se-entrega-en-la-universidad-de-harvard\/\"]}]},{\"@type\":\"ImageObject\",\"inLanguage\":\"es-AR\",\"@id\":\"https:\/\/apuntesdesanluis.com\/index.php\/2023\/09\/16\/el-neurocientifico-argentino-adolfo-garcia-y-su-equipo-ganaron-el-premio-mas-innovador-que-se-entrega-en-la-universidad-de-harvard\/#primaryimage\",\"url\":\"https:\/\/apuntesdesanluis.com\/wp-content\/uploads\/2023\/09\/cientificos-tapa.png\",\"contentUrl\":\"https:\/\/apuntesdesanluis.com\/wp-content\/uploads\/2023\/09\/cientificos-tapa.png\",\"width\":840,\"height\":479},{\"@type\":\"BreadcrumbList\",\"@id\":\"https:\/\/apuntesdesanluis.com\/index.php\/2023\/09\/16\/el-neurocientifico-argentino-adolfo-garcia-y-su-equipo-ganaron-el-premio-mas-innovador-que-se-entrega-en-la-universidad-de-harvard\/#breadcrumb\",\"itemListElement\":[{\"@type\":\"ListItem\",\"position\":1,\"name\":\"Inicio\",\"item\":\"https:\/\/apuntesdesanluis.com\/\"},{\"@type\":\"ListItem\",\"position\":2,\"name\":\"EL NEUROCIENT\u00cdFICO ARGENTINO ADOLFO GARC\u00cdA Y SU EQUIPO GANARON EL PREMIO M\u00c1S INNOVADOR QUE SE ENTREGA EN LA UNIVERSIDAD DE HARVARD\"}]},{\"@type\":\"WebSite\",\"@id\":\"https:\/\/apuntesdesanluis.com\/#website\",\"url\":\"https:\/\/apuntesdesanluis.com\/\",\"name\":\"Apuntes de San Luis\",\"description\":\"\",\"publisher\":{\"@id\":\"https:\/\/apuntesdesanluis.com\/#\/schema\/person\/b55151d52296fcce64d1a72538a70b90\"},\"potentialAction\":[{\"@type\":\"SearchAction\",\"target\":{\"@type\":\"EntryPoint\",\"urlTemplate\":\"https:\/\/apuntesdesanluis.com\/?s={search_term_string}\"},\"query-input\":{\"@type\":\"PropertyValueSpecification\",\"valueRequired\":true,\"valueName\":\"search_term_string\"}}],\"inLanguage\":\"es-AR\"},{\"@type\":[\"Person\",\"Organization\"],\"@id\":\"https:\/\/apuntesdesanluis.com\/#\/schema\/person\/b55151d52296fcce64d1a72538a70b90\",\"name\":\"apuntesdesanluis.com\",\"image\":{\"@type\":\"ImageObject\",\"inLanguage\":\"es-AR\",\"@id\":\"https:\/\/apuntesdesanluis.com\/#\/schema\/person\/image\/\",\"url\":\"https:\/\/apuntesdesanluis.com\/wp-content\/uploads\/2023\/07\/cropped-apuntesdesanluis.png\",\"contentUrl\":\"https:\/\/apuntesdesanluis.com\/wp-content\/uploads\/2023\/07\/cropped-apuntesdesanluis.png\",\"width\":450,\"height\":112,\"caption\":\"apuntesdesanluis.com\"},\"logo\":{\"@id\":\"https:\/\/apuntesdesanluis.com\/#\/schema\/person\/image\/\"},\"sameAs\":[\"https:\/\/apuntesdesanluis.com\"],\"url\":\"https:\/\/apuntesdesanluis.com\/index.php\/author\/apuntesdesanluis-com\/\"}]}<\/script>\n<!-- \/ Yoast SEO plugin. -->","yoast_head_json":{"title":"EL NEUROCIENT\u00cdFICO ARGENTINO ADOLFO GARC\u00cdA Y SU EQUIPO GANARON EL PREMIO M\u00c1S INNOVADOR QUE SE ENTREGA EN LA UNIVERSIDAD DE HARVARD - Apuntes de San Luis","robots":{"index":"index","follow":"follow","max-snippet":"max-snippet:-1","max-image-preview":"max-image-preview:large","max-video-preview":"max-video-preview:-1"},"canonical":"https:\/\/apuntesdesanluis.com\/index.php\/2023\/09\/16\/el-neurocientifico-argentino-adolfo-garcia-y-su-equipo-ganaron-el-premio-mas-innovador-que-se-entrega-en-la-universidad-de-harvard\/","og_locale":"es_ES","og_type":"article","og_title":"EL NEUROCIENT\u00cdFICO ARGENTINO ADOLFO GARC\u00cdA Y SU EQUIPO GANARON EL PREMIO M\u00c1S INNOVADOR QUE SE ENTREGA EN LA UNIVERSIDAD DE HARVARD - Apuntes de San Luis","og_description":"El Ig Nobel 2023 distingui\u00f3 a una investigaci\u00f3n que revel\u00f3 las particularidades del cerebro de...","og_url":"https:\/\/apuntesdesanluis.com\/index.php\/2023\/09\/16\/el-neurocientifico-argentino-adolfo-garcia-y-su-equipo-ganaron-el-premio-mas-innovador-que-se-entrega-en-la-universidad-de-harvard\/","og_site_name":"Apuntes de San Luis","article_published_time":"2023-09-16T04:21:25+00:00","article_modified_time":"2023-09-16T04:26:00+00:00","og_image":[{"width":840,"height":479,"url":"https:\/\/apuntesdesanluis.com\/wp-content\/uploads\/2023\/09\/cientificos-tapa.png","type":"image\/png"}],"author":"apuntesdesanluis.com","twitter_card":"summary_large_image","twitter_misc":{"Escrito por":"apuntesdesanluis.com","Tiempo de lectura":"5 minutos"},"schema":{"@context":"https:\/\/schema.org","@graph":[{"@type":"Article","@id":"https:\/\/apuntesdesanluis.com\/index.php\/2023\/09\/16\/el-neurocientifico-argentino-adolfo-garcia-y-su-equipo-ganaron-el-premio-mas-innovador-que-se-entrega-en-la-universidad-de-harvard\/#article","isPartOf":{"@id":"https:\/\/apuntesdesanluis.com\/index.php\/2023\/09\/16\/el-neurocientifico-argentino-adolfo-garcia-y-su-equipo-ganaron-el-premio-mas-innovador-que-se-entrega-en-la-universidad-de-harvard\/"},"author":{"name":"apuntesdesanluis.com","@id":"https:\/\/apuntesdesanluis.com\/#\/schema\/person\/b55151d52296fcce64d1a72538a70b90"},"headline":"EL NEUROCIENT\u00cdFICO ARGENTINO ADOLFO GARC\u00cdA Y SU EQUIPO GANARON EL PREMIO M\u00c1S INNOVADOR QUE SE ENTREGA EN LA UNIVERSIDAD DE HARVARD","datePublished":"2023-09-16T04:21:25+00:00","dateModified":"2023-09-16T04:26:00+00:00","mainEntityOfPage":{"@id":"https:\/\/apuntesdesanluis.com\/index.php\/2023\/09\/16\/el-neurocientifico-argentino-adolfo-garcia-y-su-equipo-ganaron-el-premio-mas-innovador-que-se-entrega-en-la-universidad-de-harvard\/"},"wordCount":995,"publisher":{"@id":"https:\/\/apuntesdesanluis.com\/#\/schema\/person\/b55151d52296fcce64d1a72538a70b90"},"image":{"@id":"https:\/\/apuntesdesanluis.com\/index.php\/2023\/09\/16\/el-neurocientifico-argentino-adolfo-garcia-y-su-equipo-ganaron-el-premio-mas-innovador-que-se-entrega-en-la-universidad-de-harvard\/#primaryimage"},"thumbnailUrl":"https:\/\/apuntesdesanluis.com\/wp-content\/uploads\/2023\/09\/cientificos-tapa.png","articleSection":["Nacionales\/Internacionales"],"inLanguage":"es-AR"},{"@type":"WebPage","@id":"https:\/\/apuntesdesanluis.com\/index.php\/2023\/09\/16\/el-neurocientifico-argentino-adolfo-garcia-y-su-equipo-ganaron-el-premio-mas-innovador-que-se-entrega-en-la-universidad-de-harvard\/","url":"https:\/\/apuntesdesanluis.com\/index.php\/2023\/09\/16\/el-neurocientifico-argentino-adolfo-garcia-y-su-equipo-ganaron-el-premio-mas-innovador-que-se-entrega-en-la-universidad-de-harvard\/","name":"EL NEUROCIENT\u00cdFICO ARGENTINO ADOLFO GARC\u00cdA Y SU EQUIPO GANARON EL PREMIO M\u00c1S INNOVADOR QUE SE ENTREGA EN LA UNIVERSIDAD DE HARVARD - Apuntes de San Luis","isPartOf":{"@id":"https:\/\/apuntesdesanluis.com\/#website"},"primaryImageOfPage":{"@id":"https:\/\/apuntesdesanluis.com\/index.php\/2023\/09\/16\/el-neurocientifico-argentino-adolfo-garcia-y-su-equipo-ganaron-el-premio-mas-innovador-que-se-entrega-en-la-universidad-de-harvard\/#primaryimage"},"image":{"@id":"https:\/\/apuntesdesanluis.com\/index.php\/2023\/09\/16\/el-neurocientifico-argentino-adolfo-garcia-y-su-equipo-ganaron-el-premio-mas-innovador-que-se-entrega-en-la-universidad-de-harvard\/#primaryimage"},"thumbnailUrl":"https:\/\/apuntesdesanluis.com\/wp-content\/uploads\/2023\/09\/cientificos-tapa.png","datePublished":"2023-09-16T04:21:25+00:00","dateModified":"2023-09-16T04:26:00+00:00","breadcrumb":{"@id":"https:\/\/apuntesdesanluis.com\/index.php\/2023\/09\/16\/el-neurocientifico-argentino-adolfo-garcia-y-su-equipo-ganaron-el-premio-mas-innovador-que-se-entrega-en-la-universidad-de-harvard\/#breadcrumb"},"inLanguage":"es-AR","potentialAction":[{"@type":"ReadAction","target":["https:\/\/apuntesdesanluis.com\/index.php\/2023\/09\/16\/el-neurocientifico-argentino-adolfo-garcia-y-su-equipo-ganaron-el-premio-mas-innovador-que-se-entrega-en-la-universidad-de-harvard\/"]}]},{"@type":"ImageObject","inLanguage":"es-AR","@id":"https:\/\/apuntesdesanluis.com\/index.php\/2023\/09\/16\/el-neurocientifico-argentino-adolfo-garcia-y-su-equipo-ganaron-el-premio-mas-innovador-que-se-entrega-en-la-universidad-de-harvard\/#primaryimage","url":"https:\/\/apuntesdesanluis.com\/wp-content\/uploads\/2023\/09\/cientificos-tapa.png","contentUrl":"https:\/\/apuntesdesanluis.com\/wp-content\/uploads\/2023\/09\/cientificos-tapa.png","width":840,"height":479},{"@type":"BreadcrumbList","@id":"https:\/\/apuntesdesanluis.com\/index.php\/2023\/09\/16\/el-neurocientifico-argentino-adolfo-garcia-y-su-equipo-ganaron-el-premio-mas-innovador-que-se-entrega-en-la-universidad-de-harvard\/#breadcrumb","itemListElement":[{"@type":"ListItem","position":1,"name":"Inicio","item":"https:\/\/apuntesdesanluis.com\/"},{"@type":"ListItem","position":2,"name":"EL NEUROCIENT\u00cdFICO ARGENTINO ADOLFO GARC\u00cdA Y SU EQUIPO GANARON EL PREMIO M\u00c1S INNOVADOR QUE SE ENTREGA EN LA UNIVERSIDAD DE HARVARD"}]},{"@type":"WebSite","@id":"https:\/\/apuntesdesanluis.com\/#website","url":"https:\/\/apuntesdesanluis.com\/","name":"Apuntes de San Luis","description":"","publisher":{"@id":"https:\/\/apuntesdesanluis.com\/#\/schema\/person\/b55151d52296fcce64d1a72538a70b90"},"potentialAction":[{"@type":"SearchAction","target":{"@type":"EntryPoint","urlTemplate":"https:\/\/apuntesdesanluis.com\/?s={search_term_string}"},"query-input":{"@type":"PropertyValueSpecification","valueRequired":true,"valueName":"search_term_string"}}],"inLanguage":"es-AR"},{"@type":["Person","Organization"],"@id":"https:\/\/apuntesdesanluis.com\/#\/schema\/person\/b55151d52296fcce64d1a72538a70b90","name":"apuntesdesanluis.com","image":{"@type":"ImageObject","inLanguage":"es-AR","@id":"https:\/\/apuntesdesanluis.com\/#\/schema\/person\/image\/","url":"https:\/\/apuntesdesanluis.com\/wp-content\/uploads\/2023\/07\/cropped-apuntesdesanluis.png","contentUrl":"https:\/\/apuntesdesanluis.com\/wp-content\/uploads\/2023\/07\/cropped-apuntesdesanluis.png","width":450,"height":112,"caption":"apuntesdesanluis.com"},"logo":{"@id":"https:\/\/apuntesdesanluis.com\/#\/schema\/person\/image\/"},"sameAs":["https:\/\/apuntesdesanluis.com"],"url":"https:\/\/apuntesdesanluis.com\/index.php\/author\/apuntesdesanluis-com\/"}]}},"featured_image_urls":{"full":["https:\/\/apuntesdesanluis.com\/wp-content\/uploads\/2023\/09\/cientificos-tapa.png",840,479,false],"thumbnail":["https:\/\/apuntesdesanluis.com\/wp-content\/uploads\/2023\/09\/cientificos-tapa-150x150.png",150,150,true],"medium":["https:\/\/apuntesdesanluis.com\/wp-content\/uploads\/2023\/09\/cientificos-tapa-300x171.png",300,171,true],"medium_large":["https:\/\/apuntesdesanluis.com\/wp-content\/uploads\/2023\/09\/cientificos-tapa-768x438.png",640,365,true],"large":["https:\/\/apuntesdesanluis.com\/wp-content\/uploads\/2023\/09\/cientificos-tapa.png",640,365,false],"1536x1536":["https:\/\/apuntesdesanluis.com\/wp-content\/uploads\/2023\/09\/cientificos-tapa.png",840,479,false],"2048x2048":["https:\/\/apuntesdesanluis.com\/wp-content\/uploads\/2023\/09\/cientificos-tapa.png",840,479,false],"newsever-slider-full":["https:\/\/apuntesdesanluis.com\/wp-content\/uploads\/2023\/09\/cientificos-tapa.png",840,479,false],"newsever-featured":["https:\/\/apuntesdesanluis.com\/wp-content\/uploads\/2023\/09\/cientificos-tapa.png",840,479,false],"newsever-medium":["https:\/\/apuntesdesanluis.com\/wp-content\/uploads\/2023\/09\/cientificos-tapa-720x475.png",720,475,true]},"author_info":{"display_name":"apuntesdesanluis.com","author_link":"https:\/\/apuntesdesanluis.com\/index.php\/author\/apuntesdesanluis-com\/"},"category_info":"<a href=\"https:\/\/apuntesdesanluis.com\/index.php\/category\/nacionales-internacionales\/\" rel=\"category tag\">Nacionales\/Internacionales<\/a>","tag_info":"Nacionales\/Internacionales","comment_count":"0","_links":{"self":[{"href":"https:\/\/apuntesdesanluis.com\/index.php\/wp-json\/wp\/v2\/posts\/3385","targetHints":{"allow":["GET"]}}],"collection":[{"href":"https:\/\/apuntesdesanluis.com\/index.php\/wp-json\/wp\/v2\/posts"}],"about":[{"href":"https:\/\/apuntesdesanluis.com\/index.php\/wp-json\/wp\/v2\/types\/post"}],"author":[{"embeddable":true,"href":"https:\/\/apuntesdesanluis.com\/index.php\/wp-json\/wp\/v2\/users\/1"}],"replies":[{"embeddable":true,"href":"https:\/\/apuntesdesanluis.com\/index.php\/wp-json\/wp\/v2\/comments?post=3385"}],"version-history":[{"count":4,"href":"https:\/\/apuntesdesanluis.com\/index.php\/wp-json\/wp\/v2\/posts\/3385\/revisions"}],"predecessor-version":[{"id":3391,"href":"https:\/\/apuntesdesanluis.com\/index.php\/wp-json\/wp\/v2\/posts\/3385\/revisions\/3391"}],"wp:featuredmedia":[{"embeddable":true,"href":"https:\/\/apuntesdesanluis.com\/index.php\/wp-json\/wp\/v2\/media\/3387"}],"wp:attachment":[{"href":"https:\/\/apuntesdesanluis.com\/index.php\/wp-json\/wp\/v2\/media?parent=3385"}],"wp:term":[{"taxonomy":"category","embeddable":true,"href":"https:\/\/apuntesdesanluis.com\/index.php\/wp-json\/wp\/v2\/categories?post=3385"},{"taxonomy":"post_tag","embeddable":true,"href":"https:\/\/apuntesdesanluis.com\/index.php\/wp-json\/wp\/v2\/tags?post=3385"}],"curies":[{"name":"wp","href":"https:\/\/api.w.org\/{rel}","templated":true}]}}