{"id":3392,"date":"2023-09-15T20:35:37","date_gmt":"2023-09-15T23:35:37","guid":{"rendered":"https:\/\/apuntesdesanluis.com\/?p=3392"},"modified":"2023-09-16T01:36:31","modified_gmt":"2023-09-16T04:36:31","slug":"brndaron-homenaje-postumo-al-destacado-dirigente-oraldo-norvel-britos","status":"publish","type":"post","link":"https:\/\/apuntesdesanluis.com\/index.php\/2023\/09\/15\/brndaron-homenaje-postumo-al-destacado-dirigente-oraldo-norvel-britos\/","title":{"rendered":"EMOTIVO HOMENAJE P\u00d3STUMO AL DESTACADO DIRIGENTE ORALDO NORVEL BRITOS"},"content":{"rendered":"<h3>Con motivo de la desaparici\u00f3n f\u00edsica del Ciudadano Ilustre <strong>Oraldo Norvel Britos<\/strong>, el pasado jueves 7 de septiembre, autoridades del Honorable Concejo Deliberante realizaron un homenaje p\u00f3stumo en la ma\u00f1ana de este viernes 15 en la sala de sesiones.<\/h3>\n<h3>Durante la asamblea especial de homenaje compuesta por la Presidenta Provisional Lucia Lacerda Traversi, y los Concejalas\u00a0 Flavia Coria, Cecilia Lucero, Lucrecia Soria, Andres Forgione y\u00a0 Roberto Mones Ruiz, se coloc\u00f3 la bandera a media asta, establecido mediante la Resoluci\u00f3n N\u00b09925-r\/2023 que a trav\u00e9s de la cual se dispuso el \u201cDuelo Legislativo\u201d.<\/h3>\n<p><img fetchpriority=\"high\" decoding=\"async\" class=\"wp-image-3395 aligncenter\" src=\"https:\/\/apuntesdesanluis.com\/wp-content\/uploads\/2023\/09\/homenaje-300x173.jpg\" alt=\"\" width=\"668\" height=\"385\" srcset=\"https:\/\/apuntesdesanluis.com\/wp-content\/uploads\/2023\/09\/homenaje-300x173.jpg 300w, https:\/\/apuntesdesanluis.com\/wp-content\/uploads\/2023\/09\/homenaje.jpg 652w\" sizes=\"(max-width: 668px) 100vw, 668px\" \/><\/p>\n<h3>Familiares y amigos del reconocido dirigente tuvieron la gentileza de acercar la urna cineraria con los restos del ex Senador Nacional a esta instituci\u00f3n legislativa, donde la comunidad pudo brindarle el \u00faltimo adi\u00f3s.<\/h3>\n<h3>Con un guardia de honor a cargo de integrantes de Defensa Civil, la urna se ubic\u00f3 en el centro del recinto, oportunidad en que la Presidenta Provisional presidi\u00f3 el homenaje y los Concejales\u00a0 Roberto Mones Ruiz, Jorge Rosales, Flavia Coria, Marcelo Periale Luis Zapata y Lucrecia Soria,\u00a0 tuvieron palabras de reconocimiento personal a un protagonista fundamental\u00a0 de la historia democr\u00e1tica de nuestro pa\u00eds.<\/h3>\n<p><img decoding=\"async\" class=\"wp-image-3394 aligncenter\" src=\"https:\/\/apuntesdesanluis.com\/wp-content\/uploads\/2023\/09\/flia-con-adolfo-300x201.jpeg\" alt=\"\" width=\"666\" height=\"446\" srcset=\"https:\/\/apuntesdesanluis.com\/wp-content\/uploads\/2023\/09\/flia-con-adolfo-300x201.jpeg 300w, https:\/\/apuntesdesanluis.com\/wp-content\/uploads\/2023\/09\/flia-con-adolfo.jpeg 600w\" sizes=\"(max-width: 666px) 100vw, 666px\" \/><\/p>\n<h3>La ceremonia especial cont\u00f3 con la presencia de su Sra. Esposa Margarita Mu\u00f1oz, su hija Eva, como tambi\u00e9n su hermano,\u00a0 familiares, amigos, el Senador Nacional Adolfo Rodr\u00edguez Sa\u00e1, el ex intendente Mario Ra\u00fal Merlo, legisladores provinciales, funcionarios provinciales, municipales, dirigentes pol\u00edticos y sindicales.<\/h3>\n<h3>El merecido homenaje p\u00f3stumo concluy\u00f3 con la interpretaci\u00f3n del Ave Mar\u00eda por parte de la cantante Zandra Risatti.<\/h3>\n","protected":false},"excerpt":{"rendered":"<p>Con motivo de la desaparici\u00f3n f\u00edsica del Ciudadano Ilustre Oraldo Norvel Britos, el pasado jueves&#8230;<\/p>\n","protected":false},"author":1,"featured_media":3393,"comment_status":"closed","ping_status":"closed","sticky":false,"template":"","format":"standard","meta":{"footnotes":""},"categories":[6],"tags":[],"class_list":["post-3392","post","type-post","status-publish","format-standard","has-post-thumbnail","hentry","category-ciudad-provincia"],"yoast_head":"<!-- This site is optimized with the Yoast SEO plugin v26.1.1 - https:\/\/yoast.com\/wordpress\/plugins\/seo\/ -->\n<title>EMOTIVO HOMENAJE P\u00d3STUMO AL DESTACADO DIRIGENTE ORALDO NORVEL BRITOS - Apuntes de San Luis<\/title>\n<meta name=\"robots\" content=\"index, follow, max-snippet:-1, max-image-preview:large, max-video-preview:-1\" \/>\n<link rel=\"canonical\" href=\"https:\/\/apuntesdesanluis.com\/index.php\/2023\/09\/15\/brndaron-homenaje-postumo-al-destacado-dirigente-oraldo-norvel-britos\/\" \/>\n<meta property=\"og:locale\" content=\"es_ES\" \/>\n<meta property=\"og:type\" content=\"article\" \/>\n<meta property=\"og:title\" content=\"EMOTIVO HOMENAJE P\u00d3STUMO AL DESTACADO DIRIGENTE ORALDO NORVEL BRITOS - Apuntes de San Luis\" \/>\n<meta property=\"og:description\" content=\"Con motivo de la desaparici\u00f3n f\u00edsica del Ciudadano Ilustre Oraldo Norvel Britos, el pasado jueves...\" \/>\n<meta property=\"og:url\" content=\"https:\/\/apuntesdesanluis.com\/index.php\/2023\/09\/15\/brndaron-homenaje-postumo-al-destacado-dirigente-oraldo-norvel-britos\/\" \/>\n<meta property=\"og:site_name\" content=\"Apuntes de San Luis\" \/>\n<meta property=\"article:published_time\" content=\"2023-09-15T23:35:37+00:00\" \/>\n<meta property=\"article:modified_time\" content=\"2023-09-16T04:36:31+00:00\" \/>\n<meta property=\"og:image\" content=\"https:\/\/apuntesdesanluis.com\/wp-content\/uploads\/2023\/09\/frente-a-l-urna.jpeg\" \/>\n\t<meta property=\"og:image:width\" content=\"600\" \/>\n\t<meta property=\"og:image:height\" content=\"400\" \/>\n\t<meta property=\"og:image:type\" content=\"image\/jpeg\" \/>\n<meta name=\"author\" content=\"apuntesdesanluis.com\" \/>\n<meta name=\"twitter:card\" content=\"summary_large_image\" \/>\n<meta name=\"twitter:label1\" content=\"Escrito por\" \/>\n\t<meta name=\"twitter:data1\" content=\"apuntesdesanluis.com\" \/>\n\t<meta name=\"twitter:label2\" content=\"Tiempo de lectura\" \/>\n\t<meta name=\"twitter:data2\" content=\"2 minutos\" \/>\n<script type=\"application\/ld+json\" class=\"yoast-schema-graph\">{\"@context\":\"https:\/\/schema.org\",\"@graph\":[{\"@type\":\"Article\",\"@id\":\"https:\/\/apuntesdesanluis.com\/index.php\/2023\/09\/15\/brndaron-homenaje-postumo-al-destacado-dirigente-oraldo-norvel-britos\/#article\",\"isPartOf\":{\"@id\":\"https:\/\/apuntesdesanluis.com\/index.php\/2023\/09\/15\/brndaron-homenaje-postumo-al-destacado-dirigente-oraldo-norvel-britos\/\"},\"author\":{\"name\":\"apuntesdesanluis.com\",\"@id\":\"https:\/\/apuntesdesanluis.com\/#\/schema\/person\/b55151d52296fcce64d1a72538a70b90\"},\"headline\":\"EMOTIVO HOMENAJE P\u00d3STUMO AL DESTACADO DIRIGENTE ORALDO NORVEL BRITOS\",\"datePublished\":\"2023-09-15T23:35:37+00:00\",\"dateModified\":\"2023-09-16T04:36:31+00:00\",\"mainEntityOfPage\":{\"@id\":\"https:\/\/apuntesdesanluis.com\/index.php\/2023\/09\/15\/brndaron-homenaje-postumo-al-destacado-dirigente-oraldo-norvel-britos\/\"},\"wordCount\":275,\"publisher\":{\"@id\":\"https:\/\/apuntesdesanluis.com\/#\/schema\/person\/b55151d52296fcce64d1a72538a70b90\"},\"image\":{\"@id\":\"https:\/\/apuntesdesanluis.com\/index.php\/2023\/09\/15\/brndaron-homenaje-postumo-al-destacado-dirigente-oraldo-norvel-britos\/#primaryimage\"},\"thumbnailUrl\":\"https:\/\/apuntesdesanluis.com\/wp-content\/uploads\/2023\/09\/frente-a-l-urna.jpeg\",\"articleSection\":[\"Ciudad\/Provincia\"],\"inLanguage\":\"es-AR\"},{\"@type\":\"WebPage\",\"@id\":\"https:\/\/apuntesdesanluis.com\/index.php\/2023\/09\/15\/brndaron-homenaje-postumo-al-destacado-dirigente-oraldo-norvel-britos\/\",\"url\":\"https:\/\/apuntesdesanluis.com\/index.php\/2023\/09\/15\/brndaron-homenaje-postumo-al-destacado-dirigente-oraldo-norvel-britos\/\",\"name\":\"EMOTIVO HOMENAJE P\u00d3STUMO AL DESTACADO DIRIGENTE ORALDO NORVEL BRITOS - Apuntes de San Luis\",\"isPartOf\":{\"@id\":\"https:\/\/apuntesdesanluis.com\/#website\"},\"primaryImageOfPage\":{\"@id\":\"https:\/\/apuntesdesanluis.com\/index.php\/2023\/09\/15\/brndaron-homenaje-postumo-al-destacado-dirigente-oraldo-norvel-britos\/#primaryimage\"},\"image\":{\"@id\":\"https:\/\/apuntesdesanluis.com\/index.php\/2023\/09\/15\/brndaron-homenaje-postumo-al-destacado-dirigente-oraldo-norvel-britos\/#primaryimage\"},\"thumbnailUrl\":\"https:\/\/apuntesdesanluis.com\/wp-content\/uploads\/2023\/09\/frente-a-l-urna.jpeg\",\"datePublished\":\"2023-09-15T23:35:37+00:00\",\"dateModified\":\"2023-09-16T04:36:31+00:00\",\"breadcrumb\":{\"@id\":\"https:\/\/apuntesdesanluis.com\/index.php\/2023\/09\/15\/brndaron-homenaje-postumo-al-destacado-dirigente-oraldo-norvel-britos\/#breadcrumb\"},\"inLanguage\":\"es-AR\",\"potentialAction\":[{\"@type\":\"ReadAction\",\"target\":[\"https:\/\/apuntesdesanluis.com\/index.php\/2023\/09\/15\/brndaron-homenaje-postumo-al-destacado-dirigente-oraldo-norvel-britos\/\"]}]},{\"@type\":\"ImageObject\",\"inLanguage\":\"es-AR\",\"@id\":\"https:\/\/apuntesdesanluis.com\/index.php\/2023\/09\/15\/brndaron-homenaje-postumo-al-destacado-dirigente-oraldo-norvel-britos\/#primaryimage\",\"url\":\"https:\/\/apuntesdesanluis.com\/wp-content\/uploads\/2023\/09\/frente-a-l-urna.jpeg\",\"contentUrl\":\"https:\/\/apuntesdesanluis.com\/wp-content\/uploads\/2023\/09\/frente-a-l-urna.jpeg\",\"width\":600,\"height\":400},{\"@type\":\"BreadcrumbList\",\"@id\":\"https:\/\/apuntesdesanluis.com\/index.php\/2023\/09\/15\/brndaron-homenaje-postumo-al-destacado-dirigente-oraldo-norvel-britos\/#breadcrumb\",\"itemListElement\":[{\"@type\":\"ListItem\",\"position\":1,\"name\":\"Inicio\",\"item\":\"https:\/\/apuntesdesanluis.com\/\"},{\"@type\":\"ListItem\",\"position\":2,\"name\":\"EMOTIVO HOMENAJE P\u00d3STUMO AL DESTACADO DIRIGENTE ORALDO NORVEL BRITOS\"}]},{\"@type\":\"WebSite\",\"@id\":\"https:\/\/apuntesdesanluis.com\/#website\",\"url\":\"https:\/\/apuntesdesanluis.com\/\",\"name\":\"Apuntes de San Luis\",\"description\":\"\",\"publisher\":{\"@id\":\"https:\/\/apuntesdesanluis.com\/#\/schema\/person\/b55151d52296fcce64d1a72538a70b90\"},\"potentialAction\":[{\"@type\":\"SearchAction\",\"target\":{\"@type\":\"EntryPoint\",\"urlTemplate\":\"https:\/\/apuntesdesanluis.com\/?s={search_term_string}\"},\"query-input\":{\"@type\":\"PropertyValueSpecification\",\"valueRequired\":true,\"valueName\":\"search_term_string\"}}],\"inLanguage\":\"es-AR\"},{\"@type\":[\"Person\",\"Organization\"],\"@id\":\"https:\/\/apuntesdesanluis.com\/#\/schema\/person\/b55151d52296fcce64d1a72538a70b90\",\"name\":\"apuntesdesanluis.com\",\"image\":{\"@type\":\"ImageObject\",\"inLanguage\":\"es-AR\",\"@id\":\"https:\/\/apuntesdesanluis.com\/#\/schema\/person\/image\/\",\"url\":\"https:\/\/apuntesdesanluis.com\/wp-content\/uploads\/2023\/07\/cropped-apuntesdesanluis.png\",\"contentUrl\":\"https:\/\/apuntesdesanluis.com\/wp-content\/uploads\/2023\/07\/cropped-apuntesdesanluis.png\",\"width\":450,\"height\":112,\"caption\":\"apuntesdesanluis.com\"},\"logo\":{\"@id\":\"https:\/\/apuntesdesanluis.com\/#\/schema\/person\/image\/\"},\"sameAs\":[\"https:\/\/apuntesdesanluis.com\"],\"url\":\"https:\/\/apuntesdesanluis.com\/index.php\/author\/apuntesdesanluis-com\/\"}]}<\/script>\n<!-- \/ Yoast SEO plugin. -->","yoast_head_json":{"title":"EMOTIVO HOMENAJE P\u00d3STUMO AL DESTACADO DIRIGENTE ORALDO NORVEL BRITOS - Apuntes de San Luis","robots":{"index":"index","follow":"follow","max-snippet":"max-snippet:-1","max-image-preview":"max-image-preview:large","max-video-preview":"max-video-preview:-1"},"canonical":"https:\/\/apuntesdesanluis.com\/index.php\/2023\/09\/15\/brndaron-homenaje-postumo-al-destacado-dirigente-oraldo-norvel-britos\/","og_locale":"es_ES","og_type":"article","og_title":"EMOTIVO HOMENAJE P\u00d3STUMO AL DESTACADO DIRIGENTE ORALDO NORVEL BRITOS - Apuntes de San Luis","og_description":"Con motivo de la desaparici\u00f3n f\u00edsica del Ciudadano Ilustre Oraldo Norvel Britos, el pasado jueves...","og_url":"https:\/\/apuntesdesanluis.com\/index.php\/2023\/09\/15\/brndaron-homenaje-postumo-al-destacado-dirigente-oraldo-norvel-britos\/","og_site_name":"Apuntes de San Luis","article_published_time":"2023-09-15T23:35:37+00:00","article_modified_time":"2023-09-16T04:36:31+00:00","og_image":[{"width":600,"height":400,"url":"https:\/\/apuntesdesanluis.com\/wp-content\/uploads\/2023\/09\/frente-a-l-urna.jpeg","type":"image\/jpeg"}],"author":"apuntesdesanluis.com","twitter_card":"summary_large_image","twitter_misc":{"Escrito por":"apuntesdesanluis.com","Tiempo de lectura":"2 minutos"},"schema":{"@context":"https:\/\/schema.org","@graph":[{"@type":"Article","@id":"https:\/\/apuntesdesanluis.com\/index.php\/2023\/09\/15\/brndaron-homenaje-postumo-al-destacado-dirigente-oraldo-norvel-britos\/#article","isPartOf":{"@id":"https:\/\/apuntesdesanluis.com\/index.php\/2023\/09\/15\/brndaron-homenaje-postumo-al-destacado-dirigente-oraldo-norvel-britos\/"},"author":{"name":"apuntesdesanluis.com","@id":"https:\/\/apuntesdesanluis.com\/#\/schema\/person\/b55151d52296fcce64d1a72538a70b90"},"headline":"EMOTIVO HOMENAJE P\u00d3STUMO AL DESTACADO DIRIGENTE ORALDO NORVEL BRITOS","datePublished":"2023-09-15T23:35:37+00:00","dateModified":"2023-09-16T04:36:31+00:00","mainEntityOfPage":{"@id":"https:\/\/apuntesdesanluis.com\/index.php\/2023\/09\/15\/brndaron-homenaje-postumo-al-destacado-dirigente-oraldo-norvel-britos\/"},"wordCount":275,"publisher":{"@id":"https:\/\/apuntesdesanluis.com\/#\/schema\/person\/b55151d52296fcce64d1a72538a70b90"},"image":{"@id":"https:\/\/apuntesdesanluis.com\/index.php\/2023\/09\/15\/brndaron-homenaje-postumo-al-destacado-dirigente-oraldo-norvel-britos\/#primaryimage"},"thumbnailUrl":"https:\/\/apuntesdesanluis.com\/wp-content\/uploads\/2023\/09\/frente-a-l-urna.jpeg","articleSection":["Ciudad\/Provincia"],"inLanguage":"es-AR"},{"@type":"WebPage","@id":"https:\/\/apuntesdesanluis.com\/index.php\/2023\/09\/15\/brndaron-homenaje-postumo-al-destacado-dirigente-oraldo-norvel-britos\/","url":"https:\/\/apuntesdesanluis.com\/index.php\/2023\/09\/15\/brndaron-homenaje-postumo-al-destacado-dirigente-oraldo-norvel-britos\/","name":"EMOTIVO HOMENAJE P\u00d3STUMO AL DESTACADO DIRIGENTE ORALDO NORVEL BRITOS - Apuntes de San Luis","isPartOf":{"@id":"https:\/\/apuntesdesanluis.com\/#website"},"primaryImageOfPage":{"@id":"https:\/\/apuntesdesanluis.com\/index.php\/2023\/09\/15\/brndaron-homenaje-postumo-al-destacado-dirigente-oraldo-norvel-britos\/#primaryimage"},"image":{"@id":"https:\/\/apuntesdesanluis.com\/index.php\/2023\/09\/15\/brndaron-homenaje-postumo-al-destacado-dirigente-oraldo-norvel-britos\/#primaryimage"},"thumbnailUrl":"https:\/\/apuntesdesanluis.com\/wp-content\/uploads\/2023\/09\/frente-a-l-urna.jpeg","datePublished":"2023-09-15T23:35:37+00:00","dateModified":"2023-09-16T04:36:31+00:00","breadcrumb":{"@id":"https:\/\/apuntesdesanluis.com\/index.php\/2023\/09\/15\/brndaron-homenaje-postumo-al-destacado-dirigente-oraldo-norvel-britos\/#breadcrumb"},"inLanguage":"es-AR","potentialAction":[{"@type":"ReadAction","target":["https:\/\/apuntesdesanluis.com\/index.php\/2023\/09\/15\/brndaron-homenaje-postumo-al-destacado-dirigente-oraldo-norvel-britos\/"]}]},{"@type":"ImageObject","inLanguage":"es-AR","@id":"https:\/\/apuntesdesanluis.com\/index.php\/2023\/09\/15\/brndaron-homenaje-postumo-al-destacado-dirigente-oraldo-norvel-britos\/#primaryimage","url":"https:\/\/apuntesdesanluis.com\/wp-content\/uploads\/2023\/09\/frente-a-l-urna.jpeg","contentUrl":"https:\/\/apuntesdesanluis.com\/wp-content\/uploads\/2023\/09\/frente-a-l-urna.jpeg","width":600,"height":400},{"@type":"BreadcrumbList","@id":"https:\/\/apuntesdesanluis.com\/index.php\/2023\/09\/15\/brndaron-homenaje-postumo-al-destacado-dirigente-oraldo-norvel-britos\/#breadcrumb","itemListElement":[{"@type":"ListItem","position":1,"name":"Inicio","item":"https:\/\/apuntesdesanluis.com\/"},{"@type":"ListItem","position":2,"name":"EMOTIVO HOMENAJE P\u00d3STUMO AL DESTACADO DIRIGENTE ORALDO NORVEL BRITOS"}]},{"@type":"WebSite","@id":"https:\/\/apuntesdesanluis.com\/#website","url":"https:\/\/apuntesdesanluis.com\/","name":"Apuntes de San Luis","description":"","publisher":{"@id":"https:\/\/apuntesdesanluis.com\/#\/schema\/person\/b55151d52296fcce64d1a72538a70b90"},"potentialAction":[{"@type":"SearchAction","target":{"@type":"EntryPoint","urlTemplate":"https:\/\/apuntesdesanluis.com\/?s={search_term_string}"},"query-input":{"@type":"PropertyValueSpecification","valueRequired":true,"valueName":"search_term_string"}}],"inLanguage":"es-AR"},{"@type":["Person","Organization"],"@id":"https:\/\/apuntesdesanluis.com\/#\/schema\/person\/b55151d52296fcce64d1a72538a70b90","name":"apuntesdesanluis.com","image":{"@type":"ImageObject","inLanguage":"es-AR","@id":"https:\/\/apuntesdesanluis.com\/#\/schema\/person\/image\/","url":"https:\/\/apuntesdesanluis.com\/wp-content\/uploads\/2023\/07\/cropped-apuntesdesanluis.png","contentUrl":"https:\/\/apuntesdesanluis.com\/wp-content\/uploads\/2023\/07\/cropped-apuntesdesanluis.png","width":450,"height":112,"caption":"apuntesdesanluis.com"},"logo":{"@id":"https:\/\/apuntesdesanluis.com\/#\/schema\/person\/image\/"},"sameAs":["https:\/\/apuntesdesanluis.com"],"url":"https:\/\/apuntesdesanluis.com\/index.php\/author\/apuntesdesanluis-com\/"}]}},"featured_image_urls":{"full":["https:\/\/apuntesdesanluis.com\/wp-content\/uploads\/2023\/09\/frente-a-l-urna.jpeg",600,400,false],"thumbnail":["https:\/\/apuntesdesanluis.com\/wp-content\/uploads\/2023\/09\/frente-a-l-urna-150x150.jpeg",150,150,true],"medium":["https:\/\/apuntesdesanluis.com\/wp-content\/uploads\/2023\/09\/frente-a-l-urna-300x200.jpeg",300,200,true],"medium_large":["https:\/\/apuntesdesanluis.com\/wp-content\/uploads\/2023\/09\/frente-a-l-urna.jpeg",600,400,false],"large":["https:\/\/apuntesdesanluis.com\/wp-content\/uploads\/2023\/09\/frente-a-l-urna.jpeg",600,400,false],"1536x1536":["https:\/\/apuntesdesanluis.com\/wp-content\/uploads\/2023\/09\/frente-a-l-urna.jpeg",600,400,false],"2048x2048":["https:\/\/apuntesdesanluis.com\/wp-content\/uploads\/2023\/09\/frente-a-l-urna.jpeg",600,400,false],"newsever-slider-full":["https:\/\/apuntesdesanluis.com\/wp-content\/uploads\/2023\/09\/frente-a-l-urna.jpeg",600,400,false],"newsever-featured":["https:\/\/apuntesdesanluis.com\/wp-content\/uploads\/2023\/09\/frente-a-l-urna.jpeg",600,400,false],"newsever-medium":["https:\/\/apuntesdesanluis.com\/wp-content\/uploads\/2023\/09\/frente-a-l-urna.jpeg",600,400,false]},"author_info":{"display_name":"apuntesdesanluis.com","author_link":"https:\/\/apuntesdesanluis.com\/index.php\/author\/apuntesdesanluis-com\/"},"category_info":"<a href=\"https:\/\/apuntesdesanluis.com\/index.php\/category\/ciudad-provincia\/\" rel=\"category tag\">Ciudad\/Provincia<\/a>","tag_info":"Ciudad\/Provincia","comment_count":"0","_links":{"self":[{"href":"https:\/\/apuntesdesanluis.com\/index.php\/wp-json\/wp\/v2\/posts\/3392","targetHints":{"allow":["GET"]}}],"collection":[{"href":"https:\/\/apuntesdesanluis.com\/index.php\/wp-json\/wp\/v2\/posts"}],"about":[{"href":"https:\/\/apuntesdesanluis.com\/index.php\/wp-json\/wp\/v2\/types\/post"}],"author":[{"embeddable":true,"href":"https:\/\/apuntesdesanluis.com\/index.php\/wp-json\/wp\/v2\/users\/1"}],"replies":[{"embeddable":true,"href":"https:\/\/apuntesdesanluis.com\/index.php\/wp-json\/wp\/v2\/comments?post=3392"}],"version-history":[{"count":2,"href":"https:\/\/apuntesdesanluis.com\/index.php\/wp-json\/wp\/v2\/posts\/3392\/revisions"}],"predecessor-version":[{"id":3397,"href":"https:\/\/apuntesdesanluis.com\/index.php\/wp-json\/wp\/v2\/posts\/3392\/revisions\/3397"}],"wp:featuredmedia":[{"embeddable":true,"href":"https:\/\/apuntesdesanluis.com\/index.php\/wp-json\/wp\/v2\/media\/3393"}],"wp:attachment":[{"href":"https:\/\/apuntesdesanluis.com\/index.php\/wp-json\/wp\/v2\/media?parent=3392"}],"wp:term":[{"taxonomy":"category","embeddable":true,"href":"https:\/\/apuntesdesanluis.com\/index.php\/wp-json\/wp\/v2\/categories?post=3392"},{"taxonomy":"post_tag","embeddable":true,"href":"https:\/\/apuntesdesanluis.com\/index.php\/wp-json\/wp\/v2\/tags?post=3392"}],"curies":[{"name":"wp","href":"https:\/\/api.w.org\/{rel}","templated":true}]}}