{"id":3398,"date":"2023-09-16T19:05:15","date_gmt":"2023-09-16T22:05:15","guid":{"rendered":"https:\/\/apuntesdesanluis.com\/?p=3398"},"modified":"2023-09-18T10:27:05","modified_gmt":"2023-09-18T13:27:05","slug":"brutal-agresion-tras-una-discusion-de-transito-un-comerciante-termino-en-terapia-intensiva","status":"publish","type":"post","link":"https:\/\/apuntesdesanluis.com\/index.php\/2023\/09\/16\/brutal-agresion-tras-una-discusion-de-transito-un-comerciante-termino-en-terapia-intensiva\/","title":{"rendered":"BRUTAL AGRESI\u00d3N TRAS UNA DISCUSI\u00d3N DE TR\u00c1NSITO: UN COMERCIANTE TERMIN\u00d3 EN TERAPIA INTENSIVA"},"content":{"rendered":"<h3 class=\"yiv7409174924ydp6329976emsonormal\" style=\"text-align: justify; background: white;\"><span style=\"font-family: 'Arial','sans-serif'; color: #1d2228;\">Ocurri\u00f3 el pasado 6 se setiembre en Villa Mercedes, aproximadamente a las 18:40, en calle Hip\u00f3lito Irigoyen entre Lavalle y General Paz, pero reci\u00e9n se conocieron los detalles el viernes \u00faltimo, a partir del relato de la esposa del comerciante.<\/span><\/h3>\n<h3 class=\"yiv7409174924ydp6329976emsonormal\" style=\"text-align: justify; background: white;\"><span style=\"font-family: 'Arial','sans-serif'; color: #1d2228;\"><span style=\"color: #1d2228; font-family: Arial, sans-serif;\">Ese fat\u00eddico mi\u00e9rcoles Oscar Garc\u00eda (57), propietario de Fiambrer\u00eda \u201cLa Chacra\u201d, procedi\u00f3 a estacionar el veh\u00edculo frente a su comercio, hizo marcha atr\u00e1s y \u201ctoc\u00f3\u201d involuntariamente al auto estacionado detr\u00e1s. Instantes despu\u00e9s baja de este \u00faltimo un joven y comienza una discusi\u00f3n. <\/span><\/span><\/h3>\n<h3 class=\"yiv7409174924ydp6329976emsonormal\" style=\"text-align: justify; background: white;\"><span style=\"font-family: 'Arial','sans-serif'; color: #1d2228;\">Hasta all\u00ed lo que se alcanza a ver en una de las c\u00e1maras, comenta <strong>Mariela Miazzo<\/strong>, su esposa, entrevistada en FM La Red. Seguidamente el irascible conductor lo golpea a Garc\u00eda, quien pierde el conocimiento y cae pesadamente, golpeando su cabeza con el piso. Lo extra\u00f1o es que el agresor es otro comerciante, que tiene el negocio al lado del suyo y con quien se cruzaba todos los d\u00edas.<\/span><\/h3>\n<h3 class=\"yiv7409174924ydp6329976emsonormal\" style=\"text-align: justify; background: white;\"><span style=\"font-family: 'Arial','sans-serif'; color: #1d2228;\">Como si fuera poco, estando desmayado en el piso, el joven lo habr\u00eda vuelto a golpear antes de irse, algo que alcanz\u00f3 a ser visto por un testigo que ya declar\u00f3.<\/span><\/h3>\n<h3 class=\"yiv7409174924ydp6329976emsonormal\" style=\"text-align: justify; background: white;\"><span style=\"font-family: 'Arial','sans-serif'; color: #1d2228;\">Garc\u00eda debi\u00f3 ser traslado de urgencia al hospital y sufri\u00f3 fractura de cr\u00e1neo, se le formaron dos co\u00e1gulos y un hematoma en el cerebro. Tambi\u00e9n tuvo una seria lesi\u00f3n en el Pe\u00f1asco, que es un hueso ubicado en la base del cr\u00e1neo, en el que existen varias cavidades \u00f3seas que contienen el conducto auditivo externo, el o\u00eddo medio y o\u00eddo interno, por lo que tambi\u00e9n tiene comprometido el sentido auditivo.<\/span><\/h3>\n<h3 class=\"yiv7409174924ydp6329976emsonormal\" style=\"text-align: justify; background: white;\"><span style=\"font-family: 'Arial','sans-serif'; color: #1d2228;\">A pesar que ya se efectu\u00f3 la denuncia policial e intervino fiscal\u00eda, el agresor cuyas iniciales ser\u00edan C.G., de aproximadamente 25 a\u00f1os, se encuentra en libertad.<\/span><\/h3>\n<h3 class=\"yiv7409174924ydp6329976emsonormal\" style=\"text-align: justify; background: white;\"><span style=\"font-family: 'Arial','sans-serif'; color: #1d2228;\">En la actualidad el comerciante permanece en reposo en su casa, pero debe estar con compa\u00f1\u00eda permanente, por temor a que sufra convulsiones y adem\u00e1s padece p\u00e9rdida de memoria a corto plazo. <\/span><\/h3>\n<h3 class=\"yiv7409174924ydp6329976emsonormal\" style=\"text-align: justify; background: white;\"><span style=\"font-family: 'Arial','sans-serif'; color: #1d2228;\">Como bien recuerdan los colegas, lo ocurrido remite al caso del playero Arturo L\u00f3pez, quien tras una discusi\u00f3n fue golpeado salvajemente por un menor en noviembre de 2021 en el barrio de Monserrat (CABA), como consecuencia de lo cual el agresor termin\u00f3 condenado el 1 de setiembre pasado a cuatro a\u00f1os y tres meses de prisi\u00f3n de cumplimiento efectivo.<\/span><\/h3>\n<p><iframe title=\"15 de septiembre de 2023\" width=\"640\" height=\"360\" src=\"https:\/\/www.youtube.com\/embed\/geLp_asuAsk?feature=oembed\" frameborder=\"0\" allow=\"accelerometer; autoplay; clipboard-write; encrypted-media; gyroscope; picture-in-picture; web-share\" referrerpolicy=\"strict-origin-when-cross-origin\" allowfullscreen><\/iframe><\/p>\n<h4>Agradecimiento: <span style=\"color: #3366ff;\"><strong>FM La Red Villa Mercedes.<\/strong><\/span><\/h4>\n<p>&nbsp;<\/p>\n<p>&nbsp;<\/p>\n<p>&nbsp;<\/p>\n","protected":false},"excerpt":{"rendered":"<p>Ocurri\u00f3 el pasado 6 se setiembre en Villa Mercedes, aproximadamente a las 18:40, en calle&#8230;<\/p>\n","protected":false},"author":1,"featured_media":3399,"comment_status":"closed","ping_status":"closed","sticky":false,"template":"","format":"standard","meta":{"footnotes":""},"categories":[6],"tags":[],"class_list":["post-3398","post","type-post","status-publish","format-standard","has-post-thumbnail","hentry","category-ciudad-provincia"],"yoast_head":"<!-- This site is optimized with the Yoast SEO plugin v26.1.1 - https:\/\/yoast.com\/wordpress\/plugins\/seo\/ -->\n<title>BRUTAL AGRESI\u00d3N TRAS UNA DISCUSI\u00d3N DE TR\u00c1NSITO: UN COMERCIANTE TERMIN\u00d3 EN TERAPIA INTENSIVA - Apuntes de San Luis<\/title>\n<meta name=\"robots\" content=\"index, follow, max-snippet:-1, max-image-preview:large, max-video-preview:-1\" \/>\n<link rel=\"canonical\" href=\"https:\/\/apuntesdesanluis.com\/index.php\/2023\/09\/16\/brutal-agresion-tras-una-discusion-de-transito-un-comerciante-termino-en-terapia-intensiva\/\" \/>\n<meta property=\"og:locale\" content=\"es_ES\" \/>\n<meta property=\"og:type\" content=\"article\" \/>\n<meta property=\"og:title\" content=\"BRUTAL AGRESI\u00d3N TRAS UNA DISCUSI\u00d3N DE TR\u00c1NSITO: UN COMERCIANTE TERMIN\u00d3 EN TERAPIA INTENSIVA - Apuntes de San Luis\" \/>\n<meta property=\"og:description\" content=\"Ocurri\u00f3 el pasado 6 se setiembre en Villa Mercedes, aproximadamente a las 18:40, en calle...\" \/>\n<meta property=\"og:url\" content=\"https:\/\/apuntesdesanluis.com\/index.php\/2023\/09\/16\/brutal-agresion-tras-una-discusion-de-transito-un-comerciante-termino-en-terapia-intensiva\/\" \/>\n<meta property=\"og:site_name\" content=\"Apuntes de San Luis\" \/>\n<meta property=\"article:published_time\" content=\"2023-09-16T22:05:15+00:00\" \/>\n<meta property=\"article:modified_time\" content=\"2023-09-18T13:27:05+00:00\" \/>\n<meta property=\"og:image\" content=\"https:\/\/apuntesdesanluis.com\/wp-content\/uploads\/2023\/09\/La-chacra.jpg\" \/>\n\t<meta property=\"og:image:width\" content=\"629\" \/>\n\t<meta property=\"og:image:height\" content=\"401\" \/>\n\t<meta property=\"og:image:type\" content=\"image\/jpeg\" \/>\n<meta name=\"author\" content=\"apuntesdesanluis.com\" \/>\n<meta name=\"twitter:card\" content=\"summary_large_image\" \/>\n<meta name=\"twitter:label1\" content=\"Escrito por\" \/>\n\t<meta name=\"twitter:data1\" content=\"apuntesdesanluis.com\" \/>\n\t<meta name=\"twitter:label2\" content=\"Tiempo de lectura\" \/>\n\t<meta name=\"twitter:data2\" content=\"2 minutos\" \/>\n<script type=\"application\/ld+json\" class=\"yoast-schema-graph\">{\"@context\":\"https:\/\/schema.org\",\"@graph\":[{\"@type\":\"Article\",\"@id\":\"https:\/\/apuntesdesanluis.com\/index.php\/2023\/09\/16\/brutal-agresion-tras-una-discusion-de-transito-un-comerciante-termino-en-terapia-intensiva\/#article\",\"isPartOf\":{\"@id\":\"https:\/\/apuntesdesanluis.com\/index.php\/2023\/09\/16\/brutal-agresion-tras-una-discusion-de-transito-un-comerciante-termino-en-terapia-intensiva\/\"},\"author\":{\"name\":\"apuntesdesanluis.com\",\"@id\":\"https:\/\/apuntesdesanluis.com\/#\/schema\/person\/b55151d52296fcce64d1a72538a70b90\"},\"headline\":\"BRUTAL AGRESI\u00d3N TRAS UNA DISCUSI\u00d3N DE TR\u00c1NSITO: UN COMERCIANTE TERMIN\u00d3 EN TERAPIA INTENSIVA\",\"datePublished\":\"2023-09-16T22:05:15+00:00\",\"dateModified\":\"2023-09-18T13:27:05+00:00\",\"mainEntityOfPage\":{\"@id\":\"https:\/\/apuntesdesanluis.com\/index.php\/2023\/09\/16\/brutal-agresion-tras-una-discusion-de-transito-un-comerciante-termino-en-terapia-intensiva\/\"},\"wordCount\":435,\"publisher\":{\"@id\":\"https:\/\/apuntesdesanluis.com\/#\/schema\/person\/b55151d52296fcce64d1a72538a70b90\"},\"image\":{\"@id\":\"https:\/\/apuntesdesanluis.com\/index.php\/2023\/09\/16\/brutal-agresion-tras-una-discusion-de-transito-un-comerciante-termino-en-terapia-intensiva\/#primaryimage\"},\"thumbnailUrl\":\"https:\/\/apuntesdesanluis.com\/wp-content\/uploads\/2023\/09\/La-chacra.jpg\",\"articleSection\":[\"Ciudad\/Provincia\"],\"inLanguage\":\"es-AR\"},{\"@type\":\"WebPage\",\"@id\":\"https:\/\/apuntesdesanluis.com\/index.php\/2023\/09\/16\/brutal-agresion-tras-una-discusion-de-transito-un-comerciante-termino-en-terapia-intensiva\/\",\"url\":\"https:\/\/apuntesdesanluis.com\/index.php\/2023\/09\/16\/brutal-agresion-tras-una-discusion-de-transito-un-comerciante-termino-en-terapia-intensiva\/\",\"name\":\"BRUTAL AGRESI\u00d3N TRAS UNA DISCUSI\u00d3N DE TR\u00c1NSITO: UN COMERCIANTE TERMIN\u00d3 EN TERAPIA INTENSIVA - Apuntes de San Luis\",\"isPartOf\":{\"@id\":\"https:\/\/apuntesdesanluis.com\/#website\"},\"primaryImageOfPage\":{\"@id\":\"https:\/\/apuntesdesanluis.com\/index.php\/2023\/09\/16\/brutal-agresion-tras-una-discusion-de-transito-un-comerciante-termino-en-terapia-intensiva\/#primaryimage\"},\"image\":{\"@id\":\"https:\/\/apuntesdesanluis.com\/index.php\/2023\/09\/16\/brutal-agresion-tras-una-discusion-de-transito-un-comerciante-termino-en-terapia-intensiva\/#primaryimage\"},\"thumbnailUrl\":\"https:\/\/apuntesdesanluis.com\/wp-content\/uploads\/2023\/09\/La-chacra.jpg\",\"datePublished\":\"2023-09-16T22:05:15+00:00\",\"dateModified\":\"2023-09-18T13:27:05+00:00\",\"breadcrumb\":{\"@id\":\"https:\/\/apuntesdesanluis.com\/index.php\/2023\/09\/16\/brutal-agresion-tras-una-discusion-de-transito-un-comerciante-termino-en-terapia-intensiva\/#breadcrumb\"},\"inLanguage\":\"es-AR\",\"potentialAction\":[{\"@type\":\"ReadAction\",\"target\":[\"https:\/\/apuntesdesanluis.com\/index.php\/2023\/09\/16\/brutal-agresion-tras-una-discusion-de-transito-un-comerciante-termino-en-terapia-intensiva\/\"]}]},{\"@type\":\"ImageObject\",\"inLanguage\":\"es-AR\",\"@id\":\"https:\/\/apuntesdesanluis.com\/index.php\/2023\/09\/16\/brutal-agresion-tras-una-discusion-de-transito-un-comerciante-termino-en-terapia-intensiva\/#primaryimage\",\"url\":\"https:\/\/apuntesdesanluis.com\/wp-content\/uploads\/2023\/09\/La-chacra.jpg\",\"contentUrl\":\"https:\/\/apuntesdesanluis.com\/wp-content\/uploads\/2023\/09\/La-chacra.jpg\",\"width\":629,\"height\":401},{\"@type\":\"BreadcrumbList\",\"@id\":\"https:\/\/apuntesdesanluis.com\/index.php\/2023\/09\/16\/brutal-agresion-tras-una-discusion-de-transito-un-comerciante-termino-en-terapia-intensiva\/#breadcrumb\",\"itemListElement\":[{\"@type\":\"ListItem\",\"position\":1,\"name\":\"Inicio\",\"item\":\"https:\/\/apuntesdesanluis.com\/\"},{\"@type\":\"ListItem\",\"position\":2,\"name\":\"BRUTAL AGRESI\u00d3N TRAS UNA DISCUSI\u00d3N DE TR\u00c1NSITO: UN COMERCIANTE TERMIN\u00d3 EN TERAPIA INTENSIVA\"}]},{\"@type\":\"WebSite\",\"@id\":\"https:\/\/apuntesdesanluis.com\/#website\",\"url\":\"https:\/\/apuntesdesanluis.com\/\",\"name\":\"Apuntes de San Luis\",\"description\":\"\",\"publisher\":{\"@id\":\"https:\/\/apuntesdesanluis.com\/#\/schema\/person\/b55151d52296fcce64d1a72538a70b90\"},\"potentialAction\":[{\"@type\":\"SearchAction\",\"target\":{\"@type\":\"EntryPoint\",\"urlTemplate\":\"https:\/\/apuntesdesanluis.com\/?s={search_term_string}\"},\"query-input\":{\"@type\":\"PropertyValueSpecification\",\"valueRequired\":true,\"valueName\":\"search_term_string\"}}],\"inLanguage\":\"es-AR\"},{\"@type\":[\"Person\",\"Organization\"],\"@id\":\"https:\/\/apuntesdesanluis.com\/#\/schema\/person\/b55151d52296fcce64d1a72538a70b90\",\"name\":\"apuntesdesanluis.com\",\"image\":{\"@type\":\"ImageObject\",\"inLanguage\":\"es-AR\",\"@id\":\"https:\/\/apuntesdesanluis.com\/#\/schema\/person\/image\/\",\"url\":\"https:\/\/apuntesdesanluis.com\/wp-content\/uploads\/2023\/07\/cropped-apuntesdesanluis.png\",\"contentUrl\":\"https:\/\/apuntesdesanluis.com\/wp-content\/uploads\/2023\/07\/cropped-apuntesdesanluis.png\",\"width\":450,\"height\":112,\"caption\":\"apuntesdesanluis.com\"},\"logo\":{\"@id\":\"https:\/\/apuntesdesanluis.com\/#\/schema\/person\/image\/\"},\"sameAs\":[\"https:\/\/apuntesdesanluis.com\"],\"url\":\"https:\/\/apuntesdesanluis.com\/index.php\/author\/apuntesdesanluis-com\/\"}]}<\/script>\n<!-- \/ Yoast SEO plugin. -->","yoast_head_json":{"title":"BRUTAL AGRESI\u00d3N TRAS UNA DISCUSI\u00d3N DE TR\u00c1NSITO: UN COMERCIANTE TERMIN\u00d3 EN TERAPIA INTENSIVA - Apuntes de San Luis","robots":{"index":"index","follow":"follow","max-snippet":"max-snippet:-1","max-image-preview":"max-image-preview:large","max-video-preview":"max-video-preview:-1"},"canonical":"https:\/\/apuntesdesanluis.com\/index.php\/2023\/09\/16\/brutal-agresion-tras-una-discusion-de-transito-un-comerciante-termino-en-terapia-intensiva\/","og_locale":"es_ES","og_type":"article","og_title":"BRUTAL AGRESI\u00d3N TRAS UNA DISCUSI\u00d3N DE TR\u00c1NSITO: UN COMERCIANTE TERMIN\u00d3 EN TERAPIA INTENSIVA - Apuntes de San Luis","og_description":"Ocurri\u00f3 el pasado 6 se setiembre en Villa Mercedes, aproximadamente a las 18:40, en calle...","og_url":"https:\/\/apuntesdesanluis.com\/index.php\/2023\/09\/16\/brutal-agresion-tras-una-discusion-de-transito-un-comerciante-termino-en-terapia-intensiva\/","og_site_name":"Apuntes de San Luis","article_published_time":"2023-09-16T22:05:15+00:00","article_modified_time":"2023-09-18T13:27:05+00:00","og_image":[{"width":629,"height":401,"url":"https:\/\/apuntesdesanluis.com\/wp-content\/uploads\/2023\/09\/La-chacra.jpg","type":"image\/jpeg"}],"author":"apuntesdesanluis.com","twitter_card":"summary_large_image","twitter_misc":{"Escrito por":"apuntesdesanluis.com","Tiempo de lectura":"2 minutos"},"schema":{"@context":"https:\/\/schema.org","@graph":[{"@type":"Article","@id":"https:\/\/apuntesdesanluis.com\/index.php\/2023\/09\/16\/brutal-agresion-tras-una-discusion-de-transito-un-comerciante-termino-en-terapia-intensiva\/#article","isPartOf":{"@id":"https:\/\/apuntesdesanluis.com\/index.php\/2023\/09\/16\/brutal-agresion-tras-una-discusion-de-transito-un-comerciante-termino-en-terapia-intensiva\/"},"author":{"name":"apuntesdesanluis.com","@id":"https:\/\/apuntesdesanluis.com\/#\/schema\/person\/b55151d52296fcce64d1a72538a70b90"},"headline":"BRUTAL AGRESI\u00d3N TRAS UNA DISCUSI\u00d3N DE TR\u00c1NSITO: UN COMERCIANTE TERMIN\u00d3 EN TERAPIA INTENSIVA","datePublished":"2023-09-16T22:05:15+00:00","dateModified":"2023-09-18T13:27:05+00:00","mainEntityOfPage":{"@id":"https:\/\/apuntesdesanluis.com\/index.php\/2023\/09\/16\/brutal-agresion-tras-una-discusion-de-transito-un-comerciante-termino-en-terapia-intensiva\/"},"wordCount":435,"publisher":{"@id":"https:\/\/apuntesdesanluis.com\/#\/schema\/person\/b55151d52296fcce64d1a72538a70b90"},"image":{"@id":"https:\/\/apuntesdesanluis.com\/index.php\/2023\/09\/16\/brutal-agresion-tras-una-discusion-de-transito-un-comerciante-termino-en-terapia-intensiva\/#primaryimage"},"thumbnailUrl":"https:\/\/apuntesdesanluis.com\/wp-content\/uploads\/2023\/09\/La-chacra.jpg","articleSection":["Ciudad\/Provincia"],"inLanguage":"es-AR"},{"@type":"WebPage","@id":"https:\/\/apuntesdesanluis.com\/index.php\/2023\/09\/16\/brutal-agresion-tras-una-discusion-de-transito-un-comerciante-termino-en-terapia-intensiva\/","url":"https:\/\/apuntesdesanluis.com\/index.php\/2023\/09\/16\/brutal-agresion-tras-una-discusion-de-transito-un-comerciante-termino-en-terapia-intensiva\/","name":"BRUTAL AGRESI\u00d3N TRAS UNA DISCUSI\u00d3N DE TR\u00c1NSITO: UN COMERCIANTE TERMIN\u00d3 EN TERAPIA INTENSIVA - Apuntes de San Luis","isPartOf":{"@id":"https:\/\/apuntesdesanluis.com\/#website"},"primaryImageOfPage":{"@id":"https:\/\/apuntesdesanluis.com\/index.php\/2023\/09\/16\/brutal-agresion-tras-una-discusion-de-transito-un-comerciante-termino-en-terapia-intensiva\/#primaryimage"},"image":{"@id":"https:\/\/apuntesdesanluis.com\/index.php\/2023\/09\/16\/brutal-agresion-tras-una-discusion-de-transito-un-comerciante-termino-en-terapia-intensiva\/#primaryimage"},"thumbnailUrl":"https:\/\/apuntesdesanluis.com\/wp-content\/uploads\/2023\/09\/La-chacra.jpg","datePublished":"2023-09-16T22:05:15+00:00","dateModified":"2023-09-18T13:27:05+00:00","breadcrumb":{"@id":"https:\/\/apuntesdesanluis.com\/index.php\/2023\/09\/16\/brutal-agresion-tras-una-discusion-de-transito-un-comerciante-termino-en-terapia-intensiva\/#breadcrumb"},"inLanguage":"es-AR","potentialAction":[{"@type":"ReadAction","target":["https:\/\/apuntesdesanluis.com\/index.php\/2023\/09\/16\/brutal-agresion-tras-una-discusion-de-transito-un-comerciante-termino-en-terapia-intensiva\/"]}]},{"@type":"ImageObject","inLanguage":"es-AR","@id":"https:\/\/apuntesdesanluis.com\/index.php\/2023\/09\/16\/brutal-agresion-tras-una-discusion-de-transito-un-comerciante-termino-en-terapia-intensiva\/#primaryimage","url":"https:\/\/apuntesdesanluis.com\/wp-content\/uploads\/2023\/09\/La-chacra.jpg","contentUrl":"https:\/\/apuntesdesanluis.com\/wp-content\/uploads\/2023\/09\/La-chacra.jpg","width":629,"height":401},{"@type":"BreadcrumbList","@id":"https:\/\/apuntesdesanluis.com\/index.php\/2023\/09\/16\/brutal-agresion-tras-una-discusion-de-transito-un-comerciante-termino-en-terapia-intensiva\/#breadcrumb","itemListElement":[{"@type":"ListItem","position":1,"name":"Inicio","item":"https:\/\/apuntesdesanluis.com\/"},{"@type":"ListItem","position":2,"name":"BRUTAL AGRESI\u00d3N TRAS UNA DISCUSI\u00d3N DE TR\u00c1NSITO: UN COMERCIANTE TERMIN\u00d3 EN TERAPIA INTENSIVA"}]},{"@type":"WebSite","@id":"https:\/\/apuntesdesanluis.com\/#website","url":"https:\/\/apuntesdesanluis.com\/","name":"Apuntes de San Luis","description":"","publisher":{"@id":"https:\/\/apuntesdesanluis.com\/#\/schema\/person\/b55151d52296fcce64d1a72538a70b90"},"potentialAction":[{"@type":"SearchAction","target":{"@type":"EntryPoint","urlTemplate":"https:\/\/apuntesdesanluis.com\/?s={search_term_string}"},"query-input":{"@type":"PropertyValueSpecification","valueRequired":true,"valueName":"search_term_string"}}],"inLanguage":"es-AR"},{"@type":["Person","Organization"],"@id":"https:\/\/apuntesdesanluis.com\/#\/schema\/person\/b55151d52296fcce64d1a72538a70b90","name":"apuntesdesanluis.com","image":{"@type":"ImageObject","inLanguage":"es-AR","@id":"https:\/\/apuntesdesanluis.com\/#\/schema\/person\/image\/","url":"https:\/\/apuntesdesanluis.com\/wp-content\/uploads\/2023\/07\/cropped-apuntesdesanluis.png","contentUrl":"https:\/\/apuntesdesanluis.com\/wp-content\/uploads\/2023\/07\/cropped-apuntesdesanluis.png","width":450,"height":112,"caption":"apuntesdesanluis.com"},"logo":{"@id":"https:\/\/apuntesdesanluis.com\/#\/schema\/person\/image\/"},"sameAs":["https:\/\/apuntesdesanluis.com"],"url":"https:\/\/apuntesdesanluis.com\/index.php\/author\/apuntesdesanluis-com\/"}]}},"featured_image_urls":{"full":["https:\/\/apuntesdesanluis.com\/wp-content\/uploads\/2023\/09\/La-chacra.jpg",629,401,false],"thumbnail":["https:\/\/apuntesdesanluis.com\/wp-content\/uploads\/2023\/09\/La-chacra-150x150.jpg",150,150,true],"medium":["https:\/\/apuntesdesanluis.com\/wp-content\/uploads\/2023\/09\/La-chacra-300x191.jpg",300,191,true],"medium_large":["https:\/\/apuntesdesanluis.com\/wp-content\/uploads\/2023\/09\/La-chacra.jpg",629,401,false],"large":["https:\/\/apuntesdesanluis.com\/wp-content\/uploads\/2023\/09\/La-chacra.jpg",629,401,false],"1536x1536":["https:\/\/apuntesdesanluis.com\/wp-content\/uploads\/2023\/09\/La-chacra.jpg",629,401,false],"2048x2048":["https:\/\/apuntesdesanluis.com\/wp-content\/uploads\/2023\/09\/La-chacra.jpg",629,401,false],"newsever-slider-full":["https:\/\/apuntesdesanluis.com\/wp-content\/uploads\/2023\/09\/La-chacra.jpg",629,401,false],"newsever-featured":["https:\/\/apuntesdesanluis.com\/wp-content\/uploads\/2023\/09\/La-chacra.jpg",629,401,false],"newsever-medium":["https:\/\/apuntesdesanluis.com\/wp-content\/uploads\/2023\/09\/La-chacra.jpg",629,401,false]},"author_info":{"display_name":"apuntesdesanluis.com","author_link":"https:\/\/apuntesdesanluis.com\/index.php\/author\/apuntesdesanluis-com\/"},"category_info":"<a href=\"https:\/\/apuntesdesanluis.com\/index.php\/category\/ciudad-provincia\/\" rel=\"category tag\">Ciudad\/Provincia<\/a>","tag_info":"Ciudad\/Provincia","comment_count":"0","_links":{"self":[{"href":"https:\/\/apuntesdesanluis.com\/index.php\/wp-json\/wp\/v2\/posts\/3398","targetHints":{"allow":["GET"]}}],"collection":[{"href":"https:\/\/apuntesdesanluis.com\/index.php\/wp-json\/wp\/v2\/posts"}],"about":[{"href":"https:\/\/apuntesdesanluis.com\/index.php\/wp-json\/wp\/v2\/types\/post"}],"author":[{"embeddable":true,"href":"https:\/\/apuntesdesanluis.com\/index.php\/wp-json\/wp\/v2\/users\/1"}],"replies":[{"embeddable":true,"href":"https:\/\/apuntesdesanluis.com\/index.php\/wp-json\/wp\/v2\/comments?post=3398"}],"version-history":[{"count":9,"href":"https:\/\/apuntesdesanluis.com\/index.php\/wp-json\/wp\/v2\/posts\/3398\/revisions"}],"predecessor-version":[{"id":3509,"href":"https:\/\/apuntesdesanluis.com\/index.php\/wp-json\/wp\/v2\/posts\/3398\/revisions\/3509"}],"wp:featuredmedia":[{"embeddable":true,"href":"https:\/\/apuntesdesanluis.com\/index.php\/wp-json\/wp\/v2\/media\/3399"}],"wp:attachment":[{"href":"https:\/\/apuntesdesanluis.com\/index.php\/wp-json\/wp\/v2\/media?parent=3398"}],"wp:term":[{"taxonomy":"category","embeddable":true,"href":"https:\/\/apuntesdesanluis.com\/index.php\/wp-json\/wp\/v2\/categories?post=3398"},{"taxonomy":"post_tag","embeddable":true,"href":"https:\/\/apuntesdesanluis.com\/index.php\/wp-json\/wp\/v2\/tags?post=3398"}],"curies":[{"name":"wp","href":"https:\/\/api.w.org\/{rel}","templated":true}]}}