{"id":3407,"date":"2023-09-16T19:44:25","date_gmt":"2023-09-16T22:44:25","guid":{"rendered":"https:\/\/apuntesdesanluis.com\/?p=3407"},"modified":"2023-09-16T19:55:58","modified_gmt":"2023-09-16T22:55:58","slug":"sosa-y-rivarola-se-reuniran-el-martes-para-diagramar-el-traspaso-en-la-unvime","status":"publish","type":"post","link":"https:\/\/apuntesdesanluis.com\/index.php\/2023\/09\/16\/sosa-y-rivarola-se-reuniran-el-martes-para-diagramar-el-traspaso-en-la-unvime\/","title":{"rendered":"SOSA Y RIVAROLA SE REUNIR\u00c1N EL MARTES PARA DIAGRAMAR EL TRASPASO EN LA UNVIME"},"content":{"rendered":"<h3 class=\"yiv7409174924ydp6329976emsonormal\" style=\"text-align: justify; background: white;\"><span style=\"font-family: 'Arial','sans-serif'; color: #1d2228;\">El rector (electo) de la Universidad Nacional de Villa Mercedes, <strong>Dr. Marcelo Sosa<\/strong>, confirm\u00f3 que el pr\u00f3ximo martes 19 al mediod\u00eda concurrir\u00e1 a Rectorado para mantener una primera reuni\u00f3n oficial con <strong>David Rivarola<\/strong>, con el objetivo de comenzar la transici\u00f3n y el traspaso de poder.<\/span><\/h3>\n<h3 class=\"yiv7409174924ydp6329976emsonormal\" style=\"text-align: justify; background: white;\"><span style=\"font-family: 'Arial','sans-serif'; color: #1d2228;\">Sosa asisti\u00f3 el viernes \u00faltimo a la segunda jornada de la <strong>Expo Al Futuro<\/strong>, oportunidad en que fue entrevistado en Radio UNViMe 93.7 MHz.<\/span><\/h3>\n<h3 class=\"yiv7409174924ydp6329976emsonormal\" style=\"text-align: justify; background: white;\"><span style=\"font-family: 'Arial','sans-serif'; color: #1d2228;\">Como se recordar\u00e1, tras las elecciones de renovaci\u00f3n de autoridades el pasado 16 de agosto, donde se impuso en la f\u00f3rmula que integra con el Lic. Santiago Farenga, el rector David Rivarola reconoci\u00f3 el triunfo y afirm\u00f3 que lo convocar\u00eda para iniciar una \u201ctransici\u00f3n ordenada\u201d. Transcurridos 15 d\u00edas, el pasado 1 de setiembre Marcelo Sosa solicit\u00f3 formalmente una audiencia.<\/span><\/h3>\n<h3 class=\"yiv7409174924ydp6329976emsonormal\" style=\"text-align: justify; background: white;\"><span style=\"font-family: 'Arial','sans-serif'; color: #1d2228;\">D\u00edas atr\u00e1s, algunas versiones period\u00edsticas se\u00f1alaron cierto malestar del ex ministro de Educaci\u00f3n y dejaron trascender que si no era recibido, estaba dispuesto a asumir en un acto p\u00fablico en Plaza Pedernera. Pero la sangre no lleg\u00f3 al r\u00edo: el pr\u00f3ximo martes, se producir\u00e1 el esperado encuentro.<\/span><\/h3>\n<h3 class=\"yiv7409174924ydp6329976emsonormal\" style=\"text-align: justify; background: white;\"><span style=\"font-family: 'Arial','sans-serif'; color: #1d2228;\">El viernes ambos funcionarios coincidieron durante la Expo Al Futuro y posaron sonrientes para los fot\u00f3grafos, en una muestra de sana convivencia, mientras recorr\u00edan los diferentes stands.<\/span><\/h3>\n<p>&nbsp;<\/p>\n<p><img fetchpriority=\"high\" decoding=\"async\" class=\"wp-image-3408 aligncenter\" src=\"https:\/\/apuntesdesanluis.com\/wp-content\/uploads\/2023\/09\/ambos-300x224.png\" alt=\"\" width=\"760\" height=\"567\" srcset=\"https:\/\/apuntesdesanluis.com\/wp-content\/uploads\/2023\/09\/ambos-300x224.png 300w, https:\/\/apuntesdesanluis.com\/wp-content\/uploads\/2023\/09\/ambos.png 600w\" sizes=\"(max-width: 760px) 100vw, 760px\" \/><\/p>\n<h3 class=\"yiv7409174924ydp6329976emsonormal\" style=\"text-align: justify; background: white;\"><span style=\"font-family: 'Arial','sans-serif'; color: #1d2228;\">En el pedido de audiencia, el nuevo rector ha solicitado tratar varios temas, entre los cuales se encuentra la situaci\u00f3n econ\u00f3mico-financiera en que se encuentra la instituci\u00f3n, y no dar continuidad al tr\u00e1mite de contrataci\u00f3n de un nuevo agente financiero de la UNViMe, adem\u00e1s de las caracter\u00edsticas de la ceremonia de asunci\u00f3n de las nuevas autoridades.<\/span><\/h3>\n<h3 class=\"yiv7409174924ydp6329976emsonormal\" style=\"text-align: justify; background: white;\"><span style=\"font-family: 'Arial','sans-serif'; color: #1d2228;\">Por su parte, el rector Rivarola ha expuesto su preocupaci\u00f3n por transmitir a su par varios programas en curso que deben aprobarse o renovarse, y que implican el desembolso de recursos para su financiamiento, pero que requieren la designaci\u00f3n de los docentes que se har\u00e1n responsables de su ejecuci\u00f3n.<\/span><\/h3>\n<h3 class=\"yiv7409174924ydp6329976emsonormal\" style=\"text-align: justify; background: white;\"><span style=\"font-family: 'Arial','sans-serif'; color: #1d2228;\">Lo cierto es que el pr\u00f3ximo martes 19 a las 12:00 h, m\u00e1s de un mes despu\u00e9s de los comicios, los rectores entrante y saliente se ver\u00e1n las caras formalmente para diagramar la transici\u00f3n hasta el 30 de octubre, d\u00eda establecido para el acto de puesta en funciones de las nuevas autoridades.<\/span><\/h3>\n<p>&nbsp;<\/p>\n<p>&nbsp;<\/p>\n<p>&nbsp;<\/p>\n","protected":false},"excerpt":{"rendered":"<p>El rector (electo) de la Universidad Nacional de Villa Mercedes, Dr. Marcelo Sosa, confirm\u00f3 que&#8230;<\/p>\n","protected":false},"author":1,"featured_media":3409,"comment_status":"closed","ping_status":"closed","sticky":false,"template":"","format":"standard","meta":{"footnotes":""},"categories":[6],"tags":[],"class_list":["post-3407","post","type-post","status-publish","format-standard","has-post-thumbnail","hentry","category-ciudad-provincia"],"yoast_head":"<!-- This site is optimized with the Yoast SEO plugin v26.1.1 - https:\/\/yoast.com\/wordpress\/plugins\/seo\/ -->\n<title>SOSA Y RIVAROLA SE REUNIR\u00c1N EL MARTES PARA DIAGRAMAR EL TRASPASO EN LA UNVIME - Apuntes de San Luis<\/title>\n<meta name=\"robots\" content=\"index, follow, max-snippet:-1, max-image-preview:large, max-video-preview:-1\" \/>\n<link rel=\"canonical\" href=\"https:\/\/apuntesdesanluis.com\/index.php\/2023\/09\/16\/sosa-y-rivarola-se-reuniran-el-martes-para-diagramar-el-traspaso-en-la-unvime\/\" \/>\n<meta property=\"og:locale\" content=\"es_ES\" \/>\n<meta property=\"og:type\" content=\"article\" \/>\n<meta property=\"og:title\" content=\"SOSA Y RIVAROLA SE REUNIR\u00c1N EL MARTES PARA DIAGRAMAR EL TRASPASO EN LA UNVIME - Apuntes de San Luis\" \/>\n<meta property=\"og:description\" content=\"El rector (electo) de la Universidad Nacional de Villa Mercedes, Dr. Marcelo Sosa, confirm\u00f3 que...\" \/>\n<meta property=\"og:url\" content=\"https:\/\/apuntesdesanluis.com\/index.php\/2023\/09\/16\/sosa-y-rivarola-se-reuniran-el-martes-para-diagramar-el-traspaso-en-la-unvime\/\" \/>\n<meta property=\"og:site_name\" content=\"Apuntes de San Luis\" \/>\n<meta property=\"article:published_time\" content=\"2023-09-16T22:44:25+00:00\" \/>\n<meta property=\"article:modified_time\" content=\"2023-09-16T22:55:58+00:00\" \/>\n<meta property=\"og:image\" content=\"https:\/\/apuntesdesanluis.com\/wp-content\/uploads\/2023\/09\/sosa.png\" \/>\n\t<meta property=\"og:image:width\" content=\"873\" \/>\n\t<meta property=\"og:image:height\" content=\"534\" \/>\n\t<meta property=\"og:image:type\" content=\"image\/png\" \/>\n<meta name=\"author\" content=\"apuntesdesanluis.com\" \/>\n<meta name=\"twitter:card\" content=\"summary_large_image\" \/>\n<meta name=\"twitter:label1\" content=\"Escrito por\" \/>\n\t<meta name=\"twitter:data1\" content=\"apuntesdesanluis.com\" \/>\n\t<meta name=\"twitter:label2\" content=\"Tiempo de lectura\" \/>\n\t<meta name=\"twitter:data2\" content=\"2 minutos\" \/>\n<script type=\"application\/ld+json\" class=\"yoast-schema-graph\">{\"@context\":\"https:\/\/schema.org\",\"@graph\":[{\"@type\":\"Article\",\"@id\":\"https:\/\/apuntesdesanluis.com\/index.php\/2023\/09\/16\/sosa-y-rivarola-se-reuniran-el-martes-para-diagramar-el-traspaso-en-la-unvime\/#article\",\"isPartOf\":{\"@id\":\"https:\/\/apuntesdesanluis.com\/index.php\/2023\/09\/16\/sosa-y-rivarola-se-reuniran-el-martes-para-diagramar-el-traspaso-en-la-unvime\/\"},\"author\":{\"name\":\"apuntesdesanluis.com\",\"@id\":\"https:\/\/apuntesdesanluis.com\/#\/schema\/person\/b55151d52296fcce64d1a72538a70b90\"},\"headline\":\"SOSA Y RIVAROLA SE REUNIR\u00c1N EL MARTES PARA DIAGRAMAR EL TRASPASO EN LA UNVIME\",\"datePublished\":\"2023-09-16T22:44:25+00:00\",\"dateModified\":\"2023-09-16T22:55:58+00:00\",\"mainEntityOfPage\":{\"@id\":\"https:\/\/apuntesdesanluis.com\/index.php\/2023\/09\/16\/sosa-y-rivarola-se-reuniran-el-martes-para-diagramar-el-traspaso-en-la-unvime\/\"},\"wordCount\":407,\"publisher\":{\"@id\":\"https:\/\/apuntesdesanluis.com\/#\/schema\/person\/b55151d52296fcce64d1a72538a70b90\"},\"image\":{\"@id\":\"https:\/\/apuntesdesanluis.com\/index.php\/2023\/09\/16\/sosa-y-rivarola-se-reuniran-el-martes-para-diagramar-el-traspaso-en-la-unvime\/#primaryimage\"},\"thumbnailUrl\":\"https:\/\/apuntesdesanluis.com\/wp-content\/uploads\/2023\/09\/sosa.png\",\"articleSection\":[\"Ciudad\/Provincia\"],\"inLanguage\":\"es-AR\"},{\"@type\":\"WebPage\",\"@id\":\"https:\/\/apuntesdesanluis.com\/index.php\/2023\/09\/16\/sosa-y-rivarola-se-reuniran-el-martes-para-diagramar-el-traspaso-en-la-unvime\/\",\"url\":\"https:\/\/apuntesdesanluis.com\/index.php\/2023\/09\/16\/sosa-y-rivarola-se-reuniran-el-martes-para-diagramar-el-traspaso-en-la-unvime\/\",\"name\":\"SOSA Y RIVAROLA SE REUNIR\u00c1N EL MARTES PARA DIAGRAMAR EL TRASPASO EN LA UNVIME - Apuntes de San Luis\",\"isPartOf\":{\"@id\":\"https:\/\/apuntesdesanluis.com\/#website\"},\"primaryImageOfPage\":{\"@id\":\"https:\/\/apuntesdesanluis.com\/index.php\/2023\/09\/16\/sosa-y-rivarola-se-reuniran-el-martes-para-diagramar-el-traspaso-en-la-unvime\/#primaryimage\"},\"image\":{\"@id\":\"https:\/\/apuntesdesanluis.com\/index.php\/2023\/09\/16\/sosa-y-rivarola-se-reuniran-el-martes-para-diagramar-el-traspaso-en-la-unvime\/#primaryimage\"},\"thumbnailUrl\":\"https:\/\/apuntesdesanluis.com\/wp-content\/uploads\/2023\/09\/sosa.png\",\"datePublished\":\"2023-09-16T22:44:25+00:00\",\"dateModified\":\"2023-09-16T22:55:58+00:00\",\"breadcrumb\":{\"@id\":\"https:\/\/apuntesdesanluis.com\/index.php\/2023\/09\/16\/sosa-y-rivarola-se-reuniran-el-martes-para-diagramar-el-traspaso-en-la-unvime\/#breadcrumb\"},\"inLanguage\":\"es-AR\",\"potentialAction\":[{\"@type\":\"ReadAction\",\"target\":[\"https:\/\/apuntesdesanluis.com\/index.php\/2023\/09\/16\/sosa-y-rivarola-se-reuniran-el-martes-para-diagramar-el-traspaso-en-la-unvime\/\"]}]},{\"@type\":\"ImageObject\",\"inLanguage\":\"es-AR\",\"@id\":\"https:\/\/apuntesdesanluis.com\/index.php\/2023\/09\/16\/sosa-y-rivarola-se-reuniran-el-martes-para-diagramar-el-traspaso-en-la-unvime\/#primaryimage\",\"url\":\"https:\/\/apuntesdesanluis.com\/wp-content\/uploads\/2023\/09\/sosa.png\",\"contentUrl\":\"https:\/\/apuntesdesanluis.com\/wp-content\/uploads\/2023\/09\/sosa.png\",\"width\":873,\"height\":534},{\"@type\":\"BreadcrumbList\",\"@id\":\"https:\/\/apuntesdesanluis.com\/index.php\/2023\/09\/16\/sosa-y-rivarola-se-reuniran-el-martes-para-diagramar-el-traspaso-en-la-unvime\/#breadcrumb\",\"itemListElement\":[{\"@type\":\"ListItem\",\"position\":1,\"name\":\"Inicio\",\"item\":\"https:\/\/apuntesdesanluis.com\/\"},{\"@type\":\"ListItem\",\"position\":2,\"name\":\"SOSA Y RIVAROLA SE REUNIR\u00c1N EL MARTES PARA DIAGRAMAR EL TRASPASO EN LA UNVIME\"}]},{\"@type\":\"WebSite\",\"@id\":\"https:\/\/apuntesdesanluis.com\/#website\",\"url\":\"https:\/\/apuntesdesanluis.com\/\",\"name\":\"Apuntes de San Luis\",\"description\":\"\",\"publisher\":{\"@id\":\"https:\/\/apuntesdesanluis.com\/#\/schema\/person\/b55151d52296fcce64d1a72538a70b90\"},\"potentialAction\":[{\"@type\":\"SearchAction\",\"target\":{\"@type\":\"EntryPoint\",\"urlTemplate\":\"https:\/\/apuntesdesanluis.com\/?s={search_term_string}\"},\"query-input\":{\"@type\":\"PropertyValueSpecification\",\"valueRequired\":true,\"valueName\":\"search_term_string\"}}],\"inLanguage\":\"es-AR\"},{\"@type\":[\"Person\",\"Organization\"],\"@id\":\"https:\/\/apuntesdesanluis.com\/#\/schema\/person\/b55151d52296fcce64d1a72538a70b90\",\"name\":\"apuntesdesanluis.com\",\"image\":{\"@type\":\"ImageObject\",\"inLanguage\":\"es-AR\",\"@id\":\"https:\/\/apuntesdesanluis.com\/#\/schema\/person\/image\/\",\"url\":\"https:\/\/apuntesdesanluis.com\/wp-content\/uploads\/2023\/07\/cropped-apuntesdesanluis.png\",\"contentUrl\":\"https:\/\/apuntesdesanluis.com\/wp-content\/uploads\/2023\/07\/cropped-apuntesdesanluis.png\",\"width\":450,\"height\":112,\"caption\":\"apuntesdesanluis.com\"},\"logo\":{\"@id\":\"https:\/\/apuntesdesanluis.com\/#\/schema\/person\/image\/\"},\"sameAs\":[\"https:\/\/apuntesdesanluis.com\"],\"url\":\"https:\/\/apuntesdesanluis.com\/index.php\/author\/apuntesdesanluis-com\/\"}]}<\/script>\n<!-- \/ Yoast SEO plugin. -->","yoast_head_json":{"title":"SOSA Y RIVAROLA SE REUNIR\u00c1N EL MARTES PARA DIAGRAMAR EL TRASPASO EN LA UNVIME - Apuntes de San Luis","robots":{"index":"index","follow":"follow","max-snippet":"max-snippet:-1","max-image-preview":"max-image-preview:large","max-video-preview":"max-video-preview:-1"},"canonical":"https:\/\/apuntesdesanluis.com\/index.php\/2023\/09\/16\/sosa-y-rivarola-se-reuniran-el-martes-para-diagramar-el-traspaso-en-la-unvime\/","og_locale":"es_ES","og_type":"article","og_title":"SOSA Y RIVAROLA SE REUNIR\u00c1N EL MARTES PARA DIAGRAMAR EL TRASPASO EN LA UNVIME - Apuntes de San Luis","og_description":"El rector (electo) de la Universidad Nacional de Villa Mercedes, Dr. Marcelo Sosa, confirm\u00f3 que...","og_url":"https:\/\/apuntesdesanluis.com\/index.php\/2023\/09\/16\/sosa-y-rivarola-se-reuniran-el-martes-para-diagramar-el-traspaso-en-la-unvime\/","og_site_name":"Apuntes de San Luis","article_published_time":"2023-09-16T22:44:25+00:00","article_modified_time":"2023-09-16T22:55:58+00:00","og_image":[{"width":873,"height":534,"url":"https:\/\/apuntesdesanluis.com\/wp-content\/uploads\/2023\/09\/sosa.png","type":"image\/png"}],"author":"apuntesdesanluis.com","twitter_card":"summary_large_image","twitter_misc":{"Escrito por":"apuntesdesanluis.com","Tiempo de lectura":"2 minutos"},"schema":{"@context":"https:\/\/schema.org","@graph":[{"@type":"Article","@id":"https:\/\/apuntesdesanluis.com\/index.php\/2023\/09\/16\/sosa-y-rivarola-se-reuniran-el-martes-para-diagramar-el-traspaso-en-la-unvime\/#article","isPartOf":{"@id":"https:\/\/apuntesdesanluis.com\/index.php\/2023\/09\/16\/sosa-y-rivarola-se-reuniran-el-martes-para-diagramar-el-traspaso-en-la-unvime\/"},"author":{"name":"apuntesdesanluis.com","@id":"https:\/\/apuntesdesanluis.com\/#\/schema\/person\/b55151d52296fcce64d1a72538a70b90"},"headline":"SOSA Y RIVAROLA SE REUNIR\u00c1N EL MARTES PARA DIAGRAMAR EL TRASPASO EN LA UNVIME","datePublished":"2023-09-16T22:44:25+00:00","dateModified":"2023-09-16T22:55:58+00:00","mainEntityOfPage":{"@id":"https:\/\/apuntesdesanluis.com\/index.php\/2023\/09\/16\/sosa-y-rivarola-se-reuniran-el-martes-para-diagramar-el-traspaso-en-la-unvime\/"},"wordCount":407,"publisher":{"@id":"https:\/\/apuntesdesanluis.com\/#\/schema\/person\/b55151d52296fcce64d1a72538a70b90"},"image":{"@id":"https:\/\/apuntesdesanluis.com\/index.php\/2023\/09\/16\/sosa-y-rivarola-se-reuniran-el-martes-para-diagramar-el-traspaso-en-la-unvime\/#primaryimage"},"thumbnailUrl":"https:\/\/apuntesdesanluis.com\/wp-content\/uploads\/2023\/09\/sosa.png","articleSection":["Ciudad\/Provincia"],"inLanguage":"es-AR"},{"@type":"WebPage","@id":"https:\/\/apuntesdesanluis.com\/index.php\/2023\/09\/16\/sosa-y-rivarola-se-reuniran-el-martes-para-diagramar-el-traspaso-en-la-unvime\/","url":"https:\/\/apuntesdesanluis.com\/index.php\/2023\/09\/16\/sosa-y-rivarola-se-reuniran-el-martes-para-diagramar-el-traspaso-en-la-unvime\/","name":"SOSA Y RIVAROLA SE REUNIR\u00c1N EL MARTES PARA DIAGRAMAR EL TRASPASO EN LA UNVIME - Apuntes de San Luis","isPartOf":{"@id":"https:\/\/apuntesdesanluis.com\/#website"},"primaryImageOfPage":{"@id":"https:\/\/apuntesdesanluis.com\/index.php\/2023\/09\/16\/sosa-y-rivarola-se-reuniran-el-martes-para-diagramar-el-traspaso-en-la-unvime\/#primaryimage"},"image":{"@id":"https:\/\/apuntesdesanluis.com\/index.php\/2023\/09\/16\/sosa-y-rivarola-se-reuniran-el-martes-para-diagramar-el-traspaso-en-la-unvime\/#primaryimage"},"thumbnailUrl":"https:\/\/apuntesdesanluis.com\/wp-content\/uploads\/2023\/09\/sosa.png","datePublished":"2023-09-16T22:44:25+00:00","dateModified":"2023-09-16T22:55:58+00:00","breadcrumb":{"@id":"https:\/\/apuntesdesanluis.com\/index.php\/2023\/09\/16\/sosa-y-rivarola-se-reuniran-el-martes-para-diagramar-el-traspaso-en-la-unvime\/#breadcrumb"},"inLanguage":"es-AR","potentialAction":[{"@type":"ReadAction","target":["https:\/\/apuntesdesanluis.com\/index.php\/2023\/09\/16\/sosa-y-rivarola-se-reuniran-el-martes-para-diagramar-el-traspaso-en-la-unvime\/"]}]},{"@type":"ImageObject","inLanguage":"es-AR","@id":"https:\/\/apuntesdesanluis.com\/index.php\/2023\/09\/16\/sosa-y-rivarola-se-reuniran-el-martes-para-diagramar-el-traspaso-en-la-unvime\/#primaryimage","url":"https:\/\/apuntesdesanluis.com\/wp-content\/uploads\/2023\/09\/sosa.png","contentUrl":"https:\/\/apuntesdesanluis.com\/wp-content\/uploads\/2023\/09\/sosa.png","width":873,"height":534},{"@type":"BreadcrumbList","@id":"https:\/\/apuntesdesanluis.com\/index.php\/2023\/09\/16\/sosa-y-rivarola-se-reuniran-el-martes-para-diagramar-el-traspaso-en-la-unvime\/#breadcrumb","itemListElement":[{"@type":"ListItem","position":1,"name":"Inicio","item":"https:\/\/apuntesdesanluis.com\/"},{"@type":"ListItem","position":2,"name":"SOSA Y RIVAROLA SE REUNIR\u00c1N EL MARTES PARA DIAGRAMAR EL TRASPASO EN LA UNVIME"}]},{"@type":"WebSite","@id":"https:\/\/apuntesdesanluis.com\/#website","url":"https:\/\/apuntesdesanluis.com\/","name":"Apuntes de San Luis","description":"","publisher":{"@id":"https:\/\/apuntesdesanluis.com\/#\/schema\/person\/b55151d52296fcce64d1a72538a70b90"},"potentialAction":[{"@type":"SearchAction","target":{"@type":"EntryPoint","urlTemplate":"https:\/\/apuntesdesanluis.com\/?s={search_term_string}"},"query-input":{"@type":"PropertyValueSpecification","valueRequired":true,"valueName":"search_term_string"}}],"inLanguage":"es-AR"},{"@type":["Person","Organization"],"@id":"https:\/\/apuntesdesanluis.com\/#\/schema\/person\/b55151d52296fcce64d1a72538a70b90","name":"apuntesdesanluis.com","image":{"@type":"ImageObject","inLanguage":"es-AR","@id":"https:\/\/apuntesdesanluis.com\/#\/schema\/person\/image\/","url":"https:\/\/apuntesdesanluis.com\/wp-content\/uploads\/2023\/07\/cropped-apuntesdesanluis.png","contentUrl":"https:\/\/apuntesdesanluis.com\/wp-content\/uploads\/2023\/07\/cropped-apuntesdesanluis.png","width":450,"height":112,"caption":"apuntesdesanluis.com"},"logo":{"@id":"https:\/\/apuntesdesanluis.com\/#\/schema\/person\/image\/"},"sameAs":["https:\/\/apuntesdesanluis.com"],"url":"https:\/\/apuntesdesanluis.com\/index.php\/author\/apuntesdesanluis-com\/"}]}},"featured_image_urls":{"full":["https:\/\/apuntesdesanluis.com\/wp-content\/uploads\/2023\/09\/sosa.png",873,534,false],"thumbnail":["https:\/\/apuntesdesanluis.com\/wp-content\/uploads\/2023\/09\/sosa-150x150.png",150,150,true],"medium":["https:\/\/apuntesdesanluis.com\/wp-content\/uploads\/2023\/09\/sosa-300x184.png",300,184,true],"medium_large":["https:\/\/apuntesdesanluis.com\/wp-content\/uploads\/2023\/09\/sosa-768x470.png",640,392,true],"large":["https:\/\/apuntesdesanluis.com\/wp-content\/uploads\/2023\/09\/sosa.png",640,391,false],"1536x1536":["https:\/\/apuntesdesanluis.com\/wp-content\/uploads\/2023\/09\/sosa.png",873,534,false],"2048x2048":["https:\/\/apuntesdesanluis.com\/wp-content\/uploads\/2023\/09\/sosa.png",873,534,false],"newsever-slider-full":["https:\/\/apuntesdesanluis.com\/wp-content\/uploads\/2023\/09\/sosa.png",873,534,false],"newsever-featured":["https:\/\/apuntesdesanluis.com\/wp-content\/uploads\/2023\/09\/sosa.png",873,534,false],"newsever-medium":["https:\/\/apuntesdesanluis.com\/wp-content\/uploads\/2023\/09\/sosa-720x475.png",720,475,true]},"author_info":{"display_name":"apuntesdesanluis.com","author_link":"https:\/\/apuntesdesanluis.com\/index.php\/author\/apuntesdesanluis-com\/"},"category_info":"<a href=\"https:\/\/apuntesdesanluis.com\/index.php\/category\/ciudad-provincia\/\" rel=\"category tag\">Ciudad\/Provincia<\/a>","tag_info":"Ciudad\/Provincia","comment_count":"0","_links":{"self":[{"href":"https:\/\/apuntesdesanluis.com\/index.php\/wp-json\/wp\/v2\/posts\/3407","targetHints":{"allow":["GET"]}}],"collection":[{"href":"https:\/\/apuntesdesanluis.com\/index.php\/wp-json\/wp\/v2\/posts"}],"about":[{"href":"https:\/\/apuntesdesanluis.com\/index.php\/wp-json\/wp\/v2\/types\/post"}],"author":[{"embeddable":true,"href":"https:\/\/apuntesdesanluis.com\/index.php\/wp-json\/wp\/v2\/users\/1"}],"replies":[{"embeddable":true,"href":"https:\/\/apuntesdesanluis.com\/index.php\/wp-json\/wp\/v2\/comments?post=3407"}],"version-history":[{"count":8,"href":"https:\/\/apuntesdesanluis.com\/index.php\/wp-json\/wp\/v2\/posts\/3407\/revisions"}],"predecessor-version":[{"id":3418,"href":"https:\/\/apuntesdesanluis.com\/index.php\/wp-json\/wp\/v2\/posts\/3407\/revisions\/3418"}],"wp:featuredmedia":[{"embeddable":true,"href":"https:\/\/apuntesdesanluis.com\/index.php\/wp-json\/wp\/v2\/media\/3409"}],"wp:attachment":[{"href":"https:\/\/apuntesdesanluis.com\/index.php\/wp-json\/wp\/v2\/media?parent=3407"}],"wp:term":[{"taxonomy":"category","embeddable":true,"href":"https:\/\/apuntesdesanluis.com\/index.php\/wp-json\/wp\/v2\/categories?post=3407"},{"taxonomy":"post_tag","embeddable":true,"href":"https:\/\/apuntesdesanluis.com\/index.php\/wp-json\/wp\/v2\/tags?post=3407"}],"curies":[{"name":"wp","href":"https:\/\/api.w.org\/{rel}","templated":true}]}}