{"id":3419,"date":"2023-09-16T20:40:09","date_gmt":"2023-09-16T23:40:09","guid":{"rendered":"https:\/\/apuntesdesanluis.com\/?p=3419"},"modified":"2023-09-16T20:47:53","modified_gmt":"2023-09-16T23:47:53","slug":"miles-de-puntanos-de-toda-la-provincia-se-movilizaron-para-apoyar-a-javier-milei","status":"publish","type":"post","link":"https:\/\/apuntesdesanluis.com\/index.php\/2023\/09\/16\/miles-de-puntanos-de-toda-la-provincia-se-movilizaron-para-apoyar-a-javier-milei\/","title":{"rendered":"MILES DE PUNTANOS DE TODA LA PROVINCIA SE MOVILIZARON PARA APOYAR A JAVIER MILEI"},"content":{"rendered":"<h3 class=\"yiv7409174924ydp6329976emsonormal\" style=\"text-align: justify; background: white;\"><span style=\"font-family: 'Arial','sans-serif'; color: #1d2228;\">Este s\u00e1bado los libertarios de San Luis confirmaron que la figura de <strong>Javier Milei<\/strong> provoca una adhesi\u00f3n espont\u00e1nea que hubiera sido inimaginable el a\u00f1o pasado, cuando anunci\u00f3 su intenci\u00f3n de candidatearse a presidente de la naci\u00f3n.<\/span><\/h3>\n<h3 class=\"yiv7409174924ydp6329976emsonormal\" style=\"text-align: justify; background: white;\"><span style=\"font-family: 'Arial','sans-serif'; color: #1d2228;\">A diferencia de movilizaciones preparadas, con colectivos rentados y participaci\u00f3n de grupos organizados como son los sindicatos, este jueves La Libertad Avanza concret\u00f3 una desordenada, espont\u00e1nea e impactante caravana en la ciudad capital, en la que particip\u00f3 una verdadera multitud (especialmente j\u00f3venes) llegada desde diferentes lugares de la provincia, que deseaba expresar su apoyo a Javier Milei, quien a bordo de una camioneta recorri\u00f3 las calles del microcentro puntano y no par\u00f3 de gritar y firmar banderines que le acercaban sus adherentes.<\/span><\/h3>\n<div style=\"width: 480px;\" class=\"wp-video\"><!--[if lt IE 9]><script>document.createElement('video');<\/script><![endif]-->\n<video class=\"wp-video-shortcode\" id=\"video-3419-1\" width=\"480\" height=\"864\" preload=\"metadata\" controls=\"controls\"><source type=\"video\/mp4\" src=\"https:\/\/apuntesdesanluis.com\/wp-content\/uploads\/2023\/09\/milei-trompetas.mp4?_=1\" \/><a href=\"https:\/\/apuntesdesanluis.com\/wp-content\/uploads\/2023\/09\/milei-trompetas.mp4\">https:\/\/apuntesdesanluis.com\/wp-content\/uploads\/2023\/09\/milei-trompetas.mp4<\/a><\/video><\/div>\n<h3 class=\"yiv7409174924ydp6329976emsonormal\" style=\"text-align: justify; background: white;\"><span style=\"font-family: 'Arial','sans-serif'; color: #1d2228;\">\u201cEl fen\u00f3meno Milei\u201d, como algunos lo sintetizan, protagoniz\u00f3 desde las 18:00 una bulliciosa manifestaci\u00f3n en la que estuvo acompa\u00f1ado por el candidato a senador nacional <strong>Bartolo Abdala<\/strong> y otros postulantes para las elecciones del 22 de octubre, en el comienzo del tour de la libertad que llevar\u00e1 adelante por las provincias que a\u00fan no ha visitado.<\/span><\/h3>\n<h3 class=\"yiv7409174924ydp6329976emsonormal\" style=\"text-align: justify; background: white;\"><span style=\"font-family: 'Arial','sans-serif'; color: #1d2228;\">A pesar de esto, en San Luis fue donde obtuvo una de sus mejores performances electorales, con casi el 50% de adhesi\u00f3n electoral, por lo que de repetirse el resultado se quedar\u00e1 con 5 de las 6 candidaturas en juego (2 senadur\u00edas nacionales, dos diputaciones nacionales y el candidato al ParlaSur).<\/span><\/h3>\n<div style=\"width: 640px;\" class=\"wp-video\"><video class=\"wp-video-shortcode\" id=\"video-3419-2\" width=\"640\" height=\"362\" preload=\"metadata\" controls=\"controls\"><source type=\"video\/mp4\" src=\"https:\/\/apuntesdesanluis.com\/wp-content\/uploads\/2023\/09\/milei-boxeo.mp4?_=2\" \/><a href=\"https:\/\/apuntesdesanluis.com\/wp-content\/uploads\/2023\/09\/milei-boxeo.mp4\">https:\/\/apuntesdesanluis.com\/wp-content\/uploads\/2023\/09\/milei-boxeo.mp4<\/a><\/video><\/div>\n<p class=\"yiv7409174924ydp6329976emsonormal\" style=\"text-align: justify; background: white;\"><span style=\"font-family: 'Arial','sans-serif'; color: #1d2228;\">\u00a0<\/span><\/p>\n","protected":false},"excerpt":{"rendered":"<p>Este s\u00e1bado los libertarios de San Luis confirmaron que la figura de Javier Milei provoca&#8230;<\/p>\n","protected":false},"author":1,"featured_media":3420,"comment_status":"closed","ping_status":"closed","sticky":false,"template":"","format":"standard","meta":{"footnotes":""},"categories":[6],"tags":[],"class_list":["post-3419","post","type-post","status-publish","format-standard","has-post-thumbnail","hentry","category-ciudad-provincia"],"yoast_head":"<!-- This site is optimized with the Yoast SEO plugin v26.1.1 - https:\/\/yoast.com\/wordpress\/plugins\/seo\/ -->\n<title>MILES DE PUNTANOS DE TODA LA PROVINCIA SE MOVILIZARON PARA APOYAR A JAVIER MILEI - Apuntes de San Luis<\/title>\n<meta name=\"robots\" content=\"index, follow, max-snippet:-1, max-image-preview:large, max-video-preview:-1\" \/>\n<link rel=\"canonical\" href=\"https:\/\/apuntesdesanluis.com\/index.php\/2023\/09\/16\/miles-de-puntanos-de-toda-la-provincia-se-movilizaron-para-apoyar-a-javier-milei\/\" \/>\n<meta property=\"og:locale\" content=\"es_ES\" \/>\n<meta property=\"og:type\" content=\"article\" \/>\n<meta property=\"og:title\" content=\"MILES DE PUNTANOS DE TODA LA PROVINCIA SE MOVILIZARON PARA APOYAR A JAVIER MILEI - Apuntes de San Luis\" \/>\n<meta property=\"og:description\" content=\"Este s\u00e1bado los libertarios de San Luis confirmaron que la figura de Javier Milei provoca...\" \/>\n<meta property=\"og:url\" content=\"https:\/\/apuntesdesanluis.com\/index.php\/2023\/09\/16\/miles-de-puntanos-de-toda-la-provincia-se-movilizaron-para-apoyar-a-javier-milei\/\" \/>\n<meta property=\"og:site_name\" content=\"Apuntes de San Luis\" \/>\n<meta property=\"article:published_time\" content=\"2023-09-16T23:40:09+00:00\" \/>\n<meta property=\"article:modified_time\" content=\"2023-09-16T23:47:53+00:00\" \/>\n<meta property=\"og:image\" content=\"https:\/\/apuntesdesanluis.com\/wp-content\/uploads\/2023\/09\/milei-tapa.png\" \/>\n\t<meta property=\"og:image:width\" content=\"899\" \/>\n\t<meta property=\"og:image:height\" content=\"612\" \/>\n\t<meta property=\"og:image:type\" content=\"image\/png\" \/>\n<meta name=\"author\" content=\"apuntesdesanluis.com\" \/>\n<meta name=\"twitter:card\" content=\"summary_large_image\" \/>\n<meta name=\"twitter:label1\" content=\"Escrito por\" \/>\n\t<meta name=\"twitter:data1\" content=\"apuntesdesanluis.com\" \/>\n\t<meta name=\"twitter:label2\" content=\"Tiempo de lectura\" \/>\n\t<meta name=\"twitter:data2\" content=\"2 minutos\" \/>\n<script type=\"application\/ld+json\" class=\"yoast-schema-graph\">{\"@context\":\"https:\/\/schema.org\",\"@graph\":[{\"@type\":\"Article\",\"@id\":\"https:\/\/apuntesdesanluis.com\/index.php\/2023\/09\/16\/miles-de-puntanos-de-toda-la-provincia-se-movilizaron-para-apoyar-a-javier-milei\/#article\",\"isPartOf\":{\"@id\":\"https:\/\/apuntesdesanluis.com\/index.php\/2023\/09\/16\/miles-de-puntanos-de-toda-la-provincia-se-movilizaron-para-apoyar-a-javier-milei\/\"},\"author\":{\"name\":\"apuntesdesanluis.com\",\"@id\":\"https:\/\/apuntesdesanluis.com\/#\/schema\/person\/b55151d52296fcce64d1a72538a70b90\"},\"headline\":\"MILES DE PUNTANOS DE TODA LA PROVINCIA SE MOVILIZARON PARA APOYAR A JAVIER MILEI\",\"datePublished\":\"2023-09-16T23:40:09+00:00\",\"dateModified\":\"2023-09-16T23:47:53+00:00\",\"mainEntityOfPage\":{\"@id\":\"https:\/\/apuntesdesanluis.com\/index.php\/2023\/09\/16\/miles-de-puntanos-de-toda-la-provincia-se-movilizaron-para-apoyar-a-javier-milei\/\"},\"wordCount\":272,\"publisher\":{\"@id\":\"https:\/\/apuntesdesanluis.com\/#\/schema\/person\/b55151d52296fcce64d1a72538a70b90\"},\"image\":{\"@id\":\"https:\/\/apuntesdesanluis.com\/index.php\/2023\/09\/16\/miles-de-puntanos-de-toda-la-provincia-se-movilizaron-para-apoyar-a-javier-milei\/#primaryimage\"},\"thumbnailUrl\":\"https:\/\/apuntesdesanluis.com\/wp-content\/uploads\/2023\/09\/milei-tapa.png\",\"articleSection\":[\"Ciudad\/Provincia\"],\"inLanguage\":\"es-AR\"},{\"@type\":\"WebPage\",\"@id\":\"https:\/\/apuntesdesanluis.com\/index.php\/2023\/09\/16\/miles-de-puntanos-de-toda-la-provincia-se-movilizaron-para-apoyar-a-javier-milei\/\",\"url\":\"https:\/\/apuntesdesanluis.com\/index.php\/2023\/09\/16\/miles-de-puntanos-de-toda-la-provincia-se-movilizaron-para-apoyar-a-javier-milei\/\",\"name\":\"MILES DE PUNTANOS DE TODA LA PROVINCIA SE MOVILIZARON PARA APOYAR A JAVIER MILEI - Apuntes de San Luis\",\"isPartOf\":{\"@id\":\"https:\/\/apuntesdesanluis.com\/#website\"},\"primaryImageOfPage\":{\"@id\":\"https:\/\/apuntesdesanluis.com\/index.php\/2023\/09\/16\/miles-de-puntanos-de-toda-la-provincia-se-movilizaron-para-apoyar-a-javier-milei\/#primaryimage\"},\"image\":{\"@id\":\"https:\/\/apuntesdesanluis.com\/index.php\/2023\/09\/16\/miles-de-puntanos-de-toda-la-provincia-se-movilizaron-para-apoyar-a-javier-milei\/#primaryimage\"},\"thumbnailUrl\":\"https:\/\/apuntesdesanluis.com\/wp-content\/uploads\/2023\/09\/milei-tapa.png\",\"datePublished\":\"2023-09-16T23:40:09+00:00\",\"dateModified\":\"2023-09-16T23:47:53+00:00\",\"breadcrumb\":{\"@id\":\"https:\/\/apuntesdesanluis.com\/index.php\/2023\/09\/16\/miles-de-puntanos-de-toda-la-provincia-se-movilizaron-para-apoyar-a-javier-milei\/#breadcrumb\"},\"inLanguage\":\"es-AR\",\"potentialAction\":[{\"@type\":\"ReadAction\",\"target\":[\"https:\/\/apuntesdesanluis.com\/index.php\/2023\/09\/16\/miles-de-puntanos-de-toda-la-provincia-se-movilizaron-para-apoyar-a-javier-milei\/\"]}]},{\"@type\":\"ImageObject\",\"inLanguage\":\"es-AR\",\"@id\":\"https:\/\/apuntesdesanluis.com\/index.php\/2023\/09\/16\/miles-de-puntanos-de-toda-la-provincia-se-movilizaron-para-apoyar-a-javier-milei\/#primaryimage\",\"url\":\"https:\/\/apuntesdesanluis.com\/wp-content\/uploads\/2023\/09\/milei-tapa.png\",\"contentUrl\":\"https:\/\/apuntesdesanluis.com\/wp-content\/uploads\/2023\/09\/milei-tapa.png\",\"width\":899,\"height\":612},{\"@type\":\"BreadcrumbList\",\"@id\":\"https:\/\/apuntesdesanluis.com\/index.php\/2023\/09\/16\/miles-de-puntanos-de-toda-la-provincia-se-movilizaron-para-apoyar-a-javier-milei\/#breadcrumb\",\"itemListElement\":[{\"@type\":\"ListItem\",\"position\":1,\"name\":\"Inicio\",\"item\":\"https:\/\/apuntesdesanluis.com\/\"},{\"@type\":\"ListItem\",\"position\":2,\"name\":\"MILES DE PUNTANOS DE TODA LA PROVINCIA SE MOVILIZARON PARA APOYAR A JAVIER MILEI\"}]},{\"@type\":\"WebSite\",\"@id\":\"https:\/\/apuntesdesanluis.com\/#website\",\"url\":\"https:\/\/apuntesdesanluis.com\/\",\"name\":\"Apuntes de San Luis\",\"description\":\"\",\"publisher\":{\"@id\":\"https:\/\/apuntesdesanluis.com\/#\/schema\/person\/b55151d52296fcce64d1a72538a70b90\"},\"potentialAction\":[{\"@type\":\"SearchAction\",\"target\":{\"@type\":\"EntryPoint\",\"urlTemplate\":\"https:\/\/apuntesdesanluis.com\/?s={search_term_string}\"},\"query-input\":{\"@type\":\"PropertyValueSpecification\",\"valueRequired\":true,\"valueName\":\"search_term_string\"}}],\"inLanguage\":\"es-AR\"},{\"@type\":[\"Person\",\"Organization\"],\"@id\":\"https:\/\/apuntesdesanluis.com\/#\/schema\/person\/b55151d52296fcce64d1a72538a70b90\",\"name\":\"apuntesdesanluis.com\",\"image\":{\"@type\":\"ImageObject\",\"inLanguage\":\"es-AR\",\"@id\":\"https:\/\/apuntesdesanluis.com\/#\/schema\/person\/image\/\",\"url\":\"https:\/\/apuntesdesanluis.com\/wp-content\/uploads\/2023\/07\/cropped-apuntesdesanluis.png\",\"contentUrl\":\"https:\/\/apuntesdesanluis.com\/wp-content\/uploads\/2023\/07\/cropped-apuntesdesanluis.png\",\"width\":450,\"height\":112,\"caption\":\"apuntesdesanluis.com\"},\"logo\":{\"@id\":\"https:\/\/apuntesdesanluis.com\/#\/schema\/person\/image\/\"},\"sameAs\":[\"https:\/\/apuntesdesanluis.com\"],\"url\":\"https:\/\/apuntesdesanluis.com\/index.php\/author\/apuntesdesanluis-com\/\"}]}<\/script>\n<!-- \/ Yoast SEO plugin. -->","yoast_head_json":{"title":"MILES DE PUNTANOS DE TODA LA PROVINCIA SE MOVILIZARON PARA APOYAR A JAVIER MILEI - Apuntes de San Luis","robots":{"index":"index","follow":"follow","max-snippet":"max-snippet:-1","max-image-preview":"max-image-preview:large","max-video-preview":"max-video-preview:-1"},"canonical":"https:\/\/apuntesdesanluis.com\/index.php\/2023\/09\/16\/miles-de-puntanos-de-toda-la-provincia-se-movilizaron-para-apoyar-a-javier-milei\/","og_locale":"es_ES","og_type":"article","og_title":"MILES DE PUNTANOS DE TODA LA PROVINCIA SE MOVILIZARON PARA APOYAR A JAVIER MILEI - Apuntes de San Luis","og_description":"Este s\u00e1bado los libertarios de San Luis confirmaron que la figura de Javier Milei provoca...","og_url":"https:\/\/apuntesdesanluis.com\/index.php\/2023\/09\/16\/miles-de-puntanos-de-toda-la-provincia-se-movilizaron-para-apoyar-a-javier-milei\/","og_site_name":"Apuntes de San Luis","article_published_time":"2023-09-16T23:40:09+00:00","article_modified_time":"2023-09-16T23:47:53+00:00","og_image":[{"width":899,"height":612,"url":"https:\/\/apuntesdesanluis.com\/wp-content\/uploads\/2023\/09\/milei-tapa.png","type":"image\/png"}],"author":"apuntesdesanluis.com","twitter_card":"summary_large_image","twitter_misc":{"Escrito por":"apuntesdesanluis.com","Tiempo de lectura":"2 minutos"},"schema":{"@context":"https:\/\/schema.org","@graph":[{"@type":"Article","@id":"https:\/\/apuntesdesanluis.com\/index.php\/2023\/09\/16\/miles-de-puntanos-de-toda-la-provincia-se-movilizaron-para-apoyar-a-javier-milei\/#article","isPartOf":{"@id":"https:\/\/apuntesdesanluis.com\/index.php\/2023\/09\/16\/miles-de-puntanos-de-toda-la-provincia-se-movilizaron-para-apoyar-a-javier-milei\/"},"author":{"name":"apuntesdesanluis.com","@id":"https:\/\/apuntesdesanluis.com\/#\/schema\/person\/b55151d52296fcce64d1a72538a70b90"},"headline":"MILES DE PUNTANOS DE TODA LA PROVINCIA SE MOVILIZARON PARA APOYAR A JAVIER MILEI","datePublished":"2023-09-16T23:40:09+00:00","dateModified":"2023-09-16T23:47:53+00:00","mainEntityOfPage":{"@id":"https:\/\/apuntesdesanluis.com\/index.php\/2023\/09\/16\/miles-de-puntanos-de-toda-la-provincia-se-movilizaron-para-apoyar-a-javier-milei\/"},"wordCount":272,"publisher":{"@id":"https:\/\/apuntesdesanluis.com\/#\/schema\/person\/b55151d52296fcce64d1a72538a70b90"},"image":{"@id":"https:\/\/apuntesdesanluis.com\/index.php\/2023\/09\/16\/miles-de-puntanos-de-toda-la-provincia-se-movilizaron-para-apoyar-a-javier-milei\/#primaryimage"},"thumbnailUrl":"https:\/\/apuntesdesanluis.com\/wp-content\/uploads\/2023\/09\/milei-tapa.png","articleSection":["Ciudad\/Provincia"],"inLanguage":"es-AR"},{"@type":"WebPage","@id":"https:\/\/apuntesdesanluis.com\/index.php\/2023\/09\/16\/miles-de-puntanos-de-toda-la-provincia-se-movilizaron-para-apoyar-a-javier-milei\/","url":"https:\/\/apuntesdesanluis.com\/index.php\/2023\/09\/16\/miles-de-puntanos-de-toda-la-provincia-se-movilizaron-para-apoyar-a-javier-milei\/","name":"MILES DE PUNTANOS DE TODA LA PROVINCIA SE MOVILIZARON PARA APOYAR A JAVIER MILEI - Apuntes de San Luis","isPartOf":{"@id":"https:\/\/apuntesdesanluis.com\/#website"},"primaryImageOfPage":{"@id":"https:\/\/apuntesdesanluis.com\/index.php\/2023\/09\/16\/miles-de-puntanos-de-toda-la-provincia-se-movilizaron-para-apoyar-a-javier-milei\/#primaryimage"},"image":{"@id":"https:\/\/apuntesdesanluis.com\/index.php\/2023\/09\/16\/miles-de-puntanos-de-toda-la-provincia-se-movilizaron-para-apoyar-a-javier-milei\/#primaryimage"},"thumbnailUrl":"https:\/\/apuntesdesanluis.com\/wp-content\/uploads\/2023\/09\/milei-tapa.png","datePublished":"2023-09-16T23:40:09+00:00","dateModified":"2023-09-16T23:47:53+00:00","breadcrumb":{"@id":"https:\/\/apuntesdesanluis.com\/index.php\/2023\/09\/16\/miles-de-puntanos-de-toda-la-provincia-se-movilizaron-para-apoyar-a-javier-milei\/#breadcrumb"},"inLanguage":"es-AR","potentialAction":[{"@type":"ReadAction","target":["https:\/\/apuntesdesanluis.com\/index.php\/2023\/09\/16\/miles-de-puntanos-de-toda-la-provincia-se-movilizaron-para-apoyar-a-javier-milei\/"]}]},{"@type":"ImageObject","inLanguage":"es-AR","@id":"https:\/\/apuntesdesanluis.com\/index.php\/2023\/09\/16\/miles-de-puntanos-de-toda-la-provincia-se-movilizaron-para-apoyar-a-javier-milei\/#primaryimage","url":"https:\/\/apuntesdesanluis.com\/wp-content\/uploads\/2023\/09\/milei-tapa.png","contentUrl":"https:\/\/apuntesdesanluis.com\/wp-content\/uploads\/2023\/09\/milei-tapa.png","width":899,"height":612},{"@type":"BreadcrumbList","@id":"https:\/\/apuntesdesanluis.com\/index.php\/2023\/09\/16\/miles-de-puntanos-de-toda-la-provincia-se-movilizaron-para-apoyar-a-javier-milei\/#breadcrumb","itemListElement":[{"@type":"ListItem","position":1,"name":"Inicio","item":"https:\/\/apuntesdesanluis.com\/"},{"@type":"ListItem","position":2,"name":"MILES DE PUNTANOS DE TODA LA PROVINCIA SE MOVILIZARON PARA APOYAR A JAVIER MILEI"}]},{"@type":"WebSite","@id":"https:\/\/apuntesdesanluis.com\/#website","url":"https:\/\/apuntesdesanluis.com\/","name":"Apuntes de San Luis","description":"","publisher":{"@id":"https:\/\/apuntesdesanluis.com\/#\/schema\/person\/b55151d52296fcce64d1a72538a70b90"},"potentialAction":[{"@type":"SearchAction","target":{"@type":"EntryPoint","urlTemplate":"https:\/\/apuntesdesanluis.com\/?s={search_term_string}"},"query-input":{"@type":"PropertyValueSpecification","valueRequired":true,"valueName":"search_term_string"}}],"inLanguage":"es-AR"},{"@type":["Person","Organization"],"@id":"https:\/\/apuntesdesanluis.com\/#\/schema\/person\/b55151d52296fcce64d1a72538a70b90","name":"apuntesdesanluis.com","image":{"@type":"ImageObject","inLanguage":"es-AR","@id":"https:\/\/apuntesdesanluis.com\/#\/schema\/person\/image\/","url":"https:\/\/apuntesdesanluis.com\/wp-content\/uploads\/2023\/07\/cropped-apuntesdesanluis.png","contentUrl":"https:\/\/apuntesdesanluis.com\/wp-content\/uploads\/2023\/07\/cropped-apuntesdesanluis.png","width":450,"height":112,"caption":"apuntesdesanluis.com"},"logo":{"@id":"https:\/\/apuntesdesanluis.com\/#\/schema\/person\/image\/"},"sameAs":["https:\/\/apuntesdesanluis.com"],"url":"https:\/\/apuntesdesanluis.com\/index.php\/author\/apuntesdesanluis-com\/"}]}},"featured_image_urls":{"full":["https:\/\/apuntesdesanluis.com\/wp-content\/uploads\/2023\/09\/milei-tapa.png",899,612,false],"thumbnail":["https:\/\/apuntesdesanluis.com\/wp-content\/uploads\/2023\/09\/milei-tapa-150x150.png",150,150,true],"medium":["https:\/\/apuntesdesanluis.com\/wp-content\/uploads\/2023\/09\/milei-tapa-300x204.png",300,204,true],"medium_large":["https:\/\/apuntesdesanluis.com\/wp-content\/uploads\/2023\/09\/milei-tapa-768x523.png",640,436,true],"large":["https:\/\/apuntesdesanluis.com\/wp-content\/uploads\/2023\/09\/milei-tapa.png",640,436,false],"1536x1536":["https:\/\/apuntesdesanluis.com\/wp-content\/uploads\/2023\/09\/milei-tapa.png",899,612,false],"2048x2048":["https:\/\/apuntesdesanluis.com\/wp-content\/uploads\/2023\/09\/milei-tapa.png",899,612,false],"newsever-slider-full":["https:\/\/apuntesdesanluis.com\/wp-content\/uploads\/2023\/09\/milei-tapa.png",899,612,false],"newsever-featured":["https:\/\/apuntesdesanluis.com\/wp-content\/uploads\/2023\/09\/milei-tapa.png",899,612,false],"newsever-medium":["https:\/\/apuntesdesanluis.com\/wp-content\/uploads\/2023\/09\/milei-tapa-720x475.png",720,475,true]},"author_info":{"display_name":"apuntesdesanluis.com","author_link":"https:\/\/apuntesdesanluis.com\/index.php\/author\/apuntesdesanluis-com\/"},"category_info":"<a href=\"https:\/\/apuntesdesanluis.com\/index.php\/category\/ciudad-provincia\/\" rel=\"category tag\">Ciudad\/Provincia<\/a>","tag_info":"Ciudad\/Provincia","comment_count":"0","_links":{"self":[{"href":"https:\/\/apuntesdesanluis.com\/index.php\/wp-json\/wp\/v2\/posts\/3419","targetHints":{"allow":["GET"]}}],"collection":[{"href":"https:\/\/apuntesdesanluis.com\/index.php\/wp-json\/wp\/v2\/posts"}],"about":[{"href":"https:\/\/apuntesdesanluis.com\/index.php\/wp-json\/wp\/v2\/types\/post"}],"author":[{"embeddable":true,"href":"https:\/\/apuntesdesanluis.com\/index.php\/wp-json\/wp\/v2\/users\/1"}],"replies":[{"embeddable":true,"href":"https:\/\/apuntesdesanluis.com\/index.php\/wp-json\/wp\/v2\/comments?post=3419"}],"version-history":[{"count":6,"href":"https:\/\/apuntesdesanluis.com\/index.php\/wp-json\/wp\/v2\/posts\/3419\/revisions"}],"predecessor-version":[{"id":3428,"href":"https:\/\/apuntesdesanluis.com\/index.php\/wp-json\/wp\/v2\/posts\/3419\/revisions\/3428"}],"wp:featuredmedia":[{"embeddable":true,"href":"https:\/\/apuntesdesanluis.com\/index.php\/wp-json\/wp\/v2\/media\/3420"}],"wp:attachment":[{"href":"https:\/\/apuntesdesanluis.com\/index.php\/wp-json\/wp\/v2\/media?parent=3419"}],"wp:term":[{"taxonomy":"category","embeddable":true,"href":"https:\/\/apuntesdesanluis.com\/index.php\/wp-json\/wp\/v2\/categories?post=3419"},{"taxonomy":"post_tag","embeddable":true,"href":"https:\/\/apuntesdesanluis.com\/index.php\/wp-json\/wp\/v2\/tags?post=3419"}],"curies":[{"name":"wp","href":"https:\/\/api.w.org\/{rel}","templated":true}]}}