{"id":3429,"date":"2023-09-16T10:55:00","date_gmt":"2023-09-16T13:55:00","guid":{"rendered":"https:\/\/apuntesdesanluis.com\/?p=3429"},"modified":"2023-09-16T20:56:27","modified_gmt":"2023-09-16T23:56:27","slug":"estudiante-de-la-unsl-representara-al-pais-en-un-mundial-de-biotecnologia","status":"publish","type":"post","link":"https:\/\/apuntesdesanluis.com\/index.php\/2023\/09\/16\/estudiante-de-la-unsl-representara-al-pais-en-un-mundial-de-biotecnologia\/","title":{"rendered":"ESTUDIANTE DE LA UNSL REPRESENTAR\u00c1 AL PA\u00cdS EN UN MUNDIAL DE BIOTECNOLOG\u00cdA"},"content":{"rendered":"<h3>Se trata de <strong>Uriel Miralles<\/strong>, de la Facultad de Qu\u00edmica, Bioqu\u00edmica y Farmacia (FQByF). Su proyecto BioSpi, un emprendimiento de biotecnolog\u00eda, fue seleccionado por iGEM Startups y el Instituto Tecnol\u00f3gico de Massachusetts (MIT) como uno de los mejores en el top 15 a nivel mundial para participar del evento Grand Jamboree 2023 en Francia.<\/h3>\n<h3>Esta edici\u00f3n tendr\u00e1 lugar desde el 2 al 5 de noviembre en Par\u00eds. Uriel junto a su compa\u00f1ero Jerem\u00edas Conrero, ambos fundadores de BioSpi, tendr\u00e1n un stand durante los primeros d\u00edas y en el \u00faltimo har\u00e1n una presentaci\u00f3n final frente a todo el jurado. Cabe destacar que se esperan m\u00e1s de 8 mil espectadores de 66 pa\u00edses del mundo, alrededor de 2.500 investigadores, gobiernos, periodistas y 400 inversores e industrias.<\/h3>\n<h3>El Grand Jamboree en Par\u00eds se celebra oficialmente bajo el patrocinio del presidente de Francia, Emmanuel Macron, quien confirm\u00f3 su presencia en el evento, y del ministro de Econom\u00eda, Bruno Le Maire. BiosPi formar\u00e1 parte de este encuentro que re\u00fane a los mejores proyectos de biotecnolog\u00eda de cada continente. Miralles afirm\u00f3: \u00abes una puerta para el reconocimiento mundial y para atraer inversores que apuesten por nuestra visi\u00f3n y por el talento argentino. Queremos sentar nuestras bases en Argentina y trabajar para mejorar la salud global\u00bb.<\/h3>\n<p><img fetchpriority=\"high\" decoding=\"async\" class=\"wp-image-3431 aligncenter\" src=\"https:\/\/apuntesdesanluis.com\/wp-content\/uploads\/2023\/09\/dos-1-300x112.png\" alt=\"\" width=\"844\" height=\"315\" srcset=\"https:\/\/apuntesdesanluis.com\/wp-content\/uploads\/2023\/09\/dos-1-300x112.png 300w, https:\/\/apuntesdesanluis.com\/wp-content\/uploads\/2023\/09\/dos-1.png 763w\" sizes=\"(max-width: 844px) 100vw, 844px\" \/><\/p>\n<h3>Asimismo, los estudiantes buscan sponsors y alianzas estrat\u00e9gicas para apoyar su viaje a este evento internacional de gran relevancia. Al respecto el joven cient\u00edfico expres\u00f3: \u00abnecesitamos cubrir los costos de transporte, los tickets del evento, el alojamiento y los vi\u00e1ticos. Durante los cuatro (4) d\u00edas podremos dar a conocer a quienes nos apoyen, hablar con personas para generar contactos, adem\u00e1s de la presentaci\u00f3n del \u00faltimo d\u00eda\u00bb.<\/h3>\n<h3>Uriel explic\u00f3 que BioSpi es un proyecto de investigaci\u00f3n que aspira a ser una empresa dedicada a la biotecnolog\u00eda con un enfoque innovador en terapias biol\u00f3gicas sostenibles\u2063\u2063. Actualmente est\u00e1n desarrollando una vacuna oral, de bajo costo, sostenible, que no requiere de inyecci\u00f3n ni refrigeraci\u00f3n para tratar la campilobacteriosis. Esta enfermedad es una diarrea cr\u00f3nica producida por una bacteria denominada Campylobacter, la cual es resistente a los antibi\u00f3ticos y tiene mayor efecto en los pollos de engorde.<\/h3>\n<h3>Junto a cient\u00edficos del Consejo Nacional de Investigaciones Cient\u00edficas y T\u00e9cnicas (Conicet-UNSL), de la Universidad Cat\u00f3lica de Cuyo y del Centro de Estudios Fotosint\u00e9ticos y Bioqu\u00edmicos (Cefobi) en Rosario, los estudiantes brindan una soluci\u00f3n innovadora para poder afrontar esta enfermedad propia de las granjas de engorde. En relaci\u00f3n a esto dijo: \u00abno hace falta irse del pa\u00eds, sino que desde lo local se puede exportar el conocimiento que uno va generando. Con BioSpi de a poco lo estamos haciendo\u00bb.<\/h3>\n<h3>Finalmente, el emprendedor agradeci\u00f3 a la UNSL y manifest\u00f3: \u00abesto es una manera de hacer una escalera para los pr\u00f3ximos estudiantes, mi intenci\u00f3n es devolverle a esta Universidad toda la formaci\u00f3n que me dio como una escalera para aquellos estudiantes que quieran seguir no solo nuestros pasos sino ir m\u00e1s all\u00e1 y continuar la escalera hacia el mundo y la innovaci\u00f3n\u00bb.<\/h3>\n<h3>Si su empresa u organizaci\u00f3n est\u00e1 interesada en contribuir con un proyecto innovador y obtener visibilidad en un evento internacional, comun\u00edquese con Uriel Miralles a trav\u00e9s de: <span style=\"color: #3366ff;\">urielmiralles@biospi.tech<\/span><\/h3>\n<p>&nbsp;<\/p>\n<p>&nbsp;<\/p>\n<p>&nbsp;<\/p>\n<p>&nbsp;<\/p>\n","protected":false},"excerpt":{"rendered":"<p>Se trata de Uriel Miralles, de la Facultad de Qu\u00edmica, Bioqu\u00edmica y Farmacia (FQByF). Su&#8230;<\/p>\n","protected":false},"author":1,"featured_media":3430,"comment_status":"closed","ping_status":"closed","sticky":false,"template":"","format":"standard","meta":{"footnotes":""},"categories":[6],"tags":[],"class_list":["post-3429","post","type-post","status-publish","format-standard","has-post-thumbnail","hentry","category-ciudad-provincia"],"yoast_head":"<!-- This site is optimized with the Yoast SEO plugin v26.1.1 - https:\/\/yoast.com\/wordpress\/plugins\/seo\/ -->\n<title>ESTUDIANTE DE LA UNSL REPRESENTAR\u00c1 AL PA\u00cdS EN UN MUNDIAL DE BIOTECNOLOG\u00cdA - Apuntes de San Luis<\/title>\n<meta name=\"robots\" content=\"index, follow, max-snippet:-1, max-image-preview:large, max-video-preview:-1\" \/>\n<link rel=\"canonical\" href=\"https:\/\/apuntesdesanluis.com\/index.php\/2023\/09\/16\/estudiante-de-la-unsl-representara-al-pais-en-un-mundial-de-biotecnologia\/\" \/>\n<meta property=\"og:locale\" content=\"es_ES\" \/>\n<meta property=\"og:type\" content=\"article\" \/>\n<meta property=\"og:title\" content=\"ESTUDIANTE DE LA UNSL REPRESENTAR\u00c1 AL PA\u00cdS EN UN MUNDIAL DE BIOTECNOLOG\u00cdA - Apuntes de San Luis\" \/>\n<meta property=\"og:description\" content=\"Se trata de Uriel Miralles, de la Facultad de Qu\u00edmica, Bioqu\u00edmica y Farmacia (FQByF). Su...\" \/>\n<meta property=\"og:url\" content=\"https:\/\/apuntesdesanluis.com\/index.php\/2023\/09\/16\/estudiante-de-la-unsl-representara-al-pais-en-un-mundial-de-biotecnologia\/\" \/>\n<meta property=\"og:site_name\" content=\"Apuntes de San Luis\" \/>\n<meta property=\"article:published_time\" content=\"2023-09-16T13:55:00+00:00\" \/>\n<meta property=\"article:modified_time\" content=\"2023-09-16T23:56:27+00:00\" \/>\n<meta property=\"og:image\" content=\"https:\/\/apuntesdesanluis.com\/wp-content\/uploads\/2023\/09\/biotecnologia.png\" \/>\n\t<meta property=\"og:image:width\" content=\"741\" \/>\n\t<meta property=\"og:image:height\" content=\"433\" \/>\n\t<meta property=\"og:image:type\" content=\"image\/png\" \/>\n<meta name=\"author\" content=\"apuntesdesanluis.com\" \/>\n<meta name=\"twitter:card\" content=\"summary_large_image\" \/>\n<meta name=\"twitter:label1\" content=\"Escrito por\" \/>\n\t<meta name=\"twitter:data1\" content=\"apuntesdesanluis.com\" \/>\n\t<meta name=\"twitter:label2\" content=\"Tiempo de lectura\" \/>\n\t<meta name=\"twitter:data2\" content=\"3 minutos\" \/>\n<script type=\"application\/ld+json\" class=\"yoast-schema-graph\">{\"@context\":\"https:\/\/schema.org\",\"@graph\":[{\"@type\":\"Article\",\"@id\":\"https:\/\/apuntesdesanluis.com\/index.php\/2023\/09\/16\/estudiante-de-la-unsl-representara-al-pais-en-un-mundial-de-biotecnologia\/#article\",\"isPartOf\":{\"@id\":\"https:\/\/apuntesdesanluis.com\/index.php\/2023\/09\/16\/estudiante-de-la-unsl-representara-al-pais-en-un-mundial-de-biotecnologia\/\"},\"author\":{\"name\":\"apuntesdesanluis.com\",\"@id\":\"https:\/\/apuntesdesanluis.com\/#\/schema\/person\/b55151d52296fcce64d1a72538a70b90\"},\"headline\":\"ESTUDIANTE DE LA UNSL REPRESENTAR\u00c1 AL PA\u00cdS EN UN MUNDIAL DE BIOTECNOLOG\u00cdA\",\"datePublished\":\"2023-09-16T13:55:00+00:00\",\"dateModified\":\"2023-09-16T23:56:27+00:00\",\"mainEntityOfPage\":{\"@id\":\"https:\/\/apuntesdesanluis.com\/index.php\/2023\/09\/16\/estudiante-de-la-unsl-representara-al-pais-en-un-mundial-de-biotecnologia\/\"},\"wordCount\":581,\"publisher\":{\"@id\":\"https:\/\/apuntesdesanluis.com\/#\/schema\/person\/b55151d52296fcce64d1a72538a70b90\"},\"image\":{\"@id\":\"https:\/\/apuntesdesanluis.com\/index.php\/2023\/09\/16\/estudiante-de-la-unsl-representara-al-pais-en-un-mundial-de-biotecnologia\/#primaryimage\"},\"thumbnailUrl\":\"https:\/\/apuntesdesanluis.com\/wp-content\/uploads\/2023\/09\/biotecnologia.png\",\"articleSection\":[\"Ciudad\/Provincia\"],\"inLanguage\":\"es-AR\"},{\"@type\":\"WebPage\",\"@id\":\"https:\/\/apuntesdesanluis.com\/index.php\/2023\/09\/16\/estudiante-de-la-unsl-representara-al-pais-en-un-mundial-de-biotecnologia\/\",\"url\":\"https:\/\/apuntesdesanluis.com\/index.php\/2023\/09\/16\/estudiante-de-la-unsl-representara-al-pais-en-un-mundial-de-biotecnologia\/\",\"name\":\"ESTUDIANTE DE LA UNSL REPRESENTAR\u00c1 AL PA\u00cdS EN UN MUNDIAL DE BIOTECNOLOG\u00cdA - Apuntes de San Luis\",\"isPartOf\":{\"@id\":\"https:\/\/apuntesdesanluis.com\/#website\"},\"primaryImageOfPage\":{\"@id\":\"https:\/\/apuntesdesanluis.com\/index.php\/2023\/09\/16\/estudiante-de-la-unsl-representara-al-pais-en-un-mundial-de-biotecnologia\/#primaryimage\"},\"image\":{\"@id\":\"https:\/\/apuntesdesanluis.com\/index.php\/2023\/09\/16\/estudiante-de-la-unsl-representara-al-pais-en-un-mundial-de-biotecnologia\/#primaryimage\"},\"thumbnailUrl\":\"https:\/\/apuntesdesanluis.com\/wp-content\/uploads\/2023\/09\/biotecnologia.png\",\"datePublished\":\"2023-09-16T13:55:00+00:00\",\"dateModified\":\"2023-09-16T23:56:27+00:00\",\"breadcrumb\":{\"@id\":\"https:\/\/apuntesdesanluis.com\/index.php\/2023\/09\/16\/estudiante-de-la-unsl-representara-al-pais-en-un-mundial-de-biotecnologia\/#breadcrumb\"},\"inLanguage\":\"es-AR\",\"potentialAction\":[{\"@type\":\"ReadAction\",\"target\":[\"https:\/\/apuntesdesanluis.com\/index.php\/2023\/09\/16\/estudiante-de-la-unsl-representara-al-pais-en-un-mundial-de-biotecnologia\/\"]}]},{\"@type\":\"ImageObject\",\"inLanguage\":\"es-AR\",\"@id\":\"https:\/\/apuntesdesanluis.com\/index.php\/2023\/09\/16\/estudiante-de-la-unsl-representara-al-pais-en-un-mundial-de-biotecnologia\/#primaryimage\",\"url\":\"https:\/\/apuntesdesanluis.com\/wp-content\/uploads\/2023\/09\/biotecnologia.png\",\"contentUrl\":\"https:\/\/apuntesdesanluis.com\/wp-content\/uploads\/2023\/09\/biotecnologia.png\",\"width\":741,\"height\":433},{\"@type\":\"BreadcrumbList\",\"@id\":\"https:\/\/apuntesdesanluis.com\/index.php\/2023\/09\/16\/estudiante-de-la-unsl-representara-al-pais-en-un-mundial-de-biotecnologia\/#breadcrumb\",\"itemListElement\":[{\"@type\":\"ListItem\",\"position\":1,\"name\":\"Inicio\",\"item\":\"https:\/\/apuntesdesanluis.com\/\"},{\"@type\":\"ListItem\",\"position\":2,\"name\":\"ESTUDIANTE DE LA UNSL REPRESENTAR\u00c1 AL PA\u00cdS EN UN MUNDIAL DE BIOTECNOLOG\u00cdA\"}]},{\"@type\":\"WebSite\",\"@id\":\"https:\/\/apuntesdesanluis.com\/#website\",\"url\":\"https:\/\/apuntesdesanluis.com\/\",\"name\":\"Apuntes de San Luis\",\"description\":\"\",\"publisher\":{\"@id\":\"https:\/\/apuntesdesanluis.com\/#\/schema\/person\/b55151d52296fcce64d1a72538a70b90\"},\"potentialAction\":[{\"@type\":\"SearchAction\",\"target\":{\"@type\":\"EntryPoint\",\"urlTemplate\":\"https:\/\/apuntesdesanluis.com\/?s={search_term_string}\"},\"query-input\":{\"@type\":\"PropertyValueSpecification\",\"valueRequired\":true,\"valueName\":\"search_term_string\"}}],\"inLanguage\":\"es-AR\"},{\"@type\":[\"Person\",\"Organization\"],\"@id\":\"https:\/\/apuntesdesanluis.com\/#\/schema\/person\/b55151d52296fcce64d1a72538a70b90\",\"name\":\"apuntesdesanluis.com\",\"image\":{\"@type\":\"ImageObject\",\"inLanguage\":\"es-AR\",\"@id\":\"https:\/\/apuntesdesanluis.com\/#\/schema\/person\/image\/\",\"url\":\"https:\/\/apuntesdesanluis.com\/wp-content\/uploads\/2023\/07\/cropped-apuntesdesanluis.png\",\"contentUrl\":\"https:\/\/apuntesdesanluis.com\/wp-content\/uploads\/2023\/07\/cropped-apuntesdesanluis.png\",\"width\":450,\"height\":112,\"caption\":\"apuntesdesanluis.com\"},\"logo\":{\"@id\":\"https:\/\/apuntesdesanluis.com\/#\/schema\/person\/image\/\"},\"sameAs\":[\"https:\/\/apuntesdesanluis.com\"],\"url\":\"https:\/\/apuntesdesanluis.com\/index.php\/author\/apuntesdesanluis-com\/\"}]}<\/script>\n<!-- \/ Yoast SEO plugin. -->","yoast_head_json":{"title":"ESTUDIANTE DE LA UNSL REPRESENTAR\u00c1 AL PA\u00cdS EN UN MUNDIAL DE BIOTECNOLOG\u00cdA - Apuntes de San Luis","robots":{"index":"index","follow":"follow","max-snippet":"max-snippet:-1","max-image-preview":"max-image-preview:large","max-video-preview":"max-video-preview:-1"},"canonical":"https:\/\/apuntesdesanluis.com\/index.php\/2023\/09\/16\/estudiante-de-la-unsl-representara-al-pais-en-un-mundial-de-biotecnologia\/","og_locale":"es_ES","og_type":"article","og_title":"ESTUDIANTE DE LA UNSL REPRESENTAR\u00c1 AL PA\u00cdS EN UN MUNDIAL DE BIOTECNOLOG\u00cdA - Apuntes de San Luis","og_description":"Se trata de Uriel Miralles, de la Facultad de Qu\u00edmica, Bioqu\u00edmica y Farmacia (FQByF). Su...","og_url":"https:\/\/apuntesdesanluis.com\/index.php\/2023\/09\/16\/estudiante-de-la-unsl-representara-al-pais-en-un-mundial-de-biotecnologia\/","og_site_name":"Apuntes de San Luis","article_published_time":"2023-09-16T13:55:00+00:00","article_modified_time":"2023-09-16T23:56:27+00:00","og_image":[{"width":741,"height":433,"url":"https:\/\/apuntesdesanluis.com\/wp-content\/uploads\/2023\/09\/biotecnologia.png","type":"image\/png"}],"author":"apuntesdesanluis.com","twitter_card":"summary_large_image","twitter_misc":{"Escrito por":"apuntesdesanluis.com","Tiempo de lectura":"3 minutos"},"schema":{"@context":"https:\/\/schema.org","@graph":[{"@type":"Article","@id":"https:\/\/apuntesdesanluis.com\/index.php\/2023\/09\/16\/estudiante-de-la-unsl-representara-al-pais-en-un-mundial-de-biotecnologia\/#article","isPartOf":{"@id":"https:\/\/apuntesdesanluis.com\/index.php\/2023\/09\/16\/estudiante-de-la-unsl-representara-al-pais-en-un-mundial-de-biotecnologia\/"},"author":{"name":"apuntesdesanluis.com","@id":"https:\/\/apuntesdesanluis.com\/#\/schema\/person\/b55151d52296fcce64d1a72538a70b90"},"headline":"ESTUDIANTE DE LA UNSL REPRESENTAR\u00c1 AL PA\u00cdS EN UN MUNDIAL DE BIOTECNOLOG\u00cdA","datePublished":"2023-09-16T13:55:00+00:00","dateModified":"2023-09-16T23:56:27+00:00","mainEntityOfPage":{"@id":"https:\/\/apuntesdesanluis.com\/index.php\/2023\/09\/16\/estudiante-de-la-unsl-representara-al-pais-en-un-mundial-de-biotecnologia\/"},"wordCount":581,"publisher":{"@id":"https:\/\/apuntesdesanluis.com\/#\/schema\/person\/b55151d52296fcce64d1a72538a70b90"},"image":{"@id":"https:\/\/apuntesdesanluis.com\/index.php\/2023\/09\/16\/estudiante-de-la-unsl-representara-al-pais-en-un-mundial-de-biotecnologia\/#primaryimage"},"thumbnailUrl":"https:\/\/apuntesdesanluis.com\/wp-content\/uploads\/2023\/09\/biotecnologia.png","articleSection":["Ciudad\/Provincia"],"inLanguage":"es-AR"},{"@type":"WebPage","@id":"https:\/\/apuntesdesanluis.com\/index.php\/2023\/09\/16\/estudiante-de-la-unsl-representara-al-pais-en-un-mundial-de-biotecnologia\/","url":"https:\/\/apuntesdesanluis.com\/index.php\/2023\/09\/16\/estudiante-de-la-unsl-representara-al-pais-en-un-mundial-de-biotecnologia\/","name":"ESTUDIANTE DE LA UNSL REPRESENTAR\u00c1 AL PA\u00cdS EN UN MUNDIAL DE BIOTECNOLOG\u00cdA - Apuntes de San Luis","isPartOf":{"@id":"https:\/\/apuntesdesanluis.com\/#website"},"primaryImageOfPage":{"@id":"https:\/\/apuntesdesanluis.com\/index.php\/2023\/09\/16\/estudiante-de-la-unsl-representara-al-pais-en-un-mundial-de-biotecnologia\/#primaryimage"},"image":{"@id":"https:\/\/apuntesdesanluis.com\/index.php\/2023\/09\/16\/estudiante-de-la-unsl-representara-al-pais-en-un-mundial-de-biotecnologia\/#primaryimage"},"thumbnailUrl":"https:\/\/apuntesdesanluis.com\/wp-content\/uploads\/2023\/09\/biotecnologia.png","datePublished":"2023-09-16T13:55:00+00:00","dateModified":"2023-09-16T23:56:27+00:00","breadcrumb":{"@id":"https:\/\/apuntesdesanluis.com\/index.php\/2023\/09\/16\/estudiante-de-la-unsl-representara-al-pais-en-un-mundial-de-biotecnologia\/#breadcrumb"},"inLanguage":"es-AR","potentialAction":[{"@type":"ReadAction","target":["https:\/\/apuntesdesanluis.com\/index.php\/2023\/09\/16\/estudiante-de-la-unsl-representara-al-pais-en-un-mundial-de-biotecnologia\/"]}]},{"@type":"ImageObject","inLanguage":"es-AR","@id":"https:\/\/apuntesdesanluis.com\/index.php\/2023\/09\/16\/estudiante-de-la-unsl-representara-al-pais-en-un-mundial-de-biotecnologia\/#primaryimage","url":"https:\/\/apuntesdesanluis.com\/wp-content\/uploads\/2023\/09\/biotecnologia.png","contentUrl":"https:\/\/apuntesdesanluis.com\/wp-content\/uploads\/2023\/09\/biotecnologia.png","width":741,"height":433},{"@type":"BreadcrumbList","@id":"https:\/\/apuntesdesanluis.com\/index.php\/2023\/09\/16\/estudiante-de-la-unsl-representara-al-pais-en-un-mundial-de-biotecnologia\/#breadcrumb","itemListElement":[{"@type":"ListItem","position":1,"name":"Inicio","item":"https:\/\/apuntesdesanluis.com\/"},{"@type":"ListItem","position":2,"name":"ESTUDIANTE DE LA UNSL REPRESENTAR\u00c1 AL PA\u00cdS EN UN MUNDIAL DE BIOTECNOLOG\u00cdA"}]},{"@type":"WebSite","@id":"https:\/\/apuntesdesanluis.com\/#website","url":"https:\/\/apuntesdesanluis.com\/","name":"Apuntes de San Luis","description":"","publisher":{"@id":"https:\/\/apuntesdesanluis.com\/#\/schema\/person\/b55151d52296fcce64d1a72538a70b90"},"potentialAction":[{"@type":"SearchAction","target":{"@type":"EntryPoint","urlTemplate":"https:\/\/apuntesdesanluis.com\/?s={search_term_string}"},"query-input":{"@type":"PropertyValueSpecification","valueRequired":true,"valueName":"search_term_string"}}],"inLanguage":"es-AR"},{"@type":["Person","Organization"],"@id":"https:\/\/apuntesdesanluis.com\/#\/schema\/person\/b55151d52296fcce64d1a72538a70b90","name":"apuntesdesanluis.com","image":{"@type":"ImageObject","inLanguage":"es-AR","@id":"https:\/\/apuntesdesanluis.com\/#\/schema\/person\/image\/","url":"https:\/\/apuntesdesanluis.com\/wp-content\/uploads\/2023\/07\/cropped-apuntesdesanluis.png","contentUrl":"https:\/\/apuntesdesanluis.com\/wp-content\/uploads\/2023\/07\/cropped-apuntesdesanluis.png","width":450,"height":112,"caption":"apuntesdesanluis.com"},"logo":{"@id":"https:\/\/apuntesdesanluis.com\/#\/schema\/person\/image\/"},"sameAs":["https:\/\/apuntesdesanluis.com"],"url":"https:\/\/apuntesdesanluis.com\/index.php\/author\/apuntesdesanluis-com\/"}]}},"featured_image_urls":{"full":["https:\/\/apuntesdesanluis.com\/wp-content\/uploads\/2023\/09\/biotecnologia.png",741,433,false],"thumbnail":["https:\/\/apuntesdesanluis.com\/wp-content\/uploads\/2023\/09\/biotecnologia-150x150.png",150,150,true],"medium":["https:\/\/apuntesdesanluis.com\/wp-content\/uploads\/2023\/09\/biotecnologia-300x175.png",300,175,true],"medium_large":["https:\/\/apuntesdesanluis.com\/wp-content\/uploads\/2023\/09\/biotecnologia.png",640,374,false],"large":["https:\/\/apuntesdesanluis.com\/wp-content\/uploads\/2023\/09\/biotecnologia.png",640,374,false],"1536x1536":["https:\/\/apuntesdesanluis.com\/wp-content\/uploads\/2023\/09\/biotecnologia.png",741,433,false],"2048x2048":["https:\/\/apuntesdesanluis.com\/wp-content\/uploads\/2023\/09\/biotecnologia.png",741,433,false],"newsever-slider-full":["https:\/\/apuntesdesanluis.com\/wp-content\/uploads\/2023\/09\/biotecnologia.png",741,433,false],"newsever-featured":["https:\/\/apuntesdesanluis.com\/wp-content\/uploads\/2023\/09\/biotecnologia.png",741,433,false],"newsever-medium":["https:\/\/apuntesdesanluis.com\/wp-content\/uploads\/2023\/09\/biotecnologia-720x433.png",720,433,true]},"author_info":{"display_name":"apuntesdesanluis.com","author_link":"https:\/\/apuntesdesanluis.com\/index.php\/author\/apuntesdesanluis-com\/"},"category_info":"<a href=\"https:\/\/apuntesdesanluis.com\/index.php\/category\/ciudad-provincia\/\" rel=\"category tag\">Ciudad\/Provincia<\/a>","tag_info":"Ciudad\/Provincia","comment_count":"0","_links":{"self":[{"href":"https:\/\/apuntesdesanluis.com\/index.php\/wp-json\/wp\/v2\/posts\/3429","targetHints":{"allow":["GET"]}}],"collection":[{"href":"https:\/\/apuntesdesanluis.com\/index.php\/wp-json\/wp\/v2\/posts"}],"about":[{"href":"https:\/\/apuntesdesanluis.com\/index.php\/wp-json\/wp\/v2\/types\/post"}],"author":[{"embeddable":true,"href":"https:\/\/apuntesdesanluis.com\/index.php\/wp-json\/wp\/v2\/users\/1"}],"replies":[{"embeddable":true,"href":"https:\/\/apuntesdesanluis.com\/index.php\/wp-json\/wp\/v2\/comments?post=3429"}],"version-history":[{"count":1,"href":"https:\/\/apuntesdesanluis.com\/index.php\/wp-json\/wp\/v2\/posts\/3429\/revisions"}],"predecessor-version":[{"id":3432,"href":"https:\/\/apuntesdesanluis.com\/index.php\/wp-json\/wp\/v2\/posts\/3429\/revisions\/3432"}],"wp:featuredmedia":[{"embeddable":true,"href":"https:\/\/apuntesdesanluis.com\/index.php\/wp-json\/wp\/v2\/media\/3430"}],"wp:attachment":[{"href":"https:\/\/apuntesdesanluis.com\/index.php\/wp-json\/wp\/v2\/media?parent=3429"}],"wp:term":[{"taxonomy":"category","embeddable":true,"href":"https:\/\/apuntesdesanluis.com\/index.php\/wp-json\/wp\/v2\/categories?post=3429"},{"taxonomy":"post_tag","embeddable":true,"href":"https:\/\/apuntesdesanluis.com\/index.php\/wp-json\/wp\/v2\/tags?post=3429"}],"curies":[{"name":"wp","href":"https:\/\/api.w.org\/{rel}","templated":true}]}}