{"id":3433,"date":"2023-09-16T21:07:55","date_gmt":"2023-09-17T00:07:55","guid":{"rendered":"https:\/\/apuntesdesanluis.com\/?p=3433"},"modified":"2023-09-16T21:07:55","modified_gmt":"2023-09-17T00:07:55","slug":"bukele-nombro-a-un-argentino-al-frente-de-una-nueva-etapa-de-su-plan-de-seguridad-en-el-salvador","status":"publish","type":"post","link":"https:\/\/apuntesdesanluis.com\/index.php\/2023\/09\/16\/bukele-nombro-a-un-argentino-al-frente-de-una-nueva-etapa-de-su-plan-de-seguridad-en-el-salvador\/","title":{"rendered":"BUKELE NOMBR\u00d3 A UN ARGENTINO AL FRENTE DE UNA NUEVA ETAPA DE SU PLAN DE SEGURIDAD EN EL SALVADOR"},"content":{"rendered":"<h3>Se trata de <strong>Alejandro Gutman<\/strong>, de larga trayectoria en el trabajo para mejorar las condiciones de vida en algunas de las comunidades m\u00e1s problem\u00e1ticas y marginalizadas de aquel pa\u00eds<\/h3>\n<h3>El presidente de El Salvador, Nayib Bukele, anunci\u00f3 la implementaci\u00f3n de la fase seis de su plan de seguridad Control Territorial llamada \u201cintegraci\u00f3n\u201d. Con ese fin se crear\u00e1 un organismo para su coordinaci\u00f3n y al frente estar\u00e1 el argentino Alejandro Gutman.<\/h3>\n<h3>En este contexto, vale recordar, el Congreso local \u2014controlado por Nayib Bukele\u2014 extendi\u00f3 el martes pasado por 30 d\u00edas m\u00e1s el r\u00e9gimen de excepci\u00f3n que restringe los derechos constitucionales para combatir a las pandillas, una medida que se aplica desde hace m\u00e1s de un a\u00f1o y medio y que ha sido cuestionada por organizaciones de derechos humanos.<\/h3>\n<p><img fetchpriority=\"high\" decoding=\"async\" class=\"wp-image-3435 aligncenter\" src=\"https:\/\/apuntesdesanluis.com\/wp-content\/uploads\/2023\/09\/bukele-300x199.png\" alt=\"\" width=\"791\" height=\"525\" srcset=\"https:\/\/apuntesdesanluis.com\/wp-content\/uploads\/2023\/09\/bukele-300x199.png 300w, https:\/\/apuntesdesanluis.com\/wp-content\/uploads\/2023\/09\/bukele.png 752w\" sizes=\"(max-width: 791px) 100vw, 791px\" \/><\/p>\n<h3>A prop\u00f3sito de los nuevos anuncios, ayer por la noche el presidente salvadore\u00f1o detall\u00f3: \u201cLa mayor\u00eda de las fases del plan Control Territorial se enfocan en la contenci\u00f3n de la violencia, en el combate directo de la criminalidad, pero esta nueva fase se enfocar\u00e1 en las necesidades de mediano y largo plazo\u201d.<\/h3>\n<h3>En un discurso por el 202\u00b0 aniversario de la independencia centroamericana de Espa\u00f1a en aquel pa\u00eds, Bukele indic\u00f3: \u201cEl Estado salvadore\u00f1o, la empresa privada, las universidades, las comunidades y el resto de sectores de la sociedad deben de ayudarnos e integrarse para combatir la pobreza\u201d.<\/h3>\n<h3>Seg\u00fan detall\u00f3 el mandatario de El Salvador, para esta nueva fase de su plan de seguridad se crear\u00e1 la Direcci\u00f3n Nacional de Integraci\u00f3n, que estar\u00e1 a cargo de Alejandro Gutmantino. El argentino, vale destacar, ha dirigido durante a\u00f1os la Fundaci\u00f3n Forever en El Salvador.<\/h3>\n<h3>De acuerdo con lo se\u00f1alado por el propio Bukele, Gutman \u201cha trabajado por m\u00e1s de 20 a\u00f1os en las comunidades m\u00e1s desfavorecidas y ha ayudado a miles de j\u00f3venes a encontrar oportunidades de crecimiento\u201d.<\/h3>\n<h3>Bukele atribuye al referido plan la ca\u00edda en las cifras de homicidios hasta una tasa de 7,8 muertes violentas por cada 100.000 habitantes, con 495 casos. Pero ante este escenario el Observatorio Universitario de Derechos Humanos (OUDH) de la Universidad Centroamericana (UCA) de El Salvador se\u00f1al\u00f3 en un informe de abril pasado que la cifra oficial de homicidios de 2022 \u201cno es veraz\u201d y que podr\u00eda llegar a 659. Apunt\u00f3 tambi\u00e9n que esta cifra \u201cno incluye las osamentas humanas localizadas ni las muertes de presuntos pandilleros\u201d ocurridas en enfrentamientos armados con la Polic\u00eda y otros hechos de violencia, que en gobiernos anteriores s\u00ed se tomaban como homicidios, seg\u00fan precis\u00f3 tambi\u00e9n la agencia EFE.<\/h3>\n<h3>Tal como anunci\u00f3 Infobae a principios de este mes, la Fundaci\u00f3n Forever \u2014una organizaci\u00f3n sin fines de lucro que realiza proyectos de lucha contra la pobreza en El Salvador\u2014 present\u00f3 los resultados de sus 20 a\u00f1os de actividad en el pa\u00eds centroamericano y anunci\u00f3 un acuerdo con el gobierno de Nayib Bukele para que que su modelo de desarrollo social se convierta en una pol\u00edtica p\u00fablica del Estado salvadore\u00f1o.<\/h3>\n<h3>\u201cDespu\u00e9s de 20 a\u00f1os de lucha, buscando apoyo con todos los presidentes del pa\u00eds, Nayib Bukele se encargar\u00e1 de llevar la \u2018cultura de la integraci\u00f3n\u2019 como una pol\u00edtica social en todo el pa\u00eds\u201d, dijo entonces\u00a0 Alejandro Gutman, el presidente de la fundaci\u00f3n, durante un acto en aquel pa\u00eds.<\/h3>\n<h3>Gutman es el impulsor de un innovador modelo de desarrollo social basado en la \u201ccultura de la integraci\u00f3n\u201d, que busca generar salidas reales de la pobreza en un pa\u00eds marcado por altos \u00edndices de desigualdad y violencia. Entre otras cosas, Forever sell\u00f3 convenios de cooperaci\u00f3n con diferentes universidades y empresas del pa\u00eds para otorgar becas de estudio y de trabajo para j\u00f3venes de bajos ingresos y sus familias. En 2019, el modelo fue incorporado por el Estado salvadore\u00f1o en una ley votada por unanimidad. Y ahora consigui\u00f3 el respaldo del Ejecutivo.<\/h3>\n<h3>\u201cEs un cambio muy fuerte. Ahora vamos a poder involucrar a millones de personas\u201d, explic\u00f3 el empresario argentino a este medio semanas atr\u00e1s. \u201cDurante 20 a\u00f1os siento que he fracasado. Ahora, por primera vez siento que no. Por primera vez hay una decisi\u00f3n de transformaci\u00f3n, la voluntad de un nuevo modelo de desarrollo social\u201d, agreg\u00f3 entonces el argentino.<\/h3>\n<p>&nbsp;<\/p>\n","protected":false},"excerpt":{"rendered":"<p>Se trata de Alejandro Gutman, de larga trayectoria en el trabajo para mejorar las condiciones&#8230;<\/p>\n","protected":false},"author":1,"featured_media":3434,"comment_status":"closed","ping_status":"closed","sticky":false,"template":"","format":"standard","meta":{"footnotes":""},"categories":[5],"tags":[],"class_list":["post-3433","post","type-post","status-publish","format-standard","has-post-thumbnail","hentry","category-nacionales-internacionales"],"yoast_head":"<!-- This site is optimized with the Yoast SEO plugin v26.1.1 - https:\/\/yoast.com\/wordpress\/plugins\/seo\/ -->\n<title>BUKELE NOMBR\u00d3 A UN ARGENTINO AL FRENTE DE UNA NUEVA ETAPA DE SU PLAN DE SEGURIDAD EN EL SALVADOR - Apuntes de San Luis<\/title>\n<meta name=\"robots\" content=\"index, follow, max-snippet:-1, max-image-preview:large, max-video-preview:-1\" \/>\n<link rel=\"canonical\" href=\"https:\/\/apuntesdesanluis.com\/index.php\/2023\/09\/16\/bukele-nombro-a-un-argentino-al-frente-de-una-nueva-etapa-de-su-plan-de-seguridad-en-el-salvador\/\" \/>\n<meta property=\"og:locale\" content=\"es_ES\" \/>\n<meta property=\"og:type\" content=\"article\" \/>\n<meta property=\"og:title\" content=\"BUKELE NOMBR\u00d3 A UN ARGENTINO AL FRENTE DE UNA NUEVA ETAPA DE SU PLAN DE SEGURIDAD EN EL SALVADOR - Apuntes de San Luis\" \/>\n<meta property=\"og:description\" content=\"Se trata de Alejandro Gutman, de larga trayectoria en el trabajo para mejorar las condiciones...\" \/>\n<meta property=\"og:url\" content=\"https:\/\/apuntesdesanluis.com\/index.php\/2023\/09\/16\/bukele-nombro-a-un-argentino-al-frente-de-una-nueva-etapa-de-su-plan-de-seguridad-en-el-salvador\/\" \/>\n<meta property=\"og:site_name\" content=\"Apuntes de San Luis\" \/>\n<meta property=\"article:published_time\" content=\"2023-09-17T00:07:55+00:00\" \/>\n<meta property=\"og:image\" content=\"https:\/\/apuntesdesanluis.com\/wp-content\/uploads\/2023\/09\/gutman.png\" \/>\n\t<meta property=\"og:image:width\" content=\"768\" \/>\n\t<meta property=\"og:image:height\" content=\"475\" \/>\n\t<meta property=\"og:image:type\" content=\"image\/png\" \/>\n<meta name=\"author\" content=\"apuntesdesanluis.com\" \/>\n<meta name=\"twitter:card\" content=\"summary_large_image\" \/>\n<meta name=\"twitter:label1\" content=\"Escrito por\" \/>\n\t<meta name=\"twitter:data1\" content=\"apuntesdesanluis.com\" \/>\n\t<meta name=\"twitter:label2\" content=\"Tiempo de lectura\" \/>\n\t<meta name=\"twitter:data2\" content=\"4 minutos\" \/>\n<script type=\"application\/ld+json\" class=\"yoast-schema-graph\">{\"@context\":\"https:\/\/schema.org\",\"@graph\":[{\"@type\":\"Article\",\"@id\":\"https:\/\/apuntesdesanluis.com\/index.php\/2023\/09\/16\/bukele-nombro-a-un-argentino-al-frente-de-una-nueva-etapa-de-su-plan-de-seguridad-en-el-salvador\/#article\",\"isPartOf\":{\"@id\":\"https:\/\/apuntesdesanluis.com\/index.php\/2023\/09\/16\/bukele-nombro-a-un-argentino-al-frente-de-una-nueva-etapa-de-su-plan-de-seguridad-en-el-salvador\/\"},\"author\":{\"name\":\"apuntesdesanluis.com\",\"@id\":\"https:\/\/apuntesdesanluis.com\/#\/schema\/person\/b55151d52296fcce64d1a72538a70b90\"},\"headline\":\"BUKELE NOMBR\u00d3 A UN ARGENTINO AL FRENTE DE UNA NUEVA ETAPA DE SU PLAN DE SEGURIDAD EN EL SALVADOR\",\"datePublished\":\"2023-09-17T00:07:55+00:00\",\"mainEntityOfPage\":{\"@id\":\"https:\/\/apuntesdesanluis.com\/index.php\/2023\/09\/16\/bukele-nombro-a-un-argentino-al-frente-de-una-nueva-etapa-de-su-plan-de-seguridad-en-el-salvador\/\"},\"wordCount\":750,\"publisher\":{\"@id\":\"https:\/\/apuntesdesanluis.com\/#\/schema\/person\/b55151d52296fcce64d1a72538a70b90\"},\"image\":{\"@id\":\"https:\/\/apuntesdesanluis.com\/index.php\/2023\/09\/16\/bukele-nombro-a-un-argentino-al-frente-de-una-nueva-etapa-de-su-plan-de-seguridad-en-el-salvador\/#primaryimage\"},\"thumbnailUrl\":\"https:\/\/apuntesdesanluis.com\/wp-content\/uploads\/2023\/09\/gutman.png\",\"articleSection\":[\"Nacionales\/Internacionales\"],\"inLanguage\":\"es-AR\"},{\"@type\":\"WebPage\",\"@id\":\"https:\/\/apuntesdesanluis.com\/index.php\/2023\/09\/16\/bukele-nombro-a-un-argentino-al-frente-de-una-nueva-etapa-de-su-plan-de-seguridad-en-el-salvador\/\",\"url\":\"https:\/\/apuntesdesanluis.com\/index.php\/2023\/09\/16\/bukele-nombro-a-un-argentino-al-frente-de-una-nueva-etapa-de-su-plan-de-seguridad-en-el-salvador\/\",\"name\":\"BUKELE NOMBR\u00d3 A UN ARGENTINO AL FRENTE DE UNA NUEVA ETAPA DE SU PLAN DE SEGURIDAD EN EL SALVADOR - Apuntes de San Luis\",\"isPartOf\":{\"@id\":\"https:\/\/apuntesdesanluis.com\/#website\"},\"primaryImageOfPage\":{\"@id\":\"https:\/\/apuntesdesanluis.com\/index.php\/2023\/09\/16\/bukele-nombro-a-un-argentino-al-frente-de-una-nueva-etapa-de-su-plan-de-seguridad-en-el-salvador\/#primaryimage\"},\"image\":{\"@id\":\"https:\/\/apuntesdesanluis.com\/index.php\/2023\/09\/16\/bukele-nombro-a-un-argentino-al-frente-de-una-nueva-etapa-de-su-plan-de-seguridad-en-el-salvador\/#primaryimage\"},\"thumbnailUrl\":\"https:\/\/apuntesdesanluis.com\/wp-content\/uploads\/2023\/09\/gutman.png\",\"datePublished\":\"2023-09-17T00:07:55+00:00\",\"breadcrumb\":{\"@id\":\"https:\/\/apuntesdesanluis.com\/index.php\/2023\/09\/16\/bukele-nombro-a-un-argentino-al-frente-de-una-nueva-etapa-de-su-plan-de-seguridad-en-el-salvador\/#breadcrumb\"},\"inLanguage\":\"es-AR\",\"potentialAction\":[{\"@type\":\"ReadAction\",\"target\":[\"https:\/\/apuntesdesanluis.com\/index.php\/2023\/09\/16\/bukele-nombro-a-un-argentino-al-frente-de-una-nueva-etapa-de-su-plan-de-seguridad-en-el-salvador\/\"]}]},{\"@type\":\"ImageObject\",\"inLanguage\":\"es-AR\",\"@id\":\"https:\/\/apuntesdesanluis.com\/index.php\/2023\/09\/16\/bukele-nombro-a-un-argentino-al-frente-de-una-nueva-etapa-de-su-plan-de-seguridad-en-el-salvador\/#primaryimage\",\"url\":\"https:\/\/apuntesdesanluis.com\/wp-content\/uploads\/2023\/09\/gutman.png\",\"contentUrl\":\"https:\/\/apuntesdesanluis.com\/wp-content\/uploads\/2023\/09\/gutman.png\",\"width\":768,\"height\":475},{\"@type\":\"BreadcrumbList\",\"@id\":\"https:\/\/apuntesdesanluis.com\/index.php\/2023\/09\/16\/bukele-nombro-a-un-argentino-al-frente-de-una-nueva-etapa-de-su-plan-de-seguridad-en-el-salvador\/#breadcrumb\",\"itemListElement\":[{\"@type\":\"ListItem\",\"position\":1,\"name\":\"Inicio\",\"item\":\"https:\/\/apuntesdesanluis.com\/\"},{\"@type\":\"ListItem\",\"position\":2,\"name\":\"BUKELE NOMBR\u00d3 A UN ARGENTINO AL FRENTE DE UNA NUEVA ETAPA DE SU PLAN DE SEGURIDAD EN EL SALVADOR\"}]},{\"@type\":\"WebSite\",\"@id\":\"https:\/\/apuntesdesanluis.com\/#website\",\"url\":\"https:\/\/apuntesdesanluis.com\/\",\"name\":\"Apuntes de San Luis\",\"description\":\"\",\"publisher\":{\"@id\":\"https:\/\/apuntesdesanluis.com\/#\/schema\/person\/b55151d52296fcce64d1a72538a70b90\"},\"potentialAction\":[{\"@type\":\"SearchAction\",\"target\":{\"@type\":\"EntryPoint\",\"urlTemplate\":\"https:\/\/apuntesdesanluis.com\/?s={search_term_string}\"},\"query-input\":{\"@type\":\"PropertyValueSpecification\",\"valueRequired\":true,\"valueName\":\"search_term_string\"}}],\"inLanguage\":\"es-AR\"},{\"@type\":[\"Person\",\"Organization\"],\"@id\":\"https:\/\/apuntesdesanluis.com\/#\/schema\/person\/b55151d52296fcce64d1a72538a70b90\",\"name\":\"apuntesdesanluis.com\",\"image\":{\"@type\":\"ImageObject\",\"inLanguage\":\"es-AR\",\"@id\":\"https:\/\/apuntesdesanluis.com\/#\/schema\/person\/image\/\",\"url\":\"https:\/\/apuntesdesanluis.com\/wp-content\/uploads\/2023\/07\/cropped-apuntesdesanluis.png\",\"contentUrl\":\"https:\/\/apuntesdesanluis.com\/wp-content\/uploads\/2023\/07\/cropped-apuntesdesanluis.png\",\"width\":450,\"height\":112,\"caption\":\"apuntesdesanluis.com\"},\"logo\":{\"@id\":\"https:\/\/apuntesdesanluis.com\/#\/schema\/person\/image\/\"},\"sameAs\":[\"https:\/\/apuntesdesanluis.com\"],\"url\":\"https:\/\/apuntesdesanluis.com\/index.php\/author\/apuntesdesanluis-com\/\"}]}<\/script>\n<!-- \/ Yoast SEO plugin. -->","yoast_head_json":{"title":"BUKELE NOMBR\u00d3 A UN ARGENTINO AL FRENTE DE UNA NUEVA ETAPA DE SU PLAN DE SEGURIDAD EN EL SALVADOR - Apuntes de San Luis","robots":{"index":"index","follow":"follow","max-snippet":"max-snippet:-1","max-image-preview":"max-image-preview:large","max-video-preview":"max-video-preview:-1"},"canonical":"https:\/\/apuntesdesanluis.com\/index.php\/2023\/09\/16\/bukele-nombro-a-un-argentino-al-frente-de-una-nueva-etapa-de-su-plan-de-seguridad-en-el-salvador\/","og_locale":"es_ES","og_type":"article","og_title":"BUKELE NOMBR\u00d3 A UN ARGENTINO AL FRENTE DE UNA NUEVA ETAPA DE SU PLAN DE SEGURIDAD EN EL SALVADOR - Apuntes de San Luis","og_description":"Se trata de Alejandro Gutman, de larga trayectoria en el trabajo para mejorar las condiciones...","og_url":"https:\/\/apuntesdesanluis.com\/index.php\/2023\/09\/16\/bukele-nombro-a-un-argentino-al-frente-de-una-nueva-etapa-de-su-plan-de-seguridad-en-el-salvador\/","og_site_name":"Apuntes de San Luis","article_published_time":"2023-09-17T00:07:55+00:00","og_image":[{"width":768,"height":475,"url":"https:\/\/apuntesdesanluis.com\/wp-content\/uploads\/2023\/09\/gutman.png","type":"image\/png"}],"author":"apuntesdesanluis.com","twitter_card":"summary_large_image","twitter_misc":{"Escrito por":"apuntesdesanluis.com","Tiempo de lectura":"4 minutos"},"schema":{"@context":"https:\/\/schema.org","@graph":[{"@type":"Article","@id":"https:\/\/apuntesdesanluis.com\/index.php\/2023\/09\/16\/bukele-nombro-a-un-argentino-al-frente-de-una-nueva-etapa-de-su-plan-de-seguridad-en-el-salvador\/#article","isPartOf":{"@id":"https:\/\/apuntesdesanluis.com\/index.php\/2023\/09\/16\/bukele-nombro-a-un-argentino-al-frente-de-una-nueva-etapa-de-su-plan-de-seguridad-en-el-salvador\/"},"author":{"name":"apuntesdesanluis.com","@id":"https:\/\/apuntesdesanluis.com\/#\/schema\/person\/b55151d52296fcce64d1a72538a70b90"},"headline":"BUKELE NOMBR\u00d3 A UN ARGENTINO AL FRENTE DE UNA NUEVA ETAPA DE SU PLAN DE SEGURIDAD EN EL SALVADOR","datePublished":"2023-09-17T00:07:55+00:00","mainEntityOfPage":{"@id":"https:\/\/apuntesdesanluis.com\/index.php\/2023\/09\/16\/bukele-nombro-a-un-argentino-al-frente-de-una-nueva-etapa-de-su-plan-de-seguridad-en-el-salvador\/"},"wordCount":750,"publisher":{"@id":"https:\/\/apuntesdesanluis.com\/#\/schema\/person\/b55151d52296fcce64d1a72538a70b90"},"image":{"@id":"https:\/\/apuntesdesanluis.com\/index.php\/2023\/09\/16\/bukele-nombro-a-un-argentino-al-frente-de-una-nueva-etapa-de-su-plan-de-seguridad-en-el-salvador\/#primaryimage"},"thumbnailUrl":"https:\/\/apuntesdesanluis.com\/wp-content\/uploads\/2023\/09\/gutman.png","articleSection":["Nacionales\/Internacionales"],"inLanguage":"es-AR"},{"@type":"WebPage","@id":"https:\/\/apuntesdesanluis.com\/index.php\/2023\/09\/16\/bukele-nombro-a-un-argentino-al-frente-de-una-nueva-etapa-de-su-plan-de-seguridad-en-el-salvador\/","url":"https:\/\/apuntesdesanluis.com\/index.php\/2023\/09\/16\/bukele-nombro-a-un-argentino-al-frente-de-una-nueva-etapa-de-su-plan-de-seguridad-en-el-salvador\/","name":"BUKELE NOMBR\u00d3 A UN ARGENTINO AL FRENTE DE UNA NUEVA ETAPA DE SU PLAN DE SEGURIDAD EN EL SALVADOR - Apuntes de San Luis","isPartOf":{"@id":"https:\/\/apuntesdesanluis.com\/#website"},"primaryImageOfPage":{"@id":"https:\/\/apuntesdesanluis.com\/index.php\/2023\/09\/16\/bukele-nombro-a-un-argentino-al-frente-de-una-nueva-etapa-de-su-plan-de-seguridad-en-el-salvador\/#primaryimage"},"image":{"@id":"https:\/\/apuntesdesanluis.com\/index.php\/2023\/09\/16\/bukele-nombro-a-un-argentino-al-frente-de-una-nueva-etapa-de-su-plan-de-seguridad-en-el-salvador\/#primaryimage"},"thumbnailUrl":"https:\/\/apuntesdesanluis.com\/wp-content\/uploads\/2023\/09\/gutman.png","datePublished":"2023-09-17T00:07:55+00:00","breadcrumb":{"@id":"https:\/\/apuntesdesanluis.com\/index.php\/2023\/09\/16\/bukele-nombro-a-un-argentino-al-frente-de-una-nueva-etapa-de-su-plan-de-seguridad-en-el-salvador\/#breadcrumb"},"inLanguage":"es-AR","potentialAction":[{"@type":"ReadAction","target":["https:\/\/apuntesdesanluis.com\/index.php\/2023\/09\/16\/bukele-nombro-a-un-argentino-al-frente-de-una-nueva-etapa-de-su-plan-de-seguridad-en-el-salvador\/"]}]},{"@type":"ImageObject","inLanguage":"es-AR","@id":"https:\/\/apuntesdesanluis.com\/index.php\/2023\/09\/16\/bukele-nombro-a-un-argentino-al-frente-de-una-nueva-etapa-de-su-plan-de-seguridad-en-el-salvador\/#primaryimage","url":"https:\/\/apuntesdesanluis.com\/wp-content\/uploads\/2023\/09\/gutman.png","contentUrl":"https:\/\/apuntesdesanluis.com\/wp-content\/uploads\/2023\/09\/gutman.png","width":768,"height":475},{"@type":"BreadcrumbList","@id":"https:\/\/apuntesdesanluis.com\/index.php\/2023\/09\/16\/bukele-nombro-a-un-argentino-al-frente-de-una-nueva-etapa-de-su-plan-de-seguridad-en-el-salvador\/#breadcrumb","itemListElement":[{"@type":"ListItem","position":1,"name":"Inicio","item":"https:\/\/apuntesdesanluis.com\/"},{"@type":"ListItem","position":2,"name":"BUKELE NOMBR\u00d3 A UN ARGENTINO AL FRENTE DE UNA NUEVA ETAPA DE SU PLAN DE SEGURIDAD EN EL SALVADOR"}]},{"@type":"WebSite","@id":"https:\/\/apuntesdesanluis.com\/#website","url":"https:\/\/apuntesdesanluis.com\/","name":"Apuntes de San Luis","description":"","publisher":{"@id":"https:\/\/apuntesdesanluis.com\/#\/schema\/person\/b55151d52296fcce64d1a72538a70b90"},"potentialAction":[{"@type":"SearchAction","target":{"@type":"EntryPoint","urlTemplate":"https:\/\/apuntesdesanluis.com\/?s={search_term_string}"},"query-input":{"@type":"PropertyValueSpecification","valueRequired":true,"valueName":"search_term_string"}}],"inLanguage":"es-AR"},{"@type":["Person","Organization"],"@id":"https:\/\/apuntesdesanluis.com\/#\/schema\/person\/b55151d52296fcce64d1a72538a70b90","name":"apuntesdesanluis.com","image":{"@type":"ImageObject","inLanguage":"es-AR","@id":"https:\/\/apuntesdesanluis.com\/#\/schema\/person\/image\/","url":"https:\/\/apuntesdesanluis.com\/wp-content\/uploads\/2023\/07\/cropped-apuntesdesanluis.png","contentUrl":"https:\/\/apuntesdesanluis.com\/wp-content\/uploads\/2023\/07\/cropped-apuntesdesanluis.png","width":450,"height":112,"caption":"apuntesdesanluis.com"},"logo":{"@id":"https:\/\/apuntesdesanluis.com\/#\/schema\/person\/image\/"},"sameAs":["https:\/\/apuntesdesanluis.com"],"url":"https:\/\/apuntesdesanluis.com\/index.php\/author\/apuntesdesanluis-com\/"}]}},"featured_image_urls":{"full":["https:\/\/apuntesdesanluis.com\/wp-content\/uploads\/2023\/09\/gutman.png",768,475,false],"thumbnail":["https:\/\/apuntesdesanluis.com\/wp-content\/uploads\/2023\/09\/gutman-150x150.png",150,150,true],"medium":["https:\/\/apuntesdesanluis.com\/wp-content\/uploads\/2023\/09\/gutman-300x186.png",300,186,true],"medium_large":["https:\/\/apuntesdesanluis.com\/wp-content\/uploads\/2023\/09\/gutman.png",640,396,false],"large":["https:\/\/apuntesdesanluis.com\/wp-content\/uploads\/2023\/09\/gutman.png",640,396,false],"1536x1536":["https:\/\/apuntesdesanluis.com\/wp-content\/uploads\/2023\/09\/gutman.png",768,475,false],"2048x2048":["https:\/\/apuntesdesanluis.com\/wp-content\/uploads\/2023\/09\/gutman.png",768,475,false],"newsever-slider-full":["https:\/\/apuntesdesanluis.com\/wp-content\/uploads\/2023\/09\/gutman.png",768,475,false],"newsever-featured":["https:\/\/apuntesdesanluis.com\/wp-content\/uploads\/2023\/09\/gutman.png",768,475,false],"newsever-medium":["https:\/\/apuntesdesanluis.com\/wp-content\/uploads\/2023\/09\/gutman-720x475.png",720,475,true]},"author_info":{"display_name":"apuntesdesanluis.com","author_link":"https:\/\/apuntesdesanluis.com\/index.php\/author\/apuntesdesanluis-com\/"},"category_info":"<a href=\"https:\/\/apuntesdesanluis.com\/index.php\/category\/nacionales-internacionales\/\" rel=\"category tag\">Nacionales\/Internacionales<\/a>","tag_info":"Nacionales\/Internacionales","comment_count":"0","_links":{"self":[{"href":"https:\/\/apuntesdesanluis.com\/index.php\/wp-json\/wp\/v2\/posts\/3433","targetHints":{"allow":["GET"]}}],"collection":[{"href":"https:\/\/apuntesdesanluis.com\/index.php\/wp-json\/wp\/v2\/posts"}],"about":[{"href":"https:\/\/apuntesdesanluis.com\/index.php\/wp-json\/wp\/v2\/types\/post"}],"author":[{"embeddable":true,"href":"https:\/\/apuntesdesanluis.com\/index.php\/wp-json\/wp\/v2\/users\/1"}],"replies":[{"embeddable":true,"href":"https:\/\/apuntesdesanluis.com\/index.php\/wp-json\/wp\/v2\/comments?post=3433"}],"version-history":[{"count":1,"href":"https:\/\/apuntesdesanluis.com\/index.php\/wp-json\/wp\/v2\/posts\/3433\/revisions"}],"predecessor-version":[{"id":3436,"href":"https:\/\/apuntesdesanluis.com\/index.php\/wp-json\/wp\/v2\/posts\/3433\/revisions\/3436"}],"wp:featuredmedia":[{"embeddable":true,"href":"https:\/\/apuntesdesanluis.com\/index.php\/wp-json\/wp\/v2\/media\/3434"}],"wp:attachment":[{"href":"https:\/\/apuntesdesanluis.com\/index.php\/wp-json\/wp\/v2\/media?parent=3433"}],"wp:term":[{"taxonomy":"category","embeddable":true,"href":"https:\/\/apuntesdesanluis.com\/index.php\/wp-json\/wp\/v2\/categories?post=3433"},{"taxonomy":"post_tag","embeddable":true,"href":"https:\/\/apuntesdesanluis.com\/index.php\/wp-json\/wp\/v2\/tags?post=3433"}],"curies":[{"name":"wp","href":"https:\/\/api.w.org\/{rel}","templated":true}]}}