{"id":3437,"date":"2023-09-17T12:35:23","date_gmt":"2023-09-17T15:35:23","guid":{"rendered":"https:\/\/apuntesdesanluis.com\/?p=3437"},"modified":"2023-09-17T23:00:10","modified_gmt":"2023-09-18T02:00:10","slug":"milei-barrionuevo-y-la-casta-sindical","status":"publish","type":"post","link":"https:\/\/apuntesdesanluis.com\/index.php\/2023\/09\/17\/milei-barrionuevo-y-la-casta-sindical\/","title":{"rendered":"MILEI, BARRIONUEVO Y LA CASTA SINDICAL"},"content":{"rendered":"<h3>Por <em><strong>Javier Calvo *<\/strong><\/em><\/h3>\n<h3>Aunque culturalmente aqu\u00ed y en otras latitudes ya se impuso el concepto de \u201ccasta\u201d para atraer votos, a\u00fan es dif\u00edcil comprender la doble vara de <strong>Javier Milei<\/strong> para definir qui\u00e9n la integra y qui\u00e9n no. En estos d\u00edas dio la en\u00e9sima prueba de ello respecto a la dirigencia gremial.<\/h3>\n<h3>Ya resultaba algo curioso que mientras acumulaba millas de diatribas contra gran parte de la clase pol\u00edtica (pese a que en algunos casos lo proveyeron de candidaturas en las listas de LLA), empresaria, cultural, cient\u00edfica y hasta el Papa, los sindicalistas estaban excluidos. Se ventilaron, incluso, videos de archivo marchando junto a Hugo Moyano.<\/h3>\n<h3>Semejante olvido empez\u00f3 a aclararse cuando se conoci\u00f3 que Milei se hab\u00eda reunido en secreto con <strong>Gerardo Mart\u00ednez<\/strong>, el capo de la Uocra. El asunto que los reuni\u00f3, supuestamente, fue el inter\u00e9s del libertario por el sistema indemnizatorio en la construcci\u00f3n, diferente al formato cl\u00e1sico.<\/h3>\n<h3>Una luz m\u00e1s potente se pos\u00f3 sobre el tema al lavarse las manos por TV, ante el colega Jos\u00e9 del R\u00edo, de las reelecciones eternas de los popes gremiales: \u201cEs un problema que tendr\u00e1n que encontrar la soluci\u00f3n los trabajadores. No tengo que estar rompiendo yo una instituci\u00f3n\u201d. Qu\u00e9 llamativo, ya que en la plataforma electoral de LLA figura una reforma sindical que incluye una ley para democratizar las organizaciones y limitar la reelecci\u00f3n.<\/h3>\n<h3>Pero la claridad total, pr\u00e1cticamente enceguecedora, lleg\u00f3 cuando se divulg\u00f3 que esta semana Milei se junt\u00f3 con el cacique gastron\u00f3mico <strong>Luis Barrionuevo<\/strong>, acaso el sindicalista con mayor cantidad de saltos ornamentales en la pol\u00edtica argentina moderna.<\/h3>\n<p><img fetchpriority=\"high\" decoding=\"async\" class=\"wp-image-3439 aligncenter\" src=\"https:\/\/apuntesdesanluis.com\/wp-content\/uploads\/2023\/09\/milei-con-barrionuevo-y-martinez-300x142.png\" alt=\"\" width=\"663\" height=\"314\" srcset=\"https:\/\/apuntesdesanluis.com\/wp-content\/uploads\/2023\/09\/milei-con-barrionuevo-y-martinez-300x142.png 300w, https:\/\/apuntesdesanluis.com\/wp-content\/uploads\/2023\/09\/milei-con-barrionuevo-y-martinez.png 742w\" sizes=\"(max-width: 663px) 100vw, 663px\" \/><\/p>\n<h3>Si bien se lanz\u00f3 a la fama por autotitularse \u201crecontralcahuete\u201d de Carlos Menem ya en la interna peronista con Antonio Cafiero, quien agrupaba a la mayor\u00eda de los gremios poderosos, Barrionuevo hab\u00eda llegado a la c\u00faspide de su sindicato en plena dictadura, cuando muchos de sus compa\u00f1eros eran secuestrados o se exiliaban.<\/h3>\n<h3>Con Menem tuvo su momento de gloria, que lo catapult\u00f3 al frente de la Administraci\u00f3n Nacional del Seguro de Salud (Anssal), donde se distribu\u00edan los fondos para las obras sociales. Tuvo varias denuncias que no avanzaron en la Justicia.<\/h3>\n<h3>Por esos tiempos lanz\u00f3 su m\u00e1xima hist\u00f3rica en un reportaje televisivo: \u201cAc\u00e1 hay que dejar de robar por dos a\u00f1os\u201d. El sincericidio parec\u00eda una f\u00f3rmula m\u00e1gica hacia el desarrollo. Nunca se cumpli\u00f3.<\/h3>\n<h3>Su inolvidable paso por la funci\u00f3n p\u00fablica menemista le granje\u00f3 relaciones fruct\u00edferas. Una de ellas fue con Enrique \u2018Coti\u2019 Nosiglia, junto a quien fue denunciado por irregularidades en el PAMI durante el gobierno de Fernando de la R\u00faa.<\/h3>\n<h3>Los procesos que se le abrieron fueron quedando en la nada, mientras consegu\u00eda en ese mismo terreno judicial avanzar contra sus enemigos. Am\u00e9n de buenos abogados, en la Justicia se le adjudican s\u00f3lidos contactos con varios integrantes del cuerpo. Entre los nombres resalta el de Mar\u00eda Romilda Servini, jueza federal penal y en lo electoral.<\/h3>\n<h3>Antikirchnerista furioso, intent\u00f3 ser gobernador de su Catamarca natal en vano. En uno de esos comicios provinciales, mand\u00f3 a sus partidarios a quemar urnas.<\/h3>\n<h3>LA CASTA AVANZA<\/h3>\n<h3>Sus mutaciones continuaron. Se ali\u00f3 con Mauricio Macri y tom\u00f3 distancia con el declive de Cambiemos. La voltereta tuvo un pen\u00faltimo giro que dur\u00f3 hasta el 24 de junio \u00faltimo, al patrocinar la precandidatura presidencial de Eduardo \u2018Wado\u2019 de Pedro. Al ministro del Interior lo bajaron para que vaya Sergio Massa, pero Barrionuevo volvi\u00f3 a demostrar que sus principios son unos, pero pueden ser otros.<\/h3>\n<h3>La \u00faltima pirueta, por el momento, se ejecut\u00f3 tras el triunfo de Milei en las PASO. En una entrevista, el jefe sindical sostuvo que el libertario le hac\u00eda acordar a Menem y que pod\u00eda vencer en primera vuelta.<\/h3>\n<h3>La cumbre entre ellos tard\u00f3 nada, luego de esa declaraci\u00f3n y del puente que se habr\u00eda construido con participaci\u00f3n de F\u00e1tima Florez. La flamante pareja del candidato actu\u00f3 asiduamente en el Hotel Sasso de Mar del Plata, propiedad de los gastron\u00f3micos de Barrionuevo.<\/h3>\n<h3>Seg\u00fan dejaron trascender, el encuentro entre ellos fue ameno y charlaron sobre los desaf\u00edos del mundo laboral moderno.<\/h3>\n<h3>Milei fue preguntado en televisi\u00f3n por esa reuni\u00f3n con Barrionuevo, en tono cr\u00edtico. \u201cAl menos \u00e9l vive de la de los sindicatos\u201d, lo defendi\u00f3 el candidato libertario. Una doble vara peculiar.<\/h3>\n<h3><strong><em>* Columnista Diario Perfil<\/em><\/strong><\/h3>\n<p>&nbsp;<\/p>\n<p>&nbsp;<\/p>\n<p>&nbsp;<\/p>\n","protected":false},"excerpt":{"rendered":"<p>Por Javier Calvo * Aunque culturalmente aqu\u00ed y en otras latitudes ya se impuso el&#8230;<\/p>\n","protected":false},"author":1,"featured_media":3438,"comment_status":"closed","ping_status":"closed","sticky":false,"template":"","format":"standard","meta":{"footnotes":""},"categories":[9],"tags":[],"class_list":["post-3437","post","type-post","status-publish","format-standard","has-post-thumbnail","hentry","category-opinion"],"yoast_head":"<!-- This site is optimized with the Yoast SEO plugin v26.1.1 - https:\/\/yoast.com\/wordpress\/plugins\/seo\/ -->\n<title>MILEI, BARRIONUEVO Y LA CASTA SINDICAL - Apuntes de San Luis<\/title>\n<meta name=\"robots\" content=\"index, follow, max-snippet:-1, max-image-preview:large, max-video-preview:-1\" \/>\n<link rel=\"canonical\" href=\"https:\/\/apuntesdesanluis.com\/index.php\/2023\/09\/17\/milei-barrionuevo-y-la-casta-sindical\/\" \/>\n<meta property=\"og:locale\" content=\"es_ES\" \/>\n<meta property=\"og:type\" content=\"article\" \/>\n<meta property=\"og:title\" content=\"MILEI, BARRIONUEVO Y LA CASTA SINDICAL - Apuntes de San Luis\" \/>\n<meta property=\"og:description\" content=\"Por Javier Calvo * Aunque culturalmente aqu\u00ed y en otras latitudes ya se impuso el...\" \/>\n<meta property=\"og:url\" content=\"https:\/\/apuntesdesanluis.com\/index.php\/2023\/09\/17\/milei-barrionuevo-y-la-casta-sindical\/\" \/>\n<meta property=\"og:site_name\" content=\"Apuntes de San Luis\" \/>\n<meta property=\"article:published_time\" content=\"2023-09-17T15:35:23+00:00\" \/>\n<meta property=\"article:modified_time\" content=\"2023-09-18T02:00:10+00:00\" \/>\n<meta property=\"og:image\" content=\"https:\/\/apuntesdesanluis.com\/wp-content\/uploads\/2023\/09\/milei-barrionuevo.png\" \/>\n\t<meta property=\"og:image:width\" content=\"713\" \/>\n\t<meta property=\"og:image:height\" content=\"403\" \/>\n\t<meta property=\"og:image:type\" content=\"image\/png\" \/>\n<meta name=\"author\" content=\"apuntesdesanluis.com\" \/>\n<meta name=\"twitter:card\" content=\"summary_large_image\" \/>\n<meta name=\"twitter:label1\" content=\"Escrito por\" \/>\n\t<meta name=\"twitter:data1\" content=\"apuntesdesanluis.com\" \/>\n\t<meta name=\"twitter:label2\" content=\"Tiempo de lectura\" \/>\n\t<meta name=\"twitter:data2\" content=\"4 minutos\" \/>\n<script type=\"application\/ld+json\" class=\"yoast-schema-graph\">{\"@context\":\"https:\/\/schema.org\",\"@graph\":[{\"@type\":\"Article\",\"@id\":\"https:\/\/apuntesdesanluis.com\/index.php\/2023\/09\/17\/milei-barrionuevo-y-la-casta-sindical\/#article\",\"isPartOf\":{\"@id\":\"https:\/\/apuntesdesanluis.com\/index.php\/2023\/09\/17\/milei-barrionuevo-y-la-casta-sindical\/\"},\"author\":{\"name\":\"apuntesdesanluis.com\",\"@id\":\"https:\/\/apuntesdesanluis.com\/#\/schema\/person\/b55151d52296fcce64d1a72538a70b90\"},\"headline\":\"MILEI, BARRIONUEVO Y LA CASTA SINDICAL\",\"datePublished\":\"2023-09-17T15:35:23+00:00\",\"dateModified\":\"2023-09-18T02:00:10+00:00\",\"mainEntityOfPage\":{\"@id\":\"https:\/\/apuntesdesanluis.com\/index.php\/2023\/09\/17\/milei-barrionuevo-y-la-casta-sindical\/\"},\"wordCount\":765,\"publisher\":{\"@id\":\"https:\/\/apuntesdesanluis.com\/#\/schema\/person\/b55151d52296fcce64d1a72538a70b90\"},\"image\":{\"@id\":\"https:\/\/apuntesdesanluis.com\/index.php\/2023\/09\/17\/milei-barrionuevo-y-la-casta-sindical\/#primaryimage\"},\"thumbnailUrl\":\"https:\/\/apuntesdesanluis.com\/wp-content\/uploads\/2023\/09\/milei-barrionuevo.png\",\"articleSection\":[\"Opini\u00f3n\"],\"inLanguage\":\"es-AR\"},{\"@type\":\"WebPage\",\"@id\":\"https:\/\/apuntesdesanluis.com\/index.php\/2023\/09\/17\/milei-barrionuevo-y-la-casta-sindical\/\",\"url\":\"https:\/\/apuntesdesanluis.com\/index.php\/2023\/09\/17\/milei-barrionuevo-y-la-casta-sindical\/\",\"name\":\"MILEI, BARRIONUEVO Y LA CASTA SINDICAL - Apuntes de San Luis\",\"isPartOf\":{\"@id\":\"https:\/\/apuntesdesanluis.com\/#website\"},\"primaryImageOfPage\":{\"@id\":\"https:\/\/apuntesdesanluis.com\/index.php\/2023\/09\/17\/milei-barrionuevo-y-la-casta-sindical\/#primaryimage\"},\"image\":{\"@id\":\"https:\/\/apuntesdesanluis.com\/index.php\/2023\/09\/17\/milei-barrionuevo-y-la-casta-sindical\/#primaryimage\"},\"thumbnailUrl\":\"https:\/\/apuntesdesanluis.com\/wp-content\/uploads\/2023\/09\/milei-barrionuevo.png\",\"datePublished\":\"2023-09-17T15:35:23+00:00\",\"dateModified\":\"2023-09-18T02:00:10+00:00\",\"breadcrumb\":{\"@id\":\"https:\/\/apuntesdesanluis.com\/index.php\/2023\/09\/17\/milei-barrionuevo-y-la-casta-sindical\/#breadcrumb\"},\"inLanguage\":\"es-AR\",\"potentialAction\":[{\"@type\":\"ReadAction\",\"target\":[\"https:\/\/apuntesdesanluis.com\/index.php\/2023\/09\/17\/milei-barrionuevo-y-la-casta-sindical\/\"]}]},{\"@type\":\"ImageObject\",\"inLanguage\":\"es-AR\",\"@id\":\"https:\/\/apuntesdesanluis.com\/index.php\/2023\/09\/17\/milei-barrionuevo-y-la-casta-sindical\/#primaryimage\",\"url\":\"https:\/\/apuntesdesanluis.com\/wp-content\/uploads\/2023\/09\/milei-barrionuevo.png\",\"contentUrl\":\"https:\/\/apuntesdesanluis.com\/wp-content\/uploads\/2023\/09\/milei-barrionuevo.png\",\"width\":713,\"height\":403},{\"@type\":\"BreadcrumbList\",\"@id\":\"https:\/\/apuntesdesanluis.com\/index.php\/2023\/09\/17\/milei-barrionuevo-y-la-casta-sindical\/#breadcrumb\",\"itemListElement\":[{\"@type\":\"ListItem\",\"position\":1,\"name\":\"Inicio\",\"item\":\"https:\/\/apuntesdesanluis.com\/\"},{\"@type\":\"ListItem\",\"position\":2,\"name\":\"MILEI, BARRIONUEVO Y LA CASTA SINDICAL\"}]},{\"@type\":\"WebSite\",\"@id\":\"https:\/\/apuntesdesanluis.com\/#website\",\"url\":\"https:\/\/apuntesdesanluis.com\/\",\"name\":\"Apuntes de San Luis\",\"description\":\"\",\"publisher\":{\"@id\":\"https:\/\/apuntesdesanluis.com\/#\/schema\/person\/b55151d52296fcce64d1a72538a70b90\"},\"potentialAction\":[{\"@type\":\"SearchAction\",\"target\":{\"@type\":\"EntryPoint\",\"urlTemplate\":\"https:\/\/apuntesdesanluis.com\/?s={search_term_string}\"},\"query-input\":{\"@type\":\"PropertyValueSpecification\",\"valueRequired\":true,\"valueName\":\"search_term_string\"}}],\"inLanguage\":\"es-AR\"},{\"@type\":[\"Person\",\"Organization\"],\"@id\":\"https:\/\/apuntesdesanluis.com\/#\/schema\/person\/b55151d52296fcce64d1a72538a70b90\",\"name\":\"apuntesdesanluis.com\",\"image\":{\"@type\":\"ImageObject\",\"inLanguage\":\"es-AR\",\"@id\":\"https:\/\/apuntesdesanluis.com\/#\/schema\/person\/image\/\",\"url\":\"https:\/\/apuntesdesanluis.com\/wp-content\/uploads\/2023\/07\/cropped-apuntesdesanluis.png\",\"contentUrl\":\"https:\/\/apuntesdesanluis.com\/wp-content\/uploads\/2023\/07\/cropped-apuntesdesanluis.png\",\"width\":450,\"height\":112,\"caption\":\"apuntesdesanluis.com\"},\"logo\":{\"@id\":\"https:\/\/apuntesdesanluis.com\/#\/schema\/person\/image\/\"},\"sameAs\":[\"https:\/\/apuntesdesanluis.com\"],\"url\":\"https:\/\/apuntesdesanluis.com\/index.php\/author\/apuntesdesanluis-com\/\"}]}<\/script>\n<!-- \/ Yoast SEO plugin. -->","yoast_head_json":{"title":"MILEI, BARRIONUEVO Y LA CASTA SINDICAL - Apuntes de San Luis","robots":{"index":"index","follow":"follow","max-snippet":"max-snippet:-1","max-image-preview":"max-image-preview:large","max-video-preview":"max-video-preview:-1"},"canonical":"https:\/\/apuntesdesanluis.com\/index.php\/2023\/09\/17\/milei-barrionuevo-y-la-casta-sindical\/","og_locale":"es_ES","og_type":"article","og_title":"MILEI, BARRIONUEVO Y LA CASTA SINDICAL - Apuntes de San Luis","og_description":"Por Javier Calvo * Aunque culturalmente aqu\u00ed y en otras latitudes ya se impuso el...","og_url":"https:\/\/apuntesdesanluis.com\/index.php\/2023\/09\/17\/milei-barrionuevo-y-la-casta-sindical\/","og_site_name":"Apuntes de San Luis","article_published_time":"2023-09-17T15:35:23+00:00","article_modified_time":"2023-09-18T02:00:10+00:00","og_image":[{"width":713,"height":403,"url":"https:\/\/apuntesdesanluis.com\/wp-content\/uploads\/2023\/09\/milei-barrionuevo.png","type":"image\/png"}],"author":"apuntesdesanluis.com","twitter_card":"summary_large_image","twitter_misc":{"Escrito por":"apuntesdesanluis.com","Tiempo de lectura":"4 minutos"},"schema":{"@context":"https:\/\/schema.org","@graph":[{"@type":"Article","@id":"https:\/\/apuntesdesanluis.com\/index.php\/2023\/09\/17\/milei-barrionuevo-y-la-casta-sindical\/#article","isPartOf":{"@id":"https:\/\/apuntesdesanluis.com\/index.php\/2023\/09\/17\/milei-barrionuevo-y-la-casta-sindical\/"},"author":{"name":"apuntesdesanluis.com","@id":"https:\/\/apuntesdesanluis.com\/#\/schema\/person\/b55151d52296fcce64d1a72538a70b90"},"headline":"MILEI, BARRIONUEVO Y LA CASTA SINDICAL","datePublished":"2023-09-17T15:35:23+00:00","dateModified":"2023-09-18T02:00:10+00:00","mainEntityOfPage":{"@id":"https:\/\/apuntesdesanluis.com\/index.php\/2023\/09\/17\/milei-barrionuevo-y-la-casta-sindical\/"},"wordCount":765,"publisher":{"@id":"https:\/\/apuntesdesanluis.com\/#\/schema\/person\/b55151d52296fcce64d1a72538a70b90"},"image":{"@id":"https:\/\/apuntesdesanluis.com\/index.php\/2023\/09\/17\/milei-barrionuevo-y-la-casta-sindical\/#primaryimage"},"thumbnailUrl":"https:\/\/apuntesdesanluis.com\/wp-content\/uploads\/2023\/09\/milei-barrionuevo.png","articleSection":["Opini\u00f3n"],"inLanguage":"es-AR"},{"@type":"WebPage","@id":"https:\/\/apuntesdesanluis.com\/index.php\/2023\/09\/17\/milei-barrionuevo-y-la-casta-sindical\/","url":"https:\/\/apuntesdesanluis.com\/index.php\/2023\/09\/17\/milei-barrionuevo-y-la-casta-sindical\/","name":"MILEI, BARRIONUEVO Y LA CASTA SINDICAL - Apuntes de San Luis","isPartOf":{"@id":"https:\/\/apuntesdesanluis.com\/#website"},"primaryImageOfPage":{"@id":"https:\/\/apuntesdesanluis.com\/index.php\/2023\/09\/17\/milei-barrionuevo-y-la-casta-sindical\/#primaryimage"},"image":{"@id":"https:\/\/apuntesdesanluis.com\/index.php\/2023\/09\/17\/milei-barrionuevo-y-la-casta-sindical\/#primaryimage"},"thumbnailUrl":"https:\/\/apuntesdesanluis.com\/wp-content\/uploads\/2023\/09\/milei-barrionuevo.png","datePublished":"2023-09-17T15:35:23+00:00","dateModified":"2023-09-18T02:00:10+00:00","breadcrumb":{"@id":"https:\/\/apuntesdesanluis.com\/index.php\/2023\/09\/17\/milei-barrionuevo-y-la-casta-sindical\/#breadcrumb"},"inLanguage":"es-AR","potentialAction":[{"@type":"ReadAction","target":["https:\/\/apuntesdesanluis.com\/index.php\/2023\/09\/17\/milei-barrionuevo-y-la-casta-sindical\/"]}]},{"@type":"ImageObject","inLanguage":"es-AR","@id":"https:\/\/apuntesdesanluis.com\/index.php\/2023\/09\/17\/milei-barrionuevo-y-la-casta-sindical\/#primaryimage","url":"https:\/\/apuntesdesanluis.com\/wp-content\/uploads\/2023\/09\/milei-barrionuevo.png","contentUrl":"https:\/\/apuntesdesanluis.com\/wp-content\/uploads\/2023\/09\/milei-barrionuevo.png","width":713,"height":403},{"@type":"BreadcrumbList","@id":"https:\/\/apuntesdesanluis.com\/index.php\/2023\/09\/17\/milei-barrionuevo-y-la-casta-sindical\/#breadcrumb","itemListElement":[{"@type":"ListItem","position":1,"name":"Inicio","item":"https:\/\/apuntesdesanluis.com\/"},{"@type":"ListItem","position":2,"name":"MILEI, BARRIONUEVO Y LA CASTA SINDICAL"}]},{"@type":"WebSite","@id":"https:\/\/apuntesdesanluis.com\/#website","url":"https:\/\/apuntesdesanluis.com\/","name":"Apuntes de San Luis","description":"","publisher":{"@id":"https:\/\/apuntesdesanluis.com\/#\/schema\/person\/b55151d52296fcce64d1a72538a70b90"},"potentialAction":[{"@type":"SearchAction","target":{"@type":"EntryPoint","urlTemplate":"https:\/\/apuntesdesanluis.com\/?s={search_term_string}"},"query-input":{"@type":"PropertyValueSpecification","valueRequired":true,"valueName":"search_term_string"}}],"inLanguage":"es-AR"},{"@type":["Person","Organization"],"@id":"https:\/\/apuntesdesanluis.com\/#\/schema\/person\/b55151d52296fcce64d1a72538a70b90","name":"apuntesdesanluis.com","image":{"@type":"ImageObject","inLanguage":"es-AR","@id":"https:\/\/apuntesdesanluis.com\/#\/schema\/person\/image\/","url":"https:\/\/apuntesdesanluis.com\/wp-content\/uploads\/2023\/07\/cropped-apuntesdesanluis.png","contentUrl":"https:\/\/apuntesdesanluis.com\/wp-content\/uploads\/2023\/07\/cropped-apuntesdesanluis.png","width":450,"height":112,"caption":"apuntesdesanluis.com"},"logo":{"@id":"https:\/\/apuntesdesanluis.com\/#\/schema\/person\/image\/"},"sameAs":["https:\/\/apuntesdesanluis.com"],"url":"https:\/\/apuntesdesanluis.com\/index.php\/author\/apuntesdesanluis-com\/"}]}},"featured_image_urls":{"full":["https:\/\/apuntesdesanluis.com\/wp-content\/uploads\/2023\/09\/milei-barrionuevo.png",713,403,false],"thumbnail":["https:\/\/apuntesdesanluis.com\/wp-content\/uploads\/2023\/09\/milei-barrionuevo-150x150.png",150,150,true],"medium":["https:\/\/apuntesdesanluis.com\/wp-content\/uploads\/2023\/09\/milei-barrionuevo-300x170.png",300,170,true],"medium_large":["https:\/\/apuntesdesanluis.com\/wp-content\/uploads\/2023\/09\/milei-barrionuevo.png",640,362,false],"large":["https:\/\/apuntesdesanluis.com\/wp-content\/uploads\/2023\/09\/milei-barrionuevo.png",640,362,false],"1536x1536":["https:\/\/apuntesdesanluis.com\/wp-content\/uploads\/2023\/09\/milei-barrionuevo.png",713,403,false],"2048x2048":["https:\/\/apuntesdesanluis.com\/wp-content\/uploads\/2023\/09\/milei-barrionuevo.png",713,403,false],"newsever-slider-full":["https:\/\/apuntesdesanluis.com\/wp-content\/uploads\/2023\/09\/milei-barrionuevo.png",713,403,false],"newsever-featured":["https:\/\/apuntesdesanluis.com\/wp-content\/uploads\/2023\/09\/milei-barrionuevo.png",713,403,false],"newsever-medium":["https:\/\/apuntesdesanluis.com\/wp-content\/uploads\/2023\/09\/milei-barrionuevo.png",713,403,false]},"author_info":{"display_name":"apuntesdesanluis.com","author_link":"https:\/\/apuntesdesanluis.com\/index.php\/author\/apuntesdesanluis-com\/"},"category_info":"<a href=\"https:\/\/apuntesdesanluis.com\/index.php\/category\/opinion\/\" rel=\"category tag\">Opini\u00f3n<\/a>","tag_info":"Opini\u00f3n","comment_count":"0","_links":{"self":[{"href":"https:\/\/apuntesdesanluis.com\/index.php\/wp-json\/wp\/v2\/posts\/3437","targetHints":{"allow":["GET"]}}],"collection":[{"href":"https:\/\/apuntesdesanluis.com\/index.php\/wp-json\/wp\/v2\/posts"}],"about":[{"href":"https:\/\/apuntesdesanluis.com\/index.php\/wp-json\/wp\/v2\/types\/post"}],"author":[{"embeddable":true,"href":"https:\/\/apuntesdesanluis.com\/index.php\/wp-json\/wp\/v2\/users\/1"}],"replies":[{"embeddable":true,"href":"https:\/\/apuntesdesanluis.com\/index.php\/wp-json\/wp\/v2\/comments?post=3437"}],"version-history":[{"count":2,"href":"https:\/\/apuntesdesanluis.com\/index.php\/wp-json\/wp\/v2\/posts\/3437\/revisions"}],"predecessor-version":[{"id":3441,"href":"https:\/\/apuntesdesanluis.com\/index.php\/wp-json\/wp\/v2\/posts\/3437\/revisions\/3441"}],"wp:featuredmedia":[{"embeddable":true,"href":"https:\/\/apuntesdesanluis.com\/index.php\/wp-json\/wp\/v2\/media\/3438"}],"wp:attachment":[{"href":"https:\/\/apuntesdesanluis.com\/index.php\/wp-json\/wp\/v2\/media?parent=3437"}],"wp:term":[{"taxonomy":"category","embeddable":true,"href":"https:\/\/apuntesdesanluis.com\/index.php\/wp-json\/wp\/v2\/categories?post=3437"},{"taxonomy":"post_tag","embeddable":true,"href":"https:\/\/apuntesdesanluis.com\/index.php\/wp-json\/wp\/v2\/tags?post=3437"}],"curies":[{"name":"wp","href":"https:\/\/api.w.org\/{rel}","templated":true}]}}