{"id":3448,"date":"2023-09-17T13:06:16","date_gmt":"2023-09-17T16:06:16","guid":{"rendered":"https:\/\/apuntesdesanluis.com\/?p=3448"},"modified":"2023-09-17T13:06:16","modified_gmt":"2023-09-17T16:06:16","slug":"inedito-a-pesar-del-rechazo-del-padre-biologico-dictaron-la-adopcion-de-una-adolescente-en-favor-de-su-papa-de-corazon","status":"publish","type":"post","link":"https:\/\/apuntesdesanluis.com\/index.php\/2023\/09\/17\/inedito-a-pesar-del-rechazo-del-padre-biologico-dictaron-la-adopcion-de-una-adolescente-en-favor-de-su-papa-de-corazon\/","title":{"rendered":"IN\u00c9DITO: A PESAR DEL RECHAZO DEL PADRE BIOL\u00d3GICO, DICTARON LA ADOPCI\u00d3N DE UNA ADOLESCENTE EN FAVOR DE SU \u201cPAP\u00c1 DE CORAZ\u00d3N\u201d"},"content":{"rendered":"<h3>El caso se inici\u00f3 por insistencia de la menor, que quer\u00eda tener el apellido del esposo de su madre. El v\u00ednculo con el pap\u00e1 \u201cque la hizo nacer\u201d era dificultoso y, seg\u00fan el juez, \u201cno fue nutrido de ning\u00fan modo\u201d<\/h3>\n<h3>\u201cAdoptar un ni\u00f1o da cuenta de un querer ser padre, que se diferencia claramente del poder serlo. El acto de adoptar nos muestra que los v\u00ednculos familiares se nutren del afecto m\u00e1s que de la sangre\u201d. Con esa frase sintetiz\u00f3 un juez de la ciudad de Huinca Renanc\u00f3, en C\u00f3rdoba, un caso donde otorg\u00f3 la adopci\u00f3n plena de una adolescente al esposo de su madre, aun con la oposici\u00f3n en el expediente del padre biol\u00f3gico de la menor.<\/h3>\n<h3>La causa ante el Juzgado Civil, Comercial, de Conciliaci\u00f3n y Familia de 1\u00b0 Instancia comenz\u00f3 por insistencia de la menor, actualmente de 14 a\u00f1os. Seg\u00fan consign\u00f3 su madre en el expediente bajo las iniciales \u201cAL\u201d, la adolescente \u201cA\u201d era fruto de una relaci\u00f3n que tuvo con \u201cAB\u201d en 2009, con quien convivi\u00f3 en Buenos Aires hasta separarse en el a\u00f1o 2011.<\/h3>\n<p><img fetchpriority=\"high\" decoding=\"async\" class=\"wp-image-3450 aligncenter\" src=\"https:\/\/apuntesdesanluis.com\/wp-content\/uploads\/2023\/09\/huinca-renanco-tribunales-300x175.png\" alt=\"\" width=\"763\" height=\"445\" srcset=\"https:\/\/apuntesdesanluis.com\/wp-content\/uploads\/2023\/09\/huinca-renanco-tribunales-300x175.png 300w, https:\/\/apuntesdesanluis.com\/wp-content\/uploads\/2023\/09\/huinca-renanco-tribunales.png 600w\" sizes=\"(max-width: 763px) 100vw, 763px\" \/><\/p>\n<h3>A poco de la separaci\u00f3n, \u201cAB\u201d, apremiado en su econom\u00eda, decidi\u00f3 viajar a Espa\u00f1a a probar suerte. All\u00ed trabaj\u00f3 hasta caer preso, eventualmente, por tenencia de drogas. La comunicaci\u00f3n con su hija comenz\u00f3 a interrumpirse. Las llamadas telef\u00f3nicas llegaban, inconstantes, al ritmo de las rachas.<\/h3>\n<h3>En 2012, la mam\u00e1 de la menor viaj\u00f3 desde Buenos Aires a C\u00f3rdoba, donde conoci\u00f3 a \u201cAGCH\u201d. Se enamoraron y se casaron dos a\u00f1os despu\u00e9s, asent\u00e1ndose en la localidad de Huinca Renanc\u00f3. All\u00ed llevaron una vida familiar. Tiempo despu\u00e9s, la chiquita comenz\u00f3 la escolaridad y se hizo de amigas entre clases de danza e ingl\u00e9s. A la maestra le contaba que ten\u00eda \u201cdos padres\u201d, \u201cuno que la hizo nacer\u201d y \u201cun pap\u00e1 del coraz\u00f3n\u201d.<\/h3>\n<h3>Con el padre biol\u00f3gico mantuvo un v\u00ednculo interrumpido. Cada tanto se ve\u00edan en viajes cortos. \u00c9l hab\u00eda vuelto del exterior para radicarse nuevamente en Buenos Aires. En la Justicia lleg\u00f3 a labrarse un expediente para determinar un r\u00e9gimen alimentario. El tironeo entre los padres de la menor fue continuo.<\/h3>\n<h3>\u201cYo quiero tener el apellido de mi pap\u00e1, yo quiero ser G\u201d, dec\u00eda la menor con insistencia. Y frente a ese pedido, \u201cAGCH\u201d resolvi\u00f3 recurrir a los estrados de familia con la validaci\u00f3n de su esposa. Primero reclam\u00f3 la \u201cadopci\u00f3n simple\u201d y luego -cuando lo habilit\u00f3 el nuevo C\u00f3digo Civil y Comercial de la Naci\u00f3n- la \u201cadopci\u00f3n por integraci\u00f3n\u201d. Esta \u00faltima figura se da cuando una persona adopta a los hijos de su pareja y puede tener los efectos de una adopci\u00f3n plena -genera v\u00ednculos con toda la familia del adoptante y hasta puede implicar la disoluci\u00f3n de los biol\u00f3gicos- o de una simple -que mantiene los v\u00ednculos de origen y traspasa la responsabilidad parental-.<\/h3>\n<h3>El pedido de adopci\u00f3n implic\u00f3 llamar a juicio al padre biol\u00f3gico, que de inmediato se opuso. A trav\u00e9s de escritos y de audiencias aleg\u00f3 que la falta de fluidez en la comunicaci\u00f3n con su hija era culpa de la madre -su ex pareja-, que \u201cno le hac\u00eda f\u00e1cil\u201d la relaci\u00f3n entre los dos. Adem\u00e1s explic\u00f3 que su situaci\u00f3n econ\u00f3mica le imped\u00eda muchas veces movilizarse para estar presente en la vida de la menor.<\/h3>\n<h3>El juez <strong>Lucas Ramiro Funes<\/strong>, antes de decidir en un fallo que public\u00f3 la Justicia de C\u00f3rdoba, recolect\u00f3 pruebas con una serie de testigos y una bater\u00eda documental. La perito psicol\u00f3gica, por caso, dio cuenta de la \u201ctensa ansiedad\u201d que estaba sufriendo la ni\u00f1a en virtud de que el pap\u00e1 biol\u00f3gico le dec\u00eda que ahora iba a \u201ctener que decidir\u201d con qu\u00e9 apellido quedarse.<\/h3>\n<h3>Durante esas audiencias testimoniales habl\u00f3 la maestra, donde resalt\u00f3 lo de los \u201cdos pap\u00e1s\u201d. Distintos testigos dieron fe del \u201ccompromiso\u201d del esposo de la madre respecto de la menor, con quien eran \u201cpegotes\u201d y ten\u00edan una \u201cbuena relaci\u00f3n\u201d.<\/h3>\n<h3>Con todo, el juez resolvi\u00f3 la adopci\u00f3n por integraci\u00f3n con efectos plenos, en contra del padre biol\u00f3gico y del dictamen del Ministerio P\u00fablico Pupilar, que hab\u00eda sugerido aplicar los efectos de la adopci\u00f3n simple. Para decidir as\u00ed, el magistrado esgrimi\u00f3: \u201cSe observ\u00f3 a lo largo del proceso, (&#8230;) que el v\u00ednculo de A. y AB. no fue nutrido de ning\u00fan modo, independientemente de la obvia p\u00e9rdida de la cotidianeidad por la distancia entre sus lugares de residencia, en un mundo de redes sociales como el presente, ello no resulta \u00f3bice\u201d.<\/h3>\n<h3>\u201cPor su parte, -continu\u00f3- ha dejado en claro la adolescente que su padre no ha intentado \u00faltimamente comunicarse con ella y menos a\u00fan la ha visitado, ni tiene comunicaci\u00f3n con su familia paterna extensa\u201d. Y agreg\u00f3: \u201cPareciera, que la conducta desplegada por el Sr. AB. en el presente proceso, se tradujo m\u00e1s en controvertir el pleito que en acercarse realmente a A. y recuperar el tiempo que estuvieron distanciados\u201d.<\/h3>\n<h3>Tambi\u00e9n cit\u00f3 una frase de Zulema Wilde, donde reflej\u00f3 que \u201cadoptar un ni\u00f1o da cuenta de un querer ser padre, que se diferencia claramente del poder serlo. El acto de adoptar nos muestra que los v\u00ednculos familiares se nutren del afecto m\u00e1s que de la sangre\u201d.<\/h3>\n<h3>Luego, el juez explic\u00f3 que el motivo m\u00e1s \u201ctrascendente\u201d para adoptar su decisi\u00f3n fue la insistencia de \u201cA\u201d de \u201cser hija de AGCH, y en consecuencia, apellidarse \u2018G.B.\u2019, eso es, adicionar al apellido de su madre, el de su pretenso adoptante\u201d. Y a su t\u00e9rmino a\u00f1adi\u00f3: \u201cCreo que, de la causa, se advierte con claridad meridiana los deseos manifestados por la adolescente de ser hija de AGCH y que, en virtud de ello, puede interpretarse -sin m\u00e1s- su verdadero inter\u00e9s\u201d. En ese punto afirm\u00f3 la relevancia del \u201cinter\u00e9s superior del ni\u00f1o\u201d que rigi\u00f3 todo el caso.<\/h3>\n<h3>Al final, Funes dispuso inscribir la modificaci\u00f3n del apellido en el Registro de Estado Civil y Capacidad de las Personas y redact\u00f3 una pieza judicial de \u201clectura f\u00e1cil\u201d para que tanto la menor como el adoptante pudieran leer sin dificultades.<\/h3>\n<h3>Al adolescente le escribi\u00f3: \u201cSoy Lucas, vos ya me conoces. Viniste a charlar conmigo y con Ignacio, varias veces a tribunales. Vos sabes que, hace ya un tiempo, AGCH -con el apoyo de tu mam\u00e1-, hizo un pedido, que ten\u00eda que ver con tus deseos. Por eso, se inici\u00f3 un tr\u00e1mite, hubo muchas pruebas que se tuvieron en cuenta, pero principalmente vos en persona me dejaste en claro lo que quer\u00edas. Te not\u00e9 tan convencida, que no me quedaron dudas: quer\u00e9s ser hija de AGCH, como que AGCH quiere ser tu pap\u00e1. Que, desde chiquita, \u00e9l te brind\u00f3 su cari\u00f1o, te protegi\u00f3 y cuid\u00f3 siempre, estuvo en tus cosas del cole, en los momentos lindos, como en los feos. \u00a1Hasta te hizo hincha de San Lorenzo! Mir\u00e1 que comparten cosas\u2026 Pero, \u00bfsabes qu\u00e9? Van a compartir muchas cosas m\u00e1s, a partir de ahora. Creo, que quieran ser hija y pap\u00e1, es algo que sale de sus corazones y que es lo que est\u00e1 pasando en sus vidas. Por eso, es que s\u00f3lo voy a reflejarlo en los papeles. Deseo, que ese v\u00ednculo que formaron, crezca d\u00eda a d\u00eda, de manera responsable. Ya podes decirle oficialmente pap\u00e1 a AGCH y adem\u00e1s, con la tinta del color que m\u00e1s te guste, escribir: A. G. B. \u00a1Felicitaciones!. \u2013\u201d<\/h3>\n<h3>En tanto que al padre adoptante le redact\u00f3: \u201cAGCH: qu\u00e9 decirte a vos. De la causa, se nota que sos un padre en la pr\u00e1ctica. Que, rend\u00eds y aprob\u00e1s un examen todos los d\u00edas y te ganaste el t\u00edtulo. A. te dio ese t\u00edtulo, esos de los que m\u00e1s cuesta conseguir y que da la gran responsabilidad de mantener. Desde un abrazo y un beso, desde estar cuando ten\u00e9s que estar y decir lo que ten\u00e9s que decir. El afecto es tan grande, que se lee en cada hoja de este expediente. Es as\u00ed que: \u00a1FELICITACIONES PAP\u00c1 AGCH!\u201d.<\/h3>\n<p>&nbsp;<\/p>\n<h3><strong><em>(Nota: La imagen principal es solo ilustrativa)<\/em><\/strong><\/h3>\n","protected":false},"excerpt":{"rendered":"<p>El caso se inici\u00f3 por insistencia de la menor, que quer\u00eda tener el apellido del&#8230;<\/p>\n","protected":false},"author":1,"featured_media":3449,"comment_status":"closed","ping_status":"closed","sticky":false,"template":"","format":"standard","meta":{"footnotes":""},"categories":[5],"tags":[],"class_list":["post-3448","post","type-post","status-publish","format-standard","has-post-thumbnail","hentry","category-nacionales-internacionales"],"yoast_head":"<!-- This site is optimized with the Yoast SEO plugin v26.1.1 - https:\/\/yoast.com\/wordpress\/plugins\/seo\/ -->\n<title>IN\u00c9DITO: A PESAR DEL RECHAZO DEL PADRE BIOL\u00d3GICO, DICTARON LA ADOPCI\u00d3N DE UNA ADOLESCENTE EN FAVOR DE SU \u201cPAP\u00c1 DE CORAZ\u00d3N\u201d - Apuntes de San Luis<\/title>\n<meta name=\"robots\" content=\"index, follow, max-snippet:-1, max-image-preview:large, max-video-preview:-1\" \/>\n<link rel=\"canonical\" href=\"https:\/\/apuntesdesanluis.com\/index.php\/2023\/09\/17\/inedito-a-pesar-del-rechazo-del-padre-biologico-dictaron-la-adopcion-de-una-adolescente-en-favor-de-su-papa-de-corazon\/\" \/>\n<meta property=\"og:locale\" content=\"es_ES\" \/>\n<meta property=\"og:type\" content=\"article\" \/>\n<meta property=\"og:title\" content=\"IN\u00c9DITO: A PESAR DEL RECHAZO DEL PADRE BIOL\u00d3GICO, DICTARON LA ADOPCI\u00d3N DE UNA ADOLESCENTE EN FAVOR DE SU \u201cPAP\u00c1 DE CORAZ\u00d3N\u201d - Apuntes de San Luis\" \/>\n<meta property=\"og:description\" content=\"El caso se inici\u00f3 por insistencia de la menor, que quer\u00eda tener el apellido del...\" \/>\n<meta property=\"og:url\" content=\"https:\/\/apuntesdesanluis.com\/index.php\/2023\/09\/17\/inedito-a-pesar-del-rechazo-del-padre-biologico-dictaron-la-adopcion-de-una-adolescente-en-favor-de-su-papa-de-corazon\/\" \/>\n<meta property=\"og:site_name\" content=\"Apuntes de San Luis\" \/>\n<meta property=\"article:published_time\" content=\"2023-09-17T16:06:16+00:00\" \/>\n<meta property=\"og:image\" content=\"https:\/\/apuntesdesanluis.com\/wp-content\/uploads\/2023\/09\/papa.png\" \/>\n\t<meta property=\"og:image:width\" content=\"600\" \/>\n\t<meta property=\"og:image:height\" content=\"387\" \/>\n\t<meta property=\"og:image:type\" content=\"image\/png\" \/>\n<meta name=\"author\" content=\"apuntesdesanluis.com\" \/>\n<meta name=\"twitter:card\" content=\"summary_large_image\" \/>\n<meta name=\"twitter:label1\" content=\"Escrito por\" \/>\n\t<meta name=\"twitter:data1\" content=\"apuntesdesanluis.com\" \/>\n\t<meta name=\"twitter:label2\" content=\"Tiempo de lectura\" \/>\n\t<meta name=\"twitter:data2\" content=\"7 minutos\" \/>\n<script type=\"application\/ld+json\" class=\"yoast-schema-graph\">{\"@context\":\"https:\/\/schema.org\",\"@graph\":[{\"@type\":\"Article\",\"@id\":\"https:\/\/apuntesdesanluis.com\/index.php\/2023\/09\/17\/inedito-a-pesar-del-rechazo-del-padre-biologico-dictaron-la-adopcion-de-una-adolescente-en-favor-de-su-papa-de-corazon\/#article\",\"isPartOf\":{\"@id\":\"https:\/\/apuntesdesanluis.com\/index.php\/2023\/09\/17\/inedito-a-pesar-del-rechazo-del-padre-biologico-dictaron-la-adopcion-de-una-adolescente-en-favor-de-su-papa-de-corazon\/\"},\"author\":{\"name\":\"apuntesdesanluis.com\",\"@id\":\"https:\/\/apuntesdesanluis.com\/#\/schema\/person\/b55151d52296fcce64d1a72538a70b90\"},\"headline\":\"IN\u00c9DITO: A PESAR DEL RECHAZO DEL PADRE BIOL\u00d3GICO, DICTARON LA ADOPCI\u00d3N DE UNA ADOLESCENTE EN FAVOR DE SU \u201cPAP\u00c1 DE CORAZ\u00d3N\u201d\",\"datePublished\":\"2023-09-17T16:06:16+00:00\",\"mainEntityOfPage\":{\"@id\":\"https:\/\/apuntesdesanluis.com\/index.php\/2023\/09\/17\/inedito-a-pesar-del-rechazo-del-padre-biologico-dictaron-la-adopcion-de-una-adolescente-en-favor-de-su-papa-de-corazon\/\"},\"wordCount\":1433,\"publisher\":{\"@id\":\"https:\/\/apuntesdesanluis.com\/#\/schema\/person\/b55151d52296fcce64d1a72538a70b90\"},\"image\":{\"@id\":\"https:\/\/apuntesdesanluis.com\/index.php\/2023\/09\/17\/inedito-a-pesar-del-rechazo-del-padre-biologico-dictaron-la-adopcion-de-una-adolescente-en-favor-de-su-papa-de-corazon\/#primaryimage\"},\"thumbnailUrl\":\"https:\/\/apuntesdesanluis.com\/wp-content\/uploads\/2023\/09\/papa.png\",\"articleSection\":[\"Nacionales\/Internacionales\"],\"inLanguage\":\"es-AR\"},{\"@type\":\"WebPage\",\"@id\":\"https:\/\/apuntesdesanluis.com\/index.php\/2023\/09\/17\/inedito-a-pesar-del-rechazo-del-padre-biologico-dictaron-la-adopcion-de-una-adolescente-en-favor-de-su-papa-de-corazon\/\",\"url\":\"https:\/\/apuntesdesanluis.com\/index.php\/2023\/09\/17\/inedito-a-pesar-del-rechazo-del-padre-biologico-dictaron-la-adopcion-de-una-adolescente-en-favor-de-su-papa-de-corazon\/\",\"name\":\"IN\u00c9DITO: A PESAR DEL RECHAZO DEL PADRE BIOL\u00d3GICO, DICTARON LA ADOPCI\u00d3N DE UNA ADOLESCENTE EN FAVOR DE SU \u201cPAP\u00c1 DE CORAZ\u00d3N\u201d - Apuntes de San Luis\",\"isPartOf\":{\"@id\":\"https:\/\/apuntesdesanluis.com\/#website\"},\"primaryImageOfPage\":{\"@id\":\"https:\/\/apuntesdesanluis.com\/index.php\/2023\/09\/17\/inedito-a-pesar-del-rechazo-del-padre-biologico-dictaron-la-adopcion-de-una-adolescente-en-favor-de-su-papa-de-corazon\/#primaryimage\"},\"image\":{\"@id\":\"https:\/\/apuntesdesanluis.com\/index.php\/2023\/09\/17\/inedito-a-pesar-del-rechazo-del-padre-biologico-dictaron-la-adopcion-de-una-adolescente-en-favor-de-su-papa-de-corazon\/#primaryimage\"},\"thumbnailUrl\":\"https:\/\/apuntesdesanluis.com\/wp-content\/uploads\/2023\/09\/papa.png\",\"datePublished\":\"2023-09-17T16:06:16+00:00\",\"breadcrumb\":{\"@id\":\"https:\/\/apuntesdesanluis.com\/index.php\/2023\/09\/17\/inedito-a-pesar-del-rechazo-del-padre-biologico-dictaron-la-adopcion-de-una-adolescente-en-favor-de-su-papa-de-corazon\/#breadcrumb\"},\"inLanguage\":\"es-AR\",\"potentialAction\":[{\"@type\":\"ReadAction\",\"target\":[\"https:\/\/apuntesdesanluis.com\/index.php\/2023\/09\/17\/inedito-a-pesar-del-rechazo-del-padre-biologico-dictaron-la-adopcion-de-una-adolescente-en-favor-de-su-papa-de-corazon\/\"]}]},{\"@type\":\"ImageObject\",\"inLanguage\":\"es-AR\",\"@id\":\"https:\/\/apuntesdesanluis.com\/index.php\/2023\/09\/17\/inedito-a-pesar-del-rechazo-del-padre-biologico-dictaron-la-adopcion-de-una-adolescente-en-favor-de-su-papa-de-corazon\/#primaryimage\",\"url\":\"https:\/\/apuntesdesanluis.com\/wp-content\/uploads\/2023\/09\/papa.png\",\"contentUrl\":\"https:\/\/apuntesdesanluis.com\/wp-content\/uploads\/2023\/09\/papa.png\",\"width\":600,\"height\":387},{\"@type\":\"BreadcrumbList\",\"@id\":\"https:\/\/apuntesdesanluis.com\/index.php\/2023\/09\/17\/inedito-a-pesar-del-rechazo-del-padre-biologico-dictaron-la-adopcion-de-una-adolescente-en-favor-de-su-papa-de-corazon\/#breadcrumb\",\"itemListElement\":[{\"@type\":\"ListItem\",\"position\":1,\"name\":\"Inicio\",\"item\":\"https:\/\/apuntesdesanluis.com\/\"},{\"@type\":\"ListItem\",\"position\":2,\"name\":\"IN\u00c9DITO: A PESAR DEL RECHAZO DEL PADRE BIOL\u00d3GICO, DICTARON LA ADOPCI\u00d3N DE UNA ADOLESCENTE EN FAVOR DE SU \u201cPAP\u00c1 DE CORAZ\u00d3N\u201d\"}]},{\"@type\":\"WebSite\",\"@id\":\"https:\/\/apuntesdesanluis.com\/#website\",\"url\":\"https:\/\/apuntesdesanluis.com\/\",\"name\":\"Apuntes de San Luis\",\"description\":\"\",\"publisher\":{\"@id\":\"https:\/\/apuntesdesanluis.com\/#\/schema\/person\/b55151d52296fcce64d1a72538a70b90\"},\"potentialAction\":[{\"@type\":\"SearchAction\",\"target\":{\"@type\":\"EntryPoint\",\"urlTemplate\":\"https:\/\/apuntesdesanluis.com\/?s={search_term_string}\"},\"query-input\":{\"@type\":\"PropertyValueSpecification\",\"valueRequired\":true,\"valueName\":\"search_term_string\"}}],\"inLanguage\":\"es-AR\"},{\"@type\":[\"Person\",\"Organization\"],\"@id\":\"https:\/\/apuntesdesanluis.com\/#\/schema\/person\/b55151d52296fcce64d1a72538a70b90\",\"name\":\"apuntesdesanluis.com\",\"image\":{\"@type\":\"ImageObject\",\"inLanguage\":\"es-AR\",\"@id\":\"https:\/\/apuntesdesanluis.com\/#\/schema\/person\/image\/\",\"url\":\"https:\/\/apuntesdesanluis.com\/wp-content\/uploads\/2023\/07\/cropped-apuntesdesanluis.png\",\"contentUrl\":\"https:\/\/apuntesdesanluis.com\/wp-content\/uploads\/2023\/07\/cropped-apuntesdesanluis.png\",\"width\":450,\"height\":112,\"caption\":\"apuntesdesanluis.com\"},\"logo\":{\"@id\":\"https:\/\/apuntesdesanluis.com\/#\/schema\/person\/image\/\"},\"sameAs\":[\"https:\/\/apuntesdesanluis.com\"],\"url\":\"https:\/\/apuntesdesanluis.com\/index.php\/author\/apuntesdesanluis-com\/\"}]}<\/script>\n<!-- \/ Yoast SEO plugin. -->","yoast_head_json":{"title":"IN\u00c9DITO: A PESAR DEL RECHAZO DEL PADRE BIOL\u00d3GICO, DICTARON LA ADOPCI\u00d3N DE UNA ADOLESCENTE EN FAVOR DE SU \u201cPAP\u00c1 DE CORAZ\u00d3N\u201d - Apuntes de San Luis","robots":{"index":"index","follow":"follow","max-snippet":"max-snippet:-1","max-image-preview":"max-image-preview:large","max-video-preview":"max-video-preview:-1"},"canonical":"https:\/\/apuntesdesanluis.com\/index.php\/2023\/09\/17\/inedito-a-pesar-del-rechazo-del-padre-biologico-dictaron-la-adopcion-de-una-adolescente-en-favor-de-su-papa-de-corazon\/","og_locale":"es_ES","og_type":"article","og_title":"IN\u00c9DITO: A PESAR DEL RECHAZO DEL PADRE BIOL\u00d3GICO, DICTARON LA ADOPCI\u00d3N DE UNA ADOLESCENTE EN FAVOR DE SU \u201cPAP\u00c1 DE CORAZ\u00d3N\u201d - Apuntes de San Luis","og_description":"El caso se inici\u00f3 por insistencia de la menor, que quer\u00eda tener el apellido del...","og_url":"https:\/\/apuntesdesanluis.com\/index.php\/2023\/09\/17\/inedito-a-pesar-del-rechazo-del-padre-biologico-dictaron-la-adopcion-de-una-adolescente-en-favor-de-su-papa-de-corazon\/","og_site_name":"Apuntes de San Luis","article_published_time":"2023-09-17T16:06:16+00:00","og_image":[{"width":600,"height":387,"url":"https:\/\/apuntesdesanluis.com\/wp-content\/uploads\/2023\/09\/papa.png","type":"image\/png"}],"author":"apuntesdesanluis.com","twitter_card":"summary_large_image","twitter_misc":{"Escrito por":"apuntesdesanluis.com","Tiempo de lectura":"7 minutos"},"schema":{"@context":"https:\/\/schema.org","@graph":[{"@type":"Article","@id":"https:\/\/apuntesdesanluis.com\/index.php\/2023\/09\/17\/inedito-a-pesar-del-rechazo-del-padre-biologico-dictaron-la-adopcion-de-una-adolescente-en-favor-de-su-papa-de-corazon\/#article","isPartOf":{"@id":"https:\/\/apuntesdesanluis.com\/index.php\/2023\/09\/17\/inedito-a-pesar-del-rechazo-del-padre-biologico-dictaron-la-adopcion-de-una-adolescente-en-favor-de-su-papa-de-corazon\/"},"author":{"name":"apuntesdesanluis.com","@id":"https:\/\/apuntesdesanluis.com\/#\/schema\/person\/b55151d52296fcce64d1a72538a70b90"},"headline":"IN\u00c9DITO: A PESAR DEL RECHAZO DEL PADRE BIOL\u00d3GICO, DICTARON LA ADOPCI\u00d3N DE UNA ADOLESCENTE EN FAVOR DE SU \u201cPAP\u00c1 DE CORAZ\u00d3N\u201d","datePublished":"2023-09-17T16:06:16+00:00","mainEntityOfPage":{"@id":"https:\/\/apuntesdesanluis.com\/index.php\/2023\/09\/17\/inedito-a-pesar-del-rechazo-del-padre-biologico-dictaron-la-adopcion-de-una-adolescente-en-favor-de-su-papa-de-corazon\/"},"wordCount":1433,"publisher":{"@id":"https:\/\/apuntesdesanluis.com\/#\/schema\/person\/b55151d52296fcce64d1a72538a70b90"},"image":{"@id":"https:\/\/apuntesdesanluis.com\/index.php\/2023\/09\/17\/inedito-a-pesar-del-rechazo-del-padre-biologico-dictaron-la-adopcion-de-una-adolescente-en-favor-de-su-papa-de-corazon\/#primaryimage"},"thumbnailUrl":"https:\/\/apuntesdesanluis.com\/wp-content\/uploads\/2023\/09\/papa.png","articleSection":["Nacionales\/Internacionales"],"inLanguage":"es-AR"},{"@type":"WebPage","@id":"https:\/\/apuntesdesanluis.com\/index.php\/2023\/09\/17\/inedito-a-pesar-del-rechazo-del-padre-biologico-dictaron-la-adopcion-de-una-adolescente-en-favor-de-su-papa-de-corazon\/","url":"https:\/\/apuntesdesanluis.com\/index.php\/2023\/09\/17\/inedito-a-pesar-del-rechazo-del-padre-biologico-dictaron-la-adopcion-de-una-adolescente-en-favor-de-su-papa-de-corazon\/","name":"IN\u00c9DITO: A PESAR DEL RECHAZO DEL PADRE BIOL\u00d3GICO, DICTARON LA ADOPCI\u00d3N DE UNA ADOLESCENTE EN FAVOR DE SU \u201cPAP\u00c1 DE CORAZ\u00d3N\u201d - Apuntes de San Luis","isPartOf":{"@id":"https:\/\/apuntesdesanluis.com\/#website"},"primaryImageOfPage":{"@id":"https:\/\/apuntesdesanluis.com\/index.php\/2023\/09\/17\/inedito-a-pesar-del-rechazo-del-padre-biologico-dictaron-la-adopcion-de-una-adolescente-en-favor-de-su-papa-de-corazon\/#primaryimage"},"image":{"@id":"https:\/\/apuntesdesanluis.com\/index.php\/2023\/09\/17\/inedito-a-pesar-del-rechazo-del-padre-biologico-dictaron-la-adopcion-de-una-adolescente-en-favor-de-su-papa-de-corazon\/#primaryimage"},"thumbnailUrl":"https:\/\/apuntesdesanluis.com\/wp-content\/uploads\/2023\/09\/papa.png","datePublished":"2023-09-17T16:06:16+00:00","breadcrumb":{"@id":"https:\/\/apuntesdesanluis.com\/index.php\/2023\/09\/17\/inedito-a-pesar-del-rechazo-del-padre-biologico-dictaron-la-adopcion-de-una-adolescente-en-favor-de-su-papa-de-corazon\/#breadcrumb"},"inLanguage":"es-AR","potentialAction":[{"@type":"ReadAction","target":["https:\/\/apuntesdesanluis.com\/index.php\/2023\/09\/17\/inedito-a-pesar-del-rechazo-del-padre-biologico-dictaron-la-adopcion-de-una-adolescente-en-favor-de-su-papa-de-corazon\/"]}]},{"@type":"ImageObject","inLanguage":"es-AR","@id":"https:\/\/apuntesdesanluis.com\/index.php\/2023\/09\/17\/inedito-a-pesar-del-rechazo-del-padre-biologico-dictaron-la-adopcion-de-una-adolescente-en-favor-de-su-papa-de-corazon\/#primaryimage","url":"https:\/\/apuntesdesanluis.com\/wp-content\/uploads\/2023\/09\/papa.png","contentUrl":"https:\/\/apuntesdesanluis.com\/wp-content\/uploads\/2023\/09\/papa.png","width":600,"height":387},{"@type":"BreadcrumbList","@id":"https:\/\/apuntesdesanluis.com\/index.php\/2023\/09\/17\/inedito-a-pesar-del-rechazo-del-padre-biologico-dictaron-la-adopcion-de-una-adolescente-en-favor-de-su-papa-de-corazon\/#breadcrumb","itemListElement":[{"@type":"ListItem","position":1,"name":"Inicio","item":"https:\/\/apuntesdesanluis.com\/"},{"@type":"ListItem","position":2,"name":"IN\u00c9DITO: A PESAR DEL RECHAZO DEL PADRE BIOL\u00d3GICO, DICTARON LA ADOPCI\u00d3N DE UNA ADOLESCENTE EN FAVOR DE SU \u201cPAP\u00c1 DE CORAZ\u00d3N\u201d"}]},{"@type":"WebSite","@id":"https:\/\/apuntesdesanluis.com\/#website","url":"https:\/\/apuntesdesanluis.com\/","name":"Apuntes de San Luis","description":"","publisher":{"@id":"https:\/\/apuntesdesanluis.com\/#\/schema\/person\/b55151d52296fcce64d1a72538a70b90"},"potentialAction":[{"@type":"SearchAction","target":{"@type":"EntryPoint","urlTemplate":"https:\/\/apuntesdesanluis.com\/?s={search_term_string}"},"query-input":{"@type":"PropertyValueSpecification","valueRequired":true,"valueName":"search_term_string"}}],"inLanguage":"es-AR"},{"@type":["Person","Organization"],"@id":"https:\/\/apuntesdesanluis.com\/#\/schema\/person\/b55151d52296fcce64d1a72538a70b90","name":"apuntesdesanluis.com","image":{"@type":"ImageObject","inLanguage":"es-AR","@id":"https:\/\/apuntesdesanluis.com\/#\/schema\/person\/image\/","url":"https:\/\/apuntesdesanluis.com\/wp-content\/uploads\/2023\/07\/cropped-apuntesdesanluis.png","contentUrl":"https:\/\/apuntesdesanluis.com\/wp-content\/uploads\/2023\/07\/cropped-apuntesdesanluis.png","width":450,"height":112,"caption":"apuntesdesanluis.com"},"logo":{"@id":"https:\/\/apuntesdesanluis.com\/#\/schema\/person\/image\/"},"sameAs":["https:\/\/apuntesdesanluis.com"],"url":"https:\/\/apuntesdesanluis.com\/index.php\/author\/apuntesdesanluis-com\/"}]}},"featured_image_urls":{"full":["https:\/\/apuntesdesanluis.com\/wp-content\/uploads\/2023\/09\/papa.png",600,387,false],"thumbnail":["https:\/\/apuntesdesanluis.com\/wp-content\/uploads\/2023\/09\/papa-150x150.png",150,150,true],"medium":["https:\/\/apuntesdesanluis.com\/wp-content\/uploads\/2023\/09\/papa-300x194.png",300,194,true],"medium_large":["https:\/\/apuntesdesanluis.com\/wp-content\/uploads\/2023\/09\/papa.png",600,387,false],"large":["https:\/\/apuntesdesanluis.com\/wp-content\/uploads\/2023\/09\/papa.png",600,387,false],"1536x1536":["https:\/\/apuntesdesanluis.com\/wp-content\/uploads\/2023\/09\/papa.png",600,387,false],"2048x2048":["https:\/\/apuntesdesanluis.com\/wp-content\/uploads\/2023\/09\/papa.png",600,387,false],"newsever-slider-full":["https:\/\/apuntesdesanluis.com\/wp-content\/uploads\/2023\/09\/papa.png",600,387,false],"newsever-featured":["https:\/\/apuntesdesanluis.com\/wp-content\/uploads\/2023\/09\/papa.png",600,387,false],"newsever-medium":["https:\/\/apuntesdesanluis.com\/wp-content\/uploads\/2023\/09\/papa.png",600,387,false]},"author_info":{"display_name":"apuntesdesanluis.com","author_link":"https:\/\/apuntesdesanluis.com\/index.php\/author\/apuntesdesanluis-com\/"},"category_info":"<a href=\"https:\/\/apuntesdesanluis.com\/index.php\/category\/nacionales-internacionales\/\" rel=\"category tag\">Nacionales\/Internacionales<\/a>","tag_info":"Nacionales\/Internacionales","comment_count":"0","_links":{"self":[{"href":"https:\/\/apuntesdesanluis.com\/index.php\/wp-json\/wp\/v2\/posts\/3448","targetHints":{"allow":["GET"]}}],"collection":[{"href":"https:\/\/apuntesdesanluis.com\/index.php\/wp-json\/wp\/v2\/posts"}],"about":[{"href":"https:\/\/apuntesdesanluis.com\/index.php\/wp-json\/wp\/v2\/types\/post"}],"author":[{"embeddable":true,"href":"https:\/\/apuntesdesanluis.com\/index.php\/wp-json\/wp\/v2\/users\/1"}],"replies":[{"embeddable":true,"href":"https:\/\/apuntesdesanluis.com\/index.php\/wp-json\/wp\/v2\/comments?post=3448"}],"version-history":[{"count":1,"href":"https:\/\/apuntesdesanluis.com\/index.php\/wp-json\/wp\/v2\/posts\/3448\/revisions"}],"predecessor-version":[{"id":3451,"href":"https:\/\/apuntesdesanluis.com\/index.php\/wp-json\/wp\/v2\/posts\/3448\/revisions\/3451"}],"wp:featuredmedia":[{"embeddable":true,"href":"https:\/\/apuntesdesanluis.com\/index.php\/wp-json\/wp\/v2\/media\/3449"}],"wp:attachment":[{"href":"https:\/\/apuntesdesanluis.com\/index.php\/wp-json\/wp\/v2\/media?parent=3448"}],"wp:term":[{"taxonomy":"category","embeddable":true,"href":"https:\/\/apuntesdesanluis.com\/index.php\/wp-json\/wp\/v2\/categories?post=3448"},{"taxonomy":"post_tag","embeddable":true,"href":"https:\/\/apuntesdesanluis.com\/index.php\/wp-json\/wp\/v2\/tags?post=3448"}],"curies":[{"name":"wp","href":"https:\/\/api.w.org\/{rel}","templated":true}]}}