{"id":3452,"date":"2023-09-17T11:24:20","date_gmt":"2023-09-17T14:24:20","guid":{"rendered":"https:\/\/apuntesdesanluis.com\/?p=3452"},"modified":"2023-09-17T18:45:35","modified_gmt":"2023-09-17T21:45:35","slug":"se-incendio-una-avioneta-tras-aterrizar-en-el-aeropuerto-de-san-luis","status":"publish","type":"post","link":"https:\/\/apuntesdesanluis.com\/index.php\/2023\/09\/17\/se-incendio-una-avioneta-tras-aterrizar-en-el-aeropuerto-de-san-luis\/","title":{"rendered":"SE INCENDI\u00d3 UNA AVIONETA TRAS ATERRIZAR EN EL AEROPUERTO DE SAN LUIS"},"content":{"rendered":"<h3 class=\"yiv7409174924ydp6329976emsonormal\" style=\"text-align: justify; background: white;\"><span style=\"font-family: 'Arial','sans-serif'; color: #1d2228;\">Sucedi\u00f3 este domingo por la ma\u00f1ana, aproximadamente a las 10:00 h, cuando la aeronave privada acababa de aterrizar en el Aeropuerto Brigadier Mayor C\u00e9sar R. Ojeda de la ciudad de San Luis.<\/span><\/h3>\n<h3 class=\"yiv7409174924ydp6329976emsonormal\" style=\"text-align: justify; background: white;\"><span style=\"font-family: 'Arial','sans-serif'; color: #1d2228;\">Seg\u00fan las primeras informaciones, la avioneta habr\u00eda tenido dificultades para aterrizar producto de los fuertes vientos, por lo que se desestabiliz\u00f3, descarril\u00f3 y a los pocos minutos se incendi\u00f3.<\/span><\/h3>\n<p><img fetchpriority=\"high\" decoding=\"async\" class=\"wp-image-3454 aligncenter\" src=\"https:\/\/apuntesdesanluis.com\/wp-content\/uploads\/2023\/09\/avioneta-incendiada-300x190.png\" alt=\"\" width=\"697\" height=\"442\" srcset=\"https:\/\/apuntesdesanluis.com\/wp-content\/uploads\/2023\/09\/avioneta-incendiada-300x190.png 300w, https:\/\/apuntesdesanluis.com\/wp-content\/uploads\/2023\/09\/avioneta-incendiada.png 688w\" sizes=\"(max-width: 697px) 100vw, 697px\" \/><\/p>\n<h3 class=\"yiv7409174924ydp6329976emsonormal\" style=\"text-align: justify; background: white;\"><span style=\"font-family: 'Arial','sans-serif'; color: #1d2228;\">La misma transportaba a tres hombres de 36, 52 y 69 a\u00f1os, oriundos de Buenos Aires, quienes sufrieron quemaduras de distinta consideraci\u00f3n, por lo que debieron ser trasladados al Hospital Central \u201cRam\u00f3n Carrillo\u201d con quemaduras de tercer grado.<\/span><\/h3>\n<h3 class=\"yiv7409174924ydp6329976emsonormal\" style=\"text-align: justify; background: white;\"><span style=\"font-family: 'Arial','sans-serif'; color: #1d2228;\">Uno de ellos, el mayor, es el empresario de la construcci\u00f3n <strong>Juan Chediack (foto)<\/strong>,\u00a0<\/span><span style=\"font-family: 'Arial','sans-serif'; color: #1d2228;\">ex presidente y ex vicepresidente de la C\u00e1mara Argentina de la Construcci\u00f3n (CAC). Est\u00e1\u00a0<\/span><span style=\"font-family: 'Arial','sans-serif'; color: #1d2228;\">vinculado a la causa cuadernos de la corrupci\u00f3n e imputado como arrepentido. Declar\u00f3 c\u00f3mo funcionaba el sistema de corrupci\u00f3n en la obra p\u00fablica durante el gobierno de Cristina Kirchner.<\/span><\/h3>\n<p><img decoding=\"async\" class=\"wp-image-3475 aligncenter\" src=\"https:\/\/apuntesdesanluis.com\/wp-content\/uploads\/2023\/09\/juan-chediack-300x212.png\" alt=\"\" width=\"687\" height=\"486\" srcset=\"https:\/\/apuntesdesanluis.com\/wp-content\/uploads\/2023\/09\/juan-chediack-300x212.png 300w, https:\/\/apuntesdesanluis.com\/wp-content\/uploads\/2023\/09\/juan-chediack.png 600w\" sizes=\"(max-width: 687px) 100vw, 687px\" \/><\/p>\n<h3 class=\"yiv7409174924ydp6329976emsonormal\" style=\"text-align: justify; background: white;\"><span style=\"font-family: 'Arial','sans-serif'; color: #1d2228;\">Los otros dos heridos, ambos pilotos, fueron identificados como <strong>Juan Ignacio Bilesio Barbeito<\/strong>, de 51 a\u00f1os, oriundo de San Luis pero con domicilio en Buenos Aires, y <strong>Esteban Asprella<\/strong>, de 36 y de la ciudad de Baradero. Los tres est\u00e1n en estado cr\u00edtico, pero el menor es el que se encuentra m\u00e1s grave.<\/span><\/h3>\n<h3 class=\"yiv7409174924ydp6329976emsonormal\" style=\"text-align: justify; background: white;\"><span style=\"font-family: 'Arial','sans-serif'; color: #1d2228;\">En la emergencia tomaron intervenci\u00f3n personal de Polic\u00eda Aeroportuaria, Bomberos de la Polic\u00eda y param\u00e9dicos del Sempro. La r\u00e1pida intervenci\u00f3n permiti\u00f3 evitar que los pasajeros murieran calcinados.<\/span><\/h3>\n<p><img decoding=\"async\" class=\"wp-image-3455 aligncenter\" src=\"https:\/\/apuntesdesanluis.com\/wp-content\/uploads\/2023\/09\/auxilio-300x199.png\" alt=\"\" width=\"701\" height=\"465\" srcset=\"https:\/\/apuntesdesanluis.com\/wp-content\/uploads\/2023\/09\/auxilio-300x199.png 300w, https:\/\/apuntesdesanluis.com\/wp-content\/uploads\/2023\/09\/auxilio.png 600w\" sizes=\"(max-width: 701px) 100vw, 701px\" \/><\/p>\n<h3 class=\"yiv7409174924ydp6329976emsonormal\" style=\"text-align: justify; background: white;\"><span style=\"font-family: 'Arial','sans-serif'; color: #1d2228;\">Trascendi\u00f3 que estas personas llegaron a nuestra provincia con la intenci\u00f3n de asistir a la final de Turismo Carretera en el \u201cRosendo Hern\u00e1ndez\u201d.<\/span><\/h3>\n<h3 class=\"yiv7409174924ydp6329976emsonormal\" style=\"text-align: justify; background: white;\"><span style=\"font-family: 'Arial','sans-serif'; color: #1d2228;\">El \u00faltimo parte de prensa m\u00e9dico indic\u00f3 que los pacientes \u201cingresaron al shock-room en estado grave. \u201cActualmente, los tres se encuentran en estado cr\u00edtico, todos con diagn\u00f3stico de gran quemado, en asistencia respiratoria mec\u00e1nica asociado a politraumatismos, con compromiso \u00f3seo importante. Pacientes hemodin\u00e1micamente descompensados. Con pron\u00f3stico cr\u00edtico y reservado\u201d.<\/span><\/h3>\n<h3 class=\"yiv7409174924ydp6329976emsonormal\" style=\"text-align: justify; background: white;\"><span style=\"font-family: 'Arial','sans-serif'; color: #1d2228;\">La avioneta, una Bonanza <b>LV-GLQ <\/b>del aeroclub de Mendoza, hab\u00eda despegado este domingo del aeropuerto de San Fernando, donde tiene el hangar. El accidente ocurri\u00f3 frente a la torre, del lado Oeste de la pista del aeropuerto \u201cBrigadier Cesar Ra\u00fal Ojeda\u201d.<\/span><\/h3>\n<h3 class=\"yiv7409174924ydp6329976emsonormal\" style=\"text-align: justify; background: white;\"><span style=\"font-family: 'Arial','sans-serif'; color: #1d2228;\">La investigaci\u00f3n est\u00e1 a cargo de la Junta de Seguridad. Desde este s\u00e1bado, en tanto, la ciudad de San Luis sufre la inclemencia clim\u00e1tica debido a los fuertes vientos, seg\u00fan la Red de Estaciones Meteorol\u00f3gica (REM) de la provincia, que por momentos alcanzaron los 125 kil\u00f3metros por hora en la localidad de Donovan, situada a 10 kil\u00f3metros de la capital puntana.<\/span><\/h3>\n<h3><\/h3>\n<p>&nbsp;<\/p>\n<p>&nbsp;<\/p>\n<p>&nbsp;<\/p>\n","protected":false},"excerpt":{"rendered":"<p>Sucedi\u00f3 este domingo por la ma\u00f1ana, aproximadamente a las 10:00 h, cuando la aeronave privada&#8230;<\/p>\n","protected":false},"author":1,"featured_media":3453,"comment_status":"closed","ping_status":"closed","sticky":false,"template":"","format":"standard","meta":{"footnotes":""},"categories":[6],"tags":[],"class_list":["post-3452","post","type-post","status-publish","format-standard","has-post-thumbnail","hentry","category-ciudad-provincia"],"yoast_head":"<!-- This site is optimized with the Yoast SEO plugin v26.1.1 - https:\/\/yoast.com\/wordpress\/plugins\/seo\/ -->\n<title>SE INCENDI\u00d3 UNA AVIONETA TRAS ATERRIZAR EN EL AEROPUERTO DE SAN LUIS - Apuntes de San Luis<\/title>\n<meta name=\"robots\" content=\"index, follow, max-snippet:-1, max-image-preview:large, max-video-preview:-1\" \/>\n<link rel=\"canonical\" href=\"https:\/\/apuntesdesanluis.com\/index.php\/2023\/09\/17\/se-incendio-una-avioneta-tras-aterrizar-en-el-aeropuerto-de-san-luis\/\" \/>\n<meta property=\"og:locale\" content=\"es_ES\" \/>\n<meta property=\"og:type\" content=\"article\" \/>\n<meta property=\"og:title\" content=\"SE INCENDI\u00d3 UNA AVIONETA TRAS ATERRIZAR EN EL AEROPUERTO DE SAN LUIS - Apuntes de San Luis\" \/>\n<meta property=\"og:description\" content=\"Sucedi\u00f3 este domingo por la ma\u00f1ana, aproximadamente a las 10:00 h, cuando la aeronave privada...\" \/>\n<meta property=\"og:url\" content=\"https:\/\/apuntesdesanluis.com\/index.php\/2023\/09\/17\/se-incendio-una-avioneta-tras-aterrizar-en-el-aeropuerto-de-san-luis\/\" \/>\n<meta property=\"og:site_name\" content=\"Apuntes de San Luis\" \/>\n<meta property=\"article:published_time\" content=\"2023-09-17T14:24:20+00:00\" \/>\n<meta property=\"article:modified_time\" content=\"2023-09-17T21:45:35+00:00\" \/>\n<meta property=\"og:image\" content=\"https:\/\/apuntesdesanluis.com\/wp-content\/uploads\/2023\/09\/incendio-1.png\" \/>\n\t<meta property=\"og:image:width\" content=\"666\" \/>\n\t<meta property=\"og:image:height\" content=\"385\" \/>\n\t<meta property=\"og:image:type\" content=\"image\/png\" \/>\n<meta name=\"author\" content=\"apuntesdesanluis.com\" \/>\n<meta name=\"twitter:card\" content=\"summary_large_image\" \/>\n<meta name=\"twitter:label1\" content=\"Escrito por\" \/>\n\t<meta name=\"twitter:data1\" content=\"apuntesdesanluis.com\" \/>\n\t<meta name=\"twitter:label2\" content=\"Tiempo de lectura\" \/>\n\t<meta name=\"twitter:data2\" content=\"3 minutos\" \/>\n<script type=\"application\/ld+json\" class=\"yoast-schema-graph\">{\"@context\":\"https:\/\/schema.org\",\"@graph\":[{\"@type\":\"Article\",\"@id\":\"https:\/\/apuntesdesanluis.com\/index.php\/2023\/09\/17\/se-incendio-una-avioneta-tras-aterrizar-en-el-aeropuerto-de-san-luis\/#article\",\"isPartOf\":{\"@id\":\"https:\/\/apuntesdesanluis.com\/index.php\/2023\/09\/17\/se-incendio-una-avioneta-tras-aterrizar-en-el-aeropuerto-de-san-luis\/\"},\"author\":{\"name\":\"apuntesdesanluis.com\",\"@id\":\"https:\/\/apuntesdesanluis.com\/#\/schema\/person\/b55151d52296fcce64d1a72538a70b90\"},\"headline\":\"SE INCENDI\u00d3 UNA AVIONETA TRAS ATERRIZAR EN EL AEROPUERTO DE SAN LUIS\",\"datePublished\":\"2023-09-17T14:24:20+00:00\",\"dateModified\":\"2023-09-17T21:45:35+00:00\",\"mainEntityOfPage\":{\"@id\":\"https:\/\/apuntesdesanluis.com\/index.php\/2023\/09\/17\/se-incendio-una-avioneta-tras-aterrizar-en-el-aeropuerto-de-san-luis\/\"},\"wordCount\":459,\"publisher\":{\"@id\":\"https:\/\/apuntesdesanluis.com\/#\/schema\/person\/b55151d52296fcce64d1a72538a70b90\"},\"image\":{\"@id\":\"https:\/\/apuntesdesanluis.com\/index.php\/2023\/09\/17\/se-incendio-una-avioneta-tras-aterrizar-en-el-aeropuerto-de-san-luis\/#primaryimage\"},\"thumbnailUrl\":\"https:\/\/apuntesdesanluis.com\/wp-content\/uploads\/2023\/09\/incendio-1.png\",\"articleSection\":[\"Ciudad\/Provincia\"],\"inLanguage\":\"es-AR\"},{\"@type\":\"WebPage\",\"@id\":\"https:\/\/apuntesdesanluis.com\/index.php\/2023\/09\/17\/se-incendio-una-avioneta-tras-aterrizar-en-el-aeropuerto-de-san-luis\/\",\"url\":\"https:\/\/apuntesdesanluis.com\/index.php\/2023\/09\/17\/se-incendio-una-avioneta-tras-aterrizar-en-el-aeropuerto-de-san-luis\/\",\"name\":\"SE INCENDI\u00d3 UNA AVIONETA TRAS ATERRIZAR EN EL AEROPUERTO DE SAN LUIS - Apuntes de San Luis\",\"isPartOf\":{\"@id\":\"https:\/\/apuntesdesanluis.com\/#website\"},\"primaryImageOfPage\":{\"@id\":\"https:\/\/apuntesdesanluis.com\/index.php\/2023\/09\/17\/se-incendio-una-avioneta-tras-aterrizar-en-el-aeropuerto-de-san-luis\/#primaryimage\"},\"image\":{\"@id\":\"https:\/\/apuntesdesanluis.com\/index.php\/2023\/09\/17\/se-incendio-una-avioneta-tras-aterrizar-en-el-aeropuerto-de-san-luis\/#primaryimage\"},\"thumbnailUrl\":\"https:\/\/apuntesdesanluis.com\/wp-content\/uploads\/2023\/09\/incendio-1.png\",\"datePublished\":\"2023-09-17T14:24:20+00:00\",\"dateModified\":\"2023-09-17T21:45:35+00:00\",\"breadcrumb\":{\"@id\":\"https:\/\/apuntesdesanluis.com\/index.php\/2023\/09\/17\/se-incendio-una-avioneta-tras-aterrizar-en-el-aeropuerto-de-san-luis\/#breadcrumb\"},\"inLanguage\":\"es-AR\",\"potentialAction\":[{\"@type\":\"ReadAction\",\"target\":[\"https:\/\/apuntesdesanluis.com\/index.php\/2023\/09\/17\/se-incendio-una-avioneta-tras-aterrizar-en-el-aeropuerto-de-san-luis\/\"]}]},{\"@type\":\"ImageObject\",\"inLanguage\":\"es-AR\",\"@id\":\"https:\/\/apuntesdesanluis.com\/index.php\/2023\/09\/17\/se-incendio-una-avioneta-tras-aterrizar-en-el-aeropuerto-de-san-luis\/#primaryimage\",\"url\":\"https:\/\/apuntesdesanluis.com\/wp-content\/uploads\/2023\/09\/incendio-1.png\",\"contentUrl\":\"https:\/\/apuntesdesanluis.com\/wp-content\/uploads\/2023\/09\/incendio-1.png\",\"width\":666,\"height\":385},{\"@type\":\"BreadcrumbList\",\"@id\":\"https:\/\/apuntesdesanluis.com\/index.php\/2023\/09\/17\/se-incendio-una-avioneta-tras-aterrizar-en-el-aeropuerto-de-san-luis\/#breadcrumb\",\"itemListElement\":[{\"@type\":\"ListItem\",\"position\":1,\"name\":\"Inicio\",\"item\":\"https:\/\/apuntesdesanluis.com\/\"},{\"@type\":\"ListItem\",\"position\":2,\"name\":\"SE INCENDI\u00d3 UNA AVIONETA TRAS ATERRIZAR EN EL AEROPUERTO DE SAN LUIS\"}]},{\"@type\":\"WebSite\",\"@id\":\"https:\/\/apuntesdesanluis.com\/#website\",\"url\":\"https:\/\/apuntesdesanluis.com\/\",\"name\":\"Apuntes de San Luis\",\"description\":\"\",\"publisher\":{\"@id\":\"https:\/\/apuntesdesanluis.com\/#\/schema\/person\/b55151d52296fcce64d1a72538a70b90\"},\"potentialAction\":[{\"@type\":\"SearchAction\",\"target\":{\"@type\":\"EntryPoint\",\"urlTemplate\":\"https:\/\/apuntesdesanluis.com\/?s={search_term_string}\"},\"query-input\":{\"@type\":\"PropertyValueSpecification\",\"valueRequired\":true,\"valueName\":\"search_term_string\"}}],\"inLanguage\":\"es-AR\"},{\"@type\":[\"Person\",\"Organization\"],\"@id\":\"https:\/\/apuntesdesanluis.com\/#\/schema\/person\/b55151d52296fcce64d1a72538a70b90\",\"name\":\"apuntesdesanluis.com\",\"image\":{\"@type\":\"ImageObject\",\"inLanguage\":\"es-AR\",\"@id\":\"https:\/\/apuntesdesanluis.com\/#\/schema\/person\/image\/\",\"url\":\"https:\/\/apuntesdesanluis.com\/wp-content\/uploads\/2023\/07\/cropped-apuntesdesanluis.png\",\"contentUrl\":\"https:\/\/apuntesdesanluis.com\/wp-content\/uploads\/2023\/07\/cropped-apuntesdesanluis.png\",\"width\":450,\"height\":112,\"caption\":\"apuntesdesanluis.com\"},\"logo\":{\"@id\":\"https:\/\/apuntesdesanluis.com\/#\/schema\/person\/image\/\"},\"sameAs\":[\"https:\/\/apuntesdesanluis.com\"],\"url\":\"https:\/\/apuntesdesanluis.com\/index.php\/author\/apuntesdesanluis-com\/\"}]}<\/script>\n<!-- \/ Yoast SEO plugin. -->","yoast_head_json":{"title":"SE INCENDI\u00d3 UNA AVIONETA TRAS ATERRIZAR EN EL AEROPUERTO DE SAN LUIS - Apuntes de San Luis","robots":{"index":"index","follow":"follow","max-snippet":"max-snippet:-1","max-image-preview":"max-image-preview:large","max-video-preview":"max-video-preview:-1"},"canonical":"https:\/\/apuntesdesanluis.com\/index.php\/2023\/09\/17\/se-incendio-una-avioneta-tras-aterrizar-en-el-aeropuerto-de-san-luis\/","og_locale":"es_ES","og_type":"article","og_title":"SE INCENDI\u00d3 UNA AVIONETA TRAS ATERRIZAR EN EL AEROPUERTO DE SAN LUIS - Apuntes de San Luis","og_description":"Sucedi\u00f3 este domingo por la ma\u00f1ana, aproximadamente a las 10:00 h, cuando la aeronave privada...","og_url":"https:\/\/apuntesdesanluis.com\/index.php\/2023\/09\/17\/se-incendio-una-avioneta-tras-aterrizar-en-el-aeropuerto-de-san-luis\/","og_site_name":"Apuntes de San Luis","article_published_time":"2023-09-17T14:24:20+00:00","article_modified_time":"2023-09-17T21:45:35+00:00","og_image":[{"width":666,"height":385,"url":"https:\/\/apuntesdesanluis.com\/wp-content\/uploads\/2023\/09\/incendio-1.png","type":"image\/png"}],"author":"apuntesdesanluis.com","twitter_card":"summary_large_image","twitter_misc":{"Escrito por":"apuntesdesanluis.com","Tiempo de lectura":"3 minutos"},"schema":{"@context":"https:\/\/schema.org","@graph":[{"@type":"Article","@id":"https:\/\/apuntesdesanluis.com\/index.php\/2023\/09\/17\/se-incendio-una-avioneta-tras-aterrizar-en-el-aeropuerto-de-san-luis\/#article","isPartOf":{"@id":"https:\/\/apuntesdesanluis.com\/index.php\/2023\/09\/17\/se-incendio-una-avioneta-tras-aterrizar-en-el-aeropuerto-de-san-luis\/"},"author":{"name":"apuntesdesanluis.com","@id":"https:\/\/apuntesdesanluis.com\/#\/schema\/person\/b55151d52296fcce64d1a72538a70b90"},"headline":"SE INCENDI\u00d3 UNA AVIONETA TRAS ATERRIZAR EN EL AEROPUERTO DE SAN LUIS","datePublished":"2023-09-17T14:24:20+00:00","dateModified":"2023-09-17T21:45:35+00:00","mainEntityOfPage":{"@id":"https:\/\/apuntesdesanluis.com\/index.php\/2023\/09\/17\/se-incendio-una-avioneta-tras-aterrizar-en-el-aeropuerto-de-san-luis\/"},"wordCount":459,"publisher":{"@id":"https:\/\/apuntesdesanluis.com\/#\/schema\/person\/b55151d52296fcce64d1a72538a70b90"},"image":{"@id":"https:\/\/apuntesdesanluis.com\/index.php\/2023\/09\/17\/se-incendio-una-avioneta-tras-aterrizar-en-el-aeropuerto-de-san-luis\/#primaryimage"},"thumbnailUrl":"https:\/\/apuntesdesanluis.com\/wp-content\/uploads\/2023\/09\/incendio-1.png","articleSection":["Ciudad\/Provincia"],"inLanguage":"es-AR"},{"@type":"WebPage","@id":"https:\/\/apuntesdesanluis.com\/index.php\/2023\/09\/17\/se-incendio-una-avioneta-tras-aterrizar-en-el-aeropuerto-de-san-luis\/","url":"https:\/\/apuntesdesanluis.com\/index.php\/2023\/09\/17\/se-incendio-una-avioneta-tras-aterrizar-en-el-aeropuerto-de-san-luis\/","name":"SE INCENDI\u00d3 UNA AVIONETA TRAS ATERRIZAR EN EL AEROPUERTO DE SAN LUIS - Apuntes de San Luis","isPartOf":{"@id":"https:\/\/apuntesdesanluis.com\/#website"},"primaryImageOfPage":{"@id":"https:\/\/apuntesdesanluis.com\/index.php\/2023\/09\/17\/se-incendio-una-avioneta-tras-aterrizar-en-el-aeropuerto-de-san-luis\/#primaryimage"},"image":{"@id":"https:\/\/apuntesdesanluis.com\/index.php\/2023\/09\/17\/se-incendio-una-avioneta-tras-aterrizar-en-el-aeropuerto-de-san-luis\/#primaryimage"},"thumbnailUrl":"https:\/\/apuntesdesanluis.com\/wp-content\/uploads\/2023\/09\/incendio-1.png","datePublished":"2023-09-17T14:24:20+00:00","dateModified":"2023-09-17T21:45:35+00:00","breadcrumb":{"@id":"https:\/\/apuntesdesanluis.com\/index.php\/2023\/09\/17\/se-incendio-una-avioneta-tras-aterrizar-en-el-aeropuerto-de-san-luis\/#breadcrumb"},"inLanguage":"es-AR","potentialAction":[{"@type":"ReadAction","target":["https:\/\/apuntesdesanluis.com\/index.php\/2023\/09\/17\/se-incendio-una-avioneta-tras-aterrizar-en-el-aeropuerto-de-san-luis\/"]}]},{"@type":"ImageObject","inLanguage":"es-AR","@id":"https:\/\/apuntesdesanluis.com\/index.php\/2023\/09\/17\/se-incendio-una-avioneta-tras-aterrizar-en-el-aeropuerto-de-san-luis\/#primaryimage","url":"https:\/\/apuntesdesanluis.com\/wp-content\/uploads\/2023\/09\/incendio-1.png","contentUrl":"https:\/\/apuntesdesanluis.com\/wp-content\/uploads\/2023\/09\/incendio-1.png","width":666,"height":385},{"@type":"BreadcrumbList","@id":"https:\/\/apuntesdesanluis.com\/index.php\/2023\/09\/17\/se-incendio-una-avioneta-tras-aterrizar-en-el-aeropuerto-de-san-luis\/#breadcrumb","itemListElement":[{"@type":"ListItem","position":1,"name":"Inicio","item":"https:\/\/apuntesdesanluis.com\/"},{"@type":"ListItem","position":2,"name":"SE INCENDI\u00d3 UNA AVIONETA TRAS ATERRIZAR EN EL AEROPUERTO DE SAN LUIS"}]},{"@type":"WebSite","@id":"https:\/\/apuntesdesanluis.com\/#website","url":"https:\/\/apuntesdesanluis.com\/","name":"Apuntes de San Luis","description":"","publisher":{"@id":"https:\/\/apuntesdesanluis.com\/#\/schema\/person\/b55151d52296fcce64d1a72538a70b90"},"potentialAction":[{"@type":"SearchAction","target":{"@type":"EntryPoint","urlTemplate":"https:\/\/apuntesdesanluis.com\/?s={search_term_string}"},"query-input":{"@type":"PropertyValueSpecification","valueRequired":true,"valueName":"search_term_string"}}],"inLanguage":"es-AR"},{"@type":["Person","Organization"],"@id":"https:\/\/apuntesdesanluis.com\/#\/schema\/person\/b55151d52296fcce64d1a72538a70b90","name":"apuntesdesanluis.com","image":{"@type":"ImageObject","inLanguage":"es-AR","@id":"https:\/\/apuntesdesanluis.com\/#\/schema\/person\/image\/","url":"https:\/\/apuntesdesanluis.com\/wp-content\/uploads\/2023\/07\/cropped-apuntesdesanluis.png","contentUrl":"https:\/\/apuntesdesanluis.com\/wp-content\/uploads\/2023\/07\/cropped-apuntesdesanluis.png","width":450,"height":112,"caption":"apuntesdesanluis.com"},"logo":{"@id":"https:\/\/apuntesdesanluis.com\/#\/schema\/person\/image\/"},"sameAs":["https:\/\/apuntesdesanluis.com"],"url":"https:\/\/apuntesdesanluis.com\/index.php\/author\/apuntesdesanluis-com\/"}]}},"featured_image_urls":{"full":["https:\/\/apuntesdesanluis.com\/wp-content\/uploads\/2023\/09\/incendio-1.png",666,385,false],"thumbnail":["https:\/\/apuntesdesanluis.com\/wp-content\/uploads\/2023\/09\/incendio-1-150x150.png",150,150,true],"medium":["https:\/\/apuntesdesanluis.com\/wp-content\/uploads\/2023\/09\/incendio-1-300x173.png",300,173,true],"medium_large":["https:\/\/apuntesdesanluis.com\/wp-content\/uploads\/2023\/09\/incendio-1.png",640,370,false],"large":["https:\/\/apuntesdesanluis.com\/wp-content\/uploads\/2023\/09\/incendio-1.png",640,370,false],"1536x1536":["https:\/\/apuntesdesanluis.com\/wp-content\/uploads\/2023\/09\/incendio-1.png",666,385,false],"2048x2048":["https:\/\/apuntesdesanluis.com\/wp-content\/uploads\/2023\/09\/incendio-1.png",666,385,false],"newsever-slider-full":["https:\/\/apuntesdesanluis.com\/wp-content\/uploads\/2023\/09\/incendio-1.png",666,385,false],"newsever-featured":["https:\/\/apuntesdesanluis.com\/wp-content\/uploads\/2023\/09\/incendio-1.png",666,385,false],"newsever-medium":["https:\/\/apuntesdesanluis.com\/wp-content\/uploads\/2023\/09\/incendio-1.png",666,385,false]},"author_info":{"display_name":"apuntesdesanluis.com","author_link":"https:\/\/apuntesdesanluis.com\/index.php\/author\/apuntesdesanluis-com\/"},"category_info":"<a href=\"https:\/\/apuntesdesanluis.com\/index.php\/category\/ciudad-provincia\/\" rel=\"category tag\">Ciudad\/Provincia<\/a>","tag_info":"Ciudad\/Provincia","comment_count":"0","_links":{"self":[{"href":"https:\/\/apuntesdesanluis.com\/index.php\/wp-json\/wp\/v2\/posts\/3452","targetHints":{"allow":["GET"]}}],"collection":[{"href":"https:\/\/apuntesdesanluis.com\/index.php\/wp-json\/wp\/v2\/posts"}],"about":[{"href":"https:\/\/apuntesdesanluis.com\/index.php\/wp-json\/wp\/v2\/types\/post"}],"author":[{"embeddable":true,"href":"https:\/\/apuntesdesanluis.com\/index.php\/wp-json\/wp\/v2\/users\/1"}],"replies":[{"embeddable":true,"href":"https:\/\/apuntesdesanluis.com\/index.php\/wp-json\/wp\/v2\/comments?post=3452"}],"version-history":[{"count":9,"href":"https:\/\/apuntesdesanluis.com\/index.php\/wp-json\/wp\/v2\/posts\/3452\/revisions"}],"predecessor-version":[{"id":3477,"href":"https:\/\/apuntesdesanluis.com\/index.php\/wp-json\/wp\/v2\/posts\/3452\/revisions\/3477"}],"wp:featuredmedia":[{"embeddable":true,"href":"https:\/\/apuntesdesanluis.com\/index.php\/wp-json\/wp\/v2\/media\/3453"}],"wp:attachment":[{"href":"https:\/\/apuntesdesanluis.com\/index.php\/wp-json\/wp\/v2\/media?parent=3452"}],"wp:term":[{"taxonomy":"category","embeddable":true,"href":"https:\/\/apuntesdesanluis.com\/index.php\/wp-json\/wp\/v2\/categories?post=3452"},{"taxonomy":"post_tag","embeddable":true,"href":"https:\/\/apuntesdesanluis.com\/index.php\/wp-json\/wp\/v2\/tags?post=3452"}],"curies":[{"name":"wp","href":"https:\/\/api.w.org\/{rel}","templated":true}]}}