{"id":3466,"date":"2023-09-17T08:13:08","date_gmt":"2023-09-17T11:13:08","guid":{"rendered":"https:\/\/apuntesdesanluis.com\/?p=3466"},"modified":"2023-09-17T18:15:05","modified_gmt":"2023-09-17T21:15:05","slug":"uda-denuncio-discriminacion-y-cuestiono-que-el-aumento-se-calcule-sobre-salarios-de-febrero","status":"publish","type":"post","link":"https:\/\/apuntesdesanluis.com\/index.php\/2023\/09\/17\/uda-denuncio-discriminacion-y-cuestiono-que-el-aumento-se-calcule-sobre-salarios-de-febrero\/","title":{"rendered":"UDA DENUNCI\u00d3 \u201cDISCRIMINACI\u00d3N\u201d Y CUESTION\u00d3 QUE EL AUMENTO SE CALCULE SOBRE LOS SALARIOS DE FEBRERO"},"content":{"rendered":"<h3 class=\"yiv7409174924ydp6329976emsonormal\" style=\"text-align: justify; background: white;\"><span style=\"font-family: 'Arial','sans-serif'; color: #1d2228;\">Tras el anuncio que efectu\u00f3 el gobernador <strong>Alberto Rodr\u00edguez Sa\u00e1<\/strong>, la <strong>Uni\u00f3n Docentes Argentinos Seccional San Luis<\/strong> repudi\u00f3 la \u201cpermanente y continua actitud de discriminaci\u00f3n\u201d hacia el sector docente.<\/span><\/h3>\n<h3 class=\"yiv7409174924ydp6329976emsonormal\" style=\"text-align: justify; background: white;\"><span style=\"font-family: 'Arial','sans-serif'; color: #1d2228;\">Si bien reconoci\u00f3 que con el aumento del 30% y piso salarial de $300.000 San Luis tendr\u00e1 \u201cuno de los mejores salarios del pa\u00eds\u201d, en nuestra provincia los docentes \u201cseguimos teniendo los peores, injustos y mal distribuidos sueldos, con respecto al resto de la administraci\u00f3n p\u00fablica\u201d.<\/span><\/h3>\n<h3 class=\"yiv7409174924ydp6329976emsonormal\" style=\"text-align: justify; background: white;\"><span style=\"font-family: 'Arial','sans-serif'; color: #1d2228;\">UDA tambi\u00e9n reclama que el 30% anunciado se aplique sobre los salarios del mes de agosto y no sobre febrero \u201ccomo lamentablemente se hace\u201d.<\/span><\/h3>\n<p><img fetchpriority=\"high\" decoding=\"async\" class=\"wp-image-3467 aligncenter\" src=\"https:\/\/apuntesdesanluis.com\/wp-content\/uploads\/2023\/09\/Imagen-de-WhatsApp-2023-09-17-a-las-17.12.44-300x276.jpg\" alt=\"\" width=\"693\" height=\"638\" srcset=\"https:\/\/apuntesdesanluis.com\/wp-content\/uploads\/2023\/09\/Imagen-de-WhatsApp-2023-09-17-a-las-17.12.44-300x276.jpg 300w, https:\/\/apuntesdesanluis.com\/wp-content\/uploads\/2023\/09\/Imagen-de-WhatsApp-2023-09-17-a-las-17.12.44.jpg 633w\" sizes=\"(max-width: 693px) 100vw, 693px\" \/><\/p>\n","protected":false},"excerpt":{"rendered":"<p>Tras el anuncio que efectu\u00f3 el gobernador Alberto Rodr\u00edguez Sa\u00e1, la Uni\u00f3n Docentes Argentinos Seccional&#8230;<\/p>\n","protected":false},"author":1,"featured_media":3468,"comment_status":"closed","ping_status":"closed","sticky":false,"template":"","format":"standard","meta":{"footnotes":""},"categories":[6],"tags":[],"class_list":["post-3466","post","type-post","status-publish","format-standard","has-post-thumbnail","hentry","category-ciudad-provincia"],"yoast_head":"<!-- This site is optimized with the Yoast SEO plugin v26.1.1 - https:\/\/yoast.com\/wordpress\/plugins\/seo\/ -->\n<title>UDA DENUNCI\u00d3 \u201cDISCRIMINACI\u00d3N\u201d Y CUESTION\u00d3 QUE EL AUMENTO SE CALCULE SOBRE LOS SALARIOS DE FEBRERO - Apuntes de San Luis<\/title>\n<meta name=\"robots\" content=\"index, follow, max-snippet:-1, max-image-preview:large, max-video-preview:-1\" \/>\n<link rel=\"canonical\" href=\"https:\/\/apuntesdesanluis.com\/index.php\/2023\/09\/17\/uda-denuncio-discriminacion-y-cuestiono-que-el-aumento-se-calcule-sobre-salarios-de-febrero\/\" \/>\n<meta property=\"og:locale\" content=\"es_ES\" \/>\n<meta property=\"og:type\" content=\"article\" \/>\n<meta property=\"og:title\" content=\"UDA DENUNCI\u00d3 \u201cDISCRIMINACI\u00d3N\u201d Y CUESTION\u00d3 QUE EL AUMENTO SE CALCULE SOBRE LOS SALARIOS DE FEBRERO - Apuntes de San Luis\" \/>\n<meta property=\"og:description\" content=\"Tras el anuncio que efectu\u00f3 el gobernador Alberto Rodr\u00edguez Sa\u00e1, la Uni\u00f3n Docentes Argentinos Seccional...\" \/>\n<meta property=\"og:url\" content=\"https:\/\/apuntesdesanluis.com\/index.php\/2023\/09\/17\/uda-denuncio-discriminacion-y-cuestiono-que-el-aumento-se-calcule-sobre-salarios-de-febrero\/\" \/>\n<meta property=\"og:site_name\" content=\"Apuntes de San Luis\" \/>\n<meta property=\"article:published_time\" content=\"2023-09-17T11:13:08+00:00\" \/>\n<meta property=\"article:modified_time\" content=\"2023-09-17T21:15:05+00:00\" \/>\n<meta property=\"og:image\" content=\"https:\/\/apuntesdesanluis.com\/wp-content\/uploads\/2023\/09\/uda-san-luis.png\" \/>\n\t<meta property=\"og:image:width\" content=\"514\" \/>\n\t<meta property=\"og:image:height\" content=\"300\" \/>\n\t<meta property=\"og:image:type\" content=\"image\/png\" \/>\n<meta name=\"author\" content=\"apuntesdesanluis.com\" \/>\n<meta name=\"twitter:card\" content=\"summary_large_image\" \/>\n<meta name=\"twitter:label1\" content=\"Escrito por\" \/>\n\t<meta name=\"twitter:data1\" content=\"apuntesdesanluis.com\" \/>\n\t<meta name=\"twitter:label2\" content=\"Tiempo de lectura\" \/>\n\t<meta name=\"twitter:data2\" content=\"1 minuto\" \/>\n<script type=\"application\/ld+json\" class=\"yoast-schema-graph\">{\"@context\":\"https:\/\/schema.org\",\"@graph\":[{\"@type\":\"Article\",\"@id\":\"https:\/\/apuntesdesanluis.com\/index.php\/2023\/09\/17\/uda-denuncio-discriminacion-y-cuestiono-que-el-aumento-se-calcule-sobre-salarios-de-febrero\/#article\",\"isPartOf\":{\"@id\":\"https:\/\/apuntesdesanluis.com\/index.php\/2023\/09\/17\/uda-denuncio-discriminacion-y-cuestiono-que-el-aumento-se-calcule-sobre-salarios-de-febrero\/\"},\"author\":{\"name\":\"apuntesdesanluis.com\",\"@id\":\"https:\/\/apuntesdesanluis.com\/#\/schema\/person\/b55151d52296fcce64d1a72538a70b90\"},\"headline\":\"UDA DENUNCI\u00d3 \u201cDISCRIMINACI\u00d3N\u201d Y CUESTION\u00d3 QUE EL AUMENTO SE CALCULE SOBRE LOS SALARIOS DE FEBRERO\",\"datePublished\":\"2023-09-17T11:13:08+00:00\",\"dateModified\":\"2023-09-17T21:15:05+00:00\",\"mainEntityOfPage\":{\"@id\":\"https:\/\/apuntesdesanluis.com\/index.php\/2023\/09\/17\/uda-denuncio-discriminacion-y-cuestiono-que-el-aumento-se-calcule-sobre-salarios-de-febrero\/\"},\"wordCount\":119,\"publisher\":{\"@id\":\"https:\/\/apuntesdesanluis.com\/#\/schema\/person\/b55151d52296fcce64d1a72538a70b90\"},\"image\":{\"@id\":\"https:\/\/apuntesdesanluis.com\/index.php\/2023\/09\/17\/uda-denuncio-discriminacion-y-cuestiono-que-el-aumento-se-calcule-sobre-salarios-de-febrero\/#primaryimage\"},\"thumbnailUrl\":\"https:\/\/apuntesdesanluis.com\/wp-content\/uploads\/2023\/09\/uda-san-luis.png\",\"articleSection\":[\"Ciudad\/Provincia\"],\"inLanguage\":\"es-AR\"},{\"@type\":\"WebPage\",\"@id\":\"https:\/\/apuntesdesanluis.com\/index.php\/2023\/09\/17\/uda-denuncio-discriminacion-y-cuestiono-que-el-aumento-se-calcule-sobre-salarios-de-febrero\/\",\"url\":\"https:\/\/apuntesdesanluis.com\/index.php\/2023\/09\/17\/uda-denuncio-discriminacion-y-cuestiono-que-el-aumento-se-calcule-sobre-salarios-de-febrero\/\",\"name\":\"UDA DENUNCI\u00d3 \u201cDISCRIMINACI\u00d3N\u201d Y CUESTION\u00d3 QUE EL AUMENTO SE CALCULE SOBRE LOS SALARIOS DE FEBRERO - Apuntes de San Luis\",\"isPartOf\":{\"@id\":\"https:\/\/apuntesdesanluis.com\/#website\"},\"primaryImageOfPage\":{\"@id\":\"https:\/\/apuntesdesanluis.com\/index.php\/2023\/09\/17\/uda-denuncio-discriminacion-y-cuestiono-que-el-aumento-se-calcule-sobre-salarios-de-febrero\/#primaryimage\"},\"image\":{\"@id\":\"https:\/\/apuntesdesanluis.com\/index.php\/2023\/09\/17\/uda-denuncio-discriminacion-y-cuestiono-que-el-aumento-se-calcule-sobre-salarios-de-febrero\/#primaryimage\"},\"thumbnailUrl\":\"https:\/\/apuntesdesanluis.com\/wp-content\/uploads\/2023\/09\/uda-san-luis.png\",\"datePublished\":\"2023-09-17T11:13:08+00:00\",\"dateModified\":\"2023-09-17T21:15:05+00:00\",\"breadcrumb\":{\"@id\":\"https:\/\/apuntesdesanluis.com\/index.php\/2023\/09\/17\/uda-denuncio-discriminacion-y-cuestiono-que-el-aumento-se-calcule-sobre-salarios-de-febrero\/#breadcrumb\"},\"inLanguage\":\"es-AR\",\"potentialAction\":[{\"@type\":\"ReadAction\",\"target\":[\"https:\/\/apuntesdesanluis.com\/index.php\/2023\/09\/17\/uda-denuncio-discriminacion-y-cuestiono-que-el-aumento-se-calcule-sobre-salarios-de-febrero\/\"]}]},{\"@type\":\"ImageObject\",\"inLanguage\":\"es-AR\",\"@id\":\"https:\/\/apuntesdesanluis.com\/index.php\/2023\/09\/17\/uda-denuncio-discriminacion-y-cuestiono-que-el-aumento-se-calcule-sobre-salarios-de-febrero\/#primaryimage\",\"url\":\"https:\/\/apuntesdesanluis.com\/wp-content\/uploads\/2023\/09\/uda-san-luis.png\",\"contentUrl\":\"https:\/\/apuntesdesanluis.com\/wp-content\/uploads\/2023\/09\/uda-san-luis.png\",\"width\":514,\"height\":300},{\"@type\":\"BreadcrumbList\",\"@id\":\"https:\/\/apuntesdesanluis.com\/index.php\/2023\/09\/17\/uda-denuncio-discriminacion-y-cuestiono-que-el-aumento-se-calcule-sobre-salarios-de-febrero\/#breadcrumb\",\"itemListElement\":[{\"@type\":\"ListItem\",\"position\":1,\"name\":\"Inicio\",\"item\":\"https:\/\/apuntesdesanluis.com\/\"},{\"@type\":\"ListItem\",\"position\":2,\"name\":\"UDA DENUNCI\u00d3 \u201cDISCRIMINACI\u00d3N\u201d Y CUESTION\u00d3 QUE EL AUMENTO SE CALCULE SOBRE LOS SALARIOS DE FEBRERO\"}]},{\"@type\":\"WebSite\",\"@id\":\"https:\/\/apuntesdesanluis.com\/#website\",\"url\":\"https:\/\/apuntesdesanluis.com\/\",\"name\":\"Apuntes de San Luis\",\"description\":\"\",\"publisher\":{\"@id\":\"https:\/\/apuntesdesanluis.com\/#\/schema\/person\/b55151d52296fcce64d1a72538a70b90\"},\"potentialAction\":[{\"@type\":\"SearchAction\",\"target\":{\"@type\":\"EntryPoint\",\"urlTemplate\":\"https:\/\/apuntesdesanluis.com\/?s={search_term_string}\"},\"query-input\":{\"@type\":\"PropertyValueSpecification\",\"valueRequired\":true,\"valueName\":\"search_term_string\"}}],\"inLanguage\":\"es-AR\"},{\"@type\":[\"Person\",\"Organization\"],\"@id\":\"https:\/\/apuntesdesanluis.com\/#\/schema\/person\/b55151d52296fcce64d1a72538a70b90\",\"name\":\"apuntesdesanluis.com\",\"image\":{\"@type\":\"ImageObject\",\"inLanguage\":\"es-AR\",\"@id\":\"https:\/\/apuntesdesanluis.com\/#\/schema\/person\/image\/\",\"url\":\"https:\/\/apuntesdesanluis.com\/wp-content\/uploads\/2023\/07\/cropped-apuntesdesanluis.png\",\"contentUrl\":\"https:\/\/apuntesdesanluis.com\/wp-content\/uploads\/2023\/07\/cropped-apuntesdesanluis.png\",\"width\":450,\"height\":112,\"caption\":\"apuntesdesanluis.com\"},\"logo\":{\"@id\":\"https:\/\/apuntesdesanluis.com\/#\/schema\/person\/image\/\"},\"sameAs\":[\"https:\/\/apuntesdesanluis.com\"],\"url\":\"https:\/\/apuntesdesanluis.com\/index.php\/author\/apuntesdesanluis-com\/\"}]}<\/script>\n<!-- \/ Yoast SEO plugin. -->","yoast_head_json":{"title":"UDA DENUNCI\u00d3 \u201cDISCRIMINACI\u00d3N\u201d Y CUESTION\u00d3 QUE EL AUMENTO SE CALCULE SOBRE LOS SALARIOS DE FEBRERO - Apuntes de San Luis","robots":{"index":"index","follow":"follow","max-snippet":"max-snippet:-1","max-image-preview":"max-image-preview:large","max-video-preview":"max-video-preview:-1"},"canonical":"https:\/\/apuntesdesanluis.com\/index.php\/2023\/09\/17\/uda-denuncio-discriminacion-y-cuestiono-que-el-aumento-se-calcule-sobre-salarios-de-febrero\/","og_locale":"es_ES","og_type":"article","og_title":"UDA DENUNCI\u00d3 \u201cDISCRIMINACI\u00d3N\u201d Y CUESTION\u00d3 QUE EL AUMENTO SE CALCULE SOBRE LOS SALARIOS DE FEBRERO - Apuntes de San Luis","og_description":"Tras el anuncio que efectu\u00f3 el gobernador Alberto Rodr\u00edguez Sa\u00e1, la Uni\u00f3n Docentes Argentinos Seccional...","og_url":"https:\/\/apuntesdesanluis.com\/index.php\/2023\/09\/17\/uda-denuncio-discriminacion-y-cuestiono-que-el-aumento-se-calcule-sobre-salarios-de-febrero\/","og_site_name":"Apuntes de San Luis","article_published_time":"2023-09-17T11:13:08+00:00","article_modified_time":"2023-09-17T21:15:05+00:00","og_image":[{"width":514,"height":300,"url":"https:\/\/apuntesdesanluis.com\/wp-content\/uploads\/2023\/09\/uda-san-luis.png","type":"image\/png"}],"author":"apuntesdesanluis.com","twitter_card":"summary_large_image","twitter_misc":{"Escrito por":"apuntesdesanluis.com","Tiempo de lectura":"1 minuto"},"schema":{"@context":"https:\/\/schema.org","@graph":[{"@type":"Article","@id":"https:\/\/apuntesdesanluis.com\/index.php\/2023\/09\/17\/uda-denuncio-discriminacion-y-cuestiono-que-el-aumento-se-calcule-sobre-salarios-de-febrero\/#article","isPartOf":{"@id":"https:\/\/apuntesdesanluis.com\/index.php\/2023\/09\/17\/uda-denuncio-discriminacion-y-cuestiono-que-el-aumento-se-calcule-sobre-salarios-de-febrero\/"},"author":{"name":"apuntesdesanluis.com","@id":"https:\/\/apuntesdesanluis.com\/#\/schema\/person\/b55151d52296fcce64d1a72538a70b90"},"headline":"UDA DENUNCI\u00d3 \u201cDISCRIMINACI\u00d3N\u201d Y CUESTION\u00d3 QUE EL AUMENTO SE CALCULE SOBRE LOS SALARIOS DE FEBRERO","datePublished":"2023-09-17T11:13:08+00:00","dateModified":"2023-09-17T21:15:05+00:00","mainEntityOfPage":{"@id":"https:\/\/apuntesdesanluis.com\/index.php\/2023\/09\/17\/uda-denuncio-discriminacion-y-cuestiono-que-el-aumento-se-calcule-sobre-salarios-de-febrero\/"},"wordCount":119,"publisher":{"@id":"https:\/\/apuntesdesanluis.com\/#\/schema\/person\/b55151d52296fcce64d1a72538a70b90"},"image":{"@id":"https:\/\/apuntesdesanluis.com\/index.php\/2023\/09\/17\/uda-denuncio-discriminacion-y-cuestiono-que-el-aumento-se-calcule-sobre-salarios-de-febrero\/#primaryimage"},"thumbnailUrl":"https:\/\/apuntesdesanluis.com\/wp-content\/uploads\/2023\/09\/uda-san-luis.png","articleSection":["Ciudad\/Provincia"],"inLanguage":"es-AR"},{"@type":"WebPage","@id":"https:\/\/apuntesdesanluis.com\/index.php\/2023\/09\/17\/uda-denuncio-discriminacion-y-cuestiono-que-el-aumento-se-calcule-sobre-salarios-de-febrero\/","url":"https:\/\/apuntesdesanluis.com\/index.php\/2023\/09\/17\/uda-denuncio-discriminacion-y-cuestiono-que-el-aumento-se-calcule-sobre-salarios-de-febrero\/","name":"UDA DENUNCI\u00d3 \u201cDISCRIMINACI\u00d3N\u201d Y CUESTION\u00d3 QUE EL AUMENTO SE CALCULE SOBRE LOS SALARIOS DE FEBRERO - Apuntes de San Luis","isPartOf":{"@id":"https:\/\/apuntesdesanluis.com\/#website"},"primaryImageOfPage":{"@id":"https:\/\/apuntesdesanluis.com\/index.php\/2023\/09\/17\/uda-denuncio-discriminacion-y-cuestiono-que-el-aumento-se-calcule-sobre-salarios-de-febrero\/#primaryimage"},"image":{"@id":"https:\/\/apuntesdesanluis.com\/index.php\/2023\/09\/17\/uda-denuncio-discriminacion-y-cuestiono-que-el-aumento-se-calcule-sobre-salarios-de-febrero\/#primaryimage"},"thumbnailUrl":"https:\/\/apuntesdesanluis.com\/wp-content\/uploads\/2023\/09\/uda-san-luis.png","datePublished":"2023-09-17T11:13:08+00:00","dateModified":"2023-09-17T21:15:05+00:00","breadcrumb":{"@id":"https:\/\/apuntesdesanluis.com\/index.php\/2023\/09\/17\/uda-denuncio-discriminacion-y-cuestiono-que-el-aumento-se-calcule-sobre-salarios-de-febrero\/#breadcrumb"},"inLanguage":"es-AR","potentialAction":[{"@type":"ReadAction","target":["https:\/\/apuntesdesanluis.com\/index.php\/2023\/09\/17\/uda-denuncio-discriminacion-y-cuestiono-que-el-aumento-se-calcule-sobre-salarios-de-febrero\/"]}]},{"@type":"ImageObject","inLanguage":"es-AR","@id":"https:\/\/apuntesdesanluis.com\/index.php\/2023\/09\/17\/uda-denuncio-discriminacion-y-cuestiono-que-el-aumento-se-calcule-sobre-salarios-de-febrero\/#primaryimage","url":"https:\/\/apuntesdesanluis.com\/wp-content\/uploads\/2023\/09\/uda-san-luis.png","contentUrl":"https:\/\/apuntesdesanluis.com\/wp-content\/uploads\/2023\/09\/uda-san-luis.png","width":514,"height":300},{"@type":"BreadcrumbList","@id":"https:\/\/apuntesdesanluis.com\/index.php\/2023\/09\/17\/uda-denuncio-discriminacion-y-cuestiono-que-el-aumento-se-calcule-sobre-salarios-de-febrero\/#breadcrumb","itemListElement":[{"@type":"ListItem","position":1,"name":"Inicio","item":"https:\/\/apuntesdesanluis.com\/"},{"@type":"ListItem","position":2,"name":"UDA DENUNCI\u00d3 \u201cDISCRIMINACI\u00d3N\u201d Y CUESTION\u00d3 QUE EL AUMENTO SE CALCULE SOBRE LOS SALARIOS DE FEBRERO"}]},{"@type":"WebSite","@id":"https:\/\/apuntesdesanluis.com\/#website","url":"https:\/\/apuntesdesanluis.com\/","name":"Apuntes de San Luis","description":"","publisher":{"@id":"https:\/\/apuntesdesanluis.com\/#\/schema\/person\/b55151d52296fcce64d1a72538a70b90"},"potentialAction":[{"@type":"SearchAction","target":{"@type":"EntryPoint","urlTemplate":"https:\/\/apuntesdesanluis.com\/?s={search_term_string}"},"query-input":{"@type":"PropertyValueSpecification","valueRequired":true,"valueName":"search_term_string"}}],"inLanguage":"es-AR"},{"@type":["Person","Organization"],"@id":"https:\/\/apuntesdesanluis.com\/#\/schema\/person\/b55151d52296fcce64d1a72538a70b90","name":"apuntesdesanluis.com","image":{"@type":"ImageObject","inLanguage":"es-AR","@id":"https:\/\/apuntesdesanluis.com\/#\/schema\/person\/image\/","url":"https:\/\/apuntesdesanluis.com\/wp-content\/uploads\/2023\/07\/cropped-apuntesdesanluis.png","contentUrl":"https:\/\/apuntesdesanluis.com\/wp-content\/uploads\/2023\/07\/cropped-apuntesdesanluis.png","width":450,"height":112,"caption":"apuntesdesanluis.com"},"logo":{"@id":"https:\/\/apuntesdesanluis.com\/#\/schema\/person\/image\/"},"sameAs":["https:\/\/apuntesdesanluis.com"],"url":"https:\/\/apuntesdesanluis.com\/index.php\/author\/apuntesdesanluis-com\/"}]}},"featured_image_urls":{"full":["https:\/\/apuntesdesanluis.com\/wp-content\/uploads\/2023\/09\/uda-san-luis.png",514,300,false],"thumbnail":["https:\/\/apuntesdesanluis.com\/wp-content\/uploads\/2023\/09\/uda-san-luis-150x150.png",150,150,true],"medium":["https:\/\/apuntesdesanluis.com\/wp-content\/uploads\/2023\/09\/uda-san-luis-300x175.png",300,175,true],"medium_large":["https:\/\/apuntesdesanluis.com\/wp-content\/uploads\/2023\/09\/uda-san-luis.png",514,300,false],"large":["https:\/\/apuntesdesanluis.com\/wp-content\/uploads\/2023\/09\/uda-san-luis.png",514,300,false],"1536x1536":["https:\/\/apuntesdesanluis.com\/wp-content\/uploads\/2023\/09\/uda-san-luis.png",514,300,false],"2048x2048":["https:\/\/apuntesdesanluis.com\/wp-content\/uploads\/2023\/09\/uda-san-luis.png",514,300,false],"newsever-slider-full":["https:\/\/apuntesdesanluis.com\/wp-content\/uploads\/2023\/09\/uda-san-luis.png",514,300,false],"newsever-featured":["https:\/\/apuntesdesanluis.com\/wp-content\/uploads\/2023\/09\/uda-san-luis.png",514,300,false],"newsever-medium":["https:\/\/apuntesdesanluis.com\/wp-content\/uploads\/2023\/09\/uda-san-luis.png",514,300,false]},"author_info":{"display_name":"apuntesdesanluis.com","author_link":"https:\/\/apuntesdesanluis.com\/index.php\/author\/apuntesdesanluis-com\/"},"category_info":"<a href=\"https:\/\/apuntesdesanluis.com\/index.php\/category\/ciudad-provincia\/\" rel=\"category tag\">Ciudad\/Provincia<\/a>","tag_info":"Ciudad\/Provincia","comment_count":"0","_links":{"self":[{"href":"https:\/\/apuntesdesanluis.com\/index.php\/wp-json\/wp\/v2\/posts\/3466","targetHints":{"allow":["GET"]}}],"collection":[{"href":"https:\/\/apuntesdesanluis.com\/index.php\/wp-json\/wp\/v2\/posts"}],"about":[{"href":"https:\/\/apuntesdesanluis.com\/index.php\/wp-json\/wp\/v2\/types\/post"}],"author":[{"embeddable":true,"href":"https:\/\/apuntesdesanluis.com\/index.php\/wp-json\/wp\/v2\/users\/1"}],"replies":[{"embeddable":true,"href":"https:\/\/apuntesdesanluis.com\/index.php\/wp-json\/wp\/v2\/comments?post=3466"}],"version-history":[{"count":2,"href":"https:\/\/apuntesdesanluis.com\/index.php\/wp-json\/wp\/v2\/posts\/3466\/revisions"}],"predecessor-version":[{"id":3470,"href":"https:\/\/apuntesdesanluis.com\/index.php\/wp-json\/wp\/v2\/posts\/3466\/revisions\/3470"}],"wp:featuredmedia":[{"embeddable":true,"href":"https:\/\/apuntesdesanluis.com\/index.php\/wp-json\/wp\/v2\/media\/3468"}],"wp:attachment":[{"href":"https:\/\/apuntesdesanluis.com\/index.php\/wp-json\/wp\/v2\/media?parent=3466"}],"wp:term":[{"taxonomy":"category","embeddable":true,"href":"https:\/\/apuntesdesanluis.com\/index.php\/wp-json\/wp\/v2\/categories?post=3466"},{"taxonomy":"post_tag","embeddable":true,"href":"https:\/\/apuntesdesanluis.com\/index.php\/wp-json\/wp\/v2\/tags?post=3466"}],"curies":[{"name":"wp","href":"https:\/\/api.w.org\/{rel}","templated":true}]}}