{"id":3484,"date":"2023-09-17T22:19:57","date_gmt":"2023-09-18T01:19:57","guid":{"rendered":"https:\/\/apuntesdesanluis.com\/?p=3484"},"modified":"2023-09-17T22:41:50","modified_gmt":"2023-09-18T01:41:50","slug":"fallecio-el-piloto-de-la-aeronave-que-se-incendio-en-el-aeropuerto-local","status":"publish","type":"post","link":"https:\/\/apuntesdesanluis.com\/index.php\/2023\/09\/17\/fallecio-el-piloto-de-la-aeronave-que-se-incendio-en-el-aeropuerto-local\/","title":{"rendered":"FALLECI\u00d3 EL PILOTO DE LA AERONAVE QUE SE INCENDI\u00d3 EN EL AEROPUERTO DE SAN LUIS"},"content":{"rendered":"<h3>Este domingo a las 21:30 h se emiti\u00f3 un comunicado desde el Hospital Central \u201cDr. Ram\u00f3n Carrillo\u201d, informando que <strong>Esteban Asprella<\/strong>, de 36 a\u00f1os, quien se encontraba internado en Cuidados Cr\u00edticos con pron\u00f3stico reservado luego de sufrir en la ma\u00f1ana de hoy un accidente a\u00e9reo, falleci\u00f3 a las 21:00 h.<\/h3>\n<h3>Desde la instituci\u00f3n se enviaron condolencias\u00a0a\u00a0su\u00a0familia.<\/h3>\n<h3>El accidente tuvo lugar este domingo aproximadamente a las 10:00 h, cuando la aeronave privada acababa de aterrizar en el Aeropuerto Brigadier Mayor C\u00e9sar R. Ojeda de la ciudad de San Luis.<\/h3>\n<p><img fetchpriority=\"high\" decoding=\"async\" class=\"wp-image-3490 aligncenter\" src=\"https:\/\/apuntesdesanluis.com\/wp-content\/uploads\/2023\/09\/AVIONETA-QUEMADA-300x229.png\" alt=\"\" width=\"773\" height=\"590\" srcset=\"https:\/\/apuntesdesanluis.com\/wp-content\/uploads\/2023\/09\/AVIONETA-QUEMADA-300x229.png 300w, https:\/\/apuntesdesanluis.com\/wp-content\/uploads\/2023\/09\/AVIONETA-QUEMADA.png 527w\" sizes=\"(max-width: 773px) 100vw, 773px\" \/><\/p>\n<h3>Seg\u00fan se indic\u00f3, la avioneta hab\u00eda despegado en horas de la ma\u00f1ana del aeropuerto de San Fernando, donde tiene el hangar. El accidente ocurri\u00f3 frente a la torre, del lado Oeste de la pista del aeropuerto \u201cBrigadier Cesar Ra\u00fal Ojeda\u201d. Se cree que el piloto tuvo dificultades para aterrizar producto de los fuertes vientos, por lo que la aeronave se desestabiliz\u00f3, descarril\u00f3 y a los pocos minutos se incendi\u00f3.<\/h3>\n<h3>La misma transportaba a tres hombres de 36, 52 y 69 a\u00f1os, oriundos de Buenos Aires, quienes sufrieron quemaduras de distinta consideraci\u00f3n, por lo que debieron ser trasladados al Hospital Central \u201cRam\u00f3n Carrillo\u201d con quemaduras de tercer grado. Hab\u00edan venido a presenciar la final de Turismo Carretera en el circuito \u201cRosendo Hern\u00e1ndez\u201d.<\/h3>\n<h3>Uno de ellos, el mayor, es el empresario de la construcci\u00f3n <strong>Juan Chediack,<\/strong> ex presidente y ex vicepresidente de la C\u00e1mara Argentina de la Construcci\u00f3n (CAC).<\/h3>\n<h3>El tercer accidentado es <strong>Juan Ignacio Bilesio Barbeito<\/strong>, de 51 a\u00f1os, oriundo de San Luis pero con domicilio en Buenos Aires.<\/h3>\n<h3><strong>ESTADO DE LOS ACCIDENTADOS<\/strong><\/h3>\n<h3>El parte m\u00e9dico de las 19:00 hab\u00eda informado que Asprella sufri\u00f3 &#8220;Politraumatismo grave, quemaduras profundas de aproximadamente 90 % de superficie corporal y v\u00eda a\u00e9rea&#8221;, por lo que se encontraba en &#8220;Asistencia Respiratoria Mec\u00e1nica. Actualmente en shock refractario, a pesar en tratamiento. Paciente muy cr\u00edtico, pron\u00f3stico reservado&#8221;.<\/h3>\n<h3>Juan Chediack de 69 a\u00f1os, se encuentra en &#8220;Cuidados Cr\u00edticos&#8221; y sufri\u00f3 &#8220;Politraumatismo grave, quemaduras profundas del 80 % aproximadamente con compromiso v\u00eda a\u00e9rea, traumatismo grave de t\u00f3rax y fractura de miembro inferior izquierdo. Actualmente en shock refractario a pesar del tratamiento. Paciente en estado cr\u00edtico, pron\u00f3stico reservado&#8221;.\u2013<\/h3>\n<h3>Finalmente Juan Ignacio Bilasio Barbeito de 51 a\u00f1os, tambi\u00e9n se encuentra internado en Cuidados Cr\u00edticos y sufri\u00f3 &#8220;Politraumatismo grave, con quemaduras del 44 % \u00a0de la superficie corporal y con compromiso grave de la \u00a0v\u00eda a\u00e9rea. Presenta fractura de pelvis inestable. Es un paciente cr\u00edtico y tiene pron\u00f3stico reservado&#8221;.<\/h3>\n<p>&nbsp;<\/p>\n<p>&nbsp;<\/p>\n<p>&nbsp;<\/p>\n<p>&nbsp;<\/p>\n","protected":false},"excerpt":{"rendered":"<p>Este domingo a las 21:30 h se emiti\u00f3 un comunicado desde el Hospital Central \u201cDr&#8230;.<\/p>\n","protected":false},"author":1,"featured_media":3485,"comment_status":"closed","ping_status":"closed","sticky":false,"template":"","format":"standard","meta":{"footnotes":""},"categories":[6],"tags":[],"class_list":["post-3484","post","type-post","status-publish","format-standard","has-post-thumbnail","hentry","category-ciudad-provincia"],"yoast_head":"<!-- This site is optimized with the Yoast SEO plugin v26.1.1 - https:\/\/yoast.com\/wordpress\/plugins\/seo\/ -->\n<title>FALLECI\u00d3 EL PILOTO DE LA AERONAVE QUE SE INCENDI\u00d3 EN EL AEROPUERTO DE SAN LUIS - Apuntes de San Luis<\/title>\n<meta name=\"robots\" content=\"index, follow, max-snippet:-1, max-image-preview:large, max-video-preview:-1\" \/>\n<link rel=\"canonical\" href=\"https:\/\/apuntesdesanluis.com\/index.php\/2023\/09\/17\/fallecio-el-piloto-de-la-aeronave-que-se-incendio-en-el-aeropuerto-local\/\" \/>\n<meta property=\"og:locale\" content=\"es_ES\" \/>\n<meta property=\"og:type\" content=\"article\" \/>\n<meta property=\"og:title\" content=\"FALLECI\u00d3 EL PILOTO DE LA AERONAVE QUE SE INCENDI\u00d3 EN EL AEROPUERTO DE SAN LUIS - Apuntes de San Luis\" \/>\n<meta property=\"og:description\" content=\"Este domingo a las 21:30 h se emiti\u00f3 un comunicado desde el Hospital Central \u201cDr....\" \/>\n<meta property=\"og:url\" content=\"https:\/\/apuntesdesanluis.com\/index.php\/2023\/09\/17\/fallecio-el-piloto-de-la-aeronave-que-se-incendio-en-el-aeropuerto-local\/\" \/>\n<meta property=\"og:site_name\" content=\"Apuntes de San Luis\" \/>\n<meta property=\"article:published_time\" content=\"2023-09-18T01:19:57+00:00\" \/>\n<meta property=\"article:modified_time\" content=\"2023-09-18T01:41:50+00:00\" \/>\n<meta property=\"og:image\" content=\"https:\/\/apuntesdesanluis.com\/wp-content\/uploads\/2023\/09\/avioneta.png\" \/>\n\t<meta property=\"og:image:width\" content=\"600\" \/>\n\t<meta property=\"og:image:height\" content=\"354\" \/>\n\t<meta property=\"og:image:type\" content=\"image\/png\" \/>\n<meta name=\"author\" content=\"apuntesdesanluis.com\" \/>\n<meta name=\"twitter:card\" content=\"summary_large_image\" \/>\n<meta name=\"twitter:label1\" content=\"Escrito por\" \/>\n\t<meta name=\"twitter:data1\" content=\"apuntesdesanluis.com\" \/>\n\t<meta name=\"twitter:label2\" content=\"Tiempo de lectura\" \/>\n\t<meta name=\"twitter:data2\" content=\"3 minutos\" \/>\n<script type=\"application\/ld+json\" class=\"yoast-schema-graph\">{\"@context\":\"https:\/\/schema.org\",\"@graph\":[{\"@type\":\"Article\",\"@id\":\"https:\/\/apuntesdesanluis.com\/index.php\/2023\/09\/17\/fallecio-el-piloto-de-la-aeronave-que-se-incendio-en-el-aeropuerto-local\/#article\",\"isPartOf\":{\"@id\":\"https:\/\/apuntesdesanluis.com\/index.php\/2023\/09\/17\/fallecio-el-piloto-de-la-aeronave-que-se-incendio-en-el-aeropuerto-local\/\"},\"author\":{\"name\":\"apuntesdesanluis.com\",\"@id\":\"https:\/\/apuntesdesanluis.com\/#\/schema\/person\/b55151d52296fcce64d1a72538a70b90\"},\"headline\":\"FALLECI\u00d3 EL PILOTO DE LA AERONAVE QUE SE INCENDI\u00d3 EN EL AEROPUERTO DE SAN LUIS\",\"datePublished\":\"2023-09-18T01:19:57+00:00\",\"dateModified\":\"2023-09-18T01:41:50+00:00\",\"mainEntityOfPage\":{\"@id\":\"https:\/\/apuntesdesanluis.com\/index.php\/2023\/09\/17\/fallecio-el-piloto-de-la-aeronave-que-se-incendio-en-el-aeropuerto-local\/\"},\"wordCount\":451,\"publisher\":{\"@id\":\"https:\/\/apuntesdesanluis.com\/#\/schema\/person\/b55151d52296fcce64d1a72538a70b90\"},\"image\":{\"@id\":\"https:\/\/apuntesdesanluis.com\/index.php\/2023\/09\/17\/fallecio-el-piloto-de-la-aeronave-que-se-incendio-en-el-aeropuerto-local\/#primaryimage\"},\"thumbnailUrl\":\"https:\/\/apuntesdesanluis.com\/wp-content\/uploads\/2023\/09\/avioneta.png\",\"articleSection\":[\"Ciudad\/Provincia\"],\"inLanguage\":\"es-AR\"},{\"@type\":\"WebPage\",\"@id\":\"https:\/\/apuntesdesanluis.com\/index.php\/2023\/09\/17\/fallecio-el-piloto-de-la-aeronave-que-se-incendio-en-el-aeropuerto-local\/\",\"url\":\"https:\/\/apuntesdesanluis.com\/index.php\/2023\/09\/17\/fallecio-el-piloto-de-la-aeronave-que-se-incendio-en-el-aeropuerto-local\/\",\"name\":\"FALLECI\u00d3 EL PILOTO DE LA AERONAVE QUE SE INCENDI\u00d3 EN EL AEROPUERTO DE SAN LUIS - Apuntes de San Luis\",\"isPartOf\":{\"@id\":\"https:\/\/apuntesdesanluis.com\/#website\"},\"primaryImageOfPage\":{\"@id\":\"https:\/\/apuntesdesanluis.com\/index.php\/2023\/09\/17\/fallecio-el-piloto-de-la-aeronave-que-se-incendio-en-el-aeropuerto-local\/#primaryimage\"},\"image\":{\"@id\":\"https:\/\/apuntesdesanluis.com\/index.php\/2023\/09\/17\/fallecio-el-piloto-de-la-aeronave-que-se-incendio-en-el-aeropuerto-local\/#primaryimage\"},\"thumbnailUrl\":\"https:\/\/apuntesdesanluis.com\/wp-content\/uploads\/2023\/09\/avioneta.png\",\"datePublished\":\"2023-09-18T01:19:57+00:00\",\"dateModified\":\"2023-09-18T01:41:50+00:00\",\"breadcrumb\":{\"@id\":\"https:\/\/apuntesdesanluis.com\/index.php\/2023\/09\/17\/fallecio-el-piloto-de-la-aeronave-que-se-incendio-en-el-aeropuerto-local\/#breadcrumb\"},\"inLanguage\":\"es-AR\",\"potentialAction\":[{\"@type\":\"ReadAction\",\"target\":[\"https:\/\/apuntesdesanluis.com\/index.php\/2023\/09\/17\/fallecio-el-piloto-de-la-aeronave-que-se-incendio-en-el-aeropuerto-local\/\"]}]},{\"@type\":\"ImageObject\",\"inLanguage\":\"es-AR\",\"@id\":\"https:\/\/apuntesdesanluis.com\/index.php\/2023\/09\/17\/fallecio-el-piloto-de-la-aeronave-que-se-incendio-en-el-aeropuerto-local\/#primaryimage\",\"url\":\"https:\/\/apuntesdesanluis.com\/wp-content\/uploads\/2023\/09\/avioneta.png\",\"contentUrl\":\"https:\/\/apuntesdesanluis.com\/wp-content\/uploads\/2023\/09\/avioneta.png\",\"width\":600,\"height\":354},{\"@type\":\"BreadcrumbList\",\"@id\":\"https:\/\/apuntesdesanluis.com\/index.php\/2023\/09\/17\/fallecio-el-piloto-de-la-aeronave-que-se-incendio-en-el-aeropuerto-local\/#breadcrumb\",\"itemListElement\":[{\"@type\":\"ListItem\",\"position\":1,\"name\":\"Inicio\",\"item\":\"https:\/\/apuntesdesanluis.com\/\"},{\"@type\":\"ListItem\",\"position\":2,\"name\":\"FALLECI\u00d3 EL PILOTO DE LA AERONAVE QUE SE INCENDI\u00d3 EN EL AEROPUERTO DE SAN LUIS\"}]},{\"@type\":\"WebSite\",\"@id\":\"https:\/\/apuntesdesanluis.com\/#website\",\"url\":\"https:\/\/apuntesdesanluis.com\/\",\"name\":\"Apuntes de San Luis\",\"description\":\"\",\"publisher\":{\"@id\":\"https:\/\/apuntesdesanluis.com\/#\/schema\/person\/b55151d52296fcce64d1a72538a70b90\"},\"potentialAction\":[{\"@type\":\"SearchAction\",\"target\":{\"@type\":\"EntryPoint\",\"urlTemplate\":\"https:\/\/apuntesdesanluis.com\/?s={search_term_string}\"},\"query-input\":{\"@type\":\"PropertyValueSpecification\",\"valueRequired\":true,\"valueName\":\"search_term_string\"}}],\"inLanguage\":\"es-AR\"},{\"@type\":[\"Person\",\"Organization\"],\"@id\":\"https:\/\/apuntesdesanluis.com\/#\/schema\/person\/b55151d52296fcce64d1a72538a70b90\",\"name\":\"apuntesdesanluis.com\",\"image\":{\"@type\":\"ImageObject\",\"inLanguage\":\"es-AR\",\"@id\":\"https:\/\/apuntesdesanluis.com\/#\/schema\/person\/image\/\",\"url\":\"https:\/\/apuntesdesanluis.com\/wp-content\/uploads\/2023\/07\/cropped-apuntesdesanluis.png\",\"contentUrl\":\"https:\/\/apuntesdesanluis.com\/wp-content\/uploads\/2023\/07\/cropped-apuntesdesanluis.png\",\"width\":450,\"height\":112,\"caption\":\"apuntesdesanluis.com\"},\"logo\":{\"@id\":\"https:\/\/apuntesdesanluis.com\/#\/schema\/person\/image\/\"},\"sameAs\":[\"https:\/\/apuntesdesanluis.com\"],\"url\":\"https:\/\/apuntesdesanluis.com\/index.php\/author\/apuntesdesanluis-com\/\"}]}<\/script>\n<!-- \/ Yoast SEO plugin. -->","yoast_head_json":{"title":"FALLECI\u00d3 EL PILOTO DE LA AERONAVE QUE SE INCENDI\u00d3 EN EL AEROPUERTO DE SAN LUIS - Apuntes de San Luis","robots":{"index":"index","follow":"follow","max-snippet":"max-snippet:-1","max-image-preview":"max-image-preview:large","max-video-preview":"max-video-preview:-1"},"canonical":"https:\/\/apuntesdesanluis.com\/index.php\/2023\/09\/17\/fallecio-el-piloto-de-la-aeronave-que-se-incendio-en-el-aeropuerto-local\/","og_locale":"es_ES","og_type":"article","og_title":"FALLECI\u00d3 EL PILOTO DE LA AERONAVE QUE SE INCENDI\u00d3 EN EL AEROPUERTO DE SAN LUIS - Apuntes de San Luis","og_description":"Este domingo a las 21:30 h se emiti\u00f3 un comunicado desde el Hospital Central \u201cDr....","og_url":"https:\/\/apuntesdesanluis.com\/index.php\/2023\/09\/17\/fallecio-el-piloto-de-la-aeronave-que-se-incendio-en-el-aeropuerto-local\/","og_site_name":"Apuntes de San Luis","article_published_time":"2023-09-18T01:19:57+00:00","article_modified_time":"2023-09-18T01:41:50+00:00","og_image":[{"width":600,"height":354,"url":"https:\/\/apuntesdesanluis.com\/wp-content\/uploads\/2023\/09\/avioneta.png","type":"image\/png"}],"author":"apuntesdesanluis.com","twitter_card":"summary_large_image","twitter_misc":{"Escrito por":"apuntesdesanluis.com","Tiempo de lectura":"3 minutos"},"schema":{"@context":"https:\/\/schema.org","@graph":[{"@type":"Article","@id":"https:\/\/apuntesdesanluis.com\/index.php\/2023\/09\/17\/fallecio-el-piloto-de-la-aeronave-que-se-incendio-en-el-aeropuerto-local\/#article","isPartOf":{"@id":"https:\/\/apuntesdesanluis.com\/index.php\/2023\/09\/17\/fallecio-el-piloto-de-la-aeronave-que-se-incendio-en-el-aeropuerto-local\/"},"author":{"name":"apuntesdesanluis.com","@id":"https:\/\/apuntesdesanluis.com\/#\/schema\/person\/b55151d52296fcce64d1a72538a70b90"},"headline":"FALLECI\u00d3 EL PILOTO DE LA AERONAVE QUE SE INCENDI\u00d3 EN EL AEROPUERTO DE SAN LUIS","datePublished":"2023-09-18T01:19:57+00:00","dateModified":"2023-09-18T01:41:50+00:00","mainEntityOfPage":{"@id":"https:\/\/apuntesdesanluis.com\/index.php\/2023\/09\/17\/fallecio-el-piloto-de-la-aeronave-que-se-incendio-en-el-aeropuerto-local\/"},"wordCount":451,"publisher":{"@id":"https:\/\/apuntesdesanluis.com\/#\/schema\/person\/b55151d52296fcce64d1a72538a70b90"},"image":{"@id":"https:\/\/apuntesdesanluis.com\/index.php\/2023\/09\/17\/fallecio-el-piloto-de-la-aeronave-que-se-incendio-en-el-aeropuerto-local\/#primaryimage"},"thumbnailUrl":"https:\/\/apuntesdesanluis.com\/wp-content\/uploads\/2023\/09\/avioneta.png","articleSection":["Ciudad\/Provincia"],"inLanguage":"es-AR"},{"@type":"WebPage","@id":"https:\/\/apuntesdesanluis.com\/index.php\/2023\/09\/17\/fallecio-el-piloto-de-la-aeronave-que-se-incendio-en-el-aeropuerto-local\/","url":"https:\/\/apuntesdesanluis.com\/index.php\/2023\/09\/17\/fallecio-el-piloto-de-la-aeronave-que-se-incendio-en-el-aeropuerto-local\/","name":"FALLECI\u00d3 EL PILOTO DE LA AERONAVE QUE SE INCENDI\u00d3 EN EL AEROPUERTO DE SAN LUIS - Apuntes de San Luis","isPartOf":{"@id":"https:\/\/apuntesdesanluis.com\/#website"},"primaryImageOfPage":{"@id":"https:\/\/apuntesdesanluis.com\/index.php\/2023\/09\/17\/fallecio-el-piloto-de-la-aeronave-que-se-incendio-en-el-aeropuerto-local\/#primaryimage"},"image":{"@id":"https:\/\/apuntesdesanluis.com\/index.php\/2023\/09\/17\/fallecio-el-piloto-de-la-aeronave-que-se-incendio-en-el-aeropuerto-local\/#primaryimage"},"thumbnailUrl":"https:\/\/apuntesdesanluis.com\/wp-content\/uploads\/2023\/09\/avioneta.png","datePublished":"2023-09-18T01:19:57+00:00","dateModified":"2023-09-18T01:41:50+00:00","breadcrumb":{"@id":"https:\/\/apuntesdesanluis.com\/index.php\/2023\/09\/17\/fallecio-el-piloto-de-la-aeronave-que-se-incendio-en-el-aeropuerto-local\/#breadcrumb"},"inLanguage":"es-AR","potentialAction":[{"@type":"ReadAction","target":["https:\/\/apuntesdesanluis.com\/index.php\/2023\/09\/17\/fallecio-el-piloto-de-la-aeronave-que-se-incendio-en-el-aeropuerto-local\/"]}]},{"@type":"ImageObject","inLanguage":"es-AR","@id":"https:\/\/apuntesdesanluis.com\/index.php\/2023\/09\/17\/fallecio-el-piloto-de-la-aeronave-que-se-incendio-en-el-aeropuerto-local\/#primaryimage","url":"https:\/\/apuntesdesanluis.com\/wp-content\/uploads\/2023\/09\/avioneta.png","contentUrl":"https:\/\/apuntesdesanluis.com\/wp-content\/uploads\/2023\/09\/avioneta.png","width":600,"height":354},{"@type":"BreadcrumbList","@id":"https:\/\/apuntesdesanluis.com\/index.php\/2023\/09\/17\/fallecio-el-piloto-de-la-aeronave-que-se-incendio-en-el-aeropuerto-local\/#breadcrumb","itemListElement":[{"@type":"ListItem","position":1,"name":"Inicio","item":"https:\/\/apuntesdesanluis.com\/"},{"@type":"ListItem","position":2,"name":"FALLECI\u00d3 EL PILOTO DE LA AERONAVE QUE SE INCENDI\u00d3 EN EL AEROPUERTO DE SAN LUIS"}]},{"@type":"WebSite","@id":"https:\/\/apuntesdesanluis.com\/#website","url":"https:\/\/apuntesdesanluis.com\/","name":"Apuntes de San Luis","description":"","publisher":{"@id":"https:\/\/apuntesdesanluis.com\/#\/schema\/person\/b55151d52296fcce64d1a72538a70b90"},"potentialAction":[{"@type":"SearchAction","target":{"@type":"EntryPoint","urlTemplate":"https:\/\/apuntesdesanluis.com\/?s={search_term_string}"},"query-input":{"@type":"PropertyValueSpecification","valueRequired":true,"valueName":"search_term_string"}}],"inLanguage":"es-AR"},{"@type":["Person","Organization"],"@id":"https:\/\/apuntesdesanluis.com\/#\/schema\/person\/b55151d52296fcce64d1a72538a70b90","name":"apuntesdesanluis.com","image":{"@type":"ImageObject","inLanguage":"es-AR","@id":"https:\/\/apuntesdesanluis.com\/#\/schema\/person\/image\/","url":"https:\/\/apuntesdesanluis.com\/wp-content\/uploads\/2023\/07\/cropped-apuntesdesanluis.png","contentUrl":"https:\/\/apuntesdesanluis.com\/wp-content\/uploads\/2023\/07\/cropped-apuntesdesanluis.png","width":450,"height":112,"caption":"apuntesdesanluis.com"},"logo":{"@id":"https:\/\/apuntesdesanluis.com\/#\/schema\/person\/image\/"},"sameAs":["https:\/\/apuntesdesanluis.com"],"url":"https:\/\/apuntesdesanluis.com\/index.php\/author\/apuntesdesanluis-com\/"}]}},"featured_image_urls":{"full":["https:\/\/apuntesdesanluis.com\/wp-content\/uploads\/2023\/09\/avioneta.png",600,354,false],"thumbnail":["https:\/\/apuntesdesanluis.com\/wp-content\/uploads\/2023\/09\/avioneta-150x150.png",150,150,true],"medium":["https:\/\/apuntesdesanluis.com\/wp-content\/uploads\/2023\/09\/avioneta-300x177.png",300,177,true],"medium_large":["https:\/\/apuntesdesanluis.com\/wp-content\/uploads\/2023\/09\/avioneta.png",600,354,false],"large":["https:\/\/apuntesdesanluis.com\/wp-content\/uploads\/2023\/09\/avioneta.png",600,354,false],"1536x1536":["https:\/\/apuntesdesanluis.com\/wp-content\/uploads\/2023\/09\/avioneta.png",600,354,false],"2048x2048":["https:\/\/apuntesdesanluis.com\/wp-content\/uploads\/2023\/09\/avioneta.png",600,354,false],"newsever-slider-full":["https:\/\/apuntesdesanluis.com\/wp-content\/uploads\/2023\/09\/avioneta.png",600,354,false],"newsever-featured":["https:\/\/apuntesdesanluis.com\/wp-content\/uploads\/2023\/09\/avioneta.png",600,354,false],"newsever-medium":["https:\/\/apuntesdesanluis.com\/wp-content\/uploads\/2023\/09\/avioneta.png",600,354,false]},"author_info":{"display_name":"apuntesdesanluis.com","author_link":"https:\/\/apuntesdesanluis.com\/index.php\/author\/apuntesdesanluis-com\/"},"category_info":"<a href=\"https:\/\/apuntesdesanluis.com\/index.php\/category\/ciudad-provincia\/\" rel=\"category tag\">Ciudad\/Provincia<\/a>","tag_info":"Ciudad\/Provincia","comment_count":"0","_links":{"self":[{"href":"https:\/\/apuntesdesanluis.com\/index.php\/wp-json\/wp\/v2\/posts\/3484","targetHints":{"allow":["GET"]}}],"collection":[{"href":"https:\/\/apuntesdesanluis.com\/index.php\/wp-json\/wp\/v2\/posts"}],"about":[{"href":"https:\/\/apuntesdesanluis.com\/index.php\/wp-json\/wp\/v2\/types\/post"}],"author":[{"embeddable":true,"href":"https:\/\/apuntesdesanluis.com\/index.php\/wp-json\/wp\/v2\/users\/1"}],"replies":[{"embeddable":true,"href":"https:\/\/apuntesdesanluis.com\/index.php\/wp-json\/wp\/v2\/comments?post=3484"}],"version-history":[{"count":12,"href":"https:\/\/apuntesdesanluis.com\/index.php\/wp-json\/wp\/v2\/posts\/3484\/revisions"}],"predecessor-version":[{"id":3498,"href":"https:\/\/apuntesdesanluis.com\/index.php\/wp-json\/wp\/v2\/posts\/3484\/revisions\/3498"}],"wp:featuredmedia":[{"embeddable":true,"href":"https:\/\/apuntesdesanluis.com\/index.php\/wp-json\/wp\/v2\/media\/3485"}],"wp:attachment":[{"href":"https:\/\/apuntesdesanluis.com\/index.php\/wp-json\/wp\/v2\/media?parent=3484"}],"wp:term":[{"taxonomy":"category","embeddable":true,"href":"https:\/\/apuntesdesanluis.com\/index.php\/wp-json\/wp\/v2\/categories?post=3484"},{"taxonomy":"post_tag","embeddable":true,"href":"https:\/\/apuntesdesanluis.com\/index.php\/wp-json\/wp\/v2\/tags?post=3484"}],"curies":[{"name":"wp","href":"https:\/\/api.w.org\/{rel}","templated":true}]}}