{"id":3499,"date":"2023-09-17T22:55:42","date_gmt":"2023-09-18T01:55:42","guid":{"rendered":"https:\/\/apuntesdesanluis.com\/?p=3499"},"modified":"2023-09-17T22:55:42","modified_gmt":"2023-09-18T01:55:42","slug":"chaco-leandro-zdero-derroto-a-jorge-capitanich-en-primera-vuelta","status":"publish","type":"post","link":"https:\/\/apuntesdesanluis.com\/index.php\/2023\/09\/17\/chaco-leandro-zdero-derroto-a-jorge-capitanich-en-primera-vuelta\/","title":{"rendered":"CHACO: LEANDRO ZDERO DERROT\u00d3 A JORGE CAPITANICH EN PRIMERA VUELTA"},"content":{"rendered":"<h3>El candidato de Juntos por el Cambio, <strong>Leandro Zdero<\/strong>, gan\u00f3 las elecciones de Chaco con el 46.3% de los votos por sobre <strong>Jorge Capitanich<\/strong>, gobernador y candidato del Frente Chaque\u00f1o, que cosechaba el 40,54% de los sufragios, con el 61,88% de las mesas escrutadas.<\/h3>\n<h3>Por detr\u00e1s, se ubicaron Gustavo Mart\u00ednez (Corriente de Expresi\u00f3n Renovada) con el 5,48%; Alfredo Rodr\u00edguez (La Libertad Avanza) con el 3,77%; Juan Carlos Bacileff Ivanoff (Frente Integrador) con el 2,31%; Rub\u00e9n Galassi (Libertarios en Acci\u00f3n) con el 0,85% y Domingo Peppo (Frente Unidos por la Gente) con el 0,75%.<\/h3>\n<h3>El gobernador chaque\u00f1o, Jorge Capitanich, reconoci\u00f3 el triunfo en primera vuelta de su principal oponente, postulante de Juntos por el Cambio, y su condici\u00f3n de gobernador electo en la provincia, a la vez que coment\u00f3 que se contact\u00f3 con el vencedor para lograr una &#8220;transici\u00f3n ordenada&#8221; en respeto a la &#8220;voluntad popular&#8221;.<\/h3>\n<h3>&#8220;Me comuniqu\u00e9 con el gobernador electo de la provincia, Leonardo Zdero, a quien le desee el \u00e9xito necesario a partir del 10 de diciembre porque ha sido elegido por la voluntad popular. Que cuente con nosotros para una transici\u00f3n ordenada. Esto no es un feudo, es un Estado democr\u00e1tico, donde se respetan las instituciones y la voluntad popular&#8221;, indic\u00f3 Capitanich en conferencia de prensa desde la Casa de Gobierno.<\/h3>\n<h3>Tambi\u00e9n agradeci\u00f3 a los chaque\u00f1os por &#8220;haber podido representar al pueblo de Chaco, quien me eligi\u00f3 en tres oportunidades como gobernador, como intendente de Resistencia y como senador nacional\u201d. Y agreg\u00f3: \u201cSon 22 a\u00f1os de servicio en distintas representaciones por lo cual he sentido un enorme orgullo, una identificaci\u00f3n con mi pueblo en la defensa de sus intereses y en la construcci\u00f3n de un pa\u00eds m\u00e1s federal\u201d.<\/h3>\n<p><iframe title=\"ELECCIONES EN CHACO I Leandro Zdero, Gobernador Electo\" width=\"640\" height=\"360\" src=\"https:\/\/www.youtube.com\/embed\/ueQcLGNt9L0?start=110&#038;feature=oembed\" frameborder=\"0\" allow=\"accelerometer; autoplay; clipboard-write; encrypted-media; gyroscope; picture-in-picture; web-share\" referrerpolicy=\"strict-origin-when-cross-origin\" allowfullscreen><\/iframe><\/p>\n<h3><strong>ZDERO<\/strong><\/h3>\n<h3>Por su parte, el gobernador electo, Leandro Zdero, agradeci\u00f3 a quienes &#8220;nos abrieron su coraz\u00f3n&#8221; al proclamarse ganador en primera vuelta de las elecciones provinciales de este domingo y afirm\u00f3 tambi\u00e9n que &#8220;a partir de ma\u00f1ana comenzaremos a trabajar fuertemente para tener una transici\u00f3n ordenada&#8221;.<\/h3>\n<h3>El gobernador electo de Chaco, Leandro Zdero, asegur\u00f3 esta noche que su espacio tiene &#8220;el desaf\u00edo de reparar&#8221; la provincia para que los chaque\u00f1os vivan &#8220;bien&#8221;. Lo dijo despu\u00e9s de imponerse en los comicios de este domingo, en los que desterr\u00f3 al peronismo local representado por Jorge Capitanich.<\/h3>\n<h3>&#8220;Agradezco a todos los chaque\u00f1os. Quiero agradecer a todos los que trabajan para construir esta alternativa&#8221;, comenz\u00f3 el candidato de Juntos por el Cambio.<\/h3>\n<h3>A su vez, le dedic\u00f3 unas palabras a la candidata presidencial de Juntos por el Cambio, Patricia Bullrich,, quien lo acompa\u00f1\u00f3 en el escenario con otros referentes nacionales del espacio: &#8220;Quiero agradecerte a vos Patricia por estar aqu\u00ed acompa\u00f1\u00e1ndonos en el sue\u00f1o de ser la pr\u00f3xima presidente&#8221;.<\/h3>\n<h3>&#8220;Este es el calor que quer\u00edamos en el Chaco. El desaf\u00edo que tenemos los chaque\u00f1os es el desaf\u00edo de reparar la provincia para que los chaque\u00f1os vivamos mejor&#8221;, asegur\u00f3 Zdero.<\/h3>\n<h3>Zdero, se\u00f1al\u00f3 que &#8220;la pol\u00edtica y la gesti\u00f3n tiene que dar un giro&#8221;, y agreg\u00f3: &#8220;Y el giro significa que las cosas que est\u00e1n bien hay que continuar y las cosas que est\u00e1n mal hay que reparar las que no se hicieron hay que hacer&#8221;.<\/h3>\n<h3>&#8220;Nosotros emprendemos ese camino a partir de ma\u00f1ana. Hicimos una campa\u00f1a austera, cercana a la gente. Tenemos la convicci\u00f3n de hacer las cosas que hay que hacer, con coraje, con firmeza, en la provincia de Chaco y lo haremos con todos&#8221;, finaliz\u00f3.<\/h3>\n<p>&nbsp;<\/p>\n<p>&nbsp;<\/p>\n<p>&nbsp;<\/p>\n<p>&nbsp;<\/p>\n","protected":false},"excerpt":{"rendered":"<p>El candidato de Juntos por el Cambio, Leandro Zdero, gan\u00f3 las elecciones de Chaco con&#8230;<\/p>\n","protected":false},"author":1,"featured_media":3500,"comment_status":"closed","ping_status":"closed","sticky":false,"template":"","format":"standard","meta":{"footnotes":""},"categories":[5],"tags":[],"class_list":["post-3499","post","type-post","status-publish","format-standard","has-post-thumbnail","hentry","category-nacionales-internacionales"],"yoast_head":"<!-- This site is optimized with the Yoast SEO plugin v26.1.1 - https:\/\/yoast.com\/wordpress\/plugins\/seo\/ -->\n<title>CHACO: LEANDRO ZDERO DERROT\u00d3 A JORGE CAPITANICH EN PRIMERA VUELTA - Apuntes de San Luis<\/title>\n<meta name=\"robots\" content=\"index, follow, max-snippet:-1, max-image-preview:large, max-video-preview:-1\" \/>\n<link rel=\"canonical\" href=\"https:\/\/apuntesdesanluis.com\/index.php\/2023\/09\/17\/chaco-leandro-zdero-derroto-a-jorge-capitanich-en-primera-vuelta\/\" \/>\n<meta property=\"og:locale\" content=\"es_ES\" \/>\n<meta property=\"og:type\" content=\"article\" \/>\n<meta property=\"og:title\" content=\"CHACO: LEANDRO ZDERO DERROT\u00d3 A JORGE CAPITANICH EN PRIMERA VUELTA - Apuntes de San Luis\" \/>\n<meta property=\"og:description\" content=\"El candidato de Juntos por el Cambio, Leandro Zdero, gan\u00f3 las elecciones de Chaco con...\" \/>\n<meta property=\"og:url\" content=\"https:\/\/apuntesdesanluis.com\/index.php\/2023\/09\/17\/chaco-leandro-zdero-derroto-a-jorge-capitanich-en-primera-vuelta\/\" \/>\n<meta property=\"og:site_name\" content=\"Apuntes de San Luis\" \/>\n<meta property=\"article:published_time\" content=\"2023-09-18T01:55:42+00:00\" \/>\n<meta property=\"og:image\" content=\"https:\/\/apuntesdesanluis.com\/wp-content\/uploads\/2023\/09\/leandro-zdero.png\" \/>\n\t<meta property=\"og:image:width\" content=\"891\" \/>\n\t<meta property=\"og:image:height\" content=\"578\" \/>\n\t<meta property=\"og:image:type\" content=\"image\/png\" \/>\n<meta name=\"author\" content=\"apuntesdesanluis.com\" \/>\n<meta name=\"twitter:card\" content=\"summary_large_image\" \/>\n<meta name=\"twitter:label1\" content=\"Escrito por\" \/>\n\t<meta name=\"twitter:data1\" content=\"apuntesdesanluis.com\" \/>\n\t<meta name=\"twitter:label2\" content=\"Tiempo de lectura\" \/>\n\t<meta name=\"twitter:data2\" content=\"3 minutos\" \/>\n<script type=\"application\/ld+json\" class=\"yoast-schema-graph\">{\"@context\":\"https:\/\/schema.org\",\"@graph\":[{\"@type\":\"Article\",\"@id\":\"https:\/\/apuntesdesanluis.com\/index.php\/2023\/09\/17\/chaco-leandro-zdero-derroto-a-jorge-capitanich-en-primera-vuelta\/#article\",\"isPartOf\":{\"@id\":\"https:\/\/apuntesdesanluis.com\/index.php\/2023\/09\/17\/chaco-leandro-zdero-derroto-a-jorge-capitanich-en-primera-vuelta\/\"},\"author\":{\"name\":\"apuntesdesanluis.com\",\"@id\":\"https:\/\/apuntesdesanluis.com\/#\/schema\/person\/b55151d52296fcce64d1a72538a70b90\"},\"headline\":\"CHACO: LEANDRO ZDERO DERROT\u00d3 A JORGE CAPITANICH EN PRIMERA VUELTA\",\"datePublished\":\"2023-09-18T01:55:42+00:00\",\"mainEntityOfPage\":{\"@id\":\"https:\/\/apuntesdesanluis.com\/index.php\/2023\/09\/17\/chaco-leandro-zdero-derroto-a-jorge-capitanich-en-primera-vuelta\/\"},\"wordCount\":618,\"publisher\":{\"@id\":\"https:\/\/apuntesdesanluis.com\/#\/schema\/person\/b55151d52296fcce64d1a72538a70b90\"},\"image\":{\"@id\":\"https:\/\/apuntesdesanluis.com\/index.php\/2023\/09\/17\/chaco-leandro-zdero-derroto-a-jorge-capitanich-en-primera-vuelta\/#primaryimage\"},\"thumbnailUrl\":\"https:\/\/apuntesdesanluis.com\/wp-content\/uploads\/2023\/09\/leandro-zdero.png\",\"articleSection\":[\"Nacionales\/Internacionales\"],\"inLanguage\":\"es-AR\"},{\"@type\":\"WebPage\",\"@id\":\"https:\/\/apuntesdesanluis.com\/index.php\/2023\/09\/17\/chaco-leandro-zdero-derroto-a-jorge-capitanich-en-primera-vuelta\/\",\"url\":\"https:\/\/apuntesdesanluis.com\/index.php\/2023\/09\/17\/chaco-leandro-zdero-derroto-a-jorge-capitanich-en-primera-vuelta\/\",\"name\":\"CHACO: LEANDRO ZDERO DERROT\u00d3 A JORGE CAPITANICH EN PRIMERA VUELTA - Apuntes de San Luis\",\"isPartOf\":{\"@id\":\"https:\/\/apuntesdesanluis.com\/#website\"},\"primaryImageOfPage\":{\"@id\":\"https:\/\/apuntesdesanluis.com\/index.php\/2023\/09\/17\/chaco-leandro-zdero-derroto-a-jorge-capitanich-en-primera-vuelta\/#primaryimage\"},\"image\":{\"@id\":\"https:\/\/apuntesdesanluis.com\/index.php\/2023\/09\/17\/chaco-leandro-zdero-derroto-a-jorge-capitanich-en-primera-vuelta\/#primaryimage\"},\"thumbnailUrl\":\"https:\/\/apuntesdesanluis.com\/wp-content\/uploads\/2023\/09\/leandro-zdero.png\",\"datePublished\":\"2023-09-18T01:55:42+00:00\",\"breadcrumb\":{\"@id\":\"https:\/\/apuntesdesanluis.com\/index.php\/2023\/09\/17\/chaco-leandro-zdero-derroto-a-jorge-capitanich-en-primera-vuelta\/#breadcrumb\"},\"inLanguage\":\"es-AR\",\"potentialAction\":[{\"@type\":\"ReadAction\",\"target\":[\"https:\/\/apuntesdesanluis.com\/index.php\/2023\/09\/17\/chaco-leandro-zdero-derroto-a-jorge-capitanich-en-primera-vuelta\/\"]}]},{\"@type\":\"ImageObject\",\"inLanguage\":\"es-AR\",\"@id\":\"https:\/\/apuntesdesanluis.com\/index.php\/2023\/09\/17\/chaco-leandro-zdero-derroto-a-jorge-capitanich-en-primera-vuelta\/#primaryimage\",\"url\":\"https:\/\/apuntesdesanluis.com\/wp-content\/uploads\/2023\/09\/leandro-zdero.png\",\"contentUrl\":\"https:\/\/apuntesdesanluis.com\/wp-content\/uploads\/2023\/09\/leandro-zdero.png\",\"width\":891,\"height\":578},{\"@type\":\"BreadcrumbList\",\"@id\":\"https:\/\/apuntesdesanluis.com\/index.php\/2023\/09\/17\/chaco-leandro-zdero-derroto-a-jorge-capitanich-en-primera-vuelta\/#breadcrumb\",\"itemListElement\":[{\"@type\":\"ListItem\",\"position\":1,\"name\":\"Inicio\",\"item\":\"https:\/\/apuntesdesanluis.com\/\"},{\"@type\":\"ListItem\",\"position\":2,\"name\":\"CHACO: LEANDRO ZDERO DERROT\u00d3 A JORGE CAPITANICH EN PRIMERA VUELTA\"}]},{\"@type\":\"WebSite\",\"@id\":\"https:\/\/apuntesdesanluis.com\/#website\",\"url\":\"https:\/\/apuntesdesanluis.com\/\",\"name\":\"Apuntes de San Luis\",\"description\":\"\",\"publisher\":{\"@id\":\"https:\/\/apuntesdesanluis.com\/#\/schema\/person\/b55151d52296fcce64d1a72538a70b90\"},\"potentialAction\":[{\"@type\":\"SearchAction\",\"target\":{\"@type\":\"EntryPoint\",\"urlTemplate\":\"https:\/\/apuntesdesanluis.com\/?s={search_term_string}\"},\"query-input\":{\"@type\":\"PropertyValueSpecification\",\"valueRequired\":true,\"valueName\":\"search_term_string\"}}],\"inLanguage\":\"es-AR\"},{\"@type\":[\"Person\",\"Organization\"],\"@id\":\"https:\/\/apuntesdesanluis.com\/#\/schema\/person\/b55151d52296fcce64d1a72538a70b90\",\"name\":\"apuntesdesanluis.com\",\"image\":{\"@type\":\"ImageObject\",\"inLanguage\":\"es-AR\",\"@id\":\"https:\/\/apuntesdesanluis.com\/#\/schema\/person\/image\/\",\"url\":\"https:\/\/apuntesdesanluis.com\/wp-content\/uploads\/2023\/07\/cropped-apuntesdesanluis.png\",\"contentUrl\":\"https:\/\/apuntesdesanluis.com\/wp-content\/uploads\/2023\/07\/cropped-apuntesdesanluis.png\",\"width\":450,\"height\":112,\"caption\":\"apuntesdesanluis.com\"},\"logo\":{\"@id\":\"https:\/\/apuntesdesanluis.com\/#\/schema\/person\/image\/\"},\"sameAs\":[\"https:\/\/apuntesdesanluis.com\"],\"url\":\"https:\/\/apuntesdesanluis.com\/index.php\/author\/apuntesdesanluis-com\/\"}]}<\/script>\n<!-- \/ Yoast SEO plugin. -->","yoast_head_json":{"title":"CHACO: LEANDRO ZDERO DERROT\u00d3 A JORGE CAPITANICH EN PRIMERA VUELTA - Apuntes de San Luis","robots":{"index":"index","follow":"follow","max-snippet":"max-snippet:-1","max-image-preview":"max-image-preview:large","max-video-preview":"max-video-preview:-1"},"canonical":"https:\/\/apuntesdesanluis.com\/index.php\/2023\/09\/17\/chaco-leandro-zdero-derroto-a-jorge-capitanich-en-primera-vuelta\/","og_locale":"es_ES","og_type":"article","og_title":"CHACO: LEANDRO ZDERO DERROT\u00d3 A JORGE CAPITANICH EN PRIMERA VUELTA - Apuntes de San Luis","og_description":"El candidato de Juntos por el Cambio, Leandro Zdero, gan\u00f3 las elecciones de Chaco con...","og_url":"https:\/\/apuntesdesanluis.com\/index.php\/2023\/09\/17\/chaco-leandro-zdero-derroto-a-jorge-capitanich-en-primera-vuelta\/","og_site_name":"Apuntes de San Luis","article_published_time":"2023-09-18T01:55:42+00:00","og_image":[{"width":891,"height":578,"url":"https:\/\/apuntesdesanluis.com\/wp-content\/uploads\/2023\/09\/leandro-zdero.png","type":"image\/png"}],"author":"apuntesdesanluis.com","twitter_card":"summary_large_image","twitter_misc":{"Escrito por":"apuntesdesanluis.com","Tiempo de lectura":"3 minutos"},"schema":{"@context":"https:\/\/schema.org","@graph":[{"@type":"Article","@id":"https:\/\/apuntesdesanluis.com\/index.php\/2023\/09\/17\/chaco-leandro-zdero-derroto-a-jorge-capitanich-en-primera-vuelta\/#article","isPartOf":{"@id":"https:\/\/apuntesdesanluis.com\/index.php\/2023\/09\/17\/chaco-leandro-zdero-derroto-a-jorge-capitanich-en-primera-vuelta\/"},"author":{"name":"apuntesdesanluis.com","@id":"https:\/\/apuntesdesanluis.com\/#\/schema\/person\/b55151d52296fcce64d1a72538a70b90"},"headline":"CHACO: LEANDRO ZDERO DERROT\u00d3 A JORGE CAPITANICH EN PRIMERA VUELTA","datePublished":"2023-09-18T01:55:42+00:00","mainEntityOfPage":{"@id":"https:\/\/apuntesdesanluis.com\/index.php\/2023\/09\/17\/chaco-leandro-zdero-derroto-a-jorge-capitanich-en-primera-vuelta\/"},"wordCount":618,"publisher":{"@id":"https:\/\/apuntesdesanluis.com\/#\/schema\/person\/b55151d52296fcce64d1a72538a70b90"},"image":{"@id":"https:\/\/apuntesdesanluis.com\/index.php\/2023\/09\/17\/chaco-leandro-zdero-derroto-a-jorge-capitanich-en-primera-vuelta\/#primaryimage"},"thumbnailUrl":"https:\/\/apuntesdesanluis.com\/wp-content\/uploads\/2023\/09\/leandro-zdero.png","articleSection":["Nacionales\/Internacionales"],"inLanguage":"es-AR"},{"@type":"WebPage","@id":"https:\/\/apuntesdesanluis.com\/index.php\/2023\/09\/17\/chaco-leandro-zdero-derroto-a-jorge-capitanich-en-primera-vuelta\/","url":"https:\/\/apuntesdesanluis.com\/index.php\/2023\/09\/17\/chaco-leandro-zdero-derroto-a-jorge-capitanich-en-primera-vuelta\/","name":"CHACO: LEANDRO ZDERO DERROT\u00d3 A JORGE CAPITANICH EN PRIMERA VUELTA - Apuntes de San Luis","isPartOf":{"@id":"https:\/\/apuntesdesanluis.com\/#website"},"primaryImageOfPage":{"@id":"https:\/\/apuntesdesanluis.com\/index.php\/2023\/09\/17\/chaco-leandro-zdero-derroto-a-jorge-capitanich-en-primera-vuelta\/#primaryimage"},"image":{"@id":"https:\/\/apuntesdesanluis.com\/index.php\/2023\/09\/17\/chaco-leandro-zdero-derroto-a-jorge-capitanich-en-primera-vuelta\/#primaryimage"},"thumbnailUrl":"https:\/\/apuntesdesanluis.com\/wp-content\/uploads\/2023\/09\/leandro-zdero.png","datePublished":"2023-09-18T01:55:42+00:00","breadcrumb":{"@id":"https:\/\/apuntesdesanluis.com\/index.php\/2023\/09\/17\/chaco-leandro-zdero-derroto-a-jorge-capitanich-en-primera-vuelta\/#breadcrumb"},"inLanguage":"es-AR","potentialAction":[{"@type":"ReadAction","target":["https:\/\/apuntesdesanluis.com\/index.php\/2023\/09\/17\/chaco-leandro-zdero-derroto-a-jorge-capitanich-en-primera-vuelta\/"]}]},{"@type":"ImageObject","inLanguage":"es-AR","@id":"https:\/\/apuntesdesanluis.com\/index.php\/2023\/09\/17\/chaco-leandro-zdero-derroto-a-jorge-capitanich-en-primera-vuelta\/#primaryimage","url":"https:\/\/apuntesdesanluis.com\/wp-content\/uploads\/2023\/09\/leandro-zdero.png","contentUrl":"https:\/\/apuntesdesanluis.com\/wp-content\/uploads\/2023\/09\/leandro-zdero.png","width":891,"height":578},{"@type":"BreadcrumbList","@id":"https:\/\/apuntesdesanluis.com\/index.php\/2023\/09\/17\/chaco-leandro-zdero-derroto-a-jorge-capitanich-en-primera-vuelta\/#breadcrumb","itemListElement":[{"@type":"ListItem","position":1,"name":"Inicio","item":"https:\/\/apuntesdesanluis.com\/"},{"@type":"ListItem","position":2,"name":"CHACO: LEANDRO ZDERO DERROT\u00d3 A JORGE CAPITANICH EN PRIMERA VUELTA"}]},{"@type":"WebSite","@id":"https:\/\/apuntesdesanluis.com\/#website","url":"https:\/\/apuntesdesanluis.com\/","name":"Apuntes de San Luis","description":"","publisher":{"@id":"https:\/\/apuntesdesanluis.com\/#\/schema\/person\/b55151d52296fcce64d1a72538a70b90"},"potentialAction":[{"@type":"SearchAction","target":{"@type":"EntryPoint","urlTemplate":"https:\/\/apuntesdesanluis.com\/?s={search_term_string}"},"query-input":{"@type":"PropertyValueSpecification","valueRequired":true,"valueName":"search_term_string"}}],"inLanguage":"es-AR"},{"@type":["Person","Organization"],"@id":"https:\/\/apuntesdesanluis.com\/#\/schema\/person\/b55151d52296fcce64d1a72538a70b90","name":"apuntesdesanluis.com","image":{"@type":"ImageObject","inLanguage":"es-AR","@id":"https:\/\/apuntesdesanluis.com\/#\/schema\/person\/image\/","url":"https:\/\/apuntesdesanluis.com\/wp-content\/uploads\/2023\/07\/cropped-apuntesdesanluis.png","contentUrl":"https:\/\/apuntesdesanluis.com\/wp-content\/uploads\/2023\/07\/cropped-apuntesdesanluis.png","width":450,"height":112,"caption":"apuntesdesanluis.com"},"logo":{"@id":"https:\/\/apuntesdesanluis.com\/#\/schema\/person\/image\/"},"sameAs":["https:\/\/apuntesdesanluis.com"],"url":"https:\/\/apuntesdesanluis.com\/index.php\/author\/apuntesdesanluis-com\/"}]}},"featured_image_urls":{"full":["https:\/\/apuntesdesanluis.com\/wp-content\/uploads\/2023\/09\/leandro-zdero.png",891,578,false],"thumbnail":["https:\/\/apuntesdesanluis.com\/wp-content\/uploads\/2023\/09\/leandro-zdero-150x150.png",150,150,true],"medium":["https:\/\/apuntesdesanluis.com\/wp-content\/uploads\/2023\/09\/leandro-zdero-300x195.png",300,195,true],"medium_large":["https:\/\/apuntesdesanluis.com\/wp-content\/uploads\/2023\/09\/leandro-zdero-768x498.png",640,415,true],"large":["https:\/\/apuntesdesanluis.com\/wp-content\/uploads\/2023\/09\/leandro-zdero.png",640,415,false],"1536x1536":["https:\/\/apuntesdesanluis.com\/wp-content\/uploads\/2023\/09\/leandro-zdero.png",891,578,false],"2048x2048":["https:\/\/apuntesdesanluis.com\/wp-content\/uploads\/2023\/09\/leandro-zdero.png",891,578,false],"newsever-slider-full":["https:\/\/apuntesdesanluis.com\/wp-content\/uploads\/2023\/09\/leandro-zdero.png",891,578,false],"newsever-featured":["https:\/\/apuntesdesanluis.com\/wp-content\/uploads\/2023\/09\/leandro-zdero.png",891,578,false],"newsever-medium":["https:\/\/apuntesdesanluis.com\/wp-content\/uploads\/2023\/09\/leandro-zdero-720x475.png",720,475,true]},"author_info":{"display_name":"apuntesdesanluis.com","author_link":"https:\/\/apuntesdesanluis.com\/index.php\/author\/apuntesdesanluis-com\/"},"category_info":"<a href=\"https:\/\/apuntesdesanluis.com\/index.php\/category\/nacionales-internacionales\/\" rel=\"category tag\">Nacionales\/Internacionales<\/a>","tag_info":"Nacionales\/Internacionales","comment_count":"0","_links":{"self":[{"href":"https:\/\/apuntesdesanluis.com\/index.php\/wp-json\/wp\/v2\/posts\/3499","targetHints":{"allow":["GET"]}}],"collection":[{"href":"https:\/\/apuntesdesanluis.com\/index.php\/wp-json\/wp\/v2\/posts"}],"about":[{"href":"https:\/\/apuntesdesanluis.com\/index.php\/wp-json\/wp\/v2\/types\/post"}],"author":[{"embeddable":true,"href":"https:\/\/apuntesdesanluis.com\/index.php\/wp-json\/wp\/v2\/users\/1"}],"replies":[{"embeddable":true,"href":"https:\/\/apuntesdesanluis.com\/index.php\/wp-json\/wp\/v2\/comments?post=3499"}],"version-history":[{"count":1,"href":"https:\/\/apuntesdesanluis.com\/index.php\/wp-json\/wp\/v2\/posts\/3499\/revisions"}],"predecessor-version":[{"id":3501,"href":"https:\/\/apuntesdesanluis.com\/index.php\/wp-json\/wp\/v2\/posts\/3499\/revisions\/3501"}],"wp:featuredmedia":[{"embeddable":true,"href":"https:\/\/apuntesdesanluis.com\/index.php\/wp-json\/wp\/v2\/media\/3500"}],"wp:attachment":[{"href":"https:\/\/apuntesdesanluis.com\/index.php\/wp-json\/wp\/v2\/media?parent=3499"}],"wp:term":[{"taxonomy":"category","embeddable":true,"href":"https:\/\/apuntesdesanluis.com\/index.php\/wp-json\/wp\/v2\/categories?post=3499"},{"taxonomy":"post_tag","embeddable":true,"href":"https:\/\/apuntesdesanluis.com\/index.php\/wp-json\/wp\/v2\/tags?post=3499"}],"curies":[{"name":"wp","href":"https:\/\/api.w.org\/{rel}","templated":true}]}}