{"id":3515,"date":"2023-09-17T23:12:47","date_gmt":"2023-09-18T02:12:47","guid":{"rendered":"https:\/\/apuntesdesanluis.com\/?p=3515"},"modified":"2023-09-18T13:58:42","modified_gmt":"2023-09-18T16:58:42","slug":"por-primera-vez-el-intendente-frontera-abordo-el-tema-de-sus-problemas-de-salud","status":"publish","type":"post","link":"https:\/\/apuntesdesanluis.com\/index.php\/2023\/09\/17\/por-primera-vez-el-intendente-frontera-abordo-el-tema-de-sus-problemas-de-salud\/","title":{"rendered":"POR PRIMERA VEZ EL INTENDENTE FRONTERA ABORD\u00d3 EL TEMA DE SUS PROBLEMAS DE SALUD"},"content":{"rendered":"<h3>El jefe comunal se encontraba en reposo desde hace aproximadamente un mes, hasta el viernes \u00faltimo, en que decidi\u00f3 concurrir al Parque Recreativo La Pedrera para asistir a la segunda jornada de la Expo al Futuro 2023.<\/h3>\n<h3>En ese tiempo, se atendi\u00f3 en el Policl\u00ednico Regional y luego fue derivado a C\u00f3rdoba, donde concurri\u00f3 en varias oportunidades al Hospital Allende para efectuarse distintos estudios.<\/h3>\n<h3><strong>Maximiliano Frontera<\/strong> confes\u00f3 que ten\u00eda muchas ganas de hacerse presente en la Expo al Futuro, toda vez que naci\u00f3 durante su gesti\u00f3n y coincide con la definici\u00f3n del perfil universitario que impulsa para Villa Mercedes, a partir del crecimiento de las propuestas educativas de educaci\u00f3n superior en nuestra ciudad.<\/h3>\n<h3>En el stand que ocup\u00f3 Radio UNViMe 93.7 MHz, el intendente abord\u00f3 un tema sobre el que poco se ha hablado, como es su estado de salud. Reconoci\u00f3 que actualmente lleva adelante un \u201ctratamiento intensivo\u201d por un problema respiratorio, en los bronquios, a lo que se sumaron otros inconvenientes producto del \u201csobrepeso, el estr\u00e9s y la apnea, hasta que mi cuerpo dijo: hasta ac\u00e1 llegamos\u2026\u201d.<\/h3>\n<h3>Lo que m\u00e1s lamenta de las \u00faltimas semanas es que no pudo estar presente, como es su estilo, en diferentes acontecimientos. \u201cLo que m\u00e1s me cost\u00f3 es estar encerrado\u201d, admiti\u00f3, aunque reconoce que era necesario parar y dedicarse a su salud, algo que le ped\u00edan su familia, amigos, los vecinos y hasta los periodistas.<\/h3>\n<p>&nbsp;<\/p>\n<p><iframe title=\"EL INTENDENTE MAXIMILIANO FRONTERA SE REFIRI\u00d3 A SU ESTADO DE SALUD\" width=\"640\" height=\"360\" src=\"https:\/\/www.youtube.com\/embed\/VHldnuaq4E4?feature=oembed\" frameborder=\"0\" allow=\"accelerometer; autoplay; clipboard-write; encrypted-media; gyroscope; picture-in-picture; web-share\" referrerpolicy=\"strict-origin-when-cross-origin\" allowfullscreen><\/iframe><\/p>\n","protected":false},"excerpt":{"rendered":"<p>El jefe comunal se encontraba en reposo desde hace aproximadamente un mes, hasta el viernes&#8230;<\/p>\n","protected":false},"author":1,"featured_media":3516,"comment_status":"closed","ping_status":"closed","sticky":false,"template":"","format":"standard","meta":{"footnotes":""},"categories":[6],"tags":[],"class_list":["post-3515","post","type-post","status-publish","format-standard","has-post-thumbnail","hentry","category-ciudad-provincia"],"yoast_head":"<!-- This site is optimized with the Yoast SEO plugin v26.1.1 - https:\/\/yoast.com\/wordpress\/plugins\/seo\/ -->\n<title>POR PRIMERA VEZ EL INTENDENTE FRONTERA ABORD\u00d3 EL TEMA DE SUS PROBLEMAS DE SALUD - Apuntes de San Luis<\/title>\n<meta name=\"robots\" content=\"index, follow, max-snippet:-1, max-image-preview:large, max-video-preview:-1\" \/>\n<link rel=\"canonical\" href=\"https:\/\/apuntesdesanluis.com\/index.php\/2023\/09\/17\/por-primera-vez-el-intendente-frontera-abordo-el-tema-de-sus-problemas-de-salud\/\" \/>\n<meta property=\"og:locale\" content=\"es_ES\" \/>\n<meta property=\"og:type\" content=\"article\" \/>\n<meta property=\"og:title\" content=\"POR PRIMERA VEZ EL INTENDENTE FRONTERA ABORD\u00d3 EL TEMA DE SUS PROBLEMAS DE SALUD - Apuntes de San Luis\" \/>\n<meta property=\"og:description\" content=\"El jefe comunal se encontraba en reposo desde hace aproximadamente un mes, hasta el viernes...\" \/>\n<meta property=\"og:url\" content=\"https:\/\/apuntesdesanluis.com\/index.php\/2023\/09\/17\/por-primera-vez-el-intendente-frontera-abordo-el-tema-de-sus-problemas-de-salud\/\" \/>\n<meta property=\"og:site_name\" content=\"Apuntes de San Luis\" \/>\n<meta property=\"article:published_time\" content=\"2023-09-18T02:12:47+00:00\" \/>\n<meta property=\"article:modified_time\" content=\"2023-09-18T16:58:42+00:00\" \/>\n<meta property=\"og:image\" content=\"https:\/\/apuntesdesanluis.com\/wp-content\/uploads\/2023\/09\/maxi-en-la-expo-al-futuro.png\" \/>\n\t<meta property=\"og:image:width\" content=\"600\" \/>\n\t<meta property=\"og:image:height\" content=\"379\" \/>\n\t<meta property=\"og:image:type\" content=\"image\/png\" \/>\n<meta name=\"author\" content=\"apuntesdesanluis.com\" \/>\n<meta name=\"twitter:card\" content=\"summary_large_image\" \/>\n<meta name=\"twitter:label1\" content=\"Escrito por\" \/>\n\t<meta name=\"twitter:data1\" content=\"apuntesdesanluis.com\" \/>\n\t<meta name=\"twitter:label2\" content=\"Tiempo de lectura\" \/>\n\t<meta name=\"twitter:data2\" content=\"2 minutos\" \/>\n<script type=\"application\/ld+json\" class=\"yoast-schema-graph\">{\"@context\":\"https:\/\/schema.org\",\"@graph\":[{\"@type\":\"Article\",\"@id\":\"https:\/\/apuntesdesanluis.com\/index.php\/2023\/09\/17\/por-primera-vez-el-intendente-frontera-abordo-el-tema-de-sus-problemas-de-salud\/#article\",\"isPartOf\":{\"@id\":\"https:\/\/apuntesdesanluis.com\/index.php\/2023\/09\/17\/por-primera-vez-el-intendente-frontera-abordo-el-tema-de-sus-problemas-de-salud\/\"},\"author\":{\"name\":\"apuntesdesanluis.com\",\"@id\":\"https:\/\/apuntesdesanluis.com\/#\/schema\/person\/b55151d52296fcce64d1a72538a70b90\"},\"headline\":\"POR PRIMERA VEZ EL INTENDENTE FRONTERA ABORD\u00d3 EL TEMA DE SUS PROBLEMAS DE SALUD\",\"datePublished\":\"2023-09-18T02:12:47+00:00\",\"dateModified\":\"2023-09-18T16:58:42+00:00\",\"mainEntityOfPage\":{\"@id\":\"https:\/\/apuntesdesanluis.com\/index.php\/2023\/09\/17\/por-primera-vez-el-intendente-frontera-abordo-el-tema-de-sus-problemas-de-salud\/\"},\"wordCount\":265,\"publisher\":{\"@id\":\"https:\/\/apuntesdesanluis.com\/#\/schema\/person\/b55151d52296fcce64d1a72538a70b90\"},\"image\":{\"@id\":\"https:\/\/apuntesdesanluis.com\/index.php\/2023\/09\/17\/por-primera-vez-el-intendente-frontera-abordo-el-tema-de-sus-problemas-de-salud\/#primaryimage\"},\"thumbnailUrl\":\"https:\/\/apuntesdesanluis.com\/wp-content\/uploads\/2023\/09\/maxi-en-la-expo-al-futuro.png\",\"articleSection\":[\"Ciudad\/Provincia\"],\"inLanguage\":\"es-AR\"},{\"@type\":\"WebPage\",\"@id\":\"https:\/\/apuntesdesanluis.com\/index.php\/2023\/09\/17\/por-primera-vez-el-intendente-frontera-abordo-el-tema-de-sus-problemas-de-salud\/\",\"url\":\"https:\/\/apuntesdesanluis.com\/index.php\/2023\/09\/17\/por-primera-vez-el-intendente-frontera-abordo-el-tema-de-sus-problemas-de-salud\/\",\"name\":\"POR PRIMERA VEZ EL INTENDENTE FRONTERA ABORD\u00d3 EL TEMA DE SUS PROBLEMAS DE SALUD - Apuntes de San Luis\",\"isPartOf\":{\"@id\":\"https:\/\/apuntesdesanluis.com\/#website\"},\"primaryImageOfPage\":{\"@id\":\"https:\/\/apuntesdesanluis.com\/index.php\/2023\/09\/17\/por-primera-vez-el-intendente-frontera-abordo-el-tema-de-sus-problemas-de-salud\/#primaryimage\"},\"image\":{\"@id\":\"https:\/\/apuntesdesanluis.com\/index.php\/2023\/09\/17\/por-primera-vez-el-intendente-frontera-abordo-el-tema-de-sus-problemas-de-salud\/#primaryimage\"},\"thumbnailUrl\":\"https:\/\/apuntesdesanluis.com\/wp-content\/uploads\/2023\/09\/maxi-en-la-expo-al-futuro.png\",\"datePublished\":\"2023-09-18T02:12:47+00:00\",\"dateModified\":\"2023-09-18T16:58:42+00:00\",\"breadcrumb\":{\"@id\":\"https:\/\/apuntesdesanluis.com\/index.php\/2023\/09\/17\/por-primera-vez-el-intendente-frontera-abordo-el-tema-de-sus-problemas-de-salud\/#breadcrumb\"},\"inLanguage\":\"es-AR\",\"potentialAction\":[{\"@type\":\"ReadAction\",\"target\":[\"https:\/\/apuntesdesanluis.com\/index.php\/2023\/09\/17\/por-primera-vez-el-intendente-frontera-abordo-el-tema-de-sus-problemas-de-salud\/\"]}]},{\"@type\":\"ImageObject\",\"inLanguage\":\"es-AR\",\"@id\":\"https:\/\/apuntesdesanluis.com\/index.php\/2023\/09\/17\/por-primera-vez-el-intendente-frontera-abordo-el-tema-de-sus-problemas-de-salud\/#primaryimage\",\"url\":\"https:\/\/apuntesdesanluis.com\/wp-content\/uploads\/2023\/09\/maxi-en-la-expo-al-futuro.png\",\"contentUrl\":\"https:\/\/apuntesdesanluis.com\/wp-content\/uploads\/2023\/09\/maxi-en-la-expo-al-futuro.png\",\"width\":600,\"height\":379},{\"@type\":\"BreadcrumbList\",\"@id\":\"https:\/\/apuntesdesanluis.com\/index.php\/2023\/09\/17\/por-primera-vez-el-intendente-frontera-abordo-el-tema-de-sus-problemas-de-salud\/#breadcrumb\",\"itemListElement\":[{\"@type\":\"ListItem\",\"position\":1,\"name\":\"Inicio\",\"item\":\"https:\/\/apuntesdesanluis.com\/\"},{\"@type\":\"ListItem\",\"position\":2,\"name\":\"POR PRIMERA VEZ EL INTENDENTE FRONTERA ABORD\u00d3 EL TEMA DE SUS PROBLEMAS DE SALUD\"}]},{\"@type\":\"WebSite\",\"@id\":\"https:\/\/apuntesdesanluis.com\/#website\",\"url\":\"https:\/\/apuntesdesanluis.com\/\",\"name\":\"Apuntes de San Luis\",\"description\":\"\",\"publisher\":{\"@id\":\"https:\/\/apuntesdesanluis.com\/#\/schema\/person\/b55151d52296fcce64d1a72538a70b90\"},\"potentialAction\":[{\"@type\":\"SearchAction\",\"target\":{\"@type\":\"EntryPoint\",\"urlTemplate\":\"https:\/\/apuntesdesanluis.com\/?s={search_term_string}\"},\"query-input\":{\"@type\":\"PropertyValueSpecification\",\"valueRequired\":true,\"valueName\":\"search_term_string\"}}],\"inLanguage\":\"es-AR\"},{\"@type\":[\"Person\",\"Organization\"],\"@id\":\"https:\/\/apuntesdesanluis.com\/#\/schema\/person\/b55151d52296fcce64d1a72538a70b90\",\"name\":\"apuntesdesanluis.com\",\"image\":{\"@type\":\"ImageObject\",\"inLanguage\":\"es-AR\",\"@id\":\"https:\/\/apuntesdesanluis.com\/#\/schema\/person\/image\/\",\"url\":\"https:\/\/apuntesdesanluis.com\/wp-content\/uploads\/2023\/07\/cropped-apuntesdesanluis.png\",\"contentUrl\":\"https:\/\/apuntesdesanluis.com\/wp-content\/uploads\/2023\/07\/cropped-apuntesdesanluis.png\",\"width\":450,\"height\":112,\"caption\":\"apuntesdesanluis.com\"},\"logo\":{\"@id\":\"https:\/\/apuntesdesanluis.com\/#\/schema\/person\/image\/\"},\"sameAs\":[\"https:\/\/apuntesdesanluis.com\"],\"url\":\"https:\/\/apuntesdesanluis.com\/index.php\/author\/apuntesdesanluis-com\/\"}]}<\/script>\n<!-- \/ Yoast SEO plugin. -->","yoast_head_json":{"title":"POR PRIMERA VEZ EL INTENDENTE FRONTERA ABORD\u00d3 EL TEMA DE SUS PROBLEMAS DE SALUD - Apuntes de San Luis","robots":{"index":"index","follow":"follow","max-snippet":"max-snippet:-1","max-image-preview":"max-image-preview:large","max-video-preview":"max-video-preview:-1"},"canonical":"https:\/\/apuntesdesanluis.com\/index.php\/2023\/09\/17\/por-primera-vez-el-intendente-frontera-abordo-el-tema-de-sus-problemas-de-salud\/","og_locale":"es_ES","og_type":"article","og_title":"POR PRIMERA VEZ EL INTENDENTE FRONTERA ABORD\u00d3 EL TEMA DE SUS PROBLEMAS DE SALUD - Apuntes de San Luis","og_description":"El jefe comunal se encontraba en reposo desde hace aproximadamente un mes, hasta el viernes...","og_url":"https:\/\/apuntesdesanluis.com\/index.php\/2023\/09\/17\/por-primera-vez-el-intendente-frontera-abordo-el-tema-de-sus-problemas-de-salud\/","og_site_name":"Apuntes de San Luis","article_published_time":"2023-09-18T02:12:47+00:00","article_modified_time":"2023-09-18T16:58:42+00:00","og_image":[{"width":600,"height":379,"url":"https:\/\/apuntesdesanluis.com\/wp-content\/uploads\/2023\/09\/maxi-en-la-expo-al-futuro.png","type":"image\/png"}],"author":"apuntesdesanluis.com","twitter_card":"summary_large_image","twitter_misc":{"Escrito por":"apuntesdesanluis.com","Tiempo de lectura":"2 minutos"},"schema":{"@context":"https:\/\/schema.org","@graph":[{"@type":"Article","@id":"https:\/\/apuntesdesanluis.com\/index.php\/2023\/09\/17\/por-primera-vez-el-intendente-frontera-abordo-el-tema-de-sus-problemas-de-salud\/#article","isPartOf":{"@id":"https:\/\/apuntesdesanluis.com\/index.php\/2023\/09\/17\/por-primera-vez-el-intendente-frontera-abordo-el-tema-de-sus-problemas-de-salud\/"},"author":{"name":"apuntesdesanluis.com","@id":"https:\/\/apuntesdesanluis.com\/#\/schema\/person\/b55151d52296fcce64d1a72538a70b90"},"headline":"POR PRIMERA VEZ EL INTENDENTE FRONTERA ABORD\u00d3 EL TEMA DE SUS PROBLEMAS DE SALUD","datePublished":"2023-09-18T02:12:47+00:00","dateModified":"2023-09-18T16:58:42+00:00","mainEntityOfPage":{"@id":"https:\/\/apuntesdesanluis.com\/index.php\/2023\/09\/17\/por-primera-vez-el-intendente-frontera-abordo-el-tema-de-sus-problemas-de-salud\/"},"wordCount":265,"publisher":{"@id":"https:\/\/apuntesdesanluis.com\/#\/schema\/person\/b55151d52296fcce64d1a72538a70b90"},"image":{"@id":"https:\/\/apuntesdesanluis.com\/index.php\/2023\/09\/17\/por-primera-vez-el-intendente-frontera-abordo-el-tema-de-sus-problemas-de-salud\/#primaryimage"},"thumbnailUrl":"https:\/\/apuntesdesanluis.com\/wp-content\/uploads\/2023\/09\/maxi-en-la-expo-al-futuro.png","articleSection":["Ciudad\/Provincia"],"inLanguage":"es-AR"},{"@type":"WebPage","@id":"https:\/\/apuntesdesanluis.com\/index.php\/2023\/09\/17\/por-primera-vez-el-intendente-frontera-abordo-el-tema-de-sus-problemas-de-salud\/","url":"https:\/\/apuntesdesanluis.com\/index.php\/2023\/09\/17\/por-primera-vez-el-intendente-frontera-abordo-el-tema-de-sus-problemas-de-salud\/","name":"POR PRIMERA VEZ EL INTENDENTE FRONTERA ABORD\u00d3 EL TEMA DE SUS PROBLEMAS DE SALUD - Apuntes de San Luis","isPartOf":{"@id":"https:\/\/apuntesdesanluis.com\/#website"},"primaryImageOfPage":{"@id":"https:\/\/apuntesdesanluis.com\/index.php\/2023\/09\/17\/por-primera-vez-el-intendente-frontera-abordo-el-tema-de-sus-problemas-de-salud\/#primaryimage"},"image":{"@id":"https:\/\/apuntesdesanluis.com\/index.php\/2023\/09\/17\/por-primera-vez-el-intendente-frontera-abordo-el-tema-de-sus-problemas-de-salud\/#primaryimage"},"thumbnailUrl":"https:\/\/apuntesdesanluis.com\/wp-content\/uploads\/2023\/09\/maxi-en-la-expo-al-futuro.png","datePublished":"2023-09-18T02:12:47+00:00","dateModified":"2023-09-18T16:58:42+00:00","breadcrumb":{"@id":"https:\/\/apuntesdesanluis.com\/index.php\/2023\/09\/17\/por-primera-vez-el-intendente-frontera-abordo-el-tema-de-sus-problemas-de-salud\/#breadcrumb"},"inLanguage":"es-AR","potentialAction":[{"@type":"ReadAction","target":["https:\/\/apuntesdesanluis.com\/index.php\/2023\/09\/17\/por-primera-vez-el-intendente-frontera-abordo-el-tema-de-sus-problemas-de-salud\/"]}]},{"@type":"ImageObject","inLanguage":"es-AR","@id":"https:\/\/apuntesdesanluis.com\/index.php\/2023\/09\/17\/por-primera-vez-el-intendente-frontera-abordo-el-tema-de-sus-problemas-de-salud\/#primaryimage","url":"https:\/\/apuntesdesanluis.com\/wp-content\/uploads\/2023\/09\/maxi-en-la-expo-al-futuro.png","contentUrl":"https:\/\/apuntesdesanluis.com\/wp-content\/uploads\/2023\/09\/maxi-en-la-expo-al-futuro.png","width":600,"height":379},{"@type":"BreadcrumbList","@id":"https:\/\/apuntesdesanluis.com\/index.php\/2023\/09\/17\/por-primera-vez-el-intendente-frontera-abordo-el-tema-de-sus-problemas-de-salud\/#breadcrumb","itemListElement":[{"@type":"ListItem","position":1,"name":"Inicio","item":"https:\/\/apuntesdesanluis.com\/"},{"@type":"ListItem","position":2,"name":"POR PRIMERA VEZ EL INTENDENTE FRONTERA ABORD\u00d3 EL TEMA DE SUS PROBLEMAS DE SALUD"}]},{"@type":"WebSite","@id":"https:\/\/apuntesdesanluis.com\/#website","url":"https:\/\/apuntesdesanluis.com\/","name":"Apuntes de San Luis","description":"","publisher":{"@id":"https:\/\/apuntesdesanluis.com\/#\/schema\/person\/b55151d52296fcce64d1a72538a70b90"},"potentialAction":[{"@type":"SearchAction","target":{"@type":"EntryPoint","urlTemplate":"https:\/\/apuntesdesanluis.com\/?s={search_term_string}"},"query-input":{"@type":"PropertyValueSpecification","valueRequired":true,"valueName":"search_term_string"}}],"inLanguage":"es-AR"},{"@type":["Person","Organization"],"@id":"https:\/\/apuntesdesanluis.com\/#\/schema\/person\/b55151d52296fcce64d1a72538a70b90","name":"apuntesdesanluis.com","image":{"@type":"ImageObject","inLanguage":"es-AR","@id":"https:\/\/apuntesdesanluis.com\/#\/schema\/person\/image\/","url":"https:\/\/apuntesdesanluis.com\/wp-content\/uploads\/2023\/07\/cropped-apuntesdesanluis.png","contentUrl":"https:\/\/apuntesdesanluis.com\/wp-content\/uploads\/2023\/07\/cropped-apuntesdesanluis.png","width":450,"height":112,"caption":"apuntesdesanluis.com"},"logo":{"@id":"https:\/\/apuntesdesanluis.com\/#\/schema\/person\/image\/"},"sameAs":["https:\/\/apuntesdesanluis.com"],"url":"https:\/\/apuntesdesanluis.com\/index.php\/author\/apuntesdesanluis-com\/"}]}},"featured_image_urls":{"full":["https:\/\/apuntesdesanluis.com\/wp-content\/uploads\/2023\/09\/maxi-en-la-expo-al-futuro.png",600,379,false],"thumbnail":["https:\/\/apuntesdesanluis.com\/wp-content\/uploads\/2023\/09\/maxi-en-la-expo-al-futuro-150x150.png",150,150,true],"medium":["https:\/\/apuntesdesanluis.com\/wp-content\/uploads\/2023\/09\/maxi-en-la-expo-al-futuro-300x190.png",300,190,true],"medium_large":["https:\/\/apuntesdesanluis.com\/wp-content\/uploads\/2023\/09\/maxi-en-la-expo-al-futuro.png",600,379,false],"large":["https:\/\/apuntesdesanluis.com\/wp-content\/uploads\/2023\/09\/maxi-en-la-expo-al-futuro.png",600,379,false],"1536x1536":["https:\/\/apuntesdesanluis.com\/wp-content\/uploads\/2023\/09\/maxi-en-la-expo-al-futuro.png",600,379,false],"2048x2048":["https:\/\/apuntesdesanluis.com\/wp-content\/uploads\/2023\/09\/maxi-en-la-expo-al-futuro.png",600,379,false],"newsever-slider-full":["https:\/\/apuntesdesanluis.com\/wp-content\/uploads\/2023\/09\/maxi-en-la-expo-al-futuro.png",600,379,false],"newsever-featured":["https:\/\/apuntesdesanluis.com\/wp-content\/uploads\/2023\/09\/maxi-en-la-expo-al-futuro.png",600,379,false],"newsever-medium":["https:\/\/apuntesdesanluis.com\/wp-content\/uploads\/2023\/09\/maxi-en-la-expo-al-futuro.png",600,379,false]},"author_info":{"display_name":"apuntesdesanluis.com","author_link":"https:\/\/apuntesdesanluis.com\/index.php\/author\/apuntesdesanluis-com\/"},"category_info":"<a href=\"https:\/\/apuntesdesanluis.com\/index.php\/category\/ciudad-provincia\/\" rel=\"category tag\">Ciudad\/Provincia<\/a>","tag_info":"Ciudad\/Provincia","comment_count":"0","_links":{"self":[{"href":"https:\/\/apuntesdesanluis.com\/index.php\/wp-json\/wp\/v2\/posts\/3515","targetHints":{"allow":["GET"]}}],"collection":[{"href":"https:\/\/apuntesdesanluis.com\/index.php\/wp-json\/wp\/v2\/posts"}],"about":[{"href":"https:\/\/apuntesdesanluis.com\/index.php\/wp-json\/wp\/v2\/types\/post"}],"author":[{"embeddable":true,"href":"https:\/\/apuntesdesanluis.com\/index.php\/wp-json\/wp\/v2\/users\/1"}],"replies":[{"embeddable":true,"href":"https:\/\/apuntesdesanluis.com\/index.php\/wp-json\/wp\/v2\/comments?post=3515"}],"version-history":[{"count":2,"href":"https:\/\/apuntesdesanluis.com\/index.php\/wp-json\/wp\/v2\/posts\/3515\/revisions"}],"predecessor-version":[{"id":3518,"href":"https:\/\/apuntesdesanluis.com\/index.php\/wp-json\/wp\/v2\/posts\/3515\/revisions\/3518"}],"wp:featuredmedia":[{"embeddable":true,"href":"https:\/\/apuntesdesanluis.com\/index.php\/wp-json\/wp\/v2\/media\/3516"}],"wp:attachment":[{"href":"https:\/\/apuntesdesanluis.com\/index.php\/wp-json\/wp\/v2\/media?parent=3515"}],"wp:term":[{"taxonomy":"category","embeddable":true,"href":"https:\/\/apuntesdesanluis.com\/index.php\/wp-json\/wp\/v2\/categories?post=3515"},{"taxonomy":"post_tag","embeddable":true,"href":"https:\/\/apuntesdesanluis.com\/index.php\/wp-json\/wp\/v2\/tags?post=3515"}],"curies":[{"name":"wp","href":"https:\/\/api.w.org\/{rel}","templated":true}]}}