{"id":3519,"date":"2023-09-18T14:07:34","date_gmt":"2023-09-18T17:07:34","guid":{"rendered":"https:\/\/apuntesdesanluis.com\/?p=3519"},"modified":"2023-09-18T14:07:34","modified_gmt":"2023-09-18T17:07:34","slug":"unsl-tv-participo-de-un-documental-que-estrenara-por-canal-encuentro","status":"publish","type":"post","link":"https:\/\/apuntesdesanluis.com\/index.php\/2023\/09\/18\/unsl-tv-participo-de-un-documental-que-estrenara-por-canal-encuentro\/","title":{"rendered":"UNSL TV PARTICIP\u00d3 DE UN DOCUMENTAL QUE ESTRENAR\u00c1 POR CANAL ENCUENTRO"},"content":{"rendered":"<h3>Se trata de &#8220;<strong>Agua, Aire, Tierra, Fuego \u2013 Cartograf\u00eda del conflicto ambiental<\/strong>&#8220;, una serie documental producida por <strong>Mundo U<\/strong>, la Plataforma Audiovisual del Consejo Interuniversitario Nacional (CIN), y m\u00e1s de 20 universidades p\u00fablicas de todo el pa\u00eds, en el marco del premio Renacer Audiovisual del Ministerio de Cultura de la Naci\u00f3n.<\/h3>\n<h3>La emisora universitaria de la UNSL particip\u00f3 en uno de los cap\u00edtulos de esta serie federal y colabor\u00f3 con otras provincias. Su estreno ser\u00e1 en octubre.<\/h3>\n<h3>Esta fusi\u00f3n de piezas audiovisuales de todo el pa\u00eds contar\u00e1 cinco (5) casos de ra\u00edz ambiental vinculados con los cuatro (4) elementos de la naturaleza. La serie recorrer\u00e1 la cartograf\u00eda del conflicto ambiental de Argentina, desde los incendios en Catamarca hasta el retroceso de los glaciares patag\u00f3nicos, con el objetivo de aportar a la concientizaci\u00f3n social y elevando la voz de las personas afectadas en las distintas latitudes.<\/h3>\n<h3>Desde UNSL TV, abordaron la deforestaci\u00f3n y el uso intensivo del suelo para representar la crisis ambiental de nuestra regi\u00f3n. Esta producci\u00f3n se podr\u00e1 ver en el episodio Tierra, uno de los cuatro (4) cap\u00edtulos que conforman el documental. Adem\u00e1s, brind\u00f3 apoyo t\u00e9cnico a la Universidad Nacional de R\u00edo Cuarto (UNRC) y a la Universidad Nacional de La Pampa (UNLPam), a trav\u00e9s de equipamiento y la asistencia de camar\u00f3grafos.<\/h3>\n<h3>En este sentido, el T\u00e9c. Ramiro Rezzano Klement, director del canal universitario, expres\u00f3: \u00abpara nosotros siempre es importante que tengamos el testimonio de la comunidad que realmente est\u00e1 sufriendo este problema, quienes son protagonistas y nos pueden dar una voz real de lo que all\u00ed pasa. Tambi\u00e9n hablar con expertos que no son necesariamente cient\u00edficos, sino que desarrollan su actividad en ese espacio\u00bb.<\/h3>\n<p><img fetchpriority=\"high\" decoding=\"async\" class=\"wp-image-3520 aligncenter\" src=\"https:\/\/apuntesdesanluis.com\/wp-content\/uploads\/2023\/09\/documental-unsl-300x176.png\" alt=\"\" width=\"527\" height=\"309\" srcset=\"https:\/\/apuntesdesanluis.com\/wp-content\/uploads\/2023\/09\/documental-unsl-300x176.png 300w, https:\/\/apuntesdesanluis.com\/wp-content\/uploads\/2023\/09\/documental-unsl.png 600w\" sizes=\"(max-width: 527px) 100vw, 527px\" \/><\/p>\n<h3>Rezzano Klement coment\u00f3 que la Instituci\u00f3n estuvo presente desde el origen del proyecto general. A partir de la convocatoria, la Red Nacional Audiovisual Universitaria (RENAU) desarroll\u00f3 una comisi\u00f3n para dise\u00f1ar un proyecto que pudiera participar. Este comit\u00e9 estuvo conformado por la Dra. Silvina Ch\u00e1ves, en representaci\u00f3n de la UNSL como anterior directora del canal universitario; la Lic. Claudia Ducatenzeiler y la Lic. Mariela Zunino por el CIN; el Lic. Juan Pablo Lattanzi por la Universidad Nacional de Tierra del Fuego (UNTDF) y el Mgtr. Horacio Avenda\u00f1o por la Universidad Nacional de la Patagonia San Juan Bosco (UNP).<\/h3>\n<h3>Una vez ganado el proyecto, todo el sistema universitario nacional trabaj\u00f3 en red para rodar en simult\u00e1neo. Cada instituci\u00f3n aport\u00f3 no solo en la producci\u00f3n sino en el desarrollo del gui\u00f3n, el cual reflejar\u00e1 los casos de crisis ambiental m\u00e1s representativos de cada regi\u00f3n. Desde una escuela agroecol\u00f3gica costera, la trama mostrar\u00e1 a Elena Roger, famosa cantante y actriz, recorriendo diferentes tem\u00e1ticas ambientales que interpelan a toda la sociedad. Ser\u00e1 el hilo conductor para que especialistas y pobladores cuenten las problem\u00e1ticas ambientales m\u00e1s notables del pa\u00eds. Asimismo, tanto en la apertura como en el cierre, esta serie federal y representativa contar\u00e1 con las ilustraciones del artista Pablo Bernasconi.<\/h3>\n<h3><strong>SOBRE LA PLATAFORMA<\/strong><\/h3>\n<h3>La Plataforma Nacional Audiovisual Universitaria \u2013 Mundo U, articula y promueve la distribuci\u00f3n de los contenidos audiovisuales que las universidades p\u00fablicas generan desde sus centros de producci\u00f3n. Esta plataforma fue creada en el marco del Plan Federal de Producci\u00f3n de Contenidos Audiovisuales Universitarios, impulsado por la RENAU y financiado por la Secretar\u00eda de Pol\u00edticas Universitarias (SPU).<\/h3>\n<h3>La RENAU, integrada por el conjunto de las universidades nacionales que conforman el CIN, construye este espacio de producci\u00f3n, fomento y promoci\u00f3n de contenidos audiovisuales desde los valores del trabajo en red, el intercambio y la cooperaci\u00f3n entre las unidades productivas audiovisuales de estas universidades.<\/h3>\n<h3>Agua, Aire, Tierra, Fuego \u2013 Cartograf\u00eda del conflicto ambiental se podr\u00e1 ver pr\u00f3ximamente por Canal Encuentro, en todas las pantallas de los canales universitarios y en la Plataforma Nacional Audiovisual Universitaria Mundo U.<\/h3>\n<p>&nbsp;<\/p>\n","protected":false},"excerpt":{"rendered":"<p>Se trata de &#8220;Agua, Aire, Tierra, Fuego \u2013 Cartograf\u00eda del conflicto ambiental&#8220;, una serie documental&#8230;<\/p>\n","protected":false},"author":1,"featured_media":3521,"comment_status":"closed","ping_status":"closed","sticky":false,"template":"","format":"standard","meta":{"footnotes":""},"categories":[6],"tags":[],"class_list":["post-3519","post","type-post","status-publish","format-standard","has-post-thumbnail","hentry","category-ciudad-provincia"],"yoast_head":"<!-- This site is optimized with the Yoast SEO plugin v26.1.1 - https:\/\/yoast.com\/wordpress\/plugins\/seo\/ -->\n<title>UNSL TV PARTICIP\u00d3 DE UN DOCUMENTAL QUE ESTRENAR\u00c1 POR CANAL ENCUENTRO - Apuntes de San Luis<\/title>\n<meta name=\"robots\" content=\"index, follow, max-snippet:-1, max-image-preview:large, max-video-preview:-1\" \/>\n<link rel=\"canonical\" href=\"https:\/\/apuntesdesanluis.com\/index.php\/2023\/09\/18\/unsl-tv-participo-de-un-documental-que-estrenara-por-canal-encuentro\/\" \/>\n<meta property=\"og:locale\" content=\"es_ES\" \/>\n<meta property=\"og:type\" content=\"article\" \/>\n<meta property=\"og:title\" content=\"UNSL TV PARTICIP\u00d3 DE UN DOCUMENTAL QUE ESTRENAR\u00c1 POR CANAL ENCUENTRO - Apuntes de San Luis\" \/>\n<meta property=\"og:description\" content=\"Se trata de &#8220;Agua, Aire, Tierra, Fuego \u2013 Cartograf\u00eda del conflicto ambiental&#8220;, una serie documental...\" \/>\n<meta property=\"og:url\" content=\"https:\/\/apuntesdesanluis.com\/index.php\/2023\/09\/18\/unsl-tv-participo-de-un-documental-que-estrenara-por-canal-encuentro\/\" \/>\n<meta property=\"og:site_name\" content=\"Apuntes de San Luis\" \/>\n<meta property=\"article:published_time\" content=\"2023-09-18T17:07:34+00:00\" \/>\n<meta property=\"og:image\" content=\"https:\/\/apuntesdesanluis.com\/wp-content\/uploads\/2023\/09\/dos-2.png\" \/>\n\t<meta property=\"og:image:width\" content=\"543\" \/>\n\t<meta property=\"og:image:height\" content=\"314\" \/>\n\t<meta property=\"og:image:type\" content=\"image\/png\" \/>\n<meta name=\"author\" content=\"apuntesdesanluis.com\" \/>\n<meta name=\"twitter:card\" content=\"summary_large_image\" \/>\n<meta name=\"twitter:label1\" content=\"Escrito por\" \/>\n\t<meta name=\"twitter:data1\" content=\"apuntesdesanluis.com\" \/>\n\t<meta name=\"twitter:label2\" content=\"Tiempo de lectura\" \/>\n\t<meta name=\"twitter:data2\" content=\"4 minutos\" \/>\n<script type=\"application\/ld+json\" class=\"yoast-schema-graph\">{\"@context\":\"https:\/\/schema.org\",\"@graph\":[{\"@type\":\"Article\",\"@id\":\"https:\/\/apuntesdesanluis.com\/index.php\/2023\/09\/18\/unsl-tv-participo-de-un-documental-que-estrenara-por-canal-encuentro\/#article\",\"isPartOf\":{\"@id\":\"https:\/\/apuntesdesanluis.com\/index.php\/2023\/09\/18\/unsl-tv-participo-de-un-documental-que-estrenara-por-canal-encuentro\/\"},\"author\":{\"name\":\"apuntesdesanluis.com\",\"@id\":\"https:\/\/apuntesdesanluis.com\/#\/schema\/person\/b55151d52296fcce64d1a72538a70b90\"},\"headline\":\"UNSL TV PARTICIP\u00d3 DE UN DOCUMENTAL QUE ESTRENAR\u00c1 POR CANAL ENCUENTRO\",\"datePublished\":\"2023-09-18T17:07:34+00:00\",\"mainEntityOfPage\":{\"@id\":\"https:\/\/apuntesdesanluis.com\/index.php\/2023\/09\/18\/unsl-tv-participo-de-un-documental-que-estrenara-por-canal-encuentro\/\"},\"wordCount\":676,\"publisher\":{\"@id\":\"https:\/\/apuntesdesanluis.com\/#\/schema\/person\/b55151d52296fcce64d1a72538a70b90\"},\"image\":{\"@id\":\"https:\/\/apuntesdesanluis.com\/index.php\/2023\/09\/18\/unsl-tv-participo-de-un-documental-que-estrenara-por-canal-encuentro\/#primaryimage\"},\"thumbnailUrl\":\"https:\/\/apuntesdesanluis.com\/wp-content\/uploads\/2023\/09\/dos-2.png\",\"articleSection\":[\"Ciudad\/Provincia\"],\"inLanguage\":\"es-AR\"},{\"@type\":\"WebPage\",\"@id\":\"https:\/\/apuntesdesanluis.com\/index.php\/2023\/09\/18\/unsl-tv-participo-de-un-documental-que-estrenara-por-canal-encuentro\/\",\"url\":\"https:\/\/apuntesdesanluis.com\/index.php\/2023\/09\/18\/unsl-tv-participo-de-un-documental-que-estrenara-por-canal-encuentro\/\",\"name\":\"UNSL TV PARTICIP\u00d3 DE UN DOCUMENTAL QUE ESTRENAR\u00c1 POR CANAL ENCUENTRO - Apuntes de San Luis\",\"isPartOf\":{\"@id\":\"https:\/\/apuntesdesanluis.com\/#website\"},\"primaryImageOfPage\":{\"@id\":\"https:\/\/apuntesdesanluis.com\/index.php\/2023\/09\/18\/unsl-tv-participo-de-un-documental-que-estrenara-por-canal-encuentro\/#primaryimage\"},\"image\":{\"@id\":\"https:\/\/apuntesdesanluis.com\/index.php\/2023\/09\/18\/unsl-tv-participo-de-un-documental-que-estrenara-por-canal-encuentro\/#primaryimage\"},\"thumbnailUrl\":\"https:\/\/apuntesdesanluis.com\/wp-content\/uploads\/2023\/09\/dos-2.png\",\"datePublished\":\"2023-09-18T17:07:34+00:00\",\"breadcrumb\":{\"@id\":\"https:\/\/apuntesdesanluis.com\/index.php\/2023\/09\/18\/unsl-tv-participo-de-un-documental-que-estrenara-por-canal-encuentro\/#breadcrumb\"},\"inLanguage\":\"es-AR\",\"potentialAction\":[{\"@type\":\"ReadAction\",\"target\":[\"https:\/\/apuntesdesanluis.com\/index.php\/2023\/09\/18\/unsl-tv-participo-de-un-documental-que-estrenara-por-canal-encuentro\/\"]}]},{\"@type\":\"ImageObject\",\"inLanguage\":\"es-AR\",\"@id\":\"https:\/\/apuntesdesanluis.com\/index.php\/2023\/09\/18\/unsl-tv-participo-de-un-documental-que-estrenara-por-canal-encuentro\/#primaryimage\",\"url\":\"https:\/\/apuntesdesanluis.com\/wp-content\/uploads\/2023\/09\/dos-2.png\",\"contentUrl\":\"https:\/\/apuntesdesanluis.com\/wp-content\/uploads\/2023\/09\/dos-2.png\",\"width\":543,\"height\":314},{\"@type\":\"BreadcrumbList\",\"@id\":\"https:\/\/apuntesdesanluis.com\/index.php\/2023\/09\/18\/unsl-tv-participo-de-un-documental-que-estrenara-por-canal-encuentro\/#breadcrumb\",\"itemListElement\":[{\"@type\":\"ListItem\",\"position\":1,\"name\":\"Inicio\",\"item\":\"https:\/\/apuntesdesanluis.com\/\"},{\"@type\":\"ListItem\",\"position\":2,\"name\":\"UNSL TV PARTICIP\u00d3 DE UN DOCUMENTAL QUE ESTRENAR\u00c1 POR CANAL ENCUENTRO\"}]},{\"@type\":\"WebSite\",\"@id\":\"https:\/\/apuntesdesanluis.com\/#website\",\"url\":\"https:\/\/apuntesdesanluis.com\/\",\"name\":\"Apuntes de San Luis\",\"description\":\"\",\"publisher\":{\"@id\":\"https:\/\/apuntesdesanluis.com\/#\/schema\/person\/b55151d52296fcce64d1a72538a70b90\"},\"potentialAction\":[{\"@type\":\"SearchAction\",\"target\":{\"@type\":\"EntryPoint\",\"urlTemplate\":\"https:\/\/apuntesdesanluis.com\/?s={search_term_string}\"},\"query-input\":{\"@type\":\"PropertyValueSpecification\",\"valueRequired\":true,\"valueName\":\"search_term_string\"}}],\"inLanguage\":\"es-AR\"},{\"@type\":[\"Person\",\"Organization\"],\"@id\":\"https:\/\/apuntesdesanluis.com\/#\/schema\/person\/b55151d52296fcce64d1a72538a70b90\",\"name\":\"apuntesdesanluis.com\",\"image\":{\"@type\":\"ImageObject\",\"inLanguage\":\"es-AR\",\"@id\":\"https:\/\/apuntesdesanluis.com\/#\/schema\/person\/image\/\",\"url\":\"https:\/\/apuntesdesanluis.com\/wp-content\/uploads\/2023\/07\/cropped-apuntesdesanluis.png\",\"contentUrl\":\"https:\/\/apuntesdesanluis.com\/wp-content\/uploads\/2023\/07\/cropped-apuntesdesanluis.png\",\"width\":450,\"height\":112,\"caption\":\"apuntesdesanluis.com\"},\"logo\":{\"@id\":\"https:\/\/apuntesdesanluis.com\/#\/schema\/person\/image\/\"},\"sameAs\":[\"https:\/\/apuntesdesanluis.com\"],\"url\":\"https:\/\/apuntesdesanluis.com\/index.php\/author\/apuntesdesanluis-com\/\"}]}<\/script>\n<!-- \/ Yoast SEO plugin. -->","yoast_head_json":{"title":"UNSL TV PARTICIP\u00d3 DE UN DOCUMENTAL QUE ESTRENAR\u00c1 POR CANAL ENCUENTRO - Apuntes de San Luis","robots":{"index":"index","follow":"follow","max-snippet":"max-snippet:-1","max-image-preview":"max-image-preview:large","max-video-preview":"max-video-preview:-1"},"canonical":"https:\/\/apuntesdesanluis.com\/index.php\/2023\/09\/18\/unsl-tv-participo-de-un-documental-que-estrenara-por-canal-encuentro\/","og_locale":"es_ES","og_type":"article","og_title":"UNSL TV PARTICIP\u00d3 DE UN DOCUMENTAL QUE ESTRENAR\u00c1 POR CANAL ENCUENTRO - Apuntes de San Luis","og_description":"Se trata de &#8220;Agua, Aire, Tierra, Fuego \u2013 Cartograf\u00eda del conflicto ambiental&#8220;, una serie documental...","og_url":"https:\/\/apuntesdesanluis.com\/index.php\/2023\/09\/18\/unsl-tv-participo-de-un-documental-que-estrenara-por-canal-encuentro\/","og_site_name":"Apuntes de San Luis","article_published_time":"2023-09-18T17:07:34+00:00","og_image":[{"width":543,"height":314,"url":"https:\/\/apuntesdesanluis.com\/wp-content\/uploads\/2023\/09\/dos-2.png","type":"image\/png"}],"author":"apuntesdesanluis.com","twitter_card":"summary_large_image","twitter_misc":{"Escrito por":"apuntesdesanluis.com","Tiempo de lectura":"4 minutos"},"schema":{"@context":"https:\/\/schema.org","@graph":[{"@type":"Article","@id":"https:\/\/apuntesdesanluis.com\/index.php\/2023\/09\/18\/unsl-tv-participo-de-un-documental-que-estrenara-por-canal-encuentro\/#article","isPartOf":{"@id":"https:\/\/apuntesdesanluis.com\/index.php\/2023\/09\/18\/unsl-tv-participo-de-un-documental-que-estrenara-por-canal-encuentro\/"},"author":{"name":"apuntesdesanluis.com","@id":"https:\/\/apuntesdesanluis.com\/#\/schema\/person\/b55151d52296fcce64d1a72538a70b90"},"headline":"UNSL TV PARTICIP\u00d3 DE UN DOCUMENTAL QUE ESTRENAR\u00c1 POR CANAL ENCUENTRO","datePublished":"2023-09-18T17:07:34+00:00","mainEntityOfPage":{"@id":"https:\/\/apuntesdesanluis.com\/index.php\/2023\/09\/18\/unsl-tv-participo-de-un-documental-que-estrenara-por-canal-encuentro\/"},"wordCount":676,"publisher":{"@id":"https:\/\/apuntesdesanluis.com\/#\/schema\/person\/b55151d52296fcce64d1a72538a70b90"},"image":{"@id":"https:\/\/apuntesdesanluis.com\/index.php\/2023\/09\/18\/unsl-tv-participo-de-un-documental-que-estrenara-por-canal-encuentro\/#primaryimage"},"thumbnailUrl":"https:\/\/apuntesdesanluis.com\/wp-content\/uploads\/2023\/09\/dos-2.png","articleSection":["Ciudad\/Provincia"],"inLanguage":"es-AR"},{"@type":"WebPage","@id":"https:\/\/apuntesdesanluis.com\/index.php\/2023\/09\/18\/unsl-tv-participo-de-un-documental-que-estrenara-por-canal-encuentro\/","url":"https:\/\/apuntesdesanluis.com\/index.php\/2023\/09\/18\/unsl-tv-participo-de-un-documental-que-estrenara-por-canal-encuentro\/","name":"UNSL TV PARTICIP\u00d3 DE UN DOCUMENTAL QUE ESTRENAR\u00c1 POR CANAL ENCUENTRO - Apuntes de San Luis","isPartOf":{"@id":"https:\/\/apuntesdesanluis.com\/#website"},"primaryImageOfPage":{"@id":"https:\/\/apuntesdesanluis.com\/index.php\/2023\/09\/18\/unsl-tv-participo-de-un-documental-que-estrenara-por-canal-encuentro\/#primaryimage"},"image":{"@id":"https:\/\/apuntesdesanluis.com\/index.php\/2023\/09\/18\/unsl-tv-participo-de-un-documental-que-estrenara-por-canal-encuentro\/#primaryimage"},"thumbnailUrl":"https:\/\/apuntesdesanluis.com\/wp-content\/uploads\/2023\/09\/dos-2.png","datePublished":"2023-09-18T17:07:34+00:00","breadcrumb":{"@id":"https:\/\/apuntesdesanluis.com\/index.php\/2023\/09\/18\/unsl-tv-participo-de-un-documental-que-estrenara-por-canal-encuentro\/#breadcrumb"},"inLanguage":"es-AR","potentialAction":[{"@type":"ReadAction","target":["https:\/\/apuntesdesanluis.com\/index.php\/2023\/09\/18\/unsl-tv-participo-de-un-documental-que-estrenara-por-canal-encuentro\/"]}]},{"@type":"ImageObject","inLanguage":"es-AR","@id":"https:\/\/apuntesdesanluis.com\/index.php\/2023\/09\/18\/unsl-tv-participo-de-un-documental-que-estrenara-por-canal-encuentro\/#primaryimage","url":"https:\/\/apuntesdesanluis.com\/wp-content\/uploads\/2023\/09\/dos-2.png","contentUrl":"https:\/\/apuntesdesanluis.com\/wp-content\/uploads\/2023\/09\/dos-2.png","width":543,"height":314},{"@type":"BreadcrumbList","@id":"https:\/\/apuntesdesanluis.com\/index.php\/2023\/09\/18\/unsl-tv-participo-de-un-documental-que-estrenara-por-canal-encuentro\/#breadcrumb","itemListElement":[{"@type":"ListItem","position":1,"name":"Inicio","item":"https:\/\/apuntesdesanluis.com\/"},{"@type":"ListItem","position":2,"name":"UNSL TV PARTICIP\u00d3 DE UN DOCUMENTAL QUE ESTRENAR\u00c1 POR CANAL ENCUENTRO"}]},{"@type":"WebSite","@id":"https:\/\/apuntesdesanluis.com\/#website","url":"https:\/\/apuntesdesanluis.com\/","name":"Apuntes de San Luis","description":"","publisher":{"@id":"https:\/\/apuntesdesanluis.com\/#\/schema\/person\/b55151d52296fcce64d1a72538a70b90"},"potentialAction":[{"@type":"SearchAction","target":{"@type":"EntryPoint","urlTemplate":"https:\/\/apuntesdesanluis.com\/?s={search_term_string}"},"query-input":{"@type":"PropertyValueSpecification","valueRequired":true,"valueName":"search_term_string"}}],"inLanguage":"es-AR"},{"@type":["Person","Organization"],"@id":"https:\/\/apuntesdesanluis.com\/#\/schema\/person\/b55151d52296fcce64d1a72538a70b90","name":"apuntesdesanluis.com","image":{"@type":"ImageObject","inLanguage":"es-AR","@id":"https:\/\/apuntesdesanluis.com\/#\/schema\/person\/image\/","url":"https:\/\/apuntesdesanluis.com\/wp-content\/uploads\/2023\/07\/cropped-apuntesdesanluis.png","contentUrl":"https:\/\/apuntesdesanluis.com\/wp-content\/uploads\/2023\/07\/cropped-apuntesdesanluis.png","width":450,"height":112,"caption":"apuntesdesanluis.com"},"logo":{"@id":"https:\/\/apuntesdesanluis.com\/#\/schema\/person\/image\/"},"sameAs":["https:\/\/apuntesdesanluis.com"],"url":"https:\/\/apuntesdesanluis.com\/index.php\/author\/apuntesdesanluis-com\/"}]}},"featured_image_urls":{"full":["https:\/\/apuntesdesanluis.com\/wp-content\/uploads\/2023\/09\/dos-2.png",543,314,false],"thumbnail":["https:\/\/apuntesdesanluis.com\/wp-content\/uploads\/2023\/09\/dos-2-150x150.png",150,150,true],"medium":["https:\/\/apuntesdesanluis.com\/wp-content\/uploads\/2023\/09\/dos-2-300x173.png",300,173,true],"medium_large":["https:\/\/apuntesdesanluis.com\/wp-content\/uploads\/2023\/09\/dos-2.png",543,314,false],"large":["https:\/\/apuntesdesanluis.com\/wp-content\/uploads\/2023\/09\/dos-2.png",543,314,false],"1536x1536":["https:\/\/apuntesdesanluis.com\/wp-content\/uploads\/2023\/09\/dos-2.png",543,314,false],"2048x2048":["https:\/\/apuntesdesanluis.com\/wp-content\/uploads\/2023\/09\/dos-2.png",543,314,false],"newsever-slider-full":["https:\/\/apuntesdesanluis.com\/wp-content\/uploads\/2023\/09\/dos-2.png",543,314,false],"newsever-featured":["https:\/\/apuntesdesanluis.com\/wp-content\/uploads\/2023\/09\/dos-2.png",543,314,false],"newsever-medium":["https:\/\/apuntesdesanluis.com\/wp-content\/uploads\/2023\/09\/dos-2.png",543,314,false]},"author_info":{"display_name":"apuntesdesanluis.com","author_link":"https:\/\/apuntesdesanluis.com\/index.php\/author\/apuntesdesanluis-com\/"},"category_info":"<a href=\"https:\/\/apuntesdesanluis.com\/index.php\/category\/ciudad-provincia\/\" rel=\"category tag\">Ciudad\/Provincia<\/a>","tag_info":"Ciudad\/Provincia","comment_count":"0","_links":{"self":[{"href":"https:\/\/apuntesdesanluis.com\/index.php\/wp-json\/wp\/v2\/posts\/3519","targetHints":{"allow":["GET"]}}],"collection":[{"href":"https:\/\/apuntesdesanluis.com\/index.php\/wp-json\/wp\/v2\/posts"}],"about":[{"href":"https:\/\/apuntesdesanluis.com\/index.php\/wp-json\/wp\/v2\/types\/post"}],"author":[{"embeddable":true,"href":"https:\/\/apuntesdesanluis.com\/index.php\/wp-json\/wp\/v2\/users\/1"}],"replies":[{"embeddable":true,"href":"https:\/\/apuntesdesanluis.com\/index.php\/wp-json\/wp\/v2\/comments?post=3519"}],"version-history":[{"count":1,"href":"https:\/\/apuntesdesanluis.com\/index.php\/wp-json\/wp\/v2\/posts\/3519\/revisions"}],"predecessor-version":[{"id":3522,"href":"https:\/\/apuntesdesanluis.com\/index.php\/wp-json\/wp\/v2\/posts\/3519\/revisions\/3522"}],"wp:featuredmedia":[{"embeddable":true,"href":"https:\/\/apuntesdesanluis.com\/index.php\/wp-json\/wp\/v2\/media\/3521"}],"wp:attachment":[{"href":"https:\/\/apuntesdesanluis.com\/index.php\/wp-json\/wp\/v2\/media?parent=3519"}],"wp:term":[{"taxonomy":"category","embeddable":true,"href":"https:\/\/apuntesdesanluis.com\/index.php\/wp-json\/wp\/v2\/categories?post=3519"},{"taxonomy":"post_tag","embeddable":true,"href":"https:\/\/apuntesdesanluis.com\/index.php\/wp-json\/wp\/v2\/tags?post=3519"}],"curies":[{"name":"wp","href":"https:\/\/api.w.org\/{rel}","templated":true}]}}