{"id":3562,"date":"2023-09-19T10:11:27","date_gmt":"2023-09-19T13:11:27","guid":{"rendered":"https:\/\/apuntesdesanluis.com\/?p=3562"},"modified":"2023-09-19T12:23:44","modified_gmt":"2023-09-19T15:23:44","slug":"la-comunidad-del-colegio-nacional-n-2-juan-esteban-pedernera-retorna-a-su-historico-edificio","status":"publish","type":"post","link":"https:\/\/apuntesdesanluis.com\/index.php\/2023\/09\/19\/la-comunidad-del-colegio-nacional-n-2-juan-esteban-pedernera-retorna-a-su-historico-edificio\/","title":{"rendered":"LA COMUNIDAD DEL COLEGIO NACIONAL N\u00b0 2 JUAN ESTEBAN PEDERNERA RETORNA A SU HIST\u00d3RICO EDIFICIO"},"content":{"rendered":"<h3>Atr\u00e1s quedaron las tristes im\u00e1genes de los destrozos que caus\u00f3 el terrible temporal del 26 de enero, sobre el hist\u00f3rico edificio de avenida Mitre, en Villa Mercedes.\u00a0 Este martes la Municipalidad puso a disposici\u00f3n camiones y empleados, quienes junto a padres, alumnos y personal del <strong>Colegio N\u00ba 2 &#8220;Juan Esteban Pedernera<\/strong>, unieron sus esfuerzos para comenzar la mudanza.<\/h3>\n<h3>El Ministerio de Obras P\u00fablicas e Infraestructura de la Provincia puso en marcha en febrero la reparaci\u00f3n total del inmueble, e incluso el Concejo Deliberante debi\u00f3 aprobar el reemplazo de los antiguos techos de teja por chapa, ya que est\u00e1 considerado patrimonio hist\u00f3rico y cultural de Villa Mercedes.<\/h3>\n<h3>El inicio del ciclo lectivo 2023 y las demoras en los trabajos, tambi\u00e9n provocaron que los padres y alumnos llevaran adelante manifestaciones de protesta, en desacuerdo adem\u00e1s con asistir a diferentes locaciones temporales. Hasta que surgi\u00f3 la posibilidad de alquilar el antiguo edificio que ocupara Edesal en calle Espa\u00f1a, entre Balcarce y Belgrano.<\/h3>\n<h3>Luego de casi 8 meses, los trabajos llegaron a su fin. \u201cLa uni\u00f3n hace la fuerza\u201d, dijo uno de los empleados municipales que participa de la mudanza, mientras ve\u00eda a padres, alumnos, personal de la instituci\u00f3n, hasta el fiscal municipal, cargando pupitres y sillas a los camiones que trasladaban el mobiliario al centenario edificio, patrimonio hist\u00f3rico de Villa Mercedes.<\/h3>\n<h3>\u201cPor fin volvemos a nuestra casa\u201d, dijo aliviada una alumna, con l\u00e1grimas en los ojos.<\/h3>\n<h3>El pr\u00f3ximo lunes 25 todo vuelve a la normalidad: el Colegio Nacional abrir\u00e1 sus puertas en su propio edificio totalmente reparado, para seguir escribiendo una parte importante de la historia de la educaci\u00f3n en nuestra ciudad.<\/h3>\n<div style=\"width: 640px;\" class=\"wp-video\"><!--[if lt IE 9]><script>document.createElement('video');<\/script><![endif]-->\n<video class=\"wp-video-shortcode\" id=\"video-3562-1\" width=\"640\" height=\"362\" preload=\"metadata\" controls=\"controls\"><source type=\"video\/mp4\" src=\"https:\/\/apuntesdesanluis.com\/wp-content\/uploads\/2023\/09\/WhatsApp-Video-2023-09-19-at-09.37.27.mp4?_=1\" \/><a href=\"https:\/\/apuntesdesanluis.com\/wp-content\/uploads\/2023\/09\/WhatsApp-Video-2023-09-19-at-09.37.27.mp4\">https:\/\/apuntesdesanluis.com\/wp-content\/uploads\/2023\/09\/WhatsApp-Video-2023-09-19-at-09.37.27.mp4<\/a><\/video><\/div>\n","protected":false},"excerpt":{"rendered":"<p>Atr\u00e1s quedaron las tristes im\u00e1genes de los destrozos que caus\u00f3 el terrible temporal del 26&#8230;<\/p>\n","protected":false},"author":1,"featured_media":3564,"comment_status":"closed","ping_status":"closed","sticky":false,"template":"","format":"standard","meta":{"footnotes":""},"categories":[6],"tags":[],"class_list":["post-3562","post","type-post","status-publish","format-standard","has-post-thumbnail","hentry","category-ciudad-provincia"],"yoast_head":"<!-- This site is optimized with the Yoast SEO plugin v26.1.1 - https:\/\/yoast.com\/wordpress\/plugins\/seo\/ -->\n<title>LA COMUNIDAD DEL COLEGIO NACIONAL N\u00b0 2 JUAN ESTEBAN PEDERNERA RETORNA A SU HIST\u00d3RICO EDIFICIO - Apuntes de San Luis<\/title>\n<meta name=\"robots\" content=\"index, follow, max-snippet:-1, max-image-preview:large, max-video-preview:-1\" \/>\n<link rel=\"canonical\" href=\"https:\/\/apuntesdesanluis.com\/index.php\/2023\/09\/19\/la-comunidad-del-colegio-nacional-n-2-juan-esteban-pedernera-retorna-a-su-historico-edificio\/\" \/>\n<meta property=\"og:locale\" content=\"es_ES\" \/>\n<meta property=\"og:type\" content=\"article\" \/>\n<meta property=\"og:title\" content=\"LA COMUNIDAD DEL COLEGIO NACIONAL N\u00b0 2 JUAN ESTEBAN PEDERNERA RETORNA A SU HIST\u00d3RICO EDIFICIO - Apuntes de San Luis\" \/>\n<meta property=\"og:description\" content=\"Atr\u00e1s quedaron las tristes im\u00e1genes de los destrozos que caus\u00f3 el terrible temporal del 26...\" \/>\n<meta property=\"og:url\" content=\"https:\/\/apuntesdesanluis.com\/index.php\/2023\/09\/19\/la-comunidad-del-colegio-nacional-n-2-juan-esteban-pedernera-retorna-a-su-historico-edificio\/\" \/>\n<meta property=\"og:site_name\" content=\"Apuntes de San Luis\" \/>\n<meta property=\"article:published_time\" content=\"2023-09-19T13:11:27+00:00\" \/>\n<meta property=\"article:modified_time\" content=\"2023-09-19T15:23:44+00:00\" \/>\n<meta property=\"og:image\" content=\"https:\/\/apuntesdesanluis.com\/wp-content\/uploads\/2023\/09\/5473aa20-68c6-4940-aa9c-776060d796c5.jpg\" \/>\n\t<meta property=\"og:image:width\" content=\"598\" \/>\n\t<meta property=\"og:image:height\" content=\"358\" \/>\n\t<meta property=\"og:image:type\" content=\"image\/jpeg\" \/>\n<meta name=\"author\" content=\"apuntesdesanluis.com\" \/>\n<meta name=\"twitter:card\" content=\"summary_large_image\" \/>\n<meta name=\"twitter:label1\" content=\"Escrito por\" \/>\n\t<meta name=\"twitter:data1\" content=\"apuntesdesanluis.com\" \/>\n\t<meta name=\"twitter:label2\" content=\"Tiempo de lectura\" \/>\n\t<meta name=\"twitter:data2\" content=\"2 minutos\" \/>\n<script type=\"application\/ld+json\" class=\"yoast-schema-graph\">{\"@context\":\"https:\/\/schema.org\",\"@graph\":[{\"@type\":\"Article\",\"@id\":\"https:\/\/apuntesdesanluis.com\/index.php\/2023\/09\/19\/la-comunidad-del-colegio-nacional-n-2-juan-esteban-pedernera-retorna-a-su-historico-edificio\/#article\",\"isPartOf\":{\"@id\":\"https:\/\/apuntesdesanluis.com\/index.php\/2023\/09\/19\/la-comunidad-del-colegio-nacional-n-2-juan-esteban-pedernera-retorna-a-su-historico-edificio\/\"},\"author\":{\"name\":\"apuntesdesanluis.com\",\"@id\":\"https:\/\/apuntesdesanluis.com\/#\/schema\/person\/b55151d52296fcce64d1a72538a70b90\"},\"headline\":\"LA COMUNIDAD DEL COLEGIO NACIONAL N\u00b0 2 JUAN ESTEBAN PEDERNERA RETORNA A SU HIST\u00d3RICO EDIFICIO\",\"datePublished\":\"2023-09-19T13:11:27+00:00\",\"dateModified\":\"2023-09-19T15:23:44+00:00\",\"mainEntityOfPage\":{\"@id\":\"https:\/\/apuntesdesanluis.com\/index.php\/2023\/09\/19\/la-comunidad-del-colegio-nacional-n-2-juan-esteban-pedernera-retorna-a-su-historico-edificio\/\"},\"wordCount\":311,\"publisher\":{\"@id\":\"https:\/\/apuntesdesanluis.com\/#\/schema\/person\/b55151d52296fcce64d1a72538a70b90\"},\"image\":{\"@id\":\"https:\/\/apuntesdesanluis.com\/index.php\/2023\/09\/19\/la-comunidad-del-colegio-nacional-n-2-juan-esteban-pedernera-retorna-a-su-historico-edificio\/#primaryimage\"},\"thumbnailUrl\":\"https:\/\/apuntesdesanluis.com\/wp-content\/uploads\/2023\/09\/5473aa20-68c6-4940-aa9c-776060d796c5.jpg\",\"articleSection\":[\"Ciudad\/Provincia\"],\"inLanguage\":\"es-AR\"},{\"@type\":\"WebPage\",\"@id\":\"https:\/\/apuntesdesanluis.com\/index.php\/2023\/09\/19\/la-comunidad-del-colegio-nacional-n-2-juan-esteban-pedernera-retorna-a-su-historico-edificio\/\",\"url\":\"https:\/\/apuntesdesanluis.com\/index.php\/2023\/09\/19\/la-comunidad-del-colegio-nacional-n-2-juan-esteban-pedernera-retorna-a-su-historico-edificio\/\",\"name\":\"LA COMUNIDAD DEL COLEGIO NACIONAL N\u00b0 2 JUAN ESTEBAN PEDERNERA RETORNA A SU HIST\u00d3RICO EDIFICIO - Apuntes de San Luis\",\"isPartOf\":{\"@id\":\"https:\/\/apuntesdesanluis.com\/#website\"},\"primaryImageOfPage\":{\"@id\":\"https:\/\/apuntesdesanluis.com\/index.php\/2023\/09\/19\/la-comunidad-del-colegio-nacional-n-2-juan-esteban-pedernera-retorna-a-su-historico-edificio\/#primaryimage\"},\"image\":{\"@id\":\"https:\/\/apuntesdesanluis.com\/index.php\/2023\/09\/19\/la-comunidad-del-colegio-nacional-n-2-juan-esteban-pedernera-retorna-a-su-historico-edificio\/#primaryimage\"},\"thumbnailUrl\":\"https:\/\/apuntesdesanluis.com\/wp-content\/uploads\/2023\/09\/5473aa20-68c6-4940-aa9c-776060d796c5.jpg\",\"datePublished\":\"2023-09-19T13:11:27+00:00\",\"dateModified\":\"2023-09-19T15:23:44+00:00\",\"breadcrumb\":{\"@id\":\"https:\/\/apuntesdesanluis.com\/index.php\/2023\/09\/19\/la-comunidad-del-colegio-nacional-n-2-juan-esteban-pedernera-retorna-a-su-historico-edificio\/#breadcrumb\"},\"inLanguage\":\"es-AR\",\"potentialAction\":[{\"@type\":\"ReadAction\",\"target\":[\"https:\/\/apuntesdesanluis.com\/index.php\/2023\/09\/19\/la-comunidad-del-colegio-nacional-n-2-juan-esteban-pedernera-retorna-a-su-historico-edificio\/\"]}]},{\"@type\":\"ImageObject\",\"inLanguage\":\"es-AR\",\"@id\":\"https:\/\/apuntesdesanluis.com\/index.php\/2023\/09\/19\/la-comunidad-del-colegio-nacional-n-2-juan-esteban-pedernera-retorna-a-su-historico-edificio\/#primaryimage\",\"url\":\"https:\/\/apuntesdesanluis.com\/wp-content\/uploads\/2023\/09\/5473aa20-68c6-4940-aa9c-776060d796c5.jpg\",\"contentUrl\":\"https:\/\/apuntesdesanluis.com\/wp-content\/uploads\/2023\/09\/5473aa20-68c6-4940-aa9c-776060d796c5.jpg\",\"width\":598,\"height\":358},{\"@type\":\"BreadcrumbList\",\"@id\":\"https:\/\/apuntesdesanluis.com\/index.php\/2023\/09\/19\/la-comunidad-del-colegio-nacional-n-2-juan-esteban-pedernera-retorna-a-su-historico-edificio\/#breadcrumb\",\"itemListElement\":[{\"@type\":\"ListItem\",\"position\":1,\"name\":\"Inicio\",\"item\":\"https:\/\/apuntesdesanluis.com\/\"},{\"@type\":\"ListItem\",\"position\":2,\"name\":\"LA COMUNIDAD DEL COLEGIO NACIONAL N\u00b0 2 JUAN ESTEBAN PEDERNERA RETORNA A SU HIST\u00d3RICO EDIFICIO\"}]},{\"@type\":\"WebSite\",\"@id\":\"https:\/\/apuntesdesanluis.com\/#website\",\"url\":\"https:\/\/apuntesdesanluis.com\/\",\"name\":\"Apuntes de San Luis\",\"description\":\"\",\"publisher\":{\"@id\":\"https:\/\/apuntesdesanluis.com\/#\/schema\/person\/b55151d52296fcce64d1a72538a70b90\"},\"potentialAction\":[{\"@type\":\"SearchAction\",\"target\":{\"@type\":\"EntryPoint\",\"urlTemplate\":\"https:\/\/apuntesdesanluis.com\/?s={search_term_string}\"},\"query-input\":{\"@type\":\"PropertyValueSpecification\",\"valueRequired\":true,\"valueName\":\"search_term_string\"}}],\"inLanguage\":\"es-AR\"},{\"@type\":[\"Person\",\"Organization\"],\"@id\":\"https:\/\/apuntesdesanluis.com\/#\/schema\/person\/b55151d52296fcce64d1a72538a70b90\",\"name\":\"apuntesdesanluis.com\",\"image\":{\"@type\":\"ImageObject\",\"inLanguage\":\"es-AR\",\"@id\":\"https:\/\/apuntesdesanluis.com\/#\/schema\/person\/image\/\",\"url\":\"https:\/\/apuntesdesanluis.com\/wp-content\/uploads\/2023\/07\/cropped-apuntesdesanluis.png\",\"contentUrl\":\"https:\/\/apuntesdesanluis.com\/wp-content\/uploads\/2023\/07\/cropped-apuntesdesanluis.png\",\"width\":450,\"height\":112,\"caption\":\"apuntesdesanluis.com\"},\"logo\":{\"@id\":\"https:\/\/apuntesdesanluis.com\/#\/schema\/person\/image\/\"},\"sameAs\":[\"https:\/\/apuntesdesanluis.com\"],\"url\":\"https:\/\/apuntesdesanluis.com\/index.php\/author\/apuntesdesanluis-com\/\"}]}<\/script>\n<!-- \/ Yoast SEO plugin. -->","yoast_head_json":{"title":"LA COMUNIDAD DEL COLEGIO NACIONAL N\u00b0 2 JUAN ESTEBAN PEDERNERA RETORNA A SU HIST\u00d3RICO EDIFICIO - Apuntes de San Luis","robots":{"index":"index","follow":"follow","max-snippet":"max-snippet:-1","max-image-preview":"max-image-preview:large","max-video-preview":"max-video-preview:-1"},"canonical":"https:\/\/apuntesdesanluis.com\/index.php\/2023\/09\/19\/la-comunidad-del-colegio-nacional-n-2-juan-esteban-pedernera-retorna-a-su-historico-edificio\/","og_locale":"es_ES","og_type":"article","og_title":"LA COMUNIDAD DEL COLEGIO NACIONAL N\u00b0 2 JUAN ESTEBAN PEDERNERA RETORNA A SU HIST\u00d3RICO EDIFICIO - Apuntes de San Luis","og_description":"Atr\u00e1s quedaron las tristes im\u00e1genes de los destrozos que caus\u00f3 el terrible temporal del 26...","og_url":"https:\/\/apuntesdesanluis.com\/index.php\/2023\/09\/19\/la-comunidad-del-colegio-nacional-n-2-juan-esteban-pedernera-retorna-a-su-historico-edificio\/","og_site_name":"Apuntes de San Luis","article_published_time":"2023-09-19T13:11:27+00:00","article_modified_time":"2023-09-19T15:23:44+00:00","og_image":[{"width":598,"height":358,"url":"https:\/\/apuntesdesanluis.com\/wp-content\/uploads\/2023\/09\/5473aa20-68c6-4940-aa9c-776060d796c5.jpg","type":"image\/jpeg"}],"author":"apuntesdesanluis.com","twitter_card":"summary_large_image","twitter_misc":{"Escrito por":"apuntesdesanluis.com","Tiempo de lectura":"2 minutos"},"schema":{"@context":"https:\/\/schema.org","@graph":[{"@type":"Article","@id":"https:\/\/apuntesdesanluis.com\/index.php\/2023\/09\/19\/la-comunidad-del-colegio-nacional-n-2-juan-esteban-pedernera-retorna-a-su-historico-edificio\/#article","isPartOf":{"@id":"https:\/\/apuntesdesanluis.com\/index.php\/2023\/09\/19\/la-comunidad-del-colegio-nacional-n-2-juan-esteban-pedernera-retorna-a-su-historico-edificio\/"},"author":{"name":"apuntesdesanluis.com","@id":"https:\/\/apuntesdesanluis.com\/#\/schema\/person\/b55151d52296fcce64d1a72538a70b90"},"headline":"LA COMUNIDAD DEL COLEGIO NACIONAL N\u00b0 2 JUAN ESTEBAN PEDERNERA RETORNA A SU HIST\u00d3RICO EDIFICIO","datePublished":"2023-09-19T13:11:27+00:00","dateModified":"2023-09-19T15:23:44+00:00","mainEntityOfPage":{"@id":"https:\/\/apuntesdesanluis.com\/index.php\/2023\/09\/19\/la-comunidad-del-colegio-nacional-n-2-juan-esteban-pedernera-retorna-a-su-historico-edificio\/"},"wordCount":311,"publisher":{"@id":"https:\/\/apuntesdesanluis.com\/#\/schema\/person\/b55151d52296fcce64d1a72538a70b90"},"image":{"@id":"https:\/\/apuntesdesanluis.com\/index.php\/2023\/09\/19\/la-comunidad-del-colegio-nacional-n-2-juan-esteban-pedernera-retorna-a-su-historico-edificio\/#primaryimage"},"thumbnailUrl":"https:\/\/apuntesdesanluis.com\/wp-content\/uploads\/2023\/09\/5473aa20-68c6-4940-aa9c-776060d796c5.jpg","articleSection":["Ciudad\/Provincia"],"inLanguage":"es-AR"},{"@type":"WebPage","@id":"https:\/\/apuntesdesanluis.com\/index.php\/2023\/09\/19\/la-comunidad-del-colegio-nacional-n-2-juan-esteban-pedernera-retorna-a-su-historico-edificio\/","url":"https:\/\/apuntesdesanluis.com\/index.php\/2023\/09\/19\/la-comunidad-del-colegio-nacional-n-2-juan-esteban-pedernera-retorna-a-su-historico-edificio\/","name":"LA COMUNIDAD DEL COLEGIO NACIONAL N\u00b0 2 JUAN ESTEBAN PEDERNERA RETORNA A SU HIST\u00d3RICO EDIFICIO - Apuntes de San Luis","isPartOf":{"@id":"https:\/\/apuntesdesanluis.com\/#website"},"primaryImageOfPage":{"@id":"https:\/\/apuntesdesanluis.com\/index.php\/2023\/09\/19\/la-comunidad-del-colegio-nacional-n-2-juan-esteban-pedernera-retorna-a-su-historico-edificio\/#primaryimage"},"image":{"@id":"https:\/\/apuntesdesanluis.com\/index.php\/2023\/09\/19\/la-comunidad-del-colegio-nacional-n-2-juan-esteban-pedernera-retorna-a-su-historico-edificio\/#primaryimage"},"thumbnailUrl":"https:\/\/apuntesdesanluis.com\/wp-content\/uploads\/2023\/09\/5473aa20-68c6-4940-aa9c-776060d796c5.jpg","datePublished":"2023-09-19T13:11:27+00:00","dateModified":"2023-09-19T15:23:44+00:00","breadcrumb":{"@id":"https:\/\/apuntesdesanluis.com\/index.php\/2023\/09\/19\/la-comunidad-del-colegio-nacional-n-2-juan-esteban-pedernera-retorna-a-su-historico-edificio\/#breadcrumb"},"inLanguage":"es-AR","potentialAction":[{"@type":"ReadAction","target":["https:\/\/apuntesdesanluis.com\/index.php\/2023\/09\/19\/la-comunidad-del-colegio-nacional-n-2-juan-esteban-pedernera-retorna-a-su-historico-edificio\/"]}]},{"@type":"ImageObject","inLanguage":"es-AR","@id":"https:\/\/apuntesdesanluis.com\/index.php\/2023\/09\/19\/la-comunidad-del-colegio-nacional-n-2-juan-esteban-pedernera-retorna-a-su-historico-edificio\/#primaryimage","url":"https:\/\/apuntesdesanluis.com\/wp-content\/uploads\/2023\/09\/5473aa20-68c6-4940-aa9c-776060d796c5.jpg","contentUrl":"https:\/\/apuntesdesanluis.com\/wp-content\/uploads\/2023\/09\/5473aa20-68c6-4940-aa9c-776060d796c5.jpg","width":598,"height":358},{"@type":"BreadcrumbList","@id":"https:\/\/apuntesdesanluis.com\/index.php\/2023\/09\/19\/la-comunidad-del-colegio-nacional-n-2-juan-esteban-pedernera-retorna-a-su-historico-edificio\/#breadcrumb","itemListElement":[{"@type":"ListItem","position":1,"name":"Inicio","item":"https:\/\/apuntesdesanluis.com\/"},{"@type":"ListItem","position":2,"name":"LA COMUNIDAD DEL COLEGIO NACIONAL N\u00b0 2 JUAN ESTEBAN PEDERNERA RETORNA A SU HIST\u00d3RICO EDIFICIO"}]},{"@type":"WebSite","@id":"https:\/\/apuntesdesanluis.com\/#website","url":"https:\/\/apuntesdesanluis.com\/","name":"Apuntes de San Luis","description":"","publisher":{"@id":"https:\/\/apuntesdesanluis.com\/#\/schema\/person\/b55151d52296fcce64d1a72538a70b90"},"potentialAction":[{"@type":"SearchAction","target":{"@type":"EntryPoint","urlTemplate":"https:\/\/apuntesdesanluis.com\/?s={search_term_string}"},"query-input":{"@type":"PropertyValueSpecification","valueRequired":true,"valueName":"search_term_string"}}],"inLanguage":"es-AR"},{"@type":["Person","Organization"],"@id":"https:\/\/apuntesdesanluis.com\/#\/schema\/person\/b55151d52296fcce64d1a72538a70b90","name":"apuntesdesanluis.com","image":{"@type":"ImageObject","inLanguage":"es-AR","@id":"https:\/\/apuntesdesanluis.com\/#\/schema\/person\/image\/","url":"https:\/\/apuntesdesanluis.com\/wp-content\/uploads\/2023\/07\/cropped-apuntesdesanluis.png","contentUrl":"https:\/\/apuntesdesanluis.com\/wp-content\/uploads\/2023\/07\/cropped-apuntesdesanluis.png","width":450,"height":112,"caption":"apuntesdesanluis.com"},"logo":{"@id":"https:\/\/apuntesdesanluis.com\/#\/schema\/person\/image\/"},"sameAs":["https:\/\/apuntesdesanluis.com"],"url":"https:\/\/apuntesdesanluis.com\/index.php\/author\/apuntesdesanluis-com\/"}]}},"featured_image_urls":{"full":["https:\/\/apuntesdesanluis.com\/wp-content\/uploads\/2023\/09\/5473aa20-68c6-4940-aa9c-776060d796c5.jpg",598,358,false],"thumbnail":["https:\/\/apuntesdesanluis.com\/wp-content\/uploads\/2023\/09\/5473aa20-68c6-4940-aa9c-776060d796c5-150x150.jpg",150,150,true],"medium":["https:\/\/apuntesdesanluis.com\/wp-content\/uploads\/2023\/09\/5473aa20-68c6-4940-aa9c-776060d796c5-300x180.jpg",300,180,true],"medium_large":["https:\/\/apuntesdesanluis.com\/wp-content\/uploads\/2023\/09\/5473aa20-68c6-4940-aa9c-776060d796c5.jpg",598,358,false],"large":["https:\/\/apuntesdesanluis.com\/wp-content\/uploads\/2023\/09\/5473aa20-68c6-4940-aa9c-776060d796c5.jpg",598,358,false],"1536x1536":["https:\/\/apuntesdesanluis.com\/wp-content\/uploads\/2023\/09\/5473aa20-68c6-4940-aa9c-776060d796c5.jpg",598,358,false],"2048x2048":["https:\/\/apuntesdesanluis.com\/wp-content\/uploads\/2023\/09\/5473aa20-68c6-4940-aa9c-776060d796c5.jpg",598,358,false],"newsever-slider-full":["https:\/\/apuntesdesanluis.com\/wp-content\/uploads\/2023\/09\/5473aa20-68c6-4940-aa9c-776060d796c5.jpg",598,358,false],"newsever-featured":["https:\/\/apuntesdesanluis.com\/wp-content\/uploads\/2023\/09\/5473aa20-68c6-4940-aa9c-776060d796c5.jpg",598,358,false],"newsever-medium":["https:\/\/apuntesdesanluis.com\/wp-content\/uploads\/2023\/09\/5473aa20-68c6-4940-aa9c-776060d796c5.jpg",598,358,false]},"author_info":{"display_name":"apuntesdesanluis.com","author_link":"https:\/\/apuntesdesanluis.com\/index.php\/author\/apuntesdesanluis-com\/"},"category_info":"<a href=\"https:\/\/apuntesdesanluis.com\/index.php\/category\/ciudad-provincia\/\" rel=\"category tag\">Ciudad\/Provincia<\/a>","tag_info":"Ciudad\/Provincia","comment_count":"0","_links":{"self":[{"href":"https:\/\/apuntesdesanluis.com\/index.php\/wp-json\/wp\/v2\/posts\/3562","targetHints":{"allow":["GET"]}}],"collection":[{"href":"https:\/\/apuntesdesanluis.com\/index.php\/wp-json\/wp\/v2\/posts"}],"about":[{"href":"https:\/\/apuntesdesanluis.com\/index.php\/wp-json\/wp\/v2\/types\/post"}],"author":[{"embeddable":true,"href":"https:\/\/apuntesdesanluis.com\/index.php\/wp-json\/wp\/v2\/users\/1"}],"replies":[{"embeddable":true,"href":"https:\/\/apuntesdesanluis.com\/index.php\/wp-json\/wp\/v2\/comments?post=3562"}],"version-history":[{"count":3,"href":"https:\/\/apuntesdesanluis.com\/index.php\/wp-json\/wp\/v2\/posts\/3562\/revisions"}],"predecessor-version":[{"id":3567,"href":"https:\/\/apuntesdesanluis.com\/index.php\/wp-json\/wp\/v2\/posts\/3562\/revisions\/3567"}],"wp:featuredmedia":[{"embeddable":true,"href":"https:\/\/apuntesdesanluis.com\/index.php\/wp-json\/wp\/v2\/media\/3564"}],"wp:attachment":[{"href":"https:\/\/apuntesdesanluis.com\/index.php\/wp-json\/wp\/v2\/media?parent=3562"}],"wp:term":[{"taxonomy":"category","embeddable":true,"href":"https:\/\/apuntesdesanluis.com\/index.php\/wp-json\/wp\/v2\/categories?post=3562"},{"taxonomy":"post_tag","embeddable":true,"href":"https:\/\/apuntesdesanluis.com\/index.php\/wp-json\/wp\/v2\/tags?post=3562"}],"curies":[{"name":"wp","href":"https:\/\/api.w.org\/{rel}","templated":true}]}}