{"id":3583,"date":"2023-09-19T20:00:25","date_gmt":"2023-09-19T23:00:25","guid":{"rendered":"https:\/\/apuntesdesanluis.com\/?p=3583"},"modified":"2023-09-19T20:03:39","modified_gmt":"2023-09-19T23:03:39","slug":"con-este-40-resolvemos-en-gran-parte-la-perdida-de-poder-adquisitivo-dijo-jose-ucelay","status":"publish","type":"post","link":"https:\/\/apuntesdesanluis.com\/index.php\/2023\/09\/19\/con-este-40-resolvemos-en-gran-parte-la-perdida-de-poder-adquisitivo-dijo-jose-ucelay\/","title":{"rendered":"\u201cCON ESTE 40% RESOLVEMOS EN GRAN PARTE LA P\u00c9RDIDA DE PODER ADQUISITIVO\u201d, DIJO JOS\u00c9 UCELAY"},"content":{"rendered":"<h3 class=\"yiv7409174924ydp6329976emsonormal\" style=\"text-align: justify; background: white;\"><span style=\"font-family: 'Arial','sans-serif'; color: #1d2228;\">El Secretario General del Sindicato de Trabajadores de Obras Sanitarias Mercedes, <strong>Jos\u00e9 Ucelay<\/strong>, expres\u00f3 su benepl\u00e1cito por el aumento dispuesto en el orden municipal por el intendente Maximiliano Frontera, el cual es extensivo hacia los trabajadores de Obras Sanitarias Mercedes, porque \u201cpermite compensar en parte la p\u00e9dida del poder adquisitivo de los salarios producto de la inflaci\u00f3n\u201d.<\/span><\/h3>\n<h3 class=\"yiv7409174924ydp6329976emsonormal\" style=\"text-align: justify; background: white;\"><span style=\"font-family: 'Arial','sans-serif'; color: #1d2228;\">\u201cVemos que hay un compromiso pol\u00edtico en sostener los sueldos. Para nosotros esta noticia nos tranquiliza, hemos visto en nuestros compa\u00f1eros un cambio inmediato en su actitud, en su autoestima. Creo que es una situaci\u00f3n que proyectada hacia adelante, nos da 45 o 60 d\u00edas para seguir discutiendo c\u00f3mo mantenemos el salario\u201d, aunque advirti\u00f3 su preocupaci\u00f3n por lo ocurrido en Justo Daract, \u201cdonde el pasante empieza a cobrar $300.000 mientras el trabajador municipal o de Obras Sanitarias percibe $180.000\u201d. Ya hemos hecho el reclamo ante el Programa de Relaciones Laborales, para que el piso all\u00ed tambi\u00e9n sea de 300 mil\u201d, precis\u00f3.<\/span><\/h3>\n<h3 class=\"yiv7409174924ydp6329976emsonormal\" style=\"text-align: justify; background: white;\"><span style=\"font-family: 'Arial','sans-serif'; color: #1d2228;\">En di\u00e1logo con <strong>Apuntes de San Luis<\/strong>, el dirigente sanitarista calific\u00f3 los anuncios del gobernador con respecto al Plan de Inclusi\u00f3n Social como \u201cun acto de suma justicia social\u201d.<\/span><\/h3>\n<h3 class=\"yiv7409174924ydp6329976emsonormal\" style=\"text-align: justify; background: white;\"><span style=\"font-family: 'Arial','sans-serif'; color: #1d2228;\">Tras destacar haber \u201crecompuesto el di\u00e1logo entre el sindicato y la empresa Obras Sanitarias\u201d, a partir de haber cedido cada uno un poco, expres\u00f3 su deseo de que esta sea la \u201cplataforma para aunar criterios y comenzar una etapa en consenso para encontrar las soluciones a los distintos problemas\u201d.<\/span><\/h3>\n<h3 class=\"yiv7409174924ydp6329976emsonormal\" style=\"text-align: justify; background: white;\"><span style=\"font-family: 'Arial','sans-serif'; color: #1d2228;\">\u201cDurante el presente a\u00f1o a partir del di\u00e1logo hemos podido ir resolviendo problemas muy profundos que conciernen a los compa\u00f1eros, a\u00fan nos falta resolver otros, pero todo indica que si no nos equivocamos vamos a poder estar m\u00e1s tranquilos y mejor, en cuanto al \u00e1nimo social dentro de la empresa\u201d, concluy\u00f3.<\/span><\/h3>\n<p>&nbsp;<\/p>\n<!--[if lt IE 9]><script>document.createElement('audio');<\/script><![endif]-->\n<audio class=\"wp-audio-shortcode\" id=\"audio-3583-1\" preload=\"none\" style=\"width: 100%;\" controls=\"controls\"><source type=\"audio\/ogg\" src=\"https:\/\/apuntesdesanluis.com\/wp-content\/uploads\/2023\/09\/Audio-de-WhatsApp-2023-09-19-a-las-10.17.17.waptt_.ogg?_=1\" \/><a href=\"https:\/\/apuntesdesanluis.com\/wp-content\/uploads\/2023\/09\/Audio-de-WhatsApp-2023-09-19-a-las-10.17.17.waptt_.ogg\">https:\/\/apuntesdesanluis.com\/wp-content\/uploads\/2023\/09\/Audio-de-WhatsApp-2023-09-19-a-las-10.17.17.waptt_.ogg<\/a><\/audio>\n<p>&nbsp;<\/p>\n<p>&nbsp;<\/p>\n","protected":false},"excerpt":{"rendered":"<p>El Secretario General del Sindicato de Trabajadores de Obras Sanitarias Mercedes, Jos\u00e9 Ucelay, expres\u00f3 su&#8230;<\/p>\n","protected":false},"author":1,"featured_media":3584,"comment_status":"closed","ping_status":"closed","sticky":false,"template":"","format":"standard","meta":{"footnotes":""},"categories":[6],"tags":[],"class_list":["post-3583","post","type-post","status-publish","format-standard","has-post-thumbnail","hentry","category-ciudad-provincia"],"yoast_head":"<!-- This site is optimized with the Yoast SEO plugin v26.1.1 - https:\/\/yoast.com\/wordpress\/plugins\/seo\/ -->\n<title>\u201cCON ESTE 40% RESOLVEMOS EN GRAN PARTE LA P\u00c9RDIDA DE PODER ADQUISITIVO\u201d, DIJO JOS\u00c9 UCELAY - Apuntes de San Luis<\/title>\n<meta name=\"robots\" content=\"index, follow, max-snippet:-1, max-image-preview:large, max-video-preview:-1\" \/>\n<link rel=\"canonical\" href=\"https:\/\/apuntesdesanluis.com\/index.php\/2023\/09\/19\/con-este-40-resolvemos-en-gran-parte-la-perdida-de-poder-adquisitivo-dijo-jose-ucelay\/\" \/>\n<meta property=\"og:locale\" content=\"es_ES\" \/>\n<meta property=\"og:type\" content=\"article\" \/>\n<meta property=\"og:title\" content=\"\u201cCON ESTE 40% RESOLVEMOS EN GRAN PARTE LA P\u00c9RDIDA DE PODER ADQUISITIVO\u201d, DIJO JOS\u00c9 UCELAY - Apuntes de San Luis\" \/>\n<meta property=\"og:description\" content=\"El Secretario General del Sindicato de Trabajadores de Obras Sanitarias Mercedes, Jos\u00e9 Ucelay, expres\u00f3 su...\" \/>\n<meta property=\"og:url\" content=\"https:\/\/apuntesdesanluis.com\/index.php\/2023\/09\/19\/con-este-40-resolvemos-en-gran-parte-la-perdida-de-poder-adquisitivo-dijo-jose-ucelay\/\" \/>\n<meta property=\"og:site_name\" content=\"Apuntes de San Luis\" \/>\n<meta property=\"article:published_time\" content=\"2023-09-19T23:00:25+00:00\" \/>\n<meta property=\"article:modified_time\" content=\"2023-09-19T23:03:39+00:00\" \/>\n<meta property=\"og:image\" content=\"https:\/\/apuntesdesanluis.com\/wp-content\/uploads\/2023\/09\/tanque-obras-sanitarias.jpg\" \/>\n\t<meta property=\"og:image:width\" content=\"531\" \/>\n\t<meta property=\"og:image:height\" content=\"314\" \/>\n\t<meta property=\"og:image:type\" content=\"image\/jpeg\" \/>\n<meta name=\"author\" content=\"apuntesdesanluis.com\" \/>\n<meta name=\"twitter:card\" content=\"summary_large_image\" \/>\n<meta name=\"twitter:label1\" content=\"Escrito por\" \/>\n\t<meta name=\"twitter:data1\" content=\"apuntesdesanluis.com\" \/>\n\t<meta name=\"twitter:label2\" content=\"Tiempo de lectura\" \/>\n\t<meta name=\"twitter:data2\" content=\"2 minutos\" \/>\n<script type=\"application\/ld+json\" class=\"yoast-schema-graph\">{\"@context\":\"https:\/\/schema.org\",\"@graph\":[{\"@type\":\"Article\",\"@id\":\"https:\/\/apuntesdesanluis.com\/index.php\/2023\/09\/19\/con-este-40-resolvemos-en-gran-parte-la-perdida-de-poder-adquisitivo-dijo-jose-ucelay\/#article\",\"isPartOf\":{\"@id\":\"https:\/\/apuntesdesanluis.com\/index.php\/2023\/09\/19\/con-este-40-resolvemos-en-gran-parte-la-perdida-de-poder-adquisitivo-dijo-jose-ucelay\/\"},\"author\":{\"name\":\"apuntesdesanluis.com\",\"@id\":\"https:\/\/apuntesdesanluis.com\/#\/schema\/person\/b55151d52296fcce64d1a72538a70b90\"},\"headline\":\"\u201cCON ESTE 40% RESOLVEMOS EN GRAN PARTE LA P\u00c9RDIDA DE PODER ADQUISITIVO\u201d, DIJO JOS\u00c9 UCELAY\",\"datePublished\":\"2023-09-19T23:00:25+00:00\",\"dateModified\":\"2023-09-19T23:03:39+00:00\",\"mainEntityOfPage\":{\"@id\":\"https:\/\/apuntesdesanluis.com\/index.php\/2023\/09\/19\/con-este-40-resolvemos-en-gran-parte-la-perdida-de-poder-adquisitivo-dijo-jose-ucelay\/\"},\"wordCount\":332,\"publisher\":{\"@id\":\"https:\/\/apuntesdesanluis.com\/#\/schema\/person\/b55151d52296fcce64d1a72538a70b90\"},\"image\":{\"@id\":\"https:\/\/apuntesdesanluis.com\/index.php\/2023\/09\/19\/con-este-40-resolvemos-en-gran-parte-la-perdida-de-poder-adquisitivo-dijo-jose-ucelay\/#primaryimage\"},\"thumbnailUrl\":\"https:\/\/apuntesdesanluis.com\/wp-content\/uploads\/2023\/09\/tanque-obras-sanitarias.jpg\",\"articleSection\":[\"Ciudad\/Provincia\"],\"inLanguage\":\"es-AR\"},{\"@type\":\"WebPage\",\"@id\":\"https:\/\/apuntesdesanluis.com\/index.php\/2023\/09\/19\/con-este-40-resolvemos-en-gran-parte-la-perdida-de-poder-adquisitivo-dijo-jose-ucelay\/\",\"url\":\"https:\/\/apuntesdesanluis.com\/index.php\/2023\/09\/19\/con-este-40-resolvemos-en-gran-parte-la-perdida-de-poder-adquisitivo-dijo-jose-ucelay\/\",\"name\":\"\u201cCON ESTE 40% RESOLVEMOS EN GRAN PARTE LA P\u00c9RDIDA DE PODER ADQUISITIVO\u201d, DIJO JOS\u00c9 UCELAY - Apuntes de San Luis\",\"isPartOf\":{\"@id\":\"https:\/\/apuntesdesanluis.com\/#website\"},\"primaryImageOfPage\":{\"@id\":\"https:\/\/apuntesdesanluis.com\/index.php\/2023\/09\/19\/con-este-40-resolvemos-en-gran-parte-la-perdida-de-poder-adquisitivo-dijo-jose-ucelay\/#primaryimage\"},\"image\":{\"@id\":\"https:\/\/apuntesdesanluis.com\/index.php\/2023\/09\/19\/con-este-40-resolvemos-en-gran-parte-la-perdida-de-poder-adquisitivo-dijo-jose-ucelay\/#primaryimage\"},\"thumbnailUrl\":\"https:\/\/apuntesdesanluis.com\/wp-content\/uploads\/2023\/09\/tanque-obras-sanitarias.jpg\",\"datePublished\":\"2023-09-19T23:00:25+00:00\",\"dateModified\":\"2023-09-19T23:03:39+00:00\",\"breadcrumb\":{\"@id\":\"https:\/\/apuntesdesanluis.com\/index.php\/2023\/09\/19\/con-este-40-resolvemos-en-gran-parte-la-perdida-de-poder-adquisitivo-dijo-jose-ucelay\/#breadcrumb\"},\"inLanguage\":\"es-AR\",\"potentialAction\":[{\"@type\":\"ReadAction\",\"target\":[\"https:\/\/apuntesdesanluis.com\/index.php\/2023\/09\/19\/con-este-40-resolvemos-en-gran-parte-la-perdida-de-poder-adquisitivo-dijo-jose-ucelay\/\"]}]},{\"@type\":\"ImageObject\",\"inLanguage\":\"es-AR\",\"@id\":\"https:\/\/apuntesdesanluis.com\/index.php\/2023\/09\/19\/con-este-40-resolvemos-en-gran-parte-la-perdida-de-poder-adquisitivo-dijo-jose-ucelay\/#primaryimage\",\"url\":\"https:\/\/apuntesdesanluis.com\/wp-content\/uploads\/2023\/09\/tanque-obras-sanitarias.jpg\",\"contentUrl\":\"https:\/\/apuntesdesanluis.com\/wp-content\/uploads\/2023\/09\/tanque-obras-sanitarias.jpg\",\"width\":531,\"height\":314},{\"@type\":\"BreadcrumbList\",\"@id\":\"https:\/\/apuntesdesanluis.com\/index.php\/2023\/09\/19\/con-este-40-resolvemos-en-gran-parte-la-perdida-de-poder-adquisitivo-dijo-jose-ucelay\/#breadcrumb\",\"itemListElement\":[{\"@type\":\"ListItem\",\"position\":1,\"name\":\"Inicio\",\"item\":\"https:\/\/apuntesdesanluis.com\/\"},{\"@type\":\"ListItem\",\"position\":2,\"name\":\"\u201cCON ESTE 40% RESOLVEMOS EN GRAN PARTE LA P\u00c9RDIDA DE PODER ADQUISITIVO\u201d, DIJO JOS\u00c9 UCELAY\"}]},{\"@type\":\"WebSite\",\"@id\":\"https:\/\/apuntesdesanluis.com\/#website\",\"url\":\"https:\/\/apuntesdesanluis.com\/\",\"name\":\"Apuntes de San Luis\",\"description\":\"\",\"publisher\":{\"@id\":\"https:\/\/apuntesdesanluis.com\/#\/schema\/person\/b55151d52296fcce64d1a72538a70b90\"},\"potentialAction\":[{\"@type\":\"SearchAction\",\"target\":{\"@type\":\"EntryPoint\",\"urlTemplate\":\"https:\/\/apuntesdesanluis.com\/?s={search_term_string}\"},\"query-input\":{\"@type\":\"PropertyValueSpecification\",\"valueRequired\":true,\"valueName\":\"search_term_string\"}}],\"inLanguage\":\"es-AR\"},{\"@type\":[\"Person\",\"Organization\"],\"@id\":\"https:\/\/apuntesdesanluis.com\/#\/schema\/person\/b55151d52296fcce64d1a72538a70b90\",\"name\":\"apuntesdesanluis.com\",\"image\":{\"@type\":\"ImageObject\",\"inLanguage\":\"es-AR\",\"@id\":\"https:\/\/apuntesdesanluis.com\/#\/schema\/person\/image\/\",\"url\":\"https:\/\/apuntesdesanluis.com\/wp-content\/uploads\/2023\/07\/cropped-apuntesdesanluis.png\",\"contentUrl\":\"https:\/\/apuntesdesanluis.com\/wp-content\/uploads\/2023\/07\/cropped-apuntesdesanluis.png\",\"width\":450,\"height\":112,\"caption\":\"apuntesdesanluis.com\"},\"logo\":{\"@id\":\"https:\/\/apuntesdesanluis.com\/#\/schema\/person\/image\/\"},\"sameAs\":[\"https:\/\/apuntesdesanluis.com\"],\"url\":\"https:\/\/apuntesdesanluis.com\/index.php\/author\/apuntesdesanluis-com\/\"}]}<\/script>\n<!-- \/ Yoast SEO plugin. -->","yoast_head_json":{"title":"\u201cCON ESTE 40% RESOLVEMOS EN GRAN PARTE LA P\u00c9RDIDA DE PODER ADQUISITIVO\u201d, DIJO JOS\u00c9 UCELAY - Apuntes de San Luis","robots":{"index":"index","follow":"follow","max-snippet":"max-snippet:-1","max-image-preview":"max-image-preview:large","max-video-preview":"max-video-preview:-1"},"canonical":"https:\/\/apuntesdesanluis.com\/index.php\/2023\/09\/19\/con-este-40-resolvemos-en-gran-parte-la-perdida-de-poder-adquisitivo-dijo-jose-ucelay\/","og_locale":"es_ES","og_type":"article","og_title":"\u201cCON ESTE 40% RESOLVEMOS EN GRAN PARTE LA P\u00c9RDIDA DE PODER ADQUISITIVO\u201d, DIJO JOS\u00c9 UCELAY - Apuntes de San Luis","og_description":"El Secretario General del Sindicato de Trabajadores de Obras Sanitarias Mercedes, Jos\u00e9 Ucelay, expres\u00f3 su...","og_url":"https:\/\/apuntesdesanluis.com\/index.php\/2023\/09\/19\/con-este-40-resolvemos-en-gran-parte-la-perdida-de-poder-adquisitivo-dijo-jose-ucelay\/","og_site_name":"Apuntes de San Luis","article_published_time":"2023-09-19T23:00:25+00:00","article_modified_time":"2023-09-19T23:03:39+00:00","og_image":[{"width":531,"height":314,"url":"https:\/\/apuntesdesanluis.com\/wp-content\/uploads\/2023\/09\/tanque-obras-sanitarias.jpg","type":"image\/jpeg"}],"author":"apuntesdesanluis.com","twitter_card":"summary_large_image","twitter_misc":{"Escrito por":"apuntesdesanluis.com","Tiempo de lectura":"2 minutos"},"schema":{"@context":"https:\/\/schema.org","@graph":[{"@type":"Article","@id":"https:\/\/apuntesdesanluis.com\/index.php\/2023\/09\/19\/con-este-40-resolvemos-en-gran-parte-la-perdida-de-poder-adquisitivo-dijo-jose-ucelay\/#article","isPartOf":{"@id":"https:\/\/apuntesdesanluis.com\/index.php\/2023\/09\/19\/con-este-40-resolvemos-en-gran-parte-la-perdida-de-poder-adquisitivo-dijo-jose-ucelay\/"},"author":{"name":"apuntesdesanluis.com","@id":"https:\/\/apuntesdesanluis.com\/#\/schema\/person\/b55151d52296fcce64d1a72538a70b90"},"headline":"\u201cCON ESTE 40% RESOLVEMOS EN GRAN PARTE LA P\u00c9RDIDA DE PODER ADQUISITIVO\u201d, DIJO JOS\u00c9 UCELAY","datePublished":"2023-09-19T23:00:25+00:00","dateModified":"2023-09-19T23:03:39+00:00","mainEntityOfPage":{"@id":"https:\/\/apuntesdesanluis.com\/index.php\/2023\/09\/19\/con-este-40-resolvemos-en-gran-parte-la-perdida-de-poder-adquisitivo-dijo-jose-ucelay\/"},"wordCount":332,"publisher":{"@id":"https:\/\/apuntesdesanluis.com\/#\/schema\/person\/b55151d52296fcce64d1a72538a70b90"},"image":{"@id":"https:\/\/apuntesdesanluis.com\/index.php\/2023\/09\/19\/con-este-40-resolvemos-en-gran-parte-la-perdida-de-poder-adquisitivo-dijo-jose-ucelay\/#primaryimage"},"thumbnailUrl":"https:\/\/apuntesdesanluis.com\/wp-content\/uploads\/2023\/09\/tanque-obras-sanitarias.jpg","articleSection":["Ciudad\/Provincia"],"inLanguage":"es-AR"},{"@type":"WebPage","@id":"https:\/\/apuntesdesanluis.com\/index.php\/2023\/09\/19\/con-este-40-resolvemos-en-gran-parte-la-perdida-de-poder-adquisitivo-dijo-jose-ucelay\/","url":"https:\/\/apuntesdesanluis.com\/index.php\/2023\/09\/19\/con-este-40-resolvemos-en-gran-parte-la-perdida-de-poder-adquisitivo-dijo-jose-ucelay\/","name":"\u201cCON ESTE 40% RESOLVEMOS EN GRAN PARTE LA P\u00c9RDIDA DE PODER ADQUISITIVO\u201d, DIJO JOS\u00c9 UCELAY - Apuntes de San Luis","isPartOf":{"@id":"https:\/\/apuntesdesanluis.com\/#website"},"primaryImageOfPage":{"@id":"https:\/\/apuntesdesanluis.com\/index.php\/2023\/09\/19\/con-este-40-resolvemos-en-gran-parte-la-perdida-de-poder-adquisitivo-dijo-jose-ucelay\/#primaryimage"},"image":{"@id":"https:\/\/apuntesdesanluis.com\/index.php\/2023\/09\/19\/con-este-40-resolvemos-en-gran-parte-la-perdida-de-poder-adquisitivo-dijo-jose-ucelay\/#primaryimage"},"thumbnailUrl":"https:\/\/apuntesdesanluis.com\/wp-content\/uploads\/2023\/09\/tanque-obras-sanitarias.jpg","datePublished":"2023-09-19T23:00:25+00:00","dateModified":"2023-09-19T23:03:39+00:00","breadcrumb":{"@id":"https:\/\/apuntesdesanluis.com\/index.php\/2023\/09\/19\/con-este-40-resolvemos-en-gran-parte-la-perdida-de-poder-adquisitivo-dijo-jose-ucelay\/#breadcrumb"},"inLanguage":"es-AR","potentialAction":[{"@type":"ReadAction","target":["https:\/\/apuntesdesanluis.com\/index.php\/2023\/09\/19\/con-este-40-resolvemos-en-gran-parte-la-perdida-de-poder-adquisitivo-dijo-jose-ucelay\/"]}]},{"@type":"ImageObject","inLanguage":"es-AR","@id":"https:\/\/apuntesdesanluis.com\/index.php\/2023\/09\/19\/con-este-40-resolvemos-en-gran-parte-la-perdida-de-poder-adquisitivo-dijo-jose-ucelay\/#primaryimage","url":"https:\/\/apuntesdesanluis.com\/wp-content\/uploads\/2023\/09\/tanque-obras-sanitarias.jpg","contentUrl":"https:\/\/apuntesdesanluis.com\/wp-content\/uploads\/2023\/09\/tanque-obras-sanitarias.jpg","width":531,"height":314},{"@type":"BreadcrumbList","@id":"https:\/\/apuntesdesanluis.com\/index.php\/2023\/09\/19\/con-este-40-resolvemos-en-gran-parte-la-perdida-de-poder-adquisitivo-dijo-jose-ucelay\/#breadcrumb","itemListElement":[{"@type":"ListItem","position":1,"name":"Inicio","item":"https:\/\/apuntesdesanluis.com\/"},{"@type":"ListItem","position":2,"name":"\u201cCON ESTE 40% RESOLVEMOS EN GRAN PARTE LA P\u00c9RDIDA DE PODER ADQUISITIVO\u201d, DIJO JOS\u00c9 UCELAY"}]},{"@type":"WebSite","@id":"https:\/\/apuntesdesanluis.com\/#website","url":"https:\/\/apuntesdesanluis.com\/","name":"Apuntes de San Luis","description":"","publisher":{"@id":"https:\/\/apuntesdesanluis.com\/#\/schema\/person\/b55151d52296fcce64d1a72538a70b90"},"potentialAction":[{"@type":"SearchAction","target":{"@type":"EntryPoint","urlTemplate":"https:\/\/apuntesdesanluis.com\/?s={search_term_string}"},"query-input":{"@type":"PropertyValueSpecification","valueRequired":true,"valueName":"search_term_string"}}],"inLanguage":"es-AR"},{"@type":["Person","Organization"],"@id":"https:\/\/apuntesdesanluis.com\/#\/schema\/person\/b55151d52296fcce64d1a72538a70b90","name":"apuntesdesanluis.com","image":{"@type":"ImageObject","inLanguage":"es-AR","@id":"https:\/\/apuntesdesanluis.com\/#\/schema\/person\/image\/","url":"https:\/\/apuntesdesanluis.com\/wp-content\/uploads\/2023\/07\/cropped-apuntesdesanluis.png","contentUrl":"https:\/\/apuntesdesanluis.com\/wp-content\/uploads\/2023\/07\/cropped-apuntesdesanluis.png","width":450,"height":112,"caption":"apuntesdesanluis.com"},"logo":{"@id":"https:\/\/apuntesdesanluis.com\/#\/schema\/person\/image\/"},"sameAs":["https:\/\/apuntesdesanluis.com"],"url":"https:\/\/apuntesdesanluis.com\/index.php\/author\/apuntesdesanluis-com\/"}]}},"featured_image_urls":{"full":["https:\/\/apuntesdesanluis.com\/wp-content\/uploads\/2023\/09\/tanque-obras-sanitarias.jpg",531,314,false],"thumbnail":["https:\/\/apuntesdesanluis.com\/wp-content\/uploads\/2023\/09\/tanque-obras-sanitarias-150x150.jpg",150,150,true],"medium":["https:\/\/apuntesdesanluis.com\/wp-content\/uploads\/2023\/09\/tanque-obras-sanitarias-300x177.jpg",300,177,true],"medium_large":["https:\/\/apuntesdesanluis.com\/wp-content\/uploads\/2023\/09\/tanque-obras-sanitarias.jpg",531,314,false],"large":["https:\/\/apuntesdesanluis.com\/wp-content\/uploads\/2023\/09\/tanque-obras-sanitarias.jpg",531,314,false],"1536x1536":["https:\/\/apuntesdesanluis.com\/wp-content\/uploads\/2023\/09\/tanque-obras-sanitarias.jpg",531,314,false],"2048x2048":["https:\/\/apuntesdesanluis.com\/wp-content\/uploads\/2023\/09\/tanque-obras-sanitarias.jpg",531,314,false],"newsever-slider-full":["https:\/\/apuntesdesanluis.com\/wp-content\/uploads\/2023\/09\/tanque-obras-sanitarias.jpg",531,314,false],"newsever-featured":["https:\/\/apuntesdesanluis.com\/wp-content\/uploads\/2023\/09\/tanque-obras-sanitarias.jpg",531,314,false],"newsever-medium":["https:\/\/apuntesdesanluis.com\/wp-content\/uploads\/2023\/09\/tanque-obras-sanitarias.jpg",531,314,false]},"author_info":{"display_name":"apuntesdesanluis.com","author_link":"https:\/\/apuntesdesanluis.com\/index.php\/author\/apuntesdesanluis-com\/"},"category_info":"<a href=\"https:\/\/apuntesdesanluis.com\/index.php\/category\/ciudad-provincia\/\" rel=\"category tag\">Ciudad\/Provincia<\/a>","tag_info":"Ciudad\/Provincia","comment_count":"0","_links":{"self":[{"href":"https:\/\/apuntesdesanluis.com\/index.php\/wp-json\/wp\/v2\/posts\/3583","targetHints":{"allow":["GET"]}}],"collection":[{"href":"https:\/\/apuntesdesanluis.com\/index.php\/wp-json\/wp\/v2\/posts"}],"about":[{"href":"https:\/\/apuntesdesanluis.com\/index.php\/wp-json\/wp\/v2\/types\/post"}],"author":[{"embeddable":true,"href":"https:\/\/apuntesdesanluis.com\/index.php\/wp-json\/wp\/v2\/users\/1"}],"replies":[{"embeddable":true,"href":"https:\/\/apuntesdesanluis.com\/index.php\/wp-json\/wp\/v2\/comments?post=3583"}],"version-history":[{"count":4,"href":"https:\/\/apuntesdesanluis.com\/index.php\/wp-json\/wp\/v2\/posts\/3583\/revisions"}],"predecessor-version":[{"id":3590,"href":"https:\/\/apuntesdesanluis.com\/index.php\/wp-json\/wp\/v2\/posts\/3583\/revisions\/3590"}],"wp:featuredmedia":[{"embeddable":true,"href":"https:\/\/apuntesdesanluis.com\/index.php\/wp-json\/wp\/v2\/media\/3584"}],"wp:attachment":[{"href":"https:\/\/apuntesdesanluis.com\/index.php\/wp-json\/wp\/v2\/media?parent=3583"}],"wp:term":[{"taxonomy":"category","embeddable":true,"href":"https:\/\/apuntesdesanluis.com\/index.php\/wp-json\/wp\/v2\/categories?post=3583"},{"taxonomy":"post_tag","embeddable":true,"href":"https:\/\/apuntesdesanluis.com\/index.php\/wp-json\/wp\/v2\/tags?post=3583"}],"curies":[{"name":"wp","href":"https:\/\/api.w.org\/{rel}","templated":true}]}}