{"id":36,"date":"2023-07-15T19:51:32","date_gmt":"2023-07-15T22:51:32","guid":{"rendered":"https:\/\/apuntesdesanluis.com\/?p=36"},"modified":"2023-07-17T00:43:54","modified_gmt":"2023-07-17T03:43:54","slug":"revelan-los-polemicos-pagos-de-la-fundacion-de-bullrich-para-financiar-su-campana-electoral","status":"publish","type":"post","link":"https:\/\/apuntesdesanluis.com\/index.php\/2023\/07\/15\/revelan-los-polemicos-pagos-de-la-fundacion-de-bullrich-para-financiar-su-campana-electoral\/","title":{"rendered":"REVELAN LOS POL\u00c9MICOS PAGOS DE LA FUNDACI\u00d3N DE BULLRICH PARA FINANCIAR SU CAMPA\u00d1A ELECTORAL"},"content":{"rendered":"<div class=\"xdj266r x11i5rnm xat24cr x1mh8g0r x1vvkbs x126k92a\">\n<h3 dir=\"auto\">La investigaci\u00f3n revel\u00f3 que la asociaci\u00f3n de <strong>Patricia Bullrich<\/strong> pag\u00f3 3.550.000 pesos a la consultora EyS Brainstorm que tiene el mismo domicilio que la precandidata presidencial. Y reiterados pagos a consultores de campa\u00f1as pol\u00edticas.<\/h3>\n<h3 dir=\"auto\">Luego de que el ministro de Justicia y Derechos Humanos, Martin Soria, dispusiera la intervenci\u00f3n por 180 d\u00edas h\u00e1biles del Instituto de Estudios Estrat\u00e9gicos en Seguridad Asociaci\u00f3n Civil, la asociaci\u00f3n sin fines de lucro de la precandidata presidencial de Juntos por el Cambio, Patricia Bullrich, por irregularidades contables y la sospecha de desviar fondos para su campa\u00f1a, se conocieron las llamativas facturaciones millonarias de la instituci\u00f3n<\/h3>\n<h3 dir=\"auto\">El periodista Juan Amorin tuvo acceso al expediente de la Inspecci\u00f3n General de Justicia que da cuenta de la cantidad de dinero que comenz\u00f3 a manejar el instituto en los \u00faltimos meses y revel\u00f3 que la asociaci\u00f3n de Bullrich pag\u00f3 3.550.000 pesos a la consultora EyS Brainstorm que llamativamente tiene el mismo domicilio que la exministra de Seguridad y pag\u00f3 2.766.170 de pesos al diputado Gerardo Milman, mano derecha de la precandidata, en concepto de servicios de coordinaci\u00f3n de equipos.<\/h3>\n<h3 dir=\"auto\">Adem\u00e1s se registraron ocho facturas por un total de 525 mil pesos a Maximiliano Defranchi, consultor en campa\u00f1as pol\u00edticas; otras ocho facturas por un total de 1.165.000 de pesos para Santos Urquiza Rueda, especialista en procesos electorales; nueve facturas por 1.260.000 de pesos para Mar\u00eda Oneto, quien forma parte del equipo de campa\u00f1a de Bullrich; diez facturas para el &#8220;Dr. Fohrig&#8221; por un total de 1.590.000 pesos en concepto de coordinaci\u00f3n de equipos y seis facturas por un total de $1.400.000 para Mart\u00edn Siracusa en concepto de honorarios.<\/h3>\n<h3 dir=\"auto\">El ministro de Justicia y Derechos Humanos Mart\u00edn Soria realiz\u00f3 duras cr\u00edticas a los dirigentes del PRO al asegurar que se trata de una &#8220;muestra m\u00e1s de la impunidad&#8221; con la que se manejan. &#8220;Es una muestra m\u00e1s de la impunidad con la que se maneja esa gente y sus dirigentes. Arman sociedades de mentirita para encubrir sus objetivos pol\u00edticos, evadiendo impuestos para financiar sus campa\u00f1as proselitistas y utilizan estas fachadas para perseguir opositores&#8221;.<\/h3>\n<h3 dir=\"auto\">El ministro asegur\u00f3 que &#8220;se demostr\u00f3 en esta investigaci\u00f3n un c\u00famulo de irregularidades tremendas&#8221; en el funcionamiento de esta asociaci\u00f3n civil donde &#8220;se estructur\u00f3 todo un sistema de ingresos y egresos destinado a financiar en un todo o en parte acciones de proselitismo pol\u00edtico&#8221;.<\/h3>\n<\/div>\n<div class=\"x11i5rnm xat24cr x1mh8g0r x1vvkbs xtlvy1s x126k92a\">\n<h3 dir=\"auto\">La investigaci\u00f3n de Amorin da cuenta tambi\u00e9n de los balances econ\u00f3micos del Instituto de Estudios Estrat\u00e9gicos en Seguridad Asociaci\u00f3n Civil. A\u00f1o por a\u00f1o los movimientos de la fundaci\u00f3n Bullrich:<\/h3>\n<h3 dir=\"auto\">-En 2016 recibi\u00f3 20.200 pesos y 36.710 de gastos.<\/h3>\n<h3 dir=\"auto\">-2017: 333.600 pesos de ingresos y 225.369,69 de gastos.<\/h3>\n<h3 dir=\"auto\">-2018: 795.255,50 de ingresos, sin detalle en los gastos.<\/h3>\n<h3 dir=\"auto\">-2019: 741,93 de ingresos, 297.364,49 de gastos.<\/h3>\n<h3 dir=\"auto\">-2020: 488.989,70 de ingresos, no detallan gastos.<\/h3>\n<h3 dir=\"auto\">-2021: 7.942.106,69 de ingresos, 3.949.222,21 en gastos.<\/h3>\n<h3 dir=\"auto\">-2022: 85 millones de ingresos y 60 millones de gastos.<\/h3>\n<\/div>\n","protected":false},"excerpt":{"rendered":"<p>La investigaci\u00f3n revel\u00f3 que la asociaci\u00f3n de Patricia Bullrich pag\u00f3 3.550.000 pesos a la consultora&#8230;<\/p>\n","protected":false},"author":1,"featured_media":37,"comment_status":"closed","ping_status":"open","sticky":false,"template":"","format":"standard","meta":{"footnotes":""},"categories":[5],"tags":[],"class_list":["post-36","post","type-post","status-publish","format-standard","has-post-thumbnail","hentry","category-nacionales-internacionales"],"yoast_head":"<!-- This site is optimized with the Yoast SEO plugin v26.1.1 - https:\/\/yoast.com\/wordpress\/plugins\/seo\/ -->\n<title>REVELAN LOS POL\u00c9MICOS PAGOS DE LA FUNDACI\u00d3N DE BULLRICH PARA FINANCIAR SU CAMPA\u00d1A ELECTORAL - Apuntes de San Luis<\/title>\n<meta name=\"robots\" content=\"index, follow, max-snippet:-1, max-image-preview:large, max-video-preview:-1\" \/>\n<link rel=\"canonical\" href=\"https:\/\/apuntesdesanluis.com\/index.php\/2023\/07\/15\/revelan-los-polemicos-pagos-de-la-fundacion-de-bullrich-para-financiar-su-campana-electoral\/\" \/>\n<meta property=\"og:locale\" content=\"es_ES\" \/>\n<meta property=\"og:type\" content=\"article\" \/>\n<meta property=\"og:title\" content=\"REVELAN LOS POL\u00c9MICOS PAGOS DE LA FUNDACI\u00d3N DE BULLRICH PARA FINANCIAR SU CAMPA\u00d1A ELECTORAL - Apuntes de San Luis\" \/>\n<meta property=\"og:description\" content=\"La investigaci\u00f3n revel\u00f3 que la asociaci\u00f3n de Patricia Bullrich pag\u00f3 3.550.000 pesos a la consultora...\" \/>\n<meta property=\"og:url\" content=\"https:\/\/apuntesdesanluis.com\/index.php\/2023\/07\/15\/revelan-los-polemicos-pagos-de-la-fundacion-de-bullrich-para-financiar-su-campana-electoral\/\" \/>\n<meta property=\"og:site_name\" content=\"Apuntes de San Luis\" \/>\n<meta property=\"article:published_time\" content=\"2023-07-15T22:51:32+00:00\" \/>\n<meta property=\"article:modified_time\" content=\"2023-07-17T03:43:54+00:00\" \/>\n<meta property=\"og:image\" content=\"https:\/\/apuntesdesanluis.com\/wp-content\/uploads\/2023\/07\/Bullrich.jpg\" \/>\n\t<meta property=\"og:image:width\" content=\"680\" \/>\n\t<meta property=\"og:image:height\" content=\"486\" \/>\n\t<meta property=\"og:image:type\" content=\"image\/jpeg\" \/>\n<meta name=\"author\" content=\"apuntesdesanluis.com\" \/>\n<meta name=\"twitter:card\" content=\"summary_large_image\" \/>\n<meta name=\"twitter:label1\" content=\"Escrito por\" \/>\n\t<meta name=\"twitter:data1\" content=\"apuntesdesanluis.com\" \/>\n\t<meta name=\"twitter:label2\" content=\"Tiempo de lectura\" \/>\n\t<meta name=\"twitter:data2\" content=\"2 minutos\" \/>\n<script type=\"application\/ld+json\" class=\"yoast-schema-graph\">{\"@context\":\"https:\/\/schema.org\",\"@graph\":[{\"@type\":\"Article\",\"@id\":\"https:\/\/apuntesdesanluis.com\/index.php\/2023\/07\/15\/revelan-los-polemicos-pagos-de-la-fundacion-de-bullrich-para-financiar-su-campana-electoral\/#article\",\"isPartOf\":{\"@id\":\"https:\/\/apuntesdesanluis.com\/index.php\/2023\/07\/15\/revelan-los-polemicos-pagos-de-la-fundacion-de-bullrich-para-financiar-su-campana-electoral\/\"},\"author\":{\"name\":\"apuntesdesanluis.com\",\"@id\":\"https:\/\/apuntesdesanluis.com\/#\/schema\/person\/b55151d52296fcce64d1a72538a70b90\"},\"headline\":\"REVELAN LOS POL\u00c9MICOS PAGOS DE LA FUNDACI\u00d3N DE BULLRICH PARA FINANCIAR SU CAMPA\u00d1A ELECTORAL\",\"datePublished\":\"2023-07-15T22:51:32+00:00\",\"dateModified\":\"2023-07-17T03:43:54+00:00\",\"mainEntityOfPage\":{\"@id\":\"https:\/\/apuntesdesanluis.com\/index.php\/2023\/07\/15\/revelan-los-polemicos-pagos-de-la-fundacion-de-bullrich-para-financiar-su-campana-electoral\/\"},\"wordCount\":508,\"publisher\":{\"@id\":\"https:\/\/apuntesdesanluis.com\/#\/schema\/person\/b55151d52296fcce64d1a72538a70b90\"},\"image\":{\"@id\":\"https:\/\/apuntesdesanluis.com\/index.php\/2023\/07\/15\/revelan-los-polemicos-pagos-de-la-fundacion-de-bullrich-para-financiar-su-campana-electoral\/#primaryimage\"},\"thumbnailUrl\":\"https:\/\/apuntesdesanluis.com\/wp-content\/uploads\/2023\/07\/Bullrich.jpg\",\"articleSection\":[\"Nacionales\/Internacionales\"],\"inLanguage\":\"es-AR\"},{\"@type\":\"WebPage\",\"@id\":\"https:\/\/apuntesdesanluis.com\/index.php\/2023\/07\/15\/revelan-los-polemicos-pagos-de-la-fundacion-de-bullrich-para-financiar-su-campana-electoral\/\",\"url\":\"https:\/\/apuntesdesanluis.com\/index.php\/2023\/07\/15\/revelan-los-polemicos-pagos-de-la-fundacion-de-bullrich-para-financiar-su-campana-electoral\/\",\"name\":\"REVELAN LOS POL\u00c9MICOS PAGOS DE LA FUNDACI\u00d3N DE BULLRICH PARA FINANCIAR SU CAMPA\u00d1A ELECTORAL - Apuntes de San Luis\",\"isPartOf\":{\"@id\":\"https:\/\/apuntesdesanluis.com\/#website\"},\"primaryImageOfPage\":{\"@id\":\"https:\/\/apuntesdesanluis.com\/index.php\/2023\/07\/15\/revelan-los-polemicos-pagos-de-la-fundacion-de-bullrich-para-financiar-su-campana-electoral\/#primaryimage\"},\"image\":{\"@id\":\"https:\/\/apuntesdesanluis.com\/index.php\/2023\/07\/15\/revelan-los-polemicos-pagos-de-la-fundacion-de-bullrich-para-financiar-su-campana-electoral\/#primaryimage\"},\"thumbnailUrl\":\"https:\/\/apuntesdesanluis.com\/wp-content\/uploads\/2023\/07\/Bullrich.jpg\",\"datePublished\":\"2023-07-15T22:51:32+00:00\",\"dateModified\":\"2023-07-17T03:43:54+00:00\",\"breadcrumb\":{\"@id\":\"https:\/\/apuntesdesanluis.com\/index.php\/2023\/07\/15\/revelan-los-polemicos-pagos-de-la-fundacion-de-bullrich-para-financiar-su-campana-electoral\/#breadcrumb\"},\"inLanguage\":\"es-AR\",\"potentialAction\":[{\"@type\":\"ReadAction\",\"target\":[\"https:\/\/apuntesdesanluis.com\/index.php\/2023\/07\/15\/revelan-los-polemicos-pagos-de-la-fundacion-de-bullrich-para-financiar-su-campana-electoral\/\"]}]},{\"@type\":\"ImageObject\",\"inLanguage\":\"es-AR\",\"@id\":\"https:\/\/apuntesdesanluis.com\/index.php\/2023\/07\/15\/revelan-los-polemicos-pagos-de-la-fundacion-de-bullrich-para-financiar-su-campana-electoral\/#primaryimage\",\"url\":\"https:\/\/apuntesdesanluis.com\/wp-content\/uploads\/2023\/07\/Bullrich.jpg\",\"contentUrl\":\"https:\/\/apuntesdesanluis.com\/wp-content\/uploads\/2023\/07\/Bullrich.jpg\",\"width\":680,\"height\":486},{\"@type\":\"BreadcrumbList\",\"@id\":\"https:\/\/apuntesdesanluis.com\/index.php\/2023\/07\/15\/revelan-los-polemicos-pagos-de-la-fundacion-de-bullrich-para-financiar-su-campana-electoral\/#breadcrumb\",\"itemListElement\":[{\"@type\":\"ListItem\",\"position\":1,\"name\":\"Inicio\",\"item\":\"https:\/\/apuntesdesanluis.com\/\"},{\"@type\":\"ListItem\",\"position\":2,\"name\":\"REVELAN LOS POL\u00c9MICOS PAGOS DE LA FUNDACI\u00d3N DE BULLRICH PARA FINANCIAR SU CAMPA\u00d1A ELECTORAL\"}]},{\"@type\":\"WebSite\",\"@id\":\"https:\/\/apuntesdesanluis.com\/#website\",\"url\":\"https:\/\/apuntesdesanluis.com\/\",\"name\":\"Apuntes de San Luis\",\"description\":\"\",\"publisher\":{\"@id\":\"https:\/\/apuntesdesanluis.com\/#\/schema\/person\/b55151d52296fcce64d1a72538a70b90\"},\"potentialAction\":[{\"@type\":\"SearchAction\",\"target\":{\"@type\":\"EntryPoint\",\"urlTemplate\":\"https:\/\/apuntesdesanluis.com\/?s={search_term_string}\"},\"query-input\":{\"@type\":\"PropertyValueSpecification\",\"valueRequired\":true,\"valueName\":\"search_term_string\"}}],\"inLanguage\":\"es-AR\"},{\"@type\":[\"Person\",\"Organization\"],\"@id\":\"https:\/\/apuntesdesanluis.com\/#\/schema\/person\/b55151d52296fcce64d1a72538a70b90\",\"name\":\"apuntesdesanluis.com\",\"image\":{\"@type\":\"ImageObject\",\"inLanguage\":\"es-AR\",\"@id\":\"https:\/\/apuntesdesanluis.com\/#\/schema\/person\/image\/\",\"url\":\"https:\/\/apuntesdesanluis.com\/wp-content\/uploads\/2023\/07\/cropped-apuntesdesanluis.png\",\"contentUrl\":\"https:\/\/apuntesdesanluis.com\/wp-content\/uploads\/2023\/07\/cropped-apuntesdesanluis.png\",\"width\":450,\"height\":112,\"caption\":\"apuntesdesanluis.com\"},\"logo\":{\"@id\":\"https:\/\/apuntesdesanluis.com\/#\/schema\/person\/image\/\"},\"sameAs\":[\"https:\/\/apuntesdesanluis.com\"],\"url\":\"https:\/\/apuntesdesanluis.com\/index.php\/author\/apuntesdesanluis-com\/\"}]}<\/script>\n<!-- \/ Yoast SEO plugin. -->","yoast_head_json":{"title":"REVELAN LOS POL\u00c9MICOS PAGOS DE LA FUNDACI\u00d3N DE BULLRICH PARA FINANCIAR SU CAMPA\u00d1A ELECTORAL - Apuntes de San Luis","robots":{"index":"index","follow":"follow","max-snippet":"max-snippet:-1","max-image-preview":"max-image-preview:large","max-video-preview":"max-video-preview:-1"},"canonical":"https:\/\/apuntesdesanluis.com\/index.php\/2023\/07\/15\/revelan-los-polemicos-pagos-de-la-fundacion-de-bullrich-para-financiar-su-campana-electoral\/","og_locale":"es_ES","og_type":"article","og_title":"REVELAN LOS POL\u00c9MICOS PAGOS DE LA FUNDACI\u00d3N DE BULLRICH PARA FINANCIAR SU CAMPA\u00d1A ELECTORAL - Apuntes de San Luis","og_description":"La investigaci\u00f3n revel\u00f3 que la asociaci\u00f3n de Patricia Bullrich pag\u00f3 3.550.000 pesos a la consultora...","og_url":"https:\/\/apuntesdesanluis.com\/index.php\/2023\/07\/15\/revelan-los-polemicos-pagos-de-la-fundacion-de-bullrich-para-financiar-su-campana-electoral\/","og_site_name":"Apuntes de San Luis","article_published_time":"2023-07-15T22:51:32+00:00","article_modified_time":"2023-07-17T03:43:54+00:00","og_image":[{"width":680,"height":486,"url":"https:\/\/apuntesdesanluis.com\/wp-content\/uploads\/2023\/07\/Bullrich.jpg","type":"image\/jpeg"}],"author":"apuntesdesanluis.com","twitter_card":"summary_large_image","twitter_misc":{"Escrito por":"apuntesdesanluis.com","Tiempo de lectura":"2 minutos"},"schema":{"@context":"https:\/\/schema.org","@graph":[{"@type":"Article","@id":"https:\/\/apuntesdesanluis.com\/index.php\/2023\/07\/15\/revelan-los-polemicos-pagos-de-la-fundacion-de-bullrich-para-financiar-su-campana-electoral\/#article","isPartOf":{"@id":"https:\/\/apuntesdesanluis.com\/index.php\/2023\/07\/15\/revelan-los-polemicos-pagos-de-la-fundacion-de-bullrich-para-financiar-su-campana-electoral\/"},"author":{"name":"apuntesdesanluis.com","@id":"https:\/\/apuntesdesanluis.com\/#\/schema\/person\/b55151d52296fcce64d1a72538a70b90"},"headline":"REVELAN LOS POL\u00c9MICOS PAGOS DE LA FUNDACI\u00d3N DE BULLRICH PARA FINANCIAR SU CAMPA\u00d1A ELECTORAL","datePublished":"2023-07-15T22:51:32+00:00","dateModified":"2023-07-17T03:43:54+00:00","mainEntityOfPage":{"@id":"https:\/\/apuntesdesanluis.com\/index.php\/2023\/07\/15\/revelan-los-polemicos-pagos-de-la-fundacion-de-bullrich-para-financiar-su-campana-electoral\/"},"wordCount":508,"publisher":{"@id":"https:\/\/apuntesdesanluis.com\/#\/schema\/person\/b55151d52296fcce64d1a72538a70b90"},"image":{"@id":"https:\/\/apuntesdesanluis.com\/index.php\/2023\/07\/15\/revelan-los-polemicos-pagos-de-la-fundacion-de-bullrich-para-financiar-su-campana-electoral\/#primaryimage"},"thumbnailUrl":"https:\/\/apuntesdesanluis.com\/wp-content\/uploads\/2023\/07\/Bullrich.jpg","articleSection":["Nacionales\/Internacionales"],"inLanguage":"es-AR"},{"@type":"WebPage","@id":"https:\/\/apuntesdesanluis.com\/index.php\/2023\/07\/15\/revelan-los-polemicos-pagos-de-la-fundacion-de-bullrich-para-financiar-su-campana-electoral\/","url":"https:\/\/apuntesdesanluis.com\/index.php\/2023\/07\/15\/revelan-los-polemicos-pagos-de-la-fundacion-de-bullrich-para-financiar-su-campana-electoral\/","name":"REVELAN LOS POL\u00c9MICOS PAGOS DE LA FUNDACI\u00d3N DE BULLRICH PARA FINANCIAR SU CAMPA\u00d1A ELECTORAL - Apuntes de San Luis","isPartOf":{"@id":"https:\/\/apuntesdesanluis.com\/#website"},"primaryImageOfPage":{"@id":"https:\/\/apuntesdesanluis.com\/index.php\/2023\/07\/15\/revelan-los-polemicos-pagos-de-la-fundacion-de-bullrich-para-financiar-su-campana-electoral\/#primaryimage"},"image":{"@id":"https:\/\/apuntesdesanluis.com\/index.php\/2023\/07\/15\/revelan-los-polemicos-pagos-de-la-fundacion-de-bullrich-para-financiar-su-campana-electoral\/#primaryimage"},"thumbnailUrl":"https:\/\/apuntesdesanluis.com\/wp-content\/uploads\/2023\/07\/Bullrich.jpg","datePublished":"2023-07-15T22:51:32+00:00","dateModified":"2023-07-17T03:43:54+00:00","breadcrumb":{"@id":"https:\/\/apuntesdesanluis.com\/index.php\/2023\/07\/15\/revelan-los-polemicos-pagos-de-la-fundacion-de-bullrich-para-financiar-su-campana-electoral\/#breadcrumb"},"inLanguage":"es-AR","potentialAction":[{"@type":"ReadAction","target":["https:\/\/apuntesdesanluis.com\/index.php\/2023\/07\/15\/revelan-los-polemicos-pagos-de-la-fundacion-de-bullrich-para-financiar-su-campana-electoral\/"]}]},{"@type":"ImageObject","inLanguage":"es-AR","@id":"https:\/\/apuntesdesanluis.com\/index.php\/2023\/07\/15\/revelan-los-polemicos-pagos-de-la-fundacion-de-bullrich-para-financiar-su-campana-electoral\/#primaryimage","url":"https:\/\/apuntesdesanluis.com\/wp-content\/uploads\/2023\/07\/Bullrich.jpg","contentUrl":"https:\/\/apuntesdesanluis.com\/wp-content\/uploads\/2023\/07\/Bullrich.jpg","width":680,"height":486},{"@type":"BreadcrumbList","@id":"https:\/\/apuntesdesanluis.com\/index.php\/2023\/07\/15\/revelan-los-polemicos-pagos-de-la-fundacion-de-bullrich-para-financiar-su-campana-electoral\/#breadcrumb","itemListElement":[{"@type":"ListItem","position":1,"name":"Inicio","item":"https:\/\/apuntesdesanluis.com\/"},{"@type":"ListItem","position":2,"name":"REVELAN LOS POL\u00c9MICOS PAGOS DE LA FUNDACI\u00d3N DE BULLRICH PARA FINANCIAR SU CAMPA\u00d1A ELECTORAL"}]},{"@type":"WebSite","@id":"https:\/\/apuntesdesanluis.com\/#website","url":"https:\/\/apuntesdesanluis.com\/","name":"Apuntes de San Luis","description":"","publisher":{"@id":"https:\/\/apuntesdesanluis.com\/#\/schema\/person\/b55151d52296fcce64d1a72538a70b90"},"potentialAction":[{"@type":"SearchAction","target":{"@type":"EntryPoint","urlTemplate":"https:\/\/apuntesdesanluis.com\/?s={search_term_string}"},"query-input":{"@type":"PropertyValueSpecification","valueRequired":true,"valueName":"search_term_string"}}],"inLanguage":"es-AR"},{"@type":["Person","Organization"],"@id":"https:\/\/apuntesdesanluis.com\/#\/schema\/person\/b55151d52296fcce64d1a72538a70b90","name":"apuntesdesanluis.com","image":{"@type":"ImageObject","inLanguage":"es-AR","@id":"https:\/\/apuntesdesanluis.com\/#\/schema\/person\/image\/","url":"https:\/\/apuntesdesanluis.com\/wp-content\/uploads\/2023\/07\/cropped-apuntesdesanluis.png","contentUrl":"https:\/\/apuntesdesanluis.com\/wp-content\/uploads\/2023\/07\/cropped-apuntesdesanluis.png","width":450,"height":112,"caption":"apuntesdesanluis.com"},"logo":{"@id":"https:\/\/apuntesdesanluis.com\/#\/schema\/person\/image\/"},"sameAs":["https:\/\/apuntesdesanluis.com"],"url":"https:\/\/apuntesdesanluis.com\/index.php\/author\/apuntesdesanluis-com\/"}]}},"featured_image_urls":{"full":["https:\/\/apuntesdesanluis.com\/wp-content\/uploads\/2023\/07\/Bullrich.jpg",680,486,false],"thumbnail":["https:\/\/apuntesdesanluis.com\/wp-content\/uploads\/2023\/07\/Bullrich-150x150.jpg",150,150,true],"medium":["https:\/\/apuntesdesanluis.com\/wp-content\/uploads\/2023\/07\/Bullrich-300x214.jpg",300,214,true],"medium_large":["https:\/\/apuntesdesanluis.com\/wp-content\/uploads\/2023\/07\/Bullrich.jpg",640,457,false],"large":["https:\/\/apuntesdesanluis.com\/wp-content\/uploads\/2023\/07\/Bullrich.jpg",640,457,false],"1536x1536":["https:\/\/apuntesdesanluis.com\/wp-content\/uploads\/2023\/07\/Bullrich.jpg",680,486,false],"2048x2048":["https:\/\/apuntesdesanluis.com\/wp-content\/uploads\/2023\/07\/Bullrich.jpg",680,486,false],"newsever-slider-full":["https:\/\/apuntesdesanluis.com\/wp-content\/uploads\/2023\/07\/Bullrich.jpg",680,486,false],"newsever-featured":["https:\/\/apuntesdesanluis.com\/wp-content\/uploads\/2023\/07\/Bullrich.jpg",680,486,false],"newsever-medium":["https:\/\/apuntesdesanluis.com\/wp-content\/uploads\/2023\/07\/Bullrich-680x475.jpg",680,475,true]},"author_info":{"display_name":"apuntesdesanluis.com","author_link":"https:\/\/apuntesdesanluis.com\/index.php\/author\/apuntesdesanluis-com\/"},"category_info":"<a href=\"https:\/\/apuntesdesanluis.com\/index.php\/category\/nacionales-internacionales\/\" rel=\"category tag\">Nacionales\/Internacionales<\/a>","tag_info":"Nacionales\/Internacionales","comment_count":"0","_links":{"self":[{"href":"https:\/\/apuntesdesanluis.com\/index.php\/wp-json\/wp\/v2\/posts\/36","targetHints":{"allow":["GET"]}}],"collection":[{"href":"https:\/\/apuntesdesanluis.com\/index.php\/wp-json\/wp\/v2\/posts"}],"about":[{"href":"https:\/\/apuntesdesanluis.com\/index.php\/wp-json\/wp\/v2\/types\/post"}],"author":[{"embeddable":true,"href":"https:\/\/apuntesdesanluis.com\/index.php\/wp-json\/wp\/v2\/users\/1"}],"replies":[{"embeddable":true,"href":"https:\/\/apuntesdesanluis.com\/index.php\/wp-json\/wp\/v2\/comments?post=36"}],"version-history":[{"count":0,"href":"https:\/\/apuntesdesanluis.com\/index.php\/wp-json\/wp\/v2\/posts\/36\/revisions"}],"wp:featuredmedia":[{"embeddable":true,"href":"https:\/\/apuntesdesanluis.com\/index.php\/wp-json\/wp\/v2\/media\/37"}],"wp:attachment":[{"href":"https:\/\/apuntesdesanluis.com\/index.php\/wp-json\/wp\/v2\/media?parent=36"}],"wp:term":[{"taxonomy":"category","embeddable":true,"href":"https:\/\/apuntesdesanluis.com\/index.php\/wp-json\/wp\/v2\/categories?post=36"},{"taxonomy":"post_tag","embeddable":true,"href":"https:\/\/apuntesdesanluis.com\/index.php\/wp-json\/wp\/v2\/tags?post=36"}],"curies":[{"name":"wp","href":"https:\/\/api.w.org\/{rel}","templated":true}]}}