{"id":3604,"date":"2023-09-19T20:57:29","date_gmt":"2023-09-19T23:57:29","guid":{"rendered":"https:\/\/apuntesdesanluis.com\/?p=3604"},"modified":"2023-09-19T20:57:52","modified_gmt":"2023-09-19T23:57:52","slug":"el-intendente-firmo-un-convenio-de-colaboracion-con-el-colegio-industrial","status":"publish","type":"post","link":"https:\/\/apuntesdesanluis.com\/index.php\/2023\/09\/19\/el-intendente-firmo-un-convenio-de-colaboracion-con-el-colegio-industrial\/","title":{"rendered":"EL INTENDENTE FIRM\u00d3 UN CONVENIO DE COLABORACI\u00d3N CON EL COLEGIO INDUSTRIAL"},"content":{"rendered":"<h3>Este martes por la tarde el intendente Maximiliano Frontera encabez\u00f3 la firma de un convenio en la Colegio T\u00e9cnico N\u00b015 Ingeniero Agust\u00edn Mercau, en el que se pactaron diferentes acuerdos.<\/h3>\n<h3>Uno de los puntos propone que los y las estudiantes que cursan la materia soldadura, se dediquen a la construcci\u00f3n de diferentes dispensarios c\u00f3mo por ejemplo: corazones tapireros, botellones ecol\u00f3gicos, que estar\u00e1n destinados al reciclado y a la separaci\u00f3n de residuos.<\/h3>\n<h3>Adem\u00e1s, el Municipio brindar\u00e1 capacitaciones en las que se explicar\u00e1n cu\u00e1les son los procesos de disposici\u00f3n final de los corazones tapireros, c\u00f3mo se realiza la recolecci\u00f3n diferencial de PET, sobre las botellas de amor y otras acciones.<\/h3>\n<h3>Por otro lado, el municipio acord\u00f3 llevar el Punto Verde M\u00f3vil al establecimiento para que la comunidad educativa se sume a reciclar.<\/h3>\n<h3>De la firma participaron tambi\u00e9n la Secretaria General y de Cultura de la Municipal, Silvina Galetto, y personal directivo y docente de la EPET N\u00b0 15.<\/h3>\n<p><img fetchpriority=\"high\" decoding=\"async\" class=\"wp-image-3606 aligncenter\" src=\"https:\/\/apuntesdesanluis.com\/wp-content\/uploads\/2023\/09\/grupal-300x152.png\" alt=\"\" width=\"632\" height=\"320\" srcset=\"https:\/\/apuntesdesanluis.com\/wp-content\/uploads\/2023\/09\/grupal-300x152.png 300w, https:\/\/apuntesdesanluis.com\/wp-content\/uploads\/2023\/09\/grupal.png 600w\" sizes=\"(max-width: 632px) 100vw, 632px\" \/><\/p>\n<h3 class=\"yiv7409174924ydp6329976emsonormal\" style=\"text-align: justify; background: white;\"><\/h3>\n<h3><\/h3>\n","protected":false},"excerpt":{"rendered":"<p>Este martes por la tarde el intendente Maximiliano Frontera encabez\u00f3 la firma de un convenio&#8230;<\/p>\n","protected":false},"author":1,"featured_media":3605,"comment_status":"closed","ping_status":"closed","sticky":false,"template":"","format":"standard","meta":{"footnotes":""},"categories":[6],"tags":[],"class_list":["post-3604","post","type-post","status-publish","format-standard","has-post-thumbnail","hentry","category-ciudad-provincia"],"yoast_head":"<!-- This site is optimized with the Yoast SEO plugin v26.1.1 - https:\/\/yoast.com\/wordpress\/plugins\/seo\/ -->\n<title>EL INTENDENTE FIRM\u00d3 UN CONVENIO DE COLABORACI\u00d3N CON EL COLEGIO INDUSTRIAL - Apuntes de San Luis<\/title>\n<meta name=\"robots\" content=\"index, follow, max-snippet:-1, max-image-preview:large, max-video-preview:-1\" \/>\n<link rel=\"canonical\" href=\"https:\/\/apuntesdesanluis.com\/index.php\/2023\/09\/19\/el-intendente-firmo-un-convenio-de-colaboracion-con-el-colegio-industrial\/\" \/>\n<meta property=\"og:locale\" content=\"es_ES\" \/>\n<meta property=\"og:type\" content=\"article\" \/>\n<meta property=\"og:title\" content=\"EL INTENDENTE FIRM\u00d3 UN CONVENIO DE COLABORACI\u00d3N CON EL COLEGIO INDUSTRIAL - Apuntes de San Luis\" \/>\n<meta property=\"og:description\" content=\"Este martes por la tarde el intendente Maximiliano Frontera encabez\u00f3 la firma de un convenio...\" \/>\n<meta property=\"og:url\" content=\"https:\/\/apuntesdesanluis.com\/index.php\/2023\/09\/19\/el-intendente-firmo-un-convenio-de-colaboracion-con-el-colegio-industrial\/\" \/>\n<meta property=\"og:site_name\" content=\"Apuntes de San Luis\" \/>\n<meta property=\"article:published_time\" content=\"2023-09-19T23:57:29+00:00\" \/>\n<meta property=\"article:modified_time\" content=\"2023-09-19T23:57:52+00:00\" \/>\n<meta property=\"og:image\" content=\"https:\/\/apuntesdesanluis.com\/wp-content\/uploads\/2023\/09\/firma.png\" \/>\n\t<meta property=\"og:image:width\" content=\"875\" \/>\n\t<meta property=\"og:image:height\" content=\"574\" \/>\n\t<meta property=\"og:image:type\" content=\"image\/png\" \/>\n<meta name=\"author\" content=\"apuntesdesanluis.com\" \/>\n<meta name=\"twitter:card\" content=\"summary_large_image\" \/>\n<meta name=\"twitter:label1\" content=\"Escrito por\" \/>\n\t<meta name=\"twitter:data1\" content=\"apuntesdesanluis.com\" \/>\n\t<meta name=\"twitter:label2\" content=\"Tiempo de lectura\" \/>\n\t<meta name=\"twitter:data2\" content=\"1 minuto\" \/>\n<script type=\"application\/ld+json\" class=\"yoast-schema-graph\">{\"@context\":\"https:\/\/schema.org\",\"@graph\":[{\"@type\":\"Article\",\"@id\":\"https:\/\/apuntesdesanluis.com\/index.php\/2023\/09\/19\/el-intendente-firmo-un-convenio-de-colaboracion-con-el-colegio-industrial\/#article\",\"isPartOf\":{\"@id\":\"https:\/\/apuntesdesanluis.com\/index.php\/2023\/09\/19\/el-intendente-firmo-un-convenio-de-colaboracion-con-el-colegio-industrial\/\"},\"author\":{\"name\":\"apuntesdesanluis.com\",\"@id\":\"https:\/\/apuntesdesanluis.com\/#\/schema\/person\/b55151d52296fcce64d1a72538a70b90\"},\"headline\":\"EL INTENDENTE FIRM\u00d3 UN CONVENIO DE COLABORACI\u00d3N CON EL COLEGIO INDUSTRIAL\",\"datePublished\":\"2023-09-19T23:57:29+00:00\",\"dateModified\":\"2023-09-19T23:57:52+00:00\",\"mainEntityOfPage\":{\"@id\":\"https:\/\/apuntesdesanluis.com\/index.php\/2023\/09\/19\/el-intendente-firmo-un-convenio-de-colaboracion-con-el-colegio-industrial\/\"},\"wordCount\":182,\"publisher\":{\"@id\":\"https:\/\/apuntesdesanluis.com\/#\/schema\/person\/b55151d52296fcce64d1a72538a70b90\"},\"image\":{\"@id\":\"https:\/\/apuntesdesanluis.com\/index.php\/2023\/09\/19\/el-intendente-firmo-un-convenio-de-colaboracion-con-el-colegio-industrial\/#primaryimage\"},\"thumbnailUrl\":\"https:\/\/apuntesdesanluis.com\/wp-content\/uploads\/2023\/09\/firma.png\",\"articleSection\":[\"Ciudad\/Provincia\"],\"inLanguage\":\"es-AR\"},{\"@type\":\"WebPage\",\"@id\":\"https:\/\/apuntesdesanluis.com\/index.php\/2023\/09\/19\/el-intendente-firmo-un-convenio-de-colaboracion-con-el-colegio-industrial\/\",\"url\":\"https:\/\/apuntesdesanluis.com\/index.php\/2023\/09\/19\/el-intendente-firmo-un-convenio-de-colaboracion-con-el-colegio-industrial\/\",\"name\":\"EL INTENDENTE FIRM\u00d3 UN CONVENIO DE COLABORACI\u00d3N CON EL COLEGIO INDUSTRIAL - Apuntes de San Luis\",\"isPartOf\":{\"@id\":\"https:\/\/apuntesdesanluis.com\/#website\"},\"primaryImageOfPage\":{\"@id\":\"https:\/\/apuntesdesanluis.com\/index.php\/2023\/09\/19\/el-intendente-firmo-un-convenio-de-colaboracion-con-el-colegio-industrial\/#primaryimage\"},\"image\":{\"@id\":\"https:\/\/apuntesdesanluis.com\/index.php\/2023\/09\/19\/el-intendente-firmo-un-convenio-de-colaboracion-con-el-colegio-industrial\/#primaryimage\"},\"thumbnailUrl\":\"https:\/\/apuntesdesanluis.com\/wp-content\/uploads\/2023\/09\/firma.png\",\"datePublished\":\"2023-09-19T23:57:29+00:00\",\"dateModified\":\"2023-09-19T23:57:52+00:00\",\"breadcrumb\":{\"@id\":\"https:\/\/apuntesdesanluis.com\/index.php\/2023\/09\/19\/el-intendente-firmo-un-convenio-de-colaboracion-con-el-colegio-industrial\/#breadcrumb\"},\"inLanguage\":\"es-AR\",\"potentialAction\":[{\"@type\":\"ReadAction\",\"target\":[\"https:\/\/apuntesdesanluis.com\/index.php\/2023\/09\/19\/el-intendente-firmo-un-convenio-de-colaboracion-con-el-colegio-industrial\/\"]}]},{\"@type\":\"ImageObject\",\"inLanguage\":\"es-AR\",\"@id\":\"https:\/\/apuntesdesanluis.com\/index.php\/2023\/09\/19\/el-intendente-firmo-un-convenio-de-colaboracion-con-el-colegio-industrial\/#primaryimage\",\"url\":\"https:\/\/apuntesdesanluis.com\/wp-content\/uploads\/2023\/09\/firma.png\",\"contentUrl\":\"https:\/\/apuntesdesanluis.com\/wp-content\/uploads\/2023\/09\/firma.png\",\"width\":875,\"height\":574},{\"@type\":\"BreadcrumbList\",\"@id\":\"https:\/\/apuntesdesanluis.com\/index.php\/2023\/09\/19\/el-intendente-firmo-un-convenio-de-colaboracion-con-el-colegio-industrial\/#breadcrumb\",\"itemListElement\":[{\"@type\":\"ListItem\",\"position\":1,\"name\":\"Inicio\",\"item\":\"https:\/\/apuntesdesanluis.com\/\"},{\"@type\":\"ListItem\",\"position\":2,\"name\":\"EL INTENDENTE FIRM\u00d3 UN CONVENIO DE COLABORACI\u00d3N CON EL COLEGIO INDUSTRIAL\"}]},{\"@type\":\"WebSite\",\"@id\":\"https:\/\/apuntesdesanluis.com\/#website\",\"url\":\"https:\/\/apuntesdesanluis.com\/\",\"name\":\"Apuntes de San Luis\",\"description\":\"\",\"publisher\":{\"@id\":\"https:\/\/apuntesdesanluis.com\/#\/schema\/person\/b55151d52296fcce64d1a72538a70b90\"},\"potentialAction\":[{\"@type\":\"SearchAction\",\"target\":{\"@type\":\"EntryPoint\",\"urlTemplate\":\"https:\/\/apuntesdesanluis.com\/?s={search_term_string}\"},\"query-input\":{\"@type\":\"PropertyValueSpecification\",\"valueRequired\":true,\"valueName\":\"search_term_string\"}}],\"inLanguage\":\"es-AR\"},{\"@type\":[\"Person\",\"Organization\"],\"@id\":\"https:\/\/apuntesdesanluis.com\/#\/schema\/person\/b55151d52296fcce64d1a72538a70b90\",\"name\":\"apuntesdesanluis.com\",\"image\":{\"@type\":\"ImageObject\",\"inLanguage\":\"es-AR\",\"@id\":\"https:\/\/apuntesdesanluis.com\/#\/schema\/person\/image\/\",\"url\":\"https:\/\/apuntesdesanluis.com\/wp-content\/uploads\/2023\/07\/cropped-apuntesdesanluis.png\",\"contentUrl\":\"https:\/\/apuntesdesanluis.com\/wp-content\/uploads\/2023\/07\/cropped-apuntesdesanluis.png\",\"width\":450,\"height\":112,\"caption\":\"apuntesdesanluis.com\"},\"logo\":{\"@id\":\"https:\/\/apuntesdesanluis.com\/#\/schema\/person\/image\/\"},\"sameAs\":[\"https:\/\/apuntesdesanluis.com\"],\"url\":\"https:\/\/apuntesdesanluis.com\/index.php\/author\/apuntesdesanluis-com\/\"}]}<\/script>\n<!-- \/ Yoast SEO plugin. -->","yoast_head_json":{"title":"EL INTENDENTE FIRM\u00d3 UN CONVENIO DE COLABORACI\u00d3N CON EL COLEGIO INDUSTRIAL - Apuntes de San Luis","robots":{"index":"index","follow":"follow","max-snippet":"max-snippet:-1","max-image-preview":"max-image-preview:large","max-video-preview":"max-video-preview:-1"},"canonical":"https:\/\/apuntesdesanluis.com\/index.php\/2023\/09\/19\/el-intendente-firmo-un-convenio-de-colaboracion-con-el-colegio-industrial\/","og_locale":"es_ES","og_type":"article","og_title":"EL INTENDENTE FIRM\u00d3 UN CONVENIO DE COLABORACI\u00d3N CON EL COLEGIO INDUSTRIAL - Apuntes de San Luis","og_description":"Este martes por la tarde el intendente Maximiliano Frontera encabez\u00f3 la firma de un convenio...","og_url":"https:\/\/apuntesdesanluis.com\/index.php\/2023\/09\/19\/el-intendente-firmo-un-convenio-de-colaboracion-con-el-colegio-industrial\/","og_site_name":"Apuntes de San Luis","article_published_time":"2023-09-19T23:57:29+00:00","article_modified_time":"2023-09-19T23:57:52+00:00","og_image":[{"width":875,"height":574,"url":"https:\/\/apuntesdesanluis.com\/wp-content\/uploads\/2023\/09\/firma.png","type":"image\/png"}],"author":"apuntesdesanluis.com","twitter_card":"summary_large_image","twitter_misc":{"Escrito por":"apuntesdesanluis.com","Tiempo de lectura":"1 minuto"},"schema":{"@context":"https:\/\/schema.org","@graph":[{"@type":"Article","@id":"https:\/\/apuntesdesanluis.com\/index.php\/2023\/09\/19\/el-intendente-firmo-un-convenio-de-colaboracion-con-el-colegio-industrial\/#article","isPartOf":{"@id":"https:\/\/apuntesdesanluis.com\/index.php\/2023\/09\/19\/el-intendente-firmo-un-convenio-de-colaboracion-con-el-colegio-industrial\/"},"author":{"name":"apuntesdesanluis.com","@id":"https:\/\/apuntesdesanluis.com\/#\/schema\/person\/b55151d52296fcce64d1a72538a70b90"},"headline":"EL INTENDENTE FIRM\u00d3 UN CONVENIO DE COLABORACI\u00d3N CON EL COLEGIO INDUSTRIAL","datePublished":"2023-09-19T23:57:29+00:00","dateModified":"2023-09-19T23:57:52+00:00","mainEntityOfPage":{"@id":"https:\/\/apuntesdesanluis.com\/index.php\/2023\/09\/19\/el-intendente-firmo-un-convenio-de-colaboracion-con-el-colegio-industrial\/"},"wordCount":182,"publisher":{"@id":"https:\/\/apuntesdesanluis.com\/#\/schema\/person\/b55151d52296fcce64d1a72538a70b90"},"image":{"@id":"https:\/\/apuntesdesanluis.com\/index.php\/2023\/09\/19\/el-intendente-firmo-un-convenio-de-colaboracion-con-el-colegio-industrial\/#primaryimage"},"thumbnailUrl":"https:\/\/apuntesdesanluis.com\/wp-content\/uploads\/2023\/09\/firma.png","articleSection":["Ciudad\/Provincia"],"inLanguage":"es-AR"},{"@type":"WebPage","@id":"https:\/\/apuntesdesanluis.com\/index.php\/2023\/09\/19\/el-intendente-firmo-un-convenio-de-colaboracion-con-el-colegio-industrial\/","url":"https:\/\/apuntesdesanluis.com\/index.php\/2023\/09\/19\/el-intendente-firmo-un-convenio-de-colaboracion-con-el-colegio-industrial\/","name":"EL INTENDENTE FIRM\u00d3 UN CONVENIO DE COLABORACI\u00d3N CON EL COLEGIO INDUSTRIAL - Apuntes de San Luis","isPartOf":{"@id":"https:\/\/apuntesdesanluis.com\/#website"},"primaryImageOfPage":{"@id":"https:\/\/apuntesdesanluis.com\/index.php\/2023\/09\/19\/el-intendente-firmo-un-convenio-de-colaboracion-con-el-colegio-industrial\/#primaryimage"},"image":{"@id":"https:\/\/apuntesdesanluis.com\/index.php\/2023\/09\/19\/el-intendente-firmo-un-convenio-de-colaboracion-con-el-colegio-industrial\/#primaryimage"},"thumbnailUrl":"https:\/\/apuntesdesanluis.com\/wp-content\/uploads\/2023\/09\/firma.png","datePublished":"2023-09-19T23:57:29+00:00","dateModified":"2023-09-19T23:57:52+00:00","breadcrumb":{"@id":"https:\/\/apuntesdesanluis.com\/index.php\/2023\/09\/19\/el-intendente-firmo-un-convenio-de-colaboracion-con-el-colegio-industrial\/#breadcrumb"},"inLanguage":"es-AR","potentialAction":[{"@type":"ReadAction","target":["https:\/\/apuntesdesanluis.com\/index.php\/2023\/09\/19\/el-intendente-firmo-un-convenio-de-colaboracion-con-el-colegio-industrial\/"]}]},{"@type":"ImageObject","inLanguage":"es-AR","@id":"https:\/\/apuntesdesanluis.com\/index.php\/2023\/09\/19\/el-intendente-firmo-un-convenio-de-colaboracion-con-el-colegio-industrial\/#primaryimage","url":"https:\/\/apuntesdesanluis.com\/wp-content\/uploads\/2023\/09\/firma.png","contentUrl":"https:\/\/apuntesdesanluis.com\/wp-content\/uploads\/2023\/09\/firma.png","width":875,"height":574},{"@type":"BreadcrumbList","@id":"https:\/\/apuntesdesanluis.com\/index.php\/2023\/09\/19\/el-intendente-firmo-un-convenio-de-colaboracion-con-el-colegio-industrial\/#breadcrumb","itemListElement":[{"@type":"ListItem","position":1,"name":"Inicio","item":"https:\/\/apuntesdesanluis.com\/"},{"@type":"ListItem","position":2,"name":"EL INTENDENTE FIRM\u00d3 UN CONVENIO DE COLABORACI\u00d3N CON EL COLEGIO INDUSTRIAL"}]},{"@type":"WebSite","@id":"https:\/\/apuntesdesanluis.com\/#website","url":"https:\/\/apuntesdesanluis.com\/","name":"Apuntes de San Luis","description":"","publisher":{"@id":"https:\/\/apuntesdesanluis.com\/#\/schema\/person\/b55151d52296fcce64d1a72538a70b90"},"potentialAction":[{"@type":"SearchAction","target":{"@type":"EntryPoint","urlTemplate":"https:\/\/apuntesdesanluis.com\/?s={search_term_string}"},"query-input":{"@type":"PropertyValueSpecification","valueRequired":true,"valueName":"search_term_string"}}],"inLanguage":"es-AR"},{"@type":["Person","Organization"],"@id":"https:\/\/apuntesdesanluis.com\/#\/schema\/person\/b55151d52296fcce64d1a72538a70b90","name":"apuntesdesanluis.com","image":{"@type":"ImageObject","inLanguage":"es-AR","@id":"https:\/\/apuntesdesanluis.com\/#\/schema\/person\/image\/","url":"https:\/\/apuntesdesanluis.com\/wp-content\/uploads\/2023\/07\/cropped-apuntesdesanluis.png","contentUrl":"https:\/\/apuntesdesanluis.com\/wp-content\/uploads\/2023\/07\/cropped-apuntesdesanluis.png","width":450,"height":112,"caption":"apuntesdesanluis.com"},"logo":{"@id":"https:\/\/apuntesdesanluis.com\/#\/schema\/person\/image\/"},"sameAs":["https:\/\/apuntesdesanluis.com"],"url":"https:\/\/apuntesdesanluis.com\/index.php\/author\/apuntesdesanluis-com\/"}]}},"featured_image_urls":{"full":["https:\/\/apuntesdesanluis.com\/wp-content\/uploads\/2023\/09\/firma.png",875,574,false],"thumbnail":["https:\/\/apuntesdesanluis.com\/wp-content\/uploads\/2023\/09\/firma-150x150.png",150,150,true],"medium":["https:\/\/apuntesdesanluis.com\/wp-content\/uploads\/2023\/09\/firma-300x197.png",300,197,true],"medium_large":["https:\/\/apuntesdesanluis.com\/wp-content\/uploads\/2023\/09\/firma-768x504.png",640,420,true],"large":["https:\/\/apuntesdesanluis.com\/wp-content\/uploads\/2023\/09\/firma.png",640,420,false],"1536x1536":["https:\/\/apuntesdesanluis.com\/wp-content\/uploads\/2023\/09\/firma.png",875,574,false],"2048x2048":["https:\/\/apuntesdesanluis.com\/wp-content\/uploads\/2023\/09\/firma.png",875,574,false],"newsever-slider-full":["https:\/\/apuntesdesanluis.com\/wp-content\/uploads\/2023\/09\/firma.png",875,574,false],"newsever-featured":["https:\/\/apuntesdesanluis.com\/wp-content\/uploads\/2023\/09\/firma.png",875,574,false],"newsever-medium":["https:\/\/apuntesdesanluis.com\/wp-content\/uploads\/2023\/09\/firma-720x475.png",720,475,true]},"author_info":{"display_name":"apuntesdesanluis.com","author_link":"https:\/\/apuntesdesanluis.com\/index.php\/author\/apuntesdesanluis-com\/"},"category_info":"<a href=\"https:\/\/apuntesdesanluis.com\/index.php\/category\/ciudad-provincia\/\" rel=\"category tag\">Ciudad\/Provincia<\/a>","tag_info":"Ciudad\/Provincia","comment_count":"0","_links":{"self":[{"href":"https:\/\/apuntesdesanluis.com\/index.php\/wp-json\/wp\/v2\/posts\/3604","targetHints":{"allow":["GET"]}}],"collection":[{"href":"https:\/\/apuntesdesanluis.com\/index.php\/wp-json\/wp\/v2\/posts"}],"about":[{"href":"https:\/\/apuntesdesanluis.com\/index.php\/wp-json\/wp\/v2\/types\/post"}],"author":[{"embeddable":true,"href":"https:\/\/apuntesdesanluis.com\/index.php\/wp-json\/wp\/v2\/users\/1"}],"replies":[{"embeddable":true,"href":"https:\/\/apuntesdesanluis.com\/index.php\/wp-json\/wp\/v2\/comments?post=3604"}],"version-history":[{"count":2,"href":"https:\/\/apuntesdesanluis.com\/index.php\/wp-json\/wp\/v2\/posts\/3604\/revisions"}],"predecessor-version":[{"id":3608,"href":"https:\/\/apuntesdesanluis.com\/index.php\/wp-json\/wp\/v2\/posts\/3604\/revisions\/3608"}],"wp:featuredmedia":[{"embeddable":true,"href":"https:\/\/apuntesdesanluis.com\/index.php\/wp-json\/wp\/v2\/media\/3605"}],"wp:attachment":[{"href":"https:\/\/apuntesdesanluis.com\/index.php\/wp-json\/wp\/v2\/media?parent=3604"}],"wp:term":[{"taxonomy":"category","embeddable":true,"href":"https:\/\/apuntesdesanluis.com\/index.php\/wp-json\/wp\/v2\/categories?post=3604"},{"taxonomy":"post_tag","embeddable":true,"href":"https:\/\/apuntesdesanluis.com\/index.php\/wp-json\/wp\/v2\/tags?post=3604"}],"curies":[{"name":"wp","href":"https:\/\/api.w.org\/{rel}","templated":true}]}}