{"id":3609,"date":"2023-09-19T21:02:44","date_gmt":"2023-09-20T00:02:44","guid":{"rendered":"https:\/\/apuntesdesanluis.com\/?p=3609"},"modified":"2023-09-19T21:02:44","modified_gmt":"2023-09-20T00:02:44","slug":"en-la-onu-fernandez-apunto-al-fmi-y-reitero-el-reclamo-por-malvinas","status":"publish","type":"post","link":"https:\/\/apuntesdesanluis.com\/index.php\/2023\/09\/19\/en-la-onu-fernandez-apunto-al-fmi-y-reitero-el-reclamo-por-malvinas\/","title":{"rendered":"EN LA ONU, FERN\u00c1NDEZ APUNT\u00d3 AL FMI Y REITER\u00d3 EL RECLAMO POR MALVINAS"},"content":{"rendered":"<h3 class=\"yiv7409174924ydp6329976emsonormal\" style=\"text-align: justify; background: white;\"><span style=\"font-family: 'Arial','sans-serif'; color: #1d2228;\">El presidente Alberto Fern\u00e1ndez brind\u00f3 su discurso ante la 78\u00b0 Asamblea General de las Naciones Unidas, en Nueva York, donde cuestion\u00f3 al Fondo Monetario Internacional (FMI) por los sobrecargos y ratific\u00f3 el reclamo de la Argentina al Reino Unido por las Islas Malvinas.<\/span><\/h3>\n<h3 class=\"yiv7409174924ydp6329976emsonormal\" style=\"text-align: justify; background: white;\"><span style=\"font-family: 'Arial','sans-serif'; color: #1d2228;\">El mandatario nacional, en su cuarto mensaje ante la ONU, tambi\u00e9n reclam\u00f3 la finalizaci\u00f3n del bloqueo a Cuba y Venezuela, al tiempo que se refiri\u00f3 del atentado a la AMIA.<\/span><\/h3>\n<h3 class=\"yiv7409174924ydp6329976emsonormal\" style=\"text-align: justify; background: white;\"><span style=\"font-family: 'Arial','sans-serif'; color: #1d2228;\">Fern\u00e1ndez cuestion\u00f3 al FMI por \u201caplicar sobrecargos a muchos pa\u00edses\u201d que hacen que \u201cse vuelva insoportable cargar la mochila de la deuda externa\u201d.<\/span><\/h3>\n<h3 class=\"yiv7409174924ydp6329976emsonormal\" style=\"text-align: justify; background: white;\"><span style=\"font-family: 'Arial','sans-serif'; color: #1d2228;\">\u201cFinancian a Ucrania en medio de la guerra y mientras aplican sobrecargos a los intereses que le cobran\u201d, critic\u00f3 el Presidente, que tambi\u00e9n reclam\u00f3:\u00a0<\/span><span style=\"font-family: 'Arial','sans-serif'; color: #1d2228;\">\u201cNecesitamos un nuevo marco de tratamiento de las deudas soberanas que tenga como norte el desarrollo con justicia social\u201d, consider\u00f3.<\/span><\/h3>\n<h3 class=\"yiv7409174924ydp6329976emsonormal\" style=\"text-align: justify; background: white;\"><span style=\"font-family: 'Arial','sans-serif'; color: #1d2228;\">\u201cLa experiencia muestra que cuando se asfixia a un pueblo con la eterna condena del endeudamiento, sus fuerzas fenecen, las crisis sociales se potencian y las deudas se vuelven incobrables\u201d, agreg\u00f3.<\/span><\/h3>\n<h3 class=\"yiv7409174924ydp6329976emsonormal\" style=\"text-align: justify; background: white;\"><span style=\"font-family: 'Arial','sans-serif'; color: #1d2228;\">A la vez, pidi\u00f3 el cese de los bloqueos y reiter\u00f3 que &#8220;la Argentina se opone firmemente a la utilizaci\u00f3n de medidas unilaterales de coerci\u00f3n y a la adopci\u00f3n de pr\u00e1cticas comerciales discriminatorias&#8221;.<\/span><\/h3>\n<h3 class=\"yiv7409174924ydp6329976emsonormal\" style=\"text-align: justify; background: white;\"><span style=\"font-family: 'Arial','sans-serif'; color: #1d2228;\">&#8220;La perpetuaci\u00f3n del bloqueo contra Cuba es inadmisible\u201d, sostuvo Fern\u00e1ndez, que este s\u00e1bado estuvo en La Habana con el presidente de ese pa\u00eds, Miguel D\u00edaz Canel.<\/span><\/h3>\n<h3 class=\"yiv7409174924ydp6329976emsonormal\" style=\"text-align: justify; background: white;\"><span style=\"font-family: 'Arial','sans-serif'; color: #1d2228;\">En ese tramo del discurso, tambi\u00e9n reclam\u00f3 \u201ccesar de inmediato las sanciones impuestas por los Estados Unidos a Venezuela\u201d.<\/span><\/h3>\n<h3 class=\"yiv7409174924ydp6329976emsonormal\" style=\"text-align: justify; background: white;\"><span style=\"font-family: 'Arial','sans-serif'; color: #1d2228;\">En tanto, Fern\u00e1ndez habl\u00f3 de la vocaci\u00f3n del Gobierno de \u201cseguir luchando contra la impunidad e investigando los atentados que sufrimos, en 1992, a la Embajada de Israel y, en 1994, a la AMIA\u201d.<\/span><\/h3>\n<h3 class=\"yiv7409174924ydp6329976emsonormal\" style=\"text-align: justify; background: white;\"><span style=\"font-family: 'Arial','sans-serif'; color: #1d2228;\">\u201cQueremos que los responsables de tan atroces ataques sean identificados, juzgados y condenados\u201d, expres\u00f3 el Presidente, que tambi\u00e9n llam\u00f3 a Ir\u00e1n a cooperar con las autoridades judiciales argentinas \u201cpara avanzar en la investigaci\u00f3n, del atentado contra la AMIA\u201d.<\/span><\/h3>\n<h3 class=\"yiv7409174924ydp6329976emsonormal\" style=\"text-align: justify; background: white;\"><span style=\"font-family: 'Arial','sans-serif'; color: #1d2228;\">\u201cExhortamos a la comunidad internacional, a que nos acompa\u00f1en en nuestra lucha evitando recibir o cobijar a cualquiera de los imputados, aun cuando gocen de inmunidad diplom\u00e1tica. Debemos recordar que sobre ellos pesan solicitudes de captura internacional y alertas rojas de Interpol\u201d, afirm\u00f3.<\/span><\/h3>\n<h3 class=\"yiv7409174924ydp6329976emsonormal\" style=\"text-align: justify; background: white;\"><span style=\"font-family: 'Arial','sans-serif'; color: #1d2228;\">A la vez, Fern\u00e1ndez reafirm\u00f3 &#8220;los leg\u00edtimos derechos de la Argentina sobre las Islas Malvinas, Georgias del Sur, Sandwich del Sur y los espacios mar\u00edtimos circundantes&#8221;.<\/span><\/h3>\n<h3 class=\"yiv7409174924ydp6329976emsonormal\" style=\"text-align: justify; background: white;\"><span style=\"font-family: 'Arial','sans-serif'; color: #1d2228;\">&#8220;Forman parte integrante del territorio nacional argentino y se encuentran ocupados ilegalmente por el Reino Unido desde hace casi dos siglos&#8221;, enfatiz\u00f3 el mandatario nacional, que estuvo en la sala junto al secretario general de la Presidencia, Julio Vitobello.<\/span><\/h3>\n<h3 class=\"yiv7409174924ydp6329976emsonormal\" style=\"text-align: justify; background: white;\"><span style=\"font-family: 'Arial','sans-serif'; color: #1d2228;\">Y manifest\u00f3: &#8220;Cuestionamos que siga desarrollando actividades unilaterales de exploraci\u00f3n y explotaci\u00f3n de recursos naturales en el \u00e1rea en disputa contradiciendo as\u00ed la resoluci\u00f3n 31\/49 de esta Asamblea, as\u00ed como tambi\u00e9n con su presencia militar en el Atl\u00e1ntico Sur&#8221;.<\/span><\/h3>\n<h3 class=\"yiv7409174924ydp6329976emsonormal\" style=\"text-align: justify; background: white;\"><span style=\"font-family: 'Arial','sans-serif'; color: #1d2228;\">&#8220;La Argentina mantiene un firme compromiso con la soluci\u00f3n pac\u00edfica de esta anacr\u00f3nica situaci\u00f3n colonial. Hemos propuesto al Reino Unido una renovada agenda bilateral sobre el Atl\u00e1ntico Sur que supone un proceso formal de di\u00e1logo que incluya, entre otras, la reanudaci\u00f3n de las negociaciones sobre la soberan\u00eda&#8221;, asegur\u00f3.<\/span><\/h3>\n","protected":false},"excerpt":{"rendered":"<p>El presidente Alberto Fern\u00e1ndez brind\u00f3 su discurso ante la 78\u00b0 Asamblea General de las Naciones&#8230;<\/p>\n","protected":false},"author":1,"featured_media":3610,"comment_status":"closed","ping_status":"closed","sticky":false,"template":"","format":"standard","meta":{"footnotes":""},"categories":[5],"tags":[],"class_list":["post-3609","post","type-post","status-publish","format-standard","has-post-thumbnail","hentry","category-nacionales-internacionales"],"yoast_head":"<!-- This site is optimized with the Yoast SEO plugin v26.1.1 - https:\/\/yoast.com\/wordpress\/plugins\/seo\/ -->\n<title>EN LA ONU, FERN\u00c1NDEZ APUNT\u00d3 AL FMI Y REITER\u00d3 EL RECLAMO POR MALVINAS - Apuntes de San Luis<\/title>\n<meta name=\"robots\" content=\"index, follow, max-snippet:-1, max-image-preview:large, max-video-preview:-1\" \/>\n<link rel=\"canonical\" href=\"https:\/\/apuntesdesanluis.com\/index.php\/2023\/09\/19\/en-la-onu-fernandez-apunto-al-fmi-y-reitero-el-reclamo-por-malvinas\/\" \/>\n<meta property=\"og:locale\" content=\"es_ES\" \/>\n<meta property=\"og:type\" content=\"article\" \/>\n<meta property=\"og:title\" content=\"EN LA ONU, FERN\u00c1NDEZ APUNT\u00d3 AL FMI Y REITER\u00d3 EL RECLAMO POR MALVINAS - Apuntes de San Luis\" \/>\n<meta property=\"og:description\" content=\"El presidente Alberto Fern\u00e1ndez brind\u00f3 su discurso ante la 78\u00b0 Asamblea General de las Naciones...\" \/>\n<meta property=\"og:url\" content=\"https:\/\/apuntesdesanluis.com\/index.php\/2023\/09\/19\/en-la-onu-fernandez-apunto-al-fmi-y-reitero-el-reclamo-por-malvinas\/\" \/>\n<meta property=\"og:site_name\" content=\"Apuntes de San Luis\" \/>\n<meta property=\"article:published_time\" content=\"2023-09-20T00:02:44+00:00\" \/>\n<meta property=\"og:image\" content=\"https:\/\/apuntesdesanluis.com\/wp-content\/uploads\/2023\/09\/fernandez.png\" \/>\n\t<meta property=\"og:image:width\" content=\"697\" \/>\n\t<meta property=\"og:image:height\" content=\"437\" \/>\n\t<meta property=\"og:image:type\" content=\"image\/png\" \/>\n<meta name=\"author\" content=\"apuntesdesanluis.com\" \/>\n<meta name=\"twitter:card\" content=\"summary_large_image\" \/>\n<meta name=\"twitter:label1\" content=\"Escrito por\" \/>\n\t<meta name=\"twitter:data1\" content=\"apuntesdesanluis.com\" \/>\n\t<meta name=\"twitter:label2\" content=\"Tiempo de lectura\" \/>\n\t<meta name=\"twitter:data2\" content=\"3 minutos\" \/>\n<script type=\"application\/ld+json\" class=\"yoast-schema-graph\">{\"@context\":\"https:\/\/schema.org\",\"@graph\":[{\"@type\":\"Article\",\"@id\":\"https:\/\/apuntesdesanluis.com\/index.php\/2023\/09\/19\/en-la-onu-fernandez-apunto-al-fmi-y-reitero-el-reclamo-por-malvinas\/#article\",\"isPartOf\":{\"@id\":\"https:\/\/apuntesdesanluis.com\/index.php\/2023\/09\/19\/en-la-onu-fernandez-apunto-al-fmi-y-reitero-el-reclamo-por-malvinas\/\"},\"author\":{\"name\":\"apuntesdesanluis.com\",\"@id\":\"https:\/\/apuntesdesanluis.com\/#\/schema\/person\/b55151d52296fcce64d1a72538a70b90\"},\"headline\":\"EN LA ONU, FERN\u00c1NDEZ APUNT\u00d3 AL FMI Y REITER\u00d3 EL RECLAMO POR MALVINAS\",\"datePublished\":\"2023-09-20T00:02:44+00:00\",\"mainEntityOfPage\":{\"@id\":\"https:\/\/apuntesdesanluis.com\/index.php\/2023\/09\/19\/en-la-onu-fernandez-apunto-al-fmi-y-reitero-el-reclamo-por-malvinas\/\"},\"wordCount\":565,\"publisher\":{\"@id\":\"https:\/\/apuntesdesanluis.com\/#\/schema\/person\/b55151d52296fcce64d1a72538a70b90\"},\"image\":{\"@id\":\"https:\/\/apuntesdesanluis.com\/index.php\/2023\/09\/19\/en-la-onu-fernandez-apunto-al-fmi-y-reitero-el-reclamo-por-malvinas\/#primaryimage\"},\"thumbnailUrl\":\"https:\/\/apuntesdesanluis.com\/wp-content\/uploads\/2023\/09\/fernandez.png\",\"articleSection\":[\"Nacionales\/Internacionales\"],\"inLanguage\":\"es-AR\"},{\"@type\":\"WebPage\",\"@id\":\"https:\/\/apuntesdesanluis.com\/index.php\/2023\/09\/19\/en-la-onu-fernandez-apunto-al-fmi-y-reitero-el-reclamo-por-malvinas\/\",\"url\":\"https:\/\/apuntesdesanluis.com\/index.php\/2023\/09\/19\/en-la-onu-fernandez-apunto-al-fmi-y-reitero-el-reclamo-por-malvinas\/\",\"name\":\"EN LA ONU, FERN\u00c1NDEZ APUNT\u00d3 AL FMI Y REITER\u00d3 EL RECLAMO POR MALVINAS - Apuntes de San Luis\",\"isPartOf\":{\"@id\":\"https:\/\/apuntesdesanluis.com\/#website\"},\"primaryImageOfPage\":{\"@id\":\"https:\/\/apuntesdesanluis.com\/index.php\/2023\/09\/19\/en-la-onu-fernandez-apunto-al-fmi-y-reitero-el-reclamo-por-malvinas\/#primaryimage\"},\"image\":{\"@id\":\"https:\/\/apuntesdesanluis.com\/index.php\/2023\/09\/19\/en-la-onu-fernandez-apunto-al-fmi-y-reitero-el-reclamo-por-malvinas\/#primaryimage\"},\"thumbnailUrl\":\"https:\/\/apuntesdesanluis.com\/wp-content\/uploads\/2023\/09\/fernandez.png\",\"datePublished\":\"2023-09-20T00:02:44+00:00\",\"breadcrumb\":{\"@id\":\"https:\/\/apuntesdesanluis.com\/index.php\/2023\/09\/19\/en-la-onu-fernandez-apunto-al-fmi-y-reitero-el-reclamo-por-malvinas\/#breadcrumb\"},\"inLanguage\":\"es-AR\",\"potentialAction\":[{\"@type\":\"ReadAction\",\"target\":[\"https:\/\/apuntesdesanluis.com\/index.php\/2023\/09\/19\/en-la-onu-fernandez-apunto-al-fmi-y-reitero-el-reclamo-por-malvinas\/\"]}]},{\"@type\":\"ImageObject\",\"inLanguage\":\"es-AR\",\"@id\":\"https:\/\/apuntesdesanluis.com\/index.php\/2023\/09\/19\/en-la-onu-fernandez-apunto-al-fmi-y-reitero-el-reclamo-por-malvinas\/#primaryimage\",\"url\":\"https:\/\/apuntesdesanluis.com\/wp-content\/uploads\/2023\/09\/fernandez.png\",\"contentUrl\":\"https:\/\/apuntesdesanluis.com\/wp-content\/uploads\/2023\/09\/fernandez.png\",\"width\":697,\"height\":437},{\"@type\":\"BreadcrumbList\",\"@id\":\"https:\/\/apuntesdesanluis.com\/index.php\/2023\/09\/19\/en-la-onu-fernandez-apunto-al-fmi-y-reitero-el-reclamo-por-malvinas\/#breadcrumb\",\"itemListElement\":[{\"@type\":\"ListItem\",\"position\":1,\"name\":\"Inicio\",\"item\":\"https:\/\/apuntesdesanluis.com\/\"},{\"@type\":\"ListItem\",\"position\":2,\"name\":\"EN LA ONU, FERN\u00c1NDEZ APUNT\u00d3 AL FMI Y REITER\u00d3 EL RECLAMO POR MALVINAS\"}]},{\"@type\":\"WebSite\",\"@id\":\"https:\/\/apuntesdesanluis.com\/#website\",\"url\":\"https:\/\/apuntesdesanluis.com\/\",\"name\":\"Apuntes de San Luis\",\"description\":\"\",\"publisher\":{\"@id\":\"https:\/\/apuntesdesanluis.com\/#\/schema\/person\/b55151d52296fcce64d1a72538a70b90\"},\"potentialAction\":[{\"@type\":\"SearchAction\",\"target\":{\"@type\":\"EntryPoint\",\"urlTemplate\":\"https:\/\/apuntesdesanluis.com\/?s={search_term_string}\"},\"query-input\":{\"@type\":\"PropertyValueSpecification\",\"valueRequired\":true,\"valueName\":\"search_term_string\"}}],\"inLanguage\":\"es-AR\"},{\"@type\":[\"Person\",\"Organization\"],\"@id\":\"https:\/\/apuntesdesanluis.com\/#\/schema\/person\/b55151d52296fcce64d1a72538a70b90\",\"name\":\"apuntesdesanluis.com\",\"image\":{\"@type\":\"ImageObject\",\"inLanguage\":\"es-AR\",\"@id\":\"https:\/\/apuntesdesanluis.com\/#\/schema\/person\/image\/\",\"url\":\"https:\/\/apuntesdesanluis.com\/wp-content\/uploads\/2023\/07\/cropped-apuntesdesanluis.png\",\"contentUrl\":\"https:\/\/apuntesdesanluis.com\/wp-content\/uploads\/2023\/07\/cropped-apuntesdesanluis.png\",\"width\":450,\"height\":112,\"caption\":\"apuntesdesanluis.com\"},\"logo\":{\"@id\":\"https:\/\/apuntesdesanluis.com\/#\/schema\/person\/image\/\"},\"sameAs\":[\"https:\/\/apuntesdesanluis.com\"],\"url\":\"https:\/\/apuntesdesanluis.com\/index.php\/author\/apuntesdesanluis-com\/\"}]}<\/script>\n<!-- \/ Yoast SEO plugin. -->","yoast_head_json":{"title":"EN LA ONU, FERN\u00c1NDEZ APUNT\u00d3 AL FMI Y REITER\u00d3 EL RECLAMO POR MALVINAS - Apuntes de San Luis","robots":{"index":"index","follow":"follow","max-snippet":"max-snippet:-1","max-image-preview":"max-image-preview:large","max-video-preview":"max-video-preview:-1"},"canonical":"https:\/\/apuntesdesanluis.com\/index.php\/2023\/09\/19\/en-la-onu-fernandez-apunto-al-fmi-y-reitero-el-reclamo-por-malvinas\/","og_locale":"es_ES","og_type":"article","og_title":"EN LA ONU, FERN\u00c1NDEZ APUNT\u00d3 AL FMI Y REITER\u00d3 EL RECLAMO POR MALVINAS - Apuntes de San Luis","og_description":"El presidente Alberto Fern\u00e1ndez brind\u00f3 su discurso ante la 78\u00b0 Asamblea General de las Naciones...","og_url":"https:\/\/apuntesdesanluis.com\/index.php\/2023\/09\/19\/en-la-onu-fernandez-apunto-al-fmi-y-reitero-el-reclamo-por-malvinas\/","og_site_name":"Apuntes de San Luis","article_published_time":"2023-09-20T00:02:44+00:00","og_image":[{"width":697,"height":437,"url":"https:\/\/apuntesdesanluis.com\/wp-content\/uploads\/2023\/09\/fernandez.png","type":"image\/png"}],"author":"apuntesdesanluis.com","twitter_card":"summary_large_image","twitter_misc":{"Escrito por":"apuntesdesanluis.com","Tiempo de lectura":"3 minutos"},"schema":{"@context":"https:\/\/schema.org","@graph":[{"@type":"Article","@id":"https:\/\/apuntesdesanluis.com\/index.php\/2023\/09\/19\/en-la-onu-fernandez-apunto-al-fmi-y-reitero-el-reclamo-por-malvinas\/#article","isPartOf":{"@id":"https:\/\/apuntesdesanluis.com\/index.php\/2023\/09\/19\/en-la-onu-fernandez-apunto-al-fmi-y-reitero-el-reclamo-por-malvinas\/"},"author":{"name":"apuntesdesanluis.com","@id":"https:\/\/apuntesdesanluis.com\/#\/schema\/person\/b55151d52296fcce64d1a72538a70b90"},"headline":"EN LA ONU, FERN\u00c1NDEZ APUNT\u00d3 AL FMI Y REITER\u00d3 EL RECLAMO POR MALVINAS","datePublished":"2023-09-20T00:02:44+00:00","mainEntityOfPage":{"@id":"https:\/\/apuntesdesanluis.com\/index.php\/2023\/09\/19\/en-la-onu-fernandez-apunto-al-fmi-y-reitero-el-reclamo-por-malvinas\/"},"wordCount":565,"publisher":{"@id":"https:\/\/apuntesdesanluis.com\/#\/schema\/person\/b55151d52296fcce64d1a72538a70b90"},"image":{"@id":"https:\/\/apuntesdesanluis.com\/index.php\/2023\/09\/19\/en-la-onu-fernandez-apunto-al-fmi-y-reitero-el-reclamo-por-malvinas\/#primaryimage"},"thumbnailUrl":"https:\/\/apuntesdesanluis.com\/wp-content\/uploads\/2023\/09\/fernandez.png","articleSection":["Nacionales\/Internacionales"],"inLanguage":"es-AR"},{"@type":"WebPage","@id":"https:\/\/apuntesdesanluis.com\/index.php\/2023\/09\/19\/en-la-onu-fernandez-apunto-al-fmi-y-reitero-el-reclamo-por-malvinas\/","url":"https:\/\/apuntesdesanluis.com\/index.php\/2023\/09\/19\/en-la-onu-fernandez-apunto-al-fmi-y-reitero-el-reclamo-por-malvinas\/","name":"EN LA ONU, FERN\u00c1NDEZ APUNT\u00d3 AL FMI Y REITER\u00d3 EL RECLAMO POR MALVINAS - Apuntes de San Luis","isPartOf":{"@id":"https:\/\/apuntesdesanluis.com\/#website"},"primaryImageOfPage":{"@id":"https:\/\/apuntesdesanluis.com\/index.php\/2023\/09\/19\/en-la-onu-fernandez-apunto-al-fmi-y-reitero-el-reclamo-por-malvinas\/#primaryimage"},"image":{"@id":"https:\/\/apuntesdesanluis.com\/index.php\/2023\/09\/19\/en-la-onu-fernandez-apunto-al-fmi-y-reitero-el-reclamo-por-malvinas\/#primaryimage"},"thumbnailUrl":"https:\/\/apuntesdesanluis.com\/wp-content\/uploads\/2023\/09\/fernandez.png","datePublished":"2023-09-20T00:02:44+00:00","breadcrumb":{"@id":"https:\/\/apuntesdesanluis.com\/index.php\/2023\/09\/19\/en-la-onu-fernandez-apunto-al-fmi-y-reitero-el-reclamo-por-malvinas\/#breadcrumb"},"inLanguage":"es-AR","potentialAction":[{"@type":"ReadAction","target":["https:\/\/apuntesdesanluis.com\/index.php\/2023\/09\/19\/en-la-onu-fernandez-apunto-al-fmi-y-reitero-el-reclamo-por-malvinas\/"]}]},{"@type":"ImageObject","inLanguage":"es-AR","@id":"https:\/\/apuntesdesanluis.com\/index.php\/2023\/09\/19\/en-la-onu-fernandez-apunto-al-fmi-y-reitero-el-reclamo-por-malvinas\/#primaryimage","url":"https:\/\/apuntesdesanluis.com\/wp-content\/uploads\/2023\/09\/fernandez.png","contentUrl":"https:\/\/apuntesdesanluis.com\/wp-content\/uploads\/2023\/09\/fernandez.png","width":697,"height":437},{"@type":"BreadcrumbList","@id":"https:\/\/apuntesdesanluis.com\/index.php\/2023\/09\/19\/en-la-onu-fernandez-apunto-al-fmi-y-reitero-el-reclamo-por-malvinas\/#breadcrumb","itemListElement":[{"@type":"ListItem","position":1,"name":"Inicio","item":"https:\/\/apuntesdesanluis.com\/"},{"@type":"ListItem","position":2,"name":"EN LA ONU, FERN\u00c1NDEZ APUNT\u00d3 AL FMI Y REITER\u00d3 EL RECLAMO POR MALVINAS"}]},{"@type":"WebSite","@id":"https:\/\/apuntesdesanluis.com\/#website","url":"https:\/\/apuntesdesanluis.com\/","name":"Apuntes de San Luis","description":"","publisher":{"@id":"https:\/\/apuntesdesanluis.com\/#\/schema\/person\/b55151d52296fcce64d1a72538a70b90"},"potentialAction":[{"@type":"SearchAction","target":{"@type":"EntryPoint","urlTemplate":"https:\/\/apuntesdesanluis.com\/?s={search_term_string}"},"query-input":{"@type":"PropertyValueSpecification","valueRequired":true,"valueName":"search_term_string"}}],"inLanguage":"es-AR"},{"@type":["Person","Organization"],"@id":"https:\/\/apuntesdesanluis.com\/#\/schema\/person\/b55151d52296fcce64d1a72538a70b90","name":"apuntesdesanluis.com","image":{"@type":"ImageObject","inLanguage":"es-AR","@id":"https:\/\/apuntesdesanluis.com\/#\/schema\/person\/image\/","url":"https:\/\/apuntesdesanluis.com\/wp-content\/uploads\/2023\/07\/cropped-apuntesdesanluis.png","contentUrl":"https:\/\/apuntesdesanluis.com\/wp-content\/uploads\/2023\/07\/cropped-apuntesdesanluis.png","width":450,"height":112,"caption":"apuntesdesanluis.com"},"logo":{"@id":"https:\/\/apuntesdesanluis.com\/#\/schema\/person\/image\/"},"sameAs":["https:\/\/apuntesdesanluis.com"],"url":"https:\/\/apuntesdesanluis.com\/index.php\/author\/apuntesdesanluis-com\/"}]}},"featured_image_urls":{"full":["https:\/\/apuntesdesanluis.com\/wp-content\/uploads\/2023\/09\/fernandez.png",697,437,false],"thumbnail":["https:\/\/apuntesdesanluis.com\/wp-content\/uploads\/2023\/09\/fernandez-150x150.png",150,150,true],"medium":["https:\/\/apuntesdesanluis.com\/wp-content\/uploads\/2023\/09\/fernandez-300x188.png",300,188,true],"medium_large":["https:\/\/apuntesdesanluis.com\/wp-content\/uploads\/2023\/09\/fernandez.png",640,401,false],"large":["https:\/\/apuntesdesanluis.com\/wp-content\/uploads\/2023\/09\/fernandez.png",640,401,false],"1536x1536":["https:\/\/apuntesdesanluis.com\/wp-content\/uploads\/2023\/09\/fernandez.png",697,437,false],"2048x2048":["https:\/\/apuntesdesanluis.com\/wp-content\/uploads\/2023\/09\/fernandez.png",697,437,false],"newsever-slider-full":["https:\/\/apuntesdesanluis.com\/wp-content\/uploads\/2023\/09\/fernandez.png",697,437,false],"newsever-featured":["https:\/\/apuntesdesanluis.com\/wp-content\/uploads\/2023\/09\/fernandez.png",697,437,false],"newsever-medium":["https:\/\/apuntesdesanluis.com\/wp-content\/uploads\/2023\/09\/fernandez.png",697,437,false]},"author_info":{"display_name":"apuntesdesanluis.com","author_link":"https:\/\/apuntesdesanluis.com\/index.php\/author\/apuntesdesanluis-com\/"},"category_info":"<a href=\"https:\/\/apuntesdesanluis.com\/index.php\/category\/nacionales-internacionales\/\" rel=\"category tag\">Nacionales\/Internacionales<\/a>","tag_info":"Nacionales\/Internacionales","comment_count":"0","_links":{"self":[{"href":"https:\/\/apuntesdesanluis.com\/index.php\/wp-json\/wp\/v2\/posts\/3609","targetHints":{"allow":["GET"]}}],"collection":[{"href":"https:\/\/apuntesdesanluis.com\/index.php\/wp-json\/wp\/v2\/posts"}],"about":[{"href":"https:\/\/apuntesdesanluis.com\/index.php\/wp-json\/wp\/v2\/types\/post"}],"author":[{"embeddable":true,"href":"https:\/\/apuntesdesanluis.com\/index.php\/wp-json\/wp\/v2\/users\/1"}],"replies":[{"embeddable":true,"href":"https:\/\/apuntesdesanluis.com\/index.php\/wp-json\/wp\/v2\/comments?post=3609"}],"version-history":[{"count":1,"href":"https:\/\/apuntesdesanluis.com\/index.php\/wp-json\/wp\/v2\/posts\/3609\/revisions"}],"predecessor-version":[{"id":3611,"href":"https:\/\/apuntesdesanluis.com\/index.php\/wp-json\/wp\/v2\/posts\/3609\/revisions\/3611"}],"wp:featuredmedia":[{"embeddable":true,"href":"https:\/\/apuntesdesanluis.com\/index.php\/wp-json\/wp\/v2\/media\/3610"}],"wp:attachment":[{"href":"https:\/\/apuntesdesanluis.com\/index.php\/wp-json\/wp\/v2\/media?parent=3609"}],"wp:term":[{"taxonomy":"category","embeddable":true,"href":"https:\/\/apuntesdesanluis.com\/index.php\/wp-json\/wp\/v2\/categories?post=3609"},{"taxonomy":"post_tag","embeddable":true,"href":"https:\/\/apuntesdesanluis.com\/index.php\/wp-json\/wp\/v2\/tags?post=3609"}],"curies":[{"name":"wp","href":"https:\/\/api.w.org\/{rel}","templated":true}]}}