{"id":3629,"date":"2023-09-20T10:05:51","date_gmt":"2023-09-20T13:05:51","guid":{"rendered":"https:\/\/apuntesdesanluis.com\/?p=3629"},"modified":"2023-09-20T11:41:42","modified_gmt":"2023-09-20T14:41:42","slug":"la-municipalidad-de-san-luis-anunciaria-este-miercoles-un-aumento-salarial","status":"publish","type":"post","link":"https:\/\/apuntesdesanluis.com\/index.php\/2023\/09\/20\/la-municipalidad-de-san-luis-anunciaria-este-miercoles-un-aumento-salarial\/","title":{"rendered":"LA MUNICIPALIDAD DE SAN LUIS ANUNCIAR\u00cdA ESTE MI\u00c9RCOLES UN AUMENTO SALARIAL"},"content":{"rendered":"<h3>Tras el paro y protesta que iniciaron el lunes un grupo de empleados municipales autoconvocados de la Municipalidad de San Luis, entre hoy y ma\u00f1ana jueves el intendente Sergio Tamayo har\u00eda p\u00fablico un anuncio de recomposici\u00f3n salarial.<\/h3>\n<h3>Los manifestantes reclaman un piso salarial de $350.000, algo que es dif\u00edcil que se les conceda, seg\u00fan indic\u00f3 una fuente cercana a Secretar\u00eda de Hacienda.<\/h3>\n<h3>Ayer se sucedieron los llamados entre la Municipalidad y Terrazas del Portezuelo, a los fines de conocer si se podr\u00eda contar con un aporte extraordinario para hacer frente a la demanda de aumento.<\/h3>\n<h3>Por otra parte, comenzaron a hacer gestiones para descomprimir el conflicto el presidente del Concejo Deliberante, Gast\u00f3n T\u00e9moli, y el secretario de Gobierno, Andr\u00e9s Russo, quienes tomaron contacto con los empleados para asegurarles que en las pr\u00f3ximas horas se anunciar\u00eda un aumento y solicitarles que tuvieran \u201cpaciencia\u201d.<\/h3>\n<h3>El aumento que anunci\u00f3 el gobernador el pasado viernes, estableciendo un piso salarial de $300.000 para los estatales provinciales, y elevar sustancialmente el beneficio de los trabajadores de Inclusi\u00f3n Social, ha colocado en conflicto a todos los intendentes, ante la demanda de los empleados municipales de ser equiparados salarialmente en sinton\u00eda con la provincia.<\/h3>\n<h3>En ese sentido, el que pic\u00f3 en punta para \u201cparar la bronca\u201d fue el intendente municipal Maximiliano Frontera, que dispuso un aumento del 40% para todas las categor\u00edas, extensivo al personal de Obras Sanitarias Mercedes.<\/h3>\n<h3>En este contexto, la Municipalidad puntana enfrenta una doble presi\u00f3n: equiparar lo dado por el gobierno provincial o, al menos, disponer lo mismo que el intendente Maximiliano Frontera en Villa Mercedes.<\/h3>\n<p>&nbsp;<\/p>\n<h4>IMAGEN: GENTILEZA LA GACETA DIGITAL<\/h4>\n","protected":false},"excerpt":{"rendered":"<p>Tras el paro y protesta que iniciaron el lunes un grupo de empleados municipales autoconvocados&#8230;<\/p>\n","protected":false},"author":1,"featured_media":3630,"comment_status":"closed","ping_status":"closed","sticky":false,"template":"","format":"standard","meta":{"footnotes":""},"categories":[6],"tags":[],"class_list":["post-3629","post","type-post","status-publish","format-standard","has-post-thumbnail","hentry","category-ciudad-provincia"],"yoast_head":"<!-- This site is optimized with the Yoast SEO plugin v26.1.1 - https:\/\/yoast.com\/wordpress\/plugins\/seo\/ -->\n<title>LA MUNICIPALIDAD DE SAN LUIS ANUNCIAR\u00cdA ESTE MI\u00c9RCOLES UN AUMENTO SALARIAL - Apuntes de San Luis<\/title>\n<meta name=\"robots\" content=\"index, follow, max-snippet:-1, max-image-preview:large, max-video-preview:-1\" \/>\n<link rel=\"canonical\" href=\"https:\/\/apuntesdesanluis.com\/index.php\/2023\/09\/20\/la-municipalidad-de-san-luis-anunciaria-este-miercoles-un-aumento-salarial\/\" \/>\n<meta property=\"og:locale\" content=\"es_ES\" \/>\n<meta property=\"og:type\" content=\"article\" \/>\n<meta property=\"og:title\" content=\"LA MUNICIPALIDAD DE SAN LUIS ANUNCIAR\u00cdA ESTE MI\u00c9RCOLES UN AUMENTO SALARIAL - Apuntes de San Luis\" \/>\n<meta property=\"og:description\" content=\"Tras el paro y protesta que iniciaron el lunes un grupo de empleados municipales autoconvocados...\" \/>\n<meta property=\"og:url\" content=\"https:\/\/apuntesdesanluis.com\/index.php\/2023\/09\/20\/la-municipalidad-de-san-luis-anunciaria-este-miercoles-un-aumento-salarial\/\" \/>\n<meta property=\"og:site_name\" content=\"Apuntes de San Luis\" \/>\n<meta property=\"article:published_time\" content=\"2023-09-20T13:05:51+00:00\" \/>\n<meta property=\"article:modified_time\" content=\"2023-09-20T14:41:42+00:00\" \/>\n<meta property=\"og:image\" content=\"https:\/\/apuntesdesanluis.com\/wp-content\/uploads\/2023\/09\/muni-san-luis-protesta-empleados.webp\" \/>\n\t<meta property=\"og:image:width\" content=\"550\" \/>\n\t<meta property=\"og:image:height\" content=\"318\" \/>\n\t<meta property=\"og:image:type\" content=\"image\/webp\" \/>\n<meta name=\"author\" content=\"apuntesdesanluis.com\" \/>\n<meta name=\"twitter:card\" content=\"summary_large_image\" \/>\n<meta name=\"twitter:label1\" content=\"Escrito por\" \/>\n\t<meta name=\"twitter:data1\" content=\"apuntesdesanluis.com\" \/>\n\t<meta name=\"twitter:label2\" content=\"Tiempo de lectura\" \/>\n\t<meta name=\"twitter:data2\" content=\"2 minutos\" \/>\n<script type=\"application\/ld+json\" class=\"yoast-schema-graph\">{\"@context\":\"https:\/\/schema.org\",\"@graph\":[{\"@type\":\"Article\",\"@id\":\"https:\/\/apuntesdesanluis.com\/index.php\/2023\/09\/20\/la-municipalidad-de-san-luis-anunciaria-este-miercoles-un-aumento-salarial\/#article\",\"isPartOf\":{\"@id\":\"https:\/\/apuntesdesanluis.com\/index.php\/2023\/09\/20\/la-municipalidad-de-san-luis-anunciaria-este-miercoles-un-aumento-salarial\/\"},\"author\":{\"name\":\"apuntesdesanluis.com\",\"@id\":\"https:\/\/apuntesdesanluis.com\/#\/schema\/person\/b55151d52296fcce64d1a72538a70b90\"},\"headline\":\"LA MUNICIPALIDAD DE SAN LUIS ANUNCIAR\u00cdA ESTE MI\u00c9RCOLES UN AUMENTO SALARIAL\",\"datePublished\":\"2023-09-20T13:05:51+00:00\",\"dateModified\":\"2023-09-20T14:41:42+00:00\",\"mainEntityOfPage\":{\"@id\":\"https:\/\/apuntesdesanluis.com\/index.php\/2023\/09\/20\/la-municipalidad-de-san-luis-anunciaria-este-miercoles-un-aumento-salarial\/\"},\"wordCount\":295,\"publisher\":{\"@id\":\"https:\/\/apuntesdesanluis.com\/#\/schema\/person\/b55151d52296fcce64d1a72538a70b90\"},\"image\":{\"@id\":\"https:\/\/apuntesdesanluis.com\/index.php\/2023\/09\/20\/la-municipalidad-de-san-luis-anunciaria-este-miercoles-un-aumento-salarial\/#primaryimage\"},\"thumbnailUrl\":\"https:\/\/apuntesdesanluis.com\/wp-content\/uploads\/2023\/09\/muni-san-luis-protesta-empleados.webp\",\"articleSection\":[\"Ciudad\/Provincia\"],\"inLanguage\":\"es-AR\"},{\"@type\":\"WebPage\",\"@id\":\"https:\/\/apuntesdesanluis.com\/index.php\/2023\/09\/20\/la-municipalidad-de-san-luis-anunciaria-este-miercoles-un-aumento-salarial\/\",\"url\":\"https:\/\/apuntesdesanluis.com\/index.php\/2023\/09\/20\/la-municipalidad-de-san-luis-anunciaria-este-miercoles-un-aumento-salarial\/\",\"name\":\"LA MUNICIPALIDAD DE SAN LUIS ANUNCIAR\u00cdA ESTE MI\u00c9RCOLES UN AUMENTO SALARIAL - Apuntes de San Luis\",\"isPartOf\":{\"@id\":\"https:\/\/apuntesdesanluis.com\/#website\"},\"primaryImageOfPage\":{\"@id\":\"https:\/\/apuntesdesanluis.com\/index.php\/2023\/09\/20\/la-municipalidad-de-san-luis-anunciaria-este-miercoles-un-aumento-salarial\/#primaryimage\"},\"image\":{\"@id\":\"https:\/\/apuntesdesanluis.com\/index.php\/2023\/09\/20\/la-municipalidad-de-san-luis-anunciaria-este-miercoles-un-aumento-salarial\/#primaryimage\"},\"thumbnailUrl\":\"https:\/\/apuntesdesanluis.com\/wp-content\/uploads\/2023\/09\/muni-san-luis-protesta-empleados.webp\",\"datePublished\":\"2023-09-20T13:05:51+00:00\",\"dateModified\":\"2023-09-20T14:41:42+00:00\",\"breadcrumb\":{\"@id\":\"https:\/\/apuntesdesanluis.com\/index.php\/2023\/09\/20\/la-municipalidad-de-san-luis-anunciaria-este-miercoles-un-aumento-salarial\/#breadcrumb\"},\"inLanguage\":\"es-AR\",\"potentialAction\":[{\"@type\":\"ReadAction\",\"target\":[\"https:\/\/apuntesdesanluis.com\/index.php\/2023\/09\/20\/la-municipalidad-de-san-luis-anunciaria-este-miercoles-un-aumento-salarial\/\"]}]},{\"@type\":\"ImageObject\",\"inLanguage\":\"es-AR\",\"@id\":\"https:\/\/apuntesdesanluis.com\/index.php\/2023\/09\/20\/la-municipalidad-de-san-luis-anunciaria-este-miercoles-un-aumento-salarial\/#primaryimage\",\"url\":\"https:\/\/apuntesdesanluis.com\/wp-content\/uploads\/2023\/09\/muni-san-luis-protesta-empleados.webp\",\"contentUrl\":\"https:\/\/apuntesdesanluis.com\/wp-content\/uploads\/2023\/09\/muni-san-luis-protesta-empleados.webp\",\"width\":550,\"height\":318},{\"@type\":\"BreadcrumbList\",\"@id\":\"https:\/\/apuntesdesanluis.com\/index.php\/2023\/09\/20\/la-municipalidad-de-san-luis-anunciaria-este-miercoles-un-aumento-salarial\/#breadcrumb\",\"itemListElement\":[{\"@type\":\"ListItem\",\"position\":1,\"name\":\"Inicio\",\"item\":\"https:\/\/apuntesdesanluis.com\/\"},{\"@type\":\"ListItem\",\"position\":2,\"name\":\"LA MUNICIPALIDAD DE SAN LUIS ANUNCIAR\u00cdA ESTE MI\u00c9RCOLES UN AUMENTO SALARIAL\"}]},{\"@type\":\"WebSite\",\"@id\":\"https:\/\/apuntesdesanluis.com\/#website\",\"url\":\"https:\/\/apuntesdesanluis.com\/\",\"name\":\"Apuntes de San Luis\",\"description\":\"\",\"publisher\":{\"@id\":\"https:\/\/apuntesdesanluis.com\/#\/schema\/person\/b55151d52296fcce64d1a72538a70b90\"},\"potentialAction\":[{\"@type\":\"SearchAction\",\"target\":{\"@type\":\"EntryPoint\",\"urlTemplate\":\"https:\/\/apuntesdesanluis.com\/?s={search_term_string}\"},\"query-input\":{\"@type\":\"PropertyValueSpecification\",\"valueRequired\":true,\"valueName\":\"search_term_string\"}}],\"inLanguage\":\"es-AR\"},{\"@type\":[\"Person\",\"Organization\"],\"@id\":\"https:\/\/apuntesdesanluis.com\/#\/schema\/person\/b55151d52296fcce64d1a72538a70b90\",\"name\":\"apuntesdesanluis.com\",\"image\":{\"@type\":\"ImageObject\",\"inLanguage\":\"es-AR\",\"@id\":\"https:\/\/apuntesdesanluis.com\/#\/schema\/person\/image\/\",\"url\":\"https:\/\/apuntesdesanluis.com\/wp-content\/uploads\/2023\/07\/cropped-apuntesdesanluis.png\",\"contentUrl\":\"https:\/\/apuntesdesanluis.com\/wp-content\/uploads\/2023\/07\/cropped-apuntesdesanluis.png\",\"width\":450,\"height\":112,\"caption\":\"apuntesdesanluis.com\"},\"logo\":{\"@id\":\"https:\/\/apuntesdesanluis.com\/#\/schema\/person\/image\/\"},\"sameAs\":[\"https:\/\/apuntesdesanluis.com\"],\"url\":\"https:\/\/apuntesdesanluis.com\/index.php\/author\/apuntesdesanluis-com\/\"}]}<\/script>\n<!-- \/ Yoast SEO plugin. -->","yoast_head_json":{"title":"LA MUNICIPALIDAD DE SAN LUIS ANUNCIAR\u00cdA ESTE MI\u00c9RCOLES UN AUMENTO SALARIAL - Apuntes de San Luis","robots":{"index":"index","follow":"follow","max-snippet":"max-snippet:-1","max-image-preview":"max-image-preview:large","max-video-preview":"max-video-preview:-1"},"canonical":"https:\/\/apuntesdesanluis.com\/index.php\/2023\/09\/20\/la-municipalidad-de-san-luis-anunciaria-este-miercoles-un-aumento-salarial\/","og_locale":"es_ES","og_type":"article","og_title":"LA MUNICIPALIDAD DE SAN LUIS ANUNCIAR\u00cdA ESTE MI\u00c9RCOLES UN AUMENTO SALARIAL - Apuntes de San Luis","og_description":"Tras el paro y protesta que iniciaron el lunes un grupo de empleados municipales autoconvocados...","og_url":"https:\/\/apuntesdesanluis.com\/index.php\/2023\/09\/20\/la-municipalidad-de-san-luis-anunciaria-este-miercoles-un-aumento-salarial\/","og_site_name":"Apuntes de San Luis","article_published_time":"2023-09-20T13:05:51+00:00","article_modified_time":"2023-09-20T14:41:42+00:00","og_image":[{"width":550,"height":318,"url":"https:\/\/apuntesdesanluis.com\/wp-content\/uploads\/2023\/09\/muni-san-luis-protesta-empleados.webp","type":"image\/webp"}],"author":"apuntesdesanluis.com","twitter_card":"summary_large_image","twitter_misc":{"Escrito por":"apuntesdesanluis.com","Tiempo de lectura":"2 minutos"},"schema":{"@context":"https:\/\/schema.org","@graph":[{"@type":"Article","@id":"https:\/\/apuntesdesanluis.com\/index.php\/2023\/09\/20\/la-municipalidad-de-san-luis-anunciaria-este-miercoles-un-aumento-salarial\/#article","isPartOf":{"@id":"https:\/\/apuntesdesanluis.com\/index.php\/2023\/09\/20\/la-municipalidad-de-san-luis-anunciaria-este-miercoles-un-aumento-salarial\/"},"author":{"name":"apuntesdesanluis.com","@id":"https:\/\/apuntesdesanluis.com\/#\/schema\/person\/b55151d52296fcce64d1a72538a70b90"},"headline":"LA MUNICIPALIDAD DE SAN LUIS ANUNCIAR\u00cdA ESTE MI\u00c9RCOLES UN AUMENTO SALARIAL","datePublished":"2023-09-20T13:05:51+00:00","dateModified":"2023-09-20T14:41:42+00:00","mainEntityOfPage":{"@id":"https:\/\/apuntesdesanluis.com\/index.php\/2023\/09\/20\/la-municipalidad-de-san-luis-anunciaria-este-miercoles-un-aumento-salarial\/"},"wordCount":295,"publisher":{"@id":"https:\/\/apuntesdesanluis.com\/#\/schema\/person\/b55151d52296fcce64d1a72538a70b90"},"image":{"@id":"https:\/\/apuntesdesanluis.com\/index.php\/2023\/09\/20\/la-municipalidad-de-san-luis-anunciaria-este-miercoles-un-aumento-salarial\/#primaryimage"},"thumbnailUrl":"https:\/\/apuntesdesanluis.com\/wp-content\/uploads\/2023\/09\/muni-san-luis-protesta-empleados.webp","articleSection":["Ciudad\/Provincia"],"inLanguage":"es-AR"},{"@type":"WebPage","@id":"https:\/\/apuntesdesanluis.com\/index.php\/2023\/09\/20\/la-municipalidad-de-san-luis-anunciaria-este-miercoles-un-aumento-salarial\/","url":"https:\/\/apuntesdesanluis.com\/index.php\/2023\/09\/20\/la-municipalidad-de-san-luis-anunciaria-este-miercoles-un-aumento-salarial\/","name":"LA MUNICIPALIDAD DE SAN LUIS ANUNCIAR\u00cdA ESTE MI\u00c9RCOLES UN AUMENTO SALARIAL - Apuntes de San Luis","isPartOf":{"@id":"https:\/\/apuntesdesanluis.com\/#website"},"primaryImageOfPage":{"@id":"https:\/\/apuntesdesanluis.com\/index.php\/2023\/09\/20\/la-municipalidad-de-san-luis-anunciaria-este-miercoles-un-aumento-salarial\/#primaryimage"},"image":{"@id":"https:\/\/apuntesdesanluis.com\/index.php\/2023\/09\/20\/la-municipalidad-de-san-luis-anunciaria-este-miercoles-un-aumento-salarial\/#primaryimage"},"thumbnailUrl":"https:\/\/apuntesdesanluis.com\/wp-content\/uploads\/2023\/09\/muni-san-luis-protesta-empleados.webp","datePublished":"2023-09-20T13:05:51+00:00","dateModified":"2023-09-20T14:41:42+00:00","breadcrumb":{"@id":"https:\/\/apuntesdesanluis.com\/index.php\/2023\/09\/20\/la-municipalidad-de-san-luis-anunciaria-este-miercoles-un-aumento-salarial\/#breadcrumb"},"inLanguage":"es-AR","potentialAction":[{"@type":"ReadAction","target":["https:\/\/apuntesdesanluis.com\/index.php\/2023\/09\/20\/la-municipalidad-de-san-luis-anunciaria-este-miercoles-un-aumento-salarial\/"]}]},{"@type":"ImageObject","inLanguage":"es-AR","@id":"https:\/\/apuntesdesanluis.com\/index.php\/2023\/09\/20\/la-municipalidad-de-san-luis-anunciaria-este-miercoles-un-aumento-salarial\/#primaryimage","url":"https:\/\/apuntesdesanluis.com\/wp-content\/uploads\/2023\/09\/muni-san-luis-protesta-empleados.webp","contentUrl":"https:\/\/apuntesdesanluis.com\/wp-content\/uploads\/2023\/09\/muni-san-luis-protesta-empleados.webp","width":550,"height":318},{"@type":"BreadcrumbList","@id":"https:\/\/apuntesdesanluis.com\/index.php\/2023\/09\/20\/la-municipalidad-de-san-luis-anunciaria-este-miercoles-un-aumento-salarial\/#breadcrumb","itemListElement":[{"@type":"ListItem","position":1,"name":"Inicio","item":"https:\/\/apuntesdesanluis.com\/"},{"@type":"ListItem","position":2,"name":"LA MUNICIPALIDAD DE SAN LUIS ANUNCIAR\u00cdA ESTE MI\u00c9RCOLES UN AUMENTO SALARIAL"}]},{"@type":"WebSite","@id":"https:\/\/apuntesdesanluis.com\/#website","url":"https:\/\/apuntesdesanluis.com\/","name":"Apuntes de San Luis","description":"","publisher":{"@id":"https:\/\/apuntesdesanluis.com\/#\/schema\/person\/b55151d52296fcce64d1a72538a70b90"},"potentialAction":[{"@type":"SearchAction","target":{"@type":"EntryPoint","urlTemplate":"https:\/\/apuntesdesanluis.com\/?s={search_term_string}"},"query-input":{"@type":"PropertyValueSpecification","valueRequired":true,"valueName":"search_term_string"}}],"inLanguage":"es-AR"},{"@type":["Person","Organization"],"@id":"https:\/\/apuntesdesanluis.com\/#\/schema\/person\/b55151d52296fcce64d1a72538a70b90","name":"apuntesdesanluis.com","image":{"@type":"ImageObject","inLanguage":"es-AR","@id":"https:\/\/apuntesdesanluis.com\/#\/schema\/person\/image\/","url":"https:\/\/apuntesdesanluis.com\/wp-content\/uploads\/2023\/07\/cropped-apuntesdesanluis.png","contentUrl":"https:\/\/apuntesdesanluis.com\/wp-content\/uploads\/2023\/07\/cropped-apuntesdesanluis.png","width":450,"height":112,"caption":"apuntesdesanluis.com"},"logo":{"@id":"https:\/\/apuntesdesanluis.com\/#\/schema\/person\/image\/"},"sameAs":["https:\/\/apuntesdesanluis.com"],"url":"https:\/\/apuntesdesanluis.com\/index.php\/author\/apuntesdesanluis-com\/"}]}},"featured_image_urls":{"full":["https:\/\/apuntesdesanluis.com\/wp-content\/uploads\/2023\/09\/muni-san-luis-protesta-empleados.webp",550,318,false],"thumbnail":["https:\/\/apuntesdesanluis.com\/wp-content\/uploads\/2023\/09\/muni-san-luis-protesta-empleados-150x150.webp",150,150,true],"medium":["https:\/\/apuntesdesanluis.com\/wp-content\/uploads\/2023\/09\/muni-san-luis-protesta-empleados-300x173.webp",300,173,true],"medium_large":["https:\/\/apuntesdesanluis.com\/wp-content\/uploads\/2023\/09\/muni-san-luis-protesta-empleados.webp",550,318,false],"large":["https:\/\/apuntesdesanluis.com\/wp-content\/uploads\/2023\/09\/muni-san-luis-protesta-empleados.webp",550,318,false],"1536x1536":["https:\/\/apuntesdesanluis.com\/wp-content\/uploads\/2023\/09\/muni-san-luis-protesta-empleados.webp",550,318,false],"2048x2048":["https:\/\/apuntesdesanluis.com\/wp-content\/uploads\/2023\/09\/muni-san-luis-protesta-empleados.webp",550,318,false],"newsever-slider-full":["https:\/\/apuntesdesanluis.com\/wp-content\/uploads\/2023\/09\/muni-san-luis-protesta-empleados.webp",550,318,false],"newsever-featured":["https:\/\/apuntesdesanluis.com\/wp-content\/uploads\/2023\/09\/muni-san-luis-protesta-empleados.webp",550,318,false],"newsever-medium":["https:\/\/apuntesdesanluis.com\/wp-content\/uploads\/2023\/09\/muni-san-luis-protesta-empleados.webp",550,318,false]},"author_info":{"display_name":"apuntesdesanluis.com","author_link":"https:\/\/apuntesdesanluis.com\/index.php\/author\/apuntesdesanluis-com\/"},"category_info":"<a href=\"https:\/\/apuntesdesanluis.com\/index.php\/category\/ciudad-provincia\/\" rel=\"category tag\">Ciudad\/Provincia<\/a>","tag_info":"Ciudad\/Provincia","comment_count":"0","_links":{"self":[{"href":"https:\/\/apuntesdesanluis.com\/index.php\/wp-json\/wp\/v2\/posts\/3629","targetHints":{"allow":["GET"]}}],"collection":[{"href":"https:\/\/apuntesdesanluis.com\/index.php\/wp-json\/wp\/v2\/posts"}],"about":[{"href":"https:\/\/apuntesdesanluis.com\/index.php\/wp-json\/wp\/v2\/types\/post"}],"author":[{"embeddable":true,"href":"https:\/\/apuntesdesanluis.com\/index.php\/wp-json\/wp\/v2\/users\/1"}],"replies":[{"embeddable":true,"href":"https:\/\/apuntesdesanluis.com\/index.php\/wp-json\/wp\/v2\/comments?post=3629"}],"version-history":[{"count":3,"href":"https:\/\/apuntesdesanluis.com\/index.php\/wp-json\/wp\/v2\/posts\/3629\/revisions"}],"predecessor-version":[{"id":3633,"href":"https:\/\/apuntesdesanluis.com\/index.php\/wp-json\/wp\/v2\/posts\/3629\/revisions\/3633"}],"wp:featuredmedia":[{"embeddable":true,"href":"https:\/\/apuntesdesanluis.com\/index.php\/wp-json\/wp\/v2\/media\/3630"}],"wp:attachment":[{"href":"https:\/\/apuntesdesanluis.com\/index.php\/wp-json\/wp\/v2\/media?parent=3629"}],"wp:term":[{"taxonomy":"category","embeddable":true,"href":"https:\/\/apuntesdesanluis.com\/index.php\/wp-json\/wp\/v2\/categories?post=3629"},{"taxonomy":"post_tag","embeddable":true,"href":"https:\/\/apuntesdesanluis.com\/index.php\/wp-json\/wp\/v2\/tags?post=3629"}],"curies":[{"name":"wp","href":"https:\/\/api.w.org\/{rel}","templated":true}]}}