{"id":3636,"date":"2023-09-20T17:41:07","date_gmt":"2023-09-20T20:41:07","guid":{"rendered":"https:\/\/apuntesdesanluis.com\/?p=3636"},"modified":"2023-09-20T17:41:07","modified_gmt":"2023-09-20T20:41:07","slug":"bajo-el-desempleo-al-62-pero-a-cuatro-de-cada-diez-asalariados-no-les-hacen-aportes-jubilatorios","status":"publish","type":"post","link":"https:\/\/apuntesdesanluis.com\/index.php\/2023\/09\/20\/bajo-el-desempleo-al-62-pero-a-cuatro-de-cada-diez-asalariados-no-les-hacen-aportes-jubilatorios\/","title":{"rendered":"BAJ\u00d3 EL DESEMPLEO AL 6,2%, PERO A CUATRO DE CADA DIEZ ASALARIADOS NO LES HACEN APORTES JUBILATORIOS"},"content":{"rendered":"<h3 class=\"yiv7409174924ydp6329976emsonormal\" style=\"text-align: justify; background: white;\"><span style=\"font-family: 'Arial','sans-serif'; color: #1d2228;\">El desempleo baj\u00f3 al 6,2 por ciento de la poblaci\u00f3n activa en el segundo trimestre del a\u00f1o, por debajo del 6,9% que hab\u00eda arrojado la medici\u00f3n correspondiente al per\u00edodo enero-marzo, inform\u00f3 el INDEC.<\/span><\/h3>\n<h3 class=\"yiv7409174924ydp6329976emsonormal\" style=\"text-align: justify; background: white;\"><span style=\"font-family: 'Arial','sans-serif'; color: #1d2228;\">La muestra del INDEC es parcial, ya que s\u00f3lo releva en zonas donde habitan 29,4 millones de personas, cuando la poblaci\u00f3n total ronda los 46 millones. En ese muestreo, hay 900 mil desocupados.<\/span><\/h3>\n<h3 class=\"yiv7409174924ydp6329976emsonormal\" style=\"text-align: justify; background: white;\"><span style=\"font-family: 'Arial','sans-serif'; color: #1d2228;\">Del total de la poblaci\u00f3n ocupada, 9,7 millones son asalariados. El 36,8% de los asalariados trabaja en negro, es decir, no tienen aportes jubilatorios ni a obra social, seg\u00fan los datos oficiales.<\/span><\/h3>\n<h3 class=\"yiv7409174924ydp6329976emsonormal\" style=\"text-align: justify; background: white;\"><span style=\"font-family: 'Arial','sans-serif'; color: #1d2228;\">La poblaci\u00f3n inactiva -incluido chicos- alcanza las 15,4 millones de personas (52,4%), mientras que la PEA es de 14 millones (47,6%).<\/span><\/h3>\n<h3 class=\"yiv7409174924ydp6329976emsonormal\" style=\"text-align: justify; background: white;\"><span style=\"font-family: 'Arial','sans-serif'; color: #1d2228;\">En el segundo trimestre de 2023, la tasa de actividad (TA) \u2013que mide la poblaci\u00f3n econ\u00f3micamente activa (PEA) sobre el total de la poblaci\u00f3n\u2013 alcanz\u00f3 el 47,6%; la tasa de empleo (TE) \u2013que mide la proporci\u00f3n de personas ocupadas con relaci\u00f3n a la poblaci\u00f3n total\u2013 se ubic\u00f3 en 44,6%; y la tasa de desocupaci\u00f3n (TD) \u2013personas que no tienen ocupaci\u00f3n, est\u00e1n disponibles para trabajar y buscan empleo activamente, como proporci\u00f3n de la PEA\u2013 fue de 6,2%.<\/span><\/h3>\n<h3 class=\"yiv7409174924ydp6329976emsonormal\" style=\"text-align: justify; background: white;\"><span style=\"font-family: 'Arial','sans-serif'; color: #1d2228;\">La tasa de subocupaci\u00f3n result\u00f3 del 10,6% mientras que los otros ocupados demandantes y los otros ocupados no demandantes disponibles alcanzaron, en conjunto, el 11,0% de la PEA.<\/span><\/h3>\n<h3 class=\"yiv7409174924ydp6329976emsonormal\" style=\"text-align: justify; background: white;\"><span style=\"font-family: 'Arial','sans-serif'; color: #1d2228;\">Al observar las poblaciones espec\u00edficas, dentro del universo de 14 a\u00f1os y m\u00e1s, desagregado por sexo, la tasa de actividad para los varones fue de 69,8%, mientras que para las mujeres se ubic\u00f3 en 51,5%.<\/span><\/h3>\n<h3 class=\"yiv7409174924ydp6329976emsonormal\" style=\"text-align: justify; background: white;\"><span style=\"font-family: 'Arial','sans-serif'; color: #1d2228;\">A nivel geogr\u00e1fico, las regiones que presentaron mayores tasas de actividad fueron la Regi\u00f3n Pampeana (49,2%), Gran Buenos Aires (47,6%) y Cuyo (47%).<\/span><\/h3>\n<h3 class=\"yiv7409174924ydp6329976emsonormal\" style=\"text-align: justify; background: white;\"><span style=\"font-family: 'Arial','sans-serif'; color: #1d2228;\">Por su parte, la que present\u00f3 la menor tasa de actividad fue Noreste (44,4%).<\/span><\/h3>\n<h3 class=\"yiv7409174924ydp6329976emsonormal\" style=\"text-align: justify; background: white;\"><span style=\"font-family: 'Arial','sans-serif'; color: #1d2228;\">A su vez, si se considera el tama\u00f1o de los aglomerados, en los de 500.000 y m\u00e1s habitantes, la TA (48%) fue superior a la de los de menos de 500.000 habitantes (45,7%).<\/span><\/h3>\n<h3 class=\"yiv7409174924ydp6329976emsonormal\" style=\"text-align: justify; background: white;\"><span style=\"font-family: 'Arial','sans-serif'; color: #1d2228;\">Dentro de la poblaci\u00f3n activa (47,6%) se destac\u00f3 que: entre la poblaci\u00f3n ocupada, 74,2% son asalariados, y 36,8% de ellos no cuenta con descuento jubilatorio.<\/span><\/h3>\n<h3 class=\"yiv7409174924ydp6329976emsonormal\" style=\"text-align: justify; background: white;\"><span style=\"font-family: 'Arial','sans-serif'; color: #1d2228;\">Por otra parte, 22,3% trabaja por cuenta propia, 3,2% son patrones y 0,3% son trabajadores familiares sin remuneraci\u00f3n.<\/span><\/h3>\n<h3 class=\"yiv7409174924ydp6329976emsonormal\" style=\"text-align: justify; background: white;\"><span style=\"font-family: 'Arial','sans-serif'; color: #1d2228;\">Entre los asalariados ocupados, 4,5% utiliz\u00f3 sus propias maquinarias\/equipos para realizar su trabajo.<\/span><\/h3>\n<h3 class=\"yiv7409174924ydp6329976emsonormal\" style=\"text-align: justify; background: white;\"><span style=\"font-family: 'Arial','sans-serif'; color: #1d2228;\">Asimismo, del total de ocupados, 9,1% trabaj\u00f3 desde la vivienda.<\/span><\/h3>\n<h3 class=\"yiv7409174924ydp6329976emsonormal\" style=\"text-align: justify; background: white;\"><span style=\"font-family: 'Arial','sans-serif'; color: #1d2228;\">Al analizar la poblaci\u00f3n ocupada por nivel educativo, m\u00e1s de la mitad de las personas ocupadas (60,8%) cuenta con hasta secundario completo, mientras que 39,2% posee estudio superior y universitario (completo o incompleto).<\/span><\/h3>\n<h3 class=\"yiv7409174924ydp6329976emsonormal\" style=\"text-align: justify; background: white;\"><span style=\"font-family: 'Arial','sans-serif'; color: #1d2228;\">En lo que respecta a la calificaci\u00f3n de la ocupaci\u00f3n principal, 55% corresponde a un empleo operativo; 17,2%, a calificaci\u00f3n t\u00e9cnica; 18,3%, a no calificado; y 9,1%, a profesional.<\/span><\/h3>\n","protected":false},"excerpt":{"rendered":"<p>El desempleo baj\u00f3 al 6,2 por ciento de la poblaci\u00f3n activa en el segundo trimestre&#8230;<\/p>\n","protected":false},"author":1,"featured_media":3637,"comment_status":"closed","ping_status":"closed","sticky":false,"template":"","format":"standard","meta":{"footnotes":""},"categories":[5],"tags":[],"class_list":["post-3636","post","type-post","status-publish","format-standard","has-post-thumbnail","hentry","category-nacionales-internacionales"],"yoast_head":"<!-- This site is optimized with the Yoast SEO plugin v26.1.1 - https:\/\/yoast.com\/wordpress\/plugins\/seo\/ -->\n<title>BAJ\u00d3 EL DESEMPLEO AL 6,2%, PERO A CUATRO DE CADA DIEZ ASALARIADOS NO LES HACEN APORTES JUBILATORIOS - Apuntes de San Luis<\/title>\n<meta name=\"robots\" content=\"index, follow, max-snippet:-1, max-image-preview:large, max-video-preview:-1\" \/>\n<link rel=\"canonical\" href=\"https:\/\/apuntesdesanluis.com\/index.php\/2023\/09\/20\/bajo-el-desempleo-al-62-pero-a-cuatro-de-cada-diez-asalariados-no-les-hacen-aportes-jubilatorios\/\" \/>\n<meta property=\"og:locale\" content=\"es_ES\" \/>\n<meta property=\"og:type\" content=\"article\" \/>\n<meta property=\"og:title\" content=\"BAJ\u00d3 EL DESEMPLEO AL 6,2%, PERO A CUATRO DE CADA DIEZ ASALARIADOS NO LES HACEN APORTES JUBILATORIOS - Apuntes de San Luis\" \/>\n<meta property=\"og:description\" content=\"El desempleo baj\u00f3 al 6,2 por ciento de la poblaci\u00f3n activa en el segundo trimestre...\" \/>\n<meta property=\"og:url\" content=\"https:\/\/apuntesdesanluis.com\/index.php\/2023\/09\/20\/bajo-el-desempleo-al-62-pero-a-cuatro-de-cada-diez-asalariados-no-les-hacen-aportes-jubilatorios\/\" \/>\n<meta property=\"og:site_name\" content=\"Apuntes de San Luis\" \/>\n<meta property=\"article:published_time\" content=\"2023-09-20T20:41:07+00:00\" \/>\n<meta property=\"og:image\" content=\"https:\/\/apuntesdesanluis.com\/wp-content\/uploads\/2023\/09\/construccion.png\" \/>\n\t<meta property=\"og:image:width\" content=\"600\" \/>\n\t<meta property=\"og:image:height\" content=\"364\" \/>\n\t<meta property=\"og:image:type\" content=\"image\/png\" \/>\n<meta name=\"author\" content=\"apuntesdesanluis.com\" \/>\n<meta name=\"twitter:card\" content=\"summary_large_image\" \/>\n<meta name=\"twitter:label1\" content=\"Escrito por\" \/>\n\t<meta name=\"twitter:data1\" content=\"apuntesdesanluis.com\" \/>\n\t<meta name=\"twitter:label2\" content=\"Tiempo de lectura\" \/>\n\t<meta name=\"twitter:data2\" content=\"3 minutos\" \/>\n<script type=\"application\/ld+json\" class=\"yoast-schema-graph\">{\"@context\":\"https:\/\/schema.org\",\"@graph\":[{\"@type\":\"Article\",\"@id\":\"https:\/\/apuntesdesanluis.com\/index.php\/2023\/09\/20\/bajo-el-desempleo-al-62-pero-a-cuatro-de-cada-diez-asalariados-no-les-hacen-aportes-jubilatorios\/#article\",\"isPartOf\":{\"@id\":\"https:\/\/apuntesdesanluis.com\/index.php\/2023\/09\/20\/bajo-el-desempleo-al-62-pero-a-cuatro-de-cada-diez-asalariados-no-les-hacen-aportes-jubilatorios\/\"},\"author\":{\"name\":\"apuntesdesanluis.com\",\"@id\":\"https:\/\/apuntesdesanluis.com\/#\/schema\/person\/b55151d52296fcce64d1a72538a70b90\"},\"headline\":\"BAJ\u00d3 EL DESEMPLEO AL 6,2%, PERO A CUATRO DE CADA DIEZ ASALARIADOS NO LES HACEN APORTES JUBILATORIOS\",\"datePublished\":\"2023-09-20T20:41:07+00:00\",\"mainEntityOfPage\":{\"@id\":\"https:\/\/apuntesdesanluis.com\/index.php\/2023\/09\/20\/bajo-el-desempleo-al-62-pero-a-cuatro-de-cada-diez-asalariados-no-les-hacen-aportes-jubilatorios\/\"},\"wordCount\":468,\"publisher\":{\"@id\":\"https:\/\/apuntesdesanluis.com\/#\/schema\/person\/b55151d52296fcce64d1a72538a70b90\"},\"image\":{\"@id\":\"https:\/\/apuntesdesanluis.com\/index.php\/2023\/09\/20\/bajo-el-desempleo-al-62-pero-a-cuatro-de-cada-diez-asalariados-no-les-hacen-aportes-jubilatorios\/#primaryimage\"},\"thumbnailUrl\":\"https:\/\/apuntesdesanluis.com\/wp-content\/uploads\/2023\/09\/construccion.png\",\"articleSection\":[\"Nacionales\/Internacionales\"],\"inLanguage\":\"es-AR\"},{\"@type\":\"WebPage\",\"@id\":\"https:\/\/apuntesdesanluis.com\/index.php\/2023\/09\/20\/bajo-el-desempleo-al-62-pero-a-cuatro-de-cada-diez-asalariados-no-les-hacen-aportes-jubilatorios\/\",\"url\":\"https:\/\/apuntesdesanluis.com\/index.php\/2023\/09\/20\/bajo-el-desempleo-al-62-pero-a-cuatro-de-cada-diez-asalariados-no-les-hacen-aportes-jubilatorios\/\",\"name\":\"BAJ\u00d3 EL DESEMPLEO AL 6,2%, PERO A CUATRO DE CADA DIEZ ASALARIADOS NO LES HACEN APORTES JUBILATORIOS - Apuntes de San Luis\",\"isPartOf\":{\"@id\":\"https:\/\/apuntesdesanluis.com\/#website\"},\"primaryImageOfPage\":{\"@id\":\"https:\/\/apuntesdesanluis.com\/index.php\/2023\/09\/20\/bajo-el-desempleo-al-62-pero-a-cuatro-de-cada-diez-asalariados-no-les-hacen-aportes-jubilatorios\/#primaryimage\"},\"image\":{\"@id\":\"https:\/\/apuntesdesanluis.com\/index.php\/2023\/09\/20\/bajo-el-desempleo-al-62-pero-a-cuatro-de-cada-diez-asalariados-no-les-hacen-aportes-jubilatorios\/#primaryimage\"},\"thumbnailUrl\":\"https:\/\/apuntesdesanluis.com\/wp-content\/uploads\/2023\/09\/construccion.png\",\"datePublished\":\"2023-09-20T20:41:07+00:00\",\"breadcrumb\":{\"@id\":\"https:\/\/apuntesdesanluis.com\/index.php\/2023\/09\/20\/bajo-el-desempleo-al-62-pero-a-cuatro-de-cada-diez-asalariados-no-les-hacen-aportes-jubilatorios\/#breadcrumb\"},\"inLanguage\":\"es-AR\",\"potentialAction\":[{\"@type\":\"ReadAction\",\"target\":[\"https:\/\/apuntesdesanluis.com\/index.php\/2023\/09\/20\/bajo-el-desempleo-al-62-pero-a-cuatro-de-cada-diez-asalariados-no-les-hacen-aportes-jubilatorios\/\"]}]},{\"@type\":\"ImageObject\",\"inLanguage\":\"es-AR\",\"@id\":\"https:\/\/apuntesdesanluis.com\/index.php\/2023\/09\/20\/bajo-el-desempleo-al-62-pero-a-cuatro-de-cada-diez-asalariados-no-les-hacen-aportes-jubilatorios\/#primaryimage\",\"url\":\"https:\/\/apuntesdesanluis.com\/wp-content\/uploads\/2023\/09\/construccion.png\",\"contentUrl\":\"https:\/\/apuntesdesanluis.com\/wp-content\/uploads\/2023\/09\/construccion.png\",\"width\":600,\"height\":364},{\"@type\":\"BreadcrumbList\",\"@id\":\"https:\/\/apuntesdesanluis.com\/index.php\/2023\/09\/20\/bajo-el-desempleo-al-62-pero-a-cuatro-de-cada-diez-asalariados-no-les-hacen-aportes-jubilatorios\/#breadcrumb\",\"itemListElement\":[{\"@type\":\"ListItem\",\"position\":1,\"name\":\"Inicio\",\"item\":\"https:\/\/apuntesdesanluis.com\/\"},{\"@type\":\"ListItem\",\"position\":2,\"name\":\"BAJ\u00d3 EL DESEMPLEO AL 6,2%, PERO A CUATRO DE CADA DIEZ ASALARIADOS NO LES HACEN APORTES JUBILATORIOS\"}]},{\"@type\":\"WebSite\",\"@id\":\"https:\/\/apuntesdesanluis.com\/#website\",\"url\":\"https:\/\/apuntesdesanluis.com\/\",\"name\":\"Apuntes de San Luis\",\"description\":\"\",\"publisher\":{\"@id\":\"https:\/\/apuntesdesanluis.com\/#\/schema\/person\/b55151d52296fcce64d1a72538a70b90\"},\"potentialAction\":[{\"@type\":\"SearchAction\",\"target\":{\"@type\":\"EntryPoint\",\"urlTemplate\":\"https:\/\/apuntesdesanluis.com\/?s={search_term_string}\"},\"query-input\":{\"@type\":\"PropertyValueSpecification\",\"valueRequired\":true,\"valueName\":\"search_term_string\"}}],\"inLanguage\":\"es-AR\"},{\"@type\":[\"Person\",\"Organization\"],\"@id\":\"https:\/\/apuntesdesanluis.com\/#\/schema\/person\/b55151d52296fcce64d1a72538a70b90\",\"name\":\"apuntesdesanluis.com\",\"image\":{\"@type\":\"ImageObject\",\"inLanguage\":\"es-AR\",\"@id\":\"https:\/\/apuntesdesanluis.com\/#\/schema\/person\/image\/\",\"url\":\"https:\/\/apuntesdesanluis.com\/wp-content\/uploads\/2023\/07\/cropped-apuntesdesanluis.png\",\"contentUrl\":\"https:\/\/apuntesdesanluis.com\/wp-content\/uploads\/2023\/07\/cropped-apuntesdesanluis.png\",\"width\":450,\"height\":112,\"caption\":\"apuntesdesanluis.com\"},\"logo\":{\"@id\":\"https:\/\/apuntesdesanluis.com\/#\/schema\/person\/image\/\"},\"sameAs\":[\"https:\/\/apuntesdesanluis.com\"],\"url\":\"https:\/\/apuntesdesanluis.com\/index.php\/author\/apuntesdesanluis-com\/\"}]}<\/script>\n<!-- \/ Yoast SEO plugin. -->","yoast_head_json":{"title":"BAJ\u00d3 EL DESEMPLEO AL 6,2%, PERO A CUATRO DE CADA DIEZ ASALARIADOS NO LES HACEN APORTES JUBILATORIOS - Apuntes de San Luis","robots":{"index":"index","follow":"follow","max-snippet":"max-snippet:-1","max-image-preview":"max-image-preview:large","max-video-preview":"max-video-preview:-1"},"canonical":"https:\/\/apuntesdesanluis.com\/index.php\/2023\/09\/20\/bajo-el-desempleo-al-62-pero-a-cuatro-de-cada-diez-asalariados-no-les-hacen-aportes-jubilatorios\/","og_locale":"es_ES","og_type":"article","og_title":"BAJ\u00d3 EL DESEMPLEO AL 6,2%, PERO A CUATRO DE CADA DIEZ ASALARIADOS NO LES HACEN APORTES JUBILATORIOS - Apuntes de San Luis","og_description":"El desempleo baj\u00f3 al 6,2 por ciento de la poblaci\u00f3n activa en el segundo trimestre...","og_url":"https:\/\/apuntesdesanluis.com\/index.php\/2023\/09\/20\/bajo-el-desempleo-al-62-pero-a-cuatro-de-cada-diez-asalariados-no-les-hacen-aportes-jubilatorios\/","og_site_name":"Apuntes de San Luis","article_published_time":"2023-09-20T20:41:07+00:00","og_image":[{"width":600,"height":364,"url":"https:\/\/apuntesdesanluis.com\/wp-content\/uploads\/2023\/09\/construccion.png","type":"image\/png"}],"author":"apuntesdesanluis.com","twitter_card":"summary_large_image","twitter_misc":{"Escrito por":"apuntesdesanluis.com","Tiempo de lectura":"3 minutos"},"schema":{"@context":"https:\/\/schema.org","@graph":[{"@type":"Article","@id":"https:\/\/apuntesdesanluis.com\/index.php\/2023\/09\/20\/bajo-el-desempleo-al-62-pero-a-cuatro-de-cada-diez-asalariados-no-les-hacen-aportes-jubilatorios\/#article","isPartOf":{"@id":"https:\/\/apuntesdesanluis.com\/index.php\/2023\/09\/20\/bajo-el-desempleo-al-62-pero-a-cuatro-de-cada-diez-asalariados-no-les-hacen-aportes-jubilatorios\/"},"author":{"name":"apuntesdesanluis.com","@id":"https:\/\/apuntesdesanluis.com\/#\/schema\/person\/b55151d52296fcce64d1a72538a70b90"},"headline":"BAJ\u00d3 EL DESEMPLEO AL 6,2%, PERO A CUATRO DE CADA DIEZ ASALARIADOS NO LES HACEN APORTES JUBILATORIOS","datePublished":"2023-09-20T20:41:07+00:00","mainEntityOfPage":{"@id":"https:\/\/apuntesdesanluis.com\/index.php\/2023\/09\/20\/bajo-el-desempleo-al-62-pero-a-cuatro-de-cada-diez-asalariados-no-les-hacen-aportes-jubilatorios\/"},"wordCount":468,"publisher":{"@id":"https:\/\/apuntesdesanluis.com\/#\/schema\/person\/b55151d52296fcce64d1a72538a70b90"},"image":{"@id":"https:\/\/apuntesdesanluis.com\/index.php\/2023\/09\/20\/bajo-el-desempleo-al-62-pero-a-cuatro-de-cada-diez-asalariados-no-les-hacen-aportes-jubilatorios\/#primaryimage"},"thumbnailUrl":"https:\/\/apuntesdesanluis.com\/wp-content\/uploads\/2023\/09\/construccion.png","articleSection":["Nacionales\/Internacionales"],"inLanguage":"es-AR"},{"@type":"WebPage","@id":"https:\/\/apuntesdesanluis.com\/index.php\/2023\/09\/20\/bajo-el-desempleo-al-62-pero-a-cuatro-de-cada-diez-asalariados-no-les-hacen-aportes-jubilatorios\/","url":"https:\/\/apuntesdesanluis.com\/index.php\/2023\/09\/20\/bajo-el-desempleo-al-62-pero-a-cuatro-de-cada-diez-asalariados-no-les-hacen-aportes-jubilatorios\/","name":"BAJ\u00d3 EL DESEMPLEO AL 6,2%, PERO A CUATRO DE CADA DIEZ ASALARIADOS NO LES HACEN APORTES JUBILATORIOS - Apuntes de San Luis","isPartOf":{"@id":"https:\/\/apuntesdesanluis.com\/#website"},"primaryImageOfPage":{"@id":"https:\/\/apuntesdesanluis.com\/index.php\/2023\/09\/20\/bajo-el-desempleo-al-62-pero-a-cuatro-de-cada-diez-asalariados-no-les-hacen-aportes-jubilatorios\/#primaryimage"},"image":{"@id":"https:\/\/apuntesdesanluis.com\/index.php\/2023\/09\/20\/bajo-el-desempleo-al-62-pero-a-cuatro-de-cada-diez-asalariados-no-les-hacen-aportes-jubilatorios\/#primaryimage"},"thumbnailUrl":"https:\/\/apuntesdesanluis.com\/wp-content\/uploads\/2023\/09\/construccion.png","datePublished":"2023-09-20T20:41:07+00:00","breadcrumb":{"@id":"https:\/\/apuntesdesanluis.com\/index.php\/2023\/09\/20\/bajo-el-desempleo-al-62-pero-a-cuatro-de-cada-diez-asalariados-no-les-hacen-aportes-jubilatorios\/#breadcrumb"},"inLanguage":"es-AR","potentialAction":[{"@type":"ReadAction","target":["https:\/\/apuntesdesanluis.com\/index.php\/2023\/09\/20\/bajo-el-desempleo-al-62-pero-a-cuatro-de-cada-diez-asalariados-no-les-hacen-aportes-jubilatorios\/"]}]},{"@type":"ImageObject","inLanguage":"es-AR","@id":"https:\/\/apuntesdesanluis.com\/index.php\/2023\/09\/20\/bajo-el-desempleo-al-62-pero-a-cuatro-de-cada-diez-asalariados-no-les-hacen-aportes-jubilatorios\/#primaryimage","url":"https:\/\/apuntesdesanluis.com\/wp-content\/uploads\/2023\/09\/construccion.png","contentUrl":"https:\/\/apuntesdesanluis.com\/wp-content\/uploads\/2023\/09\/construccion.png","width":600,"height":364},{"@type":"BreadcrumbList","@id":"https:\/\/apuntesdesanluis.com\/index.php\/2023\/09\/20\/bajo-el-desempleo-al-62-pero-a-cuatro-de-cada-diez-asalariados-no-les-hacen-aportes-jubilatorios\/#breadcrumb","itemListElement":[{"@type":"ListItem","position":1,"name":"Inicio","item":"https:\/\/apuntesdesanluis.com\/"},{"@type":"ListItem","position":2,"name":"BAJ\u00d3 EL DESEMPLEO AL 6,2%, PERO A CUATRO DE CADA DIEZ ASALARIADOS NO LES HACEN APORTES JUBILATORIOS"}]},{"@type":"WebSite","@id":"https:\/\/apuntesdesanluis.com\/#website","url":"https:\/\/apuntesdesanluis.com\/","name":"Apuntes de San Luis","description":"","publisher":{"@id":"https:\/\/apuntesdesanluis.com\/#\/schema\/person\/b55151d52296fcce64d1a72538a70b90"},"potentialAction":[{"@type":"SearchAction","target":{"@type":"EntryPoint","urlTemplate":"https:\/\/apuntesdesanluis.com\/?s={search_term_string}"},"query-input":{"@type":"PropertyValueSpecification","valueRequired":true,"valueName":"search_term_string"}}],"inLanguage":"es-AR"},{"@type":["Person","Organization"],"@id":"https:\/\/apuntesdesanluis.com\/#\/schema\/person\/b55151d52296fcce64d1a72538a70b90","name":"apuntesdesanluis.com","image":{"@type":"ImageObject","inLanguage":"es-AR","@id":"https:\/\/apuntesdesanluis.com\/#\/schema\/person\/image\/","url":"https:\/\/apuntesdesanluis.com\/wp-content\/uploads\/2023\/07\/cropped-apuntesdesanluis.png","contentUrl":"https:\/\/apuntesdesanluis.com\/wp-content\/uploads\/2023\/07\/cropped-apuntesdesanluis.png","width":450,"height":112,"caption":"apuntesdesanluis.com"},"logo":{"@id":"https:\/\/apuntesdesanluis.com\/#\/schema\/person\/image\/"},"sameAs":["https:\/\/apuntesdesanluis.com"],"url":"https:\/\/apuntesdesanluis.com\/index.php\/author\/apuntesdesanluis-com\/"}]}},"featured_image_urls":{"full":["https:\/\/apuntesdesanluis.com\/wp-content\/uploads\/2023\/09\/construccion.png",600,364,false],"thumbnail":["https:\/\/apuntesdesanluis.com\/wp-content\/uploads\/2023\/09\/construccion-150x150.png",150,150,true],"medium":["https:\/\/apuntesdesanluis.com\/wp-content\/uploads\/2023\/09\/construccion-300x182.png",300,182,true],"medium_large":["https:\/\/apuntesdesanluis.com\/wp-content\/uploads\/2023\/09\/construccion.png",600,364,false],"large":["https:\/\/apuntesdesanluis.com\/wp-content\/uploads\/2023\/09\/construccion.png",600,364,false],"1536x1536":["https:\/\/apuntesdesanluis.com\/wp-content\/uploads\/2023\/09\/construccion.png",600,364,false],"2048x2048":["https:\/\/apuntesdesanluis.com\/wp-content\/uploads\/2023\/09\/construccion.png",600,364,false],"newsever-slider-full":["https:\/\/apuntesdesanluis.com\/wp-content\/uploads\/2023\/09\/construccion.png",600,364,false],"newsever-featured":["https:\/\/apuntesdesanluis.com\/wp-content\/uploads\/2023\/09\/construccion.png",600,364,false],"newsever-medium":["https:\/\/apuntesdesanluis.com\/wp-content\/uploads\/2023\/09\/construccion.png",600,364,false]},"author_info":{"display_name":"apuntesdesanluis.com","author_link":"https:\/\/apuntesdesanluis.com\/index.php\/author\/apuntesdesanluis-com\/"},"category_info":"<a href=\"https:\/\/apuntesdesanluis.com\/index.php\/category\/nacionales-internacionales\/\" rel=\"category tag\">Nacionales\/Internacionales<\/a>","tag_info":"Nacionales\/Internacionales","comment_count":"0","_links":{"self":[{"href":"https:\/\/apuntesdesanluis.com\/index.php\/wp-json\/wp\/v2\/posts\/3636","targetHints":{"allow":["GET"]}}],"collection":[{"href":"https:\/\/apuntesdesanluis.com\/index.php\/wp-json\/wp\/v2\/posts"}],"about":[{"href":"https:\/\/apuntesdesanluis.com\/index.php\/wp-json\/wp\/v2\/types\/post"}],"author":[{"embeddable":true,"href":"https:\/\/apuntesdesanluis.com\/index.php\/wp-json\/wp\/v2\/users\/1"}],"replies":[{"embeddable":true,"href":"https:\/\/apuntesdesanluis.com\/index.php\/wp-json\/wp\/v2\/comments?post=3636"}],"version-history":[{"count":1,"href":"https:\/\/apuntesdesanluis.com\/index.php\/wp-json\/wp\/v2\/posts\/3636\/revisions"}],"predecessor-version":[{"id":3638,"href":"https:\/\/apuntesdesanluis.com\/index.php\/wp-json\/wp\/v2\/posts\/3636\/revisions\/3638"}],"wp:featuredmedia":[{"embeddable":true,"href":"https:\/\/apuntesdesanluis.com\/index.php\/wp-json\/wp\/v2\/media\/3637"}],"wp:attachment":[{"href":"https:\/\/apuntesdesanluis.com\/index.php\/wp-json\/wp\/v2\/media?parent=3636"}],"wp:term":[{"taxonomy":"category","embeddable":true,"href":"https:\/\/apuntesdesanluis.com\/index.php\/wp-json\/wp\/v2\/categories?post=3636"},{"taxonomy":"post_tag","embeddable":true,"href":"https:\/\/apuntesdesanluis.com\/index.php\/wp-json\/wp\/v2\/tags?post=3636"}],"curies":[{"name":"wp","href":"https:\/\/api.w.org\/{rel}","templated":true}]}}