{"id":3646,"date":"2023-09-20T17:13:52","date_gmt":"2023-09-20T20:13:52","guid":{"rendered":"https:\/\/apuntesdesanluis.com\/?p=3646"},"modified":"2023-09-20T18:15:26","modified_gmt":"2023-09-20T21:15:26","slug":"piden-pena-en-suspenso-para-acusado-de-atropellar-y-causar-la-muerte-de-una-motociclista","status":"publish","type":"post","link":"https:\/\/apuntesdesanluis.com\/index.php\/2023\/09\/20\/piden-pena-en-suspenso-para-acusado-de-atropellar-y-causar-la-muerte-de-una-motociclista\/","title":{"rendered":"PIDEN PENA EN SUSPENSO PARA ACUSADO DE ATROPELLAR Y CAUSAR LA MUERTE DE UNA MOTOCICLISTA"},"content":{"rendered":"<h3 class=\"yiv7409174924ydp6329976emsonormal\" style=\"text-align: justify; background: white;\"><span style=\"font-family: 'Arial','sans-serif'; color: #1d2228;\">Santiago Cabanay Sasso comenz\u00f3 a ser juzgado este mi\u00e9rcoles por la muerte de Marcela Castro, una motociclista de 24 a\u00f1os que fue embestida por una camioneta Toyota Hilux conducida presuntamente por el imputado. El hecho ocurri\u00f3 el 1\u00b0 de febrero de 2017 a la noche en la intersecci\u00f3n de Autov\u00eda Eva Per\u00f3n y San Juan de la ciudad de San Luis y la joven falleci\u00f3 trece d\u00edas despu\u00e9s por las heridas sufridas en el impacto.<\/span><\/h3>\n<h3 class=\"yiv7409174924ydp6329976emsonormal\" style=\"text-align: justify; background: white;\"><span style=\"font-family: 'Arial','sans-serif'; color: #1d2228;\">En la audiencia de hoy, la fiscal de Juicio, Mar\u00eda Eugenia Zabala Chacur, solicit\u00f3 a la C\u00e1mara Penal N\u00b0 2 Residual de la Primera Circunscripci\u00f3n, que la causa que se investiga concluya bajo el procedimiento de juicio abreviado y que el acusado sea condenado a 3 a\u00f1os de prisi\u00f3n en suspenso y 5 a\u00f1os de inhabilitaci\u00f3n por el delito de homicidio culposo en accidente de tr\u00e1nsito, agravado por la violaci\u00f3n a la se\u00f1alizaci\u00f3n de los sem\u00e1foros.<\/span><\/h3>\n<h3 class=\"yiv7409174924ydp6329976emsonormal\" style=\"text-align: justify; background: white;\"><span style=\"font-family: 'Arial','sans-serif'; color: #1d2228;\">\u201cEsta Fiscal\u00eda considera que hay elementos suficientes para estimar que al encartado le corresponder\u00eda la imposici\u00f3n de una pena inferior a seis a\u00f1os\u201d, dijo Chacur. En su requisitoria fiscal, la funcionaria explic\u00f3 que el C\u00f3digo Penal Argentino prev\u00e9 para este tipo de delitos una pena m\u00ednima de tres a\u00f1os y una m\u00e1xima de seis, y ante la falta de antecedentes condenatorios del acusado, conforme informe del Registro Nacional de Reincidencias, y de no advertir circunstancias agravantes, la pena propuesta se ajusta a derecho.<\/span><\/h3>\n<h3 class=\"yiv7409174924ydp6329976emsonormal\" style=\"text-align: justify; background: white;\"><span style=\"font-family: 'Arial','sans-serif'; color: #1d2228;\">El pedido de Chacur cont\u00f3 con el consentimiento de Cabanay Sasso y el Defensor Oficial en lo Penal, Esteban Sala. El abogado querellante, V\u00edctor Lazarte, se opuso al acuerdo. En las pr\u00f3ximas horas el tribunal, integrado por su presidente, Hugo Guillermo Saa Petrino, y las vocal\u00edas de Adriana Lucero Alfonso y Julio Fernando De Viana, informar\u00e1 si homologa o no el acuerdo arribado entre las partes.<\/span><\/h3>\n<h3 class=\"yiv7409174924ydp6329976emsonormal\" style=\"text-align: justify; background: white;\"><span style=\"font-family: 'Arial','sans-serif'; color: #1d2228;\">El juicio abreviado es una de las formas alternativas de culminar un proceso penal mediante el cual el acusado de un delito reconoce la existencia del hecho, su participaci\u00f3n como autor, c\u00f3mplice o instigador y acepta la calificaci\u00f3n legal que le otorga a ese hecho el fiscal.<\/span><\/h3>\n<h3 class=\"yiv7409174924ydp6329976emsonormal\" style=\"text-align: justify; background: white;\"><span style=\"font-family: 'Arial','sans-serif'; color: #1d2228;\">Cabanay, de 27 a\u00f1os, reconoci\u00f3 el hecho, admiti\u00f3 su participaci\u00f3n y responsabilidad y acept\u00f3 la propuesta presentada por Fiscal\u00eda.<\/span><\/h3>\n<h3 class=\"yiv7409174924ydp6329976emsonormal\" style=\"text-align: justify; background: white;\"><span style=\"font-family: 'Arial','sans-serif'; color: #1d2228;\">Castro trabajaba como vendedora en una zapater\u00eda ubicada en 9 de Julio casi Col\u00f3n. Cuando se produjo el choque volv\u00eda a la casa que compart\u00eda con su novio, en el barrio Faecap. Transitaba en su Motomel azul 110 hacia el norte, por calle San Juan, cuando la choc\u00f3 la Toyota Hilux.<\/span><\/h3>\n<h3 class=\"yiv7409174924ydp6329976emsonormal\" style=\"text-align: justify; background: white;\"><span style=\"font-family: 'Arial','sans-serif'; color: #1d2228;\">El informe pericial elaborado en el marco de la causa, estableci\u00f3 que el conductor de la camioneta se conduc\u00eda por la autov\u00eda Eva Per\u00f3n en direcci\u00f3n de este a oeste a una velocidad superior a los 65 kil\u00f3metros por hora y al llegar a la intersecci\u00f3n con calle San Juan traspasa el cruce de las arterias correspondientes sin atender a la luz roja del sem\u00e1foro que le imped\u00eda el paso.<\/span><\/h3>\n<h3 class=\"yiv7409174924ydp6329976emsonormal\" style=\"text-align: justify; background: white;\"><span style=\"font-family: 'Arial','sans-serif'; color: #1d2228;\">\u201cDicho cruce antirreglamentario result\u00f3 ser la causa eficiente del impacto de la motocicleta que, habilitada por el sem\u00e1foro, cruzaba dicha intersecci\u00f3n\u201d, dice un fragmento de la acusaci\u00f3n fiscal. El informe m\u00e9dico determin\u00f3 que la muerte de la v\u00edctima se produjo como consecuencia de la gravedad de las lesiones producidas en el choque y que incluyeron traumatismos de t\u00f3rax y encefalocraneano.<\/span><\/h3>\n","protected":false},"excerpt":{"rendered":"<p>Santiago Cabanay Sasso comenz\u00f3 a ser juzgado este mi\u00e9rcoles por la muerte de Marcela Castro,&#8230;<\/p>\n","protected":false},"author":1,"featured_media":3647,"comment_status":"closed","ping_status":"closed","sticky":false,"template":"","format":"standard","meta":{"footnotes":""},"categories":[6],"tags":[],"class_list":["post-3646","post","type-post","status-publish","format-standard","has-post-thumbnail","hentry","category-ciudad-provincia"],"yoast_head":"<!-- This site is optimized with the Yoast SEO plugin v26.1.1 - https:\/\/yoast.com\/wordpress\/plugins\/seo\/ -->\n<title>PIDEN PENA EN SUSPENSO PARA ACUSADO DE ATROPELLAR Y CAUSAR LA MUERTE DE UNA MOTOCICLISTA - Apuntes de San Luis<\/title>\n<meta name=\"robots\" content=\"index, follow, max-snippet:-1, max-image-preview:large, max-video-preview:-1\" \/>\n<link rel=\"canonical\" href=\"https:\/\/apuntesdesanluis.com\/index.php\/2023\/09\/20\/piden-pena-en-suspenso-para-acusado-de-atropellar-y-causar-la-muerte-de-una-motociclista\/\" \/>\n<meta property=\"og:locale\" content=\"es_ES\" \/>\n<meta property=\"og:type\" content=\"article\" \/>\n<meta property=\"og:title\" content=\"PIDEN PENA EN SUSPENSO PARA ACUSADO DE ATROPELLAR Y CAUSAR LA MUERTE DE UNA MOTOCICLISTA - Apuntes de San Luis\" \/>\n<meta property=\"og:description\" content=\"Santiago Cabanay Sasso comenz\u00f3 a ser juzgado este mi\u00e9rcoles por la muerte de Marcela Castro,...\" \/>\n<meta property=\"og:url\" content=\"https:\/\/apuntesdesanluis.com\/index.php\/2023\/09\/20\/piden-pena-en-suspenso-para-acusado-de-atropellar-y-causar-la-muerte-de-una-motociclista\/\" \/>\n<meta property=\"og:site_name\" content=\"Apuntes de San Luis\" \/>\n<meta property=\"article:published_time\" content=\"2023-09-20T20:13:52+00:00\" \/>\n<meta property=\"article:modified_time\" content=\"2023-09-20T21:15:26+00:00\" \/>\n<meta property=\"og:image\" content=\"https:\/\/apuntesdesanluis.com\/wp-content\/uploads\/2023\/09\/JUICIO-2.png\" \/>\n\t<meta property=\"og:image:width\" content=\"600\" \/>\n\t<meta property=\"og:image:height\" content=\"335\" \/>\n\t<meta property=\"og:image:type\" content=\"image\/png\" \/>\n<meta name=\"author\" content=\"apuntesdesanluis.com\" \/>\n<meta name=\"twitter:card\" content=\"summary_large_image\" \/>\n<meta name=\"twitter:label1\" content=\"Escrito por\" \/>\n\t<meta name=\"twitter:data1\" content=\"apuntesdesanluis.com\" \/>\n\t<meta name=\"twitter:label2\" content=\"Tiempo de lectura\" \/>\n\t<meta name=\"twitter:data2\" content=\"3 minutos\" \/>\n<script type=\"application\/ld+json\" class=\"yoast-schema-graph\">{\"@context\":\"https:\/\/schema.org\",\"@graph\":[{\"@type\":\"Article\",\"@id\":\"https:\/\/apuntesdesanluis.com\/index.php\/2023\/09\/20\/piden-pena-en-suspenso-para-acusado-de-atropellar-y-causar-la-muerte-de-una-motociclista\/#article\",\"isPartOf\":{\"@id\":\"https:\/\/apuntesdesanluis.com\/index.php\/2023\/09\/20\/piden-pena-en-suspenso-para-acusado-de-atropellar-y-causar-la-muerte-de-una-motociclista\/\"},\"author\":{\"name\":\"apuntesdesanluis.com\",\"@id\":\"https:\/\/apuntesdesanluis.com\/#\/schema\/person\/b55151d52296fcce64d1a72538a70b90\"},\"headline\":\"PIDEN PENA EN SUSPENSO PARA ACUSADO DE ATROPELLAR Y CAUSAR LA MUERTE DE UNA MOTOCICLISTA\",\"datePublished\":\"2023-09-20T20:13:52+00:00\",\"dateModified\":\"2023-09-20T21:15:26+00:00\",\"mainEntityOfPage\":{\"@id\":\"https:\/\/apuntesdesanluis.com\/index.php\/2023\/09\/20\/piden-pena-en-suspenso-para-acusado-de-atropellar-y-causar-la-muerte-de-una-motociclista\/\"},\"wordCount\":606,\"publisher\":{\"@id\":\"https:\/\/apuntesdesanluis.com\/#\/schema\/person\/b55151d52296fcce64d1a72538a70b90\"},\"image\":{\"@id\":\"https:\/\/apuntesdesanluis.com\/index.php\/2023\/09\/20\/piden-pena-en-suspenso-para-acusado-de-atropellar-y-causar-la-muerte-de-una-motociclista\/#primaryimage\"},\"thumbnailUrl\":\"https:\/\/apuntesdesanluis.com\/wp-content\/uploads\/2023\/09\/JUICIO-2.png\",\"articleSection\":[\"Ciudad\/Provincia\"],\"inLanguage\":\"es-AR\"},{\"@type\":\"WebPage\",\"@id\":\"https:\/\/apuntesdesanluis.com\/index.php\/2023\/09\/20\/piden-pena-en-suspenso-para-acusado-de-atropellar-y-causar-la-muerte-de-una-motociclista\/\",\"url\":\"https:\/\/apuntesdesanluis.com\/index.php\/2023\/09\/20\/piden-pena-en-suspenso-para-acusado-de-atropellar-y-causar-la-muerte-de-una-motociclista\/\",\"name\":\"PIDEN PENA EN SUSPENSO PARA ACUSADO DE ATROPELLAR Y CAUSAR LA MUERTE DE UNA MOTOCICLISTA - Apuntes de San Luis\",\"isPartOf\":{\"@id\":\"https:\/\/apuntesdesanluis.com\/#website\"},\"primaryImageOfPage\":{\"@id\":\"https:\/\/apuntesdesanluis.com\/index.php\/2023\/09\/20\/piden-pena-en-suspenso-para-acusado-de-atropellar-y-causar-la-muerte-de-una-motociclista\/#primaryimage\"},\"image\":{\"@id\":\"https:\/\/apuntesdesanluis.com\/index.php\/2023\/09\/20\/piden-pena-en-suspenso-para-acusado-de-atropellar-y-causar-la-muerte-de-una-motociclista\/#primaryimage\"},\"thumbnailUrl\":\"https:\/\/apuntesdesanluis.com\/wp-content\/uploads\/2023\/09\/JUICIO-2.png\",\"datePublished\":\"2023-09-20T20:13:52+00:00\",\"dateModified\":\"2023-09-20T21:15:26+00:00\",\"breadcrumb\":{\"@id\":\"https:\/\/apuntesdesanluis.com\/index.php\/2023\/09\/20\/piden-pena-en-suspenso-para-acusado-de-atropellar-y-causar-la-muerte-de-una-motociclista\/#breadcrumb\"},\"inLanguage\":\"es-AR\",\"potentialAction\":[{\"@type\":\"ReadAction\",\"target\":[\"https:\/\/apuntesdesanluis.com\/index.php\/2023\/09\/20\/piden-pena-en-suspenso-para-acusado-de-atropellar-y-causar-la-muerte-de-una-motociclista\/\"]}]},{\"@type\":\"ImageObject\",\"inLanguage\":\"es-AR\",\"@id\":\"https:\/\/apuntesdesanluis.com\/index.php\/2023\/09\/20\/piden-pena-en-suspenso-para-acusado-de-atropellar-y-causar-la-muerte-de-una-motociclista\/#primaryimage\",\"url\":\"https:\/\/apuntesdesanluis.com\/wp-content\/uploads\/2023\/09\/JUICIO-2.png\",\"contentUrl\":\"https:\/\/apuntesdesanluis.com\/wp-content\/uploads\/2023\/09\/JUICIO-2.png\",\"width\":600,\"height\":335},{\"@type\":\"BreadcrumbList\",\"@id\":\"https:\/\/apuntesdesanluis.com\/index.php\/2023\/09\/20\/piden-pena-en-suspenso-para-acusado-de-atropellar-y-causar-la-muerte-de-una-motociclista\/#breadcrumb\",\"itemListElement\":[{\"@type\":\"ListItem\",\"position\":1,\"name\":\"Inicio\",\"item\":\"https:\/\/apuntesdesanluis.com\/\"},{\"@type\":\"ListItem\",\"position\":2,\"name\":\"PIDEN PENA EN SUSPENSO PARA ACUSADO DE ATROPELLAR Y CAUSAR LA MUERTE DE UNA MOTOCICLISTA\"}]},{\"@type\":\"WebSite\",\"@id\":\"https:\/\/apuntesdesanluis.com\/#website\",\"url\":\"https:\/\/apuntesdesanluis.com\/\",\"name\":\"Apuntes de San Luis\",\"description\":\"\",\"publisher\":{\"@id\":\"https:\/\/apuntesdesanluis.com\/#\/schema\/person\/b55151d52296fcce64d1a72538a70b90\"},\"potentialAction\":[{\"@type\":\"SearchAction\",\"target\":{\"@type\":\"EntryPoint\",\"urlTemplate\":\"https:\/\/apuntesdesanluis.com\/?s={search_term_string}\"},\"query-input\":{\"@type\":\"PropertyValueSpecification\",\"valueRequired\":true,\"valueName\":\"search_term_string\"}}],\"inLanguage\":\"es-AR\"},{\"@type\":[\"Person\",\"Organization\"],\"@id\":\"https:\/\/apuntesdesanluis.com\/#\/schema\/person\/b55151d52296fcce64d1a72538a70b90\",\"name\":\"apuntesdesanluis.com\",\"image\":{\"@type\":\"ImageObject\",\"inLanguage\":\"es-AR\",\"@id\":\"https:\/\/apuntesdesanluis.com\/#\/schema\/person\/image\/\",\"url\":\"https:\/\/apuntesdesanluis.com\/wp-content\/uploads\/2023\/07\/cropped-apuntesdesanluis.png\",\"contentUrl\":\"https:\/\/apuntesdesanluis.com\/wp-content\/uploads\/2023\/07\/cropped-apuntesdesanluis.png\",\"width\":450,\"height\":112,\"caption\":\"apuntesdesanluis.com\"},\"logo\":{\"@id\":\"https:\/\/apuntesdesanluis.com\/#\/schema\/person\/image\/\"},\"sameAs\":[\"https:\/\/apuntesdesanluis.com\"],\"url\":\"https:\/\/apuntesdesanluis.com\/index.php\/author\/apuntesdesanluis-com\/\"}]}<\/script>\n<!-- \/ Yoast SEO plugin. -->","yoast_head_json":{"title":"PIDEN PENA EN SUSPENSO PARA ACUSADO DE ATROPELLAR Y CAUSAR LA MUERTE DE UNA MOTOCICLISTA - Apuntes de San Luis","robots":{"index":"index","follow":"follow","max-snippet":"max-snippet:-1","max-image-preview":"max-image-preview:large","max-video-preview":"max-video-preview:-1"},"canonical":"https:\/\/apuntesdesanluis.com\/index.php\/2023\/09\/20\/piden-pena-en-suspenso-para-acusado-de-atropellar-y-causar-la-muerte-de-una-motociclista\/","og_locale":"es_ES","og_type":"article","og_title":"PIDEN PENA EN SUSPENSO PARA ACUSADO DE ATROPELLAR Y CAUSAR LA MUERTE DE UNA MOTOCICLISTA - Apuntes de San Luis","og_description":"Santiago Cabanay Sasso comenz\u00f3 a ser juzgado este mi\u00e9rcoles por la muerte de Marcela Castro,...","og_url":"https:\/\/apuntesdesanluis.com\/index.php\/2023\/09\/20\/piden-pena-en-suspenso-para-acusado-de-atropellar-y-causar-la-muerte-de-una-motociclista\/","og_site_name":"Apuntes de San Luis","article_published_time":"2023-09-20T20:13:52+00:00","article_modified_time":"2023-09-20T21:15:26+00:00","og_image":[{"width":600,"height":335,"url":"https:\/\/apuntesdesanluis.com\/wp-content\/uploads\/2023\/09\/JUICIO-2.png","type":"image\/png"}],"author":"apuntesdesanluis.com","twitter_card":"summary_large_image","twitter_misc":{"Escrito por":"apuntesdesanluis.com","Tiempo de lectura":"3 minutos"},"schema":{"@context":"https:\/\/schema.org","@graph":[{"@type":"Article","@id":"https:\/\/apuntesdesanluis.com\/index.php\/2023\/09\/20\/piden-pena-en-suspenso-para-acusado-de-atropellar-y-causar-la-muerte-de-una-motociclista\/#article","isPartOf":{"@id":"https:\/\/apuntesdesanluis.com\/index.php\/2023\/09\/20\/piden-pena-en-suspenso-para-acusado-de-atropellar-y-causar-la-muerte-de-una-motociclista\/"},"author":{"name":"apuntesdesanluis.com","@id":"https:\/\/apuntesdesanluis.com\/#\/schema\/person\/b55151d52296fcce64d1a72538a70b90"},"headline":"PIDEN PENA EN SUSPENSO PARA ACUSADO DE ATROPELLAR Y CAUSAR LA MUERTE DE UNA MOTOCICLISTA","datePublished":"2023-09-20T20:13:52+00:00","dateModified":"2023-09-20T21:15:26+00:00","mainEntityOfPage":{"@id":"https:\/\/apuntesdesanluis.com\/index.php\/2023\/09\/20\/piden-pena-en-suspenso-para-acusado-de-atropellar-y-causar-la-muerte-de-una-motociclista\/"},"wordCount":606,"publisher":{"@id":"https:\/\/apuntesdesanluis.com\/#\/schema\/person\/b55151d52296fcce64d1a72538a70b90"},"image":{"@id":"https:\/\/apuntesdesanluis.com\/index.php\/2023\/09\/20\/piden-pena-en-suspenso-para-acusado-de-atropellar-y-causar-la-muerte-de-una-motociclista\/#primaryimage"},"thumbnailUrl":"https:\/\/apuntesdesanluis.com\/wp-content\/uploads\/2023\/09\/JUICIO-2.png","articleSection":["Ciudad\/Provincia"],"inLanguage":"es-AR"},{"@type":"WebPage","@id":"https:\/\/apuntesdesanluis.com\/index.php\/2023\/09\/20\/piden-pena-en-suspenso-para-acusado-de-atropellar-y-causar-la-muerte-de-una-motociclista\/","url":"https:\/\/apuntesdesanluis.com\/index.php\/2023\/09\/20\/piden-pena-en-suspenso-para-acusado-de-atropellar-y-causar-la-muerte-de-una-motociclista\/","name":"PIDEN PENA EN SUSPENSO PARA ACUSADO DE ATROPELLAR Y CAUSAR LA MUERTE DE UNA MOTOCICLISTA - Apuntes de San Luis","isPartOf":{"@id":"https:\/\/apuntesdesanluis.com\/#website"},"primaryImageOfPage":{"@id":"https:\/\/apuntesdesanluis.com\/index.php\/2023\/09\/20\/piden-pena-en-suspenso-para-acusado-de-atropellar-y-causar-la-muerte-de-una-motociclista\/#primaryimage"},"image":{"@id":"https:\/\/apuntesdesanluis.com\/index.php\/2023\/09\/20\/piden-pena-en-suspenso-para-acusado-de-atropellar-y-causar-la-muerte-de-una-motociclista\/#primaryimage"},"thumbnailUrl":"https:\/\/apuntesdesanluis.com\/wp-content\/uploads\/2023\/09\/JUICIO-2.png","datePublished":"2023-09-20T20:13:52+00:00","dateModified":"2023-09-20T21:15:26+00:00","breadcrumb":{"@id":"https:\/\/apuntesdesanluis.com\/index.php\/2023\/09\/20\/piden-pena-en-suspenso-para-acusado-de-atropellar-y-causar-la-muerte-de-una-motociclista\/#breadcrumb"},"inLanguage":"es-AR","potentialAction":[{"@type":"ReadAction","target":["https:\/\/apuntesdesanluis.com\/index.php\/2023\/09\/20\/piden-pena-en-suspenso-para-acusado-de-atropellar-y-causar-la-muerte-de-una-motociclista\/"]}]},{"@type":"ImageObject","inLanguage":"es-AR","@id":"https:\/\/apuntesdesanluis.com\/index.php\/2023\/09\/20\/piden-pena-en-suspenso-para-acusado-de-atropellar-y-causar-la-muerte-de-una-motociclista\/#primaryimage","url":"https:\/\/apuntesdesanluis.com\/wp-content\/uploads\/2023\/09\/JUICIO-2.png","contentUrl":"https:\/\/apuntesdesanluis.com\/wp-content\/uploads\/2023\/09\/JUICIO-2.png","width":600,"height":335},{"@type":"BreadcrumbList","@id":"https:\/\/apuntesdesanluis.com\/index.php\/2023\/09\/20\/piden-pena-en-suspenso-para-acusado-de-atropellar-y-causar-la-muerte-de-una-motociclista\/#breadcrumb","itemListElement":[{"@type":"ListItem","position":1,"name":"Inicio","item":"https:\/\/apuntesdesanluis.com\/"},{"@type":"ListItem","position":2,"name":"PIDEN PENA EN SUSPENSO PARA ACUSADO DE ATROPELLAR Y CAUSAR LA MUERTE DE UNA MOTOCICLISTA"}]},{"@type":"WebSite","@id":"https:\/\/apuntesdesanluis.com\/#website","url":"https:\/\/apuntesdesanluis.com\/","name":"Apuntes de San Luis","description":"","publisher":{"@id":"https:\/\/apuntesdesanluis.com\/#\/schema\/person\/b55151d52296fcce64d1a72538a70b90"},"potentialAction":[{"@type":"SearchAction","target":{"@type":"EntryPoint","urlTemplate":"https:\/\/apuntesdesanluis.com\/?s={search_term_string}"},"query-input":{"@type":"PropertyValueSpecification","valueRequired":true,"valueName":"search_term_string"}}],"inLanguage":"es-AR"},{"@type":["Person","Organization"],"@id":"https:\/\/apuntesdesanluis.com\/#\/schema\/person\/b55151d52296fcce64d1a72538a70b90","name":"apuntesdesanluis.com","image":{"@type":"ImageObject","inLanguage":"es-AR","@id":"https:\/\/apuntesdesanluis.com\/#\/schema\/person\/image\/","url":"https:\/\/apuntesdesanluis.com\/wp-content\/uploads\/2023\/07\/cropped-apuntesdesanluis.png","contentUrl":"https:\/\/apuntesdesanluis.com\/wp-content\/uploads\/2023\/07\/cropped-apuntesdesanluis.png","width":450,"height":112,"caption":"apuntesdesanluis.com"},"logo":{"@id":"https:\/\/apuntesdesanluis.com\/#\/schema\/person\/image\/"},"sameAs":["https:\/\/apuntesdesanluis.com"],"url":"https:\/\/apuntesdesanluis.com\/index.php\/author\/apuntesdesanluis-com\/"}]}},"featured_image_urls":{"full":["https:\/\/apuntesdesanluis.com\/wp-content\/uploads\/2023\/09\/JUICIO-2.png",600,335,false],"thumbnail":["https:\/\/apuntesdesanluis.com\/wp-content\/uploads\/2023\/09\/JUICIO-2-150x150.png",150,150,true],"medium":["https:\/\/apuntesdesanluis.com\/wp-content\/uploads\/2023\/09\/JUICIO-2-300x168.png",300,168,true],"medium_large":["https:\/\/apuntesdesanluis.com\/wp-content\/uploads\/2023\/09\/JUICIO-2.png",600,335,false],"large":["https:\/\/apuntesdesanluis.com\/wp-content\/uploads\/2023\/09\/JUICIO-2.png",600,335,false],"1536x1536":["https:\/\/apuntesdesanluis.com\/wp-content\/uploads\/2023\/09\/JUICIO-2.png",600,335,false],"2048x2048":["https:\/\/apuntesdesanluis.com\/wp-content\/uploads\/2023\/09\/JUICIO-2.png",600,335,false],"newsever-slider-full":["https:\/\/apuntesdesanluis.com\/wp-content\/uploads\/2023\/09\/JUICIO-2.png",600,335,false],"newsever-featured":["https:\/\/apuntesdesanluis.com\/wp-content\/uploads\/2023\/09\/JUICIO-2.png",600,335,false],"newsever-medium":["https:\/\/apuntesdesanluis.com\/wp-content\/uploads\/2023\/09\/JUICIO-2.png",600,335,false]},"author_info":{"display_name":"apuntesdesanluis.com","author_link":"https:\/\/apuntesdesanluis.com\/index.php\/author\/apuntesdesanluis-com\/"},"category_info":"<a href=\"https:\/\/apuntesdesanluis.com\/index.php\/category\/ciudad-provincia\/\" rel=\"category tag\">Ciudad\/Provincia<\/a>","tag_info":"Ciudad\/Provincia","comment_count":"0","_links":{"self":[{"href":"https:\/\/apuntesdesanluis.com\/index.php\/wp-json\/wp\/v2\/posts\/3646","targetHints":{"allow":["GET"]}}],"collection":[{"href":"https:\/\/apuntesdesanluis.com\/index.php\/wp-json\/wp\/v2\/posts"}],"about":[{"href":"https:\/\/apuntesdesanluis.com\/index.php\/wp-json\/wp\/v2\/types\/post"}],"author":[{"embeddable":true,"href":"https:\/\/apuntesdesanluis.com\/index.php\/wp-json\/wp\/v2\/users\/1"}],"replies":[{"embeddable":true,"href":"https:\/\/apuntesdesanluis.com\/index.php\/wp-json\/wp\/v2\/comments?post=3646"}],"version-history":[{"count":1,"href":"https:\/\/apuntesdesanluis.com\/index.php\/wp-json\/wp\/v2\/posts\/3646\/revisions"}],"predecessor-version":[{"id":3648,"href":"https:\/\/apuntesdesanluis.com\/index.php\/wp-json\/wp\/v2\/posts\/3646\/revisions\/3648"}],"wp:featuredmedia":[{"embeddable":true,"href":"https:\/\/apuntesdesanluis.com\/index.php\/wp-json\/wp\/v2\/media\/3647"}],"wp:attachment":[{"href":"https:\/\/apuntesdesanluis.com\/index.php\/wp-json\/wp\/v2\/media?parent=3646"}],"wp:term":[{"taxonomy":"category","embeddable":true,"href":"https:\/\/apuntesdesanluis.com\/index.php\/wp-json\/wp\/v2\/categories?post=3646"},{"taxonomy":"post_tag","embeddable":true,"href":"https:\/\/apuntesdesanluis.com\/index.php\/wp-json\/wp\/v2\/tags?post=3646"}],"curies":[{"name":"wp","href":"https:\/\/api.w.org\/{rel}","templated":true}]}}