{"id":3649,"date":"2023-09-20T18:19:27","date_gmt":"2023-09-20T21:19:27","guid":{"rendered":"https:\/\/apuntesdesanluis.com\/?p=3649"},"modified":"2023-09-20T18:19:27","modified_gmt":"2023-09-20T21:19:27","slug":"condenaron-a-un-ano-y-seis-meses-de-prision-a-un-joven-en-causa-por-robo","status":"publish","type":"post","link":"https:\/\/apuntesdesanluis.com\/index.php\/2023\/09\/20\/condenaron-a-un-ano-y-seis-meses-de-prision-a-un-joven-en-causa-por-robo\/","title":{"rendered":"CONDENARON A UN A\u00d1O Y SEIS MESES DE PRISI\u00d3N A UN JOVEN EN CAUSA POR ROBO"},"content":{"rendered":"<h3>El hecho investigado ocurri\u00f3 el pasado 10 de septiembre. Mauricio Exequiel Suarez deber\u00e1 cumplir la pena impuesta en el Servicio Penitenciario Provincial.<\/h3>\n<h3>El Dr. Santiago Ortiz, Juez de Garant\u00eda N\u00ba 4 de la Segunda Circunscripci\u00f3n Judicial, declar\u00f3 hoy autor penalmente responsable por el delito de robo calificado en grado de tentativa a Mauricio Exequiel Suarez y lo conden\u00f3 a sufrir la pena de un a\u00f1o y seis\u00a0 meses de prisi\u00f3n efectiva, ordenando su inmediato traslado al Servicio Penitenciario Provincial.<\/h3>\n<h3>El hecho investigado ocurri\u00f3 el pasado 10 de septiembre, aproximadamente a las 21 hs. En la audiencia de formulaci\u00f3n de cargos la Fiscal Adjunta, Dra. Andrea Court relat\u00f3 que una mujer, ingres\u00f3 a un supermercado ubicado en la Avenida 25 de Mayo, dejando su motocicleta con traba en el lugar dispuesto para el estacionamiento de motos. Cuando sali\u00f3 del lugar, unos diez minutos m\u00e1s tarde, encontr\u00f3 que el veh\u00edculo no estaba.<\/h3>\n<h3>A su vez, dos efectivos policiales que circulaban por la zona advirtieron a un hombre que sal\u00eda caminando de la playa de estacionamiento con una motocicleta al lado. Al darle la voz de alto, continu\u00f3 su marcha para finalmente ser aprehendido, notando los oficiales que no ten\u00eda llave del rodado ni la documentaci\u00f3n correspondiente, coincidiendo las caracter\u00edsticas con las de la moto robada en el supermercado.<\/h3>\n<h3>Hoy, vencido el plazo de pr\u00f3rroga de detenci\u00f3n solicitado por la defensa, se celebr\u00f3 una nueva audiencia en la que las partes acordaron concluir la causa mediante el procedimiento de juicio abreviado.<\/h3>\n<h3>Estuvieron presentes en representaci\u00f3n del imputado, el Dr. Adri\u00e1n Lescano y por el Ministerio P\u00fablico Fiscal los Dres. Jos\u00e9 Olgu\u00edn, Marcelo Palacio y la Dra. Andrea Court. Intervino como secretaria la Dra. Nadia Segura.<\/h3>\n<h3>Cedida la palabra a Fiscal\u00eda, relat\u00f3 los hechos y en virtud de lo investigado y lo acordado con la defensa del imputado, solicit\u00f3 la realizaci\u00f3n de un juicio abreviado y la reformulaci\u00f3n de cargos por el delito de robo calificado en frado de tentativa en calidad de autor, previsto y penado en el Art. 167 inc 4 con remisi\u00f3n al 163, inc. 6,\u00a0 42 y 45 del C\u00f3digo Penal Argentino.<\/h3>\n<h3>Cedida la palabra al imputado, acept\u00f3 su culpabilidad en el hecho y que dicha responsabilidad fue asumida en forma libre, plena y consciente, prestando tambi\u00e9n consentimiento para la pena requerida por Fiscal\u00eda.<\/h3>\n<h3>Luego de escuchar a las partes, el Dr. Ortiz homolog\u00f3 el acuerdo de juicio abreviado celebrado por las partes y declar\u00f3 a Mauricio Exequiel Su\u00e1rez autor penalmente responsable del delito de robo calificado en grado de tentativa en calidad de autor y lo conden\u00f3 a sufrir la pena de un a\u00f1o y seis meses de prisi\u00f3n efectiva, disponiendo su inmediato traslado al Servicio Penitenciario Provincial.<\/h3>\n","protected":false},"excerpt":{"rendered":"<p>El hecho investigado ocurri\u00f3 el pasado 10 de septiembre. Mauricio Exequiel Suarez deber\u00e1 cumplir la&#8230;<\/p>\n","protected":false},"author":1,"featured_media":764,"comment_status":"closed","ping_status":"closed","sticky":false,"template":"","format":"standard","meta":{"footnotes":""},"categories":[6],"tags":[],"class_list":["post-3649","post","type-post","status-publish","format-standard","has-post-thumbnail","hentry","category-ciudad-provincia"],"yoast_head":"<!-- This site is optimized with the Yoast SEO plugin v26.1.1 - https:\/\/yoast.com\/wordpress\/plugins\/seo\/ -->\n<title>CONDENARON A UN A\u00d1O Y SEIS MESES DE PRISI\u00d3N A UN JOVEN EN CAUSA POR ROBO - Apuntes de San Luis<\/title>\n<meta name=\"robots\" content=\"index, follow, max-snippet:-1, max-image-preview:large, max-video-preview:-1\" \/>\n<link rel=\"canonical\" href=\"https:\/\/apuntesdesanluis.com\/index.php\/2023\/09\/20\/condenaron-a-un-ano-y-seis-meses-de-prision-a-un-joven-en-causa-por-robo\/\" \/>\n<meta property=\"og:locale\" content=\"es_ES\" \/>\n<meta property=\"og:type\" content=\"article\" \/>\n<meta property=\"og:title\" content=\"CONDENARON A UN A\u00d1O Y SEIS MESES DE PRISI\u00d3N A UN JOVEN EN CAUSA POR ROBO - Apuntes de San Luis\" \/>\n<meta property=\"og:description\" content=\"El hecho investigado ocurri\u00f3 el pasado 10 de septiembre. Mauricio Exequiel Suarez deber\u00e1 cumplir la...\" \/>\n<meta property=\"og:url\" content=\"https:\/\/apuntesdesanluis.com\/index.php\/2023\/09\/20\/condenaron-a-un-ano-y-seis-meses-de-prision-a-un-joven-en-causa-por-robo\/\" \/>\n<meta property=\"og:site_name\" content=\"Apuntes de San Luis\" \/>\n<meta property=\"article:published_time\" content=\"2023-09-20T21:19:27+00:00\" \/>\n<meta property=\"og:image\" content=\"https:\/\/apuntesdesanluis.com\/wp-content\/uploads\/2023\/07\/tribunales-de-villa-mercedes.png\" \/>\n\t<meta property=\"og:image:width\" content=\"739\" \/>\n\t<meta property=\"og:image:height\" content=\"443\" \/>\n\t<meta property=\"og:image:type\" content=\"image\/png\" \/>\n<meta name=\"author\" content=\"apuntesdesanluis.com\" \/>\n<meta name=\"twitter:card\" content=\"summary_large_image\" \/>\n<meta name=\"twitter:label1\" content=\"Escrito por\" \/>\n\t<meta name=\"twitter:data1\" content=\"apuntesdesanluis.com\" \/>\n\t<meta name=\"twitter:label2\" content=\"Tiempo de lectura\" \/>\n\t<meta name=\"twitter:data2\" content=\"3 minutos\" \/>\n<script type=\"application\/ld+json\" class=\"yoast-schema-graph\">{\"@context\":\"https:\/\/schema.org\",\"@graph\":[{\"@type\":\"Article\",\"@id\":\"https:\/\/apuntesdesanluis.com\/index.php\/2023\/09\/20\/condenaron-a-un-ano-y-seis-meses-de-prision-a-un-joven-en-causa-por-robo\/#article\",\"isPartOf\":{\"@id\":\"https:\/\/apuntesdesanluis.com\/index.php\/2023\/09\/20\/condenaron-a-un-ano-y-seis-meses-de-prision-a-un-joven-en-causa-por-robo\/\"},\"author\":{\"name\":\"apuntesdesanluis.com\",\"@id\":\"https:\/\/apuntesdesanluis.com\/#\/schema\/person\/b55151d52296fcce64d1a72538a70b90\"},\"headline\":\"CONDENARON A UN A\u00d1O Y SEIS MESES DE PRISI\u00d3N A UN JOVEN EN CAUSA POR ROBO\",\"datePublished\":\"2023-09-20T21:19:27+00:00\",\"mainEntityOfPage\":{\"@id\":\"https:\/\/apuntesdesanluis.com\/index.php\/2023\/09\/20\/condenaron-a-un-ano-y-seis-meses-de-prision-a-un-joven-en-causa-por-robo\/\"},\"wordCount\":483,\"publisher\":{\"@id\":\"https:\/\/apuntesdesanluis.com\/#\/schema\/person\/b55151d52296fcce64d1a72538a70b90\"},\"image\":{\"@id\":\"https:\/\/apuntesdesanluis.com\/index.php\/2023\/09\/20\/condenaron-a-un-ano-y-seis-meses-de-prision-a-un-joven-en-causa-por-robo\/#primaryimage\"},\"thumbnailUrl\":\"https:\/\/apuntesdesanluis.com\/wp-content\/uploads\/2023\/07\/tribunales-de-villa-mercedes.png\",\"articleSection\":[\"Ciudad\/Provincia\"],\"inLanguage\":\"es-AR\"},{\"@type\":\"WebPage\",\"@id\":\"https:\/\/apuntesdesanluis.com\/index.php\/2023\/09\/20\/condenaron-a-un-ano-y-seis-meses-de-prision-a-un-joven-en-causa-por-robo\/\",\"url\":\"https:\/\/apuntesdesanluis.com\/index.php\/2023\/09\/20\/condenaron-a-un-ano-y-seis-meses-de-prision-a-un-joven-en-causa-por-robo\/\",\"name\":\"CONDENARON A UN A\u00d1O Y SEIS MESES DE PRISI\u00d3N A UN JOVEN EN CAUSA POR ROBO - Apuntes de San Luis\",\"isPartOf\":{\"@id\":\"https:\/\/apuntesdesanluis.com\/#website\"},\"primaryImageOfPage\":{\"@id\":\"https:\/\/apuntesdesanluis.com\/index.php\/2023\/09\/20\/condenaron-a-un-ano-y-seis-meses-de-prision-a-un-joven-en-causa-por-robo\/#primaryimage\"},\"image\":{\"@id\":\"https:\/\/apuntesdesanluis.com\/index.php\/2023\/09\/20\/condenaron-a-un-ano-y-seis-meses-de-prision-a-un-joven-en-causa-por-robo\/#primaryimage\"},\"thumbnailUrl\":\"https:\/\/apuntesdesanluis.com\/wp-content\/uploads\/2023\/07\/tribunales-de-villa-mercedes.png\",\"datePublished\":\"2023-09-20T21:19:27+00:00\",\"breadcrumb\":{\"@id\":\"https:\/\/apuntesdesanluis.com\/index.php\/2023\/09\/20\/condenaron-a-un-ano-y-seis-meses-de-prision-a-un-joven-en-causa-por-robo\/#breadcrumb\"},\"inLanguage\":\"es-AR\",\"potentialAction\":[{\"@type\":\"ReadAction\",\"target\":[\"https:\/\/apuntesdesanluis.com\/index.php\/2023\/09\/20\/condenaron-a-un-ano-y-seis-meses-de-prision-a-un-joven-en-causa-por-robo\/\"]}]},{\"@type\":\"ImageObject\",\"inLanguage\":\"es-AR\",\"@id\":\"https:\/\/apuntesdesanluis.com\/index.php\/2023\/09\/20\/condenaron-a-un-ano-y-seis-meses-de-prision-a-un-joven-en-causa-por-robo\/#primaryimage\",\"url\":\"https:\/\/apuntesdesanluis.com\/wp-content\/uploads\/2023\/07\/tribunales-de-villa-mercedes.png\",\"contentUrl\":\"https:\/\/apuntesdesanluis.com\/wp-content\/uploads\/2023\/07\/tribunales-de-villa-mercedes.png\",\"width\":739,\"height\":443},{\"@type\":\"BreadcrumbList\",\"@id\":\"https:\/\/apuntesdesanluis.com\/index.php\/2023\/09\/20\/condenaron-a-un-ano-y-seis-meses-de-prision-a-un-joven-en-causa-por-robo\/#breadcrumb\",\"itemListElement\":[{\"@type\":\"ListItem\",\"position\":1,\"name\":\"Inicio\",\"item\":\"https:\/\/apuntesdesanluis.com\/\"},{\"@type\":\"ListItem\",\"position\":2,\"name\":\"CONDENARON A UN A\u00d1O Y SEIS MESES DE PRISI\u00d3N A UN JOVEN EN CAUSA POR ROBO\"}]},{\"@type\":\"WebSite\",\"@id\":\"https:\/\/apuntesdesanluis.com\/#website\",\"url\":\"https:\/\/apuntesdesanluis.com\/\",\"name\":\"Apuntes de San Luis\",\"description\":\"\",\"publisher\":{\"@id\":\"https:\/\/apuntesdesanluis.com\/#\/schema\/person\/b55151d52296fcce64d1a72538a70b90\"},\"potentialAction\":[{\"@type\":\"SearchAction\",\"target\":{\"@type\":\"EntryPoint\",\"urlTemplate\":\"https:\/\/apuntesdesanluis.com\/?s={search_term_string}\"},\"query-input\":{\"@type\":\"PropertyValueSpecification\",\"valueRequired\":true,\"valueName\":\"search_term_string\"}}],\"inLanguage\":\"es-AR\"},{\"@type\":[\"Person\",\"Organization\"],\"@id\":\"https:\/\/apuntesdesanluis.com\/#\/schema\/person\/b55151d52296fcce64d1a72538a70b90\",\"name\":\"apuntesdesanluis.com\",\"image\":{\"@type\":\"ImageObject\",\"inLanguage\":\"es-AR\",\"@id\":\"https:\/\/apuntesdesanluis.com\/#\/schema\/person\/image\/\",\"url\":\"https:\/\/apuntesdesanluis.com\/wp-content\/uploads\/2023\/07\/cropped-apuntesdesanluis.png\",\"contentUrl\":\"https:\/\/apuntesdesanluis.com\/wp-content\/uploads\/2023\/07\/cropped-apuntesdesanluis.png\",\"width\":450,\"height\":112,\"caption\":\"apuntesdesanluis.com\"},\"logo\":{\"@id\":\"https:\/\/apuntesdesanluis.com\/#\/schema\/person\/image\/\"},\"sameAs\":[\"https:\/\/apuntesdesanluis.com\"],\"url\":\"https:\/\/apuntesdesanluis.com\/index.php\/author\/apuntesdesanluis-com\/\"}]}<\/script>\n<!-- \/ Yoast SEO plugin. -->","yoast_head_json":{"title":"CONDENARON A UN A\u00d1O Y SEIS MESES DE PRISI\u00d3N A UN JOVEN EN CAUSA POR ROBO - Apuntes de San Luis","robots":{"index":"index","follow":"follow","max-snippet":"max-snippet:-1","max-image-preview":"max-image-preview:large","max-video-preview":"max-video-preview:-1"},"canonical":"https:\/\/apuntesdesanluis.com\/index.php\/2023\/09\/20\/condenaron-a-un-ano-y-seis-meses-de-prision-a-un-joven-en-causa-por-robo\/","og_locale":"es_ES","og_type":"article","og_title":"CONDENARON A UN A\u00d1O Y SEIS MESES DE PRISI\u00d3N A UN JOVEN EN CAUSA POR ROBO - Apuntes de San Luis","og_description":"El hecho investigado ocurri\u00f3 el pasado 10 de septiembre. Mauricio Exequiel Suarez deber\u00e1 cumplir la...","og_url":"https:\/\/apuntesdesanluis.com\/index.php\/2023\/09\/20\/condenaron-a-un-ano-y-seis-meses-de-prision-a-un-joven-en-causa-por-robo\/","og_site_name":"Apuntes de San Luis","article_published_time":"2023-09-20T21:19:27+00:00","og_image":[{"width":739,"height":443,"url":"https:\/\/apuntesdesanluis.com\/wp-content\/uploads\/2023\/07\/tribunales-de-villa-mercedes.png","type":"image\/png"}],"author":"apuntesdesanluis.com","twitter_card":"summary_large_image","twitter_misc":{"Escrito por":"apuntesdesanluis.com","Tiempo de lectura":"3 minutos"},"schema":{"@context":"https:\/\/schema.org","@graph":[{"@type":"Article","@id":"https:\/\/apuntesdesanluis.com\/index.php\/2023\/09\/20\/condenaron-a-un-ano-y-seis-meses-de-prision-a-un-joven-en-causa-por-robo\/#article","isPartOf":{"@id":"https:\/\/apuntesdesanluis.com\/index.php\/2023\/09\/20\/condenaron-a-un-ano-y-seis-meses-de-prision-a-un-joven-en-causa-por-robo\/"},"author":{"name":"apuntesdesanluis.com","@id":"https:\/\/apuntesdesanluis.com\/#\/schema\/person\/b55151d52296fcce64d1a72538a70b90"},"headline":"CONDENARON A UN A\u00d1O Y SEIS MESES DE PRISI\u00d3N A UN JOVEN EN CAUSA POR ROBO","datePublished":"2023-09-20T21:19:27+00:00","mainEntityOfPage":{"@id":"https:\/\/apuntesdesanluis.com\/index.php\/2023\/09\/20\/condenaron-a-un-ano-y-seis-meses-de-prision-a-un-joven-en-causa-por-robo\/"},"wordCount":483,"publisher":{"@id":"https:\/\/apuntesdesanluis.com\/#\/schema\/person\/b55151d52296fcce64d1a72538a70b90"},"image":{"@id":"https:\/\/apuntesdesanluis.com\/index.php\/2023\/09\/20\/condenaron-a-un-ano-y-seis-meses-de-prision-a-un-joven-en-causa-por-robo\/#primaryimage"},"thumbnailUrl":"https:\/\/apuntesdesanluis.com\/wp-content\/uploads\/2023\/07\/tribunales-de-villa-mercedes.png","articleSection":["Ciudad\/Provincia"],"inLanguage":"es-AR"},{"@type":"WebPage","@id":"https:\/\/apuntesdesanluis.com\/index.php\/2023\/09\/20\/condenaron-a-un-ano-y-seis-meses-de-prision-a-un-joven-en-causa-por-robo\/","url":"https:\/\/apuntesdesanluis.com\/index.php\/2023\/09\/20\/condenaron-a-un-ano-y-seis-meses-de-prision-a-un-joven-en-causa-por-robo\/","name":"CONDENARON A UN A\u00d1O Y SEIS MESES DE PRISI\u00d3N A UN JOVEN EN CAUSA POR ROBO - Apuntes de San Luis","isPartOf":{"@id":"https:\/\/apuntesdesanluis.com\/#website"},"primaryImageOfPage":{"@id":"https:\/\/apuntesdesanluis.com\/index.php\/2023\/09\/20\/condenaron-a-un-ano-y-seis-meses-de-prision-a-un-joven-en-causa-por-robo\/#primaryimage"},"image":{"@id":"https:\/\/apuntesdesanluis.com\/index.php\/2023\/09\/20\/condenaron-a-un-ano-y-seis-meses-de-prision-a-un-joven-en-causa-por-robo\/#primaryimage"},"thumbnailUrl":"https:\/\/apuntesdesanluis.com\/wp-content\/uploads\/2023\/07\/tribunales-de-villa-mercedes.png","datePublished":"2023-09-20T21:19:27+00:00","breadcrumb":{"@id":"https:\/\/apuntesdesanluis.com\/index.php\/2023\/09\/20\/condenaron-a-un-ano-y-seis-meses-de-prision-a-un-joven-en-causa-por-robo\/#breadcrumb"},"inLanguage":"es-AR","potentialAction":[{"@type":"ReadAction","target":["https:\/\/apuntesdesanluis.com\/index.php\/2023\/09\/20\/condenaron-a-un-ano-y-seis-meses-de-prision-a-un-joven-en-causa-por-robo\/"]}]},{"@type":"ImageObject","inLanguage":"es-AR","@id":"https:\/\/apuntesdesanluis.com\/index.php\/2023\/09\/20\/condenaron-a-un-ano-y-seis-meses-de-prision-a-un-joven-en-causa-por-robo\/#primaryimage","url":"https:\/\/apuntesdesanluis.com\/wp-content\/uploads\/2023\/07\/tribunales-de-villa-mercedes.png","contentUrl":"https:\/\/apuntesdesanluis.com\/wp-content\/uploads\/2023\/07\/tribunales-de-villa-mercedes.png","width":739,"height":443},{"@type":"BreadcrumbList","@id":"https:\/\/apuntesdesanluis.com\/index.php\/2023\/09\/20\/condenaron-a-un-ano-y-seis-meses-de-prision-a-un-joven-en-causa-por-robo\/#breadcrumb","itemListElement":[{"@type":"ListItem","position":1,"name":"Inicio","item":"https:\/\/apuntesdesanluis.com\/"},{"@type":"ListItem","position":2,"name":"CONDENARON A UN A\u00d1O Y SEIS MESES DE PRISI\u00d3N A UN JOVEN EN CAUSA POR ROBO"}]},{"@type":"WebSite","@id":"https:\/\/apuntesdesanluis.com\/#website","url":"https:\/\/apuntesdesanluis.com\/","name":"Apuntes de San Luis","description":"","publisher":{"@id":"https:\/\/apuntesdesanluis.com\/#\/schema\/person\/b55151d52296fcce64d1a72538a70b90"},"potentialAction":[{"@type":"SearchAction","target":{"@type":"EntryPoint","urlTemplate":"https:\/\/apuntesdesanluis.com\/?s={search_term_string}"},"query-input":{"@type":"PropertyValueSpecification","valueRequired":true,"valueName":"search_term_string"}}],"inLanguage":"es-AR"},{"@type":["Person","Organization"],"@id":"https:\/\/apuntesdesanluis.com\/#\/schema\/person\/b55151d52296fcce64d1a72538a70b90","name":"apuntesdesanluis.com","image":{"@type":"ImageObject","inLanguage":"es-AR","@id":"https:\/\/apuntesdesanluis.com\/#\/schema\/person\/image\/","url":"https:\/\/apuntesdesanluis.com\/wp-content\/uploads\/2023\/07\/cropped-apuntesdesanluis.png","contentUrl":"https:\/\/apuntesdesanluis.com\/wp-content\/uploads\/2023\/07\/cropped-apuntesdesanluis.png","width":450,"height":112,"caption":"apuntesdesanluis.com"},"logo":{"@id":"https:\/\/apuntesdesanluis.com\/#\/schema\/person\/image\/"},"sameAs":["https:\/\/apuntesdesanluis.com"],"url":"https:\/\/apuntesdesanluis.com\/index.php\/author\/apuntesdesanluis-com\/"}]}},"featured_image_urls":{"full":["https:\/\/apuntesdesanluis.com\/wp-content\/uploads\/2023\/07\/tribunales-de-villa-mercedes.png",739,443,false],"thumbnail":["https:\/\/apuntesdesanluis.com\/wp-content\/uploads\/2023\/07\/tribunales-de-villa-mercedes-150x150.png",150,150,true],"medium":["https:\/\/apuntesdesanluis.com\/wp-content\/uploads\/2023\/07\/tribunales-de-villa-mercedes-300x180.png",300,180,true],"medium_large":["https:\/\/apuntesdesanluis.com\/wp-content\/uploads\/2023\/07\/tribunales-de-villa-mercedes.png",640,384,false],"large":["https:\/\/apuntesdesanluis.com\/wp-content\/uploads\/2023\/07\/tribunales-de-villa-mercedes.png",640,384,false],"1536x1536":["https:\/\/apuntesdesanluis.com\/wp-content\/uploads\/2023\/07\/tribunales-de-villa-mercedes.png",739,443,false],"2048x2048":["https:\/\/apuntesdesanluis.com\/wp-content\/uploads\/2023\/07\/tribunales-de-villa-mercedes.png",739,443,false],"newsever-slider-full":["https:\/\/apuntesdesanluis.com\/wp-content\/uploads\/2023\/07\/tribunales-de-villa-mercedes.png",739,443,false],"newsever-featured":["https:\/\/apuntesdesanluis.com\/wp-content\/uploads\/2023\/07\/tribunales-de-villa-mercedes.png",739,443,false],"newsever-medium":["https:\/\/apuntesdesanluis.com\/wp-content\/uploads\/2023\/07\/tribunales-de-villa-mercedes-720x443.png",720,443,true]},"author_info":{"display_name":"apuntesdesanluis.com","author_link":"https:\/\/apuntesdesanluis.com\/index.php\/author\/apuntesdesanluis-com\/"},"category_info":"<a href=\"https:\/\/apuntesdesanluis.com\/index.php\/category\/ciudad-provincia\/\" rel=\"category tag\">Ciudad\/Provincia<\/a>","tag_info":"Ciudad\/Provincia","comment_count":"0","_links":{"self":[{"href":"https:\/\/apuntesdesanluis.com\/index.php\/wp-json\/wp\/v2\/posts\/3649","targetHints":{"allow":["GET"]}}],"collection":[{"href":"https:\/\/apuntesdesanluis.com\/index.php\/wp-json\/wp\/v2\/posts"}],"about":[{"href":"https:\/\/apuntesdesanluis.com\/index.php\/wp-json\/wp\/v2\/types\/post"}],"author":[{"embeddable":true,"href":"https:\/\/apuntesdesanluis.com\/index.php\/wp-json\/wp\/v2\/users\/1"}],"replies":[{"embeddable":true,"href":"https:\/\/apuntesdesanluis.com\/index.php\/wp-json\/wp\/v2\/comments?post=3649"}],"version-history":[{"count":1,"href":"https:\/\/apuntesdesanluis.com\/index.php\/wp-json\/wp\/v2\/posts\/3649\/revisions"}],"predecessor-version":[{"id":3650,"href":"https:\/\/apuntesdesanluis.com\/index.php\/wp-json\/wp\/v2\/posts\/3649\/revisions\/3650"}],"wp:featuredmedia":[{"embeddable":true,"href":"https:\/\/apuntesdesanluis.com\/index.php\/wp-json\/wp\/v2\/media\/764"}],"wp:attachment":[{"href":"https:\/\/apuntesdesanluis.com\/index.php\/wp-json\/wp\/v2\/media?parent=3649"}],"wp:term":[{"taxonomy":"category","embeddable":true,"href":"https:\/\/apuntesdesanluis.com\/index.php\/wp-json\/wp\/v2\/categories?post=3649"},{"taxonomy":"post_tag","embeddable":true,"href":"https:\/\/apuntesdesanluis.com\/index.php\/wp-json\/wp\/v2\/tags?post=3649"}],"curies":[{"name":"wp","href":"https:\/\/api.w.org\/{rel}","templated":true}]}}