{"id":3658,"date":"2023-09-20T18:51:05","date_gmt":"2023-09-20T21:51:05","guid":{"rendered":"https:\/\/apuntesdesanluis.com\/?p=3658"},"modified":"2023-09-20T18:51:05","modified_gmt":"2023-09-20T21:51:05","slug":"definieron-los-8-periodistas-que-moderaran-los-debates-presidenciales","status":"publish","type":"post","link":"https:\/\/apuntesdesanluis.com\/index.php\/2023\/09\/20\/definieron-los-8-periodistas-que-moderaran-los-debates-presidenciales\/","title":{"rendered":"DEFINIERON LOS 8 PERIODISTAS QUE MODERAR\u00c1N LOS DEBATES PRESIDENCIALES"},"content":{"rendered":"<h3 class=\"yiv7409174924ydp6329976emsonormal\" style=\"text-align: justify; background: white;\"><span style=\"font-family: 'Arial','sans-serif'; color: #1d2228;\">Ambos eventos, fechados para el 1 y 8 de octubre, ser\u00e1n transmitidos por la TV P\u00fablica. <\/span><\/h3>\n<h3 class=\"yiv7409174924ydp6329976emsonormal\" style=\"text-align: justify; background: white;\"><span style=\"font-family: 'Arial','sans-serif'; color: #1d2228;\">Quedaron definieron los ocho periodistas que moderar\u00e1n los debates presidenciales que ser realizar\u00e1n en la Universidad de Santiago del Estero (1 de octubre) y en la Universidad de Buenos Aires (8 de octubre). <\/span><\/h3>\n<h3 class=\"yiv7409174924ydp6329976emsonormal\" style=\"text-align: justify; background: white;\"><span style=\"font-family: 'Arial','sans-serif'; color: #1d2228;\">Rodolfo Barili (Telefe), Evangelina Ramallo (Asociaci\u00f3n de Teleradiodifusoras Argentinas), Esteban Mirol (El Nueve) y Lucila Trujillo (TV P\u00fablica) ser\u00e1n los cuatro comunicadores que conducir\u00e1n el primero de los debates. <\/span><\/h3>\n<h3 class=\"yiv7409174924ydp6329976emsonormal\" style=\"text-align: justify; background: white;\"><span style=\"font-family: 'Arial','sans-serif'; color: #1d2228;\">Mientras que Mariana Ver\u00f3n (El Nueve), Marcelo Bonelli (TN y El Trece), Sergio Roulier (ElTresTV) y Soledad Larghi (Am\u00e9rica) ser\u00e1n los que moderen el segundo y \u00faltimo debate. <\/span><\/h3>\n<h3 class=\"yiv7409174924ydp6329976emsonormal\" style=\"text-align: justify; background: white;\"><span style=\"font-family: 'Arial','sans-serif'; color: #1d2228;\">Las designaciones fueron dirimidas mediante un sorteo en la C\u00e1mara Nacional Electoral (CNE) con la asistencia de los representantes de los cinco candidatos presidenciales, integrantes de la C\u00e1mara Argentina de Productoras Independientes de Televisi\u00f3n (CAPIT) y de la Televisi\u00f3n P\u00fablica. <\/span><\/h3>\n<h3 class=\"yiv7409174924ydp6329976emsonormal\" style=\"text-align: justify; background: white;\"><span style=\"font-family: 'Arial','sans-serif'; color: #1d2228;\">Todos los aspirantes a la Casa Rosada ya confirmaron su presencia: Patricia Bullrich, de Juntos por el Cambio; Sergio Massa, de Uni\u00f3n por la Patria; Juan Schiaretti, de Hacemos por Nuestro Pa\u00eds; Myriam Bregman, del Frente de Izquierda y de Trabajadores-Unidad; y Javier Milei (La Libertad Avanza). <\/span><\/h3>\n<h3 class=\"yiv7409174924ydp6329976emsonormal\" style=\"text-align: justify; background: white;\"><span style=\"font-family: 'Arial','sans-serif'; color: #1d2228;\">La Televisi\u00f3n P\u00fablica ser\u00e1 la encargada de transmitir ambos eventos, que a su vez podr\u00e1n ser retransmitidos por el resto de las emisoras de la Argentina.<\/span><\/h3>\n","protected":false},"excerpt":{"rendered":"<p>Ambos eventos, fechados para el 1 y 8 de octubre, ser\u00e1n transmitidos por la TV&#8230;<\/p>\n","protected":false},"author":1,"featured_media":3659,"comment_status":"closed","ping_status":"closed","sticky":false,"template":"","format":"standard","meta":{"footnotes":""},"categories":[5],"tags":[],"class_list":["post-3658","post","type-post","status-publish","format-standard","has-post-thumbnail","hentry","category-nacionales-internacionales"],"yoast_head":"<!-- This site is optimized with the Yoast SEO plugin v26.1.1 - https:\/\/yoast.com\/wordpress\/plugins\/seo\/ -->\n<title>DEFINIERON LOS 8 PERIODISTAS QUE MODERAR\u00c1N LOS DEBATES PRESIDENCIALES - Apuntes de San Luis<\/title>\n<meta name=\"robots\" content=\"index, follow, max-snippet:-1, max-image-preview:large, max-video-preview:-1\" \/>\n<link rel=\"canonical\" href=\"https:\/\/apuntesdesanluis.com\/index.php\/2023\/09\/20\/definieron-los-8-periodistas-que-moderaran-los-debates-presidenciales\/\" \/>\n<meta property=\"og:locale\" content=\"es_ES\" \/>\n<meta property=\"og:type\" content=\"article\" \/>\n<meta property=\"og:title\" content=\"DEFINIERON LOS 8 PERIODISTAS QUE MODERAR\u00c1N LOS DEBATES PRESIDENCIALES - Apuntes de San Luis\" \/>\n<meta property=\"og:description\" content=\"Ambos eventos, fechados para el 1 y 8 de octubre, ser\u00e1n transmitidos por la TV...\" \/>\n<meta property=\"og:url\" content=\"https:\/\/apuntesdesanluis.com\/index.php\/2023\/09\/20\/definieron-los-8-periodistas-que-moderaran-los-debates-presidenciales\/\" \/>\n<meta property=\"og:site_name\" content=\"Apuntes de San Luis\" \/>\n<meta property=\"article:published_time\" content=\"2023-09-20T21:51:05+00:00\" \/>\n<meta property=\"og:image\" content=\"https:\/\/apuntesdesanluis.com\/wp-content\/uploads\/2023\/09\/debates.png\" \/>\n\t<meta property=\"og:image:width\" content=\"776\" \/>\n\t<meta property=\"og:image:height\" content=\"449\" \/>\n\t<meta property=\"og:image:type\" content=\"image\/png\" \/>\n<meta name=\"author\" content=\"apuntesdesanluis.com\" \/>\n<meta name=\"twitter:card\" content=\"summary_large_image\" \/>\n<meta name=\"twitter:label1\" content=\"Escrito por\" \/>\n\t<meta name=\"twitter:data1\" content=\"apuntesdesanluis.com\" \/>\n\t<meta name=\"twitter:label2\" content=\"Tiempo de lectura\" \/>\n\t<meta name=\"twitter:data2\" content=\"2 minutos\" \/>\n<script type=\"application\/ld+json\" class=\"yoast-schema-graph\">{\"@context\":\"https:\/\/schema.org\",\"@graph\":[{\"@type\":\"Article\",\"@id\":\"https:\/\/apuntesdesanluis.com\/index.php\/2023\/09\/20\/definieron-los-8-periodistas-que-moderaran-los-debates-presidenciales\/#article\",\"isPartOf\":{\"@id\":\"https:\/\/apuntesdesanluis.com\/index.php\/2023\/09\/20\/definieron-los-8-periodistas-que-moderaran-los-debates-presidenciales\/\"},\"author\":{\"name\":\"apuntesdesanluis.com\",\"@id\":\"https:\/\/apuntesdesanluis.com\/#\/schema\/person\/b55151d52296fcce64d1a72538a70b90\"},\"headline\":\"DEFINIERON LOS 8 PERIODISTAS QUE MODERAR\u00c1N LOS DEBATES PRESIDENCIALES\",\"datePublished\":\"2023-09-20T21:51:05+00:00\",\"mainEntityOfPage\":{\"@id\":\"https:\/\/apuntesdesanluis.com\/index.php\/2023\/09\/20\/definieron-los-8-periodistas-que-moderaran-los-debates-presidenciales\/\"},\"wordCount\":245,\"publisher\":{\"@id\":\"https:\/\/apuntesdesanluis.com\/#\/schema\/person\/b55151d52296fcce64d1a72538a70b90\"},\"image\":{\"@id\":\"https:\/\/apuntesdesanluis.com\/index.php\/2023\/09\/20\/definieron-los-8-periodistas-que-moderaran-los-debates-presidenciales\/#primaryimage\"},\"thumbnailUrl\":\"https:\/\/apuntesdesanluis.com\/wp-content\/uploads\/2023\/09\/debates.png\",\"articleSection\":[\"Nacionales\/Internacionales\"],\"inLanguage\":\"es-AR\"},{\"@type\":\"WebPage\",\"@id\":\"https:\/\/apuntesdesanluis.com\/index.php\/2023\/09\/20\/definieron-los-8-periodistas-que-moderaran-los-debates-presidenciales\/\",\"url\":\"https:\/\/apuntesdesanluis.com\/index.php\/2023\/09\/20\/definieron-los-8-periodistas-que-moderaran-los-debates-presidenciales\/\",\"name\":\"DEFINIERON LOS 8 PERIODISTAS QUE MODERAR\u00c1N LOS DEBATES PRESIDENCIALES - Apuntes de San Luis\",\"isPartOf\":{\"@id\":\"https:\/\/apuntesdesanluis.com\/#website\"},\"primaryImageOfPage\":{\"@id\":\"https:\/\/apuntesdesanluis.com\/index.php\/2023\/09\/20\/definieron-los-8-periodistas-que-moderaran-los-debates-presidenciales\/#primaryimage\"},\"image\":{\"@id\":\"https:\/\/apuntesdesanluis.com\/index.php\/2023\/09\/20\/definieron-los-8-periodistas-que-moderaran-los-debates-presidenciales\/#primaryimage\"},\"thumbnailUrl\":\"https:\/\/apuntesdesanluis.com\/wp-content\/uploads\/2023\/09\/debates.png\",\"datePublished\":\"2023-09-20T21:51:05+00:00\",\"breadcrumb\":{\"@id\":\"https:\/\/apuntesdesanluis.com\/index.php\/2023\/09\/20\/definieron-los-8-periodistas-que-moderaran-los-debates-presidenciales\/#breadcrumb\"},\"inLanguage\":\"es-AR\",\"potentialAction\":[{\"@type\":\"ReadAction\",\"target\":[\"https:\/\/apuntesdesanluis.com\/index.php\/2023\/09\/20\/definieron-los-8-periodistas-que-moderaran-los-debates-presidenciales\/\"]}]},{\"@type\":\"ImageObject\",\"inLanguage\":\"es-AR\",\"@id\":\"https:\/\/apuntesdesanluis.com\/index.php\/2023\/09\/20\/definieron-los-8-periodistas-que-moderaran-los-debates-presidenciales\/#primaryimage\",\"url\":\"https:\/\/apuntesdesanluis.com\/wp-content\/uploads\/2023\/09\/debates.png\",\"contentUrl\":\"https:\/\/apuntesdesanluis.com\/wp-content\/uploads\/2023\/09\/debates.png\",\"width\":776,\"height\":449},{\"@type\":\"BreadcrumbList\",\"@id\":\"https:\/\/apuntesdesanluis.com\/index.php\/2023\/09\/20\/definieron-los-8-periodistas-que-moderaran-los-debates-presidenciales\/#breadcrumb\",\"itemListElement\":[{\"@type\":\"ListItem\",\"position\":1,\"name\":\"Inicio\",\"item\":\"https:\/\/apuntesdesanluis.com\/\"},{\"@type\":\"ListItem\",\"position\":2,\"name\":\"DEFINIERON LOS 8 PERIODISTAS QUE MODERAR\u00c1N LOS DEBATES PRESIDENCIALES\"}]},{\"@type\":\"WebSite\",\"@id\":\"https:\/\/apuntesdesanluis.com\/#website\",\"url\":\"https:\/\/apuntesdesanluis.com\/\",\"name\":\"Apuntes de San Luis\",\"description\":\"\",\"publisher\":{\"@id\":\"https:\/\/apuntesdesanluis.com\/#\/schema\/person\/b55151d52296fcce64d1a72538a70b90\"},\"potentialAction\":[{\"@type\":\"SearchAction\",\"target\":{\"@type\":\"EntryPoint\",\"urlTemplate\":\"https:\/\/apuntesdesanluis.com\/?s={search_term_string}\"},\"query-input\":{\"@type\":\"PropertyValueSpecification\",\"valueRequired\":true,\"valueName\":\"search_term_string\"}}],\"inLanguage\":\"es-AR\"},{\"@type\":[\"Person\",\"Organization\"],\"@id\":\"https:\/\/apuntesdesanluis.com\/#\/schema\/person\/b55151d52296fcce64d1a72538a70b90\",\"name\":\"apuntesdesanluis.com\",\"image\":{\"@type\":\"ImageObject\",\"inLanguage\":\"es-AR\",\"@id\":\"https:\/\/apuntesdesanluis.com\/#\/schema\/person\/image\/\",\"url\":\"https:\/\/apuntesdesanluis.com\/wp-content\/uploads\/2023\/07\/cropped-apuntesdesanluis.png\",\"contentUrl\":\"https:\/\/apuntesdesanluis.com\/wp-content\/uploads\/2023\/07\/cropped-apuntesdesanluis.png\",\"width\":450,\"height\":112,\"caption\":\"apuntesdesanluis.com\"},\"logo\":{\"@id\":\"https:\/\/apuntesdesanluis.com\/#\/schema\/person\/image\/\"},\"sameAs\":[\"https:\/\/apuntesdesanluis.com\"],\"url\":\"https:\/\/apuntesdesanluis.com\/index.php\/author\/apuntesdesanluis-com\/\"}]}<\/script>\n<!-- \/ Yoast SEO plugin. -->","yoast_head_json":{"title":"DEFINIERON LOS 8 PERIODISTAS QUE MODERAR\u00c1N LOS DEBATES PRESIDENCIALES - Apuntes de San Luis","robots":{"index":"index","follow":"follow","max-snippet":"max-snippet:-1","max-image-preview":"max-image-preview:large","max-video-preview":"max-video-preview:-1"},"canonical":"https:\/\/apuntesdesanluis.com\/index.php\/2023\/09\/20\/definieron-los-8-periodistas-que-moderaran-los-debates-presidenciales\/","og_locale":"es_ES","og_type":"article","og_title":"DEFINIERON LOS 8 PERIODISTAS QUE MODERAR\u00c1N LOS DEBATES PRESIDENCIALES - Apuntes de San Luis","og_description":"Ambos eventos, fechados para el 1 y 8 de octubre, ser\u00e1n transmitidos por la TV...","og_url":"https:\/\/apuntesdesanluis.com\/index.php\/2023\/09\/20\/definieron-los-8-periodistas-que-moderaran-los-debates-presidenciales\/","og_site_name":"Apuntes de San Luis","article_published_time":"2023-09-20T21:51:05+00:00","og_image":[{"width":776,"height":449,"url":"https:\/\/apuntesdesanluis.com\/wp-content\/uploads\/2023\/09\/debates.png","type":"image\/png"}],"author":"apuntesdesanluis.com","twitter_card":"summary_large_image","twitter_misc":{"Escrito por":"apuntesdesanluis.com","Tiempo de lectura":"2 minutos"},"schema":{"@context":"https:\/\/schema.org","@graph":[{"@type":"Article","@id":"https:\/\/apuntesdesanluis.com\/index.php\/2023\/09\/20\/definieron-los-8-periodistas-que-moderaran-los-debates-presidenciales\/#article","isPartOf":{"@id":"https:\/\/apuntesdesanluis.com\/index.php\/2023\/09\/20\/definieron-los-8-periodistas-que-moderaran-los-debates-presidenciales\/"},"author":{"name":"apuntesdesanluis.com","@id":"https:\/\/apuntesdesanluis.com\/#\/schema\/person\/b55151d52296fcce64d1a72538a70b90"},"headline":"DEFINIERON LOS 8 PERIODISTAS QUE MODERAR\u00c1N LOS DEBATES PRESIDENCIALES","datePublished":"2023-09-20T21:51:05+00:00","mainEntityOfPage":{"@id":"https:\/\/apuntesdesanluis.com\/index.php\/2023\/09\/20\/definieron-los-8-periodistas-que-moderaran-los-debates-presidenciales\/"},"wordCount":245,"publisher":{"@id":"https:\/\/apuntesdesanluis.com\/#\/schema\/person\/b55151d52296fcce64d1a72538a70b90"},"image":{"@id":"https:\/\/apuntesdesanluis.com\/index.php\/2023\/09\/20\/definieron-los-8-periodistas-que-moderaran-los-debates-presidenciales\/#primaryimage"},"thumbnailUrl":"https:\/\/apuntesdesanluis.com\/wp-content\/uploads\/2023\/09\/debates.png","articleSection":["Nacionales\/Internacionales"],"inLanguage":"es-AR"},{"@type":"WebPage","@id":"https:\/\/apuntesdesanluis.com\/index.php\/2023\/09\/20\/definieron-los-8-periodistas-que-moderaran-los-debates-presidenciales\/","url":"https:\/\/apuntesdesanluis.com\/index.php\/2023\/09\/20\/definieron-los-8-periodistas-que-moderaran-los-debates-presidenciales\/","name":"DEFINIERON LOS 8 PERIODISTAS QUE MODERAR\u00c1N LOS DEBATES PRESIDENCIALES - Apuntes de San Luis","isPartOf":{"@id":"https:\/\/apuntesdesanluis.com\/#website"},"primaryImageOfPage":{"@id":"https:\/\/apuntesdesanluis.com\/index.php\/2023\/09\/20\/definieron-los-8-periodistas-que-moderaran-los-debates-presidenciales\/#primaryimage"},"image":{"@id":"https:\/\/apuntesdesanluis.com\/index.php\/2023\/09\/20\/definieron-los-8-periodistas-que-moderaran-los-debates-presidenciales\/#primaryimage"},"thumbnailUrl":"https:\/\/apuntesdesanluis.com\/wp-content\/uploads\/2023\/09\/debates.png","datePublished":"2023-09-20T21:51:05+00:00","breadcrumb":{"@id":"https:\/\/apuntesdesanluis.com\/index.php\/2023\/09\/20\/definieron-los-8-periodistas-que-moderaran-los-debates-presidenciales\/#breadcrumb"},"inLanguage":"es-AR","potentialAction":[{"@type":"ReadAction","target":["https:\/\/apuntesdesanluis.com\/index.php\/2023\/09\/20\/definieron-los-8-periodistas-que-moderaran-los-debates-presidenciales\/"]}]},{"@type":"ImageObject","inLanguage":"es-AR","@id":"https:\/\/apuntesdesanluis.com\/index.php\/2023\/09\/20\/definieron-los-8-periodistas-que-moderaran-los-debates-presidenciales\/#primaryimage","url":"https:\/\/apuntesdesanluis.com\/wp-content\/uploads\/2023\/09\/debates.png","contentUrl":"https:\/\/apuntesdesanluis.com\/wp-content\/uploads\/2023\/09\/debates.png","width":776,"height":449},{"@type":"BreadcrumbList","@id":"https:\/\/apuntesdesanluis.com\/index.php\/2023\/09\/20\/definieron-los-8-periodistas-que-moderaran-los-debates-presidenciales\/#breadcrumb","itemListElement":[{"@type":"ListItem","position":1,"name":"Inicio","item":"https:\/\/apuntesdesanluis.com\/"},{"@type":"ListItem","position":2,"name":"DEFINIERON LOS 8 PERIODISTAS QUE MODERAR\u00c1N LOS DEBATES PRESIDENCIALES"}]},{"@type":"WebSite","@id":"https:\/\/apuntesdesanluis.com\/#website","url":"https:\/\/apuntesdesanluis.com\/","name":"Apuntes de San Luis","description":"","publisher":{"@id":"https:\/\/apuntesdesanluis.com\/#\/schema\/person\/b55151d52296fcce64d1a72538a70b90"},"potentialAction":[{"@type":"SearchAction","target":{"@type":"EntryPoint","urlTemplate":"https:\/\/apuntesdesanluis.com\/?s={search_term_string}"},"query-input":{"@type":"PropertyValueSpecification","valueRequired":true,"valueName":"search_term_string"}}],"inLanguage":"es-AR"},{"@type":["Person","Organization"],"@id":"https:\/\/apuntesdesanluis.com\/#\/schema\/person\/b55151d52296fcce64d1a72538a70b90","name":"apuntesdesanluis.com","image":{"@type":"ImageObject","inLanguage":"es-AR","@id":"https:\/\/apuntesdesanluis.com\/#\/schema\/person\/image\/","url":"https:\/\/apuntesdesanluis.com\/wp-content\/uploads\/2023\/07\/cropped-apuntesdesanluis.png","contentUrl":"https:\/\/apuntesdesanluis.com\/wp-content\/uploads\/2023\/07\/cropped-apuntesdesanluis.png","width":450,"height":112,"caption":"apuntesdesanluis.com"},"logo":{"@id":"https:\/\/apuntesdesanluis.com\/#\/schema\/person\/image\/"},"sameAs":["https:\/\/apuntesdesanluis.com"],"url":"https:\/\/apuntesdesanluis.com\/index.php\/author\/apuntesdesanluis-com\/"}]}},"featured_image_urls":{"full":["https:\/\/apuntesdesanluis.com\/wp-content\/uploads\/2023\/09\/debates.png",776,449,false],"thumbnail":["https:\/\/apuntesdesanluis.com\/wp-content\/uploads\/2023\/09\/debates-150x150.png",150,150,true],"medium":["https:\/\/apuntesdesanluis.com\/wp-content\/uploads\/2023\/09\/debates-300x174.png",300,174,true],"medium_large":["https:\/\/apuntesdesanluis.com\/wp-content\/uploads\/2023\/09\/debates-768x444.png",640,370,true],"large":["https:\/\/apuntesdesanluis.com\/wp-content\/uploads\/2023\/09\/debates.png",640,370,false],"1536x1536":["https:\/\/apuntesdesanluis.com\/wp-content\/uploads\/2023\/09\/debates.png",776,449,false],"2048x2048":["https:\/\/apuntesdesanluis.com\/wp-content\/uploads\/2023\/09\/debates.png",776,449,false],"newsever-slider-full":["https:\/\/apuntesdesanluis.com\/wp-content\/uploads\/2023\/09\/debates.png",776,449,false],"newsever-featured":["https:\/\/apuntesdesanluis.com\/wp-content\/uploads\/2023\/09\/debates.png",776,449,false],"newsever-medium":["https:\/\/apuntesdesanluis.com\/wp-content\/uploads\/2023\/09\/debates-720x449.png",720,449,true]},"author_info":{"display_name":"apuntesdesanluis.com","author_link":"https:\/\/apuntesdesanluis.com\/index.php\/author\/apuntesdesanluis-com\/"},"category_info":"<a href=\"https:\/\/apuntesdesanluis.com\/index.php\/category\/nacionales-internacionales\/\" rel=\"category tag\">Nacionales\/Internacionales<\/a>","tag_info":"Nacionales\/Internacionales","comment_count":"0","_links":{"self":[{"href":"https:\/\/apuntesdesanluis.com\/index.php\/wp-json\/wp\/v2\/posts\/3658","targetHints":{"allow":["GET"]}}],"collection":[{"href":"https:\/\/apuntesdesanluis.com\/index.php\/wp-json\/wp\/v2\/posts"}],"about":[{"href":"https:\/\/apuntesdesanluis.com\/index.php\/wp-json\/wp\/v2\/types\/post"}],"author":[{"embeddable":true,"href":"https:\/\/apuntesdesanluis.com\/index.php\/wp-json\/wp\/v2\/users\/1"}],"replies":[{"embeddable":true,"href":"https:\/\/apuntesdesanluis.com\/index.php\/wp-json\/wp\/v2\/comments?post=3658"}],"version-history":[{"count":1,"href":"https:\/\/apuntesdesanluis.com\/index.php\/wp-json\/wp\/v2\/posts\/3658\/revisions"}],"predecessor-version":[{"id":3660,"href":"https:\/\/apuntesdesanluis.com\/index.php\/wp-json\/wp\/v2\/posts\/3658\/revisions\/3660"}],"wp:featuredmedia":[{"embeddable":true,"href":"https:\/\/apuntesdesanluis.com\/index.php\/wp-json\/wp\/v2\/media\/3659"}],"wp:attachment":[{"href":"https:\/\/apuntesdesanluis.com\/index.php\/wp-json\/wp\/v2\/media?parent=3658"}],"wp:term":[{"taxonomy":"category","embeddable":true,"href":"https:\/\/apuntesdesanluis.com\/index.php\/wp-json\/wp\/v2\/categories?post=3658"},{"taxonomy":"post_tag","embeddable":true,"href":"https:\/\/apuntesdesanluis.com\/index.php\/wp-json\/wp\/v2\/tags?post=3658"}],"curies":[{"name":"wp","href":"https:\/\/api.w.org\/{rel}","templated":true}]}}