{"id":3666,"date":"2023-09-20T19:05:54","date_gmt":"2023-09-20T22:05:54","guid":{"rendered":"https:\/\/apuntesdesanluis.com\/?p=3666"},"modified":"2023-09-20T19:05:54","modified_gmt":"2023-09-20T22:05:54","slug":"actividades-organizadas-para-el-dia-del-estudiante-en-la-villa-de-merlo","status":"publish","type":"post","link":"https:\/\/apuntesdesanluis.com\/index.php\/2023\/09\/20\/actividades-organizadas-para-el-dia-del-estudiante-en-la-villa-de-merlo\/","title":{"rendered":"ACTIVIDADES ORGANIZADAS PARA EL D\u00cdA DEL ESTUDIANTE EN LA VILLA DE MERLO"},"content":{"rendered":"<h3>Desde la Secretar\u00eda de Deportes, Recreaci\u00f3n y H\u00e1bitos Saludables se organiz\u00f3 un festejo que busca reconocer el esfuerzo y dedicaci\u00f3n que emplean los estudiantes de\u00a0esta villa tur\u00edstica en su educaci\u00f3n.<\/h3>\n<h3>La jornada est\u00e1 destinada a estudiantes de sexto a\u00f1o de las escuelas secundarias de Merlo. Se realizar\u00e1 este jueves 21 en el Balneario Municipal de 11:00 a 17:00 hs. para recibir la primavera y festejar su d\u00eda.<\/h3>\n<h3>All\u00ed podr\u00e1n disfrutar de un gran evento lleno de juegos, actividades deportivas y recreativas a cargo de profesores de Educaci\u00f3n F\u00edsica. Tambi\u00e9n habr\u00e1 un DJ en vivo y al mediod\u00eda compartir\u00e1n un almuerzo que brindar\u00e1 la Municipalidad de la Villa de Merlo.<\/h3>\n<h3>De esta manera, el evento organizado por el Municipio busca generar un espacio de contenci\u00f3n para que los estudiantes disfruten de la mejor manera su d\u00eda, forjando nuevos lazos.<\/h3>\n","protected":false},"excerpt":{"rendered":"<p>Desde la Secretar\u00eda de Deportes, Recreaci\u00f3n y H\u00e1bitos Saludables se organiz\u00f3 un festejo que busca&#8230;<\/p>\n","protected":false},"author":1,"featured_media":3667,"comment_status":"closed","ping_status":"closed","sticky":false,"template":"","format":"standard","meta":{"footnotes":""},"categories":[6],"tags":[],"class_list":["post-3666","post","type-post","status-publish","format-standard","has-post-thumbnail","hentry","category-ciudad-provincia"],"yoast_head":"<!-- This site is optimized with the Yoast SEO plugin v26.1.1 - https:\/\/yoast.com\/wordpress\/plugins\/seo\/ -->\n<title>ACTIVIDADES ORGANIZADAS PARA EL D\u00cdA DEL ESTUDIANTE EN LA VILLA DE MERLO - Apuntes de San Luis<\/title>\n<meta name=\"robots\" content=\"index, follow, max-snippet:-1, max-image-preview:large, max-video-preview:-1\" \/>\n<link rel=\"canonical\" href=\"https:\/\/apuntesdesanluis.com\/index.php\/2023\/09\/20\/actividades-organizadas-para-el-dia-del-estudiante-en-la-villa-de-merlo\/\" \/>\n<meta property=\"og:locale\" content=\"es_ES\" \/>\n<meta property=\"og:type\" content=\"article\" \/>\n<meta property=\"og:title\" content=\"ACTIVIDADES ORGANIZADAS PARA EL D\u00cdA DEL ESTUDIANTE EN LA VILLA DE MERLO - Apuntes de San Luis\" \/>\n<meta property=\"og:description\" content=\"Desde la Secretar\u00eda de Deportes, Recreaci\u00f3n y H\u00e1bitos Saludables se organiz\u00f3 un festejo que busca...\" \/>\n<meta property=\"og:url\" content=\"https:\/\/apuntesdesanluis.com\/index.php\/2023\/09\/20\/actividades-organizadas-para-el-dia-del-estudiante-en-la-villa-de-merlo\/\" \/>\n<meta property=\"og:site_name\" content=\"Apuntes de San Luis\" \/>\n<meta property=\"article:published_time\" content=\"2023-09-20T22:05:54+00:00\" \/>\n<meta property=\"og:image\" content=\"https:\/\/apuntesdesanluis.com\/wp-content\/uploads\/2023\/09\/dia.png\" \/>\n\t<meta property=\"og:image:width\" content=\"781\" \/>\n\t<meta property=\"og:image:height\" content=\"484\" \/>\n\t<meta property=\"og:image:type\" content=\"image\/png\" \/>\n<meta name=\"author\" content=\"apuntesdesanluis.com\" \/>\n<meta name=\"twitter:card\" content=\"summary_large_image\" \/>\n<meta name=\"twitter:label1\" content=\"Escrito por\" \/>\n\t<meta name=\"twitter:data1\" content=\"apuntesdesanluis.com\" \/>\n\t<meta name=\"twitter:label2\" content=\"Tiempo de lectura\" \/>\n\t<meta name=\"twitter:data2\" content=\"1 minuto\" \/>\n<script type=\"application\/ld+json\" class=\"yoast-schema-graph\">{\"@context\":\"https:\/\/schema.org\",\"@graph\":[{\"@type\":\"Article\",\"@id\":\"https:\/\/apuntesdesanluis.com\/index.php\/2023\/09\/20\/actividades-organizadas-para-el-dia-del-estudiante-en-la-villa-de-merlo\/#article\",\"isPartOf\":{\"@id\":\"https:\/\/apuntesdesanluis.com\/index.php\/2023\/09\/20\/actividades-organizadas-para-el-dia-del-estudiante-en-la-villa-de-merlo\/\"},\"author\":{\"name\":\"apuntesdesanluis.com\",\"@id\":\"https:\/\/apuntesdesanluis.com\/#\/schema\/person\/b55151d52296fcce64d1a72538a70b90\"},\"headline\":\"ACTIVIDADES ORGANIZADAS PARA EL D\u00cdA DEL ESTUDIANTE EN LA VILLA DE MERLO\",\"datePublished\":\"2023-09-20T22:05:54+00:00\",\"mainEntityOfPage\":{\"@id\":\"https:\/\/apuntesdesanluis.com\/index.php\/2023\/09\/20\/actividades-organizadas-para-el-dia-del-estudiante-en-la-villa-de-merlo\/\"},\"wordCount\":165,\"publisher\":{\"@id\":\"https:\/\/apuntesdesanluis.com\/#\/schema\/person\/b55151d52296fcce64d1a72538a70b90\"},\"image\":{\"@id\":\"https:\/\/apuntesdesanluis.com\/index.php\/2023\/09\/20\/actividades-organizadas-para-el-dia-del-estudiante-en-la-villa-de-merlo\/#primaryimage\"},\"thumbnailUrl\":\"https:\/\/apuntesdesanluis.com\/wp-content\/uploads\/2023\/09\/dia.png\",\"articleSection\":[\"Ciudad\/Provincia\"],\"inLanguage\":\"es-AR\"},{\"@type\":\"WebPage\",\"@id\":\"https:\/\/apuntesdesanluis.com\/index.php\/2023\/09\/20\/actividades-organizadas-para-el-dia-del-estudiante-en-la-villa-de-merlo\/\",\"url\":\"https:\/\/apuntesdesanluis.com\/index.php\/2023\/09\/20\/actividades-organizadas-para-el-dia-del-estudiante-en-la-villa-de-merlo\/\",\"name\":\"ACTIVIDADES ORGANIZADAS PARA EL D\u00cdA DEL ESTUDIANTE EN LA VILLA DE MERLO - Apuntes de San Luis\",\"isPartOf\":{\"@id\":\"https:\/\/apuntesdesanluis.com\/#website\"},\"primaryImageOfPage\":{\"@id\":\"https:\/\/apuntesdesanluis.com\/index.php\/2023\/09\/20\/actividades-organizadas-para-el-dia-del-estudiante-en-la-villa-de-merlo\/#primaryimage\"},\"image\":{\"@id\":\"https:\/\/apuntesdesanluis.com\/index.php\/2023\/09\/20\/actividades-organizadas-para-el-dia-del-estudiante-en-la-villa-de-merlo\/#primaryimage\"},\"thumbnailUrl\":\"https:\/\/apuntesdesanluis.com\/wp-content\/uploads\/2023\/09\/dia.png\",\"datePublished\":\"2023-09-20T22:05:54+00:00\",\"breadcrumb\":{\"@id\":\"https:\/\/apuntesdesanluis.com\/index.php\/2023\/09\/20\/actividades-organizadas-para-el-dia-del-estudiante-en-la-villa-de-merlo\/#breadcrumb\"},\"inLanguage\":\"es-AR\",\"potentialAction\":[{\"@type\":\"ReadAction\",\"target\":[\"https:\/\/apuntesdesanluis.com\/index.php\/2023\/09\/20\/actividades-organizadas-para-el-dia-del-estudiante-en-la-villa-de-merlo\/\"]}]},{\"@type\":\"ImageObject\",\"inLanguage\":\"es-AR\",\"@id\":\"https:\/\/apuntesdesanluis.com\/index.php\/2023\/09\/20\/actividades-organizadas-para-el-dia-del-estudiante-en-la-villa-de-merlo\/#primaryimage\",\"url\":\"https:\/\/apuntesdesanluis.com\/wp-content\/uploads\/2023\/09\/dia.png\",\"contentUrl\":\"https:\/\/apuntesdesanluis.com\/wp-content\/uploads\/2023\/09\/dia.png\",\"width\":781,\"height\":484},{\"@type\":\"BreadcrumbList\",\"@id\":\"https:\/\/apuntesdesanluis.com\/index.php\/2023\/09\/20\/actividades-organizadas-para-el-dia-del-estudiante-en-la-villa-de-merlo\/#breadcrumb\",\"itemListElement\":[{\"@type\":\"ListItem\",\"position\":1,\"name\":\"Inicio\",\"item\":\"https:\/\/apuntesdesanluis.com\/\"},{\"@type\":\"ListItem\",\"position\":2,\"name\":\"ACTIVIDADES ORGANIZADAS PARA EL D\u00cdA DEL ESTUDIANTE EN LA VILLA DE MERLO\"}]},{\"@type\":\"WebSite\",\"@id\":\"https:\/\/apuntesdesanluis.com\/#website\",\"url\":\"https:\/\/apuntesdesanluis.com\/\",\"name\":\"Apuntes de San Luis\",\"description\":\"\",\"publisher\":{\"@id\":\"https:\/\/apuntesdesanluis.com\/#\/schema\/person\/b55151d52296fcce64d1a72538a70b90\"},\"potentialAction\":[{\"@type\":\"SearchAction\",\"target\":{\"@type\":\"EntryPoint\",\"urlTemplate\":\"https:\/\/apuntesdesanluis.com\/?s={search_term_string}\"},\"query-input\":{\"@type\":\"PropertyValueSpecification\",\"valueRequired\":true,\"valueName\":\"search_term_string\"}}],\"inLanguage\":\"es-AR\"},{\"@type\":[\"Person\",\"Organization\"],\"@id\":\"https:\/\/apuntesdesanluis.com\/#\/schema\/person\/b55151d52296fcce64d1a72538a70b90\",\"name\":\"apuntesdesanluis.com\",\"image\":{\"@type\":\"ImageObject\",\"inLanguage\":\"es-AR\",\"@id\":\"https:\/\/apuntesdesanluis.com\/#\/schema\/person\/image\/\",\"url\":\"https:\/\/apuntesdesanluis.com\/wp-content\/uploads\/2023\/07\/cropped-apuntesdesanluis.png\",\"contentUrl\":\"https:\/\/apuntesdesanluis.com\/wp-content\/uploads\/2023\/07\/cropped-apuntesdesanluis.png\",\"width\":450,\"height\":112,\"caption\":\"apuntesdesanluis.com\"},\"logo\":{\"@id\":\"https:\/\/apuntesdesanluis.com\/#\/schema\/person\/image\/\"},\"sameAs\":[\"https:\/\/apuntesdesanluis.com\"],\"url\":\"https:\/\/apuntesdesanluis.com\/index.php\/author\/apuntesdesanluis-com\/\"}]}<\/script>\n<!-- \/ Yoast SEO plugin. -->","yoast_head_json":{"title":"ACTIVIDADES ORGANIZADAS PARA EL D\u00cdA DEL ESTUDIANTE EN LA VILLA DE MERLO - Apuntes de San Luis","robots":{"index":"index","follow":"follow","max-snippet":"max-snippet:-1","max-image-preview":"max-image-preview:large","max-video-preview":"max-video-preview:-1"},"canonical":"https:\/\/apuntesdesanluis.com\/index.php\/2023\/09\/20\/actividades-organizadas-para-el-dia-del-estudiante-en-la-villa-de-merlo\/","og_locale":"es_ES","og_type":"article","og_title":"ACTIVIDADES ORGANIZADAS PARA EL D\u00cdA DEL ESTUDIANTE EN LA VILLA DE MERLO - Apuntes de San Luis","og_description":"Desde la Secretar\u00eda de Deportes, Recreaci\u00f3n y H\u00e1bitos Saludables se organiz\u00f3 un festejo que busca...","og_url":"https:\/\/apuntesdesanluis.com\/index.php\/2023\/09\/20\/actividades-organizadas-para-el-dia-del-estudiante-en-la-villa-de-merlo\/","og_site_name":"Apuntes de San Luis","article_published_time":"2023-09-20T22:05:54+00:00","og_image":[{"width":781,"height":484,"url":"https:\/\/apuntesdesanluis.com\/wp-content\/uploads\/2023\/09\/dia.png","type":"image\/png"}],"author":"apuntesdesanluis.com","twitter_card":"summary_large_image","twitter_misc":{"Escrito por":"apuntesdesanluis.com","Tiempo de lectura":"1 minuto"},"schema":{"@context":"https:\/\/schema.org","@graph":[{"@type":"Article","@id":"https:\/\/apuntesdesanluis.com\/index.php\/2023\/09\/20\/actividades-organizadas-para-el-dia-del-estudiante-en-la-villa-de-merlo\/#article","isPartOf":{"@id":"https:\/\/apuntesdesanluis.com\/index.php\/2023\/09\/20\/actividades-organizadas-para-el-dia-del-estudiante-en-la-villa-de-merlo\/"},"author":{"name":"apuntesdesanluis.com","@id":"https:\/\/apuntesdesanluis.com\/#\/schema\/person\/b55151d52296fcce64d1a72538a70b90"},"headline":"ACTIVIDADES ORGANIZADAS PARA EL D\u00cdA DEL ESTUDIANTE EN LA VILLA DE MERLO","datePublished":"2023-09-20T22:05:54+00:00","mainEntityOfPage":{"@id":"https:\/\/apuntesdesanluis.com\/index.php\/2023\/09\/20\/actividades-organizadas-para-el-dia-del-estudiante-en-la-villa-de-merlo\/"},"wordCount":165,"publisher":{"@id":"https:\/\/apuntesdesanluis.com\/#\/schema\/person\/b55151d52296fcce64d1a72538a70b90"},"image":{"@id":"https:\/\/apuntesdesanluis.com\/index.php\/2023\/09\/20\/actividades-organizadas-para-el-dia-del-estudiante-en-la-villa-de-merlo\/#primaryimage"},"thumbnailUrl":"https:\/\/apuntesdesanluis.com\/wp-content\/uploads\/2023\/09\/dia.png","articleSection":["Ciudad\/Provincia"],"inLanguage":"es-AR"},{"@type":"WebPage","@id":"https:\/\/apuntesdesanluis.com\/index.php\/2023\/09\/20\/actividades-organizadas-para-el-dia-del-estudiante-en-la-villa-de-merlo\/","url":"https:\/\/apuntesdesanluis.com\/index.php\/2023\/09\/20\/actividades-organizadas-para-el-dia-del-estudiante-en-la-villa-de-merlo\/","name":"ACTIVIDADES ORGANIZADAS PARA EL D\u00cdA DEL ESTUDIANTE EN LA VILLA DE MERLO - Apuntes de San Luis","isPartOf":{"@id":"https:\/\/apuntesdesanluis.com\/#website"},"primaryImageOfPage":{"@id":"https:\/\/apuntesdesanluis.com\/index.php\/2023\/09\/20\/actividades-organizadas-para-el-dia-del-estudiante-en-la-villa-de-merlo\/#primaryimage"},"image":{"@id":"https:\/\/apuntesdesanluis.com\/index.php\/2023\/09\/20\/actividades-organizadas-para-el-dia-del-estudiante-en-la-villa-de-merlo\/#primaryimage"},"thumbnailUrl":"https:\/\/apuntesdesanluis.com\/wp-content\/uploads\/2023\/09\/dia.png","datePublished":"2023-09-20T22:05:54+00:00","breadcrumb":{"@id":"https:\/\/apuntesdesanluis.com\/index.php\/2023\/09\/20\/actividades-organizadas-para-el-dia-del-estudiante-en-la-villa-de-merlo\/#breadcrumb"},"inLanguage":"es-AR","potentialAction":[{"@type":"ReadAction","target":["https:\/\/apuntesdesanluis.com\/index.php\/2023\/09\/20\/actividades-organizadas-para-el-dia-del-estudiante-en-la-villa-de-merlo\/"]}]},{"@type":"ImageObject","inLanguage":"es-AR","@id":"https:\/\/apuntesdesanluis.com\/index.php\/2023\/09\/20\/actividades-organizadas-para-el-dia-del-estudiante-en-la-villa-de-merlo\/#primaryimage","url":"https:\/\/apuntesdesanluis.com\/wp-content\/uploads\/2023\/09\/dia.png","contentUrl":"https:\/\/apuntesdesanluis.com\/wp-content\/uploads\/2023\/09\/dia.png","width":781,"height":484},{"@type":"BreadcrumbList","@id":"https:\/\/apuntesdesanluis.com\/index.php\/2023\/09\/20\/actividades-organizadas-para-el-dia-del-estudiante-en-la-villa-de-merlo\/#breadcrumb","itemListElement":[{"@type":"ListItem","position":1,"name":"Inicio","item":"https:\/\/apuntesdesanluis.com\/"},{"@type":"ListItem","position":2,"name":"ACTIVIDADES ORGANIZADAS PARA EL D\u00cdA DEL ESTUDIANTE EN LA VILLA DE MERLO"}]},{"@type":"WebSite","@id":"https:\/\/apuntesdesanluis.com\/#website","url":"https:\/\/apuntesdesanluis.com\/","name":"Apuntes de San Luis","description":"","publisher":{"@id":"https:\/\/apuntesdesanluis.com\/#\/schema\/person\/b55151d52296fcce64d1a72538a70b90"},"potentialAction":[{"@type":"SearchAction","target":{"@type":"EntryPoint","urlTemplate":"https:\/\/apuntesdesanluis.com\/?s={search_term_string}"},"query-input":{"@type":"PropertyValueSpecification","valueRequired":true,"valueName":"search_term_string"}}],"inLanguage":"es-AR"},{"@type":["Person","Organization"],"@id":"https:\/\/apuntesdesanluis.com\/#\/schema\/person\/b55151d52296fcce64d1a72538a70b90","name":"apuntesdesanluis.com","image":{"@type":"ImageObject","inLanguage":"es-AR","@id":"https:\/\/apuntesdesanluis.com\/#\/schema\/person\/image\/","url":"https:\/\/apuntesdesanluis.com\/wp-content\/uploads\/2023\/07\/cropped-apuntesdesanluis.png","contentUrl":"https:\/\/apuntesdesanluis.com\/wp-content\/uploads\/2023\/07\/cropped-apuntesdesanluis.png","width":450,"height":112,"caption":"apuntesdesanluis.com"},"logo":{"@id":"https:\/\/apuntesdesanluis.com\/#\/schema\/person\/image\/"},"sameAs":["https:\/\/apuntesdesanluis.com"],"url":"https:\/\/apuntesdesanluis.com\/index.php\/author\/apuntesdesanluis-com\/"}]}},"featured_image_urls":{"full":["https:\/\/apuntesdesanluis.com\/wp-content\/uploads\/2023\/09\/dia.png",781,484,false],"thumbnail":["https:\/\/apuntesdesanluis.com\/wp-content\/uploads\/2023\/09\/dia-150x150.png",150,150,true],"medium":["https:\/\/apuntesdesanluis.com\/wp-content\/uploads\/2023\/09\/dia-300x186.png",300,186,true],"medium_large":["https:\/\/apuntesdesanluis.com\/wp-content\/uploads\/2023\/09\/dia-768x476.png",640,397,true],"large":["https:\/\/apuntesdesanluis.com\/wp-content\/uploads\/2023\/09\/dia.png",640,397,false],"1536x1536":["https:\/\/apuntesdesanluis.com\/wp-content\/uploads\/2023\/09\/dia.png",781,484,false],"2048x2048":["https:\/\/apuntesdesanluis.com\/wp-content\/uploads\/2023\/09\/dia.png",781,484,false],"newsever-slider-full":["https:\/\/apuntesdesanluis.com\/wp-content\/uploads\/2023\/09\/dia.png",781,484,false],"newsever-featured":["https:\/\/apuntesdesanluis.com\/wp-content\/uploads\/2023\/09\/dia.png",781,484,false],"newsever-medium":["https:\/\/apuntesdesanluis.com\/wp-content\/uploads\/2023\/09\/dia-720x475.png",720,475,true]},"author_info":{"display_name":"apuntesdesanluis.com","author_link":"https:\/\/apuntesdesanluis.com\/index.php\/author\/apuntesdesanluis-com\/"},"category_info":"<a href=\"https:\/\/apuntesdesanluis.com\/index.php\/category\/ciudad-provincia\/\" rel=\"category tag\">Ciudad\/Provincia<\/a>","tag_info":"Ciudad\/Provincia","comment_count":"0","_links":{"self":[{"href":"https:\/\/apuntesdesanluis.com\/index.php\/wp-json\/wp\/v2\/posts\/3666","targetHints":{"allow":["GET"]}}],"collection":[{"href":"https:\/\/apuntesdesanluis.com\/index.php\/wp-json\/wp\/v2\/posts"}],"about":[{"href":"https:\/\/apuntesdesanluis.com\/index.php\/wp-json\/wp\/v2\/types\/post"}],"author":[{"embeddable":true,"href":"https:\/\/apuntesdesanluis.com\/index.php\/wp-json\/wp\/v2\/users\/1"}],"replies":[{"embeddable":true,"href":"https:\/\/apuntesdesanluis.com\/index.php\/wp-json\/wp\/v2\/comments?post=3666"}],"version-history":[{"count":1,"href":"https:\/\/apuntesdesanluis.com\/index.php\/wp-json\/wp\/v2\/posts\/3666\/revisions"}],"predecessor-version":[{"id":3668,"href":"https:\/\/apuntesdesanluis.com\/index.php\/wp-json\/wp\/v2\/posts\/3666\/revisions\/3668"}],"wp:featuredmedia":[{"embeddable":true,"href":"https:\/\/apuntesdesanluis.com\/index.php\/wp-json\/wp\/v2\/media\/3667"}],"wp:attachment":[{"href":"https:\/\/apuntesdesanluis.com\/index.php\/wp-json\/wp\/v2\/media?parent=3666"}],"wp:term":[{"taxonomy":"category","embeddable":true,"href":"https:\/\/apuntesdesanluis.com\/index.php\/wp-json\/wp\/v2\/categories?post=3666"},{"taxonomy":"post_tag","embeddable":true,"href":"https:\/\/apuntesdesanluis.com\/index.php\/wp-json\/wp\/v2\/tags?post=3666"}],"curies":[{"name":"wp","href":"https:\/\/api.w.org\/{rel}","templated":true}]}}