{"id":3673,"date":"2023-09-21T09:15:22","date_gmt":"2023-09-21T12:15:22","guid":{"rendered":"https:\/\/apuntesdesanluis.com\/?p=3673"},"modified":"2023-09-21T09:15:22","modified_gmt":"2023-09-21T12:15:22","slug":"extenso-encuentro-entre-el-intendente-frontera-y-el-rector-electo-de-la-unvime-marcelo-sosa","status":"publish","type":"post","link":"https:\/\/apuntesdesanluis.com\/index.php\/2023\/09\/21\/extenso-encuentro-entre-el-intendente-frontera-y-el-rector-electo-de-la-unvime-marcelo-sosa\/","title":{"rendered":"EXTENSO ENCUENTRO ENTRE EL INTENDENTE FRONTERA Y EL RECTOR ELECTO DE LA UNVIME MARCELO SOSA"},"content":{"rendered":"<h3>Durante cerca de dos horas, el intendente municipal <strong>Maximiliano Frontera<\/strong> y el rector electo de la Universidad Nacional de Villa Mercedes <strong>Marcelo Sosa<\/strong>, mantuvieron este mi\u00e9rcoles al mediod\u00eda un encuentro en el despacho del primero, durante el cual analizaron el contexto nacional, provincial y local y sentaron las bases de futuros acuerdos de mutua colaboraci\u00f3n.<\/h3>\n<h3>Fue la primera reuni\u00f3n formal que sostuvieron tras el triunfo del ex ministro de Educaci\u00f3n al frente de la UNViMe, el pasado 16 de agosto. Oficialmente desde la Municipalidad se inform\u00f3 escuetamente que ambos funcionarios \u201cdialogaron sobre la importancia de seguir trabajando en conjunto entre ambas instituciones para garantizar y cuidar la educaci\u00f3n p\u00fablica, gratuita y de calidad\u201d.<\/h3>\n<h3>\u201cConsider\u00e9 oportuno visitar a Maxi primero para verlo y saber c\u00f3mo se encuentra de salud. Est\u00e1 bien, lo encontr\u00e9 muy animado y con todas las pilas. Como siempre, con unas ganas inmensas de trabajar, con muchos sue\u00f1os que compartimos para nuestra ciudad y de los que la universidad va a ser parte\u201d, dijo Marcelo Sosa.<\/h3>\n<p><img fetchpriority=\"high\" decoding=\"async\" class=\"wp-image-3675 aligncenter\" src=\"https:\/\/apuntesdesanluis.com\/wp-content\/uploads\/2023\/09\/Sosa-Maxi-300x178.jpg\" alt=\"\" width=\"529\" height=\"314\" srcset=\"https:\/\/apuntesdesanluis.com\/wp-content\/uploads\/2023\/09\/Sosa-Maxi-300x178.jpg 300w, https:\/\/apuntesdesanluis.com\/wp-content\/uploads\/2023\/09\/Sosa-Maxi.jpg 579w\" sizes=\"(max-width: 529px) 100vw, 529px\" \/><\/p>\n<h3>En la oportunidad lo invit\u00f3 personalmente a asistir al acto de asunci\u00f3n rectoral, previsto para el pr\u00f3ximo 30 de octubre.<\/h3>\n<h3>Agreg\u00f3 que el intendente, que asumir\u00e1 en diciembre su segundo mandato, reiter\u00f3 la \u201ctotal colaboraci\u00f3n\u201d que el municipio va a seguir teniendo hacia la UNViMe, para que pueda desarrollar su campus y continuar creciendo.<\/h3>\n<h3>\u201cMaxi ha definido desde el comienzo de su gesti\u00f3n que va a trabajar para consolidar el perfil de Villa Mercedes como ciudad universitaria, a partir del crecimiento que han tenido las propuestas de educaci\u00f3n superior en los \u00faltimos a\u00f1os. Con ese horizonte estrat\u00e9gico es que se lanz\u00f3 la Expo al Futuro, sobre lo que tambi\u00e9n conversamos. Lo felicit\u00e9 por el \u00e9xito que tuvo esta tercera edici\u00f3n, que fue la mejor de todas, recibi\u00f3 miles de estudiantes secundarios de toda la provincia. El a\u00f1o pasado, de la mano de la Intendencia, tambi\u00e9n se abri\u00f3 una extensi\u00f3n de la Universidad Nacional de Las Artes. Es decir, hay una planificaci\u00f3n, un objetivo, y gran parte del tiempo de la reuni\u00f3n fue analizar c\u00f3mo la UNViMe puede aportar sus recursos humanos para capacitar personal municipal o intervenir en proyectos comunes\u201d, explic\u00f3.<\/h3>\n<h3>\u201cLo que pens\u00e9 que iba a ser una visita de 15 minutos, por los tiempos acotados que suele tener Maxi, que recibe a todo el mundo, se extendi\u00f3 casi dos horas. Cuando me fui me di cuenta que m\u00e1s que una reuni\u00f3n protocolar lo que mantuvimos se pareci\u00f3 mucho a una jornada de trabajo\u201d, evalu\u00f3 sonriente Sosa.<\/h3>\n","protected":false},"excerpt":{"rendered":"<p>Durante cerca de dos horas, el intendente municipal Maximiliano Frontera y el rector electo de&#8230;<\/p>\n","protected":false},"author":1,"featured_media":3674,"comment_status":"closed","ping_status":"closed","sticky":false,"template":"","format":"standard","meta":{"footnotes":""},"categories":[6],"tags":[],"class_list":["post-3673","post","type-post","status-publish","format-standard","has-post-thumbnail","hentry","category-ciudad-provincia"],"yoast_head":"<!-- This site is optimized with the Yoast SEO plugin v26.1.1 - https:\/\/yoast.com\/wordpress\/plugins\/seo\/ -->\n<title>EXTENSO ENCUENTRO ENTRE EL INTENDENTE FRONTERA Y EL RECTOR ELECTO DE LA UNVIME MARCELO SOSA - Apuntes de San Luis<\/title>\n<meta name=\"robots\" content=\"index, follow, max-snippet:-1, max-image-preview:large, max-video-preview:-1\" \/>\n<link rel=\"canonical\" href=\"https:\/\/apuntesdesanluis.com\/index.php\/2023\/09\/21\/extenso-encuentro-entre-el-intendente-frontera-y-el-rector-electo-de-la-unvime-marcelo-sosa\/\" \/>\n<meta property=\"og:locale\" content=\"es_ES\" \/>\n<meta property=\"og:type\" content=\"article\" \/>\n<meta property=\"og:title\" content=\"EXTENSO ENCUENTRO ENTRE EL INTENDENTE FRONTERA Y EL RECTOR ELECTO DE LA UNVIME MARCELO SOSA - Apuntes de San Luis\" \/>\n<meta property=\"og:description\" content=\"Durante cerca de dos horas, el intendente municipal Maximiliano Frontera y el rector electo de...\" \/>\n<meta property=\"og:url\" content=\"https:\/\/apuntesdesanluis.com\/index.php\/2023\/09\/21\/extenso-encuentro-entre-el-intendente-frontera-y-el-rector-electo-de-la-unvime-marcelo-sosa\/\" \/>\n<meta property=\"og:site_name\" content=\"Apuntes de San Luis\" \/>\n<meta property=\"article:published_time\" content=\"2023-09-21T12:15:22+00:00\" \/>\n<meta property=\"og:image\" content=\"https:\/\/apuntesdesanluis.com\/wp-content\/uploads\/2023\/09\/Maxi-Sosa.jpg\" \/>\n\t<meta property=\"og:image:width\" content=\"657\" \/>\n\t<meta property=\"og:image:height\" content=\"426\" \/>\n\t<meta property=\"og:image:type\" content=\"image\/jpeg\" \/>\n<meta name=\"author\" content=\"apuntesdesanluis.com\" \/>\n<meta name=\"twitter:card\" content=\"summary_large_image\" \/>\n<meta name=\"twitter:label1\" content=\"Escrito por\" \/>\n\t<meta name=\"twitter:data1\" content=\"apuntesdesanluis.com\" \/>\n\t<meta name=\"twitter:label2\" content=\"Tiempo de lectura\" \/>\n\t<meta name=\"twitter:data2\" content=\"3 minutos\" \/>\n<script type=\"application\/ld+json\" class=\"yoast-schema-graph\">{\"@context\":\"https:\/\/schema.org\",\"@graph\":[{\"@type\":\"Article\",\"@id\":\"https:\/\/apuntesdesanluis.com\/index.php\/2023\/09\/21\/extenso-encuentro-entre-el-intendente-frontera-y-el-rector-electo-de-la-unvime-marcelo-sosa\/#article\",\"isPartOf\":{\"@id\":\"https:\/\/apuntesdesanluis.com\/index.php\/2023\/09\/21\/extenso-encuentro-entre-el-intendente-frontera-y-el-rector-electo-de-la-unvime-marcelo-sosa\/\"},\"author\":{\"name\":\"apuntesdesanluis.com\",\"@id\":\"https:\/\/apuntesdesanluis.com\/#\/schema\/person\/b55151d52296fcce64d1a72538a70b90\"},\"headline\":\"EXTENSO ENCUENTRO ENTRE EL INTENDENTE FRONTERA Y EL RECTOR ELECTO DE LA UNVIME MARCELO SOSA\",\"datePublished\":\"2023-09-21T12:15:22+00:00\",\"mainEntityOfPage\":{\"@id\":\"https:\/\/apuntesdesanluis.com\/index.php\/2023\/09\/21\/extenso-encuentro-entre-el-intendente-frontera-y-el-rector-electo-de-la-unvime-marcelo-sosa\/\"},\"wordCount\":454,\"publisher\":{\"@id\":\"https:\/\/apuntesdesanluis.com\/#\/schema\/person\/b55151d52296fcce64d1a72538a70b90\"},\"image\":{\"@id\":\"https:\/\/apuntesdesanluis.com\/index.php\/2023\/09\/21\/extenso-encuentro-entre-el-intendente-frontera-y-el-rector-electo-de-la-unvime-marcelo-sosa\/#primaryimage\"},\"thumbnailUrl\":\"https:\/\/apuntesdesanluis.com\/wp-content\/uploads\/2023\/09\/Maxi-Sosa.jpg\",\"articleSection\":[\"Ciudad\/Provincia\"],\"inLanguage\":\"es-AR\"},{\"@type\":\"WebPage\",\"@id\":\"https:\/\/apuntesdesanluis.com\/index.php\/2023\/09\/21\/extenso-encuentro-entre-el-intendente-frontera-y-el-rector-electo-de-la-unvime-marcelo-sosa\/\",\"url\":\"https:\/\/apuntesdesanluis.com\/index.php\/2023\/09\/21\/extenso-encuentro-entre-el-intendente-frontera-y-el-rector-electo-de-la-unvime-marcelo-sosa\/\",\"name\":\"EXTENSO ENCUENTRO ENTRE EL INTENDENTE FRONTERA Y EL RECTOR ELECTO DE LA UNVIME MARCELO SOSA - Apuntes de San Luis\",\"isPartOf\":{\"@id\":\"https:\/\/apuntesdesanluis.com\/#website\"},\"primaryImageOfPage\":{\"@id\":\"https:\/\/apuntesdesanluis.com\/index.php\/2023\/09\/21\/extenso-encuentro-entre-el-intendente-frontera-y-el-rector-electo-de-la-unvime-marcelo-sosa\/#primaryimage\"},\"image\":{\"@id\":\"https:\/\/apuntesdesanluis.com\/index.php\/2023\/09\/21\/extenso-encuentro-entre-el-intendente-frontera-y-el-rector-electo-de-la-unvime-marcelo-sosa\/#primaryimage\"},\"thumbnailUrl\":\"https:\/\/apuntesdesanluis.com\/wp-content\/uploads\/2023\/09\/Maxi-Sosa.jpg\",\"datePublished\":\"2023-09-21T12:15:22+00:00\",\"breadcrumb\":{\"@id\":\"https:\/\/apuntesdesanluis.com\/index.php\/2023\/09\/21\/extenso-encuentro-entre-el-intendente-frontera-y-el-rector-electo-de-la-unvime-marcelo-sosa\/#breadcrumb\"},\"inLanguage\":\"es-AR\",\"potentialAction\":[{\"@type\":\"ReadAction\",\"target\":[\"https:\/\/apuntesdesanluis.com\/index.php\/2023\/09\/21\/extenso-encuentro-entre-el-intendente-frontera-y-el-rector-electo-de-la-unvime-marcelo-sosa\/\"]}]},{\"@type\":\"ImageObject\",\"inLanguage\":\"es-AR\",\"@id\":\"https:\/\/apuntesdesanluis.com\/index.php\/2023\/09\/21\/extenso-encuentro-entre-el-intendente-frontera-y-el-rector-electo-de-la-unvime-marcelo-sosa\/#primaryimage\",\"url\":\"https:\/\/apuntesdesanluis.com\/wp-content\/uploads\/2023\/09\/Maxi-Sosa.jpg\",\"contentUrl\":\"https:\/\/apuntesdesanluis.com\/wp-content\/uploads\/2023\/09\/Maxi-Sosa.jpg\",\"width\":657,\"height\":426},{\"@type\":\"BreadcrumbList\",\"@id\":\"https:\/\/apuntesdesanluis.com\/index.php\/2023\/09\/21\/extenso-encuentro-entre-el-intendente-frontera-y-el-rector-electo-de-la-unvime-marcelo-sosa\/#breadcrumb\",\"itemListElement\":[{\"@type\":\"ListItem\",\"position\":1,\"name\":\"Inicio\",\"item\":\"https:\/\/apuntesdesanluis.com\/\"},{\"@type\":\"ListItem\",\"position\":2,\"name\":\"EXTENSO ENCUENTRO ENTRE EL INTENDENTE FRONTERA Y EL RECTOR ELECTO DE LA UNVIME MARCELO SOSA\"}]},{\"@type\":\"WebSite\",\"@id\":\"https:\/\/apuntesdesanluis.com\/#website\",\"url\":\"https:\/\/apuntesdesanluis.com\/\",\"name\":\"Apuntes de San Luis\",\"description\":\"\",\"publisher\":{\"@id\":\"https:\/\/apuntesdesanluis.com\/#\/schema\/person\/b55151d52296fcce64d1a72538a70b90\"},\"potentialAction\":[{\"@type\":\"SearchAction\",\"target\":{\"@type\":\"EntryPoint\",\"urlTemplate\":\"https:\/\/apuntesdesanluis.com\/?s={search_term_string}\"},\"query-input\":{\"@type\":\"PropertyValueSpecification\",\"valueRequired\":true,\"valueName\":\"search_term_string\"}}],\"inLanguage\":\"es-AR\"},{\"@type\":[\"Person\",\"Organization\"],\"@id\":\"https:\/\/apuntesdesanluis.com\/#\/schema\/person\/b55151d52296fcce64d1a72538a70b90\",\"name\":\"apuntesdesanluis.com\",\"image\":{\"@type\":\"ImageObject\",\"inLanguage\":\"es-AR\",\"@id\":\"https:\/\/apuntesdesanluis.com\/#\/schema\/person\/image\/\",\"url\":\"https:\/\/apuntesdesanluis.com\/wp-content\/uploads\/2023\/07\/cropped-apuntesdesanluis.png\",\"contentUrl\":\"https:\/\/apuntesdesanluis.com\/wp-content\/uploads\/2023\/07\/cropped-apuntesdesanluis.png\",\"width\":450,\"height\":112,\"caption\":\"apuntesdesanluis.com\"},\"logo\":{\"@id\":\"https:\/\/apuntesdesanluis.com\/#\/schema\/person\/image\/\"},\"sameAs\":[\"https:\/\/apuntesdesanluis.com\"],\"url\":\"https:\/\/apuntesdesanluis.com\/index.php\/author\/apuntesdesanluis-com\/\"}]}<\/script>\n<!-- \/ Yoast SEO plugin. -->","yoast_head_json":{"title":"EXTENSO ENCUENTRO ENTRE EL INTENDENTE FRONTERA Y EL RECTOR ELECTO DE LA UNVIME MARCELO SOSA - Apuntes de San Luis","robots":{"index":"index","follow":"follow","max-snippet":"max-snippet:-1","max-image-preview":"max-image-preview:large","max-video-preview":"max-video-preview:-1"},"canonical":"https:\/\/apuntesdesanluis.com\/index.php\/2023\/09\/21\/extenso-encuentro-entre-el-intendente-frontera-y-el-rector-electo-de-la-unvime-marcelo-sosa\/","og_locale":"es_ES","og_type":"article","og_title":"EXTENSO ENCUENTRO ENTRE EL INTENDENTE FRONTERA Y EL RECTOR ELECTO DE LA UNVIME MARCELO SOSA - Apuntes de San Luis","og_description":"Durante cerca de dos horas, el intendente municipal Maximiliano Frontera y el rector electo de...","og_url":"https:\/\/apuntesdesanluis.com\/index.php\/2023\/09\/21\/extenso-encuentro-entre-el-intendente-frontera-y-el-rector-electo-de-la-unvime-marcelo-sosa\/","og_site_name":"Apuntes de San Luis","article_published_time":"2023-09-21T12:15:22+00:00","og_image":[{"width":657,"height":426,"url":"https:\/\/apuntesdesanluis.com\/wp-content\/uploads\/2023\/09\/Maxi-Sosa.jpg","type":"image\/jpeg"}],"author":"apuntesdesanluis.com","twitter_card":"summary_large_image","twitter_misc":{"Escrito por":"apuntesdesanluis.com","Tiempo de lectura":"3 minutos"},"schema":{"@context":"https:\/\/schema.org","@graph":[{"@type":"Article","@id":"https:\/\/apuntesdesanluis.com\/index.php\/2023\/09\/21\/extenso-encuentro-entre-el-intendente-frontera-y-el-rector-electo-de-la-unvime-marcelo-sosa\/#article","isPartOf":{"@id":"https:\/\/apuntesdesanluis.com\/index.php\/2023\/09\/21\/extenso-encuentro-entre-el-intendente-frontera-y-el-rector-electo-de-la-unvime-marcelo-sosa\/"},"author":{"name":"apuntesdesanluis.com","@id":"https:\/\/apuntesdesanluis.com\/#\/schema\/person\/b55151d52296fcce64d1a72538a70b90"},"headline":"EXTENSO ENCUENTRO ENTRE EL INTENDENTE FRONTERA Y EL RECTOR ELECTO DE LA UNVIME MARCELO SOSA","datePublished":"2023-09-21T12:15:22+00:00","mainEntityOfPage":{"@id":"https:\/\/apuntesdesanluis.com\/index.php\/2023\/09\/21\/extenso-encuentro-entre-el-intendente-frontera-y-el-rector-electo-de-la-unvime-marcelo-sosa\/"},"wordCount":454,"publisher":{"@id":"https:\/\/apuntesdesanluis.com\/#\/schema\/person\/b55151d52296fcce64d1a72538a70b90"},"image":{"@id":"https:\/\/apuntesdesanluis.com\/index.php\/2023\/09\/21\/extenso-encuentro-entre-el-intendente-frontera-y-el-rector-electo-de-la-unvime-marcelo-sosa\/#primaryimage"},"thumbnailUrl":"https:\/\/apuntesdesanluis.com\/wp-content\/uploads\/2023\/09\/Maxi-Sosa.jpg","articleSection":["Ciudad\/Provincia"],"inLanguage":"es-AR"},{"@type":"WebPage","@id":"https:\/\/apuntesdesanluis.com\/index.php\/2023\/09\/21\/extenso-encuentro-entre-el-intendente-frontera-y-el-rector-electo-de-la-unvime-marcelo-sosa\/","url":"https:\/\/apuntesdesanluis.com\/index.php\/2023\/09\/21\/extenso-encuentro-entre-el-intendente-frontera-y-el-rector-electo-de-la-unvime-marcelo-sosa\/","name":"EXTENSO ENCUENTRO ENTRE EL INTENDENTE FRONTERA Y EL RECTOR ELECTO DE LA UNVIME MARCELO SOSA - Apuntes de San Luis","isPartOf":{"@id":"https:\/\/apuntesdesanluis.com\/#website"},"primaryImageOfPage":{"@id":"https:\/\/apuntesdesanluis.com\/index.php\/2023\/09\/21\/extenso-encuentro-entre-el-intendente-frontera-y-el-rector-electo-de-la-unvime-marcelo-sosa\/#primaryimage"},"image":{"@id":"https:\/\/apuntesdesanluis.com\/index.php\/2023\/09\/21\/extenso-encuentro-entre-el-intendente-frontera-y-el-rector-electo-de-la-unvime-marcelo-sosa\/#primaryimage"},"thumbnailUrl":"https:\/\/apuntesdesanluis.com\/wp-content\/uploads\/2023\/09\/Maxi-Sosa.jpg","datePublished":"2023-09-21T12:15:22+00:00","breadcrumb":{"@id":"https:\/\/apuntesdesanluis.com\/index.php\/2023\/09\/21\/extenso-encuentro-entre-el-intendente-frontera-y-el-rector-electo-de-la-unvime-marcelo-sosa\/#breadcrumb"},"inLanguage":"es-AR","potentialAction":[{"@type":"ReadAction","target":["https:\/\/apuntesdesanluis.com\/index.php\/2023\/09\/21\/extenso-encuentro-entre-el-intendente-frontera-y-el-rector-electo-de-la-unvime-marcelo-sosa\/"]}]},{"@type":"ImageObject","inLanguage":"es-AR","@id":"https:\/\/apuntesdesanluis.com\/index.php\/2023\/09\/21\/extenso-encuentro-entre-el-intendente-frontera-y-el-rector-electo-de-la-unvime-marcelo-sosa\/#primaryimage","url":"https:\/\/apuntesdesanluis.com\/wp-content\/uploads\/2023\/09\/Maxi-Sosa.jpg","contentUrl":"https:\/\/apuntesdesanluis.com\/wp-content\/uploads\/2023\/09\/Maxi-Sosa.jpg","width":657,"height":426},{"@type":"BreadcrumbList","@id":"https:\/\/apuntesdesanluis.com\/index.php\/2023\/09\/21\/extenso-encuentro-entre-el-intendente-frontera-y-el-rector-electo-de-la-unvime-marcelo-sosa\/#breadcrumb","itemListElement":[{"@type":"ListItem","position":1,"name":"Inicio","item":"https:\/\/apuntesdesanluis.com\/"},{"@type":"ListItem","position":2,"name":"EXTENSO ENCUENTRO ENTRE EL INTENDENTE FRONTERA Y EL RECTOR ELECTO DE LA UNVIME MARCELO SOSA"}]},{"@type":"WebSite","@id":"https:\/\/apuntesdesanluis.com\/#website","url":"https:\/\/apuntesdesanluis.com\/","name":"Apuntes de San Luis","description":"","publisher":{"@id":"https:\/\/apuntesdesanluis.com\/#\/schema\/person\/b55151d52296fcce64d1a72538a70b90"},"potentialAction":[{"@type":"SearchAction","target":{"@type":"EntryPoint","urlTemplate":"https:\/\/apuntesdesanluis.com\/?s={search_term_string}"},"query-input":{"@type":"PropertyValueSpecification","valueRequired":true,"valueName":"search_term_string"}}],"inLanguage":"es-AR"},{"@type":["Person","Organization"],"@id":"https:\/\/apuntesdesanluis.com\/#\/schema\/person\/b55151d52296fcce64d1a72538a70b90","name":"apuntesdesanluis.com","image":{"@type":"ImageObject","inLanguage":"es-AR","@id":"https:\/\/apuntesdesanluis.com\/#\/schema\/person\/image\/","url":"https:\/\/apuntesdesanluis.com\/wp-content\/uploads\/2023\/07\/cropped-apuntesdesanluis.png","contentUrl":"https:\/\/apuntesdesanluis.com\/wp-content\/uploads\/2023\/07\/cropped-apuntesdesanluis.png","width":450,"height":112,"caption":"apuntesdesanluis.com"},"logo":{"@id":"https:\/\/apuntesdesanluis.com\/#\/schema\/person\/image\/"},"sameAs":["https:\/\/apuntesdesanluis.com"],"url":"https:\/\/apuntesdesanluis.com\/index.php\/author\/apuntesdesanluis-com\/"}]}},"featured_image_urls":{"full":["https:\/\/apuntesdesanluis.com\/wp-content\/uploads\/2023\/09\/Maxi-Sosa.jpg",657,426,false],"thumbnail":["https:\/\/apuntesdesanluis.com\/wp-content\/uploads\/2023\/09\/Maxi-Sosa-150x150.jpg",150,150,true],"medium":["https:\/\/apuntesdesanluis.com\/wp-content\/uploads\/2023\/09\/Maxi-Sosa-300x195.jpg",300,195,true],"medium_large":["https:\/\/apuntesdesanluis.com\/wp-content\/uploads\/2023\/09\/Maxi-Sosa.jpg",640,415,false],"large":["https:\/\/apuntesdesanluis.com\/wp-content\/uploads\/2023\/09\/Maxi-Sosa.jpg",640,415,false],"1536x1536":["https:\/\/apuntesdesanluis.com\/wp-content\/uploads\/2023\/09\/Maxi-Sosa.jpg",657,426,false],"2048x2048":["https:\/\/apuntesdesanluis.com\/wp-content\/uploads\/2023\/09\/Maxi-Sosa.jpg",657,426,false],"newsever-slider-full":["https:\/\/apuntesdesanluis.com\/wp-content\/uploads\/2023\/09\/Maxi-Sosa.jpg",657,426,false],"newsever-featured":["https:\/\/apuntesdesanluis.com\/wp-content\/uploads\/2023\/09\/Maxi-Sosa.jpg",657,426,false],"newsever-medium":["https:\/\/apuntesdesanluis.com\/wp-content\/uploads\/2023\/09\/Maxi-Sosa.jpg",657,426,false]},"author_info":{"display_name":"apuntesdesanluis.com","author_link":"https:\/\/apuntesdesanluis.com\/index.php\/author\/apuntesdesanluis-com\/"},"category_info":"<a href=\"https:\/\/apuntesdesanluis.com\/index.php\/category\/ciudad-provincia\/\" rel=\"category tag\">Ciudad\/Provincia<\/a>","tag_info":"Ciudad\/Provincia","comment_count":"0","_links":{"self":[{"href":"https:\/\/apuntesdesanluis.com\/index.php\/wp-json\/wp\/v2\/posts\/3673","targetHints":{"allow":["GET"]}}],"collection":[{"href":"https:\/\/apuntesdesanluis.com\/index.php\/wp-json\/wp\/v2\/posts"}],"about":[{"href":"https:\/\/apuntesdesanluis.com\/index.php\/wp-json\/wp\/v2\/types\/post"}],"author":[{"embeddable":true,"href":"https:\/\/apuntesdesanluis.com\/index.php\/wp-json\/wp\/v2\/users\/1"}],"replies":[{"embeddable":true,"href":"https:\/\/apuntesdesanluis.com\/index.php\/wp-json\/wp\/v2\/comments?post=3673"}],"version-history":[{"count":1,"href":"https:\/\/apuntesdesanluis.com\/index.php\/wp-json\/wp\/v2\/posts\/3673\/revisions"}],"predecessor-version":[{"id":3676,"href":"https:\/\/apuntesdesanluis.com\/index.php\/wp-json\/wp\/v2\/posts\/3673\/revisions\/3676"}],"wp:featuredmedia":[{"embeddable":true,"href":"https:\/\/apuntesdesanluis.com\/index.php\/wp-json\/wp\/v2\/media\/3674"}],"wp:attachment":[{"href":"https:\/\/apuntesdesanluis.com\/index.php\/wp-json\/wp\/v2\/media?parent=3673"}],"wp:term":[{"taxonomy":"category","embeddable":true,"href":"https:\/\/apuntesdesanluis.com\/index.php\/wp-json\/wp\/v2\/categories?post=3673"},{"taxonomy":"post_tag","embeddable":true,"href":"https:\/\/apuntesdesanluis.com\/index.php\/wp-json\/wp\/v2\/tags?post=3673"}],"curies":[{"name":"wp","href":"https:\/\/api.w.org\/{rel}","templated":true}]}}