{"id":3701,"date":"2023-09-21T19:51:42","date_gmt":"2023-09-21T22:51:42","guid":{"rendered":"https:\/\/apuntesdesanluis.com\/?p=3701"},"modified":"2023-09-21T19:51:42","modified_gmt":"2023-09-21T22:51:42","slug":"mendoza-cornejo-y-de-marchi-los-principales-candidatos-a-la-gobernacion-cerraron-sus-campanas","status":"publish","type":"post","link":"https:\/\/apuntesdesanluis.com\/index.php\/2023\/09\/21\/mendoza-cornejo-y-de-marchi-los-principales-candidatos-a-la-gobernacion-cerraron-sus-campanas\/","title":{"rendered":"MENDOZA: CORNEJO Y DE MARCHI, LOS PRINCIPALES CANDIDATOS A LA GOBERNACI\u00d3N, CERRARON SUS CAMPA\u00d1AS"},"content":{"rendered":"<h3 class=\"yiv7409174924ydp6329976emsonormal\" style=\"text-align: justify; background: white;\"><span style=\"font-family: 'Arial','sans-serif'; color: #1d2228;\">El pr\u00f3ximo domingo, los mendocinos ir\u00e1n a las urnas para elegir al futuro gobernador. Adem\u00e1s, se ponen en juego cargos legislativos. <\/span><\/h3>\n<h3 class=\"yiv7409174924ydp6329976emsonormal\" style=\"text-align: justify; background: white;\"><span style=\"font-family: 'Arial','sans-serif'; color: #1d2228;\">Los principales candidatos a la Gobernaci\u00f3n de Mendoza, Alfredo Cornejo (Cambia Mendoza) y Omar De Marchi (Uni\u00f3n Mendocina), cerraron sus campa\u00f1as de cara a las elecciones del pr\u00f3ximo domingo, en las que tambi\u00e9n se elegir\u00e1n 19 senadores y 24 diputados provinciales.<\/span><\/h3>\n<h3 class=\"yiv7409174924ydp6329976emsonormal\" style=\"text-align: justify; background: white;\"><span style=\"font-family: 'Arial','sans-serif'; color: #1d2228;\">El l\u00edder de la Uni\u00f3n C\u00edvica Radical mendocina y candidato oficial de Juntos por el Cambio, Cornejo, encabez\u00f3 este jueves un acto en el Club Andes Talleres, de Godoy Cruz, junto a su compa\u00f1era de f\u00f3rmula Hebe Casado y la compa\u00f1\u00eda de Rodolfo Su\u00e1rez, mandatario provincial saliente. <\/span><\/h3>\n<h3 class=\"yiv7409174924ydp6329976emsonormal\" style=\"text-align: justify; background: white;\"><span style=\"font-family: 'Arial','sans-serif'; color: #1d2228;\">All\u00ed, Cornejo inst\u00f3 al electorado mendocino a darle continuidad a la gesti\u00f3n provincial que condujo Su\u00e1rez durante estos casi cuatro a\u00f1os y deline\u00f3 los desaf\u00edos para su eventual gobierno, en el caso de ganar las elecciones. <\/span><\/h3>\n<h3 class=\"yiv7409174924ydp6329976emsonormal\" style=\"text-align: justify; background: white;\"><span style=\"font-family: 'Arial','sans-serif'; color: #1d2228;\">&#8220;Por lo construido hasta aqu\u00ed, Mendoza puede dar el salto de crecimiento en todos los temas econ\u00f3micos y en todas las actividades econ\u00f3micas porque la Argentina va a cambiar la orientaci\u00f3n econ\u00f3mica&#8221;, indic\u00f3 el senador nacional y referente del centenario partido. <\/span><\/h3>\n<h3 class=\"yiv7409174924ydp6329976emsonormal\" style=\"text-align: justify; background: white;\"><span style=\"font-family: 'Arial','sans-serif'; color: #1d2228;\">Y agreg\u00f3: &#8220;La sociedad argentina est\u00e1 dando se\u00f1ales de que quiere cambiar la orientaci\u00f3n econ\u00f3mica y los candidatos a presidente o presidenta tiene una presi\u00f3n de cambiar de una buena vez y no seguir en estos altibajos&#8221;.<\/span><\/h3>\n<h3 class=\"yiv7409174924ydp6329976emsonormal\" style=\"text-align: justify; background: white;\"><span style=\"font-family: 'Arial','sans-serif'; color: #1d2228;\">En esa l\u00ednea, envi\u00f3 un fuerte mensaje ante la incertidumbre electoral en las elecciones presidencial de octubre: &#8220;Si soy gobernador del 2023 al 2027, con cambio de la orientaci\u00f3n econ\u00f3mica del pa\u00eds, Mendoza vuela con respecto al 2015 y 2019&#8221;.<\/span><\/h3>\n<h3 class=\"yiv7409174924ydp6329976emsonormal\" style=\"text-align: justify; background: white;\"><span style=\"font-family: 'Arial','sans-serif'; color: #1d2228;\">&#8220;Si la turbulencia se estira en el tiempo, Mendoza va a estar bien administrada para sostener nuestro sistema de protecci\u00f3n social, cobertura de la educaci\u00f3n, de la salud e incentivo y protecci\u00f3n de nuestras pymes&#8221;, lanz\u00f3 Cornejo. <\/span><\/h3>\n<h3 class=\"yiv7409174924ydp6329976emsonormal\" style=\"text-align: justify; background: white;\"><span style=\"font-family: 'Arial','sans-serif'; color: #1d2228;\">Por su parte, De Marchi realiz\u00f3 su cierre en el inicio de la semana en el Arena Maip\u00fa, en el Gran Mendoza, junto a su compa\u00f1ero de f\u00f3rmula, Daniel Orozco. De Marchi espera dar el batacazo. Juntos por el Cambio lo duplic\u00f3 en la totalidad de los votos (42% contra 20%) en las PASO. <\/span><\/h3>\n<h3 class=\"yiv7409174924ydp6329976emsonormal\" style=\"text-align: justify; background: white;\"><span style=\"font-family: 'Arial','sans-serif'; color: #1d2228;\">En el escenario, De Marchi celebr\u00f3 el acompa\u00f1amiento de la militancia y exclam\u00f3: &#8220;\u00a1Qu\u00e9 despelote que hemos armado! \u00a1Qu\u00e9 linda fuerza hay ac\u00e1! Alegr\u00eda, ganas, fuerza, entusiasmo, coraje&#8221;.<\/span><\/h3>\n<h3 class=\"yiv7409174924ydp6329976emsonormal\" style=\"text-align: justify; background: white;\"><span style=\"font-family: 'Arial','sans-serif'; color: #1d2228;\">&#8220;Se respira felicidad. A pesar de los problemas, ac\u00e1 est\u00e1 el n\u00facleo fundante de la Mendoza que viene&#8221;, argument\u00f3 el aspirante a la Gobernaci\u00f3n de Mendoza ante la presencia, tambi\u00e9n, de un militante disfrazo de &#8220;le\u00f3n&#8221;, en referencia a Javier Milei, con quien De Marchi tiene una gran relaci\u00f3n y alberg\u00f3 en su espacio al Partido Libertario. <\/span><\/h3>\n<h3 class=\"yiv7409174924ydp6329976emsonormal\" style=\"text-align: justify; background: white;\"><span style=\"font-family: 'Arial','sans-serif'; color: #1d2228;\">Por otro lado, cuestion\u00f3 la gesti\u00f3n del radicalismo: &#8220;Mendoza hace m\u00e1s de 10 a\u00f1os que no crece. Vamos a resolver los problemas con la mejor gente, un plan, y un liderazgo positivo para que funcione y as\u00ed tener resultados desde el Estado&#8221;.<\/span><\/h3>\n<h3 class=\"yiv7409174924ydp6329976emsonormal\" style=\"text-align: justify; background: white;\"><span style=\"font-family: 'Arial','sans-serif'; color: #1d2228;\">Mientras tanto, el Frente Eleg\u00ed, de Omar Parisi-Lucas Ilardo (peronistas), le puso broche de oro hoy a la campa\u00f1a en el camping Luz y Fuerza. El Partido Verde, que encabeza Mario Vadillo y Emanuel Fugazzotto, lo har\u00e1n desde las 19 horas en el Parque Central de la ciudad de Mendoza.<\/span><\/h3>\n<h3 class=\"yiv7409174924ydp6329976emsonormal\" style=\"text-align: justify; background: white;\"><span style=\"font-family: 'Arial','sans-serif'; color: #1d2228;\">La Izquierda, con Lautaro Jim\u00e9nez-Noelia Barbeito, lo hizo el mi\u00e9rcoles pasado en la Plaza Independencia del centro de la Ciudad. <\/span><\/h3>\n","protected":false},"excerpt":{"rendered":"<p>El pr\u00f3ximo domingo, los mendocinos ir\u00e1n a las urnas para elegir al futuro gobernador. Adem\u00e1s,&#8230;<\/p>\n","protected":false},"author":1,"featured_media":3702,"comment_status":"closed","ping_status":"closed","sticky":false,"template":"","format":"standard","meta":{"footnotes":""},"categories":[5],"tags":[],"class_list":["post-3701","post","type-post","status-publish","format-standard","has-post-thumbnail","hentry","category-nacionales-internacionales"],"yoast_head":"<!-- This site is optimized with the Yoast SEO plugin v26.1.1 - https:\/\/yoast.com\/wordpress\/plugins\/seo\/ -->\n<title>MENDOZA: CORNEJO Y DE MARCHI, LOS PRINCIPALES CANDIDATOS A LA GOBERNACI\u00d3N, CERRARON SUS CAMPA\u00d1AS - Apuntes de San Luis<\/title>\n<meta name=\"robots\" content=\"index, follow, max-snippet:-1, max-image-preview:large, max-video-preview:-1\" \/>\n<link rel=\"canonical\" href=\"https:\/\/apuntesdesanluis.com\/index.php\/2023\/09\/21\/mendoza-cornejo-y-de-marchi-los-principales-candidatos-a-la-gobernacion-cerraron-sus-campanas\/\" \/>\n<meta property=\"og:locale\" content=\"es_ES\" \/>\n<meta property=\"og:type\" content=\"article\" \/>\n<meta property=\"og:title\" content=\"MENDOZA: CORNEJO Y DE MARCHI, LOS PRINCIPALES CANDIDATOS A LA GOBERNACI\u00d3N, CERRARON SUS CAMPA\u00d1AS - Apuntes de San Luis\" \/>\n<meta property=\"og:description\" content=\"El pr\u00f3ximo domingo, los mendocinos ir\u00e1n a las urnas para elegir al futuro gobernador. Adem\u00e1s,...\" \/>\n<meta property=\"og:url\" content=\"https:\/\/apuntesdesanluis.com\/index.php\/2023\/09\/21\/mendoza-cornejo-y-de-marchi-los-principales-candidatos-a-la-gobernacion-cerraron-sus-campanas\/\" \/>\n<meta property=\"og:site_name\" content=\"Apuntes de San Luis\" \/>\n<meta property=\"article:published_time\" content=\"2023-09-21T22:51:42+00:00\" \/>\n<meta property=\"og:image\" content=\"https:\/\/apuntesdesanluis.com\/wp-content\/uploads\/2023\/09\/cornejo-y-demarchi.jpg\" \/>\n\t<meta property=\"og:image:width\" content=\"600\" \/>\n\t<meta property=\"og:image:height\" content=\"337\" \/>\n\t<meta property=\"og:image:type\" content=\"image\/jpeg\" \/>\n<meta name=\"author\" content=\"apuntesdesanluis.com\" \/>\n<meta name=\"twitter:card\" content=\"summary_large_image\" \/>\n<meta name=\"twitter:label1\" content=\"Escrito por\" \/>\n\t<meta name=\"twitter:data1\" content=\"apuntesdesanluis.com\" \/>\n\t<meta name=\"twitter:label2\" content=\"Tiempo de lectura\" \/>\n\t<meta name=\"twitter:data2\" content=\"3 minutos\" \/>\n<script type=\"application\/ld+json\" class=\"yoast-schema-graph\">{\"@context\":\"https:\/\/schema.org\",\"@graph\":[{\"@type\":\"Article\",\"@id\":\"https:\/\/apuntesdesanluis.com\/index.php\/2023\/09\/21\/mendoza-cornejo-y-de-marchi-los-principales-candidatos-a-la-gobernacion-cerraron-sus-campanas\/#article\",\"isPartOf\":{\"@id\":\"https:\/\/apuntesdesanluis.com\/index.php\/2023\/09\/21\/mendoza-cornejo-y-de-marchi-los-principales-candidatos-a-la-gobernacion-cerraron-sus-campanas\/\"},\"author\":{\"name\":\"apuntesdesanluis.com\",\"@id\":\"https:\/\/apuntesdesanluis.com\/#\/schema\/person\/b55151d52296fcce64d1a72538a70b90\"},\"headline\":\"MENDOZA: CORNEJO Y DE MARCHI, LOS PRINCIPALES CANDIDATOS A LA GOBERNACI\u00d3N, CERRARON SUS CAMPA\u00d1AS\",\"datePublished\":\"2023-09-21T22:51:42+00:00\",\"mainEntityOfPage\":{\"@id\":\"https:\/\/apuntesdesanluis.com\/index.php\/2023\/09\/21\/mendoza-cornejo-y-de-marchi-los-principales-candidatos-a-la-gobernacion-cerraron-sus-campanas\/\"},\"wordCount\":608,\"publisher\":{\"@id\":\"https:\/\/apuntesdesanluis.com\/#\/schema\/person\/b55151d52296fcce64d1a72538a70b90\"},\"image\":{\"@id\":\"https:\/\/apuntesdesanluis.com\/index.php\/2023\/09\/21\/mendoza-cornejo-y-de-marchi-los-principales-candidatos-a-la-gobernacion-cerraron-sus-campanas\/#primaryimage\"},\"thumbnailUrl\":\"https:\/\/apuntesdesanluis.com\/wp-content\/uploads\/2023\/09\/cornejo-y-demarchi.jpg\",\"articleSection\":[\"Nacionales\/Internacionales\"],\"inLanguage\":\"es-AR\"},{\"@type\":\"WebPage\",\"@id\":\"https:\/\/apuntesdesanluis.com\/index.php\/2023\/09\/21\/mendoza-cornejo-y-de-marchi-los-principales-candidatos-a-la-gobernacion-cerraron-sus-campanas\/\",\"url\":\"https:\/\/apuntesdesanluis.com\/index.php\/2023\/09\/21\/mendoza-cornejo-y-de-marchi-los-principales-candidatos-a-la-gobernacion-cerraron-sus-campanas\/\",\"name\":\"MENDOZA: CORNEJO Y DE MARCHI, LOS PRINCIPALES CANDIDATOS A LA GOBERNACI\u00d3N, CERRARON SUS CAMPA\u00d1AS - Apuntes de San Luis\",\"isPartOf\":{\"@id\":\"https:\/\/apuntesdesanluis.com\/#website\"},\"primaryImageOfPage\":{\"@id\":\"https:\/\/apuntesdesanluis.com\/index.php\/2023\/09\/21\/mendoza-cornejo-y-de-marchi-los-principales-candidatos-a-la-gobernacion-cerraron-sus-campanas\/#primaryimage\"},\"image\":{\"@id\":\"https:\/\/apuntesdesanluis.com\/index.php\/2023\/09\/21\/mendoza-cornejo-y-de-marchi-los-principales-candidatos-a-la-gobernacion-cerraron-sus-campanas\/#primaryimage\"},\"thumbnailUrl\":\"https:\/\/apuntesdesanluis.com\/wp-content\/uploads\/2023\/09\/cornejo-y-demarchi.jpg\",\"datePublished\":\"2023-09-21T22:51:42+00:00\",\"breadcrumb\":{\"@id\":\"https:\/\/apuntesdesanluis.com\/index.php\/2023\/09\/21\/mendoza-cornejo-y-de-marchi-los-principales-candidatos-a-la-gobernacion-cerraron-sus-campanas\/#breadcrumb\"},\"inLanguage\":\"es-AR\",\"potentialAction\":[{\"@type\":\"ReadAction\",\"target\":[\"https:\/\/apuntesdesanluis.com\/index.php\/2023\/09\/21\/mendoza-cornejo-y-de-marchi-los-principales-candidatos-a-la-gobernacion-cerraron-sus-campanas\/\"]}]},{\"@type\":\"ImageObject\",\"inLanguage\":\"es-AR\",\"@id\":\"https:\/\/apuntesdesanluis.com\/index.php\/2023\/09\/21\/mendoza-cornejo-y-de-marchi-los-principales-candidatos-a-la-gobernacion-cerraron-sus-campanas\/#primaryimage\",\"url\":\"https:\/\/apuntesdesanluis.com\/wp-content\/uploads\/2023\/09\/cornejo-y-demarchi.jpg\",\"contentUrl\":\"https:\/\/apuntesdesanluis.com\/wp-content\/uploads\/2023\/09\/cornejo-y-demarchi.jpg\",\"width\":600,\"height\":337},{\"@type\":\"BreadcrumbList\",\"@id\":\"https:\/\/apuntesdesanluis.com\/index.php\/2023\/09\/21\/mendoza-cornejo-y-de-marchi-los-principales-candidatos-a-la-gobernacion-cerraron-sus-campanas\/#breadcrumb\",\"itemListElement\":[{\"@type\":\"ListItem\",\"position\":1,\"name\":\"Inicio\",\"item\":\"https:\/\/apuntesdesanluis.com\/\"},{\"@type\":\"ListItem\",\"position\":2,\"name\":\"MENDOZA: CORNEJO Y DE MARCHI, LOS PRINCIPALES CANDIDATOS A LA GOBERNACI\u00d3N, CERRARON SUS CAMPA\u00d1AS\"}]},{\"@type\":\"WebSite\",\"@id\":\"https:\/\/apuntesdesanluis.com\/#website\",\"url\":\"https:\/\/apuntesdesanluis.com\/\",\"name\":\"Apuntes de San Luis\",\"description\":\"\",\"publisher\":{\"@id\":\"https:\/\/apuntesdesanluis.com\/#\/schema\/person\/b55151d52296fcce64d1a72538a70b90\"},\"potentialAction\":[{\"@type\":\"SearchAction\",\"target\":{\"@type\":\"EntryPoint\",\"urlTemplate\":\"https:\/\/apuntesdesanluis.com\/?s={search_term_string}\"},\"query-input\":{\"@type\":\"PropertyValueSpecification\",\"valueRequired\":true,\"valueName\":\"search_term_string\"}}],\"inLanguage\":\"es-AR\"},{\"@type\":[\"Person\",\"Organization\"],\"@id\":\"https:\/\/apuntesdesanluis.com\/#\/schema\/person\/b55151d52296fcce64d1a72538a70b90\",\"name\":\"apuntesdesanluis.com\",\"image\":{\"@type\":\"ImageObject\",\"inLanguage\":\"es-AR\",\"@id\":\"https:\/\/apuntesdesanluis.com\/#\/schema\/person\/image\/\",\"url\":\"https:\/\/apuntesdesanluis.com\/wp-content\/uploads\/2023\/07\/cropped-apuntesdesanluis.png\",\"contentUrl\":\"https:\/\/apuntesdesanluis.com\/wp-content\/uploads\/2023\/07\/cropped-apuntesdesanluis.png\",\"width\":450,\"height\":112,\"caption\":\"apuntesdesanluis.com\"},\"logo\":{\"@id\":\"https:\/\/apuntesdesanluis.com\/#\/schema\/person\/image\/\"},\"sameAs\":[\"https:\/\/apuntesdesanluis.com\"],\"url\":\"https:\/\/apuntesdesanluis.com\/index.php\/author\/apuntesdesanluis-com\/\"}]}<\/script>\n<!-- \/ Yoast SEO plugin. -->","yoast_head_json":{"title":"MENDOZA: CORNEJO Y DE MARCHI, LOS PRINCIPALES CANDIDATOS A LA GOBERNACI\u00d3N, CERRARON SUS CAMPA\u00d1AS - Apuntes de San Luis","robots":{"index":"index","follow":"follow","max-snippet":"max-snippet:-1","max-image-preview":"max-image-preview:large","max-video-preview":"max-video-preview:-1"},"canonical":"https:\/\/apuntesdesanluis.com\/index.php\/2023\/09\/21\/mendoza-cornejo-y-de-marchi-los-principales-candidatos-a-la-gobernacion-cerraron-sus-campanas\/","og_locale":"es_ES","og_type":"article","og_title":"MENDOZA: CORNEJO Y DE MARCHI, LOS PRINCIPALES CANDIDATOS A LA GOBERNACI\u00d3N, CERRARON SUS CAMPA\u00d1AS - Apuntes de San Luis","og_description":"El pr\u00f3ximo domingo, los mendocinos ir\u00e1n a las urnas para elegir al futuro gobernador. Adem\u00e1s,...","og_url":"https:\/\/apuntesdesanluis.com\/index.php\/2023\/09\/21\/mendoza-cornejo-y-de-marchi-los-principales-candidatos-a-la-gobernacion-cerraron-sus-campanas\/","og_site_name":"Apuntes de San Luis","article_published_time":"2023-09-21T22:51:42+00:00","og_image":[{"width":600,"height":337,"url":"https:\/\/apuntesdesanluis.com\/wp-content\/uploads\/2023\/09\/cornejo-y-demarchi.jpg","type":"image\/jpeg"}],"author":"apuntesdesanluis.com","twitter_card":"summary_large_image","twitter_misc":{"Escrito por":"apuntesdesanluis.com","Tiempo de lectura":"3 minutos"},"schema":{"@context":"https:\/\/schema.org","@graph":[{"@type":"Article","@id":"https:\/\/apuntesdesanluis.com\/index.php\/2023\/09\/21\/mendoza-cornejo-y-de-marchi-los-principales-candidatos-a-la-gobernacion-cerraron-sus-campanas\/#article","isPartOf":{"@id":"https:\/\/apuntesdesanluis.com\/index.php\/2023\/09\/21\/mendoza-cornejo-y-de-marchi-los-principales-candidatos-a-la-gobernacion-cerraron-sus-campanas\/"},"author":{"name":"apuntesdesanluis.com","@id":"https:\/\/apuntesdesanluis.com\/#\/schema\/person\/b55151d52296fcce64d1a72538a70b90"},"headline":"MENDOZA: CORNEJO Y DE MARCHI, LOS PRINCIPALES CANDIDATOS A LA GOBERNACI\u00d3N, CERRARON SUS CAMPA\u00d1AS","datePublished":"2023-09-21T22:51:42+00:00","mainEntityOfPage":{"@id":"https:\/\/apuntesdesanluis.com\/index.php\/2023\/09\/21\/mendoza-cornejo-y-de-marchi-los-principales-candidatos-a-la-gobernacion-cerraron-sus-campanas\/"},"wordCount":608,"publisher":{"@id":"https:\/\/apuntesdesanluis.com\/#\/schema\/person\/b55151d52296fcce64d1a72538a70b90"},"image":{"@id":"https:\/\/apuntesdesanluis.com\/index.php\/2023\/09\/21\/mendoza-cornejo-y-de-marchi-los-principales-candidatos-a-la-gobernacion-cerraron-sus-campanas\/#primaryimage"},"thumbnailUrl":"https:\/\/apuntesdesanluis.com\/wp-content\/uploads\/2023\/09\/cornejo-y-demarchi.jpg","articleSection":["Nacionales\/Internacionales"],"inLanguage":"es-AR"},{"@type":"WebPage","@id":"https:\/\/apuntesdesanluis.com\/index.php\/2023\/09\/21\/mendoza-cornejo-y-de-marchi-los-principales-candidatos-a-la-gobernacion-cerraron-sus-campanas\/","url":"https:\/\/apuntesdesanluis.com\/index.php\/2023\/09\/21\/mendoza-cornejo-y-de-marchi-los-principales-candidatos-a-la-gobernacion-cerraron-sus-campanas\/","name":"MENDOZA: CORNEJO Y DE MARCHI, LOS PRINCIPALES CANDIDATOS A LA GOBERNACI\u00d3N, CERRARON SUS CAMPA\u00d1AS - Apuntes de San Luis","isPartOf":{"@id":"https:\/\/apuntesdesanluis.com\/#website"},"primaryImageOfPage":{"@id":"https:\/\/apuntesdesanluis.com\/index.php\/2023\/09\/21\/mendoza-cornejo-y-de-marchi-los-principales-candidatos-a-la-gobernacion-cerraron-sus-campanas\/#primaryimage"},"image":{"@id":"https:\/\/apuntesdesanluis.com\/index.php\/2023\/09\/21\/mendoza-cornejo-y-de-marchi-los-principales-candidatos-a-la-gobernacion-cerraron-sus-campanas\/#primaryimage"},"thumbnailUrl":"https:\/\/apuntesdesanluis.com\/wp-content\/uploads\/2023\/09\/cornejo-y-demarchi.jpg","datePublished":"2023-09-21T22:51:42+00:00","breadcrumb":{"@id":"https:\/\/apuntesdesanluis.com\/index.php\/2023\/09\/21\/mendoza-cornejo-y-de-marchi-los-principales-candidatos-a-la-gobernacion-cerraron-sus-campanas\/#breadcrumb"},"inLanguage":"es-AR","potentialAction":[{"@type":"ReadAction","target":["https:\/\/apuntesdesanluis.com\/index.php\/2023\/09\/21\/mendoza-cornejo-y-de-marchi-los-principales-candidatos-a-la-gobernacion-cerraron-sus-campanas\/"]}]},{"@type":"ImageObject","inLanguage":"es-AR","@id":"https:\/\/apuntesdesanluis.com\/index.php\/2023\/09\/21\/mendoza-cornejo-y-de-marchi-los-principales-candidatos-a-la-gobernacion-cerraron-sus-campanas\/#primaryimage","url":"https:\/\/apuntesdesanluis.com\/wp-content\/uploads\/2023\/09\/cornejo-y-demarchi.jpg","contentUrl":"https:\/\/apuntesdesanluis.com\/wp-content\/uploads\/2023\/09\/cornejo-y-demarchi.jpg","width":600,"height":337},{"@type":"BreadcrumbList","@id":"https:\/\/apuntesdesanluis.com\/index.php\/2023\/09\/21\/mendoza-cornejo-y-de-marchi-los-principales-candidatos-a-la-gobernacion-cerraron-sus-campanas\/#breadcrumb","itemListElement":[{"@type":"ListItem","position":1,"name":"Inicio","item":"https:\/\/apuntesdesanluis.com\/"},{"@type":"ListItem","position":2,"name":"MENDOZA: CORNEJO Y DE MARCHI, LOS PRINCIPALES CANDIDATOS A LA GOBERNACI\u00d3N, CERRARON SUS CAMPA\u00d1AS"}]},{"@type":"WebSite","@id":"https:\/\/apuntesdesanluis.com\/#website","url":"https:\/\/apuntesdesanluis.com\/","name":"Apuntes de San Luis","description":"","publisher":{"@id":"https:\/\/apuntesdesanluis.com\/#\/schema\/person\/b55151d52296fcce64d1a72538a70b90"},"potentialAction":[{"@type":"SearchAction","target":{"@type":"EntryPoint","urlTemplate":"https:\/\/apuntesdesanluis.com\/?s={search_term_string}"},"query-input":{"@type":"PropertyValueSpecification","valueRequired":true,"valueName":"search_term_string"}}],"inLanguage":"es-AR"},{"@type":["Person","Organization"],"@id":"https:\/\/apuntesdesanluis.com\/#\/schema\/person\/b55151d52296fcce64d1a72538a70b90","name":"apuntesdesanluis.com","image":{"@type":"ImageObject","inLanguage":"es-AR","@id":"https:\/\/apuntesdesanluis.com\/#\/schema\/person\/image\/","url":"https:\/\/apuntesdesanluis.com\/wp-content\/uploads\/2023\/07\/cropped-apuntesdesanluis.png","contentUrl":"https:\/\/apuntesdesanluis.com\/wp-content\/uploads\/2023\/07\/cropped-apuntesdesanluis.png","width":450,"height":112,"caption":"apuntesdesanluis.com"},"logo":{"@id":"https:\/\/apuntesdesanluis.com\/#\/schema\/person\/image\/"},"sameAs":["https:\/\/apuntesdesanluis.com"],"url":"https:\/\/apuntesdesanluis.com\/index.php\/author\/apuntesdesanluis-com\/"}]}},"featured_image_urls":{"full":["https:\/\/apuntesdesanluis.com\/wp-content\/uploads\/2023\/09\/cornejo-y-demarchi.jpg",600,337,false],"thumbnail":["https:\/\/apuntesdesanluis.com\/wp-content\/uploads\/2023\/09\/cornejo-y-demarchi-150x150.jpg",150,150,true],"medium":["https:\/\/apuntesdesanluis.com\/wp-content\/uploads\/2023\/09\/cornejo-y-demarchi-300x169.jpg",300,169,true],"medium_large":["https:\/\/apuntesdesanluis.com\/wp-content\/uploads\/2023\/09\/cornejo-y-demarchi.jpg",600,337,false],"large":["https:\/\/apuntesdesanluis.com\/wp-content\/uploads\/2023\/09\/cornejo-y-demarchi.jpg",600,337,false],"1536x1536":["https:\/\/apuntesdesanluis.com\/wp-content\/uploads\/2023\/09\/cornejo-y-demarchi.jpg",600,337,false],"2048x2048":["https:\/\/apuntesdesanluis.com\/wp-content\/uploads\/2023\/09\/cornejo-y-demarchi.jpg",600,337,false],"newsever-slider-full":["https:\/\/apuntesdesanluis.com\/wp-content\/uploads\/2023\/09\/cornejo-y-demarchi.jpg",600,337,false],"newsever-featured":["https:\/\/apuntesdesanluis.com\/wp-content\/uploads\/2023\/09\/cornejo-y-demarchi.jpg",600,337,false],"newsever-medium":["https:\/\/apuntesdesanluis.com\/wp-content\/uploads\/2023\/09\/cornejo-y-demarchi.jpg",600,337,false]},"author_info":{"display_name":"apuntesdesanluis.com","author_link":"https:\/\/apuntesdesanluis.com\/index.php\/author\/apuntesdesanluis-com\/"},"category_info":"<a href=\"https:\/\/apuntesdesanluis.com\/index.php\/category\/nacionales-internacionales\/\" rel=\"category tag\">Nacionales\/Internacionales<\/a>","tag_info":"Nacionales\/Internacionales","comment_count":"0","_links":{"self":[{"href":"https:\/\/apuntesdesanluis.com\/index.php\/wp-json\/wp\/v2\/posts\/3701","targetHints":{"allow":["GET"]}}],"collection":[{"href":"https:\/\/apuntesdesanluis.com\/index.php\/wp-json\/wp\/v2\/posts"}],"about":[{"href":"https:\/\/apuntesdesanluis.com\/index.php\/wp-json\/wp\/v2\/types\/post"}],"author":[{"embeddable":true,"href":"https:\/\/apuntesdesanluis.com\/index.php\/wp-json\/wp\/v2\/users\/1"}],"replies":[{"embeddable":true,"href":"https:\/\/apuntesdesanluis.com\/index.php\/wp-json\/wp\/v2\/comments?post=3701"}],"version-history":[{"count":1,"href":"https:\/\/apuntesdesanluis.com\/index.php\/wp-json\/wp\/v2\/posts\/3701\/revisions"}],"predecessor-version":[{"id":3703,"href":"https:\/\/apuntesdesanluis.com\/index.php\/wp-json\/wp\/v2\/posts\/3701\/revisions\/3703"}],"wp:featuredmedia":[{"embeddable":true,"href":"https:\/\/apuntesdesanluis.com\/index.php\/wp-json\/wp\/v2\/media\/3702"}],"wp:attachment":[{"href":"https:\/\/apuntesdesanluis.com\/index.php\/wp-json\/wp\/v2\/media?parent=3701"}],"wp:term":[{"taxonomy":"category","embeddable":true,"href":"https:\/\/apuntesdesanluis.com\/index.php\/wp-json\/wp\/v2\/categories?post=3701"},{"taxonomy":"post_tag","embeddable":true,"href":"https:\/\/apuntesdesanluis.com\/index.php\/wp-json\/wp\/v2\/tags?post=3701"}],"curies":[{"name":"wp","href":"https:\/\/api.w.org\/{rel}","templated":true}]}}